{"id":18296,"date":"2015-11-13T09:00:05","date_gmt":"2015-11-13T08:00:05","guid":{"rendered":"https:\/\/www.gold.fr\/news\/?p=18296"},"modified":"2017-11-29T17:52:38","modified_gmt":"2017-11-29T16:52:38","slug":"marches-euro-une-fin-de-semaine-morose","status":"publish","type":"post","link":"https:\/\/www.gold.fr\/news\/2015\/11\/13\/marches-euro-une-fin-de-semaine-morose\/","title":{"rendered":"March\u00e9s euro : Une fin de semaine morose"},"content":{"rendered":"<p><span style=\"font-size: small;\"><img loading=\"lazy\" decoding=\"async\" class=\"alignleft size-thumbnail wp-image-7585\" title=\"March\u00e9s euro : Une fin de semaine morose\" src=\"https:\/\/www.gold.fr\/news\/wp-content\/uploads\/2012\/05\/or-monnaie-150x150.jpg\" alt=\"\" width=\"150\" height=\"150\" \/>La nouvelle vague d&rsquo;euphorie qui a travers\u00e9 les march\u00e9s am\u00e9ricains, durant la s\u00e9ance du mercredi, n&rsquo;aura pas tard\u00e9 \u00e0 s&rsquo;\u00e9tendre jusqu&rsquo;aux places boursi\u00e8res europ\u00e9ennes, prolongeant ainsi un ph\u00e9nom\u00e8ne de hausse dont les myst\u00e9rieuses origines continuent \u00e0 inqui\u00e9ter les experts.<\/span>    <span style=\"font-size: small;\">En tout cas, sur la Bourse de Paris, le rythme \u00e9tait tr\u00e8s r\u00e9duit, en raison du jour f\u00e9ri\u00e9 de comm\u00e9moration de l&rsquo;armistice du <strong>11 novembre 1918<\/strong>. Du coup m\u00eame les quelques \u00e9changes enregistr\u00e9s \u00e9taient aussi rares qu&rsquo;h\u00e9sitants, s&rsquo;inscrivant clairement dans la lign\u00e9e de la strat\u00e9gie de prudence que les op\u00e9rateurs (surtout europ\u00e9ens) semblent avoir adopt\u00e9e, depuis le d\u00e9but de la semaine. Beaucoup de questions continuent en effet \u00e0 entourer l&rsquo;\u00e9volution de la politique mon\u00e9taire de la r\u00e9serve f\u00e9d\u00e9rale am\u00e9ricaine. Un myst\u00e8re de plus en plus \u00e9pais qui ne manque pas de plomber des march\u00e9s anxieux de voir le fameux programme de soutien financier et mon\u00e9taire de l&rsquo;institution arriver \u00e0 un terme d\u00e9finitif.<\/span>    <span style=\"font-size: small;\">Bon nombre d&rsquo;experts ont soulign\u00e9 cet impact n\u00e9faste de la <strong>FED<\/strong> sur l&rsquo;ensemble des march\u00e9s d&rsquo;<a href='https:\/\/www.gold.fr\/news\/tags\/investissement' class='esk-seo-plu-link'>investissement<\/a>, \u00e0 l&rsquo;image de la banque fran\u00e7aise Natixis qui a pr\u00e9venu que \u00ab<em> la Fed doit \u00e9viter que sa politique ne devienne pro-cyclique et donc d\u00e9stabilisante<\/em> \u00bb, rappelant que \u00ab <em>\u00e0 titre de comparaison, le dernier cycle de hausse des taux avait d\u00e9but\u00e9 en juin 2004 alors que la mesure (&#8230;) du ch\u00f4mage qui corrige de la participation se situait \u00e0 6,6%, soit 0,4 point au-dessus du niveau actuel<\/em> \u00bb.<\/span><\/p>\n<!-- AddThis Advanced Settings generic via filter on the_content --><!-- AddThis Share Buttons generic via filter on the_content -->","protected":false},"excerpt":{"rendered":"<p>La nouvelle vague d&rsquo;euphorie qui a travers\u00e9 les march\u00e9s am\u00e9ricains, durant la s\u00e9ance du mercredi, n&rsquo;aura pas tard\u00e9 \u00e0 s&rsquo;\u00e9tendre jusqu&rsquo;aux places boursi\u00e8res europ\u00e9ennes, prolongeant ainsi un ph\u00e9nom\u00e8ne de hausse dont les myst\u00e9rieuses origines continuent \u00e0 [&hellip;]<\/p>\n","protected":false},"author":18,"featured_media":7585,"comment_status":"open","ping_status":"open","sticky":false,"template":"","format":"standard","meta":{"_mbp_gutenberg_autopost":false,"_pgmb_is_evergreen":false,"_pgmb_ap_template_id":0,"footnotes":""},"categories":[6],"tags":[1188,103,144,105],"ppma_author":[2565],"class_list":["post-18296","post","type-post","status-publish","format-standard","has-post-thumbnail","hentry","category-articles-de-presse","tag-bourse","tag-euro","tag-fed","tag-marche"],"yoast_head":"<!-- This site is optimized with the Yoast SEO plugin v27.5 - https:\/\/yoast.com\/product\/yoast-seo-wordpress\/ -->\n<title>March\u00e9s euro : Une fin de semaine morose - Gold.fr<\/title>\n<meta name=\"robots\" content=\"index, follow, max-snippet:-1, max-image-preview:large, max-video-preview:-1\" \/>\n<link rel=\"canonical\" href=\"https:\/\/www.gold.fr\/news\/2015\/11\/13\/marches-euro-une-fin-de-semaine-morose\/\" \/>\n<meta property=\"og:locale\" content=\"fr_FR\" \/>\n<meta property=\"og:type\" content=\"article\" \/>\n<meta property=\"og:title\" content=\"March\u00e9s euro : Une fin de semaine morose - Gold.fr\" \/>\n<meta property=\"og:description\" content=\"La nouvelle vague d&rsquo;euphorie qui a travers\u00e9 les march\u00e9s am\u00e9ricains, durant la s\u00e9ance du mercredi, n&rsquo;aura pas tard\u00e9 \u00e0 s&rsquo;\u00e9tendre jusqu&rsquo;aux places boursi\u00e8res europ\u00e9ennes, prolongeant ainsi un ph\u00e9nom\u00e8ne de hausse dont les myst\u00e9rieuses origines continuent \u00e0 [&hellip;]\" \/>\n<meta property=\"og:url\" content=\"https:\/\/www.gold.fr\/news\/2015\/11\/13\/marches-euro-une-fin-de-semaine-morose\/\" \/>\n<meta property=\"og:site_name\" content=\"Gold.fr\" \/>\n<meta property=\"article:publisher\" content=\"https:\/\/www.facebook.com\/Goldfr\/\" \/>\n<meta property=\"article:published_time\" content=\"2015-11-13T08:00:05+00:00\" \/>\n<meta property=\"article:modified_time\" content=\"2017-11-29T16:52:38+00:00\" \/>\n<meta property=\"og:image\" content=\"https:\/\/www.gold.fr\/news\/wp-content\/uploads\/2012\/05\/or-monnaie.jpg\" \/>\n\t<meta property=\"og:image:width\" content=\"733\" \/>\n\t<meta property=\"og:image:height\" content=\"400\" \/>\n\t<meta property=\"og:image:type\" content=\"image\/jpeg\" \/>\n<meta name=\"author\" content=\"Comptoir National de l&#039;Or\" \/>\n<meta name=\"twitter:card\" content=\"summary_large_image\" \/>\n<meta name=\"twitter:label1\" content=\"\u00c9crit par\" \/>\n\t<meta name=\"twitter:data1\" content=\"Comptoir National de l&#039;Or\" \/>\n\t<meta name=\"twitter:label2\" content=\"Dur\u00e9e de lecture estim\u00e9e\" \/>\n\t<meta name=\"twitter:data2\" content=\"1 minute\" \/>\n<script type=\"application\/ld+json\" class=\"yoast-schema-graph\">{\"@context\":\"https:\\\/\\\/schema.org\",\"@graph\":[{\"@type\":\"Article\",\"@id\":\"https:\\\/\\\/www.gold.fr\\\/news\\\/2015\\\/11\\\/13\\\/marches-euro-une-fin-de-semaine-morose\\\/#article\",\"isPartOf\":{\"@id\":\"https:\\\/\\\/www.gold.fr\\\/news\\\/2015\\\/11\\\/13\\\/marches-euro-une-fin-de-semaine-morose\\\/\"},\"author\":{\"name\":\"Comptoir National de l'Or\",\"@id\":\"https:\\\/\\\/www.gold.fr\\\/news\\\/#\\\/schema\\\/person\\\/070491b4b4fb7671bf59b3be20302ce9\"},\"headline\":\"March\u00e9s euro : Une fin de semaine morose\",\"datePublished\":\"2015-11-13T08:00:05+00:00\",\"dateModified\":\"2017-11-29T16:52:38+00:00\",\"mainEntityOfPage\":{\"@id\":\"https:\\\/\\\/www.gold.fr\\\/news\\\/2015\\\/11\\\/13\\\/marches-euro-une-fin-de-semaine-morose\\\/\"},\"wordCount\":278,\"commentCount\":0,\"image\":{\"@id\":\"https:\\\/\\\/www.gold.fr\\\/news\\\/2015\\\/11\\\/13\\\/marches-euro-une-fin-de-semaine-morose\\\/#primaryimage\"},\"thumbnailUrl\":\"https:\\\/\\\/www.gold.fr\\\/news\\\/wp-content\\\/uploads\\\/2012\\\/05\\\/or-monnaie.jpg\",\"keywords\":[\"bourse\",\"euro\",\"fed\",\"march\u00e9\"],\"articleSection\":[\"Articles de presse\"],\"inLanguage\":\"fr-FR\"},{\"@type\":\"WebPage\",\"@id\":\"https:\\\/\\\/www.gold.fr\\\/news\\\/2015\\\/11\\\/13\\\/marches-euro-une-fin-de-semaine-morose\\\/\",\"url\":\"https:\\\/\\\/www.gold.fr\\\/news\\\/2015\\\/11\\\/13\\\/marches-euro-une-fin-de-semaine-morose\\\/\",\"name\":\"March\u00e9s euro : Une fin de semaine morose - Gold.fr\",\"isPartOf\":{\"@id\":\"https:\\\/\\\/www.gold.fr\\\/news\\\/#website\"},\"primaryImageOfPage\":{\"@id\":\"https:\\\/\\\/www.gold.fr\\\/news\\\/2015\\\/11\\\/13\\\/marches-euro-une-fin-de-semaine-morose\\\/#primaryimage\"},\"image\":{\"@id\":\"https:\\\/\\\/www.gold.fr\\\/news\\\/2015\\\/11\\\/13\\\/marches-euro-une-fin-de-semaine-morose\\\/#primaryimage\"},\"thumbnailUrl\":\"https:\\\/\\\/www.gold.fr\\\/news\\\/wp-content\\\/uploads\\\/2012\\\/05\\\/or-monnaie.jpg\",\"datePublished\":\"2015-11-13T08:00:05+00:00\",\"dateModified\":\"2017-11-29T16:52:38+00:00\",\"author\":{\"@id\":\"https:\\\/\\\/www.gold.fr\\\/news\\\/#\\\/schema\\\/person\\\/070491b4b4fb7671bf59b3be20302ce9\"},\"breadcrumb\":{\"@id\":\"https:\\\/\\\/www.gold.fr\\\/news\\\/2015\\\/11\\\/13\\\/marches-euro-une-fin-de-semaine-morose\\\/#breadcrumb\"},\"inLanguage\":\"fr-FR\",\"potentialAction\":[{\"@type\":\"ReadAction\",\"target\":[\"https:\\\/\\\/www.gold.fr\\\/news\\\/2015\\\/11\\\/13\\\/marches-euro-une-fin-de-semaine-morose\\\/\"]}]},{\"@type\":\"ImageObject\",\"inLanguage\":\"fr-FR\",\"@id\":\"https:\\\/\\\/www.gold.fr\\\/news\\\/2015\\\/11\\\/13\\\/marches-euro-une-fin-de-semaine-morose\\\/#primaryimage\",\"url\":\"https:\\\/\\\/www.gold.fr\\\/news\\\/wp-content\\\/uploads\\\/2012\\\/05\\\/or-monnaie.jpg\",\"contentUrl\":\"https:\\\/\\\/www.gold.fr\\\/news\\\/wp-content\\\/uploads\\\/2012\\\/05\\\/or-monnaie.jpg\",\"width\":\"733\",\"height\":\"400\",\"caption\":\"March\u00e9s : En mode \u2018gestion de secousses\u2019\"},{\"@type\":\"BreadcrumbList\",\"@id\":\"https:\\\/\\\/www.gold.fr\\\/news\\\/2015\\\/11\\\/13\\\/marches-euro-une-fin-de-semaine-morose\\\/#breadcrumb\",\"itemListElement\":[{\"@type\":\"ListItem\",\"position\":1,\"name\":\"Accueil\",\"item\":\"https:\\\/\\\/www.gold.fr\\\/\"},{\"@type\":\"ListItem\",\"position\":2,\"name\":\"Actualit\u00e9s\",\"item\":\"https:\\\/\\\/www.gold.fr\\\/news\\\/\"},{\"@type\":\"ListItem\",\"position\":3,\"name\":\"March\u00e9s euro : Une fin de semaine morose\"}]},{\"@type\":\"WebSite\",\"@id\":\"https:\\\/\\\/www.gold.fr\\\/news\\\/#website\",\"url\":\"https:\\\/\\\/www.gold.fr\\\/news\\\/\",\"name\":\"Gold.fr\",\"description\":\"Actualit\u00e9s de l&#039;Or et des m\u00e9taux pr\u00e9cieux\",\"potentialAction\":[{\"@type\":\"SearchAction\",\"target\":{\"@type\":\"EntryPoint\",\"urlTemplate\":\"https:\\\/\\\/www.gold.fr\\\/news\\\/?s={search_term_string}\"},\"query-input\":{\"@type\":\"PropertyValueSpecification\",\"valueRequired\":true,\"valueName\":\"search_term_string\"}}],\"inLanguage\":\"fr-FR\"},{\"@type\":\"Person\",\"@id\":\"https:\\\/\\\/www.gold.fr\\\/news\\\/#\\\/schema\\\/person\\\/070491b4b4fb7671bf59b3be20302ce9\",\"name\":\"Comptoir National de l'Or\",\"image\":{\"@type\":\"ImageObject\",\"inLanguage\":\"fr-FR\",\"@id\":\"https:\\\/\\\/secure.gravatar.com\\\/avatar\\\/0a2867fd5abe37bed95d5a65e9d58f01756e11efc68af9888dfc50cfa7f65948?s=96&d=mm&r=gb490554db0a38188709de567aa58480d\",\"url\":\"https:\\\/\\\/secure.gravatar.com\\\/avatar\\\/0a2867fd5abe37bed95d5a65e9d58f01756e11efc68af9888dfc50cfa7f65948?s=96&d=mm&r=g\",\"contentUrl\":\"https:\\\/\\\/secure.gravatar.com\\\/avatar\\\/0a2867fd5abe37bed95d5a65e9d58f01756e11efc68af9888dfc50cfa7f65948?s=96&d=mm&r=g\",\"caption\":\"Comptoir National de l'Or\"},\"description\":\"Notre r\u00e9daction est constitu\u00e9e de membres experts dans les m\u00e9tiers de l'\u00e9conomie et la gestion, des Responsables d'agence Comptoir National de l'Or, des analystes financiers qui publient r\u00e9guli\u00e8rement des \u00e9tudes sur les politiques des banques centrales, le cours de l'or, prix de l'or, cours de l'argent, prix de l'argent, cours du platine, cours du palladium,... la situation en zone euro et l'impact de la strat\u00e9gie mon\u00e9taire de la FED. Notre \u00e9quipe scrute \u00e9galement une information plus g\u00e9n\u00e9raliste \u00e0 la recherche d'actualit\u00e9 \\\"p\u00e9pite\\\" \u00e0 vous partager. Depuis 5 ans, nous avons publi\u00e9 un peu plus de 4000 articles qui s'adressent \u00e0 un public large et vari\u00e9 ayant pour objectif de satisfaire votre curiosit\u00e9 et de partager avec vous une certaine fascination pour le m\u00e9tal jaune, le rachat d'or, et pour ceux qui veulent investir dans l'or, vendre leur or tout simplement en savoir plus... Pour tous vos achat or et argent, n'h\u00e9sitez pas \u00e0 prendre rendez-vous dans l'un de nos nombreux comptoirs.\",\"sameAs\":[\"https:\\\/\\\/www.gold.fr\"]}]}<\/script>\n<!-- \/ Yoast SEO plugin. -->","yoast_head_json":{"title":"March\u00e9s euro : Une fin de semaine morose - Gold.fr","robots":{"index":"index","follow":"follow","max-snippet":"max-snippet:-1","max-image-preview":"max-image-preview:large","max-video-preview":"max-video-preview:-1"},"canonical":"https:\/\/www.gold.fr\/news\/2015\/11\/13\/marches-euro-une-fin-de-semaine-morose\/","og_locale":"fr_FR","og_type":"article","og_title":"March\u00e9s euro : Une fin de semaine morose - Gold.fr","og_description":"La nouvelle vague d&rsquo;euphorie qui a travers\u00e9 les march\u00e9s am\u00e9ricains, durant la s\u00e9ance du mercredi, n&rsquo;aura pas tard\u00e9 \u00e0 s&rsquo;\u00e9tendre jusqu&rsquo;aux places boursi\u00e8res europ\u00e9ennes, prolongeant ainsi un ph\u00e9nom\u00e8ne de hausse dont les myst\u00e9rieuses origines continuent \u00e0 [&hellip;]","og_url":"https:\/\/www.gold.fr\/news\/2015\/11\/13\/marches-euro-une-fin-de-semaine-morose\/","og_site_name":"Gold.fr","article_publisher":"https:\/\/www.facebook.com\/Goldfr\/","article_published_time":"2015-11-13T08:00:05+00:00","article_modified_time":"2017-11-29T16:52:38+00:00","og_image":[{"width":733,"height":400,"url":"https:\/\/www.gold.fr\/news\/wp-content\/uploads\/2012\/05\/or-monnaie.jpg","type":"image\/jpeg"}],"author":"Comptoir National de l'Or","twitter_card":"summary_large_image","twitter_misc":{"\u00c9crit par":"Comptoir National de l'Or","Dur\u00e9e de lecture estim\u00e9e":"1 minute"},"schema":{"@context":"https:\/\/schema.org","@graph":[{"@type":"Article","@id":"https:\/\/www.gold.fr\/news\/2015\/11\/13\/marches-euro-une-fin-de-semaine-morose\/#article","isPartOf":{"@id":"https:\/\/www.gold.fr\/news\/2015\/11\/13\/marches-euro-une-fin-de-semaine-morose\/"},"author":{"name":"Comptoir National de l'Or","@id":"https:\/\/www.gold.fr\/news\/#\/schema\/person\/070491b4b4fb7671bf59b3be20302ce9"},"headline":"March\u00e9s euro : Une fin de semaine morose","datePublished":"2015-11-13T08:00:05+00:00","dateModified":"2017-11-29T16:52:38+00:00","mainEntityOfPage":{"@id":"https:\/\/www.gold.fr\/news\/2015\/11\/13\/marches-euro-une-fin-de-semaine-morose\/"},"wordCount":278,"commentCount":0,"image":{"@id":"https:\/\/www.gold.fr\/news\/2015\/11\/13\/marches-euro-une-fin-de-semaine-morose\/#primaryimage"},"thumbnailUrl":"https:\/\/www.gold.fr\/news\/wp-content\/uploads\/2012\/05\/or-monnaie.jpg","keywords":["bourse","euro","fed","march\u00e9"],"articleSection":["Articles de presse"],"inLanguage":"fr-FR"},{"@type":"WebPage","@id":"https:\/\/www.gold.fr\/news\/2015\/11\/13\/marches-euro-une-fin-de-semaine-morose\/","url":"https:\/\/www.gold.fr\/news\/2015\/11\/13\/marches-euro-une-fin-de-semaine-morose\/","name":"March\u00e9s euro : Une fin de semaine morose - Gold.fr","isPartOf":{"@id":"https:\/\/www.gold.fr\/news\/#website"},"primaryImageOfPage":{"@id":"https:\/\/www.gold.fr\/news\/2015\/11\/13\/marches-euro-une-fin-de-semaine-morose\/#primaryimage"},"image":{"@id":"https:\/\/www.gold.fr\/news\/2015\/11\/13\/marches-euro-une-fin-de-semaine-morose\/#primaryimage"},"thumbnailUrl":"https:\/\/www.gold.fr\/news\/wp-content\/uploads\/2012\/05\/or-monnaie.jpg","datePublished":"2015-11-13T08:00:05+00:00","dateModified":"2017-11-29T16:52:38+00:00","author":{"@id":"https:\/\/www.gold.fr\/news\/#\/schema\/person\/070491b4b4fb7671bf59b3be20302ce9"},"breadcrumb":{"@id":"https:\/\/www.gold.fr\/news\/2015\/11\/13\/marches-euro-une-fin-de-semaine-morose\/#breadcrumb"},"inLanguage":"fr-FR","potentialAction":[{"@type":"ReadAction","target":["https:\/\/www.gold.fr\/news\/2015\/11\/13\/marches-euro-une-fin-de-semaine-morose\/"]}]},{"@type":"ImageObject","inLanguage":"fr-FR","@id":"https:\/\/www.gold.fr\/news\/2015\/11\/13\/marches-euro-une-fin-de-semaine-morose\/#primaryimage","url":"https:\/\/www.gold.fr\/news\/wp-content\/uploads\/2012\/05\/or-monnaie.jpg","contentUrl":"https:\/\/www.gold.fr\/news\/wp-content\/uploads\/2012\/05\/or-monnaie.jpg","width":"733","height":"400","caption":"March\u00e9s : En mode \u2018gestion de secousses\u2019"},{"@type":"BreadcrumbList","@id":"https:\/\/www.gold.fr\/news\/2015\/11\/13\/marches-euro-une-fin-de-semaine-morose\/#breadcrumb","itemListElement":[{"@type":"ListItem","position":1,"name":"Accueil","item":"https:\/\/www.gold.fr\/"},{"@type":"ListItem","position":2,"name":"Actualit\u00e9s","item":"https:\/\/www.gold.fr\/news\/"},{"@type":"ListItem","position":3,"name":"March\u00e9s euro : Une fin de semaine morose"}]},{"@type":"WebSite","@id":"https:\/\/www.gold.fr\/news\/#website","url":"https:\/\/www.gold.fr\/news\/","name":"Gold.fr","description":"Actualit\u00e9s de l&#039;Or et des m\u00e9taux pr\u00e9cieux","potentialAction":[{"@type":"SearchAction","target":{"@type":"EntryPoint","urlTemplate":"https:\/\/www.gold.fr\/news\/?s={search_term_string}"},"query-input":{"@type":"PropertyValueSpecification","valueRequired":true,"valueName":"search_term_string"}}],"inLanguage":"fr-FR"},{"@type":"Person","@id":"https:\/\/www.gold.fr\/news\/#\/schema\/person\/070491b4b4fb7671bf59b3be20302ce9","name":"Comptoir National de l'Or","image":{"@type":"ImageObject","inLanguage":"fr-FR","@id":"https:\/\/secure.gravatar.com\/avatar\/0a2867fd5abe37bed95d5a65e9d58f01756e11efc68af9888dfc50cfa7f65948?s=96&d=mm&r=gb490554db0a38188709de567aa58480d","url":"https:\/\/secure.gravatar.com\/avatar\/0a2867fd5abe37bed95d5a65e9d58f01756e11efc68af9888dfc50cfa7f65948?s=96&d=mm&r=g","contentUrl":"https:\/\/secure.gravatar.com\/avatar\/0a2867fd5abe37bed95d5a65e9d58f01756e11efc68af9888dfc50cfa7f65948?s=96&d=mm&r=g","caption":"Comptoir National de l'Or"},"description":"Notre r\u00e9daction est constitu\u00e9e de membres experts dans les m\u00e9tiers de l'\u00e9conomie et la gestion, des Responsables d'agence Comptoir National de l'Or, des analystes financiers qui publient r\u00e9guli\u00e8rement des \u00e9tudes sur les politiques des banques centrales, le cours de l'or, prix de l'or, cours de l'argent, prix de l'argent, cours du platine, cours du palladium,... la situation en zone euro et l'impact de la strat\u00e9gie mon\u00e9taire de la FED. Notre \u00e9quipe scrute \u00e9galement une information plus g\u00e9n\u00e9raliste \u00e0 la recherche d'actualit\u00e9 \"p\u00e9pite\" \u00e0 vous partager. Depuis 5 ans, nous avons publi\u00e9 un peu plus de 4000 articles qui s'adressent \u00e0 un public large et vari\u00e9 ayant pour objectif de satisfaire votre curiosit\u00e9 et de partager avec vous une certaine fascination pour le m\u00e9tal jaune, le rachat d'or, et pour ceux qui veulent investir dans l'or, vendre leur or tout simplement en savoir plus... Pour tous vos achat or et argent, n'h\u00e9sitez pas \u00e0 prendre rendez-vous dans l'un de nos nombreux comptoirs.","sameAs":["https:\/\/www.gold.fr"]}]}},"authors":[{"term_id":2565,"user_id":18,"is_guest":0,"slug":"julie","display_name":"Comptoir National de l'Or","avatar_url":"https:\/\/secure.gravatar.com\/avatar\/713f289e398d35ead876c4a4cc08607f0d6d266058cfc25683fffb6092d0e572?s=96&d=mm&r=g","0":null,"1":"","2":"","3":"","4":"","5":"","6":"","7":"","8":""}],"_links":{"self":[{"href":"https:\/\/www.gold.fr\/news\/wp-json\/wp\/v2\/posts\/18296","targetHints":{"allow":["GET"]}}],"collection":[{"href":"https:\/\/www.gold.fr\/news\/wp-json\/wp\/v2\/posts"}],"about":[{"href":"https:\/\/www.gold.fr\/news\/wp-json\/wp\/v2\/types\/post"}],"author":[{"embeddable":true,"href":"https:\/\/www.gold.fr\/news\/wp-json\/wp\/v2\/users\/18"}],"replies":[{"embeddable":true,"href":"https:\/\/www.gold.fr\/news\/wp-json\/wp\/v2\/comments?post=18296"}],"version-history":[{"count":0,"href":"https:\/\/www.gold.fr\/news\/wp-json\/wp\/v2\/posts\/18296\/revisions"}],"wp:featuredmedia":[{"embeddable":true,"href":"https:\/\/www.gold.fr\/news\/wp-json\/wp\/v2\/media\/7585"}],"wp:attachment":[{"href":"https:\/\/www.gold.fr\/news\/wp-json\/wp\/v2\/media?parent=18296"}],"wp:term":[{"taxonomy":"category","embeddable":true,"href":"https:\/\/www.gold.fr\/news\/wp-json\/wp\/v2\/categories?post=18296"},{"taxonomy":"post_tag","embeddable":true,"href":"https:\/\/www.gold.fr\/news\/wp-json\/wp\/v2\/tags?post=18296"},{"taxonomy":"author","embeddable":true,"href":"https:\/\/www.gold.fr\/news\/wp-json\/wp\/v2\/ppma_author?post=18296"}],"curies":[{"name":"wp","href":"https:\/\/api.w.org\/{rel}","templated":true}]}}