{"id":1827,"date":"2011-04-21T06:46:11","date_gmt":"2011-04-21T04:46:11","guid":{"rendered":"https:\/\/www.gold.fr\/informations-sur-l-or\/articles-de-presse\/pensez-a-recycler-votre-or-0"},"modified":"2021-01-14T16:31:48","modified_gmt":"2021-01-14T15:31:48","slug":"pensez-a-recycler-votre-or","status":"publish","type":"post","link":"https:\/\/www.gold.fr\/news\/2011\/04\/21\/pensez-a-recycler-votre-or\/","title":{"rendered":"Pensez \u00e0 recycler votre or"},"content":{"rendered":"<p style=\"text-align: justify;\"><span style=\"font-family: georgia, palatino; font-size: medium;\"><img class=\"aligncenter size-thumbnail wp-image-6912\" style=\"float: left; margin: 5px; border: 1px solid black;\" title=\"or-recyclage\" src=\"https:\/\/www.gold.fr\/news\/wp-content\/uploads\/2012\/04\/or-recyclage-150x150.jpg\" alt=\"\" width=\"150\" height=\"150\" \/>Durant des si\u00e8cles, (4 000 ans avant J\u00e9sus-Christ) on estime que l'Homme a pr\u00e9lev\u00e9 environ <strong>160 millions de kilogrammes d'<a class=\"esk-seo-plu-link\" href=\"https:\/\/www.gold.fr\/news\/tags\/or\">or<\/a><\/strong> au fil du temps. Seulement, contrairement aux id\u00e9es re\u00e7ues, saviez-vous que plus de la moiti\u00e9 de cet <a class=\"esk-seo-plu-link\" href=\"https:\/\/www.gold.fr\/news\/tags\/or\">or<\/a> est port\u00e9e par la population ?<\/span><\/p>\r\n<p style=\"text-align: justify;\"><span style=\"font-family: georgia, palatino; font-size: medium;\">En effet, plus de <strong>la moiti\u00e9 de l'<a class=\"esk-seo-plu-link\" href=\"https:\/\/www.gold.fr\/news\/tags\/or\">Or<\/a> actuel l'est sous forme de bijoux<\/strong> ! Cela repr\u00e9sente \u00e0 peu pr\u00e8s 83 millions de kilogrammes, soit pr\u00e8s de 13 grammes de bijou par habitant sur toute la plan\u00e8te. Sur le march\u00e9 de Londres, cela \u00e9quivaut \u00e0 plus de 350 euros par habitant !<\/span><\/p>\r\n<p style=\"text-align: justify;\"><span style=\"font-family: georgia, palatino; font-size: medium;\">Recycler ses bijoux cass\u00e9s, inutilis\u00e9s ou dormant depuis plusieurs ann\u00e9es au fond d'un tiroir permettrait ainsi d'approvisionner la fabrication pendant pr\u00e8s d'un demi-si\u00e8cle sans refondre deux fois le m\u00eame joyau.<\/span><\/p>\r\n<p style=\"text-align: justify;\"><span style=\"font-family: georgia, palatino; font-size: medium;\">Il existe pour cela des sp\u00e9cialiste qui apr\u00e8s \u00e9valuation, rach\u00e8tent tout produit \u00e0 base d'<a class=\"esk-seo-plu-link\" href=\"https:\/\/www.gold.fr\/news\/tags\/or\">or<\/a> tels que les bijoux, <a class=\"esk-seo-plu-link\" href=\"https:\/\/www.gold.fr\/news\/tags\/monnaie-de-paris\">pi\u00e8ces<\/a>, accessoires, d\u00e9bris de couronnes dentaires... Apr\u00e8s plusieurs \u00e9tapes (affinage et recyclage) le pr\u00e9cieux m\u00e9tal est revendu \u00e0 l'industrie bijouti\u00e8re fran\u00e7aise.<\/span><\/p>\r\n<p style=\"text-align: justify;\"><span style=\"font-family: georgia, palatino; font-size: medium;\">Surtout que le recyclage rev\u00eat pas mal d'avantages :<\/span><\/p>\r\n\r\n<ul style=\"text-align: justify;\">\r\n \t<li><span style=\"font-family: georgia, palatino; font-size: medium;\">Primo, il permet la banalisation de la tra\u00e7abilit\u00e9 des bijoux en <a class=\"esk-seo-plu-link\" href=\"https:\/\/www.gold.fr\/news\/tags\/or\">or<\/a>.<\/span><\/li>\r\n \t<li><span style=\"font-family: georgia, palatino; font-size: medium;\">Secundo, il aide \u00e0 lutter contre l'orpaillage ill\u00e9gal <\/span><\/li>\r\n \t<li><span style=\"font-family: georgia, palatino; font-size: medium;\">Tertio, il permet de r\u00e9duire significativement les \u00e9missions de l'industrie mini\u00e8re aurif\u00e8re.<\/span><\/li>\r\n<\/ul>\r\n<p style=\"text-align: justify;\"><span style=\"font-family: georgia, palatino; font-size: medium;\">L'agence d'achat d'<a class=\"esk-seo-plu-link\" href=\"https:\/\/www.gold.fr\/news\/tags\/or\">or<\/a> de Nice, situ\u00e9e au 54 rue gioffredo en face du Cr\u00e9dit Municipal nous pr\u00e9cise en effet : <em>\"Ici \u00e0 Nice, le taux moyen d'<a class=\"esk-seo-plu-link\" href=\"https:\/\/www.gold.fr\/news\/tags\/or\">or<\/a> d\u00e9tenu par chaque ni\u00e7ois est bien plus \u00e9lev\u00e9. La population se d\u00e9fait plus facilement de son <a class=\"esk-seo-plu-link\" href=\"https:\/\/www.gold.fr\/news\/tags\/or\">or<\/a>, et on estime \u00e0 plus de 50 gramme le panier d'<a class=\"esk-seo-plu-link\" href=\"https:\/\/www.gold.fr\/news\/tags\/or\">or<\/a> moyen d\u00e9tenu par habitant. C'est au dessus de la moyenne fran\u00e7aise qui tourne autour de 30-40 grammes d'<a class=\"esk-seo-plu-link\" href=\"https:\/\/www.gold.fr\/news\/tags\/or\">or<\/a>...\".<\/em><\/span><\/p>","protected":false},"excerpt":{"rendered":"<p>Durant des si&egrave;cles, (4 000 ans avant J&eacute;sus-Christ) on estime que l&rsquo;Homme a pr&eacute;lev&eacute; environ 160 millions de kilogrammes d&rsquo;or au fil du temps. Seulement, contrairement aux id&eacute;es re&ccedil;ues, saviez-vous que plus&#8230;<\/p>\n","protected":false},"author":6,"featured_media":6912,"comment_status":"closed","ping_status":"closed","sticky":false,"template":"","format":"standard","meta":{"_mbp_gutenberg_autopost":false,"_pgmb_is_evergreen":false,"_pgmb_ap_template_id":0,"footnotes":""},"categories":[6],"tags":[76,446,431],"ppma_author":[2567],"class_list":["post-1827","post","type-post","status-publish","format-standard","has-post-thumbnail","hentry","category-articles-de-presse","tag-or","tag-or-eco-recyclable","tag-recyclage-or"],"yoast_head":"<!-- This site is optimized with the Yoast SEO plugin v27.5 - https:\/\/yoast.com\/product\/yoast-seo-wordpress\/ -->\n<title>Pensez \u00e0 recycler votre or De nombreux avantages \u00e0 la cl\u00e9<\/title>\n<meta name=\"description\" content=\"Pensez \u00e0 recycler votre or. Permet la banalisation de la tra\u00e7abilit\u00e9 des bijoux en or, lutte contre l&#039;orpaillage ill\u00e9gal; etc.\" \/>\n<meta name=\"robots\" content=\"index, follow, max-snippet:-1, max-image-preview:large, max-video-preview:-1\" \/>\n<link rel=\"canonical\" href=\"https:\/\/www.gold.fr\/news\/2011\/04\/21\/pensez-a-recycler-votre-or\/\" \/>\n<meta property=\"og:locale\" content=\"fr_FR\" \/>\n<meta property=\"og:type\" content=\"article\" \/>\n<meta property=\"og:title\" content=\"Pensez \u00e0 recycler votre or De nombreux avantages \u00e0 la cl\u00e9\" \/>\n<meta property=\"og:description\" content=\"Pensez \u00e0 recycler votre or. Permet la banalisation de la tra\u00e7abilit\u00e9 des bijoux en or, lutte contre l&#039;orpaillage ill\u00e9gal; etc.\" \/>\n<meta property=\"og:url\" content=\"https:\/\/www.gold.fr\/news\/2011\/04\/21\/pensez-a-recycler-votre-or\/\" \/>\n<meta property=\"og:site_name\" content=\"Gold.fr\" \/>\n<meta property=\"article:publisher\" content=\"https:\/\/www.facebook.com\/Goldfr\/\" \/>\n<meta property=\"article:published_time\" content=\"2011-04-21T04:46:11+00:00\" \/>\n<meta property=\"article:modified_time\" content=\"2021-01-14T15:31:48+00:00\" \/>\n<meta property=\"og:image\" content=\"https:\/\/www.gold.fr\/news\/wp-content\/uploads\/2012\/04\/or-recyclage.jpg\" \/>\n\t<meta property=\"og:image:width\" content=\"600\" \/>\n\t<meta property=\"og:image:height\" content=\"543\" \/>\n\t<meta property=\"og:image:type\" content=\"image\/jpeg\" \/>\n<meta name=\"author\" content=\"Laurent Schwartz\" \/>\n<meta name=\"twitter:card\" content=\"summary_large_image\" \/>\n<meta name=\"twitter:label1\" content=\"\u00c9crit par\" \/>\n\t<meta name=\"twitter:data1\" content=\"Laurent Schwartz\" \/>\n\t<meta name=\"twitter:label2\" content=\"Dur\u00e9e de lecture estim\u00e9e\" \/>\n\t<meta name=\"twitter:data2\" content=\"2 minutes\" \/>\n<script type=\"application\/ld+json\" class=\"yoast-schema-graph\">{\"@context\":\"https:\\\/\\\/schema.org\",\"@graph\":[{\"@type\":\"Article\",\"@id\":\"https:\\\/\\\/www.gold.fr\\\/news\\\/2011\\\/04\\\/21\\\/pensez-a-recycler-votre-or\\\/#article\",\"isPartOf\":{\"@id\":\"https:\\\/\\\/www.gold.fr\\\/news\\\/2011\\\/04\\\/21\\\/pensez-a-recycler-votre-or\\\/\"},\"author\":{\"name\":\"Laurent Schwartz\",\"@id\":\"https:\\\/\\\/www.gold.fr\\\/news\\\/#\\\/schema\\\/person\\\/4ed91d9a70d8f3a313c26e8308214fc2\"},\"headline\":\"Pensez \u00e0 recycler votre or\",\"datePublished\":\"2011-04-21T04:46:11+00:00\",\"dateModified\":\"2021-01-14T15:31:48+00:00\",\"mainEntityOfPage\":{\"@id\":\"https:\\\/\\\/www.gold.fr\\\/news\\\/2011\\\/04\\\/21\\\/pensez-a-recycler-votre-or\\\/\"},\"wordCount\":323,\"image\":{\"@id\":\"https:\\\/\\\/www.gold.fr\\\/news\\\/2011\\\/04\\\/21\\\/pensez-a-recycler-votre-or\\\/#primaryimage\"},\"thumbnailUrl\":\"https:\\\/\\\/www.gold.fr\\\/news\\\/wp-content\\\/uploads\\\/2012\\\/04\\\/or-recyclage.jpg\",\"keywords\":[\"Or\",\"or eco recyclable\",\"recyclage or\"],\"articleSection\":[\"Articles de presse\"],\"inLanguage\":\"fr-FR\"},{\"@type\":\"WebPage\",\"@id\":\"https:\\\/\\\/www.gold.fr\\\/news\\\/2011\\\/04\\\/21\\\/pensez-a-recycler-votre-or\\\/\",\"url\":\"https:\\\/\\\/www.gold.fr\\\/news\\\/2011\\\/04\\\/21\\\/pensez-a-recycler-votre-or\\\/\",\"name\":\"Pensez \u00e0 recycler votre or De nombreux avantages \u00e0 la cl\u00e9\",\"isPartOf\":{\"@id\":\"https:\\\/\\\/www.gold.fr\\\/news\\\/#website\"},\"primaryImageOfPage\":{\"@id\":\"https:\\\/\\\/www.gold.fr\\\/news\\\/2011\\\/04\\\/21\\\/pensez-a-recycler-votre-or\\\/#primaryimage\"},\"image\":{\"@id\":\"https:\\\/\\\/www.gold.fr\\\/news\\\/2011\\\/04\\\/21\\\/pensez-a-recycler-votre-or\\\/#primaryimage\"},\"thumbnailUrl\":\"https:\\\/\\\/www.gold.fr\\\/news\\\/wp-content\\\/uploads\\\/2012\\\/04\\\/or-recyclage.jpg\",\"datePublished\":\"2011-04-21T04:46:11+00:00\",\"dateModified\":\"2021-01-14T15:31:48+00:00\",\"author\":{\"@id\":\"https:\\\/\\\/www.gold.fr\\\/news\\\/#\\\/schema\\\/person\\\/4ed91d9a70d8f3a313c26e8308214fc2\"},\"description\":\"Pensez \u00e0 recycler votre or. Permet la banalisation de la tra\u00e7abilit\u00e9 des bijoux en or, lutte contre l'orpaillage ill\u00e9gal; etc.\",\"breadcrumb\":{\"@id\":\"https:\\\/\\\/www.gold.fr\\\/news\\\/2011\\\/04\\\/21\\\/pensez-a-recycler-votre-or\\\/#breadcrumb\"},\"inLanguage\":\"fr-FR\",\"potentialAction\":[{\"@type\":\"ReadAction\",\"target\":[\"https:\\\/\\\/www.gold.fr\\\/news\\\/2011\\\/04\\\/21\\\/pensez-a-recycler-votre-or\\\/\"]}]},{\"@type\":\"ImageObject\",\"inLanguage\":\"fr-FR\",\"@id\":\"https:\\\/\\\/www.gold.fr\\\/news\\\/2011\\\/04\\\/21\\\/pensez-a-recycler-votre-or\\\/#primaryimage\",\"url\":\"https:\\\/\\\/www.gold.fr\\\/news\\\/wp-content\\\/uploads\\\/2012\\\/04\\\/or-recyclage.jpg\",\"contentUrl\":\"https:\\\/\\\/www.gold.fr\\\/news\\\/wp-content\\\/uploads\\\/2012\\\/04\\\/or-recyclage.jpg\",\"width\":\"600\",\"height\":\"543\",\"caption\":\"or-recyclage\"},{\"@type\":\"BreadcrumbList\",\"@id\":\"https:\\\/\\\/www.gold.fr\\\/news\\\/2011\\\/04\\\/21\\\/pensez-a-recycler-votre-or\\\/#breadcrumb\",\"itemListElement\":[{\"@type\":\"ListItem\",\"position\":1,\"name\":\"Accueil\",\"item\":\"https:\\\/\\\/www.gold.fr\\\/\"},{\"@type\":\"ListItem\",\"position\":2,\"name\":\"Actualit\u00e9s\",\"item\":\"https:\\\/\\\/www.gold.fr\\\/news\\\/\"},{\"@type\":\"ListItem\",\"position\":3,\"name\":\"Pensez \u00e0 recycler votre or\"}]},{\"@type\":\"WebSite\",\"@id\":\"https:\\\/\\\/www.gold.fr\\\/news\\\/#website\",\"url\":\"https:\\\/\\\/www.gold.fr\\\/news\\\/\",\"name\":\"Gold.fr\",\"description\":\"Actualit\u00e9s de l&#039;Or et des m\u00e9taux pr\u00e9cieux\",\"potentialAction\":[{\"@type\":\"SearchAction\",\"target\":{\"@type\":\"EntryPoint\",\"urlTemplate\":\"https:\\\/\\\/www.gold.fr\\\/news\\\/?s={search_term_string}\"},\"query-input\":{\"@type\":\"PropertyValueSpecification\",\"valueRequired\":true,\"valueName\":\"search_term_string\"}}],\"inLanguage\":\"fr-FR\"},{\"@type\":\"Person\",\"@id\":\"https:\\\/\\\/www.gold.fr\\\/news\\\/#\\\/schema\\\/person\\\/4ed91d9a70d8f3a313c26e8308214fc2\",\"name\":\"Laurent Schwartz\",\"image\":{\"@type\":\"ImageObject\",\"inLanguage\":\"fr-FR\",\"@id\":\"https:\\\/\\\/secure.gravatar.com\\\/avatar\\\/1496f846049365121827f5470219486f1a95f83957cc8ca0a9595e40c185f5ee?s=96&d=mm&r=g76f0e87c9ba82a161860a0fc16990d85\",\"url\":\"https:\\\/\\\/secure.gravatar.com\\\/avatar\\\/1496f846049365121827f5470219486f1a95f83957cc8ca0a9595e40c185f5ee?s=96&d=mm&r=g\",\"contentUrl\":\"https:\\\/\\\/secure.gravatar.com\\\/avatar\\\/1496f846049365121827f5470219486f1a95f83957cc8ca0a9595e40c185f5ee?s=96&d=mm&r=g\",\"caption\":\"Laurent Schwartz\"},\"description\":\"Dipl\u00f4m\u00e9 de l\u2019EDHEC Business School en 2005, Laurent SCHWARTZ int\u00e8gre le cabinet d\u2019audit ERNST &amp; YOUNG en 2005 o\u00f9 il travaille pendant 4 ans. Parall\u00e8lement, il travaille au sein de l\u2019entreprise familiale cr\u00e9\u00e9e en 1976 \u00e0 Strasbourg. Fort de cette exp\u00e9rience et du savoir-faire d\u00e9velopp\u00e9 durant ces 40 derni\u00e8res ann\u00e9es, Laurent proc\u00e8de \u00e0 la refonte du site Internet Gold.fr d\u00e9di\u00e9 \u00e0 l\u2019achat d'or, vente d\u2019or (pi\u00e8ces, lingots, ...), achat or et argent,... qui conna\u00eetra un franc succ\u00e8s d\u00e8s son d\u00e9marrage en 2008. Il d\u00e9cide alors de d\u00e9velopper un r\u00e9seau de concessions exclusives: Le Comptoir National de l\u2019Or. Il assure d\u00e9sormais le pilotage strat\u00e9gique du 1er r\u00e9seau de France qui compte aujourd\u2019hui pas loin de 60 agences r\u00e9parties dans toute la France et depuis peu en Allemagne (Breisach). Le Comptoir National de l\u2019Or se positionne aujourd\u2019hui comme le leader incontournable sur le march\u00e9 de l\u2019Or et des m\u00e9taux pr\u00e9cieux en France.\",\"sameAs\":[\"https:\\\/\\\/www.gold.fr\",\"https:\\\/\\\/www.linkedin.com\\\/in\\\/acheteror\\\/\"]}]}<\/script>\n<!-- \/ Yoast SEO plugin. -->","yoast_head_json":{"title":"Pensez \u00e0 recycler votre or De nombreux avantages \u00e0 la cl\u00e9","description":"Pensez \u00e0 recycler votre or. Permet la banalisation de la tra\u00e7abilit\u00e9 des bijoux en or, lutte contre l'orpaillage ill\u00e9gal; etc.","robots":{"index":"index","follow":"follow","max-snippet":"max-snippet:-1","max-image-preview":"max-image-preview:large","max-video-preview":"max-video-preview:-1"},"canonical":"https:\/\/www.gold.fr\/news\/2011\/04\/21\/pensez-a-recycler-votre-or\/","og_locale":"fr_FR","og_type":"article","og_title":"Pensez \u00e0 recycler votre or De nombreux avantages \u00e0 la cl\u00e9","og_description":"Pensez \u00e0 recycler votre or. Permet la banalisation de la tra\u00e7abilit\u00e9 des bijoux en or, lutte contre l'orpaillage ill\u00e9gal; etc.","og_url":"https:\/\/www.gold.fr\/news\/2011\/04\/21\/pensez-a-recycler-votre-or\/","og_site_name":"Gold.fr","article_publisher":"https:\/\/www.facebook.com\/Goldfr\/","article_published_time":"2011-04-21T04:46:11+00:00","article_modified_time":"2021-01-14T15:31:48+00:00","og_image":[{"width":600,"height":543,"url":"https:\/\/www.gold.fr\/news\/wp-content\/uploads\/2012\/04\/or-recyclage.jpg","type":"image\/jpeg"}],"author":"Laurent Schwartz","twitter_card":"summary_large_image","twitter_misc":{"\u00c9crit par":"Laurent Schwartz","Dur\u00e9e de lecture estim\u00e9e":"2 minutes"},"schema":{"@context":"https:\/\/schema.org","@graph":[{"@type":"Article","@id":"https:\/\/www.gold.fr\/news\/2011\/04\/21\/pensez-a-recycler-votre-or\/#article","isPartOf":{"@id":"https:\/\/www.gold.fr\/news\/2011\/04\/21\/pensez-a-recycler-votre-or\/"},"author":{"name":"Laurent Schwartz","@id":"https:\/\/www.gold.fr\/news\/#\/schema\/person\/4ed91d9a70d8f3a313c26e8308214fc2"},"headline":"Pensez \u00e0 recycler votre or","datePublished":"2011-04-21T04:46:11+00:00","dateModified":"2021-01-14T15:31:48+00:00","mainEntityOfPage":{"@id":"https:\/\/www.gold.fr\/news\/2011\/04\/21\/pensez-a-recycler-votre-or\/"},"wordCount":323,"image":{"@id":"https:\/\/www.gold.fr\/news\/2011\/04\/21\/pensez-a-recycler-votre-or\/#primaryimage"},"thumbnailUrl":"https:\/\/www.gold.fr\/news\/wp-content\/uploads\/2012\/04\/or-recyclage.jpg","keywords":["Or","or eco recyclable","recyclage or"],"articleSection":["Articles de presse"],"inLanguage":"fr-FR"},{"@type":"WebPage","@id":"https:\/\/www.gold.fr\/news\/2011\/04\/21\/pensez-a-recycler-votre-or\/","url":"https:\/\/www.gold.fr\/news\/2011\/04\/21\/pensez-a-recycler-votre-or\/","name":"Pensez \u00e0 recycler votre or De nombreux avantages \u00e0 la cl\u00e9","isPartOf":{"@id":"https:\/\/www.gold.fr\/news\/#website"},"primaryImageOfPage":{"@id":"https:\/\/www.gold.fr\/news\/2011\/04\/21\/pensez-a-recycler-votre-or\/#primaryimage"},"image":{"@id":"https:\/\/www.gold.fr\/news\/2011\/04\/21\/pensez-a-recycler-votre-or\/#primaryimage"},"thumbnailUrl":"https:\/\/www.gold.fr\/news\/wp-content\/uploads\/2012\/04\/or-recyclage.jpg","datePublished":"2011-04-21T04:46:11+00:00","dateModified":"2021-01-14T15:31:48+00:00","author":{"@id":"https:\/\/www.gold.fr\/news\/#\/schema\/person\/4ed91d9a70d8f3a313c26e8308214fc2"},"description":"Pensez \u00e0 recycler votre or. Permet la banalisation de la tra\u00e7abilit\u00e9 des bijoux en or, lutte contre l'orpaillage ill\u00e9gal; etc.","breadcrumb":{"@id":"https:\/\/www.gold.fr\/news\/2011\/04\/21\/pensez-a-recycler-votre-or\/#breadcrumb"},"inLanguage":"fr-FR","potentialAction":[{"@type":"ReadAction","target":["https:\/\/www.gold.fr\/news\/2011\/04\/21\/pensez-a-recycler-votre-or\/"]}]},{"@type":"ImageObject","inLanguage":"fr-FR","@id":"https:\/\/www.gold.fr\/news\/2011\/04\/21\/pensez-a-recycler-votre-or\/#primaryimage","url":"https:\/\/www.gold.fr\/news\/wp-content\/uploads\/2012\/04\/or-recyclage.jpg","contentUrl":"https:\/\/www.gold.fr\/news\/wp-content\/uploads\/2012\/04\/or-recyclage.jpg","width":"600","height":"543","caption":"or-recyclage"},{"@type":"BreadcrumbList","@id":"https:\/\/www.gold.fr\/news\/2011\/04\/21\/pensez-a-recycler-votre-or\/#breadcrumb","itemListElement":[{"@type":"ListItem","position":1,"name":"Accueil","item":"https:\/\/www.gold.fr\/"},{"@type":"ListItem","position":2,"name":"Actualit\u00e9s","item":"https:\/\/www.gold.fr\/news\/"},{"@type":"ListItem","position":3,"name":"Pensez \u00e0 recycler votre or"}]},{"@type":"WebSite","@id":"https:\/\/www.gold.fr\/news\/#website","url":"https:\/\/www.gold.fr\/news\/","name":"Gold.fr","description":"Actualit\u00e9s de l&#039;Or et des m\u00e9taux pr\u00e9cieux","potentialAction":[{"@type":"SearchAction","target":{"@type":"EntryPoint","urlTemplate":"https:\/\/www.gold.fr\/news\/?s={search_term_string}"},"query-input":{"@type":"PropertyValueSpecification","valueRequired":true,"valueName":"search_term_string"}}],"inLanguage":"fr-FR"},{"@type":"Person","@id":"https:\/\/www.gold.fr\/news\/#\/schema\/person\/4ed91d9a70d8f3a313c26e8308214fc2","name":"Laurent Schwartz","image":{"@type":"ImageObject","inLanguage":"fr-FR","@id":"https:\/\/secure.gravatar.com\/avatar\/1496f846049365121827f5470219486f1a95f83957cc8ca0a9595e40c185f5ee?s=96&d=mm&r=g76f0e87c9ba82a161860a0fc16990d85","url":"https:\/\/secure.gravatar.com\/avatar\/1496f846049365121827f5470219486f1a95f83957cc8ca0a9595e40c185f5ee?s=96&d=mm&r=g","contentUrl":"https:\/\/secure.gravatar.com\/avatar\/1496f846049365121827f5470219486f1a95f83957cc8ca0a9595e40c185f5ee?s=96&d=mm&r=g","caption":"Laurent Schwartz"},"description":"Dipl\u00f4m\u00e9 de l\u2019EDHEC Business School en 2005, Laurent SCHWARTZ int\u00e8gre le cabinet d\u2019audit ERNST &amp; YOUNG en 2005 o\u00f9 il travaille pendant 4 ans. Parall\u00e8lement, il travaille au sein de l\u2019entreprise familiale cr\u00e9\u00e9e en 1976 \u00e0 Strasbourg. Fort de cette exp\u00e9rience et du savoir-faire d\u00e9velopp\u00e9 durant ces 40 derni\u00e8res ann\u00e9es, Laurent proc\u00e8de \u00e0 la refonte du site Internet Gold.fr d\u00e9di\u00e9 \u00e0 l\u2019achat d'or, vente d\u2019or (pi\u00e8ces, lingots, ...), achat or et argent,... qui conna\u00eetra un franc succ\u00e8s d\u00e8s son d\u00e9marrage en 2008. Il d\u00e9cide alors de d\u00e9velopper un r\u00e9seau de concessions exclusives: Le Comptoir National de l\u2019Or. Il assure d\u00e9sormais le pilotage strat\u00e9gique du 1er r\u00e9seau de France qui compte aujourd\u2019hui pas loin de 60 agences r\u00e9parties dans toute la France et depuis peu en Allemagne (Breisach). Le Comptoir National de l\u2019Or se positionne aujourd\u2019hui comme le leader incontournable sur le march\u00e9 de l\u2019Or et des m\u00e9taux pr\u00e9cieux en France.","sameAs":["https:\/\/www.gold.fr","https:\/\/www.linkedin.com\/in\/acheteror\/"]}]}},"authors":[{"term_id":2567,"user_id":6,"is_guest":0,"slug":"laurent","display_name":"Laurent Schwartz","avatar_url":"https:\/\/secure.gravatar.com\/avatar\/1496f846049365121827f5470219486f1a95f83957cc8ca0a9595e40c185f5ee?s=96&d=mm&r=g","0":null,"1":"","2":"","3":"","4":"","5":"","6":"","7":"","8":""}],"_links":{"self":[{"href":"https:\/\/www.gold.fr\/news\/wp-json\/wp\/v2\/posts\/1827","targetHints":{"allow":["GET"]}}],"collection":[{"href":"https:\/\/www.gold.fr\/news\/wp-json\/wp\/v2\/posts"}],"about":[{"href":"https:\/\/www.gold.fr\/news\/wp-json\/wp\/v2\/types\/post"}],"author":[{"embeddable":true,"href":"https:\/\/www.gold.fr\/news\/wp-json\/wp\/v2\/users\/6"}],"replies":[{"embeddable":true,"href":"https:\/\/www.gold.fr\/news\/wp-json\/wp\/v2\/comments?post=1827"}],"version-history":[{"count":0,"href":"https:\/\/www.gold.fr\/news\/wp-json\/wp\/v2\/posts\/1827\/revisions"}],"wp:featuredmedia":[{"embeddable":true,"href":"https:\/\/www.gold.fr\/news\/wp-json\/wp\/v2\/media\/6912"}],"wp:attachment":[{"href":"https:\/\/www.gold.fr\/news\/wp-json\/wp\/v2\/media?parent=1827"}],"wp:term":[{"taxonomy":"category","embeddable":true,"href":"https:\/\/www.gold.fr\/news\/wp-json\/wp\/v2\/categories?post=1827"},{"taxonomy":"post_tag","embeddable":true,"href":"https:\/\/www.gold.fr\/news\/wp-json\/wp\/v2\/tags?post=1827"},{"taxonomy":"author","embeddable":true,"href":"https:\/\/www.gold.fr\/news\/wp-json\/wp\/v2\/ppma_author?post=1827"}],"curies":[{"name":"wp","href":"https:\/\/api.w.org\/{rel}","templated":true}]}}