{"id":18254,"date":"2015-11-05T09:00:37","date_gmt":"2015-11-05T08:00:37","guid":{"rendered":"https:\/\/www.gold.fr\/news\/?p=18254"},"modified":"2017-11-29T17:52:59","modified_gmt":"2017-11-29T16:52:59","slug":"marches-de-la-zone-euro-la-bce-au-soutien","status":"publish","type":"post","link":"https:\/\/www.gold.fr\/news\/2015\/11\/05\/marches-de-la-zone-euro-la-bce-au-soutien\/","title":{"rendered":"March\u00e9s de la zone euro : La BCE au soutien"},"content":{"rendered":"<p><span style=\"font-size: small;\"><img loading=\"lazy\" decoding=\"async\" class=\"alignleft size-thumbnail wp-image-4027\" title=\"March\u00e9s de la zone euro : La BCE au soutien\" src=\"https:\/\/www.gold.fr\/news\/wp-content\/uploads\/2011\/11\/BA5623-001-150x150.jpg\" alt=\"\" width=\"150\" height=\"150\" \/>Et c\u2019est un soutien qui s\u2019av\u00e8re manifestement de plus en plus n\u00e9cessaire. Face \u00e0 des march\u00e9s europ\u00e9ens inquiets et des indices \u00e9conomiques europ\u00e9ens variant entre d\u00e9cevants et alarmants, la banque centrale europ\u00e9enne encha\u00eene les discours rassurants \u00e0 propos de ses projets de politique mon\u00e9taire encore et toujours plus accommodante.<\/span>    <span style=\"font-size: small;\">L&rsquo;indice <strong>PMI<\/strong> manufacturier (de la zone euro) figure d\u2019ailleurs parmi les plus r\u00e9cents facteurs inqui\u00e9tants, puisqu\u2019il est ressorti \u00e0 <strong>52,3<\/strong> (mois d\u2019octobre en r\u00e9sultats d\u00e9finitifs, contre <strong>52<\/strong> en estimation \u00ab\u00a0<em>flash<\/em>\u00ab\u00a0). Et bien que ces chiffres repr\u00e9sentent une nette am\u00e9lioration par rapport au plus bas de cinq mois de <strong>52<\/strong> qu\u2019il avait enregistr\u00e9 au mois de septembre, <strong>Chris Williamson<\/strong>, chef \u00e9conomiste chez <strong>Markit<\/strong>, estime que \u00ab <em>ces derni\u00e8res donn\u00e9es PMI indiquent une croissance annuelle de la production industrielle de l&rsquo;ordre de 2%, un r\u00e9sultat d\u00e9cevant compte tenu du programme de relance sans pr\u00e9c\u00e9dent mis en place par la BCE<\/em> \u00bb.<\/span>    <span style=\"font-size: small;\">L\u2019analyse de l\u2019expert va m\u00eame jusqu\u2019\u00e0 lister les aspects majeurs traduisant clairement la faiblesse (en tout cas, conjoncturelle) de l\u2019\u00e9conomie de la zone, soulignant que \u00ab <em>l&rsquo;atonie de l&rsquo;activit\u00e9 manufacturi\u00e8re, l&rsquo;affaiblissement de la croissance de l&#8217;emploi (plus bas de huit mois) et le plus fort recul des prix factur\u00e9s depuis f\u00e9vrier expliquent que la BCE envisage d\u00e9sormais l&rsquo;adoption de mesures de relance suppl\u00e9mentaires<\/em> \u00bb.<\/span><\/p>\n<!-- AddThis Advanced Settings generic via filter on the_content --><!-- AddThis Share Buttons generic via filter on the_content -->","protected":false},"excerpt":{"rendered":"<p>Et c\u2019est un soutien qui s\u2019av\u00e8re manifestement de plus en plus n\u00e9cessaire. Face \u00e0 des march\u00e9s europ\u00e9ens inquiets et des indices \u00e9conomiques europ\u00e9ens variant entre d\u00e9cevants et alarmants, la banque centrale europ\u00e9enne encha\u00eene les discours rassurants [&hellip;]<\/p>\n","protected":false},"author":18,"featured_media":4027,"comment_status":"open","ping_status":"open","sticky":false,"template":"","format":"standard","meta":{"_mbp_gutenberg_autopost":false,"_pgmb_is_evergreen":false,"_pgmb_ap_template_id":0,"footnotes":""},"categories":[6],"tags":[143,1649,317,76,1689,126],"ppma_author":[2565],"class_list":["post-18254","post","type-post","status-publish","format-standard","has-post-thumbnail","hentry","category-articles-de-presse","tag-bce","tag-marches","tag-once","tag-or","tag-pmi","tag-zone-euro"],"yoast_head":"<!-- This site is optimized with the Yoast SEO plugin v27.5 - https:\/\/yoast.com\/product\/yoast-seo-wordpress\/ -->\n<title>March\u00e9s de la zone euro : La BCE au soutien - Gold.fr<\/title>\n<meta name=\"robots\" content=\"index, follow, max-snippet:-1, max-image-preview:large, max-video-preview:-1\" \/>\n<link rel=\"canonical\" href=\"https:\/\/www.gold.fr\/news\/2015\/11\/05\/marches-de-la-zone-euro-la-bce-au-soutien\/\" \/>\n<meta property=\"og:locale\" content=\"fr_FR\" \/>\n<meta property=\"og:type\" content=\"article\" \/>\n<meta property=\"og:title\" content=\"March\u00e9s de la zone euro : La BCE au soutien - Gold.fr\" \/>\n<meta property=\"og:description\" content=\"Et c\u2019est un soutien qui s\u2019av\u00e8re manifestement de plus en plus n\u00e9cessaire. Face \u00e0 des march\u00e9s europ\u00e9ens inquiets et des indices \u00e9conomiques europ\u00e9ens variant entre d\u00e9cevants et alarmants, la banque centrale europ\u00e9enne encha\u00eene les discours rassurants [&hellip;]\" \/>\n<meta property=\"og:url\" content=\"https:\/\/www.gold.fr\/news\/2015\/11\/05\/marches-de-la-zone-euro-la-bce-au-soutien\/\" \/>\n<meta property=\"og:site_name\" content=\"Gold.fr\" \/>\n<meta property=\"article:publisher\" content=\"https:\/\/www.facebook.com\/Goldfr\/\" \/>\n<meta property=\"article:published_time\" content=\"2015-11-05T08:00:37+00:00\" \/>\n<meta property=\"article:modified_time\" content=\"2017-11-29T16:52:59+00:00\" \/>\n<meta property=\"og:image\" content=\"https:\/\/www.gold.fr\/news\/wp-content\/uploads\/2011\/11\/BA5623-001.jpg\" \/>\n\t<meta property=\"og:image:width\" content=\"600\" \/>\n\t<meta property=\"og:image:height\" content=\"384\" \/>\n\t<meta property=\"og:image:type\" content=\"image\/jpeg\" \/>\n<meta name=\"author\" content=\"Comptoir National de l&#039;Or\" \/>\n<meta name=\"twitter:card\" content=\"summary_large_image\" \/>\n<meta name=\"twitter:label1\" content=\"\u00c9crit par\" \/>\n\t<meta name=\"twitter:data1\" content=\"Comptoir National de l&#039;Or\" \/>\n\t<meta name=\"twitter:label2\" content=\"Dur\u00e9e de lecture estim\u00e9e\" \/>\n\t<meta name=\"twitter:data2\" content=\"1 minute\" \/>\n<script type=\"application\/ld+json\" class=\"yoast-schema-graph\">{\"@context\":\"https:\\\/\\\/schema.org\",\"@graph\":[{\"@type\":\"Article\",\"@id\":\"https:\\\/\\\/www.gold.fr\\\/news\\\/2015\\\/11\\\/05\\\/marches-de-la-zone-euro-la-bce-au-soutien\\\/#article\",\"isPartOf\":{\"@id\":\"https:\\\/\\\/www.gold.fr\\\/news\\\/2015\\\/11\\\/05\\\/marches-de-la-zone-euro-la-bce-au-soutien\\\/\"},\"author\":{\"name\":\"Comptoir National de l'Or\",\"@id\":\"https:\\\/\\\/www.gold.fr\\\/news\\\/#\\\/schema\\\/person\\\/070491b4b4fb7671bf59b3be20302ce9\"},\"headline\":\"March\u00e9s de la zone euro : La BCE au soutien\",\"datePublished\":\"2015-11-05T08:00:37+00:00\",\"dateModified\":\"2017-11-29T16:52:59+00:00\",\"mainEntityOfPage\":{\"@id\":\"https:\\\/\\\/www.gold.fr\\\/news\\\/2015\\\/11\\\/05\\\/marches-de-la-zone-euro-la-bce-au-soutien\\\/\"},\"wordCount\":254,\"commentCount\":0,\"image\":{\"@id\":\"https:\\\/\\\/www.gold.fr\\\/news\\\/2015\\\/11\\\/05\\\/marches-de-la-zone-euro-la-bce-au-soutien\\\/#primaryimage\"},\"thumbnailUrl\":\"https:\\\/\\\/www.gold.fr\\\/news\\\/wp-content\\\/uploads\\\/2011\\\/11\\\/BA5623-001.jpg\",\"keywords\":[\"bce\",\"march\u00e9s\",\"once\",\"Or\",\"PMI\",\"zone euro\"],\"articleSection\":[\"Articles de presse\"],\"inLanguage\":\"fr-FR\"},{\"@type\":\"WebPage\",\"@id\":\"https:\\\/\\\/www.gold.fr\\\/news\\\/2015\\\/11\\\/05\\\/marches-de-la-zone-euro-la-bce-au-soutien\\\/\",\"url\":\"https:\\\/\\\/www.gold.fr\\\/news\\\/2015\\\/11\\\/05\\\/marches-de-la-zone-euro-la-bce-au-soutien\\\/\",\"name\":\"March\u00e9s de la zone euro : La BCE au soutien - Gold.fr\",\"isPartOf\":{\"@id\":\"https:\\\/\\\/www.gold.fr\\\/news\\\/#website\"},\"primaryImageOfPage\":{\"@id\":\"https:\\\/\\\/www.gold.fr\\\/news\\\/2015\\\/11\\\/05\\\/marches-de-la-zone-euro-la-bce-au-soutien\\\/#primaryimage\"},\"image\":{\"@id\":\"https:\\\/\\\/www.gold.fr\\\/news\\\/2015\\\/11\\\/05\\\/marches-de-la-zone-euro-la-bce-au-soutien\\\/#primaryimage\"},\"thumbnailUrl\":\"https:\\\/\\\/www.gold.fr\\\/news\\\/wp-content\\\/uploads\\\/2011\\\/11\\\/BA5623-001.jpg\",\"datePublished\":\"2015-11-05T08:00:37+00:00\",\"dateModified\":\"2017-11-29T16:52:59+00:00\",\"author\":{\"@id\":\"https:\\\/\\\/www.gold.fr\\\/news\\\/#\\\/schema\\\/person\\\/070491b4b4fb7671bf59b3be20302ce9\"},\"breadcrumb\":{\"@id\":\"https:\\\/\\\/www.gold.fr\\\/news\\\/2015\\\/11\\\/05\\\/marches-de-la-zone-euro-la-bce-au-soutien\\\/#breadcrumb\"},\"inLanguage\":\"fr-FR\",\"potentialAction\":[{\"@type\":\"ReadAction\",\"target\":[\"https:\\\/\\\/www.gold.fr\\\/news\\\/2015\\\/11\\\/05\\\/marches-de-la-zone-euro-la-bce-au-soutien\\\/\"]}]},{\"@type\":\"ImageObject\",\"inLanguage\":\"fr-FR\",\"@id\":\"https:\\\/\\\/www.gold.fr\\\/news\\\/2015\\\/11\\\/05\\\/marches-de-la-zone-euro-la-bce-au-soutien\\\/#primaryimage\",\"url\":\"https:\\\/\\\/www.gold.fr\\\/news\\\/wp-content\\\/uploads\\\/2011\\\/11\\\/BA5623-001.jpg\",\"contentUrl\":\"https:\\\/\\\/www.gold.fr\\\/news\\\/wp-content\\\/uploads\\\/2011\\\/11\\\/BA5623-001.jpg\",\"width\":\"600\",\"height\":\"384\",\"caption\":\"March\u00e9s euro : Entre espoir et scepticisme\"},{\"@type\":\"BreadcrumbList\",\"@id\":\"https:\\\/\\\/www.gold.fr\\\/news\\\/2015\\\/11\\\/05\\\/marches-de-la-zone-euro-la-bce-au-soutien\\\/#breadcrumb\",\"itemListElement\":[{\"@type\":\"ListItem\",\"position\":1,\"name\":\"Accueil\",\"item\":\"https:\\\/\\\/www.gold.fr\\\/\"},{\"@type\":\"ListItem\",\"position\":2,\"name\":\"Actualit\u00e9s\",\"item\":\"https:\\\/\\\/www.gold.fr\\\/news\\\/\"},{\"@type\":\"ListItem\",\"position\":3,\"name\":\"March\u00e9s de la zone euro : La BCE au soutien\"}]},{\"@type\":\"WebSite\",\"@id\":\"https:\\\/\\\/www.gold.fr\\\/news\\\/#website\",\"url\":\"https:\\\/\\\/www.gold.fr\\\/news\\\/\",\"name\":\"Gold.fr\",\"description\":\"Actualit\u00e9s de l&#039;Or et des m\u00e9taux pr\u00e9cieux\",\"potentialAction\":[{\"@type\":\"SearchAction\",\"target\":{\"@type\":\"EntryPoint\",\"urlTemplate\":\"https:\\\/\\\/www.gold.fr\\\/news\\\/?s={search_term_string}\"},\"query-input\":{\"@type\":\"PropertyValueSpecification\",\"valueRequired\":true,\"valueName\":\"search_term_string\"}}],\"inLanguage\":\"fr-FR\"},{\"@type\":\"Person\",\"@id\":\"https:\\\/\\\/www.gold.fr\\\/news\\\/#\\\/schema\\\/person\\\/070491b4b4fb7671bf59b3be20302ce9\",\"name\":\"Comptoir National de l'Or\",\"image\":{\"@type\":\"ImageObject\",\"inLanguage\":\"fr-FR\",\"@id\":\"https:\\\/\\\/secure.gravatar.com\\\/avatar\\\/0a2867fd5abe37bed95d5a65e9d58f01756e11efc68af9888dfc50cfa7f65948?s=96&d=mm&r=gb490554db0a38188709de567aa58480d\",\"url\":\"https:\\\/\\\/secure.gravatar.com\\\/avatar\\\/0a2867fd5abe37bed95d5a65e9d58f01756e11efc68af9888dfc50cfa7f65948?s=96&d=mm&r=g\",\"contentUrl\":\"https:\\\/\\\/secure.gravatar.com\\\/avatar\\\/0a2867fd5abe37bed95d5a65e9d58f01756e11efc68af9888dfc50cfa7f65948?s=96&d=mm&r=g\",\"caption\":\"Comptoir National de l'Or\"},\"description\":\"Notre r\u00e9daction est constitu\u00e9e de membres experts dans les m\u00e9tiers de l'\u00e9conomie et la gestion, des Responsables d'agence Comptoir National de l'Or, des analystes financiers qui publient r\u00e9guli\u00e8rement des \u00e9tudes sur les politiques des banques centrales, le cours de l'or, prix de l'or, cours de l'argent, prix de l'argent, cours du platine, cours du palladium,... la situation en zone euro et l'impact de la strat\u00e9gie mon\u00e9taire de la FED. Notre \u00e9quipe scrute \u00e9galement une information plus g\u00e9n\u00e9raliste \u00e0 la recherche d'actualit\u00e9 \\\"p\u00e9pite\\\" \u00e0 vous partager. Depuis 5 ans, nous avons publi\u00e9 un peu plus de 4000 articles qui s'adressent \u00e0 un public large et vari\u00e9 ayant pour objectif de satisfaire votre curiosit\u00e9 et de partager avec vous une certaine fascination pour le m\u00e9tal jaune, le rachat d'or, et pour ceux qui veulent investir dans l'or, vendre leur or tout simplement en savoir plus... Pour tous vos achat or et argent, n'h\u00e9sitez pas \u00e0 prendre rendez-vous dans l'un de nos nombreux comptoirs.\",\"sameAs\":[\"https:\\\/\\\/www.gold.fr\"]}]}<\/script>\n<!-- \/ Yoast SEO plugin. -->","yoast_head_json":{"title":"March\u00e9s de la zone euro : La BCE au soutien - Gold.fr","robots":{"index":"index","follow":"follow","max-snippet":"max-snippet:-1","max-image-preview":"max-image-preview:large","max-video-preview":"max-video-preview:-1"},"canonical":"https:\/\/www.gold.fr\/news\/2015\/11\/05\/marches-de-la-zone-euro-la-bce-au-soutien\/","og_locale":"fr_FR","og_type":"article","og_title":"March\u00e9s de la zone euro : La BCE au soutien - Gold.fr","og_description":"Et c\u2019est un soutien qui s\u2019av\u00e8re manifestement de plus en plus n\u00e9cessaire. Face \u00e0 des march\u00e9s europ\u00e9ens inquiets et des indices \u00e9conomiques europ\u00e9ens variant entre d\u00e9cevants et alarmants, la banque centrale europ\u00e9enne encha\u00eene les discours rassurants [&hellip;]","og_url":"https:\/\/www.gold.fr\/news\/2015\/11\/05\/marches-de-la-zone-euro-la-bce-au-soutien\/","og_site_name":"Gold.fr","article_publisher":"https:\/\/www.facebook.com\/Goldfr\/","article_published_time":"2015-11-05T08:00:37+00:00","article_modified_time":"2017-11-29T16:52:59+00:00","og_image":[{"width":600,"height":384,"url":"https:\/\/www.gold.fr\/news\/wp-content\/uploads\/2011\/11\/BA5623-001.jpg","type":"image\/jpeg"}],"author":"Comptoir National de l'Or","twitter_card":"summary_large_image","twitter_misc":{"\u00c9crit par":"Comptoir National de l'Or","Dur\u00e9e de lecture estim\u00e9e":"1 minute"},"schema":{"@context":"https:\/\/schema.org","@graph":[{"@type":"Article","@id":"https:\/\/www.gold.fr\/news\/2015\/11\/05\/marches-de-la-zone-euro-la-bce-au-soutien\/#article","isPartOf":{"@id":"https:\/\/www.gold.fr\/news\/2015\/11\/05\/marches-de-la-zone-euro-la-bce-au-soutien\/"},"author":{"name":"Comptoir National de l'Or","@id":"https:\/\/www.gold.fr\/news\/#\/schema\/person\/070491b4b4fb7671bf59b3be20302ce9"},"headline":"March\u00e9s de la zone euro : La BCE au soutien","datePublished":"2015-11-05T08:00:37+00:00","dateModified":"2017-11-29T16:52:59+00:00","mainEntityOfPage":{"@id":"https:\/\/www.gold.fr\/news\/2015\/11\/05\/marches-de-la-zone-euro-la-bce-au-soutien\/"},"wordCount":254,"commentCount":0,"image":{"@id":"https:\/\/www.gold.fr\/news\/2015\/11\/05\/marches-de-la-zone-euro-la-bce-au-soutien\/#primaryimage"},"thumbnailUrl":"https:\/\/www.gold.fr\/news\/wp-content\/uploads\/2011\/11\/BA5623-001.jpg","keywords":["bce","march\u00e9s","once","Or","PMI","zone euro"],"articleSection":["Articles de presse"],"inLanguage":"fr-FR"},{"@type":"WebPage","@id":"https:\/\/www.gold.fr\/news\/2015\/11\/05\/marches-de-la-zone-euro-la-bce-au-soutien\/","url":"https:\/\/www.gold.fr\/news\/2015\/11\/05\/marches-de-la-zone-euro-la-bce-au-soutien\/","name":"March\u00e9s de la zone euro : La BCE au soutien - Gold.fr","isPartOf":{"@id":"https:\/\/www.gold.fr\/news\/#website"},"primaryImageOfPage":{"@id":"https:\/\/www.gold.fr\/news\/2015\/11\/05\/marches-de-la-zone-euro-la-bce-au-soutien\/#primaryimage"},"image":{"@id":"https:\/\/www.gold.fr\/news\/2015\/11\/05\/marches-de-la-zone-euro-la-bce-au-soutien\/#primaryimage"},"thumbnailUrl":"https:\/\/www.gold.fr\/news\/wp-content\/uploads\/2011\/11\/BA5623-001.jpg","datePublished":"2015-11-05T08:00:37+00:00","dateModified":"2017-11-29T16:52:59+00:00","author":{"@id":"https:\/\/www.gold.fr\/news\/#\/schema\/person\/070491b4b4fb7671bf59b3be20302ce9"},"breadcrumb":{"@id":"https:\/\/www.gold.fr\/news\/2015\/11\/05\/marches-de-la-zone-euro-la-bce-au-soutien\/#breadcrumb"},"inLanguage":"fr-FR","potentialAction":[{"@type":"ReadAction","target":["https:\/\/www.gold.fr\/news\/2015\/11\/05\/marches-de-la-zone-euro-la-bce-au-soutien\/"]}]},{"@type":"ImageObject","inLanguage":"fr-FR","@id":"https:\/\/www.gold.fr\/news\/2015\/11\/05\/marches-de-la-zone-euro-la-bce-au-soutien\/#primaryimage","url":"https:\/\/www.gold.fr\/news\/wp-content\/uploads\/2011\/11\/BA5623-001.jpg","contentUrl":"https:\/\/www.gold.fr\/news\/wp-content\/uploads\/2011\/11\/BA5623-001.jpg","width":"600","height":"384","caption":"March\u00e9s euro : Entre espoir et scepticisme"},{"@type":"BreadcrumbList","@id":"https:\/\/www.gold.fr\/news\/2015\/11\/05\/marches-de-la-zone-euro-la-bce-au-soutien\/#breadcrumb","itemListElement":[{"@type":"ListItem","position":1,"name":"Accueil","item":"https:\/\/www.gold.fr\/"},{"@type":"ListItem","position":2,"name":"Actualit\u00e9s","item":"https:\/\/www.gold.fr\/news\/"},{"@type":"ListItem","position":3,"name":"March\u00e9s de la zone euro : La BCE au soutien"}]},{"@type":"WebSite","@id":"https:\/\/www.gold.fr\/news\/#website","url":"https:\/\/www.gold.fr\/news\/","name":"Gold.fr","description":"Actualit\u00e9s de l&#039;Or et des m\u00e9taux pr\u00e9cieux","potentialAction":[{"@type":"SearchAction","target":{"@type":"EntryPoint","urlTemplate":"https:\/\/www.gold.fr\/news\/?s={search_term_string}"},"query-input":{"@type":"PropertyValueSpecification","valueRequired":true,"valueName":"search_term_string"}}],"inLanguage":"fr-FR"},{"@type":"Person","@id":"https:\/\/www.gold.fr\/news\/#\/schema\/person\/070491b4b4fb7671bf59b3be20302ce9","name":"Comptoir National de l'Or","image":{"@type":"ImageObject","inLanguage":"fr-FR","@id":"https:\/\/secure.gravatar.com\/avatar\/0a2867fd5abe37bed95d5a65e9d58f01756e11efc68af9888dfc50cfa7f65948?s=96&d=mm&r=gb490554db0a38188709de567aa58480d","url":"https:\/\/secure.gravatar.com\/avatar\/0a2867fd5abe37bed95d5a65e9d58f01756e11efc68af9888dfc50cfa7f65948?s=96&d=mm&r=g","contentUrl":"https:\/\/secure.gravatar.com\/avatar\/0a2867fd5abe37bed95d5a65e9d58f01756e11efc68af9888dfc50cfa7f65948?s=96&d=mm&r=g","caption":"Comptoir National de l'Or"},"description":"Notre r\u00e9daction est constitu\u00e9e de membres experts dans les m\u00e9tiers de l'\u00e9conomie et la gestion, des Responsables d'agence Comptoir National de l'Or, des analystes financiers qui publient r\u00e9guli\u00e8rement des \u00e9tudes sur les politiques des banques centrales, le cours de l'or, prix de l'or, cours de l'argent, prix de l'argent, cours du platine, cours du palladium,... la situation en zone euro et l'impact de la strat\u00e9gie mon\u00e9taire de la FED. Notre \u00e9quipe scrute \u00e9galement une information plus g\u00e9n\u00e9raliste \u00e0 la recherche d'actualit\u00e9 \"p\u00e9pite\" \u00e0 vous partager. Depuis 5 ans, nous avons publi\u00e9 un peu plus de 4000 articles qui s'adressent \u00e0 un public large et vari\u00e9 ayant pour objectif de satisfaire votre curiosit\u00e9 et de partager avec vous une certaine fascination pour le m\u00e9tal jaune, le rachat d'or, et pour ceux qui veulent investir dans l'or, vendre leur or tout simplement en savoir plus... Pour tous vos achat or et argent, n'h\u00e9sitez pas \u00e0 prendre rendez-vous dans l'un de nos nombreux comptoirs.","sameAs":["https:\/\/www.gold.fr"]}]}},"authors":[{"term_id":2565,"user_id":18,"is_guest":0,"slug":"julie","display_name":"Comptoir National de l'Or","avatar_url":"https:\/\/secure.gravatar.com\/avatar\/713f289e398d35ead876c4a4cc08607f0d6d266058cfc25683fffb6092d0e572?s=96&d=mm&r=g","0":null,"1":"","2":"","3":"","4":"","5":"","6":"","7":"","8":""}],"_links":{"self":[{"href":"https:\/\/www.gold.fr\/news\/wp-json\/wp\/v2\/posts\/18254","targetHints":{"allow":["GET"]}}],"collection":[{"href":"https:\/\/www.gold.fr\/news\/wp-json\/wp\/v2\/posts"}],"about":[{"href":"https:\/\/www.gold.fr\/news\/wp-json\/wp\/v2\/types\/post"}],"author":[{"embeddable":true,"href":"https:\/\/www.gold.fr\/news\/wp-json\/wp\/v2\/users\/18"}],"replies":[{"embeddable":true,"href":"https:\/\/www.gold.fr\/news\/wp-json\/wp\/v2\/comments?post=18254"}],"version-history":[{"count":0,"href":"https:\/\/www.gold.fr\/news\/wp-json\/wp\/v2\/posts\/18254\/revisions"}],"wp:featuredmedia":[{"embeddable":true,"href":"https:\/\/www.gold.fr\/news\/wp-json\/wp\/v2\/media\/4027"}],"wp:attachment":[{"href":"https:\/\/www.gold.fr\/news\/wp-json\/wp\/v2\/media?parent=18254"}],"wp:term":[{"taxonomy":"category","embeddable":true,"href":"https:\/\/www.gold.fr\/news\/wp-json\/wp\/v2\/categories?post=18254"},{"taxonomy":"post_tag","embeddable":true,"href":"https:\/\/www.gold.fr\/news\/wp-json\/wp\/v2\/tags?post=18254"},{"taxonomy":"author","embeddable":true,"href":"https:\/\/www.gold.fr\/news\/wp-json\/wp\/v2\/ppma_author?post=18254"}],"curies":[{"name":"wp","href":"https:\/\/api.w.org\/{rel}","templated":true}]}}