{"id":18237,"date":"2015-11-03T09:00:07","date_gmt":"2015-11-03T08:00:07","guid":{"rendered":"https:\/\/www.gold.fr\/news\/?p=18237"},"modified":"2017-11-29T17:53:04","modified_gmt":"2017-11-29T16:53:04","slug":"marches-les-banques-centrales-aux-commandes","status":"publish","type":"post","link":"https:\/\/www.gold.fr\/news\/2015\/11\/03\/marches-les-banques-centrales-aux-commandes\/","title":{"rendered":"March\u00e9s : Les banques centrales aux commandes"},"content":{"rendered":"<p><span style=\"font-size: small;\"><img loading=\"lazy\" decoding=\"async\" class=\"alignleft size-thumbnail wp-image-8085\" title=\"March\u00e9s : Les banques centrales aux commandes\" src=\"https:\/\/www.gold.fr\/news\/wp-content\/uploads\/2012\/06\/demande-mondiale-150x150.jpg\" alt=\"\" width=\"150\" height=\"150\" \/>Entre un <strong>Wall-Street<\/strong> qui affiche sa cinqui\u00e8me semaine cons\u00e9cutive de hausse et des march\u00e9s europ\u00e9ens qui demeurent globalement dans le rouge, depuis deux semaines, les op\u00e9rateurs ne savent plus sur quel pied danser. C&rsquo;est toutefois une confusion qui n&rsquo;a pas fini de pr\u00e9valoir, et avec les banques centrales d\u00e9sormais aux commandes, l&rsquo;orientation des march\u00e9s r\u00e9pond rarement \u00e0 une quelconque r\u00e8gle traditionnelle connue. Et il faut admettre que l&rsquo;activit\u00e9 de ces institutions a \u00e9t\u00e9 particuli\u00e8rement riche durant le mois \u00e9coul\u00e9, offrant ainsi un exemple concret de leur pouvoir.<\/span>    <span style=\"font-size: small;\">Ce sont donc les principales banques centrales qui dirigent les diff\u00e9rentes <a href='https:\/\/www.gold.fr\/news\/tags\/investissement' class='esk-seo-plu-link'>tendances<\/a> des march\u00e9s, soufflant le chaud et le froid (essentiellement le chaud) \u00e0 volont\u00e9, avec, pour seul but, le maintien constant d&rsquo;un optimisme souvent injustifi\u00e9 parmi les op\u00e9rateurs. Cet effet se traduit notamment par les sommets historiques enregistr\u00e9s par les march\u00e9s am\u00e9ricains, \u00e0 l&rsquo;heure m\u00eame o\u00f9 la macro\u00e9conomie du pays n&rsquo;a pas cess\u00e9 de donner plusieurs signes alarmants.<\/span>    <span style=\"font-size: small;\">Les experts estiment qu&rsquo;il s&rsquo;agit l\u00e0 de \u00ab<em> la preuve manifeste de la pr\u00e9pond\u00e9rance la \u2018magie du verbe&rsquo; des banques centrales, sans lesquelles les lois du march\u00e9 pourraient s&rsquo;exercer impitoyablement<\/em> \u00bb. Ils concluent donc que \u00ab<em> la FED et la BCE s&#8217;emploient de toutes leurs forces afin que cela ne se produise jamais et usent de tous leurs outils afin que les cours continuent de progresser m\u00eame quand les profits reculent<\/em> \u00bb.<\/span><\/p>\n<!-- AddThis Advanced Settings generic via filter on the_content --><!-- AddThis Share Buttons generic via filter on the_content -->","protected":false},"excerpt":{"rendered":"<p>Entre un Wall-Street qui affiche sa cinqui\u00e8me semaine cons\u00e9cutive de hausse et des march\u00e9s europ\u00e9ens qui demeurent globalement dans le rouge, depuis deux semaines, les op\u00e9rateurs ne savent plus sur quel pied danser. C&rsquo;est toutefois une [&hellip;]<\/p>\n","protected":false},"author":18,"featured_media":8085,"comment_status":"open","ping_status":"open","sticky":false,"template":"","format":"standard","meta":{"_mbp_gutenberg_autopost":false,"_pgmb_is_evergreen":false,"_pgmb_ap_template_id":0,"footnotes":""},"categories":[6],"tags":[143,144,1649,534],"ppma_author":[2565],"class_list":["post-18237","post","type-post","status-publish","format-standard","has-post-thumbnail","hentry","category-articles-de-presse","tag-bce","tag-fed","tag-marches","tag-wall-street"],"yoast_head":"<!-- This site is optimized with the Yoast SEO plugin v27.5 - https:\/\/yoast.com\/product\/yoast-seo-wordpress\/ -->\n<title>March\u00e9s : Les banques centrales aux commandes - Gold.fr<\/title>\n<meta name=\"robots\" content=\"index, follow, max-snippet:-1, max-image-preview:large, max-video-preview:-1\" \/>\n<link rel=\"canonical\" href=\"https:\/\/www.gold.fr\/news\/2015\/11\/03\/marches-les-banques-centrales-aux-commandes\/\" \/>\n<meta property=\"og:locale\" content=\"fr_FR\" \/>\n<meta property=\"og:type\" content=\"article\" \/>\n<meta property=\"og:title\" content=\"March\u00e9s : Les banques centrales aux commandes - Gold.fr\" \/>\n<meta property=\"og:description\" content=\"Entre un Wall-Street qui affiche sa cinqui\u00e8me semaine cons\u00e9cutive de hausse et des march\u00e9s europ\u00e9ens qui demeurent globalement dans le rouge, depuis deux semaines, les op\u00e9rateurs ne savent plus sur quel pied danser. C&rsquo;est toutefois une [&hellip;]\" \/>\n<meta property=\"og:url\" content=\"https:\/\/www.gold.fr\/news\/2015\/11\/03\/marches-les-banques-centrales-aux-commandes\/\" \/>\n<meta property=\"og:site_name\" content=\"Gold.fr\" \/>\n<meta property=\"article:publisher\" content=\"https:\/\/www.facebook.com\/Goldfr\/\" \/>\n<meta property=\"article:published_time\" content=\"2015-11-03T08:00:07+00:00\" \/>\n<meta property=\"article:modified_time\" content=\"2017-11-29T16:53:04+00:00\" \/>\n<meta property=\"og:image\" content=\"https:\/\/www.gold.fr\/news\/wp-content\/uploads\/2012\/06\/demande-mondiale.jpg\" \/>\n\t<meta property=\"og:image:width\" content=\"600\" \/>\n\t<meta property=\"og:image:height\" content=\"400\" \/>\n\t<meta property=\"og:image:type\" content=\"image\/jpeg\" \/>\n<meta name=\"author\" content=\"Comptoir National de l&#039;Or\" \/>\n<meta name=\"twitter:card\" content=\"summary_large_image\" \/>\n<meta name=\"twitter:label1\" content=\"\u00c9crit par\" \/>\n\t<meta name=\"twitter:data1\" content=\"Comptoir National de l&#039;Or\" \/>\n\t<meta name=\"twitter:label2\" content=\"Dur\u00e9e de lecture estim\u00e9e\" \/>\n\t<meta name=\"twitter:data2\" content=\"1 minute\" \/>\n<script type=\"application\/ld+json\" class=\"yoast-schema-graph\">{\"@context\":\"https:\\\/\\\/schema.org\",\"@graph\":[{\"@type\":\"Article\",\"@id\":\"https:\\\/\\\/www.gold.fr\\\/news\\\/2015\\\/11\\\/03\\\/marches-les-banques-centrales-aux-commandes\\\/#article\",\"isPartOf\":{\"@id\":\"https:\\\/\\\/www.gold.fr\\\/news\\\/2015\\\/11\\\/03\\\/marches-les-banques-centrales-aux-commandes\\\/\"},\"author\":{\"name\":\"Comptoir National de l'Or\",\"@id\":\"https:\\\/\\\/www.gold.fr\\\/news\\\/#\\\/schema\\\/person\\\/070491b4b4fb7671bf59b3be20302ce9\"},\"headline\":\"March\u00e9s : Les banques centrales aux commandes\",\"datePublished\":\"2015-11-03T08:00:07+00:00\",\"dateModified\":\"2017-11-29T16:53:04+00:00\",\"mainEntityOfPage\":{\"@id\":\"https:\\\/\\\/www.gold.fr\\\/news\\\/2015\\\/11\\\/03\\\/marches-les-banques-centrales-aux-commandes\\\/\"},\"wordCount\":261,\"commentCount\":0,\"image\":{\"@id\":\"https:\\\/\\\/www.gold.fr\\\/news\\\/2015\\\/11\\\/03\\\/marches-les-banques-centrales-aux-commandes\\\/#primaryimage\"},\"thumbnailUrl\":\"https:\\\/\\\/www.gold.fr\\\/news\\\/wp-content\\\/uploads\\\/2012\\\/06\\\/demande-mondiale.jpg\",\"keywords\":[\"bce\",\"fed\",\"march\u00e9s\",\"wall street\"],\"articleSection\":[\"Articles de presse\"],\"inLanguage\":\"fr-FR\"},{\"@type\":\"WebPage\",\"@id\":\"https:\\\/\\\/www.gold.fr\\\/news\\\/2015\\\/11\\\/03\\\/marches-les-banques-centrales-aux-commandes\\\/\",\"url\":\"https:\\\/\\\/www.gold.fr\\\/news\\\/2015\\\/11\\\/03\\\/marches-les-banques-centrales-aux-commandes\\\/\",\"name\":\"March\u00e9s : Les banques centrales aux commandes - Gold.fr\",\"isPartOf\":{\"@id\":\"https:\\\/\\\/www.gold.fr\\\/news\\\/#website\"},\"primaryImageOfPage\":{\"@id\":\"https:\\\/\\\/www.gold.fr\\\/news\\\/2015\\\/11\\\/03\\\/marches-les-banques-centrales-aux-commandes\\\/#primaryimage\"},\"image\":{\"@id\":\"https:\\\/\\\/www.gold.fr\\\/news\\\/2015\\\/11\\\/03\\\/marches-les-banques-centrales-aux-commandes\\\/#primaryimage\"},\"thumbnailUrl\":\"https:\\\/\\\/www.gold.fr\\\/news\\\/wp-content\\\/uploads\\\/2012\\\/06\\\/demande-mondiale.jpg\",\"datePublished\":\"2015-11-03T08:00:07+00:00\",\"dateModified\":\"2017-11-29T16:53:04+00:00\",\"author\":{\"@id\":\"https:\\\/\\\/www.gold.fr\\\/news\\\/#\\\/schema\\\/person\\\/070491b4b4fb7671bf59b3be20302ce9\"},\"breadcrumb\":{\"@id\":\"https:\\\/\\\/www.gold.fr\\\/news\\\/2015\\\/11\\\/03\\\/marches-les-banques-centrales-aux-commandes\\\/#breadcrumb\"},\"inLanguage\":\"fr-FR\",\"potentialAction\":[{\"@type\":\"ReadAction\",\"target\":[\"https:\\\/\\\/www.gold.fr\\\/news\\\/2015\\\/11\\\/03\\\/marches-les-banques-centrales-aux-commandes\\\/\"]}]},{\"@type\":\"ImageObject\",\"inLanguage\":\"fr-FR\",\"@id\":\"https:\\\/\\\/www.gold.fr\\\/news\\\/2015\\\/11\\\/03\\\/marches-les-banques-centrales-aux-commandes\\\/#primaryimage\",\"url\":\"https:\\\/\\\/www.gold.fr\\\/news\\\/wp-content\\\/uploads\\\/2012\\\/06\\\/demande-mondiale.jpg\",\"contentUrl\":\"https:\\\/\\\/www.gold.fr\\\/news\\\/wp-content\\\/uploads\\\/2012\\\/06\\\/demande-mondiale.jpg\",\"width\":\"600\",\"height\":\"400\",\"caption\":\"March\u00e9s : Forte stagnation des indices US\"},{\"@type\":\"BreadcrumbList\",\"@id\":\"https:\\\/\\\/www.gold.fr\\\/news\\\/2015\\\/11\\\/03\\\/marches-les-banques-centrales-aux-commandes\\\/#breadcrumb\",\"itemListElement\":[{\"@type\":\"ListItem\",\"position\":1,\"name\":\"Accueil\",\"item\":\"https:\\\/\\\/www.gold.fr\\\/\"},{\"@type\":\"ListItem\",\"position\":2,\"name\":\"Actualit\u00e9s\",\"item\":\"https:\\\/\\\/www.gold.fr\\\/news\\\/\"},{\"@type\":\"ListItem\",\"position\":3,\"name\":\"March\u00e9s : Les banques centrales aux commandes\"}]},{\"@type\":\"WebSite\",\"@id\":\"https:\\\/\\\/www.gold.fr\\\/news\\\/#website\",\"url\":\"https:\\\/\\\/www.gold.fr\\\/news\\\/\",\"name\":\"Gold.fr\",\"description\":\"Actualit\u00e9s de l&#039;Or et des m\u00e9taux pr\u00e9cieux\",\"potentialAction\":[{\"@type\":\"SearchAction\",\"target\":{\"@type\":\"EntryPoint\",\"urlTemplate\":\"https:\\\/\\\/www.gold.fr\\\/news\\\/?s={search_term_string}\"},\"query-input\":{\"@type\":\"PropertyValueSpecification\",\"valueRequired\":true,\"valueName\":\"search_term_string\"}}],\"inLanguage\":\"fr-FR\"},{\"@type\":\"Person\",\"@id\":\"https:\\\/\\\/www.gold.fr\\\/news\\\/#\\\/schema\\\/person\\\/070491b4b4fb7671bf59b3be20302ce9\",\"name\":\"Comptoir National de l'Or\",\"image\":{\"@type\":\"ImageObject\",\"inLanguage\":\"fr-FR\",\"@id\":\"https:\\\/\\\/secure.gravatar.com\\\/avatar\\\/0a2867fd5abe37bed95d5a65e9d58f01756e11efc68af9888dfc50cfa7f65948?s=96&d=mm&r=gb490554db0a38188709de567aa58480d\",\"url\":\"https:\\\/\\\/secure.gravatar.com\\\/avatar\\\/0a2867fd5abe37bed95d5a65e9d58f01756e11efc68af9888dfc50cfa7f65948?s=96&d=mm&r=g\",\"contentUrl\":\"https:\\\/\\\/secure.gravatar.com\\\/avatar\\\/0a2867fd5abe37bed95d5a65e9d58f01756e11efc68af9888dfc50cfa7f65948?s=96&d=mm&r=g\",\"caption\":\"Comptoir National de l'Or\"},\"description\":\"Notre r\u00e9daction est constitu\u00e9e de membres experts dans les m\u00e9tiers de l'\u00e9conomie et la gestion, des Responsables d'agence Comptoir National de l'Or, des analystes financiers qui publient r\u00e9guli\u00e8rement des \u00e9tudes sur les politiques des banques centrales, le cours de l'or, prix de l'or, cours de l'argent, prix de l'argent, cours du platine, cours du palladium,... la situation en zone euro et l'impact de la strat\u00e9gie mon\u00e9taire de la FED. Notre \u00e9quipe scrute \u00e9galement une information plus g\u00e9n\u00e9raliste \u00e0 la recherche d'actualit\u00e9 \\\"p\u00e9pite\\\" \u00e0 vous partager. Depuis 5 ans, nous avons publi\u00e9 un peu plus de 4000 articles qui s'adressent \u00e0 un public large et vari\u00e9 ayant pour objectif de satisfaire votre curiosit\u00e9 et de partager avec vous une certaine fascination pour le m\u00e9tal jaune, le rachat d'or, et pour ceux qui veulent investir dans l'or, vendre leur or tout simplement en savoir plus... Pour tous vos achat or et argent, n'h\u00e9sitez pas \u00e0 prendre rendez-vous dans l'un de nos nombreux comptoirs.\",\"sameAs\":[\"https:\\\/\\\/www.gold.fr\"]}]}<\/script>\n<!-- \/ Yoast SEO plugin. -->","yoast_head_json":{"title":"March\u00e9s : Les banques centrales aux commandes - Gold.fr","robots":{"index":"index","follow":"follow","max-snippet":"max-snippet:-1","max-image-preview":"max-image-preview:large","max-video-preview":"max-video-preview:-1"},"canonical":"https:\/\/www.gold.fr\/news\/2015\/11\/03\/marches-les-banques-centrales-aux-commandes\/","og_locale":"fr_FR","og_type":"article","og_title":"March\u00e9s : Les banques centrales aux commandes - Gold.fr","og_description":"Entre un Wall-Street qui affiche sa cinqui\u00e8me semaine cons\u00e9cutive de hausse et des march\u00e9s europ\u00e9ens qui demeurent globalement dans le rouge, depuis deux semaines, les op\u00e9rateurs ne savent plus sur quel pied danser. C&rsquo;est toutefois une [&hellip;]","og_url":"https:\/\/www.gold.fr\/news\/2015\/11\/03\/marches-les-banques-centrales-aux-commandes\/","og_site_name":"Gold.fr","article_publisher":"https:\/\/www.facebook.com\/Goldfr\/","article_published_time":"2015-11-03T08:00:07+00:00","article_modified_time":"2017-11-29T16:53:04+00:00","og_image":[{"width":600,"height":400,"url":"https:\/\/www.gold.fr\/news\/wp-content\/uploads\/2012\/06\/demande-mondiale.jpg","type":"image\/jpeg"}],"author":"Comptoir National de l'Or","twitter_card":"summary_large_image","twitter_misc":{"\u00c9crit par":"Comptoir National de l'Or","Dur\u00e9e de lecture estim\u00e9e":"1 minute"},"schema":{"@context":"https:\/\/schema.org","@graph":[{"@type":"Article","@id":"https:\/\/www.gold.fr\/news\/2015\/11\/03\/marches-les-banques-centrales-aux-commandes\/#article","isPartOf":{"@id":"https:\/\/www.gold.fr\/news\/2015\/11\/03\/marches-les-banques-centrales-aux-commandes\/"},"author":{"name":"Comptoir National de l'Or","@id":"https:\/\/www.gold.fr\/news\/#\/schema\/person\/070491b4b4fb7671bf59b3be20302ce9"},"headline":"March\u00e9s : Les banques centrales aux commandes","datePublished":"2015-11-03T08:00:07+00:00","dateModified":"2017-11-29T16:53:04+00:00","mainEntityOfPage":{"@id":"https:\/\/www.gold.fr\/news\/2015\/11\/03\/marches-les-banques-centrales-aux-commandes\/"},"wordCount":261,"commentCount":0,"image":{"@id":"https:\/\/www.gold.fr\/news\/2015\/11\/03\/marches-les-banques-centrales-aux-commandes\/#primaryimage"},"thumbnailUrl":"https:\/\/www.gold.fr\/news\/wp-content\/uploads\/2012\/06\/demande-mondiale.jpg","keywords":["bce","fed","march\u00e9s","wall street"],"articleSection":["Articles de presse"],"inLanguage":"fr-FR"},{"@type":"WebPage","@id":"https:\/\/www.gold.fr\/news\/2015\/11\/03\/marches-les-banques-centrales-aux-commandes\/","url":"https:\/\/www.gold.fr\/news\/2015\/11\/03\/marches-les-banques-centrales-aux-commandes\/","name":"March\u00e9s : Les banques centrales aux commandes - Gold.fr","isPartOf":{"@id":"https:\/\/www.gold.fr\/news\/#website"},"primaryImageOfPage":{"@id":"https:\/\/www.gold.fr\/news\/2015\/11\/03\/marches-les-banques-centrales-aux-commandes\/#primaryimage"},"image":{"@id":"https:\/\/www.gold.fr\/news\/2015\/11\/03\/marches-les-banques-centrales-aux-commandes\/#primaryimage"},"thumbnailUrl":"https:\/\/www.gold.fr\/news\/wp-content\/uploads\/2012\/06\/demande-mondiale.jpg","datePublished":"2015-11-03T08:00:07+00:00","dateModified":"2017-11-29T16:53:04+00:00","author":{"@id":"https:\/\/www.gold.fr\/news\/#\/schema\/person\/070491b4b4fb7671bf59b3be20302ce9"},"breadcrumb":{"@id":"https:\/\/www.gold.fr\/news\/2015\/11\/03\/marches-les-banques-centrales-aux-commandes\/#breadcrumb"},"inLanguage":"fr-FR","potentialAction":[{"@type":"ReadAction","target":["https:\/\/www.gold.fr\/news\/2015\/11\/03\/marches-les-banques-centrales-aux-commandes\/"]}]},{"@type":"ImageObject","inLanguage":"fr-FR","@id":"https:\/\/www.gold.fr\/news\/2015\/11\/03\/marches-les-banques-centrales-aux-commandes\/#primaryimage","url":"https:\/\/www.gold.fr\/news\/wp-content\/uploads\/2012\/06\/demande-mondiale.jpg","contentUrl":"https:\/\/www.gold.fr\/news\/wp-content\/uploads\/2012\/06\/demande-mondiale.jpg","width":"600","height":"400","caption":"March\u00e9s : Forte stagnation des indices US"},{"@type":"BreadcrumbList","@id":"https:\/\/www.gold.fr\/news\/2015\/11\/03\/marches-les-banques-centrales-aux-commandes\/#breadcrumb","itemListElement":[{"@type":"ListItem","position":1,"name":"Accueil","item":"https:\/\/www.gold.fr\/"},{"@type":"ListItem","position":2,"name":"Actualit\u00e9s","item":"https:\/\/www.gold.fr\/news\/"},{"@type":"ListItem","position":3,"name":"March\u00e9s : Les banques centrales aux commandes"}]},{"@type":"WebSite","@id":"https:\/\/www.gold.fr\/news\/#website","url":"https:\/\/www.gold.fr\/news\/","name":"Gold.fr","description":"Actualit\u00e9s de l&#039;Or et des m\u00e9taux pr\u00e9cieux","potentialAction":[{"@type":"SearchAction","target":{"@type":"EntryPoint","urlTemplate":"https:\/\/www.gold.fr\/news\/?s={search_term_string}"},"query-input":{"@type":"PropertyValueSpecification","valueRequired":true,"valueName":"search_term_string"}}],"inLanguage":"fr-FR"},{"@type":"Person","@id":"https:\/\/www.gold.fr\/news\/#\/schema\/person\/070491b4b4fb7671bf59b3be20302ce9","name":"Comptoir National de l'Or","image":{"@type":"ImageObject","inLanguage":"fr-FR","@id":"https:\/\/secure.gravatar.com\/avatar\/0a2867fd5abe37bed95d5a65e9d58f01756e11efc68af9888dfc50cfa7f65948?s=96&d=mm&r=gb490554db0a38188709de567aa58480d","url":"https:\/\/secure.gravatar.com\/avatar\/0a2867fd5abe37bed95d5a65e9d58f01756e11efc68af9888dfc50cfa7f65948?s=96&d=mm&r=g","contentUrl":"https:\/\/secure.gravatar.com\/avatar\/0a2867fd5abe37bed95d5a65e9d58f01756e11efc68af9888dfc50cfa7f65948?s=96&d=mm&r=g","caption":"Comptoir National de l'Or"},"description":"Notre r\u00e9daction est constitu\u00e9e de membres experts dans les m\u00e9tiers de l'\u00e9conomie et la gestion, des Responsables d'agence Comptoir National de l'Or, des analystes financiers qui publient r\u00e9guli\u00e8rement des \u00e9tudes sur les politiques des banques centrales, le cours de l'or, prix de l'or, cours de l'argent, prix de l'argent, cours du platine, cours du palladium,... la situation en zone euro et l'impact de la strat\u00e9gie mon\u00e9taire de la FED. Notre \u00e9quipe scrute \u00e9galement une information plus g\u00e9n\u00e9raliste \u00e0 la recherche d'actualit\u00e9 \"p\u00e9pite\" \u00e0 vous partager. Depuis 5 ans, nous avons publi\u00e9 un peu plus de 4000 articles qui s'adressent \u00e0 un public large et vari\u00e9 ayant pour objectif de satisfaire votre curiosit\u00e9 et de partager avec vous une certaine fascination pour le m\u00e9tal jaune, le rachat d'or, et pour ceux qui veulent investir dans l'or, vendre leur or tout simplement en savoir plus... Pour tous vos achat or et argent, n'h\u00e9sitez pas \u00e0 prendre rendez-vous dans l'un de nos nombreux comptoirs.","sameAs":["https:\/\/www.gold.fr"]}]}},"authors":[{"term_id":2565,"user_id":18,"is_guest":0,"slug":"julie","display_name":"Comptoir National de l'Or","avatar_url":"https:\/\/secure.gravatar.com\/avatar\/713f289e398d35ead876c4a4cc08607f0d6d266058cfc25683fffb6092d0e572?s=96&d=mm&r=g","0":null,"1":"","2":"","3":"","4":"","5":"","6":"","7":"","8":""}],"_links":{"self":[{"href":"https:\/\/www.gold.fr\/news\/wp-json\/wp\/v2\/posts\/18237","targetHints":{"allow":["GET"]}}],"collection":[{"href":"https:\/\/www.gold.fr\/news\/wp-json\/wp\/v2\/posts"}],"about":[{"href":"https:\/\/www.gold.fr\/news\/wp-json\/wp\/v2\/types\/post"}],"author":[{"embeddable":true,"href":"https:\/\/www.gold.fr\/news\/wp-json\/wp\/v2\/users\/18"}],"replies":[{"embeddable":true,"href":"https:\/\/www.gold.fr\/news\/wp-json\/wp\/v2\/comments?post=18237"}],"version-history":[{"count":0,"href":"https:\/\/www.gold.fr\/news\/wp-json\/wp\/v2\/posts\/18237\/revisions"}],"wp:featuredmedia":[{"embeddable":true,"href":"https:\/\/www.gold.fr\/news\/wp-json\/wp\/v2\/media\/8085"}],"wp:attachment":[{"href":"https:\/\/www.gold.fr\/news\/wp-json\/wp\/v2\/media?parent=18237"}],"wp:term":[{"taxonomy":"category","embeddable":true,"href":"https:\/\/www.gold.fr\/news\/wp-json\/wp\/v2\/categories?post=18237"},{"taxonomy":"post_tag","embeddable":true,"href":"https:\/\/www.gold.fr\/news\/wp-json\/wp\/v2\/tags?post=18237"},{"taxonomy":"author","embeddable":true,"href":"https:\/\/www.gold.fr\/news\/wp-json\/wp\/v2\/ppma_author?post=18237"}],"curies":[{"name":"wp","href":"https:\/\/api.w.org\/{rel}","templated":true}]}}