{"id":18230,"date":"2015-11-02T09:00:58","date_gmt":"2015-11-02T08:00:58","guid":{"rendered":"https:\/\/www.gold.fr\/news\/?p=18230"},"modified":"2017-11-29T17:53:08","modified_gmt":"2017-11-29T16:53:08","slug":"les-marches-se-remettent-de-leur-deception","status":"publish","type":"post","link":"https:\/\/www.gold.fr\/news\/2015\/11\/02\/les-marches-se-remettent-de-leur-deception\/","title":{"rendered":"Les march\u00e9s se remettent de leur d\u00e9ception"},"content":{"rendered":"<p><span style=\"font-size: small;\"><img loading=\"lazy\" decoding=\"async\" class=\"alignleft size-thumbnail wp-image-444\" title=\"Les march\u00e9s se remettent de leur d\u00e9ception\" src=\"https:\/\/www.gold.fr\/news\/wp-content\/uploads\/2011\/07\/1-150x150.jpg\" alt=\"\" width=\"150\" height=\"150\" \/>Les march\u00e9s d&rsquo;<a href='https:\/\/www.gold.fr\/news\/tags\/investissement' class='esk-seo-plu-link'>investissement<\/a> avaient termin\u00e9 la semaine derni\u00e8re dans un rouge g\u00e9n\u00e9ralis\u00e9, tir\u00e9s unanimement vers le bas par les annonces inattendues du communiqu\u00e9 de presse de la r\u00e9serve f\u00e9d\u00e9rale am\u00e9ricaine, suite \u00e0 la r\u00e9union traditionnelle de son <strong>FOMC<\/strong>. En Europe, ce facteur baissier vient d&rsquo;ailleurs s&rsquo;ajouter \u00e0 une liste noire de r\u00e9sultats trimestriels d&rsquo;entreprises tout aussi d\u00e9cevants.<\/span>    <span style=\"font-size: small;\">Sur un plan purement technique, les analystes d&rsquo;<strong>Aurel BGC<\/strong> avaient comment\u00e9 l&rsquo;agressivit\u00e9 inattendue du ton du communiqu\u00e9 <strong>FED<\/strong> en soulignant que \u00ab <em>la probabilit\u00e9 d&rsquo;une hausse des taux directeurs sur les march\u00e9s futurs sur Fed Funds est pass\u00e9e de 33% \u00e0 43% ce matin (vendredi matin)<\/em> \u00bb. De son c\u00f4t\u00e9, <strong>Tony Cross<\/strong>, analyste de march\u00e9 chez <strong>Trustnet Direct<\/strong>, avait not\u00e9 que la morosit\u00e9 dominante sur l&rsquo;ensemble des march\u00e9s des mati\u00e8res premi\u00e8res n&rsquo;\u00e9tait pas \u00ab <em>surprenant<\/em> \u00bb, \u00e9tant donn\u00e9 \u00ab <em>les implications d&rsquo;une hausse de taux aux Etats-Unis pour l&rsquo;\u00e9conomie mondiale<\/em> \u00bb, estimant naturel et \u00e9vident que ces march\u00e9s l\u00e0 \u00ab <em>essuient parmi les plus lourds reculs<\/em> \u00bb.<\/span>    <span style=\"font-size: small;\">Rappelons toutefois que cette possibilit\u00e9 de rel\u00e8vement des taux de la <strong>FED<\/strong> continue encore \u00e0 \u00e9tonner, en raison, entre autres, du r\u00e9cent ralentissement de la croissance du PIB am\u00e9ricain (baisse \u00e0 <strong>+1,5%<\/strong>, en rythme annualis\u00e9 au troisi\u00e8me trimestre, contre <strong>+3,9%<\/strong> au deuxi\u00e8me trimestre). Les membres du comit\u00e9 de direction de la politique mon\u00e9taire de l&rsquo;institution semblent pourtant d\u00e9termin\u00e9s \u00e0 affirmer le contraire, faisant preuve d&rsquo;un optimisme qui demeure , \u00e0 ce jour, injustifi\u00e9.<\/span><\/p>\n<!-- AddThis Advanced Settings generic via filter on the_content --><!-- AddThis Share Buttons generic via filter on the_content -->","protected":false},"excerpt":{"rendered":"<p>Les march\u00e9s d&rsquo;investissement avaient termin\u00e9 la semaine derni\u00e8re dans un rouge g\u00e9n\u00e9ralis\u00e9, tir\u00e9s unanimement vers le bas par les annonces inattendues du communiqu\u00e9 de presse de la r\u00e9serve f\u00e9d\u00e9rale am\u00e9ricaine, suite \u00e0 la r\u00e9union traditionnelle de [&hellip;]<\/p>\n","protected":false},"author":18,"featured_media":0,"comment_status":"open","ping_status":"open","sticky":false,"template":"","format":"standard","meta":{"_mbp_gutenberg_autopost":false,"_pgmb_is_evergreen":false,"_pgmb_ap_template_id":0,"footnotes":""},"categories":[6],"tags":[144,1034,1649],"ppma_author":[2565],"class_list":["post-18230","post","type-post","status-publish","format-standard","hentry","category-articles-de-presse","tag-fed","tag-fomc","tag-marches"],"yoast_head":"<!-- This site is optimized with the Yoast SEO plugin v27.5 - https:\/\/yoast.com\/product\/yoast-seo-wordpress\/ -->\n<title>Les march\u00e9s se remettent de leur d\u00e9ception - Gold.fr<\/title>\n<meta name=\"robots\" content=\"index, follow, max-snippet:-1, max-image-preview:large, max-video-preview:-1\" \/>\n<link rel=\"canonical\" href=\"https:\/\/www.gold.fr\/news\/2015\/11\/02\/les-marches-se-remettent-de-leur-deception\/\" \/>\n<meta property=\"og:locale\" content=\"fr_FR\" \/>\n<meta property=\"og:type\" content=\"article\" \/>\n<meta property=\"og:title\" content=\"Les march\u00e9s se remettent de leur d\u00e9ception - Gold.fr\" \/>\n<meta property=\"og:description\" content=\"Les march\u00e9s d&rsquo;investissement avaient termin\u00e9 la semaine derni\u00e8re dans un rouge g\u00e9n\u00e9ralis\u00e9, tir\u00e9s unanimement vers le bas par les annonces inattendues du communiqu\u00e9 de presse de la r\u00e9serve f\u00e9d\u00e9rale am\u00e9ricaine, suite \u00e0 la r\u00e9union traditionnelle de [&hellip;]\" \/>\n<meta property=\"og:url\" content=\"https:\/\/www.gold.fr\/news\/2015\/11\/02\/les-marches-se-remettent-de-leur-deception\/\" \/>\n<meta property=\"og:site_name\" content=\"Gold.fr\" \/>\n<meta property=\"article:publisher\" content=\"https:\/\/www.facebook.com\/Goldfr\/\" \/>\n<meta property=\"article:published_time\" content=\"2015-11-02T08:00:58+00:00\" \/>\n<meta property=\"article:modified_time\" content=\"2017-11-29T16:53:08+00:00\" \/>\n<meta property=\"og:image\" content=\"https:\/\/www.gold.fr\/news\/wp-content\/uploads\/2011\/07\/1-150x150.jpg\" \/>\n<meta name=\"author\" content=\"Comptoir National de l&#039;Or\" \/>\n<meta name=\"twitter:card\" content=\"summary_large_image\" \/>\n<meta name=\"twitter:label1\" content=\"\u00c9crit par\" \/>\n\t<meta name=\"twitter:data1\" content=\"Comptoir National de l&#039;Or\" \/>\n\t<meta name=\"twitter:label2\" content=\"Dur\u00e9e de lecture estim\u00e9e\" \/>\n\t<meta name=\"twitter:data2\" content=\"1 minute\" \/>\n<script type=\"application\/ld+json\" class=\"yoast-schema-graph\">{\"@context\":\"https:\\\/\\\/schema.org\",\"@graph\":[{\"@type\":\"Article\",\"@id\":\"https:\\\/\\\/www.gold.fr\\\/news\\\/2015\\\/11\\\/02\\\/les-marches-se-remettent-de-leur-deception\\\/#article\",\"isPartOf\":{\"@id\":\"https:\\\/\\\/www.gold.fr\\\/news\\\/2015\\\/11\\\/02\\\/les-marches-se-remettent-de-leur-deception\\\/\"},\"author\":{\"name\":\"Comptoir National de l'Or\",\"@id\":\"https:\\\/\\\/www.gold.fr\\\/news\\\/#\\\/schema\\\/person\\\/070491b4b4fb7671bf59b3be20302ce9\"},\"headline\":\"Les march\u00e9s se remettent de leur d\u00e9ception\",\"datePublished\":\"2015-11-02T08:00:58+00:00\",\"dateModified\":\"2017-11-29T16:53:08+00:00\",\"mainEntityOfPage\":{\"@id\":\"https:\\\/\\\/www.gold.fr\\\/news\\\/2015\\\/11\\\/02\\\/les-marches-se-remettent-de-leur-deception\\\/\"},\"wordCount\":266,\"commentCount\":0,\"image\":{\"@id\":\"https:\\\/\\\/www.gold.fr\\\/news\\\/2015\\\/11\\\/02\\\/les-marches-se-remettent-de-leur-deception\\\/#primaryimage\"},\"thumbnailUrl\":\"https:\\\/\\\/www.gold.fr\\\/news\\\/wp-content\\\/uploads\\\/2011\\\/07\\\/1-150x150.jpg\",\"keywords\":[\"fed\",\"FOMC\",\"march\u00e9s\"],\"articleSection\":[\"Articles de presse\"],\"inLanguage\":\"fr-FR\"},{\"@type\":\"WebPage\",\"@id\":\"https:\\\/\\\/www.gold.fr\\\/news\\\/2015\\\/11\\\/02\\\/les-marches-se-remettent-de-leur-deception\\\/\",\"url\":\"https:\\\/\\\/www.gold.fr\\\/news\\\/2015\\\/11\\\/02\\\/les-marches-se-remettent-de-leur-deception\\\/\",\"name\":\"Les march\u00e9s se remettent de leur d\u00e9ception - Gold.fr\",\"isPartOf\":{\"@id\":\"https:\\\/\\\/www.gold.fr\\\/news\\\/#website\"},\"primaryImageOfPage\":{\"@id\":\"https:\\\/\\\/www.gold.fr\\\/news\\\/2015\\\/11\\\/02\\\/les-marches-se-remettent-de-leur-deception\\\/#primaryimage\"},\"image\":{\"@id\":\"https:\\\/\\\/www.gold.fr\\\/news\\\/2015\\\/11\\\/02\\\/les-marches-se-remettent-de-leur-deception\\\/#primaryimage\"},\"thumbnailUrl\":\"https:\\\/\\\/www.gold.fr\\\/news\\\/wp-content\\\/uploads\\\/2011\\\/07\\\/1-150x150.jpg\",\"datePublished\":\"2015-11-02T08:00:58+00:00\",\"dateModified\":\"2017-11-29T16:53:08+00:00\",\"author\":{\"@id\":\"https:\\\/\\\/www.gold.fr\\\/news\\\/#\\\/schema\\\/person\\\/070491b4b4fb7671bf59b3be20302ce9\"},\"breadcrumb\":{\"@id\":\"https:\\\/\\\/www.gold.fr\\\/news\\\/2015\\\/11\\\/02\\\/les-marches-se-remettent-de-leur-deception\\\/#breadcrumb\"},\"inLanguage\":\"fr-FR\",\"potentialAction\":[{\"@type\":\"ReadAction\",\"target\":[\"https:\\\/\\\/www.gold.fr\\\/news\\\/2015\\\/11\\\/02\\\/les-marches-se-remettent-de-leur-deception\\\/\"]}]},{\"@type\":\"ImageObject\",\"inLanguage\":\"fr-FR\",\"@id\":\"https:\\\/\\\/www.gold.fr\\\/news\\\/2015\\\/11\\\/02\\\/les-marches-se-remettent-de-leur-deception\\\/#primaryimage\",\"url\":\"https:\\\/\\\/www.gold.fr\\\/news\\\/wp-content\\\/uploads\\\/2011\\\/07\\\/1-150x150.jpg\",\"contentUrl\":\"https:\\\/\\\/www.gold.fr\\\/news\\\/wp-content\\\/uploads\\\/2011\\\/07\\\/1-150x150.jpg\"},{\"@type\":\"BreadcrumbList\",\"@id\":\"https:\\\/\\\/www.gold.fr\\\/news\\\/2015\\\/11\\\/02\\\/les-marches-se-remettent-de-leur-deception\\\/#breadcrumb\",\"itemListElement\":[{\"@type\":\"ListItem\",\"position\":1,\"name\":\"Accueil\",\"item\":\"https:\\\/\\\/www.gold.fr\\\/\"},{\"@type\":\"ListItem\",\"position\":2,\"name\":\"Actualit\u00e9s\",\"item\":\"https:\\\/\\\/www.gold.fr\\\/news\\\/\"},{\"@type\":\"ListItem\",\"position\":3,\"name\":\"Les march\u00e9s se remettent de leur d\u00e9ception\"}]},{\"@type\":\"WebSite\",\"@id\":\"https:\\\/\\\/www.gold.fr\\\/news\\\/#website\",\"url\":\"https:\\\/\\\/www.gold.fr\\\/news\\\/\",\"name\":\"Gold.fr\",\"description\":\"Actualit\u00e9s de l&#039;Or et des m\u00e9taux pr\u00e9cieux\",\"potentialAction\":[{\"@type\":\"SearchAction\",\"target\":{\"@type\":\"EntryPoint\",\"urlTemplate\":\"https:\\\/\\\/www.gold.fr\\\/news\\\/?s={search_term_string}\"},\"query-input\":{\"@type\":\"PropertyValueSpecification\",\"valueRequired\":true,\"valueName\":\"search_term_string\"}}],\"inLanguage\":\"fr-FR\"},{\"@type\":\"Person\",\"@id\":\"https:\\\/\\\/www.gold.fr\\\/news\\\/#\\\/schema\\\/person\\\/070491b4b4fb7671bf59b3be20302ce9\",\"name\":\"Comptoir National de l'Or\",\"image\":{\"@type\":\"ImageObject\",\"inLanguage\":\"fr-FR\",\"@id\":\"https:\\\/\\\/secure.gravatar.com\\\/avatar\\\/0a2867fd5abe37bed95d5a65e9d58f01756e11efc68af9888dfc50cfa7f65948?s=96&d=mm&r=gb490554db0a38188709de567aa58480d\",\"url\":\"https:\\\/\\\/secure.gravatar.com\\\/avatar\\\/0a2867fd5abe37bed95d5a65e9d58f01756e11efc68af9888dfc50cfa7f65948?s=96&d=mm&r=g\",\"contentUrl\":\"https:\\\/\\\/secure.gravatar.com\\\/avatar\\\/0a2867fd5abe37bed95d5a65e9d58f01756e11efc68af9888dfc50cfa7f65948?s=96&d=mm&r=g\",\"caption\":\"Comptoir National de l'Or\"},\"description\":\"Notre r\u00e9daction est constitu\u00e9e de membres experts dans les m\u00e9tiers de l'\u00e9conomie et la gestion, des Responsables d'agence Comptoir National de l'Or, des analystes financiers qui publient r\u00e9guli\u00e8rement des \u00e9tudes sur les politiques des banques centrales, le cours de l'or, prix de l'or, cours de l'argent, prix de l'argent, cours du platine, cours du palladium,... la situation en zone euro et l'impact de la strat\u00e9gie mon\u00e9taire de la FED. Notre \u00e9quipe scrute \u00e9galement une information plus g\u00e9n\u00e9raliste \u00e0 la recherche d'actualit\u00e9 \\\"p\u00e9pite\\\" \u00e0 vous partager. Depuis 5 ans, nous avons publi\u00e9 un peu plus de 4000 articles qui s'adressent \u00e0 un public large et vari\u00e9 ayant pour objectif de satisfaire votre curiosit\u00e9 et de partager avec vous une certaine fascination pour le m\u00e9tal jaune, le rachat d'or, et pour ceux qui veulent investir dans l'or, vendre leur or tout simplement en savoir plus... Pour tous vos achat or et argent, n'h\u00e9sitez pas \u00e0 prendre rendez-vous dans l'un de nos nombreux comptoirs.\",\"sameAs\":[\"https:\\\/\\\/www.gold.fr\"]}]}<\/script>\n<!-- \/ Yoast SEO plugin. -->","yoast_head_json":{"title":"Les march\u00e9s se remettent de leur d\u00e9ception - Gold.fr","robots":{"index":"index","follow":"follow","max-snippet":"max-snippet:-1","max-image-preview":"max-image-preview:large","max-video-preview":"max-video-preview:-1"},"canonical":"https:\/\/www.gold.fr\/news\/2015\/11\/02\/les-marches-se-remettent-de-leur-deception\/","og_locale":"fr_FR","og_type":"article","og_title":"Les march\u00e9s se remettent de leur d\u00e9ception - Gold.fr","og_description":"Les march\u00e9s d&rsquo;investissement avaient termin\u00e9 la semaine derni\u00e8re dans un rouge g\u00e9n\u00e9ralis\u00e9, tir\u00e9s unanimement vers le bas par les annonces inattendues du communiqu\u00e9 de presse de la r\u00e9serve f\u00e9d\u00e9rale am\u00e9ricaine, suite \u00e0 la r\u00e9union traditionnelle de [&hellip;]","og_url":"https:\/\/www.gold.fr\/news\/2015\/11\/02\/les-marches-se-remettent-de-leur-deception\/","og_site_name":"Gold.fr","article_publisher":"https:\/\/www.facebook.com\/Goldfr\/","article_published_time":"2015-11-02T08:00:58+00:00","article_modified_time":"2017-11-29T16:53:08+00:00","og_image":[{"url":"https:\/\/www.gold.fr\/news\/wp-content\/uploads\/2011\/07\/1-150x150.jpg","type":"","width":"","height":""}],"author":"Comptoir National de l'Or","twitter_card":"summary_large_image","twitter_misc":{"\u00c9crit par":"Comptoir National de l'Or","Dur\u00e9e de lecture estim\u00e9e":"1 minute"},"schema":{"@context":"https:\/\/schema.org","@graph":[{"@type":"Article","@id":"https:\/\/www.gold.fr\/news\/2015\/11\/02\/les-marches-se-remettent-de-leur-deception\/#article","isPartOf":{"@id":"https:\/\/www.gold.fr\/news\/2015\/11\/02\/les-marches-se-remettent-de-leur-deception\/"},"author":{"name":"Comptoir National de l'Or","@id":"https:\/\/www.gold.fr\/news\/#\/schema\/person\/070491b4b4fb7671bf59b3be20302ce9"},"headline":"Les march\u00e9s se remettent de leur d\u00e9ception","datePublished":"2015-11-02T08:00:58+00:00","dateModified":"2017-11-29T16:53:08+00:00","mainEntityOfPage":{"@id":"https:\/\/www.gold.fr\/news\/2015\/11\/02\/les-marches-se-remettent-de-leur-deception\/"},"wordCount":266,"commentCount":0,"image":{"@id":"https:\/\/www.gold.fr\/news\/2015\/11\/02\/les-marches-se-remettent-de-leur-deception\/#primaryimage"},"thumbnailUrl":"https:\/\/www.gold.fr\/news\/wp-content\/uploads\/2011\/07\/1-150x150.jpg","keywords":["fed","FOMC","march\u00e9s"],"articleSection":["Articles de presse"],"inLanguage":"fr-FR"},{"@type":"WebPage","@id":"https:\/\/www.gold.fr\/news\/2015\/11\/02\/les-marches-se-remettent-de-leur-deception\/","url":"https:\/\/www.gold.fr\/news\/2015\/11\/02\/les-marches-se-remettent-de-leur-deception\/","name":"Les march\u00e9s se remettent de leur d\u00e9ception - Gold.fr","isPartOf":{"@id":"https:\/\/www.gold.fr\/news\/#website"},"primaryImageOfPage":{"@id":"https:\/\/www.gold.fr\/news\/2015\/11\/02\/les-marches-se-remettent-de-leur-deception\/#primaryimage"},"image":{"@id":"https:\/\/www.gold.fr\/news\/2015\/11\/02\/les-marches-se-remettent-de-leur-deception\/#primaryimage"},"thumbnailUrl":"https:\/\/www.gold.fr\/news\/wp-content\/uploads\/2011\/07\/1-150x150.jpg","datePublished":"2015-11-02T08:00:58+00:00","dateModified":"2017-11-29T16:53:08+00:00","author":{"@id":"https:\/\/www.gold.fr\/news\/#\/schema\/person\/070491b4b4fb7671bf59b3be20302ce9"},"breadcrumb":{"@id":"https:\/\/www.gold.fr\/news\/2015\/11\/02\/les-marches-se-remettent-de-leur-deception\/#breadcrumb"},"inLanguage":"fr-FR","potentialAction":[{"@type":"ReadAction","target":["https:\/\/www.gold.fr\/news\/2015\/11\/02\/les-marches-se-remettent-de-leur-deception\/"]}]},{"@type":"ImageObject","inLanguage":"fr-FR","@id":"https:\/\/www.gold.fr\/news\/2015\/11\/02\/les-marches-se-remettent-de-leur-deception\/#primaryimage","url":"https:\/\/www.gold.fr\/news\/wp-content\/uploads\/2011\/07\/1-150x150.jpg","contentUrl":"https:\/\/www.gold.fr\/news\/wp-content\/uploads\/2011\/07\/1-150x150.jpg"},{"@type":"BreadcrumbList","@id":"https:\/\/www.gold.fr\/news\/2015\/11\/02\/les-marches-se-remettent-de-leur-deception\/#breadcrumb","itemListElement":[{"@type":"ListItem","position":1,"name":"Accueil","item":"https:\/\/www.gold.fr\/"},{"@type":"ListItem","position":2,"name":"Actualit\u00e9s","item":"https:\/\/www.gold.fr\/news\/"},{"@type":"ListItem","position":3,"name":"Les march\u00e9s se remettent de leur d\u00e9ception"}]},{"@type":"WebSite","@id":"https:\/\/www.gold.fr\/news\/#website","url":"https:\/\/www.gold.fr\/news\/","name":"Gold.fr","description":"Actualit\u00e9s de l&#039;Or et des m\u00e9taux pr\u00e9cieux","potentialAction":[{"@type":"SearchAction","target":{"@type":"EntryPoint","urlTemplate":"https:\/\/www.gold.fr\/news\/?s={search_term_string}"},"query-input":{"@type":"PropertyValueSpecification","valueRequired":true,"valueName":"search_term_string"}}],"inLanguage":"fr-FR"},{"@type":"Person","@id":"https:\/\/www.gold.fr\/news\/#\/schema\/person\/070491b4b4fb7671bf59b3be20302ce9","name":"Comptoir National de l'Or","image":{"@type":"ImageObject","inLanguage":"fr-FR","@id":"https:\/\/secure.gravatar.com\/avatar\/0a2867fd5abe37bed95d5a65e9d58f01756e11efc68af9888dfc50cfa7f65948?s=96&d=mm&r=gb490554db0a38188709de567aa58480d","url":"https:\/\/secure.gravatar.com\/avatar\/0a2867fd5abe37bed95d5a65e9d58f01756e11efc68af9888dfc50cfa7f65948?s=96&d=mm&r=g","contentUrl":"https:\/\/secure.gravatar.com\/avatar\/0a2867fd5abe37bed95d5a65e9d58f01756e11efc68af9888dfc50cfa7f65948?s=96&d=mm&r=g","caption":"Comptoir National de l'Or"},"description":"Notre r\u00e9daction est constitu\u00e9e de membres experts dans les m\u00e9tiers de l'\u00e9conomie et la gestion, des Responsables d'agence Comptoir National de l'Or, des analystes financiers qui publient r\u00e9guli\u00e8rement des \u00e9tudes sur les politiques des banques centrales, le cours de l'or, prix de l'or, cours de l'argent, prix de l'argent, cours du platine, cours du palladium,... la situation en zone euro et l'impact de la strat\u00e9gie mon\u00e9taire de la FED. Notre \u00e9quipe scrute \u00e9galement une information plus g\u00e9n\u00e9raliste \u00e0 la recherche d'actualit\u00e9 \"p\u00e9pite\" \u00e0 vous partager. Depuis 5 ans, nous avons publi\u00e9 un peu plus de 4000 articles qui s'adressent \u00e0 un public large et vari\u00e9 ayant pour objectif de satisfaire votre curiosit\u00e9 et de partager avec vous une certaine fascination pour le m\u00e9tal jaune, le rachat d'or, et pour ceux qui veulent investir dans l'or, vendre leur or tout simplement en savoir plus... Pour tous vos achat or et argent, n'h\u00e9sitez pas \u00e0 prendre rendez-vous dans l'un de nos nombreux comptoirs.","sameAs":["https:\/\/www.gold.fr"]}]}},"authors":[{"term_id":2565,"user_id":18,"is_guest":0,"slug":"julie","display_name":"Comptoir National de l'Or","avatar_url":"https:\/\/secure.gravatar.com\/avatar\/713f289e398d35ead876c4a4cc08607f0d6d266058cfc25683fffb6092d0e572?s=96&d=mm&r=g","0":null,"1":"","2":"","3":"","4":"","5":"","6":"","7":"","8":""}],"_links":{"self":[{"href":"https:\/\/www.gold.fr\/news\/wp-json\/wp\/v2\/posts\/18230","targetHints":{"allow":["GET"]}}],"collection":[{"href":"https:\/\/www.gold.fr\/news\/wp-json\/wp\/v2\/posts"}],"about":[{"href":"https:\/\/www.gold.fr\/news\/wp-json\/wp\/v2\/types\/post"}],"author":[{"embeddable":true,"href":"https:\/\/www.gold.fr\/news\/wp-json\/wp\/v2\/users\/18"}],"replies":[{"embeddable":true,"href":"https:\/\/www.gold.fr\/news\/wp-json\/wp\/v2\/comments?post=18230"}],"version-history":[{"count":0,"href":"https:\/\/www.gold.fr\/news\/wp-json\/wp\/v2\/posts\/18230\/revisions"}],"wp:attachment":[{"href":"https:\/\/www.gold.fr\/news\/wp-json\/wp\/v2\/media?parent=18230"}],"wp:term":[{"taxonomy":"category","embeddable":true,"href":"https:\/\/www.gold.fr\/news\/wp-json\/wp\/v2\/categories?post=18230"},{"taxonomy":"post_tag","embeddable":true,"href":"https:\/\/www.gold.fr\/news\/wp-json\/wp\/v2\/tags?post=18230"},{"taxonomy":"author","embeddable":true,"href":"https:\/\/www.gold.fr\/news\/wp-json\/wp\/v2\/ppma_author?post=18230"}],"curies":[{"name":"wp","href":"https:\/\/api.w.org\/{rel}","templated":true}]}}