{"id":18227,"date":"2015-10-30T17:00:46","date_gmt":"2015-10-30T16:00:46","guid":{"rendered":"https:\/\/www.gold.fr\/news\/?p=18227"},"modified":"2017-11-29T17:53:09","modified_gmt":"2017-11-29T16:53:09","slug":"lonce-subit-la-fed-jusquau-bout-de-la-semaine","status":"publish","type":"post","link":"https:\/\/www.gold.fr\/news\/2015\/10\/30\/lonce-subit-la-fed-jusquau-bout-de-la-semaine\/","title":{"rendered":"L\u2019once subit la FED jusqu\u2019au bout de la semaine"},"content":{"rendered":"<p><span style=\"font-size: small;\"><img loading=\"lazy\" decoding=\"async\" class=\"alignleft size-thumbnail wp-image-5246\" title=\"L\u2019once subit la FED jusqu\u2019au bout de la semaine\" src=\"https:\/\/www.gold.fr\/news\/wp-content\/uploads\/2011\/08\/monde-dor1-150x150.jpg\" alt=\"\" width=\"150\" height=\"150\" \/>Le bilan de la semaine boursi\u00e8re aurif\u00e8re aura \u00e9t\u00e9 globalement baissier, bien que largement domin\u00e9 par une solide r\u00e9sistance de l&rsquo;once \u00e0 une importante pression baissi\u00e8re due au contenu du tout dernier communiqu\u00e9 de presse du <strong>FOMC<\/strong>. L&rsquo;<a href='https:\/\/www.gold.fr\/news\/tags\/or' class='esk-seo-plu-link'>or<\/a> continue \u00e0 jouer les r\u00e9sistances et devrait pouvoir revenir dans le vert d\u00e8s la semaine prochaine, boost\u00e9, essentiellement, par un courant solidement haussier qui continue \u00e0 hisser les prix du march\u00e9.<\/span>    <span style=\"font-size: small;\">Outre les raisons purement techniques, cette note de stagnation s&rsquo;explique donc \u00e9galement -et partiellement- par la surprise et la d\u00e9ception des op\u00e9rateurs, suite \u00e0 la publication du communiqu\u00e9 de presse de la <strong>FED<\/strong>. Certes, le rapport maintenait, comme pr\u00e9vu, bel et bien le status quo des taux d&rsquo;int\u00e9r\u00eat directeurs de l&rsquo;institution (\u00e0 leur m\u00eame niveau de<strong> 0-0,25%<\/strong> de la fin de l&rsquo;ann\u00e9e <strong>2008<\/strong>), mais il soulignait tout aussi clairement que \u00ab <em>pour d\u00e9terminer s&rsquo;il sera opportun de relever la fourchette cible des taux d&rsquo;int\u00e9r\u00eat \u00e0 sa prochaine r\u00e9union, le comit\u00e9 \u00e9value les progr\u00e8s &#8211; accomplis et attendus &#8211; vers des objectifs d&#8217;emploi maximum et de 2% d&rsquo;inflation<\/em> \u00bb.<\/span>    <span style=\"font-size: small;\">Bref, la possibilit\u00e9 d&rsquo;un rel\u00e8vement de ces taux avant la fin de l&rsquo;ann\u00e9e en cours est plus que jamais envisageable, et bon nombre d&rsquo;experts ont d&rsquo;ailleurs not\u00e9 ce nouveau changement de ton de la <strong>FED<\/strong>, soulignant, par exemple, la disparition du \u00ab <em>risque de &lsquo;contagion&rsquo; du ralentissement des \u00e9mergents sur l&rsquo;\u00e9conomie am\u00e9ricaine (\u2026) du texte et la croissance am\u00e9ricaine est per\u00e7ue comme solide gr\u00e2ce \u00e0 l&rsquo;<a href='https:\/\/www.gold.fr\/news\/tags\/investissement' class='esk-seo-plu-link'>investissement<\/a> des entreprises et \u00e0 la consommation des m\u00e9nages<\/em> \u00bb.<\/span><\/p>\n<!-- AddThis Advanced Settings generic via filter on the_content --><!-- AddThis Share Buttons generic via filter on the_content -->","protected":false},"excerpt":{"rendered":"<p>Le bilan de la semaine boursi\u00e8re aurif\u00e8re aura \u00e9t\u00e9 globalement baissier, bien que largement domin\u00e9 par une solide r\u00e9sistance de l&rsquo;once \u00e0 une importante pression baissi\u00e8re due au contenu du tout dernier communiqu\u00e9 de presse du [&hellip;]<\/p>\n","protected":false},"author":18,"featured_media":5246,"comment_status":"open","ping_status":"open","sticky":false,"template":"","format":"standard","meta":{"_mbp_gutenberg_autopost":false,"_pgmb_is_evergreen":false,"_pgmb_ap_template_id":0,"footnotes":""},"categories":[6],"tags":[144,1034,105,317,76],"ppma_author":[2565],"class_list":["post-18227","post","type-post","status-publish","format-standard","has-post-thumbnail","hentry","category-articles-de-presse","tag-fed","tag-fomc","tag-marche","tag-once","tag-or"],"yoast_head":"<!-- This site is optimized with the Yoast SEO plugin v27.5 - https:\/\/yoast.com\/product\/yoast-seo-wordpress\/ -->\n<title>L\u2019once subit la FED jusqu\u2019au bout de la semaine - Gold.fr<\/title>\n<meta name=\"robots\" content=\"index, follow, max-snippet:-1, max-image-preview:large, max-video-preview:-1\" \/>\n<link rel=\"canonical\" href=\"https:\/\/www.gold.fr\/news\/2015\/10\/30\/lonce-subit-la-fed-jusquau-bout-de-la-semaine\/\" \/>\n<meta property=\"og:locale\" content=\"fr_FR\" \/>\n<meta property=\"og:type\" content=\"article\" \/>\n<meta property=\"og:title\" content=\"L\u2019once subit la FED jusqu\u2019au bout de la semaine - Gold.fr\" \/>\n<meta property=\"og:description\" content=\"Le bilan de la semaine boursi\u00e8re aurif\u00e8re aura \u00e9t\u00e9 globalement baissier, bien que largement domin\u00e9 par une solide r\u00e9sistance de l&rsquo;once \u00e0 une importante pression baissi\u00e8re due au contenu du tout dernier communiqu\u00e9 de presse du [&hellip;]\" \/>\n<meta property=\"og:url\" content=\"https:\/\/www.gold.fr\/news\/2015\/10\/30\/lonce-subit-la-fed-jusquau-bout-de-la-semaine\/\" \/>\n<meta property=\"og:site_name\" content=\"Gold.fr\" \/>\n<meta property=\"article:publisher\" content=\"https:\/\/www.facebook.com\/Goldfr\/\" \/>\n<meta property=\"article:published_time\" content=\"2015-10-30T16:00:46+00:00\" \/>\n<meta property=\"article:modified_time\" content=\"2017-11-29T16:53:09+00:00\" \/>\n<meta property=\"og:image\" content=\"https:\/\/www.gold.fr\/news\/wp-content\/uploads\/2011\/08\/monde-dor1.jpg\" \/>\n\t<meta property=\"og:image:width\" content=\"600\" \/>\n\t<meta property=\"og:image:height\" content=\"400\" \/>\n\t<meta property=\"og:image:type\" content=\"image\/jpeg\" \/>\n<meta name=\"author\" content=\"Comptoir National de l&#039;Or\" \/>\n<meta name=\"twitter:card\" content=\"summary_large_image\" \/>\n<meta name=\"twitter:label1\" content=\"\u00c9crit par\" \/>\n\t<meta name=\"twitter:data1\" content=\"Comptoir National de l&#039;Or\" \/>\n\t<meta name=\"twitter:label2\" content=\"Dur\u00e9e de lecture estim\u00e9e\" \/>\n\t<meta name=\"twitter:data2\" content=\"1 minute\" \/>\n<script type=\"application\/ld+json\" class=\"yoast-schema-graph\">{\"@context\":\"https:\\\/\\\/schema.org\",\"@graph\":[{\"@type\":\"Article\",\"@id\":\"https:\\\/\\\/www.gold.fr\\\/news\\\/2015\\\/10\\\/30\\\/lonce-subit-la-fed-jusquau-bout-de-la-semaine\\\/#article\",\"isPartOf\":{\"@id\":\"https:\\\/\\\/www.gold.fr\\\/news\\\/2015\\\/10\\\/30\\\/lonce-subit-la-fed-jusquau-bout-de-la-semaine\\\/\"},\"author\":{\"name\":\"Comptoir National de l'Or\",\"@id\":\"https:\\\/\\\/www.gold.fr\\\/news\\\/#\\\/schema\\\/person\\\/070491b4b4fb7671bf59b3be20302ce9\"},\"headline\":\"L\u2019once subit la FED jusqu\u2019au bout de la semaine\",\"datePublished\":\"2015-10-30T16:00:46+00:00\",\"dateModified\":\"2017-11-29T16:53:09+00:00\",\"mainEntityOfPage\":{\"@id\":\"https:\\\/\\\/www.gold.fr\\\/news\\\/2015\\\/10\\\/30\\\/lonce-subit-la-fed-jusquau-bout-de-la-semaine\\\/\"},\"wordCount\":289,\"commentCount\":0,\"image\":{\"@id\":\"https:\\\/\\\/www.gold.fr\\\/news\\\/2015\\\/10\\\/30\\\/lonce-subit-la-fed-jusquau-bout-de-la-semaine\\\/#primaryimage\"},\"thumbnailUrl\":\"https:\\\/\\\/www.gold.fr\\\/news\\\/wp-content\\\/uploads\\\/2011\\\/08\\\/monde-dor1.jpg\",\"keywords\":[\"fed\",\"FOMC\",\"march\u00e9\",\"once\",\"Or\"],\"articleSection\":[\"Articles de presse\"],\"inLanguage\":\"fr-FR\"},{\"@type\":\"WebPage\",\"@id\":\"https:\\\/\\\/www.gold.fr\\\/news\\\/2015\\\/10\\\/30\\\/lonce-subit-la-fed-jusquau-bout-de-la-semaine\\\/\",\"url\":\"https:\\\/\\\/www.gold.fr\\\/news\\\/2015\\\/10\\\/30\\\/lonce-subit-la-fed-jusquau-bout-de-la-semaine\\\/\",\"name\":\"L\u2019once subit la FED jusqu\u2019au bout de la semaine - Gold.fr\",\"isPartOf\":{\"@id\":\"https:\\\/\\\/www.gold.fr\\\/news\\\/#website\"},\"primaryImageOfPage\":{\"@id\":\"https:\\\/\\\/www.gold.fr\\\/news\\\/2015\\\/10\\\/30\\\/lonce-subit-la-fed-jusquau-bout-de-la-semaine\\\/#primaryimage\"},\"image\":{\"@id\":\"https:\\\/\\\/www.gold.fr\\\/news\\\/2015\\\/10\\\/30\\\/lonce-subit-la-fed-jusquau-bout-de-la-semaine\\\/#primaryimage\"},\"thumbnailUrl\":\"https:\\\/\\\/www.gold.fr\\\/news\\\/wp-content\\\/uploads\\\/2011\\\/08\\\/monde-dor1.jpg\",\"datePublished\":\"2015-10-30T16:00:46+00:00\",\"dateModified\":\"2017-11-29T16:53:09+00:00\",\"author\":{\"@id\":\"https:\\\/\\\/www.gold.fr\\\/news\\\/#\\\/schema\\\/person\\\/070491b4b4fb7671bf59b3be20302ce9\"},\"breadcrumb\":{\"@id\":\"https:\\\/\\\/www.gold.fr\\\/news\\\/2015\\\/10\\\/30\\\/lonce-subit-la-fed-jusquau-bout-de-la-semaine\\\/#breadcrumb\"},\"inLanguage\":\"fr-FR\",\"potentialAction\":[{\"@type\":\"ReadAction\",\"target\":[\"https:\\\/\\\/www.gold.fr\\\/news\\\/2015\\\/10\\\/30\\\/lonce-subit-la-fed-jusquau-bout-de-la-semaine\\\/\"]}]},{\"@type\":\"ImageObject\",\"inLanguage\":\"fr-FR\",\"@id\":\"https:\\\/\\\/www.gold.fr\\\/news\\\/2015\\\/10\\\/30\\\/lonce-subit-la-fed-jusquau-bout-de-la-semaine\\\/#primaryimage\",\"url\":\"https:\\\/\\\/www.gold.fr\\\/news\\\/wp-content\\\/uploads\\\/2011\\\/08\\\/monde-dor1.jpg\",\"contentUrl\":\"https:\\\/\\\/www.gold.fr\\\/news\\\/wp-content\\\/uploads\\\/2011\\\/08\\\/monde-dor1.jpg\",\"width\":\"600\",\"height\":\"400\",\"caption\":\"Prix de l'Or de Bourse\"},{\"@type\":\"BreadcrumbList\",\"@id\":\"https:\\\/\\\/www.gold.fr\\\/news\\\/2015\\\/10\\\/30\\\/lonce-subit-la-fed-jusquau-bout-de-la-semaine\\\/#breadcrumb\",\"itemListElement\":[{\"@type\":\"ListItem\",\"position\":1,\"name\":\"Accueil\",\"item\":\"https:\\\/\\\/www.gold.fr\\\/\"},{\"@type\":\"ListItem\",\"position\":2,\"name\":\"Actualit\u00e9s\",\"item\":\"https:\\\/\\\/www.gold.fr\\\/news\\\/\"},{\"@type\":\"ListItem\",\"position\":3,\"name\":\"L\u2019once subit la FED jusqu\u2019au bout de la semaine\"}]},{\"@type\":\"WebSite\",\"@id\":\"https:\\\/\\\/www.gold.fr\\\/news\\\/#website\",\"url\":\"https:\\\/\\\/www.gold.fr\\\/news\\\/\",\"name\":\"Gold.fr\",\"description\":\"Actualit\u00e9s de l&#039;Or et des m\u00e9taux pr\u00e9cieux\",\"potentialAction\":[{\"@type\":\"SearchAction\",\"target\":{\"@type\":\"EntryPoint\",\"urlTemplate\":\"https:\\\/\\\/www.gold.fr\\\/news\\\/?s={search_term_string}\"},\"query-input\":{\"@type\":\"PropertyValueSpecification\",\"valueRequired\":true,\"valueName\":\"search_term_string\"}}],\"inLanguage\":\"fr-FR\"},{\"@type\":\"Person\",\"@id\":\"https:\\\/\\\/www.gold.fr\\\/news\\\/#\\\/schema\\\/person\\\/070491b4b4fb7671bf59b3be20302ce9\",\"name\":\"Comptoir National de l'Or\",\"image\":{\"@type\":\"ImageObject\",\"inLanguage\":\"fr-FR\",\"@id\":\"https:\\\/\\\/secure.gravatar.com\\\/avatar\\\/0a2867fd5abe37bed95d5a65e9d58f01756e11efc68af9888dfc50cfa7f65948?s=96&d=mm&r=gb490554db0a38188709de567aa58480d\",\"url\":\"https:\\\/\\\/secure.gravatar.com\\\/avatar\\\/0a2867fd5abe37bed95d5a65e9d58f01756e11efc68af9888dfc50cfa7f65948?s=96&d=mm&r=g\",\"contentUrl\":\"https:\\\/\\\/secure.gravatar.com\\\/avatar\\\/0a2867fd5abe37bed95d5a65e9d58f01756e11efc68af9888dfc50cfa7f65948?s=96&d=mm&r=g\",\"caption\":\"Comptoir National de l'Or\"},\"description\":\"Notre r\u00e9daction est constitu\u00e9e de membres experts dans les m\u00e9tiers de l'\u00e9conomie et la gestion, des Responsables d'agence Comptoir National de l'Or, des analystes financiers qui publient r\u00e9guli\u00e8rement des \u00e9tudes sur les politiques des banques centrales, le cours de l'or, prix de l'or, cours de l'argent, prix de l'argent, cours du platine, cours du palladium,... la situation en zone euro et l'impact de la strat\u00e9gie mon\u00e9taire de la FED. Notre \u00e9quipe scrute \u00e9galement une information plus g\u00e9n\u00e9raliste \u00e0 la recherche d'actualit\u00e9 \\\"p\u00e9pite\\\" \u00e0 vous partager. Depuis 5 ans, nous avons publi\u00e9 un peu plus de 4000 articles qui s'adressent \u00e0 un public large et vari\u00e9 ayant pour objectif de satisfaire votre curiosit\u00e9 et de partager avec vous une certaine fascination pour le m\u00e9tal jaune, le rachat d'or, et pour ceux qui veulent investir dans l'or, vendre leur or tout simplement en savoir plus... Pour tous vos achat or et argent, n'h\u00e9sitez pas \u00e0 prendre rendez-vous dans l'un de nos nombreux comptoirs.\",\"sameAs\":[\"https:\\\/\\\/www.gold.fr\"]}]}<\/script>\n<!-- \/ Yoast SEO plugin. -->","yoast_head_json":{"title":"L\u2019once subit la FED jusqu\u2019au bout de la semaine - Gold.fr","robots":{"index":"index","follow":"follow","max-snippet":"max-snippet:-1","max-image-preview":"max-image-preview:large","max-video-preview":"max-video-preview:-1"},"canonical":"https:\/\/www.gold.fr\/news\/2015\/10\/30\/lonce-subit-la-fed-jusquau-bout-de-la-semaine\/","og_locale":"fr_FR","og_type":"article","og_title":"L\u2019once subit la FED jusqu\u2019au bout de la semaine - Gold.fr","og_description":"Le bilan de la semaine boursi\u00e8re aurif\u00e8re aura \u00e9t\u00e9 globalement baissier, bien que largement domin\u00e9 par une solide r\u00e9sistance de l&rsquo;once \u00e0 une importante pression baissi\u00e8re due au contenu du tout dernier communiqu\u00e9 de presse du [&hellip;]","og_url":"https:\/\/www.gold.fr\/news\/2015\/10\/30\/lonce-subit-la-fed-jusquau-bout-de-la-semaine\/","og_site_name":"Gold.fr","article_publisher":"https:\/\/www.facebook.com\/Goldfr\/","article_published_time":"2015-10-30T16:00:46+00:00","article_modified_time":"2017-11-29T16:53:09+00:00","og_image":[{"width":600,"height":400,"url":"https:\/\/www.gold.fr\/news\/wp-content\/uploads\/2011\/08\/monde-dor1.jpg","type":"image\/jpeg"}],"author":"Comptoir National de l'Or","twitter_card":"summary_large_image","twitter_misc":{"\u00c9crit par":"Comptoir National de l'Or","Dur\u00e9e de lecture estim\u00e9e":"1 minute"},"schema":{"@context":"https:\/\/schema.org","@graph":[{"@type":"Article","@id":"https:\/\/www.gold.fr\/news\/2015\/10\/30\/lonce-subit-la-fed-jusquau-bout-de-la-semaine\/#article","isPartOf":{"@id":"https:\/\/www.gold.fr\/news\/2015\/10\/30\/lonce-subit-la-fed-jusquau-bout-de-la-semaine\/"},"author":{"name":"Comptoir National de l'Or","@id":"https:\/\/www.gold.fr\/news\/#\/schema\/person\/070491b4b4fb7671bf59b3be20302ce9"},"headline":"L\u2019once subit la FED jusqu\u2019au bout de la semaine","datePublished":"2015-10-30T16:00:46+00:00","dateModified":"2017-11-29T16:53:09+00:00","mainEntityOfPage":{"@id":"https:\/\/www.gold.fr\/news\/2015\/10\/30\/lonce-subit-la-fed-jusquau-bout-de-la-semaine\/"},"wordCount":289,"commentCount":0,"image":{"@id":"https:\/\/www.gold.fr\/news\/2015\/10\/30\/lonce-subit-la-fed-jusquau-bout-de-la-semaine\/#primaryimage"},"thumbnailUrl":"https:\/\/www.gold.fr\/news\/wp-content\/uploads\/2011\/08\/monde-dor1.jpg","keywords":["fed","FOMC","march\u00e9","once","Or"],"articleSection":["Articles de presse"],"inLanguage":"fr-FR"},{"@type":"WebPage","@id":"https:\/\/www.gold.fr\/news\/2015\/10\/30\/lonce-subit-la-fed-jusquau-bout-de-la-semaine\/","url":"https:\/\/www.gold.fr\/news\/2015\/10\/30\/lonce-subit-la-fed-jusquau-bout-de-la-semaine\/","name":"L\u2019once subit la FED jusqu\u2019au bout de la semaine - Gold.fr","isPartOf":{"@id":"https:\/\/www.gold.fr\/news\/#website"},"primaryImageOfPage":{"@id":"https:\/\/www.gold.fr\/news\/2015\/10\/30\/lonce-subit-la-fed-jusquau-bout-de-la-semaine\/#primaryimage"},"image":{"@id":"https:\/\/www.gold.fr\/news\/2015\/10\/30\/lonce-subit-la-fed-jusquau-bout-de-la-semaine\/#primaryimage"},"thumbnailUrl":"https:\/\/www.gold.fr\/news\/wp-content\/uploads\/2011\/08\/monde-dor1.jpg","datePublished":"2015-10-30T16:00:46+00:00","dateModified":"2017-11-29T16:53:09+00:00","author":{"@id":"https:\/\/www.gold.fr\/news\/#\/schema\/person\/070491b4b4fb7671bf59b3be20302ce9"},"breadcrumb":{"@id":"https:\/\/www.gold.fr\/news\/2015\/10\/30\/lonce-subit-la-fed-jusquau-bout-de-la-semaine\/#breadcrumb"},"inLanguage":"fr-FR","potentialAction":[{"@type":"ReadAction","target":["https:\/\/www.gold.fr\/news\/2015\/10\/30\/lonce-subit-la-fed-jusquau-bout-de-la-semaine\/"]}]},{"@type":"ImageObject","inLanguage":"fr-FR","@id":"https:\/\/www.gold.fr\/news\/2015\/10\/30\/lonce-subit-la-fed-jusquau-bout-de-la-semaine\/#primaryimage","url":"https:\/\/www.gold.fr\/news\/wp-content\/uploads\/2011\/08\/monde-dor1.jpg","contentUrl":"https:\/\/www.gold.fr\/news\/wp-content\/uploads\/2011\/08\/monde-dor1.jpg","width":"600","height":"400","caption":"Prix de l'Or de Bourse"},{"@type":"BreadcrumbList","@id":"https:\/\/www.gold.fr\/news\/2015\/10\/30\/lonce-subit-la-fed-jusquau-bout-de-la-semaine\/#breadcrumb","itemListElement":[{"@type":"ListItem","position":1,"name":"Accueil","item":"https:\/\/www.gold.fr\/"},{"@type":"ListItem","position":2,"name":"Actualit\u00e9s","item":"https:\/\/www.gold.fr\/news\/"},{"@type":"ListItem","position":3,"name":"L\u2019once subit la FED jusqu\u2019au bout de la semaine"}]},{"@type":"WebSite","@id":"https:\/\/www.gold.fr\/news\/#website","url":"https:\/\/www.gold.fr\/news\/","name":"Gold.fr","description":"Actualit\u00e9s de l&#039;Or et des m\u00e9taux pr\u00e9cieux","potentialAction":[{"@type":"SearchAction","target":{"@type":"EntryPoint","urlTemplate":"https:\/\/www.gold.fr\/news\/?s={search_term_string}"},"query-input":{"@type":"PropertyValueSpecification","valueRequired":true,"valueName":"search_term_string"}}],"inLanguage":"fr-FR"},{"@type":"Person","@id":"https:\/\/www.gold.fr\/news\/#\/schema\/person\/070491b4b4fb7671bf59b3be20302ce9","name":"Comptoir National de l'Or","image":{"@type":"ImageObject","inLanguage":"fr-FR","@id":"https:\/\/secure.gravatar.com\/avatar\/0a2867fd5abe37bed95d5a65e9d58f01756e11efc68af9888dfc50cfa7f65948?s=96&d=mm&r=gb490554db0a38188709de567aa58480d","url":"https:\/\/secure.gravatar.com\/avatar\/0a2867fd5abe37bed95d5a65e9d58f01756e11efc68af9888dfc50cfa7f65948?s=96&d=mm&r=g","contentUrl":"https:\/\/secure.gravatar.com\/avatar\/0a2867fd5abe37bed95d5a65e9d58f01756e11efc68af9888dfc50cfa7f65948?s=96&d=mm&r=g","caption":"Comptoir National de l'Or"},"description":"Notre r\u00e9daction est constitu\u00e9e de membres experts dans les m\u00e9tiers de l'\u00e9conomie et la gestion, des Responsables d'agence Comptoir National de l'Or, des analystes financiers qui publient r\u00e9guli\u00e8rement des \u00e9tudes sur les politiques des banques centrales, le cours de l'or, prix de l'or, cours de l'argent, prix de l'argent, cours du platine, cours du palladium,... la situation en zone euro et l'impact de la strat\u00e9gie mon\u00e9taire de la FED. Notre \u00e9quipe scrute \u00e9galement une information plus g\u00e9n\u00e9raliste \u00e0 la recherche d'actualit\u00e9 \"p\u00e9pite\" \u00e0 vous partager. Depuis 5 ans, nous avons publi\u00e9 un peu plus de 4000 articles qui s'adressent \u00e0 un public large et vari\u00e9 ayant pour objectif de satisfaire votre curiosit\u00e9 et de partager avec vous une certaine fascination pour le m\u00e9tal jaune, le rachat d'or, et pour ceux qui veulent investir dans l'or, vendre leur or tout simplement en savoir plus... Pour tous vos achat or et argent, n'h\u00e9sitez pas \u00e0 prendre rendez-vous dans l'un de nos nombreux comptoirs.","sameAs":["https:\/\/www.gold.fr"]}]}},"authors":[{"term_id":2565,"user_id":18,"is_guest":0,"slug":"julie","display_name":"Comptoir National de l'Or","avatar_url":"https:\/\/secure.gravatar.com\/avatar\/713f289e398d35ead876c4a4cc08607f0d6d266058cfc25683fffb6092d0e572?s=96&d=mm&r=g","0":null,"1":"","2":"","3":"","4":"","5":"","6":"","7":"","8":""}],"_links":{"self":[{"href":"https:\/\/www.gold.fr\/news\/wp-json\/wp\/v2\/posts\/18227","targetHints":{"allow":["GET"]}}],"collection":[{"href":"https:\/\/www.gold.fr\/news\/wp-json\/wp\/v2\/posts"}],"about":[{"href":"https:\/\/www.gold.fr\/news\/wp-json\/wp\/v2\/types\/post"}],"author":[{"embeddable":true,"href":"https:\/\/www.gold.fr\/news\/wp-json\/wp\/v2\/users\/18"}],"replies":[{"embeddable":true,"href":"https:\/\/www.gold.fr\/news\/wp-json\/wp\/v2\/comments?post=18227"}],"version-history":[{"count":0,"href":"https:\/\/www.gold.fr\/news\/wp-json\/wp\/v2\/posts\/18227\/revisions"}],"wp:featuredmedia":[{"embeddable":true,"href":"https:\/\/www.gold.fr\/news\/wp-json\/wp\/v2\/media\/5246"}],"wp:attachment":[{"href":"https:\/\/www.gold.fr\/news\/wp-json\/wp\/v2\/media?parent=18227"}],"wp:term":[{"taxonomy":"category","embeddable":true,"href":"https:\/\/www.gold.fr\/news\/wp-json\/wp\/v2\/categories?post=18227"},{"taxonomy":"post_tag","embeddable":true,"href":"https:\/\/www.gold.fr\/news\/wp-json\/wp\/v2\/tags?post=18227"},{"taxonomy":"author","embeddable":true,"href":"https:\/\/www.gold.fr\/news\/wp-json\/wp\/v2\/ppma_author?post=18227"}],"curies":[{"name":"wp","href":"https:\/\/api.w.org\/{rel}","templated":true}]}}