{"id":18221,"date":"2015-10-29T17:00:27","date_gmt":"2015-10-29T16:00:27","guid":{"rendered":"https:\/\/www.gold.fr\/news\/?p=18221"},"modified":"2017-11-29T17:53:13","modified_gmt":"2017-11-29T16:53:13","slug":"lonce-encaisse-le-contrecoup-du-fomc","status":"publish","type":"post","link":"https:\/\/www.gold.fr\/news\/2015\/10\/29\/lonce-encaisse-le-contrecoup-du-fomc\/","title":{"rendered":"L\u2019once encaisse le contrecoup du FOMC"},"content":{"rendered":"<p><span style=\"font-size: small;\"><img loading=\"lazy\" decoding=\"async\" class=\"alignleft size-thumbnail wp-image-7494\" title=\"L\u2019once encaisse le contrecoup du FOMC\" src=\"https:\/\/www.gold.fr\/news\/wp-content\/uploads\/2012\/05\/10-once-d-or-150x150.jpg\" alt=\"\" width=\"150\" height=\"150\" \/>Tout le monde avait manifestement pari\u00e9 sur une prolongation de la strat\u00e9gie de prudence de la <strong>FED<\/strong>, au moins jusqu&rsquo;au premier trimestre <strong>2016<\/strong>. Inutile donc de dire que la publication du communiqu\u00e9 de presse de la derni\u00e8re r\u00e9union du <strong>FOMC<\/strong> a souffl\u00e9 un vent de surprise, choc et panique au sein des march\u00e9s d&rsquo;<a href='https:\/\/www.gold.fr\/news\/tags\/investissement' class='esk-seo-plu-link'>investissement<\/a>. La <strong>FED<\/strong> vient d&rsquo;annoncer qu&rsquo;elle envisageait s\u00e9rieusement \u00ab<em> l&rsquo;\u00e9ventualit\u00e9 d&rsquo;une \u2009hausse des taux lors de la prochaine r\u00e9union du comit\u00e9 mon\u00e9taire<\/em>\u2009\u00bb, pr\u00e9vue les 15 et 16 d\u00e9cembre prochain.<\/span>    <span style=\"font-size: small;\">Difficile de pr\u00e9voir un tel rebondissement, dans la mesure o\u00f9 l&rsquo;\u00e9crasante majorit\u00e9 des statistiques et rapports macro\u00e9conomiques am\u00e9ricains, publi\u00e9s tout au long des deux derni\u00e8res semaines, a \u00e9t\u00e9 ind\u00e9niablement et clairement d\u00e9cevante. <strong>Janet Yellen<\/strong> et ses coll\u00e8gues semblent pourtant esp\u00e9rer que les deux prochains mois apporteront une nouvelle salve de chiffres plus rassurants et encourageants, afin de justifier ce fameux rel\u00e8vement des taux.<\/span>    <span style=\"font-size: small;\">Cette mesure (le rel\u00e8vement des taux) \u00e9tait bel et bien pr\u00e9vue depuis le d\u00e9but de l&rsquo;ann\u00e9e en cours, mais les projets de l&rsquo;institution sont devenus \u00ab <em>plus flous avec le FOMC de septembre et les d\u00e9clarations divergentes des personnalit\u00e9s qui en sont membres<\/em> \u00bb, avec une <strong>FED<\/strong> qui s&rsquo;auto-proclame \u00ab <em>\u201cdata dependent\u201d, et que les pr\u00e9visions conjoncturelles globales sont actuellement tir\u00e9es vers le bas<\/em> \u00bb.<\/span>    <span style=\"font-size: small;\">Pour information, la veille, <strong>Aurel BGC<\/strong> rapportait que \u00ab <em>sur 90 \u00e9conomistes interrog\u00e9s par Bloomberg, aucun n&rsquo;anticipe une hausse des taux directeurs (au mois d&rsquo;octobre)<\/em> \u00bb, et la Soci\u00e9t\u00e9 G\u00e9n\u00e9rale estimait de son c\u00f4t\u00e9 qu&rsquo;un \u00ab<em> changement de politique est vraiment, vraiment tr\u00e8s peu probable<\/em> \u00bb.<\/span><\/p>\n<!-- AddThis Advanced Settings generic via filter on the_content --><!-- AddThis Share Buttons generic via filter on the_content -->","protected":false},"excerpt":{"rendered":"<p>Tout le monde avait manifestement pari\u00e9 sur une prolongation de la strat\u00e9gie de prudence de la FED, au moins jusqu&rsquo;au premier trimestre 2016. Inutile donc de dire que la publication du communiqu\u00e9 de presse de la [&hellip;]<\/p>\n","protected":false},"author":18,"featured_media":7494,"comment_status":"open","ping_status":"open","sticky":false,"template":"","format":"standard","meta":{"_mbp_gutenberg_autopost":false,"_pgmb_is_evergreen":false,"_pgmb_ap_template_id":0,"footnotes":""},"categories":[6],"tags":[144,1034,900,1268,1810],"ppma_author":[2565],"class_list":["post-18221","post","type-post","status-publish","format-standard","has-post-thumbnail","hentry","category-articles-de-presse","tag-fed","tag-fomc","tag-once-or","tag-prix-once","tag-yellen"],"yoast_head":"<!-- This site is optimized with the Yoast SEO plugin v27.5 - https:\/\/yoast.com\/product\/yoast-seo-wordpress\/ -->\n<title>L\u2019once encaisse le contrecoup du FOMC - Gold.fr<\/title>\n<meta name=\"robots\" content=\"index, follow, max-snippet:-1, max-image-preview:large, max-video-preview:-1\" \/>\n<link rel=\"canonical\" href=\"https:\/\/www.gold.fr\/news\/2015\/10\/29\/lonce-encaisse-le-contrecoup-du-fomc\/\" \/>\n<meta property=\"og:locale\" content=\"fr_FR\" \/>\n<meta property=\"og:type\" content=\"article\" \/>\n<meta property=\"og:title\" content=\"L\u2019once encaisse le contrecoup du FOMC - Gold.fr\" \/>\n<meta property=\"og:description\" content=\"Tout le monde avait manifestement pari\u00e9 sur une prolongation de la strat\u00e9gie de prudence de la FED, au moins jusqu&rsquo;au premier trimestre 2016. Inutile donc de dire que la publication du communiqu\u00e9 de presse de la [&hellip;]\" \/>\n<meta property=\"og:url\" content=\"https:\/\/www.gold.fr\/news\/2015\/10\/29\/lonce-encaisse-le-contrecoup-du-fomc\/\" \/>\n<meta property=\"og:site_name\" content=\"Gold.fr\" \/>\n<meta property=\"article:publisher\" content=\"https:\/\/www.facebook.com\/Goldfr\/\" \/>\n<meta property=\"article:published_time\" content=\"2015-10-29T16:00:27+00:00\" \/>\n<meta property=\"article:modified_time\" content=\"2017-11-29T16:53:13+00:00\" \/>\n<meta property=\"og:image\" content=\"https:\/\/www.gold.fr\/news\/wp-content\/uploads\/2012\/05\/10-once-d-or.jpg\" \/>\n\t<meta property=\"og:image:width\" content=\"600\" \/>\n\t<meta property=\"og:image:height\" content=\"491\" \/>\n\t<meta property=\"og:image:type\" content=\"image\/jpeg\" \/>\n<meta name=\"author\" content=\"Comptoir National de l&#039;Or\" \/>\n<meta name=\"twitter:card\" content=\"summary_large_image\" \/>\n<meta name=\"twitter:label1\" content=\"\u00c9crit par\" \/>\n\t<meta name=\"twitter:data1\" content=\"Comptoir National de l&#039;Or\" \/>\n\t<meta name=\"twitter:label2\" content=\"Dur\u00e9e de lecture estim\u00e9e\" \/>\n\t<meta name=\"twitter:data2\" content=\"1 minute\" \/>\n<script type=\"application\/ld+json\" class=\"yoast-schema-graph\">{\"@context\":\"https:\\\/\\\/schema.org\",\"@graph\":[{\"@type\":\"Article\",\"@id\":\"https:\\\/\\\/www.gold.fr\\\/news\\\/2015\\\/10\\\/29\\\/lonce-encaisse-le-contrecoup-du-fomc\\\/#article\",\"isPartOf\":{\"@id\":\"https:\\\/\\\/www.gold.fr\\\/news\\\/2015\\\/10\\\/29\\\/lonce-encaisse-le-contrecoup-du-fomc\\\/\"},\"author\":{\"name\":\"Comptoir National de l'Or\",\"@id\":\"https:\\\/\\\/www.gold.fr\\\/news\\\/#\\\/schema\\\/person\\\/070491b4b4fb7671bf59b3be20302ce9\"},\"headline\":\"L\u2019once encaisse le contrecoup du FOMC\",\"datePublished\":\"2015-10-29T16:00:27+00:00\",\"dateModified\":\"2017-11-29T16:53:13+00:00\",\"mainEntityOfPage\":{\"@id\":\"https:\\\/\\\/www.gold.fr\\\/news\\\/2015\\\/10\\\/29\\\/lonce-encaisse-le-contrecoup-du-fomc\\\/\"},\"wordCount\":296,\"commentCount\":0,\"image\":{\"@id\":\"https:\\\/\\\/www.gold.fr\\\/news\\\/2015\\\/10\\\/29\\\/lonce-encaisse-le-contrecoup-du-fomc\\\/#primaryimage\"},\"thumbnailUrl\":\"https:\\\/\\\/www.gold.fr\\\/news\\\/wp-content\\\/uploads\\\/2012\\\/05\\\/10-once-d-or.jpg\",\"keywords\":[\"fed\",\"FOMC\",\"Once or\",\"prix once\",\"yellen\"],\"articleSection\":[\"Articles de presse\"],\"inLanguage\":\"fr-FR\"},{\"@type\":\"WebPage\",\"@id\":\"https:\\\/\\\/www.gold.fr\\\/news\\\/2015\\\/10\\\/29\\\/lonce-encaisse-le-contrecoup-du-fomc\\\/\",\"url\":\"https:\\\/\\\/www.gold.fr\\\/news\\\/2015\\\/10\\\/29\\\/lonce-encaisse-le-contrecoup-du-fomc\\\/\",\"name\":\"L\u2019once encaisse le contrecoup du FOMC - Gold.fr\",\"isPartOf\":{\"@id\":\"https:\\\/\\\/www.gold.fr\\\/news\\\/#website\"},\"primaryImageOfPage\":{\"@id\":\"https:\\\/\\\/www.gold.fr\\\/news\\\/2015\\\/10\\\/29\\\/lonce-encaisse-le-contrecoup-du-fomc\\\/#primaryimage\"},\"image\":{\"@id\":\"https:\\\/\\\/www.gold.fr\\\/news\\\/2015\\\/10\\\/29\\\/lonce-encaisse-le-contrecoup-du-fomc\\\/#primaryimage\"},\"thumbnailUrl\":\"https:\\\/\\\/www.gold.fr\\\/news\\\/wp-content\\\/uploads\\\/2012\\\/05\\\/10-once-d-or.jpg\",\"datePublished\":\"2015-10-29T16:00:27+00:00\",\"dateModified\":\"2017-11-29T16:53:13+00:00\",\"author\":{\"@id\":\"https:\\\/\\\/www.gold.fr\\\/news\\\/#\\\/schema\\\/person\\\/070491b4b4fb7671bf59b3be20302ce9\"},\"breadcrumb\":{\"@id\":\"https:\\\/\\\/www.gold.fr\\\/news\\\/2015\\\/10\\\/29\\\/lonce-encaisse-le-contrecoup-du-fomc\\\/#breadcrumb\"},\"inLanguage\":\"fr-FR\",\"potentialAction\":[{\"@type\":\"ReadAction\",\"target\":[\"https:\\\/\\\/www.gold.fr\\\/news\\\/2015\\\/10\\\/29\\\/lonce-encaisse-le-contrecoup-du-fomc\\\/\"]}]},{\"@type\":\"ImageObject\",\"inLanguage\":\"fr-FR\",\"@id\":\"https:\\\/\\\/www.gold.fr\\\/news\\\/2015\\\/10\\\/29\\\/lonce-encaisse-le-contrecoup-du-fomc\\\/#primaryimage\",\"url\":\"https:\\\/\\\/www.gold.fr\\\/news\\\/wp-content\\\/uploads\\\/2012\\\/05\\\/10-once-d-or.jpg\",\"contentUrl\":\"https:\\\/\\\/www.gold.fr\\\/news\\\/wp-content\\\/uploads\\\/2012\\\/05\\\/10-once-d-or.jpg\",\"width\":\"600\",\"height\":\"491\",\"caption\":\"D\u00e9but de semaine en \u00e9quilibre pour l\u2019once d\u2019or\"},{\"@type\":\"BreadcrumbList\",\"@id\":\"https:\\\/\\\/www.gold.fr\\\/news\\\/2015\\\/10\\\/29\\\/lonce-encaisse-le-contrecoup-du-fomc\\\/#breadcrumb\",\"itemListElement\":[{\"@type\":\"ListItem\",\"position\":1,\"name\":\"Accueil\",\"item\":\"https:\\\/\\\/www.gold.fr\\\/\"},{\"@type\":\"ListItem\",\"position\":2,\"name\":\"Actualit\u00e9s\",\"item\":\"https:\\\/\\\/www.gold.fr\\\/news\\\/\"},{\"@type\":\"ListItem\",\"position\":3,\"name\":\"L\u2019once encaisse le contrecoup du FOMC\"}]},{\"@type\":\"WebSite\",\"@id\":\"https:\\\/\\\/www.gold.fr\\\/news\\\/#website\",\"url\":\"https:\\\/\\\/www.gold.fr\\\/news\\\/\",\"name\":\"Gold.fr\",\"description\":\"Actualit\u00e9s de l&#039;Or et des m\u00e9taux pr\u00e9cieux\",\"potentialAction\":[{\"@type\":\"SearchAction\",\"target\":{\"@type\":\"EntryPoint\",\"urlTemplate\":\"https:\\\/\\\/www.gold.fr\\\/news\\\/?s={search_term_string}\"},\"query-input\":{\"@type\":\"PropertyValueSpecification\",\"valueRequired\":true,\"valueName\":\"search_term_string\"}}],\"inLanguage\":\"fr-FR\"},{\"@type\":\"Person\",\"@id\":\"https:\\\/\\\/www.gold.fr\\\/news\\\/#\\\/schema\\\/person\\\/070491b4b4fb7671bf59b3be20302ce9\",\"name\":\"Comptoir National de l'Or\",\"image\":{\"@type\":\"ImageObject\",\"inLanguage\":\"fr-FR\",\"@id\":\"https:\\\/\\\/secure.gravatar.com\\\/avatar\\\/0a2867fd5abe37bed95d5a65e9d58f01756e11efc68af9888dfc50cfa7f65948?s=96&d=mm&r=gb490554db0a38188709de567aa58480d\",\"url\":\"https:\\\/\\\/secure.gravatar.com\\\/avatar\\\/0a2867fd5abe37bed95d5a65e9d58f01756e11efc68af9888dfc50cfa7f65948?s=96&d=mm&r=g\",\"contentUrl\":\"https:\\\/\\\/secure.gravatar.com\\\/avatar\\\/0a2867fd5abe37bed95d5a65e9d58f01756e11efc68af9888dfc50cfa7f65948?s=96&d=mm&r=g\",\"caption\":\"Comptoir National de l'Or\"},\"description\":\"Notre r\u00e9daction est constitu\u00e9e de membres experts dans les m\u00e9tiers de l'\u00e9conomie et la gestion, des Responsables d'agence Comptoir National de l'Or, des analystes financiers qui publient r\u00e9guli\u00e8rement des \u00e9tudes sur les politiques des banques centrales, le cours de l'or, prix de l'or, cours de l'argent, prix de l'argent, cours du platine, cours du palladium,... la situation en zone euro et l'impact de la strat\u00e9gie mon\u00e9taire de la FED. Notre \u00e9quipe scrute \u00e9galement une information plus g\u00e9n\u00e9raliste \u00e0 la recherche d'actualit\u00e9 \\\"p\u00e9pite\\\" \u00e0 vous partager. Depuis 5 ans, nous avons publi\u00e9 un peu plus de 4000 articles qui s'adressent \u00e0 un public large et vari\u00e9 ayant pour objectif de satisfaire votre curiosit\u00e9 et de partager avec vous une certaine fascination pour le m\u00e9tal jaune, le rachat d'or, et pour ceux qui veulent investir dans l'or, vendre leur or tout simplement en savoir plus... Pour tous vos achat or et argent, n'h\u00e9sitez pas \u00e0 prendre rendez-vous dans l'un de nos nombreux comptoirs.\",\"sameAs\":[\"https:\\\/\\\/www.gold.fr\"]}]}<\/script>\n<!-- \/ Yoast SEO plugin. -->","yoast_head_json":{"title":"L\u2019once encaisse le contrecoup du FOMC - Gold.fr","robots":{"index":"index","follow":"follow","max-snippet":"max-snippet:-1","max-image-preview":"max-image-preview:large","max-video-preview":"max-video-preview:-1"},"canonical":"https:\/\/www.gold.fr\/news\/2015\/10\/29\/lonce-encaisse-le-contrecoup-du-fomc\/","og_locale":"fr_FR","og_type":"article","og_title":"L\u2019once encaisse le contrecoup du FOMC - Gold.fr","og_description":"Tout le monde avait manifestement pari\u00e9 sur une prolongation de la strat\u00e9gie de prudence de la FED, au moins jusqu&rsquo;au premier trimestre 2016. Inutile donc de dire que la publication du communiqu\u00e9 de presse de la [&hellip;]","og_url":"https:\/\/www.gold.fr\/news\/2015\/10\/29\/lonce-encaisse-le-contrecoup-du-fomc\/","og_site_name":"Gold.fr","article_publisher":"https:\/\/www.facebook.com\/Goldfr\/","article_published_time":"2015-10-29T16:00:27+00:00","article_modified_time":"2017-11-29T16:53:13+00:00","og_image":[{"width":600,"height":491,"url":"https:\/\/www.gold.fr\/news\/wp-content\/uploads\/2012\/05\/10-once-d-or.jpg","type":"image\/jpeg"}],"author":"Comptoir National de l'Or","twitter_card":"summary_large_image","twitter_misc":{"\u00c9crit par":"Comptoir National de l'Or","Dur\u00e9e de lecture estim\u00e9e":"1 minute"},"schema":{"@context":"https:\/\/schema.org","@graph":[{"@type":"Article","@id":"https:\/\/www.gold.fr\/news\/2015\/10\/29\/lonce-encaisse-le-contrecoup-du-fomc\/#article","isPartOf":{"@id":"https:\/\/www.gold.fr\/news\/2015\/10\/29\/lonce-encaisse-le-contrecoup-du-fomc\/"},"author":{"name":"Comptoir National de l'Or","@id":"https:\/\/www.gold.fr\/news\/#\/schema\/person\/070491b4b4fb7671bf59b3be20302ce9"},"headline":"L\u2019once encaisse le contrecoup du FOMC","datePublished":"2015-10-29T16:00:27+00:00","dateModified":"2017-11-29T16:53:13+00:00","mainEntityOfPage":{"@id":"https:\/\/www.gold.fr\/news\/2015\/10\/29\/lonce-encaisse-le-contrecoup-du-fomc\/"},"wordCount":296,"commentCount":0,"image":{"@id":"https:\/\/www.gold.fr\/news\/2015\/10\/29\/lonce-encaisse-le-contrecoup-du-fomc\/#primaryimage"},"thumbnailUrl":"https:\/\/www.gold.fr\/news\/wp-content\/uploads\/2012\/05\/10-once-d-or.jpg","keywords":["fed","FOMC","Once or","prix once","yellen"],"articleSection":["Articles de presse"],"inLanguage":"fr-FR"},{"@type":"WebPage","@id":"https:\/\/www.gold.fr\/news\/2015\/10\/29\/lonce-encaisse-le-contrecoup-du-fomc\/","url":"https:\/\/www.gold.fr\/news\/2015\/10\/29\/lonce-encaisse-le-contrecoup-du-fomc\/","name":"L\u2019once encaisse le contrecoup du FOMC - Gold.fr","isPartOf":{"@id":"https:\/\/www.gold.fr\/news\/#website"},"primaryImageOfPage":{"@id":"https:\/\/www.gold.fr\/news\/2015\/10\/29\/lonce-encaisse-le-contrecoup-du-fomc\/#primaryimage"},"image":{"@id":"https:\/\/www.gold.fr\/news\/2015\/10\/29\/lonce-encaisse-le-contrecoup-du-fomc\/#primaryimage"},"thumbnailUrl":"https:\/\/www.gold.fr\/news\/wp-content\/uploads\/2012\/05\/10-once-d-or.jpg","datePublished":"2015-10-29T16:00:27+00:00","dateModified":"2017-11-29T16:53:13+00:00","author":{"@id":"https:\/\/www.gold.fr\/news\/#\/schema\/person\/070491b4b4fb7671bf59b3be20302ce9"},"breadcrumb":{"@id":"https:\/\/www.gold.fr\/news\/2015\/10\/29\/lonce-encaisse-le-contrecoup-du-fomc\/#breadcrumb"},"inLanguage":"fr-FR","potentialAction":[{"@type":"ReadAction","target":["https:\/\/www.gold.fr\/news\/2015\/10\/29\/lonce-encaisse-le-contrecoup-du-fomc\/"]}]},{"@type":"ImageObject","inLanguage":"fr-FR","@id":"https:\/\/www.gold.fr\/news\/2015\/10\/29\/lonce-encaisse-le-contrecoup-du-fomc\/#primaryimage","url":"https:\/\/www.gold.fr\/news\/wp-content\/uploads\/2012\/05\/10-once-d-or.jpg","contentUrl":"https:\/\/www.gold.fr\/news\/wp-content\/uploads\/2012\/05\/10-once-d-or.jpg","width":"600","height":"491","caption":"D\u00e9but de semaine en \u00e9quilibre pour l\u2019once d\u2019or"},{"@type":"BreadcrumbList","@id":"https:\/\/www.gold.fr\/news\/2015\/10\/29\/lonce-encaisse-le-contrecoup-du-fomc\/#breadcrumb","itemListElement":[{"@type":"ListItem","position":1,"name":"Accueil","item":"https:\/\/www.gold.fr\/"},{"@type":"ListItem","position":2,"name":"Actualit\u00e9s","item":"https:\/\/www.gold.fr\/news\/"},{"@type":"ListItem","position":3,"name":"L\u2019once encaisse le contrecoup du FOMC"}]},{"@type":"WebSite","@id":"https:\/\/www.gold.fr\/news\/#website","url":"https:\/\/www.gold.fr\/news\/","name":"Gold.fr","description":"Actualit\u00e9s de l&#039;Or et des m\u00e9taux pr\u00e9cieux","potentialAction":[{"@type":"SearchAction","target":{"@type":"EntryPoint","urlTemplate":"https:\/\/www.gold.fr\/news\/?s={search_term_string}"},"query-input":{"@type":"PropertyValueSpecification","valueRequired":true,"valueName":"search_term_string"}}],"inLanguage":"fr-FR"},{"@type":"Person","@id":"https:\/\/www.gold.fr\/news\/#\/schema\/person\/070491b4b4fb7671bf59b3be20302ce9","name":"Comptoir National de l'Or","image":{"@type":"ImageObject","inLanguage":"fr-FR","@id":"https:\/\/secure.gravatar.com\/avatar\/0a2867fd5abe37bed95d5a65e9d58f01756e11efc68af9888dfc50cfa7f65948?s=96&d=mm&r=gb490554db0a38188709de567aa58480d","url":"https:\/\/secure.gravatar.com\/avatar\/0a2867fd5abe37bed95d5a65e9d58f01756e11efc68af9888dfc50cfa7f65948?s=96&d=mm&r=g","contentUrl":"https:\/\/secure.gravatar.com\/avatar\/0a2867fd5abe37bed95d5a65e9d58f01756e11efc68af9888dfc50cfa7f65948?s=96&d=mm&r=g","caption":"Comptoir National de l'Or"},"description":"Notre r\u00e9daction est constitu\u00e9e de membres experts dans les m\u00e9tiers de l'\u00e9conomie et la gestion, des Responsables d'agence Comptoir National de l'Or, des analystes financiers qui publient r\u00e9guli\u00e8rement des \u00e9tudes sur les politiques des banques centrales, le cours de l'or, prix de l'or, cours de l'argent, prix de l'argent, cours du platine, cours du palladium,... la situation en zone euro et l'impact de la strat\u00e9gie mon\u00e9taire de la FED. Notre \u00e9quipe scrute \u00e9galement une information plus g\u00e9n\u00e9raliste \u00e0 la recherche d'actualit\u00e9 \"p\u00e9pite\" \u00e0 vous partager. Depuis 5 ans, nous avons publi\u00e9 un peu plus de 4000 articles qui s'adressent \u00e0 un public large et vari\u00e9 ayant pour objectif de satisfaire votre curiosit\u00e9 et de partager avec vous une certaine fascination pour le m\u00e9tal jaune, le rachat d'or, et pour ceux qui veulent investir dans l'or, vendre leur or tout simplement en savoir plus... Pour tous vos achat or et argent, n'h\u00e9sitez pas \u00e0 prendre rendez-vous dans l'un de nos nombreux comptoirs.","sameAs":["https:\/\/www.gold.fr"]}]}},"authors":[{"term_id":2565,"user_id":18,"is_guest":0,"slug":"julie","display_name":"Comptoir National de l'Or","avatar_url":"https:\/\/secure.gravatar.com\/avatar\/713f289e398d35ead876c4a4cc08607f0d6d266058cfc25683fffb6092d0e572?s=96&d=mm&r=g","0":null,"1":"","2":"","3":"","4":"","5":"","6":"","7":"","8":""}],"_links":{"self":[{"href":"https:\/\/www.gold.fr\/news\/wp-json\/wp\/v2\/posts\/18221","targetHints":{"allow":["GET"]}}],"collection":[{"href":"https:\/\/www.gold.fr\/news\/wp-json\/wp\/v2\/posts"}],"about":[{"href":"https:\/\/www.gold.fr\/news\/wp-json\/wp\/v2\/types\/post"}],"author":[{"embeddable":true,"href":"https:\/\/www.gold.fr\/news\/wp-json\/wp\/v2\/users\/18"}],"replies":[{"embeddable":true,"href":"https:\/\/www.gold.fr\/news\/wp-json\/wp\/v2\/comments?post=18221"}],"version-history":[{"count":0,"href":"https:\/\/www.gold.fr\/news\/wp-json\/wp\/v2\/posts\/18221\/revisions"}],"wp:featuredmedia":[{"embeddable":true,"href":"https:\/\/www.gold.fr\/news\/wp-json\/wp\/v2\/media\/7494"}],"wp:attachment":[{"href":"https:\/\/www.gold.fr\/news\/wp-json\/wp\/v2\/media?parent=18221"}],"wp:term":[{"taxonomy":"category","embeddable":true,"href":"https:\/\/www.gold.fr\/news\/wp-json\/wp\/v2\/categories?post=18221"},{"taxonomy":"post_tag","embeddable":true,"href":"https:\/\/www.gold.fr\/news\/wp-json\/wp\/v2\/tags?post=18221"},{"taxonomy":"author","embeddable":true,"href":"https:\/\/www.gold.fr\/news\/wp-json\/wp\/v2\/ppma_author?post=18221"}],"curies":[{"name":"wp","href":"https:\/\/api.w.org\/{rel}","templated":true}]}}