{"id":18213,"date":"2015-10-29T09:00:44","date_gmt":"2015-10-29T08:00:44","guid":{"rendered":"https:\/\/www.gold.fr\/news\/?p=18213"},"modified":"2017-11-29T17:53:15","modified_gmt":"2017-11-29T16:53:15","slug":"marches-en-repli-morose-et-unanime","status":"publish","type":"post","link":"https:\/\/www.gold.fr\/news\/2015\/10\/29\/marches-en-repli-morose-et-unanime\/","title":{"rendered":"March\u00e9s en repli morose et unanime"},"content":{"rendered":"<p><img loading=\"lazy\" decoding=\"async\" class=\"alignleft size-thumbnail wp-image-9348\" title=\"March\u00e9s en repli morose et unanime \" src=\"https:\/\/www.gold.fr\/news\/wp-content\/uploads\/2012\/09\/billet-euro-dollar-150x150.jpg\" alt=\"\" width=\"150\" height=\"150\" \/><span style=\"font-size: small;\">C\u2019est une baisse g\u00e9n\u00e9ralis\u00e9e qu\u2019enregistrent les march\u00e9s boursiers, des deux c\u00f4t\u00e9s de l\u2019Atlantique, tir\u00e9s vers le bas par l\u2019accumulation d\u2019incertitudes relatives \u00e0 l\u2019avenir \u00e0 court et moyen terme des politiques mon\u00e9taires de la r\u00e9serv\u00e9 f\u00e9d\u00e9rale am\u00e9ricaine et de la banque centrale europ\u00e9enne.<\/span>    <span style=\"font-size: small;\">La <strong>BCE<\/strong> a pourtant d\u00e9ploy\u00e9 des efforts consid\u00e9rables dans le seul but de rassurer les march\u00e9s. Quant au d\u00e9tail du communiqu\u00e9 de presse de la <strong>FED<\/strong>, concernant son plus r\u00e9cent <strong>FOMC<\/strong>, il n\u2019est pas sens\u00e9 inclure une quelconque surprise ; tout au plus, une confirmation du maintien du status quo, jusqu\u2019\u00e0 nouvel ordre. N\u00e9anmoins, les principales places boursi\u00e8res US et euro continuent \u00e0 plonger plus ou moins fortement, depuis le d\u00e9but de la semaine.<\/span>    <span style=\"font-size: small;\"><strong>Nour Al-Hammoury<\/strong>, strat\u00e8ge de march\u00e9s chez <strong>ADS Securities<\/strong>, d\u00e9clare, \u00e0 ce sujet, que \u00ab aucune d\u00e9cision n&rsquo;a \u00e9t\u00e9 prise par la <strong>BCE<\/strong> concernant ses taux ou ses rachats d&rsquo;actifs \u00bb, ajoutant craindre \u00ab <em>que les march\u00e9s puissent surestimer un tel mouvement<\/em> \u00bb. Par ailleurs, bon nombre d\u2019observateurs rappellent que le comit\u00e9 de direction de la politique mon\u00e9taire de la <strong>FED<\/strong> ne sera pas en mesure de \u00ab <em>reporter \u00e9ternellement la hausse de ses taux directeurs<\/em> \u00bb.<\/span>    <span style=\"font-size: small;\">Il faut pourtant admettre que la conjoncture macro\u00e9conomique (notamment am\u00e9ricaine) est peu encourageante ; apr\u00e8s la d\u00e9ception des ventes de logements neufs, celle des commandes de biens durables (en baisse de <strong>1,2%<\/strong> en septembre), et de l&rsquo;indice de confiance des consommateurs du <strong>Conference Board<\/strong> (en repli de cinq points \u00e0<strong> 97,6 points<\/strong>), c\u2019est au tour de la confiance des m\u00e9nages d\u2019encaisser un recul. L\u2019indice relativement majeur avait atteint en septembre son plus haut niveau depuis octobre <strong>2007<\/strong>, avant de baisser en octobre, \u00ab <em>restant ainsi inf\u00e9rieur \u00e0 sa moyenne de longue p\u00e9riode (100)<\/em> \u00bb.<\/span><\/p>\n<!-- AddThis Advanced Settings generic via filter on the_content --><!-- AddThis Share Buttons generic via filter on the_content -->","protected":false},"excerpt":{"rendered":"<p>C\u2019est une baisse g\u00e9n\u00e9ralis\u00e9e qu\u2019enregistrent les march\u00e9s boursiers, des deux c\u00f4t\u00e9s de l\u2019Atlantique, tir\u00e9s vers le bas par l\u2019accumulation d\u2019incertitudes relatives \u00e0 l\u2019avenir \u00e0 court et moyen terme des politiques mon\u00e9taires de la r\u00e9serv\u00e9 f\u00e9d\u00e9rale am\u00e9ricaine [&hellip;]<\/p>\n","protected":false},"author":18,"featured_media":9348,"comment_status":"open","ping_status":"open","sticky":false,"template":"","format":"standard","meta":{"_mbp_gutenberg_autopost":false,"_pgmb_is_evergreen":false,"_pgmb_ap_template_id":0,"footnotes":""},"categories":[6],"tags":[1188,144,1034,1649],"ppma_author":[2565],"class_list":["post-18213","post","type-post","status-publish","format-standard","has-post-thumbnail","hentry","category-articles-de-presse","tag-bourse","tag-fed","tag-fomc","tag-marches"],"yoast_head":"<!-- This site is optimized with the Yoast SEO plugin v27.5 - https:\/\/yoast.com\/product\/yoast-seo-wordpress\/ -->\n<title>March\u00e9s en repli morose et unanime - Gold.fr<\/title>\n<meta name=\"robots\" content=\"index, follow, max-snippet:-1, max-image-preview:large, max-video-preview:-1\" \/>\n<link rel=\"canonical\" href=\"https:\/\/www.gold.fr\/news\/2015\/10\/29\/marches-en-repli-morose-et-unanime\/\" \/>\n<meta property=\"og:locale\" content=\"fr_FR\" \/>\n<meta property=\"og:type\" content=\"article\" \/>\n<meta property=\"og:title\" content=\"March\u00e9s en repli morose et unanime - Gold.fr\" \/>\n<meta property=\"og:description\" content=\"C\u2019est une baisse g\u00e9n\u00e9ralis\u00e9e qu\u2019enregistrent les march\u00e9s boursiers, des deux c\u00f4t\u00e9s de l\u2019Atlantique, tir\u00e9s vers le bas par l\u2019accumulation d\u2019incertitudes relatives \u00e0 l\u2019avenir \u00e0 court et moyen terme des politiques mon\u00e9taires de la r\u00e9serv\u00e9 f\u00e9d\u00e9rale am\u00e9ricaine [&hellip;]\" \/>\n<meta property=\"og:url\" content=\"https:\/\/www.gold.fr\/news\/2015\/10\/29\/marches-en-repli-morose-et-unanime\/\" \/>\n<meta property=\"og:site_name\" content=\"Gold.fr\" \/>\n<meta property=\"article:publisher\" content=\"https:\/\/www.facebook.com\/Goldfr\/\" \/>\n<meta property=\"article:published_time\" content=\"2015-10-29T08:00:44+00:00\" \/>\n<meta property=\"article:modified_time\" content=\"2017-11-29T16:53:15+00:00\" \/>\n<meta property=\"og:image\" content=\"https:\/\/www.gold.fr\/news\/wp-content\/uploads\/2012\/09\/billet-euro-dollar.jpg\" \/>\n\t<meta property=\"og:image:width\" content=\"601\" \/>\n\t<meta property=\"og:image:height\" content=\"400\" \/>\n\t<meta property=\"og:image:type\" content=\"image\/jpeg\" \/>\n<meta name=\"author\" content=\"Comptoir National de l&#039;Or\" \/>\n<meta name=\"twitter:card\" content=\"summary_large_image\" \/>\n<meta name=\"twitter:label1\" content=\"\u00c9crit par\" \/>\n\t<meta name=\"twitter:data1\" content=\"Comptoir National de l&#039;Or\" \/>\n\t<meta name=\"twitter:label2\" content=\"Dur\u00e9e de lecture estim\u00e9e\" \/>\n\t<meta name=\"twitter:data2\" content=\"2 minutes\" \/>\n<script type=\"application\/ld+json\" class=\"yoast-schema-graph\">{\"@context\":\"https:\\\/\\\/schema.org\",\"@graph\":[{\"@type\":\"Article\",\"@id\":\"https:\\\/\\\/www.gold.fr\\\/news\\\/2015\\\/10\\\/29\\\/marches-en-repli-morose-et-unanime\\\/#article\",\"isPartOf\":{\"@id\":\"https:\\\/\\\/www.gold.fr\\\/news\\\/2015\\\/10\\\/29\\\/marches-en-repli-morose-et-unanime\\\/\"},\"author\":{\"name\":\"Comptoir National de l'Or\",\"@id\":\"https:\\\/\\\/www.gold.fr\\\/news\\\/#\\\/schema\\\/person\\\/070491b4b4fb7671bf59b3be20302ce9\"},\"headline\":\"March\u00e9s en repli morose et unanime\",\"datePublished\":\"2015-10-29T08:00:44+00:00\",\"dateModified\":\"2017-11-29T16:53:15+00:00\",\"mainEntityOfPage\":{\"@id\":\"https:\\\/\\\/www.gold.fr\\\/news\\\/2015\\\/10\\\/29\\\/marches-en-repli-morose-et-unanime\\\/\"},\"wordCount\":321,\"commentCount\":0,\"image\":{\"@id\":\"https:\\\/\\\/www.gold.fr\\\/news\\\/2015\\\/10\\\/29\\\/marches-en-repli-morose-et-unanime\\\/#primaryimage\"},\"thumbnailUrl\":\"https:\\\/\\\/www.gold.fr\\\/news\\\/wp-content\\\/uploads\\\/2012\\\/09\\\/billet-euro-dollar.jpg\",\"keywords\":[\"bourse\",\"fed\",\"FOMC\",\"march\u00e9s\"],\"articleSection\":[\"Articles de presse\"],\"inLanguage\":\"fr-FR\"},{\"@type\":\"WebPage\",\"@id\":\"https:\\\/\\\/www.gold.fr\\\/news\\\/2015\\\/10\\\/29\\\/marches-en-repli-morose-et-unanime\\\/\",\"url\":\"https:\\\/\\\/www.gold.fr\\\/news\\\/2015\\\/10\\\/29\\\/marches-en-repli-morose-et-unanime\\\/\",\"name\":\"March\u00e9s en repli morose et unanime - Gold.fr\",\"isPartOf\":{\"@id\":\"https:\\\/\\\/www.gold.fr\\\/news\\\/#website\"},\"primaryImageOfPage\":{\"@id\":\"https:\\\/\\\/www.gold.fr\\\/news\\\/2015\\\/10\\\/29\\\/marches-en-repli-morose-et-unanime\\\/#primaryimage\"},\"image\":{\"@id\":\"https:\\\/\\\/www.gold.fr\\\/news\\\/2015\\\/10\\\/29\\\/marches-en-repli-morose-et-unanime\\\/#primaryimage\"},\"thumbnailUrl\":\"https:\\\/\\\/www.gold.fr\\\/news\\\/wp-content\\\/uploads\\\/2012\\\/09\\\/billet-euro-dollar.jpg\",\"datePublished\":\"2015-10-29T08:00:44+00:00\",\"dateModified\":\"2017-11-29T16:53:15+00:00\",\"author\":{\"@id\":\"https:\\\/\\\/www.gold.fr\\\/news\\\/#\\\/schema\\\/person\\\/070491b4b4fb7671bf59b3be20302ce9\"},\"breadcrumb\":{\"@id\":\"https:\\\/\\\/www.gold.fr\\\/news\\\/2015\\\/10\\\/29\\\/marches-en-repli-morose-et-unanime\\\/#breadcrumb\"},\"inLanguage\":\"fr-FR\",\"potentialAction\":[{\"@type\":\"ReadAction\",\"target\":[\"https:\\\/\\\/www.gold.fr\\\/news\\\/2015\\\/10\\\/29\\\/marches-en-repli-morose-et-unanime\\\/\"]}]},{\"@type\":\"ImageObject\",\"inLanguage\":\"fr-FR\",\"@id\":\"https:\\\/\\\/www.gold.fr\\\/news\\\/2015\\\/10\\\/29\\\/marches-en-repli-morose-et-unanime\\\/#primaryimage\",\"url\":\"https:\\\/\\\/www.gold.fr\\\/news\\\/wp-content\\\/uploads\\\/2012\\\/09\\\/billet-euro-dollar.jpg\",\"contentUrl\":\"https:\\\/\\\/www.gold.fr\\\/news\\\/wp-content\\\/uploads\\\/2012\\\/09\\\/billet-euro-dollar.jpg\",\"width\":\"601\",\"height\":\"400\",\"caption\":\"Or: R\u00e9union au sommet des g\u00e9ants du secteur minier\"},{\"@type\":\"BreadcrumbList\",\"@id\":\"https:\\\/\\\/www.gold.fr\\\/news\\\/2015\\\/10\\\/29\\\/marches-en-repli-morose-et-unanime\\\/#breadcrumb\",\"itemListElement\":[{\"@type\":\"ListItem\",\"position\":1,\"name\":\"Accueil\",\"item\":\"https:\\\/\\\/www.gold.fr\\\/\"},{\"@type\":\"ListItem\",\"position\":2,\"name\":\"Actualit\u00e9s\",\"item\":\"https:\\\/\\\/www.gold.fr\\\/news\\\/\"},{\"@type\":\"ListItem\",\"position\":3,\"name\":\"March\u00e9s en repli morose et unanime\"}]},{\"@type\":\"WebSite\",\"@id\":\"https:\\\/\\\/www.gold.fr\\\/news\\\/#website\",\"url\":\"https:\\\/\\\/www.gold.fr\\\/news\\\/\",\"name\":\"Gold.fr\",\"description\":\"Actualit\u00e9s de l&#039;Or et des m\u00e9taux pr\u00e9cieux\",\"potentialAction\":[{\"@type\":\"SearchAction\",\"target\":{\"@type\":\"EntryPoint\",\"urlTemplate\":\"https:\\\/\\\/www.gold.fr\\\/news\\\/?s={search_term_string}\"},\"query-input\":{\"@type\":\"PropertyValueSpecification\",\"valueRequired\":true,\"valueName\":\"search_term_string\"}}],\"inLanguage\":\"fr-FR\"},{\"@type\":\"Person\",\"@id\":\"https:\\\/\\\/www.gold.fr\\\/news\\\/#\\\/schema\\\/person\\\/070491b4b4fb7671bf59b3be20302ce9\",\"name\":\"Comptoir National de l'Or\",\"image\":{\"@type\":\"ImageObject\",\"inLanguage\":\"fr-FR\",\"@id\":\"https:\\\/\\\/secure.gravatar.com\\\/avatar\\\/0a2867fd5abe37bed95d5a65e9d58f01756e11efc68af9888dfc50cfa7f65948?s=96&d=mm&r=gb490554db0a38188709de567aa58480d\",\"url\":\"https:\\\/\\\/secure.gravatar.com\\\/avatar\\\/0a2867fd5abe37bed95d5a65e9d58f01756e11efc68af9888dfc50cfa7f65948?s=96&d=mm&r=g\",\"contentUrl\":\"https:\\\/\\\/secure.gravatar.com\\\/avatar\\\/0a2867fd5abe37bed95d5a65e9d58f01756e11efc68af9888dfc50cfa7f65948?s=96&d=mm&r=g\",\"caption\":\"Comptoir National de l'Or\"},\"description\":\"Notre r\u00e9daction est constitu\u00e9e de membres experts dans les m\u00e9tiers de l'\u00e9conomie et la gestion, des Responsables d'agence Comptoir National de l'Or, des analystes financiers qui publient r\u00e9guli\u00e8rement des \u00e9tudes sur les politiques des banques centrales, le cours de l'or, prix de l'or, cours de l'argent, prix de l'argent, cours du platine, cours du palladium,... la situation en zone euro et l'impact de la strat\u00e9gie mon\u00e9taire de la FED. Notre \u00e9quipe scrute \u00e9galement une information plus g\u00e9n\u00e9raliste \u00e0 la recherche d'actualit\u00e9 \\\"p\u00e9pite\\\" \u00e0 vous partager. Depuis 5 ans, nous avons publi\u00e9 un peu plus de 4000 articles qui s'adressent \u00e0 un public large et vari\u00e9 ayant pour objectif de satisfaire votre curiosit\u00e9 et de partager avec vous une certaine fascination pour le m\u00e9tal jaune, le rachat d'or, et pour ceux qui veulent investir dans l'or, vendre leur or tout simplement en savoir plus... Pour tous vos achat or et argent, n'h\u00e9sitez pas \u00e0 prendre rendez-vous dans l'un de nos nombreux comptoirs.\",\"sameAs\":[\"https:\\\/\\\/www.gold.fr\"]}]}<\/script>\n<!-- \/ Yoast SEO plugin. -->","yoast_head_json":{"title":"March\u00e9s en repli morose et unanime - Gold.fr","robots":{"index":"index","follow":"follow","max-snippet":"max-snippet:-1","max-image-preview":"max-image-preview:large","max-video-preview":"max-video-preview:-1"},"canonical":"https:\/\/www.gold.fr\/news\/2015\/10\/29\/marches-en-repli-morose-et-unanime\/","og_locale":"fr_FR","og_type":"article","og_title":"March\u00e9s en repli morose et unanime - Gold.fr","og_description":"C\u2019est une baisse g\u00e9n\u00e9ralis\u00e9e qu\u2019enregistrent les march\u00e9s boursiers, des deux c\u00f4t\u00e9s de l\u2019Atlantique, tir\u00e9s vers le bas par l\u2019accumulation d\u2019incertitudes relatives \u00e0 l\u2019avenir \u00e0 court et moyen terme des politiques mon\u00e9taires de la r\u00e9serv\u00e9 f\u00e9d\u00e9rale am\u00e9ricaine [&hellip;]","og_url":"https:\/\/www.gold.fr\/news\/2015\/10\/29\/marches-en-repli-morose-et-unanime\/","og_site_name":"Gold.fr","article_publisher":"https:\/\/www.facebook.com\/Goldfr\/","article_published_time":"2015-10-29T08:00:44+00:00","article_modified_time":"2017-11-29T16:53:15+00:00","og_image":[{"width":601,"height":400,"url":"https:\/\/www.gold.fr\/news\/wp-content\/uploads\/2012\/09\/billet-euro-dollar.jpg","type":"image\/jpeg"}],"author":"Comptoir National de l'Or","twitter_card":"summary_large_image","twitter_misc":{"\u00c9crit par":"Comptoir National de l'Or","Dur\u00e9e de lecture estim\u00e9e":"2 minutes"},"schema":{"@context":"https:\/\/schema.org","@graph":[{"@type":"Article","@id":"https:\/\/www.gold.fr\/news\/2015\/10\/29\/marches-en-repli-morose-et-unanime\/#article","isPartOf":{"@id":"https:\/\/www.gold.fr\/news\/2015\/10\/29\/marches-en-repli-morose-et-unanime\/"},"author":{"name":"Comptoir National de l'Or","@id":"https:\/\/www.gold.fr\/news\/#\/schema\/person\/070491b4b4fb7671bf59b3be20302ce9"},"headline":"March\u00e9s en repli morose et unanime","datePublished":"2015-10-29T08:00:44+00:00","dateModified":"2017-11-29T16:53:15+00:00","mainEntityOfPage":{"@id":"https:\/\/www.gold.fr\/news\/2015\/10\/29\/marches-en-repli-morose-et-unanime\/"},"wordCount":321,"commentCount":0,"image":{"@id":"https:\/\/www.gold.fr\/news\/2015\/10\/29\/marches-en-repli-morose-et-unanime\/#primaryimage"},"thumbnailUrl":"https:\/\/www.gold.fr\/news\/wp-content\/uploads\/2012\/09\/billet-euro-dollar.jpg","keywords":["bourse","fed","FOMC","march\u00e9s"],"articleSection":["Articles de presse"],"inLanguage":"fr-FR"},{"@type":"WebPage","@id":"https:\/\/www.gold.fr\/news\/2015\/10\/29\/marches-en-repli-morose-et-unanime\/","url":"https:\/\/www.gold.fr\/news\/2015\/10\/29\/marches-en-repli-morose-et-unanime\/","name":"March\u00e9s en repli morose et unanime - Gold.fr","isPartOf":{"@id":"https:\/\/www.gold.fr\/news\/#website"},"primaryImageOfPage":{"@id":"https:\/\/www.gold.fr\/news\/2015\/10\/29\/marches-en-repli-morose-et-unanime\/#primaryimage"},"image":{"@id":"https:\/\/www.gold.fr\/news\/2015\/10\/29\/marches-en-repli-morose-et-unanime\/#primaryimage"},"thumbnailUrl":"https:\/\/www.gold.fr\/news\/wp-content\/uploads\/2012\/09\/billet-euro-dollar.jpg","datePublished":"2015-10-29T08:00:44+00:00","dateModified":"2017-11-29T16:53:15+00:00","author":{"@id":"https:\/\/www.gold.fr\/news\/#\/schema\/person\/070491b4b4fb7671bf59b3be20302ce9"},"breadcrumb":{"@id":"https:\/\/www.gold.fr\/news\/2015\/10\/29\/marches-en-repli-morose-et-unanime\/#breadcrumb"},"inLanguage":"fr-FR","potentialAction":[{"@type":"ReadAction","target":["https:\/\/www.gold.fr\/news\/2015\/10\/29\/marches-en-repli-morose-et-unanime\/"]}]},{"@type":"ImageObject","inLanguage":"fr-FR","@id":"https:\/\/www.gold.fr\/news\/2015\/10\/29\/marches-en-repli-morose-et-unanime\/#primaryimage","url":"https:\/\/www.gold.fr\/news\/wp-content\/uploads\/2012\/09\/billet-euro-dollar.jpg","contentUrl":"https:\/\/www.gold.fr\/news\/wp-content\/uploads\/2012\/09\/billet-euro-dollar.jpg","width":"601","height":"400","caption":"Or: R\u00e9union au sommet des g\u00e9ants du secteur minier"},{"@type":"BreadcrumbList","@id":"https:\/\/www.gold.fr\/news\/2015\/10\/29\/marches-en-repli-morose-et-unanime\/#breadcrumb","itemListElement":[{"@type":"ListItem","position":1,"name":"Accueil","item":"https:\/\/www.gold.fr\/"},{"@type":"ListItem","position":2,"name":"Actualit\u00e9s","item":"https:\/\/www.gold.fr\/news\/"},{"@type":"ListItem","position":3,"name":"March\u00e9s en repli morose et unanime"}]},{"@type":"WebSite","@id":"https:\/\/www.gold.fr\/news\/#website","url":"https:\/\/www.gold.fr\/news\/","name":"Gold.fr","description":"Actualit\u00e9s de l&#039;Or et des m\u00e9taux pr\u00e9cieux","potentialAction":[{"@type":"SearchAction","target":{"@type":"EntryPoint","urlTemplate":"https:\/\/www.gold.fr\/news\/?s={search_term_string}"},"query-input":{"@type":"PropertyValueSpecification","valueRequired":true,"valueName":"search_term_string"}}],"inLanguage":"fr-FR"},{"@type":"Person","@id":"https:\/\/www.gold.fr\/news\/#\/schema\/person\/070491b4b4fb7671bf59b3be20302ce9","name":"Comptoir National de l'Or","image":{"@type":"ImageObject","inLanguage":"fr-FR","@id":"https:\/\/secure.gravatar.com\/avatar\/0a2867fd5abe37bed95d5a65e9d58f01756e11efc68af9888dfc50cfa7f65948?s=96&d=mm&r=gb490554db0a38188709de567aa58480d","url":"https:\/\/secure.gravatar.com\/avatar\/0a2867fd5abe37bed95d5a65e9d58f01756e11efc68af9888dfc50cfa7f65948?s=96&d=mm&r=g","contentUrl":"https:\/\/secure.gravatar.com\/avatar\/0a2867fd5abe37bed95d5a65e9d58f01756e11efc68af9888dfc50cfa7f65948?s=96&d=mm&r=g","caption":"Comptoir National de l'Or"},"description":"Notre r\u00e9daction est constitu\u00e9e de membres experts dans les m\u00e9tiers de l'\u00e9conomie et la gestion, des Responsables d'agence Comptoir National de l'Or, des analystes financiers qui publient r\u00e9guli\u00e8rement des \u00e9tudes sur les politiques des banques centrales, le cours de l'or, prix de l'or, cours de l'argent, prix de l'argent, cours du platine, cours du palladium,... la situation en zone euro et l'impact de la strat\u00e9gie mon\u00e9taire de la FED. Notre \u00e9quipe scrute \u00e9galement une information plus g\u00e9n\u00e9raliste \u00e0 la recherche d'actualit\u00e9 \"p\u00e9pite\" \u00e0 vous partager. Depuis 5 ans, nous avons publi\u00e9 un peu plus de 4000 articles qui s'adressent \u00e0 un public large et vari\u00e9 ayant pour objectif de satisfaire votre curiosit\u00e9 et de partager avec vous une certaine fascination pour le m\u00e9tal jaune, le rachat d'or, et pour ceux qui veulent investir dans l'or, vendre leur or tout simplement en savoir plus... Pour tous vos achat or et argent, n'h\u00e9sitez pas \u00e0 prendre rendez-vous dans l'un de nos nombreux comptoirs.","sameAs":["https:\/\/www.gold.fr"]}]}},"authors":[{"term_id":2565,"user_id":18,"is_guest":0,"slug":"julie","display_name":"Comptoir National de l'Or","avatar_url":"https:\/\/secure.gravatar.com\/avatar\/713f289e398d35ead876c4a4cc08607f0d6d266058cfc25683fffb6092d0e572?s=96&d=mm&r=g","0":null,"1":"","2":"","3":"","4":"","5":"","6":"","7":"","8":""}],"_links":{"self":[{"href":"https:\/\/www.gold.fr\/news\/wp-json\/wp\/v2\/posts\/18213","targetHints":{"allow":["GET"]}}],"collection":[{"href":"https:\/\/www.gold.fr\/news\/wp-json\/wp\/v2\/posts"}],"about":[{"href":"https:\/\/www.gold.fr\/news\/wp-json\/wp\/v2\/types\/post"}],"author":[{"embeddable":true,"href":"https:\/\/www.gold.fr\/news\/wp-json\/wp\/v2\/users\/18"}],"replies":[{"embeddable":true,"href":"https:\/\/www.gold.fr\/news\/wp-json\/wp\/v2\/comments?post=18213"}],"version-history":[{"count":0,"href":"https:\/\/www.gold.fr\/news\/wp-json\/wp\/v2\/posts\/18213\/revisions"}],"wp:featuredmedia":[{"embeddable":true,"href":"https:\/\/www.gold.fr\/news\/wp-json\/wp\/v2\/media\/9348"}],"wp:attachment":[{"href":"https:\/\/www.gold.fr\/news\/wp-json\/wp\/v2\/media?parent=18213"}],"wp:term":[{"taxonomy":"category","embeddable":true,"href":"https:\/\/www.gold.fr\/news\/wp-json\/wp\/v2\/categories?post=18213"},{"taxonomy":"post_tag","embeddable":true,"href":"https:\/\/www.gold.fr\/news\/wp-json\/wp\/v2\/tags?post=18213"},{"taxonomy":"author","embeddable":true,"href":"https:\/\/www.gold.fr\/news\/wp-json\/wp\/v2\/ppma_author?post=18213"}],"curies":[{"name":"wp","href":"https:\/\/api.w.org\/{rel}","templated":true}]}}