{"id":18163,"date":"2015-10-21T09:00:06","date_gmt":"2015-10-21T07:00:06","guid":{"rendered":"https:\/\/www.gold.fr\/news\/?p=18163"},"modified":"2017-11-29T17:56:08","modified_gmt":"2017-11-29T16:56:08","slug":"marches-un-demarrage-optimiste-en-attendant-la-bce","status":"publish","type":"post","link":"https:\/\/www.gold.fr\/news\/2015\/10\/21\/marches-un-demarrage-optimiste-en-attendant-la-bce\/","title":{"rendered":"March\u00e9s : Un d\u00e9marrage optimiste, en attendant la BCE"},"content":{"rendered":"<p><span style=\"font-size: small;\"><img loading=\"lazy\" decoding=\"async\" class=\"alignleft size-thumbnail wp-image-2850\" title=\"March\u00e9s : Un d\u00e9marrage optimiste, en attendant la BCE\" src=\"https:\/\/www.gold.fr\/news\/wp-content\/uploads\/2011\/10\/Or-poudre-150x150.jpg\" alt=\"\" width=\"150\" height=\"150\" \/>La semaine a d\u00e9marr\u00e9 sur une note nettement plus positive que celle ayant cl\u00f4tur\u00e9 la semaine derni\u00e8re. Avec une premi\u00e8re s\u00e9ance plac\u00e9e sous le signe de l\u2019espoir et de l\u2019attentisme optimiste, les march\u00e9s semblent domin\u00e9s par une humeur engageante et acheteuse, mais qui demeure toutefois attentiste, dans l\u2019anticipation des annonces qui couronneront la r\u00e9union du conseil des gouverneurs de la banque centrale europ\u00e9enne, jeudi prochain.<\/span>    <span style=\"font-size: small;\">Et c\u2019est un attentisme qui a \u00e9t\u00e9 amplifi\u00e9 par les r\u00e9cents r\u00e9sultats chinois \u2013jug\u00e9s trop mitig\u00e9s-, ainsi que d\u2019une conjoncture macro\u00e9conomique am\u00e9ricaine et europ\u00e9enne tout aussi partag\u00e9e. <strong>Tony Cross<\/strong>, de chez <strong>Trustnet Direct<\/strong>, rapporte \u00e0 ce sujet que \u00ab <em>Londres a commenc\u00e9 la semaine \u00e0 peu pr\u00e8s stable apr\u00e8s des statistiques dans l&rsquo;ensemble mitig\u00e9es en provenance de Chine, mais les op\u00e9rateurs semblent gagner en confiance avec la digestion de ces chiffres<\/em> \u00bb. L\u2019analyste rappelle \u00e9galement que \u00ab <em>le chiffre du PIB du troisi\u00e8me trimestre est ressorti sup\u00e9rieur aux attentes gr\u00e2ce \u00e0 des mesures offensives de P\u00e9kin, qui dispose encore de munitions pour nourrir des interventions suppl\u00e9mentaires<\/em> \u00bb.<\/span>    <span style=\"font-size: small;\">La situation chinoise demeurera au centre de toutes les attentions, jusqu\u2019\u00e0 jeudi, date \u00e0 laquelle elle c\u00e8dera la place \u00e0 la <strong>BCE<\/strong>. Pour l\u2019heure, aucun autre \u00e9v\u00e9nement n\u2019est pr\u00e9vu dans le calendrier \u00e9conomique et macro\u00e9conomique de la semaine.<\/span>    <span style=\"font-size: small;\">Pour bon nombre d\u2019experts, le r\u00e9sultat de cette r\u00e9union BCE est relativement pr\u00e9visible, dans la mesure o\u00f9 Mario Draghi sera dans l\u2019impossibilit\u00e9 de \u00ab <em>faire moins \u00e0 la prochaine r\u00e9union (\u2026) qu&rsquo;\u00e0 la pr\u00e9c\u00e9dente, le 3 septembre<\/em> \u00bb. Du coup, il est attendu que le ton demeurera \u00ab <em>tr\u00e8s prudent, pointant avant tout les risques baissiers<\/em> \u00bb.<\/span><\/p>\n<!-- AddThis Advanced Settings generic via filter on the_content --><!-- AddThis Share Buttons generic via filter on the_content -->","protected":false},"excerpt":{"rendered":"<p>La semaine a d\u00e9marr\u00e9 sur une note nettement plus positive que celle ayant cl\u00f4tur\u00e9 la semaine derni\u00e8re. Avec une premi\u00e8re s\u00e9ance plac\u00e9e sous le signe de l\u2019espoir et de l\u2019attentisme optimiste, les march\u00e9s semblent domin\u00e9s par [&hellip;]<\/p>\n","protected":false},"author":18,"featured_media":2850,"comment_status":"open","ping_status":"open","sticky":false,"template":"","format":"standard","meta":{"_mbp_gutenberg_autopost":false,"_pgmb_is_evergreen":false,"_pgmb_ap_template_id":0,"footnotes":""},"categories":[6],"tags":[961,900,962],"ppma_author":[2565],"class_list":["post-18163","post","type-post","status-publish","format-standard","has-post-thumbnail","hentry","category-articles-de-presse","tag-cours-or","tag-once-or","tag-prix-or"],"yoast_head":"<!-- This site is optimized with the Yoast SEO plugin v27.5 - https:\/\/yoast.com\/product\/yoast-seo-wordpress\/ -->\n<title>March\u00e9s : Un d\u00e9marrage optimiste, en attendant la BCE - Gold.fr<\/title>\n<meta name=\"robots\" content=\"index, follow, max-snippet:-1, max-image-preview:large, max-video-preview:-1\" \/>\n<link rel=\"canonical\" href=\"https:\/\/www.gold.fr\/news\/2015\/10\/21\/marches-un-demarrage-optimiste-en-attendant-la-bce\/\" \/>\n<meta property=\"og:locale\" content=\"fr_FR\" \/>\n<meta property=\"og:type\" content=\"article\" \/>\n<meta property=\"og:title\" content=\"March\u00e9s : Un d\u00e9marrage optimiste, en attendant la BCE - Gold.fr\" \/>\n<meta property=\"og:description\" content=\"La semaine a d\u00e9marr\u00e9 sur une note nettement plus positive que celle ayant cl\u00f4tur\u00e9 la semaine derni\u00e8re. Avec une premi\u00e8re s\u00e9ance plac\u00e9e sous le signe de l\u2019espoir et de l\u2019attentisme optimiste, les march\u00e9s semblent domin\u00e9s par [&hellip;]\" \/>\n<meta property=\"og:url\" content=\"https:\/\/www.gold.fr\/news\/2015\/10\/21\/marches-un-demarrage-optimiste-en-attendant-la-bce\/\" \/>\n<meta property=\"og:site_name\" content=\"Gold.fr\" \/>\n<meta property=\"article:publisher\" content=\"https:\/\/www.facebook.com\/Goldfr\/\" \/>\n<meta property=\"article:published_time\" content=\"2015-10-21T07:00:06+00:00\" \/>\n<meta property=\"article:modified_time\" content=\"2017-11-29T16:56:08+00:00\" \/>\n<meta property=\"og:image\" content=\"https:\/\/www.gold.fr\/news\/wp-content\/uploads\/2011\/10\/Or-poudre.jpg\" \/>\n\t<meta property=\"og:image:width\" content=\"600\" \/>\n\t<meta property=\"og:image:height\" content=\"412\" \/>\n\t<meta property=\"og:image:type\" content=\"image\/jpeg\" \/>\n<meta name=\"author\" content=\"Comptoir National de l&#039;Or\" \/>\n<meta name=\"twitter:card\" content=\"summary_large_image\" \/>\n<meta name=\"twitter:label1\" content=\"\u00c9crit par\" \/>\n\t<meta name=\"twitter:data1\" content=\"Comptoir National de l&#039;Or\" \/>\n\t<meta name=\"twitter:label2\" content=\"Dur\u00e9e de lecture estim\u00e9e\" \/>\n\t<meta name=\"twitter:data2\" content=\"1 minute\" \/>\n<script type=\"application\/ld+json\" class=\"yoast-schema-graph\">{\"@context\":\"https:\\\/\\\/schema.org\",\"@graph\":[{\"@type\":\"Article\",\"@id\":\"https:\\\/\\\/www.gold.fr\\\/news\\\/2015\\\/10\\\/21\\\/marches-un-demarrage-optimiste-en-attendant-la-bce\\\/#article\",\"isPartOf\":{\"@id\":\"https:\\\/\\\/www.gold.fr\\\/news\\\/2015\\\/10\\\/21\\\/marches-un-demarrage-optimiste-en-attendant-la-bce\\\/\"},\"author\":{\"name\":\"Comptoir National de l'Or\",\"@id\":\"https:\\\/\\\/www.gold.fr\\\/news\\\/#\\\/schema\\\/person\\\/070491b4b4fb7671bf59b3be20302ce9\"},\"headline\":\"March\u00e9s : Un d\u00e9marrage optimiste, en attendant la BCE\",\"datePublished\":\"2015-10-21T07:00:06+00:00\",\"dateModified\":\"2017-11-29T16:56:08+00:00\",\"mainEntityOfPage\":{\"@id\":\"https:\\\/\\\/www.gold.fr\\\/news\\\/2015\\\/10\\\/21\\\/marches-un-demarrage-optimiste-en-attendant-la-bce\\\/\"},\"wordCount\":310,\"commentCount\":0,\"image\":{\"@id\":\"https:\\\/\\\/www.gold.fr\\\/news\\\/2015\\\/10\\\/21\\\/marches-un-demarrage-optimiste-en-attendant-la-bce\\\/#primaryimage\"},\"thumbnailUrl\":\"https:\\\/\\\/www.gold.fr\\\/news\\\/wp-content\\\/uploads\\\/2011\\\/10\\\/Or-poudre.jpg\",\"keywords\":[\"cours or\",\"Once or\",\"prix or\"],\"articleSection\":[\"Articles de presse\"],\"inLanguage\":\"fr-FR\"},{\"@type\":\"WebPage\",\"@id\":\"https:\\\/\\\/www.gold.fr\\\/news\\\/2015\\\/10\\\/21\\\/marches-un-demarrage-optimiste-en-attendant-la-bce\\\/\",\"url\":\"https:\\\/\\\/www.gold.fr\\\/news\\\/2015\\\/10\\\/21\\\/marches-un-demarrage-optimiste-en-attendant-la-bce\\\/\",\"name\":\"March\u00e9s : Un d\u00e9marrage optimiste, en attendant la BCE - Gold.fr\",\"isPartOf\":{\"@id\":\"https:\\\/\\\/www.gold.fr\\\/news\\\/#website\"},\"primaryImageOfPage\":{\"@id\":\"https:\\\/\\\/www.gold.fr\\\/news\\\/2015\\\/10\\\/21\\\/marches-un-demarrage-optimiste-en-attendant-la-bce\\\/#primaryimage\"},\"image\":{\"@id\":\"https:\\\/\\\/www.gold.fr\\\/news\\\/2015\\\/10\\\/21\\\/marches-un-demarrage-optimiste-en-attendant-la-bce\\\/#primaryimage\"},\"thumbnailUrl\":\"https:\\\/\\\/www.gold.fr\\\/news\\\/wp-content\\\/uploads\\\/2011\\\/10\\\/Or-poudre.jpg\",\"datePublished\":\"2015-10-21T07:00:06+00:00\",\"dateModified\":\"2017-11-29T16:56:08+00:00\",\"author\":{\"@id\":\"https:\\\/\\\/www.gold.fr\\\/news\\\/#\\\/schema\\\/person\\\/070491b4b4fb7671bf59b3be20302ce9\"},\"breadcrumb\":{\"@id\":\"https:\\\/\\\/www.gold.fr\\\/news\\\/2015\\\/10\\\/21\\\/marches-un-demarrage-optimiste-en-attendant-la-bce\\\/#breadcrumb\"},\"inLanguage\":\"fr-FR\",\"potentialAction\":[{\"@type\":\"ReadAction\",\"target\":[\"https:\\\/\\\/www.gold.fr\\\/news\\\/2015\\\/10\\\/21\\\/marches-un-demarrage-optimiste-en-attendant-la-bce\\\/\"]}]},{\"@type\":\"ImageObject\",\"inLanguage\":\"fr-FR\",\"@id\":\"https:\\\/\\\/www.gold.fr\\\/news\\\/2015\\\/10\\\/21\\\/marches-un-demarrage-optimiste-en-attendant-la-bce\\\/#primaryimage\",\"url\":\"https:\\\/\\\/www.gold.fr\\\/news\\\/wp-content\\\/uploads\\\/2011\\\/10\\\/Or-poudre.jpg\",\"contentUrl\":\"https:\\\/\\\/www.gold.fr\\\/news\\\/wp-content\\\/uploads\\\/2011\\\/10\\\/Or-poudre.jpg\",\"width\":\"600\",\"height\":\"412\",\"caption\":\"L'once en plein rebond\"},{\"@type\":\"BreadcrumbList\",\"@id\":\"https:\\\/\\\/www.gold.fr\\\/news\\\/2015\\\/10\\\/21\\\/marches-un-demarrage-optimiste-en-attendant-la-bce\\\/#breadcrumb\",\"itemListElement\":[{\"@type\":\"ListItem\",\"position\":1,\"name\":\"Accueil\",\"item\":\"https:\\\/\\\/www.gold.fr\\\/\"},{\"@type\":\"ListItem\",\"position\":2,\"name\":\"Actualit\u00e9s\",\"item\":\"https:\\\/\\\/www.gold.fr\\\/news\\\/\"},{\"@type\":\"ListItem\",\"position\":3,\"name\":\"March\u00e9s : Un d\u00e9marrage optimiste, en attendant la BCE\"}]},{\"@type\":\"WebSite\",\"@id\":\"https:\\\/\\\/www.gold.fr\\\/news\\\/#website\",\"url\":\"https:\\\/\\\/www.gold.fr\\\/news\\\/\",\"name\":\"Gold.fr\",\"description\":\"Actualit\u00e9s de l&#039;Or et des m\u00e9taux pr\u00e9cieux\",\"potentialAction\":[{\"@type\":\"SearchAction\",\"target\":{\"@type\":\"EntryPoint\",\"urlTemplate\":\"https:\\\/\\\/www.gold.fr\\\/news\\\/?s={search_term_string}\"},\"query-input\":{\"@type\":\"PropertyValueSpecification\",\"valueRequired\":true,\"valueName\":\"search_term_string\"}}],\"inLanguage\":\"fr-FR\"},{\"@type\":\"Person\",\"@id\":\"https:\\\/\\\/www.gold.fr\\\/news\\\/#\\\/schema\\\/person\\\/070491b4b4fb7671bf59b3be20302ce9\",\"name\":\"Comptoir National de l'Or\",\"image\":{\"@type\":\"ImageObject\",\"inLanguage\":\"fr-FR\",\"@id\":\"https:\\\/\\\/secure.gravatar.com\\\/avatar\\\/0a2867fd5abe37bed95d5a65e9d58f01756e11efc68af9888dfc50cfa7f65948?s=96&d=mm&r=gb490554db0a38188709de567aa58480d\",\"url\":\"https:\\\/\\\/secure.gravatar.com\\\/avatar\\\/0a2867fd5abe37bed95d5a65e9d58f01756e11efc68af9888dfc50cfa7f65948?s=96&d=mm&r=g\",\"contentUrl\":\"https:\\\/\\\/secure.gravatar.com\\\/avatar\\\/0a2867fd5abe37bed95d5a65e9d58f01756e11efc68af9888dfc50cfa7f65948?s=96&d=mm&r=g\",\"caption\":\"Comptoir National de l'Or\"},\"description\":\"Notre r\u00e9daction est constitu\u00e9e de membres experts dans les m\u00e9tiers de l'\u00e9conomie et la gestion, des Responsables d'agence Comptoir National de l'Or, des analystes financiers qui publient r\u00e9guli\u00e8rement des \u00e9tudes sur les politiques des banques centrales, le cours de l'or, prix de l'or, cours de l'argent, prix de l'argent, cours du platine, cours du palladium,... la situation en zone euro et l'impact de la strat\u00e9gie mon\u00e9taire de la FED. Notre \u00e9quipe scrute \u00e9galement une information plus g\u00e9n\u00e9raliste \u00e0 la recherche d'actualit\u00e9 \\\"p\u00e9pite\\\" \u00e0 vous partager. Depuis 5 ans, nous avons publi\u00e9 un peu plus de 4000 articles qui s'adressent \u00e0 un public large et vari\u00e9 ayant pour objectif de satisfaire votre curiosit\u00e9 et de partager avec vous une certaine fascination pour le m\u00e9tal jaune, le rachat d'or, et pour ceux qui veulent investir dans l'or, vendre leur or tout simplement en savoir plus... Pour tous vos achat or et argent, n'h\u00e9sitez pas \u00e0 prendre rendez-vous dans l'un de nos nombreux comptoirs.\",\"sameAs\":[\"https:\\\/\\\/www.gold.fr\"]}]}<\/script>\n<!-- \/ Yoast SEO plugin. -->","yoast_head_json":{"title":"March\u00e9s : Un d\u00e9marrage optimiste, en attendant la BCE - Gold.fr","robots":{"index":"index","follow":"follow","max-snippet":"max-snippet:-1","max-image-preview":"max-image-preview:large","max-video-preview":"max-video-preview:-1"},"canonical":"https:\/\/www.gold.fr\/news\/2015\/10\/21\/marches-un-demarrage-optimiste-en-attendant-la-bce\/","og_locale":"fr_FR","og_type":"article","og_title":"March\u00e9s : Un d\u00e9marrage optimiste, en attendant la BCE - Gold.fr","og_description":"La semaine a d\u00e9marr\u00e9 sur une note nettement plus positive que celle ayant cl\u00f4tur\u00e9 la semaine derni\u00e8re. Avec une premi\u00e8re s\u00e9ance plac\u00e9e sous le signe de l\u2019espoir et de l\u2019attentisme optimiste, les march\u00e9s semblent domin\u00e9s par [&hellip;]","og_url":"https:\/\/www.gold.fr\/news\/2015\/10\/21\/marches-un-demarrage-optimiste-en-attendant-la-bce\/","og_site_name":"Gold.fr","article_publisher":"https:\/\/www.facebook.com\/Goldfr\/","article_published_time":"2015-10-21T07:00:06+00:00","article_modified_time":"2017-11-29T16:56:08+00:00","og_image":[{"width":600,"height":412,"url":"https:\/\/www.gold.fr\/news\/wp-content\/uploads\/2011\/10\/Or-poudre.jpg","type":"image\/jpeg"}],"author":"Comptoir National de l'Or","twitter_card":"summary_large_image","twitter_misc":{"\u00c9crit par":"Comptoir National de l'Or","Dur\u00e9e de lecture estim\u00e9e":"1 minute"},"schema":{"@context":"https:\/\/schema.org","@graph":[{"@type":"Article","@id":"https:\/\/www.gold.fr\/news\/2015\/10\/21\/marches-un-demarrage-optimiste-en-attendant-la-bce\/#article","isPartOf":{"@id":"https:\/\/www.gold.fr\/news\/2015\/10\/21\/marches-un-demarrage-optimiste-en-attendant-la-bce\/"},"author":{"name":"Comptoir National de l'Or","@id":"https:\/\/www.gold.fr\/news\/#\/schema\/person\/070491b4b4fb7671bf59b3be20302ce9"},"headline":"March\u00e9s : Un d\u00e9marrage optimiste, en attendant la BCE","datePublished":"2015-10-21T07:00:06+00:00","dateModified":"2017-11-29T16:56:08+00:00","mainEntityOfPage":{"@id":"https:\/\/www.gold.fr\/news\/2015\/10\/21\/marches-un-demarrage-optimiste-en-attendant-la-bce\/"},"wordCount":310,"commentCount":0,"image":{"@id":"https:\/\/www.gold.fr\/news\/2015\/10\/21\/marches-un-demarrage-optimiste-en-attendant-la-bce\/#primaryimage"},"thumbnailUrl":"https:\/\/www.gold.fr\/news\/wp-content\/uploads\/2011\/10\/Or-poudre.jpg","keywords":["cours or","Once or","prix or"],"articleSection":["Articles de presse"],"inLanguage":"fr-FR"},{"@type":"WebPage","@id":"https:\/\/www.gold.fr\/news\/2015\/10\/21\/marches-un-demarrage-optimiste-en-attendant-la-bce\/","url":"https:\/\/www.gold.fr\/news\/2015\/10\/21\/marches-un-demarrage-optimiste-en-attendant-la-bce\/","name":"March\u00e9s : Un d\u00e9marrage optimiste, en attendant la BCE - Gold.fr","isPartOf":{"@id":"https:\/\/www.gold.fr\/news\/#website"},"primaryImageOfPage":{"@id":"https:\/\/www.gold.fr\/news\/2015\/10\/21\/marches-un-demarrage-optimiste-en-attendant-la-bce\/#primaryimage"},"image":{"@id":"https:\/\/www.gold.fr\/news\/2015\/10\/21\/marches-un-demarrage-optimiste-en-attendant-la-bce\/#primaryimage"},"thumbnailUrl":"https:\/\/www.gold.fr\/news\/wp-content\/uploads\/2011\/10\/Or-poudre.jpg","datePublished":"2015-10-21T07:00:06+00:00","dateModified":"2017-11-29T16:56:08+00:00","author":{"@id":"https:\/\/www.gold.fr\/news\/#\/schema\/person\/070491b4b4fb7671bf59b3be20302ce9"},"breadcrumb":{"@id":"https:\/\/www.gold.fr\/news\/2015\/10\/21\/marches-un-demarrage-optimiste-en-attendant-la-bce\/#breadcrumb"},"inLanguage":"fr-FR","potentialAction":[{"@type":"ReadAction","target":["https:\/\/www.gold.fr\/news\/2015\/10\/21\/marches-un-demarrage-optimiste-en-attendant-la-bce\/"]}]},{"@type":"ImageObject","inLanguage":"fr-FR","@id":"https:\/\/www.gold.fr\/news\/2015\/10\/21\/marches-un-demarrage-optimiste-en-attendant-la-bce\/#primaryimage","url":"https:\/\/www.gold.fr\/news\/wp-content\/uploads\/2011\/10\/Or-poudre.jpg","contentUrl":"https:\/\/www.gold.fr\/news\/wp-content\/uploads\/2011\/10\/Or-poudre.jpg","width":"600","height":"412","caption":"L'once en plein rebond"},{"@type":"BreadcrumbList","@id":"https:\/\/www.gold.fr\/news\/2015\/10\/21\/marches-un-demarrage-optimiste-en-attendant-la-bce\/#breadcrumb","itemListElement":[{"@type":"ListItem","position":1,"name":"Accueil","item":"https:\/\/www.gold.fr\/"},{"@type":"ListItem","position":2,"name":"Actualit\u00e9s","item":"https:\/\/www.gold.fr\/news\/"},{"@type":"ListItem","position":3,"name":"March\u00e9s : Un d\u00e9marrage optimiste, en attendant la BCE"}]},{"@type":"WebSite","@id":"https:\/\/www.gold.fr\/news\/#website","url":"https:\/\/www.gold.fr\/news\/","name":"Gold.fr","description":"Actualit\u00e9s de l&#039;Or et des m\u00e9taux pr\u00e9cieux","potentialAction":[{"@type":"SearchAction","target":{"@type":"EntryPoint","urlTemplate":"https:\/\/www.gold.fr\/news\/?s={search_term_string}"},"query-input":{"@type":"PropertyValueSpecification","valueRequired":true,"valueName":"search_term_string"}}],"inLanguage":"fr-FR"},{"@type":"Person","@id":"https:\/\/www.gold.fr\/news\/#\/schema\/person\/070491b4b4fb7671bf59b3be20302ce9","name":"Comptoir National de l'Or","image":{"@type":"ImageObject","inLanguage":"fr-FR","@id":"https:\/\/secure.gravatar.com\/avatar\/0a2867fd5abe37bed95d5a65e9d58f01756e11efc68af9888dfc50cfa7f65948?s=96&d=mm&r=gb490554db0a38188709de567aa58480d","url":"https:\/\/secure.gravatar.com\/avatar\/0a2867fd5abe37bed95d5a65e9d58f01756e11efc68af9888dfc50cfa7f65948?s=96&d=mm&r=g","contentUrl":"https:\/\/secure.gravatar.com\/avatar\/0a2867fd5abe37bed95d5a65e9d58f01756e11efc68af9888dfc50cfa7f65948?s=96&d=mm&r=g","caption":"Comptoir National de l'Or"},"description":"Notre r\u00e9daction est constitu\u00e9e de membres experts dans les m\u00e9tiers de l'\u00e9conomie et la gestion, des Responsables d'agence Comptoir National de l'Or, des analystes financiers qui publient r\u00e9guli\u00e8rement des \u00e9tudes sur les politiques des banques centrales, le cours de l'or, prix de l'or, cours de l'argent, prix de l'argent, cours du platine, cours du palladium,... la situation en zone euro et l'impact de la strat\u00e9gie mon\u00e9taire de la FED. Notre \u00e9quipe scrute \u00e9galement une information plus g\u00e9n\u00e9raliste \u00e0 la recherche d'actualit\u00e9 \"p\u00e9pite\" \u00e0 vous partager. Depuis 5 ans, nous avons publi\u00e9 un peu plus de 4000 articles qui s'adressent \u00e0 un public large et vari\u00e9 ayant pour objectif de satisfaire votre curiosit\u00e9 et de partager avec vous une certaine fascination pour le m\u00e9tal jaune, le rachat d'or, et pour ceux qui veulent investir dans l'or, vendre leur or tout simplement en savoir plus... Pour tous vos achat or et argent, n'h\u00e9sitez pas \u00e0 prendre rendez-vous dans l'un de nos nombreux comptoirs.","sameAs":["https:\/\/www.gold.fr"]}]}},"authors":[{"term_id":2565,"user_id":18,"is_guest":0,"slug":"julie","display_name":"Comptoir National de l'Or","avatar_url":"https:\/\/secure.gravatar.com\/avatar\/713f289e398d35ead876c4a4cc08607f0d6d266058cfc25683fffb6092d0e572?s=96&d=mm&r=g","0":null,"1":"","2":"","3":"","4":"","5":"","6":"","7":"","8":""}],"_links":{"self":[{"href":"https:\/\/www.gold.fr\/news\/wp-json\/wp\/v2\/posts\/18163","targetHints":{"allow":["GET"]}}],"collection":[{"href":"https:\/\/www.gold.fr\/news\/wp-json\/wp\/v2\/posts"}],"about":[{"href":"https:\/\/www.gold.fr\/news\/wp-json\/wp\/v2\/types\/post"}],"author":[{"embeddable":true,"href":"https:\/\/www.gold.fr\/news\/wp-json\/wp\/v2\/users\/18"}],"replies":[{"embeddable":true,"href":"https:\/\/www.gold.fr\/news\/wp-json\/wp\/v2\/comments?post=18163"}],"version-history":[{"count":0,"href":"https:\/\/www.gold.fr\/news\/wp-json\/wp\/v2\/posts\/18163\/revisions"}],"wp:featuredmedia":[{"embeddable":true,"href":"https:\/\/www.gold.fr\/news\/wp-json\/wp\/v2\/media\/2850"}],"wp:attachment":[{"href":"https:\/\/www.gold.fr\/news\/wp-json\/wp\/v2\/media?parent=18163"}],"wp:term":[{"taxonomy":"category","embeddable":true,"href":"https:\/\/www.gold.fr\/news\/wp-json\/wp\/v2\/categories?post=18163"},{"taxonomy":"post_tag","embeddable":true,"href":"https:\/\/www.gold.fr\/news\/wp-json\/wp\/v2\/tags?post=18163"},{"taxonomy":"author","embeddable":true,"href":"https:\/\/www.gold.fr\/news\/wp-json\/wp\/v2\/ppma_author?post=18163"}],"curies":[{"name":"wp","href":"https:\/\/api.w.org\/{rel}","templated":true}]}}