{"id":1816,"date":"2011-05-18T16:58:26","date_gmt":"2011-05-18T14:58:26","guid":{"rendered":"https:\/\/www.gold.fr\/informations-sur-l-or\/articles-de-presse\/lor-va-til-continuer-de-flamber"},"modified":"2021-01-11T17:07:56","modified_gmt":"2021-01-11T16:07:56","slug":"lor-va-til-continuer-de-flamber","status":"publish","type":"post","link":"https:\/\/www.gold.fr\/news\/2011\/05\/18\/lor-va-til-continuer-de-flamber\/","title":{"rendered":"L\u2019or va t&rsquo;il continuer de flamber ?"},"content":{"rendered":"<span style=\"font-family: georgia, palatino; font-size: medium;\"><img class=\"aligncenter size-thumbnail wp-image-4368\" style=\"float: left; margin: 5px; border: 1px solid black;\" title=\"cours-de-l'or\" src=\"https:\/\/www.gold.fr\/news\/wp-content\/uploads\/2011\/12\/cours-de-lor2-150x150.jpg\" alt=\"\" width=\"150\" height=\"150\" \/>A croire les d\u00e9clarations confiantes de G\u00e9raud Missonnier (analyste march\u00e9 chez Saxo Banque), l'envol\u00e9e de l'<a href='https:\/\/www.gold.fr\/news\/tags\/or' class='esk-seo-plu-link'>or<\/a> est loin d'avoir atteint son dernier pic. Il estime, en effet, que les facteurs haussiers \u00ab sont plus que jamais puissants \u00bb.<\/span>    <span style=\"font-family: georgia, palatino; font-size: medium;\">Techniquement, les analystes expliquent cette flamb\u00e9e par la r\u00e9surgence de l'inflation, facteur auquel le <a href='https:\/\/www.gold.fr\/news\/tags\/or' class='esk-seo-plu-link'>m\u00e9tal jaune<\/a> est \u00e9troitement li\u00e9. Durant le premier trimestre 2011, elle est pass\u00e9e de 2,3 \u00e0 2,7% dans la zone euro, et de 1,6 % \u00e0 2,7 % aux Etats-Unis.<\/span>    <span style=\"font-family: georgia, palatino; font-size: medium;\">On \u00e9voque aussi la demande des investisseurs sp\u00e9culatifs qui demeure tr\u00e8s forte. Face aux incertitudes grandissantes sur les dettes souveraines europ\u00e9ennes, le ch\u00f4mage, ou encore l'immobilier am\u00e9ricain, ils tentent de diversifier leurs actifs, jouant la s\u00e9curit\u00e9. Dans ce contexte, l'<a href='https:\/\/www.gold.fr\/news\/tags\/or' class='esk-seo-plu-link'>or<\/a> repr\u00e9sente toujours une valeur refuge.<\/span>    <span style=\"font-family: georgia, palatino; font-size: medium;\">Une flamb\u00e9e qui se poursuivra\u2026\u2026et ce, en d\u00e9pit de la crise survenue derni\u00e8rement. G\u00e9raud Missonnier est confiant ; l'<a href='https:\/\/www.gold.fr\/news\/tags\/or' class='esk-seo-plu-link'>or<\/a> pourrait ais\u00e9ment atteindre les 1700 dollars l'once en fin d'ann\u00e9e puisque tous les facteurs qui sont \u00e0 l'origine de la hausse historique du <a href='https:\/\/www.gold.fr\/news\/tags\/or' class='esk-seo-plu-link'>m\u00e9tal jaune<\/a> se renforceront.<\/span>    <span style=\"font-family: georgia, palatino; font-size: medium;\">Et dans le pire des cas ? L\u00e0 encore, l'analyste professionnel est cat\u00e9gorique ; <em>\u00ab l'envol\u00e9e sera moins spectaculaire, mais il n'y aura pas de retournement du march\u00e9 \u00bb.<\/em><\/span>    <span style=\"font-family: georgia, palatino; font-size: medium;\">Son conseil ? Continuer \u00e0 investir, acheter ou vendre l'<a href='https:\/\/www.gold.fr\/news\/tags\/or' class='esk-seo-plu-link'>or<\/a>.<\/span>","protected":false},"excerpt":{"rendered":"<p>A croire les d\u00e9clarations confiantes de G\u00e9raud Missonnier (analyste march\u00e9 chez Saxo Banque), l\u2019envol\u00e9e de l\u2019or est loin d\u2019avoir atteint son dernier pic. Il estime, en effet, que les facteurs haussiers \u00ab sont plus que jamais puissants \u00bb.<br \/>\nTe&#8230;<\/p>\n","protected":false},"author":6,"featured_media":4368,"comment_status":"closed","ping_status":"closed","sticky":false,"template":"","format":"standard","meta":{"_mbp_gutenberg_autopost":false,"_pgmb_is_evergreen":false,"_pgmb_ap_template_id":0,"footnotes":""},"categories":[6],"tags":[76,652,1051],"ppma_author":[2567],"class_list":["post-1816","post","type-post","status-publish","format-standard","has-post-thumbnail","hentry","category-articles-de-presse","tag-or","tag-prevision-or","tag-previsions"],"yoast_head":"<!-- This site is optimized with the Yoast SEO plugin v27.5 - https:\/\/yoast.com\/product\/yoast-seo-wordpress\/ -->\n<title>L\u2019or va t&#039;il continuer de flamber ? - Gold.fr<\/title>\n<meta name=\"description\" content=\"L\u2019or va t\u2019il continuer de flamber ? D\u00e9clarations de G\u00e9raud Missonnier Analyste L&#039;Envol\u00e9e de l&#039;or est loin d&#039;avoir atteint son dernier pic\" \/>\n<meta name=\"robots\" content=\"index, follow, max-snippet:-1, max-image-preview:large, max-video-preview:-1\" \/>\n<link rel=\"canonical\" href=\"https:\/\/www.gold.fr\/news\/2011\/05\/18\/lor-va-til-continuer-de-flamber\/\" \/>\n<meta property=\"og:locale\" content=\"fr_FR\" \/>\n<meta property=\"og:type\" content=\"article\" \/>\n<meta property=\"og:title\" content=\"L\u2019or va t&#039;il continuer de flamber ? - Gold.fr\" \/>\n<meta property=\"og:description\" content=\"L\u2019or va t\u2019il continuer de flamber ? D\u00e9clarations de G\u00e9raud Missonnier Analyste L&#039;Envol\u00e9e de l&#039;or est loin d&#039;avoir atteint son dernier pic\" \/>\n<meta property=\"og:url\" content=\"https:\/\/www.gold.fr\/news\/2011\/05\/18\/lor-va-til-continuer-de-flamber\/\" \/>\n<meta property=\"og:site_name\" content=\"Gold.fr\" \/>\n<meta property=\"article:publisher\" content=\"https:\/\/www.facebook.com\/Goldfr\/\" \/>\n<meta property=\"article:published_time\" content=\"2011-05-18T14:58:26+00:00\" \/>\n<meta property=\"article:modified_time\" content=\"2021-01-11T16:07:56+00:00\" \/>\n<meta property=\"og:image\" content=\"https:\/\/www.gold.fr\/news\/wp-content\/uploads\/2011\/12\/cours-de-lor2.jpg\" \/>\n\t<meta property=\"og:image:width\" content=\"342\" \/>\n\t<meta property=\"og:image:height\" content=\"501\" \/>\n\t<meta property=\"og:image:type\" content=\"image\/jpeg\" \/>\n<meta name=\"author\" content=\"Laurent Schwartz\" \/>\n<meta name=\"twitter:card\" content=\"summary_large_image\" \/>\n<meta name=\"twitter:label1\" content=\"\u00c9crit par\" \/>\n\t<meta name=\"twitter:data1\" content=\"Laurent Schwartz\" \/>\n\t<meta name=\"twitter:label2\" content=\"Dur\u00e9e de lecture estim\u00e9e\" \/>\n\t<meta name=\"twitter:data2\" content=\"1 minute\" \/>\n<script type=\"application\/ld+json\" class=\"yoast-schema-graph\">{\"@context\":\"https:\\\/\\\/schema.org\",\"@graph\":[{\"@type\":\"Article\",\"@id\":\"https:\\\/\\\/www.gold.fr\\\/news\\\/2011\\\/05\\\/18\\\/lor-va-til-continuer-de-flamber\\\/#article\",\"isPartOf\":{\"@id\":\"https:\\\/\\\/www.gold.fr\\\/news\\\/2011\\\/05\\\/18\\\/lor-va-til-continuer-de-flamber\\\/\"},\"author\":{\"name\":\"Laurent Schwartz\",\"@id\":\"https:\\\/\\\/www.gold.fr\\\/news\\\/#\\\/schema\\\/person\\\/4ed91d9a70d8f3a313c26e8308214fc2\"},\"headline\":\"L\u2019or va t&rsquo;il continuer de flamber ?\",\"datePublished\":\"2011-05-18T14:58:26+00:00\",\"dateModified\":\"2021-01-11T16:07:56+00:00\",\"mainEntityOfPage\":{\"@id\":\"https:\\\/\\\/www.gold.fr\\\/news\\\/2011\\\/05\\\/18\\\/lor-va-til-continuer-de-flamber\\\/\"},\"wordCount\":238,\"image\":{\"@id\":\"https:\\\/\\\/www.gold.fr\\\/news\\\/2011\\\/05\\\/18\\\/lor-va-til-continuer-de-flamber\\\/#primaryimage\"},\"thumbnailUrl\":\"https:\\\/\\\/www.gold.fr\\\/news\\\/wp-content\\\/uploads\\\/2011\\\/12\\\/cours-de-lor2.jpg\",\"keywords\":[\"Or\",\"Pr\u00e9vision or\",\"pr\u00e9visions\"],\"articleSection\":[\"Articles de presse\"],\"inLanguage\":\"fr-FR\"},{\"@type\":\"WebPage\",\"@id\":\"https:\\\/\\\/www.gold.fr\\\/news\\\/2011\\\/05\\\/18\\\/lor-va-til-continuer-de-flamber\\\/\",\"url\":\"https:\\\/\\\/www.gold.fr\\\/news\\\/2011\\\/05\\\/18\\\/lor-va-til-continuer-de-flamber\\\/\",\"name\":\"L\u2019or va t'il continuer de flamber ? - Gold.fr\",\"isPartOf\":{\"@id\":\"https:\\\/\\\/www.gold.fr\\\/news\\\/#website\"},\"primaryImageOfPage\":{\"@id\":\"https:\\\/\\\/www.gold.fr\\\/news\\\/2011\\\/05\\\/18\\\/lor-va-til-continuer-de-flamber\\\/#primaryimage\"},\"image\":{\"@id\":\"https:\\\/\\\/www.gold.fr\\\/news\\\/2011\\\/05\\\/18\\\/lor-va-til-continuer-de-flamber\\\/#primaryimage\"},\"thumbnailUrl\":\"https:\\\/\\\/www.gold.fr\\\/news\\\/wp-content\\\/uploads\\\/2011\\\/12\\\/cours-de-lor2.jpg\",\"datePublished\":\"2011-05-18T14:58:26+00:00\",\"dateModified\":\"2021-01-11T16:07:56+00:00\",\"author\":{\"@id\":\"https:\\\/\\\/www.gold.fr\\\/news\\\/#\\\/schema\\\/person\\\/4ed91d9a70d8f3a313c26e8308214fc2\"},\"description\":\"L\u2019or va t\u2019il continuer de flamber ? D\u00e9clarations de G\u00e9raud Missonnier Analyste L'Envol\u00e9e de l'or est loin d'avoir atteint son dernier pic\",\"breadcrumb\":{\"@id\":\"https:\\\/\\\/www.gold.fr\\\/news\\\/2011\\\/05\\\/18\\\/lor-va-til-continuer-de-flamber\\\/#breadcrumb\"},\"inLanguage\":\"fr-FR\",\"potentialAction\":[{\"@type\":\"ReadAction\",\"target\":[\"https:\\\/\\\/www.gold.fr\\\/news\\\/2011\\\/05\\\/18\\\/lor-va-til-continuer-de-flamber\\\/\"]}]},{\"@type\":\"ImageObject\",\"inLanguage\":\"fr-FR\",\"@id\":\"https:\\\/\\\/www.gold.fr\\\/news\\\/2011\\\/05\\\/18\\\/lor-va-til-continuer-de-flamber\\\/#primaryimage\",\"url\":\"https:\\\/\\\/www.gold.fr\\\/news\\\/wp-content\\\/uploads\\\/2011\\\/12\\\/cours-de-lor2.jpg\",\"contentUrl\":\"https:\\\/\\\/www.gold.fr\\\/news\\\/wp-content\\\/uploads\\\/2011\\\/12\\\/cours-de-lor2.jpg\",\"width\":\"342\",\"height\":\"501\",\"caption\":\"Une tendance attentiste pour le cours de l\u2019once\"},{\"@type\":\"BreadcrumbList\",\"@id\":\"https:\\\/\\\/www.gold.fr\\\/news\\\/2011\\\/05\\\/18\\\/lor-va-til-continuer-de-flamber\\\/#breadcrumb\",\"itemListElement\":[{\"@type\":\"ListItem\",\"position\":1,\"name\":\"Accueil\",\"item\":\"https:\\\/\\\/www.gold.fr\\\/\"},{\"@type\":\"ListItem\",\"position\":2,\"name\":\"Actualit\u00e9s\",\"item\":\"https:\\\/\\\/www.gold.fr\\\/news\\\/\"},{\"@type\":\"ListItem\",\"position\":3,\"name\":\"L\u2019or va t&rsquo;il continuer de flamber ?\"}]},{\"@type\":\"WebSite\",\"@id\":\"https:\\\/\\\/www.gold.fr\\\/news\\\/#website\",\"url\":\"https:\\\/\\\/www.gold.fr\\\/news\\\/\",\"name\":\"Gold.fr\",\"description\":\"Actualit\u00e9s de l&#039;Or et des m\u00e9taux pr\u00e9cieux\",\"potentialAction\":[{\"@type\":\"SearchAction\",\"target\":{\"@type\":\"EntryPoint\",\"urlTemplate\":\"https:\\\/\\\/www.gold.fr\\\/news\\\/?s={search_term_string}\"},\"query-input\":{\"@type\":\"PropertyValueSpecification\",\"valueRequired\":true,\"valueName\":\"search_term_string\"}}],\"inLanguage\":\"fr-FR\"},{\"@type\":\"Person\",\"@id\":\"https:\\\/\\\/www.gold.fr\\\/news\\\/#\\\/schema\\\/person\\\/4ed91d9a70d8f3a313c26e8308214fc2\",\"name\":\"Laurent Schwartz\",\"image\":{\"@type\":\"ImageObject\",\"inLanguage\":\"fr-FR\",\"@id\":\"https:\\\/\\\/secure.gravatar.com\\\/avatar\\\/1496f846049365121827f5470219486f1a95f83957cc8ca0a9595e40c185f5ee?s=96&d=mm&r=g76f0e87c9ba82a161860a0fc16990d85\",\"url\":\"https:\\\/\\\/secure.gravatar.com\\\/avatar\\\/1496f846049365121827f5470219486f1a95f83957cc8ca0a9595e40c185f5ee?s=96&d=mm&r=g\",\"contentUrl\":\"https:\\\/\\\/secure.gravatar.com\\\/avatar\\\/1496f846049365121827f5470219486f1a95f83957cc8ca0a9595e40c185f5ee?s=96&d=mm&r=g\",\"caption\":\"Laurent Schwartz\"},\"description\":\"Dipl\u00f4m\u00e9 de l\u2019EDHEC Business School en 2005, Laurent SCHWARTZ int\u00e8gre le cabinet d\u2019audit ERNST &amp; YOUNG en 2005 o\u00f9 il travaille pendant 4 ans. Parall\u00e8lement, il travaille au sein de l\u2019entreprise familiale cr\u00e9\u00e9e en 1976 \u00e0 Strasbourg. Fort de cette exp\u00e9rience et du savoir-faire d\u00e9velopp\u00e9 durant ces 40 derni\u00e8res ann\u00e9es, Laurent proc\u00e8de \u00e0 la refonte du site Internet Gold.fr d\u00e9di\u00e9 \u00e0 l\u2019achat d'or, vente d\u2019or (pi\u00e8ces, lingots, ...), achat or et argent,... qui conna\u00eetra un franc succ\u00e8s d\u00e8s son d\u00e9marrage en 2008. Il d\u00e9cide alors de d\u00e9velopper un r\u00e9seau de concessions exclusives: Le Comptoir National de l\u2019Or. Il assure d\u00e9sormais le pilotage strat\u00e9gique du 1er r\u00e9seau de France qui compte aujourd\u2019hui pas loin de 60 agences r\u00e9parties dans toute la France et depuis peu en Allemagne (Breisach). Le Comptoir National de l\u2019Or se positionne aujourd\u2019hui comme le leader incontournable sur le march\u00e9 de l\u2019Or et des m\u00e9taux pr\u00e9cieux en France.\",\"sameAs\":[\"https:\\\/\\\/www.gold.fr\",\"https:\\\/\\\/www.linkedin.com\\\/in\\\/acheteror\\\/\"]}]}<\/script>\n<!-- \/ Yoast SEO plugin. -->","yoast_head_json":{"title":"L\u2019or va t'il continuer de flamber ? - Gold.fr","description":"L\u2019or va t\u2019il continuer de flamber ? D\u00e9clarations de G\u00e9raud Missonnier Analyste L'Envol\u00e9e de l'or est loin d'avoir atteint son dernier pic","robots":{"index":"index","follow":"follow","max-snippet":"max-snippet:-1","max-image-preview":"max-image-preview:large","max-video-preview":"max-video-preview:-1"},"canonical":"https:\/\/www.gold.fr\/news\/2011\/05\/18\/lor-va-til-continuer-de-flamber\/","og_locale":"fr_FR","og_type":"article","og_title":"L\u2019or va t'il continuer de flamber ? - Gold.fr","og_description":"L\u2019or va t\u2019il continuer de flamber ? D\u00e9clarations de G\u00e9raud Missonnier Analyste L'Envol\u00e9e de l'or est loin d'avoir atteint son dernier pic","og_url":"https:\/\/www.gold.fr\/news\/2011\/05\/18\/lor-va-til-continuer-de-flamber\/","og_site_name":"Gold.fr","article_publisher":"https:\/\/www.facebook.com\/Goldfr\/","article_published_time":"2011-05-18T14:58:26+00:00","article_modified_time":"2021-01-11T16:07:56+00:00","og_image":[{"width":342,"height":501,"url":"https:\/\/www.gold.fr\/news\/wp-content\/uploads\/2011\/12\/cours-de-lor2.jpg","type":"image\/jpeg"}],"author":"Laurent Schwartz","twitter_card":"summary_large_image","twitter_misc":{"\u00c9crit par":"Laurent Schwartz","Dur\u00e9e de lecture estim\u00e9e":"1 minute"},"schema":{"@context":"https:\/\/schema.org","@graph":[{"@type":"Article","@id":"https:\/\/www.gold.fr\/news\/2011\/05\/18\/lor-va-til-continuer-de-flamber\/#article","isPartOf":{"@id":"https:\/\/www.gold.fr\/news\/2011\/05\/18\/lor-va-til-continuer-de-flamber\/"},"author":{"name":"Laurent Schwartz","@id":"https:\/\/www.gold.fr\/news\/#\/schema\/person\/4ed91d9a70d8f3a313c26e8308214fc2"},"headline":"L\u2019or va t&rsquo;il continuer de flamber ?","datePublished":"2011-05-18T14:58:26+00:00","dateModified":"2021-01-11T16:07:56+00:00","mainEntityOfPage":{"@id":"https:\/\/www.gold.fr\/news\/2011\/05\/18\/lor-va-til-continuer-de-flamber\/"},"wordCount":238,"image":{"@id":"https:\/\/www.gold.fr\/news\/2011\/05\/18\/lor-va-til-continuer-de-flamber\/#primaryimage"},"thumbnailUrl":"https:\/\/www.gold.fr\/news\/wp-content\/uploads\/2011\/12\/cours-de-lor2.jpg","keywords":["Or","Pr\u00e9vision or","pr\u00e9visions"],"articleSection":["Articles de presse"],"inLanguage":"fr-FR"},{"@type":"WebPage","@id":"https:\/\/www.gold.fr\/news\/2011\/05\/18\/lor-va-til-continuer-de-flamber\/","url":"https:\/\/www.gold.fr\/news\/2011\/05\/18\/lor-va-til-continuer-de-flamber\/","name":"L\u2019or va t'il continuer de flamber ? - Gold.fr","isPartOf":{"@id":"https:\/\/www.gold.fr\/news\/#website"},"primaryImageOfPage":{"@id":"https:\/\/www.gold.fr\/news\/2011\/05\/18\/lor-va-til-continuer-de-flamber\/#primaryimage"},"image":{"@id":"https:\/\/www.gold.fr\/news\/2011\/05\/18\/lor-va-til-continuer-de-flamber\/#primaryimage"},"thumbnailUrl":"https:\/\/www.gold.fr\/news\/wp-content\/uploads\/2011\/12\/cours-de-lor2.jpg","datePublished":"2011-05-18T14:58:26+00:00","dateModified":"2021-01-11T16:07:56+00:00","author":{"@id":"https:\/\/www.gold.fr\/news\/#\/schema\/person\/4ed91d9a70d8f3a313c26e8308214fc2"},"description":"L\u2019or va t\u2019il continuer de flamber ? D\u00e9clarations de G\u00e9raud Missonnier Analyste L'Envol\u00e9e de l'or est loin d'avoir atteint son dernier pic","breadcrumb":{"@id":"https:\/\/www.gold.fr\/news\/2011\/05\/18\/lor-va-til-continuer-de-flamber\/#breadcrumb"},"inLanguage":"fr-FR","potentialAction":[{"@type":"ReadAction","target":["https:\/\/www.gold.fr\/news\/2011\/05\/18\/lor-va-til-continuer-de-flamber\/"]}]},{"@type":"ImageObject","inLanguage":"fr-FR","@id":"https:\/\/www.gold.fr\/news\/2011\/05\/18\/lor-va-til-continuer-de-flamber\/#primaryimage","url":"https:\/\/www.gold.fr\/news\/wp-content\/uploads\/2011\/12\/cours-de-lor2.jpg","contentUrl":"https:\/\/www.gold.fr\/news\/wp-content\/uploads\/2011\/12\/cours-de-lor2.jpg","width":"342","height":"501","caption":"Une tendance attentiste pour le cours de l\u2019once"},{"@type":"BreadcrumbList","@id":"https:\/\/www.gold.fr\/news\/2011\/05\/18\/lor-va-til-continuer-de-flamber\/#breadcrumb","itemListElement":[{"@type":"ListItem","position":1,"name":"Accueil","item":"https:\/\/www.gold.fr\/"},{"@type":"ListItem","position":2,"name":"Actualit\u00e9s","item":"https:\/\/www.gold.fr\/news\/"},{"@type":"ListItem","position":3,"name":"L\u2019or va t&rsquo;il continuer de flamber ?"}]},{"@type":"WebSite","@id":"https:\/\/www.gold.fr\/news\/#website","url":"https:\/\/www.gold.fr\/news\/","name":"Gold.fr","description":"Actualit\u00e9s de l&#039;Or et des m\u00e9taux pr\u00e9cieux","potentialAction":[{"@type":"SearchAction","target":{"@type":"EntryPoint","urlTemplate":"https:\/\/www.gold.fr\/news\/?s={search_term_string}"},"query-input":{"@type":"PropertyValueSpecification","valueRequired":true,"valueName":"search_term_string"}}],"inLanguage":"fr-FR"},{"@type":"Person","@id":"https:\/\/www.gold.fr\/news\/#\/schema\/person\/4ed91d9a70d8f3a313c26e8308214fc2","name":"Laurent Schwartz","image":{"@type":"ImageObject","inLanguage":"fr-FR","@id":"https:\/\/secure.gravatar.com\/avatar\/1496f846049365121827f5470219486f1a95f83957cc8ca0a9595e40c185f5ee?s=96&d=mm&r=g76f0e87c9ba82a161860a0fc16990d85","url":"https:\/\/secure.gravatar.com\/avatar\/1496f846049365121827f5470219486f1a95f83957cc8ca0a9595e40c185f5ee?s=96&d=mm&r=g","contentUrl":"https:\/\/secure.gravatar.com\/avatar\/1496f846049365121827f5470219486f1a95f83957cc8ca0a9595e40c185f5ee?s=96&d=mm&r=g","caption":"Laurent Schwartz"},"description":"Dipl\u00f4m\u00e9 de l\u2019EDHEC Business School en 2005, Laurent SCHWARTZ int\u00e8gre le cabinet d\u2019audit ERNST &amp; YOUNG en 2005 o\u00f9 il travaille pendant 4 ans. Parall\u00e8lement, il travaille au sein de l\u2019entreprise familiale cr\u00e9\u00e9e en 1976 \u00e0 Strasbourg. Fort de cette exp\u00e9rience et du savoir-faire d\u00e9velopp\u00e9 durant ces 40 derni\u00e8res ann\u00e9es, Laurent proc\u00e8de \u00e0 la refonte du site Internet Gold.fr d\u00e9di\u00e9 \u00e0 l\u2019achat d'or, vente d\u2019or (pi\u00e8ces, lingots, ...), achat or et argent,... qui conna\u00eetra un franc succ\u00e8s d\u00e8s son d\u00e9marrage en 2008. Il d\u00e9cide alors de d\u00e9velopper un r\u00e9seau de concessions exclusives: Le Comptoir National de l\u2019Or. Il assure d\u00e9sormais le pilotage strat\u00e9gique du 1er r\u00e9seau de France qui compte aujourd\u2019hui pas loin de 60 agences r\u00e9parties dans toute la France et depuis peu en Allemagne (Breisach). Le Comptoir National de l\u2019Or se positionne aujourd\u2019hui comme le leader incontournable sur le march\u00e9 de l\u2019Or et des m\u00e9taux pr\u00e9cieux en France.","sameAs":["https:\/\/www.gold.fr","https:\/\/www.linkedin.com\/in\/acheteror\/"]}]}},"authors":[{"term_id":2567,"user_id":6,"is_guest":0,"slug":"laurent","display_name":"Laurent Schwartz","avatar_url":"https:\/\/secure.gravatar.com\/avatar\/1496f846049365121827f5470219486f1a95f83957cc8ca0a9595e40c185f5ee?s=96&d=mm&r=g","0":null,"1":"","2":"","3":"","4":"","5":"","6":"","7":"","8":""}],"_links":{"self":[{"href":"https:\/\/www.gold.fr\/news\/wp-json\/wp\/v2\/posts\/1816","targetHints":{"allow":["GET"]}}],"collection":[{"href":"https:\/\/www.gold.fr\/news\/wp-json\/wp\/v2\/posts"}],"about":[{"href":"https:\/\/www.gold.fr\/news\/wp-json\/wp\/v2\/types\/post"}],"author":[{"embeddable":true,"href":"https:\/\/www.gold.fr\/news\/wp-json\/wp\/v2\/users\/6"}],"replies":[{"embeddable":true,"href":"https:\/\/www.gold.fr\/news\/wp-json\/wp\/v2\/comments?post=1816"}],"version-history":[{"count":0,"href":"https:\/\/www.gold.fr\/news\/wp-json\/wp\/v2\/posts\/1816\/revisions"}],"wp:featuredmedia":[{"embeddable":true,"href":"https:\/\/www.gold.fr\/news\/wp-json\/wp\/v2\/media\/4368"}],"wp:attachment":[{"href":"https:\/\/www.gold.fr\/news\/wp-json\/wp\/v2\/media?parent=1816"}],"wp:term":[{"taxonomy":"category","embeddable":true,"href":"https:\/\/www.gold.fr\/news\/wp-json\/wp\/v2\/categories?post=1816"},{"taxonomy":"post_tag","embeddable":true,"href":"https:\/\/www.gold.fr\/news\/wp-json\/wp\/v2\/tags?post=1816"},{"taxonomy":"author","embeddable":true,"href":"https:\/\/www.gold.fr\/news\/wp-json\/wp\/v2\/ppma_author?post=1816"}],"curies":[{"name":"wp","href":"https:\/\/api.w.org\/{rel}","templated":true}]}}