{"id":18138,"date":"2015-10-15T17:00:53","date_gmt":"2015-10-15T15:00:53","guid":{"rendered":"https:\/\/www.gold.fr\/news\/?p=18138"},"modified":"2017-11-29T17:56:13","modified_gmt":"2017-11-29T16:56:13","slug":"economie-internationale-nouvelle-salve-macroeconomique-decevante","status":"publish","type":"post","link":"https:\/\/www.gold.fr\/news\/2015\/10\/15\/economie-internationale-nouvelle-salve-macroeconomique-decevante\/","title":{"rendered":"Economie internationale : Nouvelle salve macro\u00e9conomique d\u00e9cevante"},"content":{"rendered":"<p><img loading=\"lazy\" decoding=\"async\" class=\"alignleft size-thumbnail wp-image-4684\" title=\"Economie internationale : Nouvelle salve macro\u00e9conomique d\u00e9cevante\" src=\"https:\/\/www.gold.fr\/news\/wp-content\/uploads\/2011\/12\/or-monde-150x150.jpg\" alt=\"\" width=\"150\" height=\"150\" \/><span style=\"font-size: small;\">Qu\u2019il s\u2019agisse de l\u2019Europe, des <strong>Etats-Unis<\/strong> ou de la <strong>Chine<\/strong>, la situation macro\u00e9conomique est globalement d\u00e9cevante cette semaine, avec une succession de chiffres et statistiques qui offrent peu de raisons aux march\u00e9s boursiers de se montrer optimistes. Du coup, et en d\u00e9pit de la d\u00e9termination des march\u00e9s \u00e0 se maintenir en \u00e9quilibre, depuis le d\u00e9but de la semaine, une vague baissi\u00e8re commence \u00e0 d\u00e9ferler sur les principales places boursi\u00e8res de la zone euro jusqu\u2019en Chine, en passant par <strong>Wall Street<\/strong> et ses compatriotes.<\/span>    <span style=\"font-size: small;\">Tony Cross, analyste de march\u00e9 chez <strong>Trustnet Direct<\/strong>, rapportait mercredi apr\u00e8s-midi que \u00ab<em> des donn\u00e9es moroses de Chine &#8211; cette fois-ci une inflation plus faible que pr\u00e9vu &#8211; ajoutent encore \u00e0 l&rsquo;angoisse quant \u00e0 la gestion par la deuxi\u00e8me \u00e9conomie mondiale de son ralentissement<\/em> \u00bb. Une autre nouvelle d\u00e9cevante viendra rapidement s\u2019ajouter \u00e0 ces chiffres chinois ; la production industrielle corrig\u00e9e des variations saisonni\u00e8res en zone euro qui enregistre une baisse de <strong>0,5%<\/strong> en ao\u00fbt, selon l\u2019Eurostat.<\/span>    <span style=\"font-size: small;\">Ce bilan morose est enfin compl\u00e9t\u00e9 par les statistiques am\u00e9ricaines relatives aux ventes au d\u00e9tail la hausse de<strong> 0,1%<\/strong> d\u00e9\u00e7oit les pr\u00e9visions \u00e9conomistes qui les pla\u00e7aient \u00e0 <strong>+0,2%<\/strong>, mais \u00e9galement les prix \u00e0 la production qui affichent un repli de <strong>0,5%<\/strong> au mois de septembre, \u00ab <em>apr\u00e8s avoir \u00e9t\u00e9 stables en ao\u00fbt et alors que le consensus \u00e9tait moins pessimiste, pariant sur un retrait de 0,3%<\/em> \u00bb.<\/span><\/p>\n<!-- AddThis Advanced Settings generic via filter on the_content --><!-- AddThis Share Buttons generic via filter on the_content -->","protected":false},"excerpt":{"rendered":"<p>Qu\u2019il s\u2019agisse de l\u2019Europe, des Etats-Unis ou de la Chine, la situation macro\u00e9conomique est globalement d\u00e9cevante cette semaine, avec une succession de chiffres et statistiques qui offrent peu de raisons aux march\u00e9s boursiers de se montrer [&hellip;]<\/p>\n","protected":false},"author":18,"featured_media":4684,"comment_status":"open","ping_status":"open","sticky":false,"template":"","format":"standard","meta":{"_mbp_gutenberg_autopost":false,"_pgmb_is_evergreen":false,"_pgmb_ap_template_id":0,"footnotes":""},"categories":[6],"tags":[1000,242,534],"ppma_author":[2565],"class_list":["post-18138","post","type-post","status-publish","format-standard","has-post-thumbnail","hentry","category-articles-de-presse","tag-economie","tag-europe","tag-wall-street"],"yoast_head":"<!-- This site is optimized with the Yoast SEO plugin v27.5 - https:\/\/yoast.com\/product\/yoast-seo-wordpress\/ -->\n<title>Economie internationale : Nouvelle salve macro\u00e9conomique d\u00e9cevante - Gold.fr<\/title>\n<meta name=\"robots\" content=\"index, follow, max-snippet:-1, max-image-preview:large, max-video-preview:-1\" \/>\n<link rel=\"canonical\" href=\"https:\/\/www.gold.fr\/news\/2015\/10\/15\/economie-internationale-nouvelle-salve-macroeconomique-decevante\/\" \/>\n<meta property=\"og:locale\" content=\"fr_FR\" \/>\n<meta property=\"og:type\" content=\"article\" \/>\n<meta property=\"og:title\" content=\"Economie internationale : Nouvelle salve macro\u00e9conomique d\u00e9cevante - Gold.fr\" \/>\n<meta property=\"og:description\" content=\"Qu\u2019il s\u2019agisse de l\u2019Europe, des Etats-Unis ou de la Chine, la situation macro\u00e9conomique est globalement d\u00e9cevante cette semaine, avec une succession de chiffres et statistiques qui offrent peu de raisons aux march\u00e9s boursiers de se montrer [&hellip;]\" \/>\n<meta property=\"og:url\" content=\"https:\/\/www.gold.fr\/news\/2015\/10\/15\/economie-internationale-nouvelle-salve-macroeconomique-decevante\/\" \/>\n<meta property=\"og:site_name\" content=\"Gold.fr\" \/>\n<meta property=\"article:publisher\" content=\"https:\/\/www.facebook.com\/Goldfr\/\" \/>\n<meta property=\"article:published_time\" content=\"2015-10-15T15:00:53+00:00\" \/>\n<meta property=\"article:modified_time\" content=\"2017-11-29T16:56:13+00:00\" \/>\n<meta property=\"og:image\" content=\"https:\/\/www.gold.fr\/news\/wp-content\/uploads\/2011\/12\/or-monde.jpg\" \/>\n\t<meta property=\"og:image:width\" content=\"600\" \/>\n\t<meta property=\"og:image:height\" content=\"400\" \/>\n\t<meta property=\"og:image:type\" content=\"image\/jpeg\" \/>\n<meta name=\"author\" content=\"Comptoir National de l&#039;Or\" \/>\n<meta name=\"twitter:card\" content=\"summary_large_image\" \/>\n<meta name=\"twitter:label1\" content=\"\u00c9crit par\" \/>\n\t<meta name=\"twitter:data1\" content=\"Comptoir National de l&#039;Or\" \/>\n\t<meta name=\"twitter:label2\" content=\"Dur\u00e9e de lecture estim\u00e9e\" \/>\n\t<meta name=\"twitter:data2\" content=\"1 minute\" \/>\n<script type=\"application\/ld+json\" class=\"yoast-schema-graph\">{\"@context\":\"https:\\\/\\\/schema.org\",\"@graph\":[{\"@type\":\"Article\",\"@id\":\"https:\\\/\\\/www.gold.fr\\\/news\\\/2015\\\/10\\\/15\\\/economie-internationale-nouvelle-salve-macroeconomique-decevante\\\/#article\",\"isPartOf\":{\"@id\":\"https:\\\/\\\/www.gold.fr\\\/news\\\/2015\\\/10\\\/15\\\/economie-internationale-nouvelle-salve-macroeconomique-decevante\\\/\"},\"author\":{\"name\":\"Comptoir National de l'Or\",\"@id\":\"https:\\\/\\\/www.gold.fr\\\/news\\\/#\\\/schema\\\/person\\\/070491b4b4fb7671bf59b3be20302ce9\"},\"headline\":\"Economie internationale : Nouvelle salve macro\u00e9conomique d\u00e9cevante\",\"datePublished\":\"2015-10-15T15:00:53+00:00\",\"dateModified\":\"2017-11-29T16:56:13+00:00\",\"mainEntityOfPage\":{\"@id\":\"https:\\\/\\\/www.gold.fr\\\/news\\\/2015\\\/10\\\/15\\\/economie-internationale-nouvelle-salve-macroeconomique-decevante\\\/\"},\"wordCount\":251,\"commentCount\":0,\"image\":{\"@id\":\"https:\\\/\\\/www.gold.fr\\\/news\\\/2015\\\/10\\\/15\\\/economie-internationale-nouvelle-salve-macroeconomique-decevante\\\/#primaryimage\"},\"thumbnailUrl\":\"https:\\\/\\\/www.gold.fr\\\/news\\\/wp-content\\\/uploads\\\/2011\\\/12\\\/or-monde.jpg\",\"keywords\":[\"\u00e9conomie\",\"europe\",\"wall street\"],\"articleSection\":[\"Articles de presse\"],\"inLanguage\":\"fr-FR\"},{\"@type\":\"WebPage\",\"@id\":\"https:\\\/\\\/www.gold.fr\\\/news\\\/2015\\\/10\\\/15\\\/economie-internationale-nouvelle-salve-macroeconomique-decevante\\\/\",\"url\":\"https:\\\/\\\/www.gold.fr\\\/news\\\/2015\\\/10\\\/15\\\/economie-internationale-nouvelle-salve-macroeconomique-decevante\\\/\",\"name\":\"Economie internationale : Nouvelle salve macro\u00e9conomique d\u00e9cevante - Gold.fr\",\"isPartOf\":{\"@id\":\"https:\\\/\\\/www.gold.fr\\\/news\\\/#website\"},\"primaryImageOfPage\":{\"@id\":\"https:\\\/\\\/www.gold.fr\\\/news\\\/2015\\\/10\\\/15\\\/economie-internationale-nouvelle-salve-macroeconomique-decevante\\\/#primaryimage\"},\"image\":{\"@id\":\"https:\\\/\\\/www.gold.fr\\\/news\\\/2015\\\/10\\\/15\\\/economie-internationale-nouvelle-salve-macroeconomique-decevante\\\/#primaryimage\"},\"thumbnailUrl\":\"https:\\\/\\\/www.gold.fr\\\/news\\\/wp-content\\\/uploads\\\/2011\\\/12\\\/or-monde.jpg\",\"datePublished\":\"2015-10-15T15:00:53+00:00\",\"dateModified\":\"2017-11-29T16:56:13+00:00\",\"author\":{\"@id\":\"https:\\\/\\\/www.gold.fr\\\/news\\\/#\\\/schema\\\/person\\\/070491b4b4fb7671bf59b3be20302ce9\"},\"breadcrumb\":{\"@id\":\"https:\\\/\\\/www.gold.fr\\\/news\\\/2015\\\/10\\\/15\\\/economie-internationale-nouvelle-salve-macroeconomique-decevante\\\/#breadcrumb\"},\"inLanguage\":\"fr-FR\",\"potentialAction\":[{\"@type\":\"ReadAction\",\"target\":[\"https:\\\/\\\/www.gold.fr\\\/news\\\/2015\\\/10\\\/15\\\/economie-internationale-nouvelle-salve-macroeconomique-decevante\\\/\"]}]},{\"@type\":\"ImageObject\",\"inLanguage\":\"fr-FR\",\"@id\":\"https:\\\/\\\/www.gold.fr\\\/news\\\/2015\\\/10\\\/15\\\/economie-internationale-nouvelle-salve-macroeconomique-decevante\\\/#primaryimage\",\"url\":\"https:\\\/\\\/www.gold.fr\\\/news\\\/wp-content\\\/uploads\\\/2011\\\/12\\\/or-monde.jpg\",\"contentUrl\":\"https:\\\/\\\/www.gold.fr\\\/news\\\/wp-content\\\/uploads\\\/2011\\\/12\\\/or-monde.jpg\",\"width\":\"600\",\"height\":\"400\",\"caption\":\"March\u00e9s : Nouvelle saison de r\u00e9sultats\"},{\"@type\":\"BreadcrumbList\",\"@id\":\"https:\\\/\\\/www.gold.fr\\\/news\\\/2015\\\/10\\\/15\\\/economie-internationale-nouvelle-salve-macroeconomique-decevante\\\/#breadcrumb\",\"itemListElement\":[{\"@type\":\"ListItem\",\"position\":1,\"name\":\"Accueil\",\"item\":\"https:\\\/\\\/www.gold.fr\\\/\"},{\"@type\":\"ListItem\",\"position\":2,\"name\":\"Actualit\u00e9s\",\"item\":\"https:\\\/\\\/www.gold.fr\\\/news\\\/\"},{\"@type\":\"ListItem\",\"position\":3,\"name\":\"Economie internationale : Nouvelle salve macro\u00e9conomique d\u00e9cevante\"}]},{\"@type\":\"WebSite\",\"@id\":\"https:\\\/\\\/www.gold.fr\\\/news\\\/#website\",\"url\":\"https:\\\/\\\/www.gold.fr\\\/news\\\/\",\"name\":\"Gold.fr\",\"description\":\"Actualit\u00e9s de l&#039;Or et des m\u00e9taux pr\u00e9cieux\",\"potentialAction\":[{\"@type\":\"SearchAction\",\"target\":{\"@type\":\"EntryPoint\",\"urlTemplate\":\"https:\\\/\\\/www.gold.fr\\\/news\\\/?s={search_term_string}\"},\"query-input\":{\"@type\":\"PropertyValueSpecification\",\"valueRequired\":true,\"valueName\":\"search_term_string\"}}],\"inLanguage\":\"fr-FR\"},{\"@type\":\"Person\",\"@id\":\"https:\\\/\\\/www.gold.fr\\\/news\\\/#\\\/schema\\\/person\\\/070491b4b4fb7671bf59b3be20302ce9\",\"name\":\"Comptoir National de l'Or\",\"image\":{\"@type\":\"ImageObject\",\"inLanguage\":\"fr-FR\",\"@id\":\"https:\\\/\\\/secure.gravatar.com\\\/avatar\\\/0a2867fd5abe37bed95d5a65e9d58f01756e11efc68af9888dfc50cfa7f65948?s=96&d=mm&r=gb490554db0a38188709de567aa58480d\",\"url\":\"https:\\\/\\\/secure.gravatar.com\\\/avatar\\\/0a2867fd5abe37bed95d5a65e9d58f01756e11efc68af9888dfc50cfa7f65948?s=96&d=mm&r=g\",\"contentUrl\":\"https:\\\/\\\/secure.gravatar.com\\\/avatar\\\/0a2867fd5abe37bed95d5a65e9d58f01756e11efc68af9888dfc50cfa7f65948?s=96&d=mm&r=g\",\"caption\":\"Comptoir National de l'Or\"},\"description\":\"Notre r\u00e9daction est constitu\u00e9e de membres experts dans les m\u00e9tiers de l'\u00e9conomie et la gestion, des Responsables d'agence Comptoir National de l'Or, des analystes financiers qui publient r\u00e9guli\u00e8rement des \u00e9tudes sur les politiques des banques centrales, le cours de l'or, prix de l'or, cours de l'argent, prix de l'argent, cours du platine, cours du palladium,... la situation en zone euro et l'impact de la strat\u00e9gie mon\u00e9taire de la FED. Notre \u00e9quipe scrute \u00e9galement une information plus g\u00e9n\u00e9raliste \u00e0 la recherche d'actualit\u00e9 \\\"p\u00e9pite\\\" \u00e0 vous partager. Depuis 5 ans, nous avons publi\u00e9 un peu plus de 4000 articles qui s'adressent \u00e0 un public large et vari\u00e9 ayant pour objectif de satisfaire votre curiosit\u00e9 et de partager avec vous une certaine fascination pour le m\u00e9tal jaune, le rachat d'or, et pour ceux qui veulent investir dans l'or, vendre leur or tout simplement en savoir plus... Pour tous vos achat or et argent, n'h\u00e9sitez pas \u00e0 prendre rendez-vous dans l'un de nos nombreux comptoirs.\",\"sameAs\":[\"https:\\\/\\\/www.gold.fr\"]}]}<\/script>\n<!-- \/ Yoast SEO plugin. -->","yoast_head_json":{"title":"Economie internationale : Nouvelle salve macro\u00e9conomique d\u00e9cevante - Gold.fr","robots":{"index":"index","follow":"follow","max-snippet":"max-snippet:-1","max-image-preview":"max-image-preview:large","max-video-preview":"max-video-preview:-1"},"canonical":"https:\/\/www.gold.fr\/news\/2015\/10\/15\/economie-internationale-nouvelle-salve-macroeconomique-decevante\/","og_locale":"fr_FR","og_type":"article","og_title":"Economie internationale : Nouvelle salve macro\u00e9conomique d\u00e9cevante - Gold.fr","og_description":"Qu\u2019il s\u2019agisse de l\u2019Europe, des Etats-Unis ou de la Chine, la situation macro\u00e9conomique est globalement d\u00e9cevante cette semaine, avec une succession de chiffres et statistiques qui offrent peu de raisons aux march\u00e9s boursiers de se montrer [&hellip;]","og_url":"https:\/\/www.gold.fr\/news\/2015\/10\/15\/economie-internationale-nouvelle-salve-macroeconomique-decevante\/","og_site_name":"Gold.fr","article_publisher":"https:\/\/www.facebook.com\/Goldfr\/","article_published_time":"2015-10-15T15:00:53+00:00","article_modified_time":"2017-11-29T16:56:13+00:00","og_image":[{"width":600,"height":400,"url":"https:\/\/www.gold.fr\/news\/wp-content\/uploads\/2011\/12\/or-monde.jpg","type":"image\/jpeg"}],"author":"Comptoir National de l'Or","twitter_card":"summary_large_image","twitter_misc":{"\u00c9crit par":"Comptoir National de l'Or","Dur\u00e9e de lecture estim\u00e9e":"1 minute"},"schema":{"@context":"https:\/\/schema.org","@graph":[{"@type":"Article","@id":"https:\/\/www.gold.fr\/news\/2015\/10\/15\/economie-internationale-nouvelle-salve-macroeconomique-decevante\/#article","isPartOf":{"@id":"https:\/\/www.gold.fr\/news\/2015\/10\/15\/economie-internationale-nouvelle-salve-macroeconomique-decevante\/"},"author":{"name":"Comptoir National de l'Or","@id":"https:\/\/www.gold.fr\/news\/#\/schema\/person\/070491b4b4fb7671bf59b3be20302ce9"},"headline":"Economie internationale : Nouvelle salve macro\u00e9conomique d\u00e9cevante","datePublished":"2015-10-15T15:00:53+00:00","dateModified":"2017-11-29T16:56:13+00:00","mainEntityOfPage":{"@id":"https:\/\/www.gold.fr\/news\/2015\/10\/15\/economie-internationale-nouvelle-salve-macroeconomique-decevante\/"},"wordCount":251,"commentCount":0,"image":{"@id":"https:\/\/www.gold.fr\/news\/2015\/10\/15\/economie-internationale-nouvelle-salve-macroeconomique-decevante\/#primaryimage"},"thumbnailUrl":"https:\/\/www.gold.fr\/news\/wp-content\/uploads\/2011\/12\/or-monde.jpg","keywords":["\u00e9conomie","europe","wall street"],"articleSection":["Articles de presse"],"inLanguage":"fr-FR"},{"@type":"WebPage","@id":"https:\/\/www.gold.fr\/news\/2015\/10\/15\/economie-internationale-nouvelle-salve-macroeconomique-decevante\/","url":"https:\/\/www.gold.fr\/news\/2015\/10\/15\/economie-internationale-nouvelle-salve-macroeconomique-decevante\/","name":"Economie internationale : Nouvelle salve macro\u00e9conomique d\u00e9cevante - Gold.fr","isPartOf":{"@id":"https:\/\/www.gold.fr\/news\/#website"},"primaryImageOfPage":{"@id":"https:\/\/www.gold.fr\/news\/2015\/10\/15\/economie-internationale-nouvelle-salve-macroeconomique-decevante\/#primaryimage"},"image":{"@id":"https:\/\/www.gold.fr\/news\/2015\/10\/15\/economie-internationale-nouvelle-salve-macroeconomique-decevante\/#primaryimage"},"thumbnailUrl":"https:\/\/www.gold.fr\/news\/wp-content\/uploads\/2011\/12\/or-monde.jpg","datePublished":"2015-10-15T15:00:53+00:00","dateModified":"2017-11-29T16:56:13+00:00","author":{"@id":"https:\/\/www.gold.fr\/news\/#\/schema\/person\/070491b4b4fb7671bf59b3be20302ce9"},"breadcrumb":{"@id":"https:\/\/www.gold.fr\/news\/2015\/10\/15\/economie-internationale-nouvelle-salve-macroeconomique-decevante\/#breadcrumb"},"inLanguage":"fr-FR","potentialAction":[{"@type":"ReadAction","target":["https:\/\/www.gold.fr\/news\/2015\/10\/15\/economie-internationale-nouvelle-salve-macroeconomique-decevante\/"]}]},{"@type":"ImageObject","inLanguage":"fr-FR","@id":"https:\/\/www.gold.fr\/news\/2015\/10\/15\/economie-internationale-nouvelle-salve-macroeconomique-decevante\/#primaryimage","url":"https:\/\/www.gold.fr\/news\/wp-content\/uploads\/2011\/12\/or-monde.jpg","contentUrl":"https:\/\/www.gold.fr\/news\/wp-content\/uploads\/2011\/12\/or-monde.jpg","width":"600","height":"400","caption":"March\u00e9s : Nouvelle saison de r\u00e9sultats"},{"@type":"BreadcrumbList","@id":"https:\/\/www.gold.fr\/news\/2015\/10\/15\/economie-internationale-nouvelle-salve-macroeconomique-decevante\/#breadcrumb","itemListElement":[{"@type":"ListItem","position":1,"name":"Accueil","item":"https:\/\/www.gold.fr\/"},{"@type":"ListItem","position":2,"name":"Actualit\u00e9s","item":"https:\/\/www.gold.fr\/news\/"},{"@type":"ListItem","position":3,"name":"Economie internationale : Nouvelle salve macro\u00e9conomique d\u00e9cevante"}]},{"@type":"WebSite","@id":"https:\/\/www.gold.fr\/news\/#website","url":"https:\/\/www.gold.fr\/news\/","name":"Gold.fr","description":"Actualit\u00e9s de l&#039;Or et des m\u00e9taux pr\u00e9cieux","potentialAction":[{"@type":"SearchAction","target":{"@type":"EntryPoint","urlTemplate":"https:\/\/www.gold.fr\/news\/?s={search_term_string}"},"query-input":{"@type":"PropertyValueSpecification","valueRequired":true,"valueName":"search_term_string"}}],"inLanguage":"fr-FR"},{"@type":"Person","@id":"https:\/\/www.gold.fr\/news\/#\/schema\/person\/070491b4b4fb7671bf59b3be20302ce9","name":"Comptoir National de l'Or","image":{"@type":"ImageObject","inLanguage":"fr-FR","@id":"https:\/\/secure.gravatar.com\/avatar\/0a2867fd5abe37bed95d5a65e9d58f01756e11efc68af9888dfc50cfa7f65948?s=96&d=mm&r=gb490554db0a38188709de567aa58480d","url":"https:\/\/secure.gravatar.com\/avatar\/0a2867fd5abe37bed95d5a65e9d58f01756e11efc68af9888dfc50cfa7f65948?s=96&d=mm&r=g","contentUrl":"https:\/\/secure.gravatar.com\/avatar\/0a2867fd5abe37bed95d5a65e9d58f01756e11efc68af9888dfc50cfa7f65948?s=96&d=mm&r=g","caption":"Comptoir National de l'Or"},"description":"Notre r\u00e9daction est constitu\u00e9e de membres experts dans les m\u00e9tiers de l'\u00e9conomie et la gestion, des Responsables d'agence Comptoir National de l'Or, des analystes financiers qui publient r\u00e9guli\u00e8rement des \u00e9tudes sur les politiques des banques centrales, le cours de l'or, prix de l'or, cours de l'argent, prix de l'argent, cours du platine, cours du palladium,... la situation en zone euro et l'impact de la strat\u00e9gie mon\u00e9taire de la FED. Notre \u00e9quipe scrute \u00e9galement une information plus g\u00e9n\u00e9raliste \u00e0 la recherche d'actualit\u00e9 \"p\u00e9pite\" \u00e0 vous partager. Depuis 5 ans, nous avons publi\u00e9 un peu plus de 4000 articles qui s'adressent \u00e0 un public large et vari\u00e9 ayant pour objectif de satisfaire votre curiosit\u00e9 et de partager avec vous une certaine fascination pour le m\u00e9tal jaune, le rachat d'or, et pour ceux qui veulent investir dans l'or, vendre leur or tout simplement en savoir plus... Pour tous vos achat or et argent, n'h\u00e9sitez pas \u00e0 prendre rendez-vous dans l'un de nos nombreux comptoirs.","sameAs":["https:\/\/www.gold.fr"]}]}},"authors":[{"term_id":2565,"user_id":18,"is_guest":0,"slug":"julie","display_name":"Comptoir National de l'Or","avatar_url":"https:\/\/secure.gravatar.com\/avatar\/713f289e398d35ead876c4a4cc08607f0d6d266058cfc25683fffb6092d0e572?s=96&d=mm&r=g","0":null,"1":"","2":"","3":"","4":"","5":"","6":"","7":"","8":""}],"_links":{"self":[{"href":"https:\/\/www.gold.fr\/news\/wp-json\/wp\/v2\/posts\/18138","targetHints":{"allow":["GET"]}}],"collection":[{"href":"https:\/\/www.gold.fr\/news\/wp-json\/wp\/v2\/posts"}],"about":[{"href":"https:\/\/www.gold.fr\/news\/wp-json\/wp\/v2\/types\/post"}],"author":[{"embeddable":true,"href":"https:\/\/www.gold.fr\/news\/wp-json\/wp\/v2\/users\/18"}],"replies":[{"embeddable":true,"href":"https:\/\/www.gold.fr\/news\/wp-json\/wp\/v2\/comments?post=18138"}],"version-history":[{"count":0,"href":"https:\/\/www.gold.fr\/news\/wp-json\/wp\/v2\/posts\/18138\/revisions"}],"wp:featuredmedia":[{"embeddable":true,"href":"https:\/\/www.gold.fr\/news\/wp-json\/wp\/v2\/media\/4684"}],"wp:attachment":[{"href":"https:\/\/www.gold.fr\/news\/wp-json\/wp\/v2\/media?parent=18138"}],"wp:term":[{"taxonomy":"category","embeddable":true,"href":"https:\/\/www.gold.fr\/news\/wp-json\/wp\/v2\/categories?post=18138"},{"taxonomy":"post_tag","embeddable":true,"href":"https:\/\/www.gold.fr\/news\/wp-json\/wp\/v2\/tags?post=18138"},{"taxonomy":"author","embeddable":true,"href":"https:\/\/www.gold.fr\/news\/wp-json\/wp\/v2\/ppma_author?post=18138"}],"curies":[{"name":"wp","href":"https:\/\/api.w.org\/{rel}","templated":true}]}}