{"id":18131,"date":"2015-10-15T09:00:11","date_gmt":"2015-10-15T07:00:11","guid":{"rendered":"https:\/\/www.gold.fr\/news\/?p=18131"},"modified":"2017-11-29T17:56:14","modified_gmt":"2017-11-29T16:56:14","slug":"des-marches-prudents-et-stabilises-la-fed-en-vue","status":"publish","type":"post","link":"https:\/\/www.gold.fr\/news\/2015\/10\/15\/des-marches-prudents-et-stabilises-la-fed-en-vue\/","title":{"rendered":"Des march\u00e9s prudents et stabilis\u00e9s, la FED en vue"},"content":{"rendered":"<p><img loading=\"lazy\" decoding=\"async\" class=\"alignleft size-thumbnail wp-image-13847\" title=\"Des march\u00e9s prudents et stabilis\u00e9s, la FED en vue\" src=\"https:\/\/www.gold.fr\/news\/wp-content\/uploads\/2014\/02\/March\u00e9-haussier-or-150x150.jpg\" alt=\"\" width=\"150\" height=\"150\" \/><span style=\"font-size: small;\">Les march\u00e9s obligatoires avaient enregistr\u00e9 une s\u00e9ance du mardi assez euphorique, accumulant les gains et profitant d&rsquo;une importante vague d&rsquo;achats techniques. Les op\u00e9rateurs pr\u00e9f\u00e8rent toutefois jouer actuellement la carte de la prudence, se gardant de prendre position \u00e0 quelques heures \u00e0 peine de la publication du \u00ab\u00a0<em>Livre Beige<\/em>\u00a0\u00bb de la r\u00e9serve f\u00e9d\u00e9rale am\u00e9ricaine. Le document, qui repr\u00e9sente concr\u00e8tement la feuille de route strat\u00e9gique de l&rsquo;institution, a traditionnellement un impact direct, consid\u00e9rable et imm\u00e9diat sur l&rsquo;\u00e9volution de l&rsquo;ensemble des march\u00e9s boursiers des deux c\u00f4t\u00e9s de l&rsquo;Atlantique et bien au-del\u00e0.<\/span>    <span style=\"font-size: small;\">Les regards se tournent donc \u00e0 l&rsquo;unisson vers l&rsquo;indicateur le plus clair et officiel sur la future \u00e9volution de la politique <strong>FED<\/strong>, \u00e0 court et moyen terme. Au d\u00e9but de la semaine, <strong>Lael Brainard<\/strong> (la seconde femme \u00e0 avoir le statut de gouverneur de la FED), appelait \u00e0 adopter \u00ab<em> une approche prudente en mati\u00e8re de politique de taux face \u00e0 la faible inflation et aux turbulences mondiales<\/em> \u00bb. Un tel sc\u00e9nario ram\u00e8nerait sur la table des sp\u00e9culations la possibilit\u00e9 d&rsquo;une politique accommodante \u00e0 vie, et m\u00eame, selon certains, la forte probabilit\u00e9 d&rsquo;un <strong>QE4<\/strong>.<\/span>    <span style=\"font-size: small;\">Par ailleurs dans le monde, les analystes de <strong>Wells Fargo Advisors<\/strong> rapportent qu&rsquo;un \u00ab<em> rapport publi\u00e9 (au d\u00e9but de la semaine) a montr\u00e9 que les importations chinoises ont connu une r\u00e9duction plus forte que pr\u00e9vu, ce qui p\u00e8se sur les partenaires commerciaux du pays<\/em> \u00bb. Une autre situation \u00e9conomique relativement alarmante qui devrait contribuer \u00e0 redorer davantage le blason de la <a href='https:\/\/www.gold.fr\/news\/tags\/investissement' class='esk-seo-plu-link'>valeur refuge<\/a> aurif\u00e8re.<\/span><\/p>\n<!-- AddThis Advanced Settings generic via filter on the_content --><!-- AddThis Share Buttons generic via filter on the_content -->","protected":false},"excerpt":{"rendered":"<p>Les march\u00e9s obligatoires avaient enregistr\u00e9 une s\u00e9ance du mardi assez euphorique, accumulant les gains et profitant d&rsquo;une importante vague d&rsquo;achats techniques. Les op\u00e9rateurs pr\u00e9f\u00e8rent toutefois jouer actuellement la carte de la prudence, se gardant de prendre [&hellip;]<\/p>\n","protected":false},"author":18,"featured_media":13847,"comment_status":"open","ping_status":"open","sticky":false,"template":"","format":"standard","meta":{"_mbp_gutenberg_autopost":false,"_pgmb_is_evergreen":false,"_pgmb_ap_template_id":0,"footnotes":""},"categories":[6],"tags":[144,1649],"ppma_author":[2565],"class_list":["post-18131","post","type-post","status-publish","format-standard","has-post-thumbnail","hentry","category-articles-de-presse","tag-fed","tag-marches"],"yoast_head":"<!-- This site is optimized with the Yoast SEO plugin v27.5 - https:\/\/yoast.com\/product\/yoast-seo-wordpress\/ -->\n<title>Des march\u00e9s prudents et stabilis\u00e9s, la FED en vue - Gold.fr<\/title>\n<meta name=\"robots\" content=\"index, follow, max-snippet:-1, max-image-preview:large, max-video-preview:-1\" \/>\n<link rel=\"canonical\" href=\"https:\/\/www.gold.fr\/news\/2015\/10\/15\/des-marches-prudents-et-stabilises-la-fed-en-vue\/\" \/>\n<meta property=\"og:locale\" content=\"fr_FR\" \/>\n<meta property=\"og:type\" content=\"article\" \/>\n<meta property=\"og:title\" content=\"Des march\u00e9s prudents et stabilis\u00e9s, la FED en vue - Gold.fr\" \/>\n<meta property=\"og:description\" content=\"Les march\u00e9s obligatoires avaient enregistr\u00e9 une s\u00e9ance du mardi assez euphorique, accumulant les gains et profitant d&rsquo;une importante vague d&rsquo;achats techniques. Les op\u00e9rateurs pr\u00e9f\u00e8rent toutefois jouer actuellement la carte de la prudence, se gardant de prendre [&hellip;]\" \/>\n<meta property=\"og:url\" content=\"https:\/\/www.gold.fr\/news\/2015\/10\/15\/des-marches-prudents-et-stabilises-la-fed-en-vue\/\" \/>\n<meta property=\"og:site_name\" content=\"Gold.fr\" \/>\n<meta property=\"article:publisher\" content=\"https:\/\/www.facebook.com\/Goldfr\/\" \/>\n<meta property=\"article:published_time\" content=\"2015-10-15T07:00:11+00:00\" \/>\n<meta property=\"article:modified_time\" content=\"2017-11-29T16:56:14+00:00\" \/>\n<meta property=\"og:image\" content=\"https:\/\/www.gold.fr\/news\/wp-content\/uploads\/2014\/02\/March\u00e9-haussier-or.jpg\" \/>\n\t<meta property=\"og:image:width\" content=\"640\" \/>\n\t<meta property=\"og:image:height\" content=\"474\" \/>\n\t<meta property=\"og:image:type\" content=\"image\/jpeg\" \/>\n<meta name=\"author\" content=\"Comptoir National de l&#039;Or\" \/>\n<meta name=\"twitter:card\" content=\"summary_large_image\" \/>\n<meta name=\"twitter:label1\" content=\"\u00c9crit par\" \/>\n\t<meta name=\"twitter:data1\" content=\"Comptoir National de l&#039;Or\" \/>\n\t<meta name=\"twitter:label2\" content=\"Dur\u00e9e de lecture estim\u00e9e\" \/>\n\t<meta name=\"twitter:data2\" content=\"1 minute\" \/>\n<script type=\"application\/ld+json\" class=\"yoast-schema-graph\">{\"@context\":\"https:\\\/\\\/schema.org\",\"@graph\":[{\"@type\":\"Article\",\"@id\":\"https:\\\/\\\/www.gold.fr\\\/news\\\/2015\\\/10\\\/15\\\/des-marches-prudents-et-stabilises-la-fed-en-vue\\\/#article\",\"isPartOf\":{\"@id\":\"https:\\\/\\\/www.gold.fr\\\/news\\\/2015\\\/10\\\/15\\\/des-marches-prudents-et-stabilises-la-fed-en-vue\\\/\"},\"author\":{\"name\":\"Comptoir National de l'Or\",\"@id\":\"https:\\\/\\\/www.gold.fr\\\/news\\\/#\\\/schema\\\/person\\\/070491b4b4fb7671bf59b3be20302ce9\"},\"headline\":\"Des march\u00e9s prudents et stabilis\u00e9s, la FED en vue\",\"datePublished\":\"2015-10-15T07:00:11+00:00\",\"dateModified\":\"2017-11-29T16:56:14+00:00\",\"mainEntityOfPage\":{\"@id\":\"https:\\\/\\\/www.gold.fr\\\/news\\\/2015\\\/10\\\/15\\\/des-marches-prudents-et-stabilises-la-fed-en-vue\\\/\"},\"wordCount\":283,\"commentCount\":0,\"image\":{\"@id\":\"https:\\\/\\\/www.gold.fr\\\/news\\\/2015\\\/10\\\/15\\\/des-marches-prudents-et-stabilises-la-fed-en-vue\\\/#primaryimage\"},\"thumbnailUrl\":\"https:\\\/\\\/www.gold.fr\\\/news\\\/wp-content\\\/uploads\\\/2014\\\/02\\\/March\u00e9-haussier-or.jpg\",\"keywords\":[\"fed\",\"march\u00e9s\"],\"articleSection\":[\"Articles de presse\"],\"inLanguage\":\"fr-FR\"},{\"@type\":\"WebPage\",\"@id\":\"https:\\\/\\\/www.gold.fr\\\/news\\\/2015\\\/10\\\/15\\\/des-marches-prudents-et-stabilises-la-fed-en-vue\\\/\",\"url\":\"https:\\\/\\\/www.gold.fr\\\/news\\\/2015\\\/10\\\/15\\\/des-marches-prudents-et-stabilises-la-fed-en-vue\\\/\",\"name\":\"Des march\u00e9s prudents et stabilis\u00e9s, la FED en vue - Gold.fr\",\"isPartOf\":{\"@id\":\"https:\\\/\\\/www.gold.fr\\\/news\\\/#website\"},\"primaryImageOfPage\":{\"@id\":\"https:\\\/\\\/www.gold.fr\\\/news\\\/2015\\\/10\\\/15\\\/des-marches-prudents-et-stabilises-la-fed-en-vue\\\/#primaryimage\"},\"image\":{\"@id\":\"https:\\\/\\\/www.gold.fr\\\/news\\\/2015\\\/10\\\/15\\\/des-marches-prudents-et-stabilises-la-fed-en-vue\\\/#primaryimage\"},\"thumbnailUrl\":\"https:\\\/\\\/www.gold.fr\\\/news\\\/wp-content\\\/uploads\\\/2014\\\/02\\\/March\u00e9-haussier-or.jpg\",\"datePublished\":\"2015-10-15T07:00:11+00:00\",\"dateModified\":\"2017-11-29T16:56:14+00:00\",\"author\":{\"@id\":\"https:\\\/\\\/www.gold.fr\\\/news\\\/#\\\/schema\\\/person\\\/070491b4b4fb7671bf59b3be20302ce9\"},\"breadcrumb\":{\"@id\":\"https:\\\/\\\/www.gold.fr\\\/news\\\/2015\\\/10\\\/15\\\/des-marches-prudents-et-stabilises-la-fed-en-vue\\\/#breadcrumb\"},\"inLanguage\":\"fr-FR\",\"potentialAction\":[{\"@type\":\"ReadAction\",\"target\":[\"https:\\\/\\\/www.gold.fr\\\/news\\\/2015\\\/10\\\/15\\\/des-marches-prudents-et-stabilises-la-fed-en-vue\\\/\"]}]},{\"@type\":\"ImageObject\",\"inLanguage\":\"fr-FR\",\"@id\":\"https:\\\/\\\/www.gold.fr\\\/news\\\/2015\\\/10\\\/15\\\/des-marches-prudents-et-stabilises-la-fed-en-vue\\\/#primaryimage\",\"url\":\"https:\\\/\\\/www.gold.fr\\\/news\\\/wp-content\\\/uploads\\\/2014\\\/02\\\/March\u00e9-haussier-or.jpg\",\"contentUrl\":\"https:\\\/\\\/www.gold.fr\\\/news\\\/wp-content\\\/uploads\\\/2014\\\/02\\\/March\u00e9-haussier-or.jpg\",\"width\":\"640\",\"height\":\"474\",\"caption\":\"L\u2019once toujours en nette progression\"},{\"@type\":\"BreadcrumbList\",\"@id\":\"https:\\\/\\\/www.gold.fr\\\/news\\\/2015\\\/10\\\/15\\\/des-marches-prudents-et-stabilises-la-fed-en-vue\\\/#breadcrumb\",\"itemListElement\":[{\"@type\":\"ListItem\",\"position\":1,\"name\":\"Accueil\",\"item\":\"https:\\\/\\\/www.gold.fr\\\/\"},{\"@type\":\"ListItem\",\"position\":2,\"name\":\"Actualit\u00e9s\",\"item\":\"https:\\\/\\\/www.gold.fr\\\/news\\\/\"},{\"@type\":\"ListItem\",\"position\":3,\"name\":\"Des march\u00e9s prudents et stabilis\u00e9s, la FED en vue\"}]},{\"@type\":\"WebSite\",\"@id\":\"https:\\\/\\\/www.gold.fr\\\/news\\\/#website\",\"url\":\"https:\\\/\\\/www.gold.fr\\\/news\\\/\",\"name\":\"Gold.fr\",\"description\":\"Actualit\u00e9s de l&#039;Or et des m\u00e9taux pr\u00e9cieux\",\"potentialAction\":[{\"@type\":\"SearchAction\",\"target\":{\"@type\":\"EntryPoint\",\"urlTemplate\":\"https:\\\/\\\/www.gold.fr\\\/news\\\/?s={search_term_string}\"},\"query-input\":{\"@type\":\"PropertyValueSpecification\",\"valueRequired\":true,\"valueName\":\"search_term_string\"}}],\"inLanguage\":\"fr-FR\"},{\"@type\":\"Person\",\"@id\":\"https:\\\/\\\/www.gold.fr\\\/news\\\/#\\\/schema\\\/person\\\/070491b4b4fb7671bf59b3be20302ce9\",\"name\":\"Comptoir National de l'Or\",\"image\":{\"@type\":\"ImageObject\",\"inLanguage\":\"fr-FR\",\"@id\":\"https:\\\/\\\/secure.gravatar.com\\\/avatar\\\/0a2867fd5abe37bed95d5a65e9d58f01756e11efc68af9888dfc50cfa7f65948?s=96&d=mm&r=gb490554db0a38188709de567aa58480d\",\"url\":\"https:\\\/\\\/secure.gravatar.com\\\/avatar\\\/0a2867fd5abe37bed95d5a65e9d58f01756e11efc68af9888dfc50cfa7f65948?s=96&d=mm&r=g\",\"contentUrl\":\"https:\\\/\\\/secure.gravatar.com\\\/avatar\\\/0a2867fd5abe37bed95d5a65e9d58f01756e11efc68af9888dfc50cfa7f65948?s=96&d=mm&r=g\",\"caption\":\"Comptoir National de l'Or\"},\"description\":\"Notre r\u00e9daction est constitu\u00e9e de membres experts dans les m\u00e9tiers de l'\u00e9conomie et la gestion, des Responsables d'agence Comptoir National de l'Or, des analystes financiers qui publient r\u00e9guli\u00e8rement des \u00e9tudes sur les politiques des banques centrales, le cours de l'or, prix de l'or, cours de l'argent, prix de l'argent, cours du platine, cours du palladium,... la situation en zone euro et l'impact de la strat\u00e9gie mon\u00e9taire de la FED. Notre \u00e9quipe scrute \u00e9galement une information plus g\u00e9n\u00e9raliste \u00e0 la recherche d'actualit\u00e9 \\\"p\u00e9pite\\\" \u00e0 vous partager. Depuis 5 ans, nous avons publi\u00e9 un peu plus de 4000 articles qui s'adressent \u00e0 un public large et vari\u00e9 ayant pour objectif de satisfaire votre curiosit\u00e9 et de partager avec vous une certaine fascination pour le m\u00e9tal jaune, le rachat d'or, et pour ceux qui veulent investir dans l'or, vendre leur or tout simplement en savoir plus... Pour tous vos achat or et argent, n'h\u00e9sitez pas \u00e0 prendre rendez-vous dans l'un de nos nombreux comptoirs.\",\"sameAs\":[\"https:\\\/\\\/www.gold.fr\"]}]}<\/script>\n<!-- \/ Yoast SEO plugin. -->","yoast_head_json":{"title":"Des march\u00e9s prudents et stabilis\u00e9s, la FED en vue - Gold.fr","robots":{"index":"index","follow":"follow","max-snippet":"max-snippet:-1","max-image-preview":"max-image-preview:large","max-video-preview":"max-video-preview:-1"},"canonical":"https:\/\/www.gold.fr\/news\/2015\/10\/15\/des-marches-prudents-et-stabilises-la-fed-en-vue\/","og_locale":"fr_FR","og_type":"article","og_title":"Des march\u00e9s prudents et stabilis\u00e9s, la FED en vue - Gold.fr","og_description":"Les march\u00e9s obligatoires avaient enregistr\u00e9 une s\u00e9ance du mardi assez euphorique, accumulant les gains et profitant d&rsquo;une importante vague d&rsquo;achats techniques. Les op\u00e9rateurs pr\u00e9f\u00e8rent toutefois jouer actuellement la carte de la prudence, se gardant de prendre [&hellip;]","og_url":"https:\/\/www.gold.fr\/news\/2015\/10\/15\/des-marches-prudents-et-stabilises-la-fed-en-vue\/","og_site_name":"Gold.fr","article_publisher":"https:\/\/www.facebook.com\/Goldfr\/","article_published_time":"2015-10-15T07:00:11+00:00","article_modified_time":"2017-11-29T16:56:14+00:00","og_image":[{"width":640,"height":474,"url":"https:\/\/www.gold.fr\/news\/wp-content\/uploads\/2014\/02\/March\u00e9-haussier-or.jpg","type":"image\/jpeg"}],"author":"Comptoir National de l'Or","twitter_card":"summary_large_image","twitter_misc":{"\u00c9crit par":"Comptoir National de l'Or","Dur\u00e9e de lecture estim\u00e9e":"1 minute"},"schema":{"@context":"https:\/\/schema.org","@graph":[{"@type":"Article","@id":"https:\/\/www.gold.fr\/news\/2015\/10\/15\/des-marches-prudents-et-stabilises-la-fed-en-vue\/#article","isPartOf":{"@id":"https:\/\/www.gold.fr\/news\/2015\/10\/15\/des-marches-prudents-et-stabilises-la-fed-en-vue\/"},"author":{"name":"Comptoir National de l'Or","@id":"https:\/\/www.gold.fr\/news\/#\/schema\/person\/070491b4b4fb7671bf59b3be20302ce9"},"headline":"Des march\u00e9s prudents et stabilis\u00e9s, la FED en vue","datePublished":"2015-10-15T07:00:11+00:00","dateModified":"2017-11-29T16:56:14+00:00","mainEntityOfPage":{"@id":"https:\/\/www.gold.fr\/news\/2015\/10\/15\/des-marches-prudents-et-stabilises-la-fed-en-vue\/"},"wordCount":283,"commentCount":0,"image":{"@id":"https:\/\/www.gold.fr\/news\/2015\/10\/15\/des-marches-prudents-et-stabilises-la-fed-en-vue\/#primaryimage"},"thumbnailUrl":"https:\/\/www.gold.fr\/news\/wp-content\/uploads\/2014\/02\/March\u00e9-haussier-or.jpg","keywords":["fed","march\u00e9s"],"articleSection":["Articles de presse"],"inLanguage":"fr-FR"},{"@type":"WebPage","@id":"https:\/\/www.gold.fr\/news\/2015\/10\/15\/des-marches-prudents-et-stabilises-la-fed-en-vue\/","url":"https:\/\/www.gold.fr\/news\/2015\/10\/15\/des-marches-prudents-et-stabilises-la-fed-en-vue\/","name":"Des march\u00e9s prudents et stabilis\u00e9s, la FED en vue - Gold.fr","isPartOf":{"@id":"https:\/\/www.gold.fr\/news\/#website"},"primaryImageOfPage":{"@id":"https:\/\/www.gold.fr\/news\/2015\/10\/15\/des-marches-prudents-et-stabilises-la-fed-en-vue\/#primaryimage"},"image":{"@id":"https:\/\/www.gold.fr\/news\/2015\/10\/15\/des-marches-prudents-et-stabilises-la-fed-en-vue\/#primaryimage"},"thumbnailUrl":"https:\/\/www.gold.fr\/news\/wp-content\/uploads\/2014\/02\/March\u00e9-haussier-or.jpg","datePublished":"2015-10-15T07:00:11+00:00","dateModified":"2017-11-29T16:56:14+00:00","author":{"@id":"https:\/\/www.gold.fr\/news\/#\/schema\/person\/070491b4b4fb7671bf59b3be20302ce9"},"breadcrumb":{"@id":"https:\/\/www.gold.fr\/news\/2015\/10\/15\/des-marches-prudents-et-stabilises-la-fed-en-vue\/#breadcrumb"},"inLanguage":"fr-FR","potentialAction":[{"@type":"ReadAction","target":["https:\/\/www.gold.fr\/news\/2015\/10\/15\/des-marches-prudents-et-stabilises-la-fed-en-vue\/"]}]},{"@type":"ImageObject","inLanguage":"fr-FR","@id":"https:\/\/www.gold.fr\/news\/2015\/10\/15\/des-marches-prudents-et-stabilises-la-fed-en-vue\/#primaryimage","url":"https:\/\/www.gold.fr\/news\/wp-content\/uploads\/2014\/02\/March\u00e9-haussier-or.jpg","contentUrl":"https:\/\/www.gold.fr\/news\/wp-content\/uploads\/2014\/02\/March\u00e9-haussier-or.jpg","width":"640","height":"474","caption":"L\u2019once toujours en nette progression"},{"@type":"BreadcrumbList","@id":"https:\/\/www.gold.fr\/news\/2015\/10\/15\/des-marches-prudents-et-stabilises-la-fed-en-vue\/#breadcrumb","itemListElement":[{"@type":"ListItem","position":1,"name":"Accueil","item":"https:\/\/www.gold.fr\/"},{"@type":"ListItem","position":2,"name":"Actualit\u00e9s","item":"https:\/\/www.gold.fr\/news\/"},{"@type":"ListItem","position":3,"name":"Des march\u00e9s prudents et stabilis\u00e9s, la FED en vue"}]},{"@type":"WebSite","@id":"https:\/\/www.gold.fr\/news\/#website","url":"https:\/\/www.gold.fr\/news\/","name":"Gold.fr","description":"Actualit\u00e9s de l&#039;Or et des m\u00e9taux pr\u00e9cieux","potentialAction":[{"@type":"SearchAction","target":{"@type":"EntryPoint","urlTemplate":"https:\/\/www.gold.fr\/news\/?s={search_term_string}"},"query-input":{"@type":"PropertyValueSpecification","valueRequired":true,"valueName":"search_term_string"}}],"inLanguage":"fr-FR"},{"@type":"Person","@id":"https:\/\/www.gold.fr\/news\/#\/schema\/person\/070491b4b4fb7671bf59b3be20302ce9","name":"Comptoir National de l'Or","image":{"@type":"ImageObject","inLanguage":"fr-FR","@id":"https:\/\/secure.gravatar.com\/avatar\/0a2867fd5abe37bed95d5a65e9d58f01756e11efc68af9888dfc50cfa7f65948?s=96&d=mm&r=gb490554db0a38188709de567aa58480d","url":"https:\/\/secure.gravatar.com\/avatar\/0a2867fd5abe37bed95d5a65e9d58f01756e11efc68af9888dfc50cfa7f65948?s=96&d=mm&r=g","contentUrl":"https:\/\/secure.gravatar.com\/avatar\/0a2867fd5abe37bed95d5a65e9d58f01756e11efc68af9888dfc50cfa7f65948?s=96&d=mm&r=g","caption":"Comptoir National de l'Or"},"description":"Notre r\u00e9daction est constitu\u00e9e de membres experts dans les m\u00e9tiers de l'\u00e9conomie et la gestion, des Responsables d'agence Comptoir National de l'Or, des analystes financiers qui publient r\u00e9guli\u00e8rement des \u00e9tudes sur les politiques des banques centrales, le cours de l'or, prix de l'or, cours de l'argent, prix de l'argent, cours du platine, cours du palladium,... la situation en zone euro et l'impact de la strat\u00e9gie mon\u00e9taire de la FED. Notre \u00e9quipe scrute \u00e9galement une information plus g\u00e9n\u00e9raliste \u00e0 la recherche d'actualit\u00e9 \"p\u00e9pite\" \u00e0 vous partager. Depuis 5 ans, nous avons publi\u00e9 un peu plus de 4000 articles qui s'adressent \u00e0 un public large et vari\u00e9 ayant pour objectif de satisfaire votre curiosit\u00e9 et de partager avec vous une certaine fascination pour le m\u00e9tal jaune, le rachat d'or, et pour ceux qui veulent investir dans l'or, vendre leur or tout simplement en savoir plus... Pour tous vos achat or et argent, n'h\u00e9sitez pas \u00e0 prendre rendez-vous dans l'un de nos nombreux comptoirs.","sameAs":["https:\/\/www.gold.fr"]}]}},"authors":[{"term_id":2565,"user_id":18,"is_guest":0,"slug":"julie","display_name":"Comptoir National de l'Or","avatar_url":"https:\/\/secure.gravatar.com\/avatar\/713f289e398d35ead876c4a4cc08607f0d6d266058cfc25683fffb6092d0e572?s=96&d=mm&r=g","0":null,"1":"","2":"","3":"","4":"","5":"","6":"","7":"","8":""}],"_links":{"self":[{"href":"https:\/\/www.gold.fr\/news\/wp-json\/wp\/v2\/posts\/18131","targetHints":{"allow":["GET"]}}],"collection":[{"href":"https:\/\/www.gold.fr\/news\/wp-json\/wp\/v2\/posts"}],"about":[{"href":"https:\/\/www.gold.fr\/news\/wp-json\/wp\/v2\/types\/post"}],"author":[{"embeddable":true,"href":"https:\/\/www.gold.fr\/news\/wp-json\/wp\/v2\/users\/18"}],"replies":[{"embeddable":true,"href":"https:\/\/www.gold.fr\/news\/wp-json\/wp\/v2\/comments?post=18131"}],"version-history":[{"count":0,"href":"https:\/\/www.gold.fr\/news\/wp-json\/wp\/v2\/posts\/18131\/revisions"}],"wp:featuredmedia":[{"embeddable":true,"href":"https:\/\/www.gold.fr\/news\/wp-json\/wp\/v2\/media\/13847"}],"wp:attachment":[{"href":"https:\/\/www.gold.fr\/news\/wp-json\/wp\/v2\/media?parent=18131"}],"wp:term":[{"taxonomy":"category","embeddable":true,"href":"https:\/\/www.gold.fr\/news\/wp-json\/wp\/v2\/categories?post=18131"},{"taxonomy":"post_tag","embeddable":true,"href":"https:\/\/www.gold.fr\/news\/wp-json\/wp\/v2\/tags?post=18131"},{"taxonomy":"author","embeddable":true,"href":"https:\/\/www.gold.fr\/news\/wp-json\/wp\/v2\/ppma_author?post=18131"}],"curies":[{"name":"wp","href":"https:\/\/api.w.org\/{rel}","templated":true}]}}