{"id":18120,"date":"2015-10-13T17:00:20","date_gmt":"2015-10-13T15:00:20","guid":{"rendered":"https:\/\/www.gold.fr\/news\/?p=18120"},"modified":"2018-02-23T15:52:52","modified_gmt":"2018-02-23T14:52:52","slug":"hausse-de-lor-une-conjoncture-mondiale-favorable-2","status":"publish","type":"post","link":"https:\/\/www.gold.fr\/news\/2015\/10\/13\/hausse-de-lor-une-conjoncture-mondiale-favorable-2\/","title":{"rendered":"Hausse de l\u2019or : Une conjoncture mondiale favorable"},"content":{"rendered":"<p><img loading=\"lazy\" decoding=\"async\" class=\"alignleft size-thumbnail wp-image-7598\" title=\"Hausse de l\u2019or : Une conjoncture mondiale favorable\" src=\"https:\/\/www.gold.fr\/news\/wp-content\/uploads\/2012\/05\/cours-de-l-once-d-or-150x150.jpg\" alt=\"\" width=\"150\" height=\"150\" \/><span style=\"font-size: small;\">La semaine aura d\u00e9but\u00e9 sur une note relativement lente, marqu\u00e9e essentiellement par la fermeture des march\u00e9s boursiers am\u00e9ricains (pour cause du<strong> Colombus Day<\/strong>). Du coup, le <a class=\"esk-seo-plu-link\" href=\"https:\/\/www.gold.fr\/news\/tags\/or\">m\u00e9tal jaune<\/a> en a profit\u00e9 pour renforcer sa position au dessus du palier des <strong>1 150 <a class=\"esk-seo-plu-link\" href=\"https:\/\/www.gold.fr\/news\/tags\/investissement\">dollars<\/a><\/strong>.<\/span> <span style=\"font-size: small;\">Autre cause de ralentissement des march\u00e9s, en ce d\u00e9but de semaine ; le peu de publications macro\u00e9conomiques pr\u00e9vues pour l&rsquo;ensemble du calendrier hebdomadaire. Cette apathie g\u00e9n\u00e9ralis\u00e9e a donc eu pour effet d&rsquo;intensifier l&rsquo;attentisme entourant l&rsquo;imminente publication du \u2018Livre Beige&rsquo; de la r\u00e9serve f\u00e9d\u00e9rale am\u00e9ricaine. Les experts estiment que \u00ab <em>cette \u00ab\u00a0feuille de route\u00a0\u00bb inspir\u00e9e d&rsquo;une analyse macro\u00e9conomique prospective pourrait permettre d&rsquo;\u00e9carter pour de bon une hausse de taux d&rsquo;ici fin 2015 s&rsquo;il apparaissait que les pressions n\u00e9gatives sur la croissance et l&rsquo;inflation se sont renforc\u00e9es aux <strong>Etats Unis<\/strong> via un contexte mondial d\u00e9prim\u00e9<\/em> \u00bb. Ce rendez-vous \u00e9conomique majeur rev\u00eat donc une importance particuli\u00e8re pour la future \u00e9volution des march\u00e9s (incluant celui de l&rsquo;<a class=\"esk-seo-plu-link\" href=\"https:\/\/www.gold.fr\/news\/tags\/or\">or<\/a>), sur le court et moyen terme. Mais il n&rsquo;est pas le seul facteur d&rsquo;influence pour le <a class=\"esk-seo-plu-link\" href=\"https:\/\/www.gold.fr\/news\/tags\/or\">m\u00e9tal jaune<\/a>.<\/span> <span style=\"font-size: small;\">La situation g\u00e9opolitique mondiale continue en effet \u00e0 redorer le blason de la <a class=\"esk-seo-plu-link\" href=\"https:\/\/www.gold.fr\/news\/tags\/investissement\">valeur refuge<\/a> de l&rsquo;<a class=\"esk-seo-plu-link\" href=\"https:\/\/www.gold.fr\/news\/tags\/or\">or<\/a>, notamment au Moyen-Orient o\u00f9 le conflit syrien ne cesse de \u00ab <em>s&rsquo;internationaliser<\/em> \u00bb. Les observateurs rapportent effectivement que \u00ab<em> les interventions directes de la Russie et de l&rsquo;Iran aupr\u00e8s du r\u00e9gime de Bachar el-Assad font pi\u00e8ce aux mouvements rebelles sunnites soutenus par des puissances r\u00e9gionales (Arabie saoudite, Turquie, etc), sinon occidentales. D&rsquo;o\u00f9 un risque croissant de conflagratio<\/em>n \u00bb.<\/span><\/p>\n<!-- AddThis Advanced Settings generic via filter on the_content --><!-- AddThis Share Buttons generic via filter on the_content -->","protected":false},"excerpt":{"rendered":"<p>La semaine aura d\u00e9but\u00e9 sur une note relativement lente, marqu\u00e9e essentiellement par la fermeture des march\u00e9s boursiers am\u00e9ricains (pour cause du Colombus Day). Du coup, le m\u00e9tal jaune en a profit\u00e9 pour renforcer sa position au [&hellip;]<\/p>\n","protected":false},"author":18,"featured_media":7598,"comment_status":"open","ping_status":"open","sticky":false,"template":"","format":"standard","meta":{"_mbp_gutenberg_autopost":false,"_pgmb_is_evergreen":false,"_pgmb_ap_template_id":0,"footnotes":""},"categories":[6],"tags":[1045,932],"ppma_author":[2565],"class_list":["post-18120","post","type-post","status-publish","format-standard","has-post-thumbnail","hentry","category-articles-de-presse","tag-hausse-or","tag-metal-jaune"],"yoast_head":"<!-- This site is optimized with the Yoast SEO plugin v27.5 - https:\/\/yoast.com\/product\/yoast-seo-wordpress\/ -->\n<title>Hausse de l\u2019or : Une conjoncture mondiale favorable - Gold.fr<\/title>\n<meta name=\"robots\" content=\"index, follow, max-snippet:-1, max-image-preview:large, max-video-preview:-1\" \/>\n<link rel=\"canonical\" href=\"https:\/\/www.gold.fr\/news\/2015\/10\/13\/hausse-de-lor-une-conjoncture-mondiale-favorable-2\/\" \/>\n<meta property=\"og:locale\" content=\"fr_FR\" \/>\n<meta property=\"og:type\" content=\"article\" \/>\n<meta property=\"og:title\" content=\"Hausse de l\u2019or : Une conjoncture mondiale favorable - Gold.fr\" \/>\n<meta property=\"og:description\" content=\"La semaine aura d\u00e9but\u00e9 sur une note relativement lente, marqu\u00e9e essentiellement par la fermeture des march\u00e9s boursiers am\u00e9ricains (pour cause du Colombus Day). Du coup, le m\u00e9tal jaune en a profit\u00e9 pour renforcer sa position au [&hellip;]\" \/>\n<meta property=\"og:url\" content=\"https:\/\/www.gold.fr\/news\/2015\/10\/13\/hausse-de-lor-une-conjoncture-mondiale-favorable-2\/\" \/>\n<meta property=\"og:site_name\" content=\"Gold.fr\" \/>\n<meta property=\"article:publisher\" content=\"https:\/\/www.facebook.com\/Goldfr\/\" \/>\n<meta property=\"article:published_time\" content=\"2015-10-13T15:00:20+00:00\" \/>\n<meta property=\"article:modified_time\" content=\"2018-02-23T14:52:52+00:00\" \/>\n<meta property=\"og:image\" content=\"https:\/\/www.gold.fr\/news\/wp-content\/uploads\/2012\/05\/cours-de-l-once-d-or.jpg\" \/>\n\t<meta property=\"og:image:width\" content=\"600\" \/>\n\t<meta property=\"og:image:height\" content=\"478\" \/>\n\t<meta property=\"og:image:type\" content=\"image\/jpeg\" \/>\n<meta name=\"author\" content=\"Comptoir National de l&#039;Or\" \/>\n<meta name=\"twitter:card\" content=\"summary_large_image\" \/>\n<meta name=\"twitter:label1\" content=\"\u00c9crit par\" \/>\n\t<meta name=\"twitter:data1\" content=\"Comptoir National de l&#039;Or\" \/>\n\t<meta name=\"twitter:label2\" content=\"Dur\u00e9e de lecture estim\u00e9e\" \/>\n\t<meta name=\"twitter:data2\" content=\"1 minute\" \/>\n<script type=\"application\/ld+json\" class=\"yoast-schema-graph\">{\"@context\":\"https:\\\/\\\/schema.org\",\"@graph\":[{\"@type\":\"Article\",\"@id\":\"https:\\\/\\\/www.gold.fr\\\/news\\\/2015\\\/10\\\/13\\\/hausse-de-lor-une-conjoncture-mondiale-favorable-2\\\/#article\",\"isPartOf\":{\"@id\":\"https:\\\/\\\/www.gold.fr\\\/news\\\/2015\\\/10\\\/13\\\/hausse-de-lor-une-conjoncture-mondiale-favorable-2\\\/\"},\"author\":{\"name\":\"Comptoir National de l'Or\",\"@id\":\"https:\\\/\\\/www.gold.fr\\\/news\\\/#\\\/schema\\\/person\\\/070491b4b4fb7671bf59b3be20302ce9\"},\"headline\":\"Hausse de l\u2019or : Une conjoncture mondiale favorable\",\"datePublished\":\"2015-10-13T15:00:20+00:00\",\"dateModified\":\"2018-02-23T14:52:52+00:00\",\"mainEntityOfPage\":{\"@id\":\"https:\\\/\\\/www.gold.fr\\\/news\\\/2015\\\/10\\\/13\\\/hausse-de-lor-une-conjoncture-mondiale-favorable-2\\\/\"},\"wordCount\":292,\"commentCount\":0,\"image\":{\"@id\":\"https:\\\/\\\/www.gold.fr\\\/news\\\/2015\\\/10\\\/13\\\/hausse-de-lor-une-conjoncture-mondiale-favorable-2\\\/#primaryimage\"},\"thumbnailUrl\":\"https:\\\/\\\/www.gold.fr\\\/news\\\/wp-content\\\/uploads\\\/2012\\\/05\\\/cours-de-l-once-d-or.jpg\",\"keywords\":[\"hausse or\",\"M\u00e9tal jaune\"],\"articleSection\":[\"Articles de presse\"],\"inLanguage\":\"fr-FR\"},{\"@type\":\"WebPage\",\"@id\":\"https:\\\/\\\/www.gold.fr\\\/news\\\/2015\\\/10\\\/13\\\/hausse-de-lor-une-conjoncture-mondiale-favorable-2\\\/\",\"url\":\"https:\\\/\\\/www.gold.fr\\\/news\\\/2015\\\/10\\\/13\\\/hausse-de-lor-une-conjoncture-mondiale-favorable-2\\\/\",\"name\":\"Hausse de l\u2019or : Une conjoncture mondiale favorable - Gold.fr\",\"isPartOf\":{\"@id\":\"https:\\\/\\\/www.gold.fr\\\/news\\\/#website\"},\"primaryImageOfPage\":{\"@id\":\"https:\\\/\\\/www.gold.fr\\\/news\\\/2015\\\/10\\\/13\\\/hausse-de-lor-une-conjoncture-mondiale-favorable-2\\\/#primaryimage\"},\"image\":{\"@id\":\"https:\\\/\\\/www.gold.fr\\\/news\\\/2015\\\/10\\\/13\\\/hausse-de-lor-une-conjoncture-mondiale-favorable-2\\\/#primaryimage\"},\"thumbnailUrl\":\"https:\\\/\\\/www.gold.fr\\\/news\\\/wp-content\\\/uploads\\\/2012\\\/05\\\/cours-de-l-once-d-or.jpg\",\"datePublished\":\"2015-10-13T15:00:20+00:00\",\"dateModified\":\"2018-02-23T14:52:52+00:00\",\"author\":{\"@id\":\"https:\\\/\\\/www.gold.fr\\\/news\\\/#\\\/schema\\\/person\\\/070491b4b4fb7671bf59b3be20302ce9\"},\"breadcrumb\":{\"@id\":\"https:\\\/\\\/www.gold.fr\\\/news\\\/2015\\\/10\\\/13\\\/hausse-de-lor-une-conjoncture-mondiale-favorable-2\\\/#breadcrumb\"},\"inLanguage\":\"fr-FR\",\"potentialAction\":[{\"@type\":\"ReadAction\",\"target\":[\"https:\\\/\\\/www.gold.fr\\\/news\\\/2015\\\/10\\\/13\\\/hausse-de-lor-une-conjoncture-mondiale-favorable-2\\\/\"]}]},{\"@type\":\"ImageObject\",\"inLanguage\":\"fr-FR\",\"@id\":\"https:\\\/\\\/www.gold.fr\\\/news\\\/2015\\\/10\\\/13\\\/hausse-de-lor-une-conjoncture-mondiale-favorable-2\\\/#primaryimage\",\"url\":\"https:\\\/\\\/www.gold.fr\\\/news\\\/wp-content\\\/uploads\\\/2012\\\/05\\\/cours-de-l-once-d-or.jpg\",\"contentUrl\":\"https:\\\/\\\/www.gold.fr\\\/news\\\/wp-content\\\/uploads\\\/2012\\\/05\\\/cours-de-l-once-d-or.jpg\",\"width\":\"600\",\"height\":\"478\",\"caption\":\"Tentatives de stabilisation de l'once\"},{\"@type\":\"BreadcrumbList\",\"@id\":\"https:\\\/\\\/www.gold.fr\\\/news\\\/2015\\\/10\\\/13\\\/hausse-de-lor-une-conjoncture-mondiale-favorable-2\\\/#breadcrumb\",\"itemListElement\":[{\"@type\":\"ListItem\",\"position\":1,\"name\":\"Accueil\",\"item\":\"https:\\\/\\\/www.gold.fr\\\/\"},{\"@type\":\"ListItem\",\"position\":2,\"name\":\"Actualit\u00e9s\",\"item\":\"https:\\\/\\\/www.gold.fr\\\/news\\\/\"},{\"@type\":\"ListItem\",\"position\":3,\"name\":\"Hausse de l\u2019or : Une conjoncture mondiale favorable\"}]},{\"@type\":\"WebSite\",\"@id\":\"https:\\\/\\\/www.gold.fr\\\/news\\\/#website\",\"url\":\"https:\\\/\\\/www.gold.fr\\\/news\\\/\",\"name\":\"Gold.fr\",\"description\":\"Actualit\u00e9s de l&#039;Or et des m\u00e9taux pr\u00e9cieux\",\"potentialAction\":[{\"@type\":\"SearchAction\",\"target\":{\"@type\":\"EntryPoint\",\"urlTemplate\":\"https:\\\/\\\/www.gold.fr\\\/news\\\/?s={search_term_string}\"},\"query-input\":{\"@type\":\"PropertyValueSpecification\",\"valueRequired\":true,\"valueName\":\"search_term_string\"}}],\"inLanguage\":\"fr-FR\"},{\"@type\":\"Person\",\"@id\":\"https:\\\/\\\/www.gold.fr\\\/news\\\/#\\\/schema\\\/person\\\/070491b4b4fb7671bf59b3be20302ce9\",\"name\":\"Comptoir National de l'Or\",\"image\":{\"@type\":\"ImageObject\",\"inLanguage\":\"fr-FR\",\"@id\":\"https:\\\/\\\/secure.gravatar.com\\\/avatar\\\/0a2867fd5abe37bed95d5a65e9d58f01756e11efc68af9888dfc50cfa7f65948?s=96&d=mm&r=gb490554db0a38188709de567aa58480d\",\"url\":\"https:\\\/\\\/secure.gravatar.com\\\/avatar\\\/0a2867fd5abe37bed95d5a65e9d58f01756e11efc68af9888dfc50cfa7f65948?s=96&d=mm&r=g\",\"contentUrl\":\"https:\\\/\\\/secure.gravatar.com\\\/avatar\\\/0a2867fd5abe37bed95d5a65e9d58f01756e11efc68af9888dfc50cfa7f65948?s=96&d=mm&r=g\",\"caption\":\"Comptoir National de l'Or\"},\"description\":\"Notre r\u00e9daction est constitu\u00e9e de membres experts dans les m\u00e9tiers de l'\u00e9conomie et la gestion, des Responsables d'agence Comptoir National de l'Or, des analystes financiers qui publient r\u00e9guli\u00e8rement des \u00e9tudes sur les politiques des banques centrales, le cours de l'or, prix de l'or, cours de l'argent, prix de l'argent, cours du platine, cours du palladium,... la situation en zone euro et l'impact de la strat\u00e9gie mon\u00e9taire de la FED. Notre \u00e9quipe scrute \u00e9galement une information plus g\u00e9n\u00e9raliste \u00e0 la recherche d'actualit\u00e9 \\\"p\u00e9pite\\\" \u00e0 vous partager. Depuis 5 ans, nous avons publi\u00e9 un peu plus de 4000 articles qui s'adressent \u00e0 un public large et vari\u00e9 ayant pour objectif de satisfaire votre curiosit\u00e9 et de partager avec vous une certaine fascination pour le m\u00e9tal jaune, le rachat d'or, et pour ceux qui veulent investir dans l'or, vendre leur or tout simplement en savoir plus... Pour tous vos achat or et argent, n'h\u00e9sitez pas \u00e0 prendre rendez-vous dans l'un de nos nombreux comptoirs.\",\"sameAs\":[\"https:\\\/\\\/www.gold.fr\"]}]}<\/script>\n<!-- \/ Yoast SEO plugin. -->","yoast_head_json":{"title":"Hausse de l\u2019or : Une conjoncture mondiale favorable - Gold.fr","robots":{"index":"index","follow":"follow","max-snippet":"max-snippet:-1","max-image-preview":"max-image-preview:large","max-video-preview":"max-video-preview:-1"},"canonical":"https:\/\/www.gold.fr\/news\/2015\/10\/13\/hausse-de-lor-une-conjoncture-mondiale-favorable-2\/","og_locale":"fr_FR","og_type":"article","og_title":"Hausse de l\u2019or : Une conjoncture mondiale favorable - Gold.fr","og_description":"La semaine aura d\u00e9but\u00e9 sur une note relativement lente, marqu\u00e9e essentiellement par la fermeture des march\u00e9s boursiers am\u00e9ricains (pour cause du Colombus Day). Du coup, le m\u00e9tal jaune en a profit\u00e9 pour renforcer sa position au [&hellip;]","og_url":"https:\/\/www.gold.fr\/news\/2015\/10\/13\/hausse-de-lor-une-conjoncture-mondiale-favorable-2\/","og_site_name":"Gold.fr","article_publisher":"https:\/\/www.facebook.com\/Goldfr\/","article_published_time":"2015-10-13T15:00:20+00:00","article_modified_time":"2018-02-23T14:52:52+00:00","og_image":[{"width":600,"height":478,"url":"https:\/\/www.gold.fr\/news\/wp-content\/uploads\/2012\/05\/cours-de-l-once-d-or.jpg","type":"image\/jpeg"}],"author":"Comptoir National de l'Or","twitter_card":"summary_large_image","twitter_misc":{"\u00c9crit par":"Comptoir National de l'Or","Dur\u00e9e de lecture estim\u00e9e":"1 minute"},"schema":{"@context":"https:\/\/schema.org","@graph":[{"@type":"Article","@id":"https:\/\/www.gold.fr\/news\/2015\/10\/13\/hausse-de-lor-une-conjoncture-mondiale-favorable-2\/#article","isPartOf":{"@id":"https:\/\/www.gold.fr\/news\/2015\/10\/13\/hausse-de-lor-une-conjoncture-mondiale-favorable-2\/"},"author":{"name":"Comptoir National de l'Or","@id":"https:\/\/www.gold.fr\/news\/#\/schema\/person\/070491b4b4fb7671bf59b3be20302ce9"},"headline":"Hausse de l\u2019or : Une conjoncture mondiale favorable","datePublished":"2015-10-13T15:00:20+00:00","dateModified":"2018-02-23T14:52:52+00:00","mainEntityOfPage":{"@id":"https:\/\/www.gold.fr\/news\/2015\/10\/13\/hausse-de-lor-une-conjoncture-mondiale-favorable-2\/"},"wordCount":292,"commentCount":0,"image":{"@id":"https:\/\/www.gold.fr\/news\/2015\/10\/13\/hausse-de-lor-une-conjoncture-mondiale-favorable-2\/#primaryimage"},"thumbnailUrl":"https:\/\/www.gold.fr\/news\/wp-content\/uploads\/2012\/05\/cours-de-l-once-d-or.jpg","keywords":["hausse or","M\u00e9tal jaune"],"articleSection":["Articles de presse"],"inLanguage":"fr-FR"},{"@type":"WebPage","@id":"https:\/\/www.gold.fr\/news\/2015\/10\/13\/hausse-de-lor-une-conjoncture-mondiale-favorable-2\/","url":"https:\/\/www.gold.fr\/news\/2015\/10\/13\/hausse-de-lor-une-conjoncture-mondiale-favorable-2\/","name":"Hausse de l\u2019or : Une conjoncture mondiale favorable - Gold.fr","isPartOf":{"@id":"https:\/\/www.gold.fr\/news\/#website"},"primaryImageOfPage":{"@id":"https:\/\/www.gold.fr\/news\/2015\/10\/13\/hausse-de-lor-une-conjoncture-mondiale-favorable-2\/#primaryimage"},"image":{"@id":"https:\/\/www.gold.fr\/news\/2015\/10\/13\/hausse-de-lor-une-conjoncture-mondiale-favorable-2\/#primaryimage"},"thumbnailUrl":"https:\/\/www.gold.fr\/news\/wp-content\/uploads\/2012\/05\/cours-de-l-once-d-or.jpg","datePublished":"2015-10-13T15:00:20+00:00","dateModified":"2018-02-23T14:52:52+00:00","author":{"@id":"https:\/\/www.gold.fr\/news\/#\/schema\/person\/070491b4b4fb7671bf59b3be20302ce9"},"breadcrumb":{"@id":"https:\/\/www.gold.fr\/news\/2015\/10\/13\/hausse-de-lor-une-conjoncture-mondiale-favorable-2\/#breadcrumb"},"inLanguage":"fr-FR","potentialAction":[{"@type":"ReadAction","target":["https:\/\/www.gold.fr\/news\/2015\/10\/13\/hausse-de-lor-une-conjoncture-mondiale-favorable-2\/"]}]},{"@type":"ImageObject","inLanguage":"fr-FR","@id":"https:\/\/www.gold.fr\/news\/2015\/10\/13\/hausse-de-lor-une-conjoncture-mondiale-favorable-2\/#primaryimage","url":"https:\/\/www.gold.fr\/news\/wp-content\/uploads\/2012\/05\/cours-de-l-once-d-or.jpg","contentUrl":"https:\/\/www.gold.fr\/news\/wp-content\/uploads\/2012\/05\/cours-de-l-once-d-or.jpg","width":"600","height":"478","caption":"Tentatives de stabilisation de l'once"},{"@type":"BreadcrumbList","@id":"https:\/\/www.gold.fr\/news\/2015\/10\/13\/hausse-de-lor-une-conjoncture-mondiale-favorable-2\/#breadcrumb","itemListElement":[{"@type":"ListItem","position":1,"name":"Accueil","item":"https:\/\/www.gold.fr\/"},{"@type":"ListItem","position":2,"name":"Actualit\u00e9s","item":"https:\/\/www.gold.fr\/news\/"},{"@type":"ListItem","position":3,"name":"Hausse de l\u2019or : Une conjoncture mondiale favorable"}]},{"@type":"WebSite","@id":"https:\/\/www.gold.fr\/news\/#website","url":"https:\/\/www.gold.fr\/news\/","name":"Gold.fr","description":"Actualit\u00e9s de l&#039;Or et des m\u00e9taux pr\u00e9cieux","potentialAction":[{"@type":"SearchAction","target":{"@type":"EntryPoint","urlTemplate":"https:\/\/www.gold.fr\/news\/?s={search_term_string}"},"query-input":{"@type":"PropertyValueSpecification","valueRequired":true,"valueName":"search_term_string"}}],"inLanguage":"fr-FR"},{"@type":"Person","@id":"https:\/\/www.gold.fr\/news\/#\/schema\/person\/070491b4b4fb7671bf59b3be20302ce9","name":"Comptoir National de l'Or","image":{"@type":"ImageObject","inLanguage":"fr-FR","@id":"https:\/\/secure.gravatar.com\/avatar\/0a2867fd5abe37bed95d5a65e9d58f01756e11efc68af9888dfc50cfa7f65948?s=96&d=mm&r=gb490554db0a38188709de567aa58480d","url":"https:\/\/secure.gravatar.com\/avatar\/0a2867fd5abe37bed95d5a65e9d58f01756e11efc68af9888dfc50cfa7f65948?s=96&d=mm&r=g","contentUrl":"https:\/\/secure.gravatar.com\/avatar\/0a2867fd5abe37bed95d5a65e9d58f01756e11efc68af9888dfc50cfa7f65948?s=96&d=mm&r=g","caption":"Comptoir National de l'Or"},"description":"Notre r\u00e9daction est constitu\u00e9e de membres experts dans les m\u00e9tiers de l'\u00e9conomie et la gestion, des Responsables d'agence Comptoir National de l'Or, des analystes financiers qui publient r\u00e9guli\u00e8rement des \u00e9tudes sur les politiques des banques centrales, le cours de l'or, prix de l'or, cours de l'argent, prix de l'argent, cours du platine, cours du palladium,... la situation en zone euro et l'impact de la strat\u00e9gie mon\u00e9taire de la FED. Notre \u00e9quipe scrute \u00e9galement une information plus g\u00e9n\u00e9raliste \u00e0 la recherche d'actualit\u00e9 \"p\u00e9pite\" \u00e0 vous partager. Depuis 5 ans, nous avons publi\u00e9 un peu plus de 4000 articles qui s'adressent \u00e0 un public large et vari\u00e9 ayant pour objectif de satisfaire votre curiosit\u00e9 et de partager avec vous une certaine fascination pour le m\u00e9tal jaune, le rachat d'or, et pour ceux qui veulent investir dans l'or, vendre leur or tout simplement en savoir plus... Pour tous vos achat or et argent, n'h\u00e9sitez pas \u00e0 prendre rendez-vous dans l'un de nos nombreux comptoirs.","sameAs":["https:\/\/www.gold.fr"]}]}},"authors":[{"term_id":2565,"user_id":18,"is_guest":0,"slug":"julie","display_name":"Comptoir National de l'Or","avatar_url":"https:\/\/secure.gravatar.com\/avatar\/713f289e398d35ead876c4a4cc08607f0d6d266058cfc25683fffb6092d0e572?s=96&d=mm&r=g","0":null,"1":"","2":"","3":"","4":"","5":"","6":"","7":"","8":""}],"_links":{"self":[{"href":"https:\/\/www.gold.fr\/news\/wp-json\/wp\/v2\/posts\/18120","targetHints":{"allow":["GET"]}}],"collection":[{"href":"https:\/\/www.gold.fr\/news\/wp-json\/wp\/v2\/posts"}],"about":[{"href":"https:\/\/www.gold.fr\/news\/wp-json\/wp\/v2\/types\/post"}],"author":[{"embeddable":true,"href":"https:\/\/www.gold.fr\/news\/wp-json\/wp\/v2\/users\/18"}],"replies":[{"embeddable":true,"href":"https:\/\/www.gold.fr\/news\/wp-json\/wp\/v2\/comments?post=18120"}],"version-history":[{"count":0,"href":"https:\/\/www.gold.fr\/news\/wp-json\/wp\/v2\/posts\/18120\/revisions"}],"wp:featuredmedia":[{"embeddable":true,"href":"https:\/\/www.gold.fr\/news\/wp-json\/wp\/v2\/media\/7598"}],"wp:attachment":[{"href":"https:\/\/www.gold.fr\/news\/wp-json\/wp\/v2\/media?parent=18120"}],"wp:term":[{"taxonomy":"category","embeddable":true,"href":"https:\/\/www.gold.fr\/news\/wp-json\/wp\/v2\/categories?post=18120"},{"taxonomy":"post_tag","embeddable":true,"href":"https:\/\/www.gold.fr\/news\/wp-json\/wp\/v2\/tags?post=18120"},{"taxonomy":"author","embeddable":true,"href":"https:\/\/www.gold.fr\/news\/wp-json\/wp\/v2\/ppma_author?post=18120"}],"curies":[{"name":"wp","href":"https:\/\/api.w.org\/{rel}","templated":true}]}}