{"id":18113,"date":"2015-10-13T09:00:12","date_gmt":"2015-10-13T07:00:12","guid":{"rendered":"https:\/\/www.gold.fr\/news\/?p=18113"},"modified":"2017-11-29T17:56:17","modified_gmt":"2017-11-29T16:56:17","slug":"marches-et-fed-plus-inter-codependants-que-jamais","status":"publish","type":"post","link":"https:\/\/www.gold.fr\/news\/2015\/10\/13\/marches-et-fed-plus-inter-codependants-que-jamais\/","title":{"rendered":"March\u00e9s et FED : Plus inter-cod\u00e9pendants que jamais"},"content":{"rendered":"<p><img loading=\"lazy\" decoding=\"async\" class=\"alignleft size-thumbnail wp-image-2404\" title=\"March\u00e9s et FED : Plus inter-cod\u00e9pendants que jamais\" src=\"https:\/\/www.gold.fr\/news\/wp-content\/uploads\/2011\/09\/harga-emas1-150x150.jpg\" alt=\"\" width=\"150\" height=\"150\" \/><span style=\"font-size: small;\">La question est de savoir qui est plus cod\u00e9pendant que l&rsquo;autre. Entre des march\u00e9s boursiers en constante fluctuation, depuis deux semaines, et une r\u00e9serve f\u00e9d\u00e9rale am\u00e9ricaine qui reprend sa strat\u00e9gie de la m\u00e9fiance, c&rsquo;est \u00e0 qui guetterait le plus l&rsquo;\u00e9volution de l&rsquo;autre, en qu\u00eate d&rsquo;un indicateur capable de l&rsquo;orienter.<\/span>    <span style=\"font-size: small;\">La <strong>FED<\/strong> \u00e9tait pourtant bien d\u00e9cid\u00e9e \u00e0 annoncer le rel\u00e8vement de ses taux d&rsquo;int\u00e9r\u00eat \u00e0 la prochaine conf\u00e9rence de presse de <strong>Yellen<\/strong> post-r\u00e9union <strong>FOMC<\/strong>, en d\u00e9cembre. <a href='https:\/\/www.gold.fr\/news\/tags\/or' class='esk-seo-plu-link'>Or<\/a>, les nombreuses d\u00e9ceptions macro\u00e9conomiques US r\u00e9cemment annonc\u00e9es remettent s\u00e9rieusement en question cette d\u00e9cision. D&rsquo;ailleurs, les analystes d&rsquo;<strong>Aurel BGC<\/strong> confirment cette th\u00e9orie en soulignant que \u00ab<em> les membres de la Fed sont inquiets de l&rsquo;impact sur la croissance d&rsquo;un &lsquo;dollar fort&rsquo;, mais aussi de la faiblesse de l&rsquo;inflation, du ralentissement de l&rsquo;activit\u00e9 dans les \u00e9conomies \u00e9mergentes et de l&rsquo;impact d&rsquo;une plus grande incertitude \u00e9conomique sur les march\u00e9s. Ces craintes expliquent le statu quo de septembre dernier<\/em> \u00bb.<\/span>    <span style=\"font-size: small;\">La semaine derni\u00e8re avait toutefois \u00e9t\u00e9 cl\u00f4tur\u00e9e sur une note haussi\u00e8re pour les principales places boursi\u00e8res, des deux c\u00f4t\u00e9s de l&rsquo;Atlantique (et surtout en Europe), traduisant la d\u00e9termination des march\u00e9s \u00e0 maintenir une humeur optimiste. Une attitude positive g\u00e9n\u00e9ralis\u00e9e qui puise sa justification dans le ton rassurant des \u2018<em>minutes<\/em>&lsquo; de la derni\u00e8re r\u00e9union du <strong>FOMC<\/strong>. Tony Cross, de chez <strong>Trustnet Direct<\/strong>, souligne en effet que les minutes de la r\u00e9serve f\u00e9d\u00e9rale am\u00e9ricaine (publi\u00e9es jeudi dernier) \u00ab <em>ont certainement \u00e9mis une musique accommodante sur les march\u00e9s et am\u00e8nent les investisseurs \u00e0 revenir \u00e0 l&rsquo;achat sur les <a href='https:\/\/www.gold.fr\/news\/tags\/investissement' class='esk-seo-plu-link'>actions<\/a><\/em> \u00bb.<\/span><\/p>\n<!-- AddThis Advanced Settings generic via filter on the_content --><!-- AddThis Share Buttons generic via filter on the_content -->","protected":false},"excerpt":{"rendered":"<p>La question est de savoir qui est plus cod\u00e9pendant que l&rsquo;autre. Entre des march\u00e9s boursiers en constante fluctuation, depuis deux semaines, et une r\u00e9serve f\u00e9d\u00e9rale am\u00e9ricaine qui reprend sa strat\u00e9gie de la m\u00e9fiance, c&rsquo;est \u00e0 qui [&hellip;]<\/p>\n","protected":false},"author":18,"featured_media":2404,"comment_status":"open","ping_status":"open","sticky":false,"template":"","format":"standard","meta":{"_mbp_gutenberg_autopost":false,"_pgmb_is_evergreen":false,"_pgmb_ap_template_id":0,"footnotes":""},"categories":[6],"tags":[144,1034,1649,1810],"ppma_author":[2565],"class_list":["post-18113","post","type-post","status-publish","format-standard","has-post-thumbnail","hentry","category-articles-de-presse","tag-fed","tag-fomc","tag-marches","tag-yellen"],"yoast_head":"<!-- This site is optimized with the Yoast SEO plugin v27.5 - https:\/\/yoast.com\/product\/yoast-seo-wordpress\/ -->\n<title>March\u00e9s et FED : Plus inter-cod\u00e9pendants que jamais - Gold.fr<\/title>\n<meta name=\"robots\" content=\"index, follow, max-snippet:-1, max-image-preview:large, max-video-preview:-1\" \/>\n<link rel=\"canonical\" href=\"https:\/\/www.gold.fr\/news\/2015\/10\/13\/marches-et-fed-plus-inter-codependants-que-jamais\/\" \/>\n<meta property=\"og:locale\" content=\"fr_FR\" \/>\n<meta property=\"og:type\" content=\"article\" \/>\n<meta property=\"og:title\" content=\"March\u00e9s et FED : Plus inter-cod\u00e9pendants que jamais - Gold.fr\" \/>\n<meta property=\"og:description\" content=\"La question est de savoir qui est plus cod\u00e9pendant que l&rsquo;autre. Entre des march\u00e9s boursiers en constante fluctuation, depuis deux semaines, et une r\u00e9serve f\u00e9d\u00e9rale am\u00e9ricaine qui reprend sa strat\u00e9gie de la m\u00e9fiance, c&rsquo;est \u00e0 qui [&hellip;]\" \/>\n<meta property=\"og:url\" content=\"https:\/\/www.gold.fr\/news\/2015\/10\/13\/marches-et-fed-plus-inter-codependants-que-jamais\/\" \/>\n<meta property=\"og:site_name\" content=\"Gold.fr\" \/>\n<meta property=\"article:publisher\" content=\"https:\/\/www.facebook.com\/Goldfr\/\" \/>\n<meta property=\"article:published_time\" content=\"2015-10-13T07:00:12+00:00\" \/>\n<meta property=\"article:modified_time\" content=\"2017-11-29T16:56:17+00:00\" \/>\n<meta property=\"og:image\" content=\"https:\/\/www.gold.fr\/news\/wp-content\/uploads\/2011\/09\/harga-emas1.jpg\" \/>\n\t<meta property=\"og:image:width\" content=\"636\" \/>\n\t<meta property=\"og:image:height\" content=\"477\" \/>\n\t<meta property=\"og:image:type\" content=\"image\/jpeg\" \/>\n<meta name=\"author\" content=\"Comptoir National de l&#039;Or\" \/>\n<meta name=\"twitter:card\" content=\"summary_large_image\" \/>\n<meta name=\"twitter:label1\" content=\"\u00c9crit par\" \/>\n\t<meta name=\"twitter:data1\" content=\"Comptoir National de l&#039;Or\" \/>\n\t<meta name=\"twitter:label2\" content=\"Dur\u00e9e de lecture estim\u00e9e\" \/>\n\t<meta name=\"twitter:data2\" content=\"1 minute\" \/>\n<script type=\"application\/ld+json\" class=\"yoast-schema-graph\">{\"@context\":\"https:\\\/\\\/schema.org\",\"@graph\":[{\"@type\":\"Article\",\"@id\":\"https:\\\/\\\/www.gold.fr\\\/news\\\/2015\\\/10\\\/13\\\/marches-et-fed-plus-inter-codependants-que-jamais\\\/#article\",\"isPartOf\":{\"@id\":\"https:\\\/\\\/www.gold.fr\\\/news\\\/2015\\\/10\\\/13\\\/marches-et-fed-plus-inter-codependants-que-jamais\\\/\"},\"author\":{\"name\":\"Comptoir National de l'Or\",\"@id\":\"https:\\\/\\\/www.gold.fr\\\/news\\\/#\\\/schema\\\/person\\\/070491b4b4fb7671bf59b3be20302ce9\"},\"headline\":\"March\u00e9s et FED : Plus inter-cod\u00e9pendants que jamais\",\"datePublished\":\"2015-10-13T07:00:12+00:00\",\"dateModified\":\"2017-11-29T16:56:17+00:00\",\"mainEntityOfPage\":{\"@id\":\"https:\\\/\\\/www.gold.fr\\\/news\\\/2015\\\/10\\\/13\\\/marches-et-fed-plus-inter-codependants-que-jamais\\\/\"},\"wordCount\":311,\"commentCount\":0,\"image\":{\"@id\":\"https:\\\/\\\/www.gold.fr\\\/news\\\/2015\\\/10\\\/13\\\/marches-et-fed-plus-inter-codependants-que-jamais\\\/#primaryimage\"},\"thumbnailUrl\":\"https:\\\/\\\/www.gold.fr\\\/news\\\/wp-content\\\/uploads\\\/2011\\\/09\\\/harga-emas1.jpg\",\"keywords\":[\"fed\",\"FOMC\",\"march\u00e9s\",\"yellen\"],\"articleSection\":[\"Articles de presse\"],\"inLanguage\":\"fr-FR\"},{\"@type\":\"WebPage\",\"@id\":\"https:\\\/\\\/www.gold.fr\\\/news\\\/2015\\\/10\\\/13\\\/marches-et-fed-plus-inter-codependants-que-jamais\\\/\",\"url\":\"https:\\\/\\\/www.gold.fr\\\/news\\\/2015\\\/10\\\/13\\\/marches-et-fed-plus-inter-codependants-que-jamais\\\/\",\"name\":\"March\u00e9s et FED : Plus inter-cod\u00e9pendants que jamais - Gold.fr\",\"isPartOf\":{\"@id\":\"https:\\\/\\\/www.gold.fr\\\/news\\\/#website\"},\"primaryImageOfPage\":{\"@id\":\"https:\\\/\\\/www.gold.fr\\\/news\\\/2015\\\/10\\\/13\\\/marches-et-fed-plus-inter-codependants-que-jamais\\\/#primaryimage\"},\"image\":{\"@id\":\"https:\\\/\\\/www.gold.fr\\\/news\\\/2015\\\/10\\\/13\\\/marches-et-fed-plus-inter-codependants-que-jamais\\\/#primaryimage\"},\"thumbnailUrl\":\"https:\\\/\\\/www.gold.fr\\\/news\\\/wp-content\\\/uploads\\\/2011\\\/09\\\/harga-emas1.jpg\",\"datePublished\":\"2015-10-13T07:00:12+00:00\",\"dateModified\":\"2017-11-29T16:56:17+00:00\",\"author\":{\"@id\":\"https:\\\/\\\/www.gold.fr\\\/news\\\/#\\\/schema\\\/person\\\/070491b4b4fb7671bf59b3be20302ce9\"},\"breadcrumb\":{\"@id\":\"https:\\\/\\\/www.gold.fr\\\/news\\\/2015\\\/10\\\/13\\\/marches-et-fed-plus-inter-codependants-que-jamais\\\/#breadcrumb\"},\"inLanguage\":\"fr-FR\",\"potentialAction\":[{\"@type\":\"ReadAction\",\"target\":[\"https:\\\/\\\/www.gold.fr\\\/news\\\/2015\\\/10\\\/13\\\/marches-et-fed-plus-inter-codependants-que-jamais\\\/\"]}]},{\"@type\":\"ImageObject\",\"inLanguage\":\"fr-FR\",\"@id\":\"https:\\\/\\\/www.gold.fr\\\/news\\\/2015\\\/10\\\/13\\\/marches-et-fed-plus-inter-codependants-que-jamais\\\/#primaryimage\",\"url\":\"https:\\\/\\\/www.gold.fr\\\/news\\\/wp-content\\\/uploads\\\/2011\\\/09\\\/harga-emas1.jpg\",\"contentUrl\":\"https:\\\/\\\/www.gold.fr\\\/news\\\/wp-content\\\/uploads\\\/2011\\\/09\\\/harga-emas1.jpg\",\"width\":\"636\",\"height\":\"477\",\"caption\":\"L\u2019once en hausse en d\u00e9pit de l\u2019instabilit\u00e9 politique\"},{\"@type\":\"BreadcrumbList\",\"@id\":\"https:\\\/\\\/www.gold.fr\\\/news\\\/2015\\\/10\\\/13\\\/marches-et-fed-plus-inter-codependants-que-jamais\\\/#breadcrumb\",\"itemListElement\":[{\"@type\":\"ListItem\",\"position\":1,\"name\":\"Accueil\",\"item\":\"https:\\\/\\\/www.gold.fr\\\/\"},{\"@type\":\"ListItem\",\"position\":2,\"name\":\"Actualit\u00e9s\",\"item\":\"https:\\\/\\\/www.gold.fr\\\/news\\\/\"},{\"@type\":\"ListItem\",\"position\":3,\"name\":\"March\u00e9s et FED : Plus inter-cod\u00e9pendants que jamais\"}]},{\"@type\":\"WebSite\",\"@id\":\"https:\\\/\\\/www.gold.fr\\\/news\\\/#website\",\"url\":\"https:\\\/\\\/www.gold.fr\\\/news\\\/\",\"name\":\"Gold.fr\",\"description\":\"Actualit\u00e9s de l&#039;Or et des m\u00e9taux pr\u00e9cieux\",\"potentialAction\":[{\"@type\":\"SearchAction\",\"target\":{\"@type\":\"EntryPoint\",\"urlTemplate\":\"https:\\\/\\\/www.gold.fr\\\/news\\\/?s={search_term_string}\"},\"query-input\":{\"@type\":\"PropertyValueSpecification\",\"valueRequired\":true,\"valueName\":\"search_term_string\"}}],\"inLanguage\":\"fr-FR\"},{\"@type\":\"Person\",\"@id\":\"https:\\\/\\\/www.gold.fr\\\/news\\\/#\\\/schema\\\/person\\\/070491b4b4fb7671bf59b3be20302ce9\",\"name\":\"Comptoir National de l'Or\",\"image\":{\"@type\":\"ImageObject\",\"inLanguage\":\"fr-FR\",\"@id\":\"https:\\\/\\\/secure.gravatar.com\\\/avatar\\\/0a2867fd5abe37bed95d5a65e9d58f01756e11efc68af9888dfc50cfa7f65948?s=96&d=mm&r=gb490554db0a38188709de567aa58480d\",\"url\":\"https:\\\/\\\/secure.gravatar.com\\\/avatar\\\/0a2867fd5abe37bed95d5a65e9d58f01756e11efc68af9888dfc50cfa7f65948?s=96&d=mm&r=g\",\"contentUrl\":\"https:\\\/\\\/secure.gravatar.com\\\/avatar\\\/0a2867fd5abe37bed95d5a65e9d58f01756e11efc68af9888dfc50cfa7f65948?s=96&d=mm&r=g\",\"caption\":\"Comptoir National de l'Or\"},\"description\":\"Notre r\u00e9daction est constitu\u00e9e de membres experts dans les m\u00e9tiers de l'\u00e9conomie et la gestion, des Responsables d'agence Comptoir National de l'Or, des analystes financiers qui publient r\u00e9guli\u00e8rement des \u00e9tudes sur les politiques des banques centrales, le cours de l'or, prix de l'or, cours de l'argent, prix de l'argent, cours du platine, cours du palladium,... la situation en zone euro et l'impact de la strat\u00e9gie mon\u00e9taire de la FED. Notre \u00e9quipe scrute \u00e9galement une information plus g\u00e9n\u00e9raliste \u00e0 la recherche d'actualit\u00e9 \\\"p\u00e9pite\\\" \u00e0 vous partager. Depuis 5 ans, nous avons publi\u00e9 un peu plus de 4000 articles qui s'adressent \u00e0 un public large et vari\u00e9 ayant pour objectif de satisfaire votre curiosit\u00e9 et de partager avec vous une certaine fascination pour le m\u00e9tal jaune, le rachat d'or, et pour ceux qui veulent investir dans l'or, vendre leur or tout simplement en savoir plus... Pour tous vos achat or et argent, n'h\u00e9sitez pas \u00e0 prendre rendez-vous dans l'un de nos nombreux comptoirs.\",\"sameAs\":[\"https:\\\/\\\/www.gold.fr\"]}]}<\/script>\n<!-- \/ Yoast SEO plugin. -->","yoast_head_json":{"title":"March\u00e9s et FED : Plus inter-cod\u00e9pendants que jamais - Gold.fr","robots":{"index":"index","follow":"follow","max-snippet":"max-snippet:-1","max-image-preview":"max-image-preview:large","max-video-preview":"max-video-preview:-1"},"canonical":"https:\/\/www.gold.fr\/news\/2015\/10\/13\/marches-et-fed-plus-inter-codependants-que-jamais\/","og_locale":"fr_FR","og_type":"article","og_title":"March\u00e9s et FED : Plus inter-cod\u00e9pendants que jamais - Gold.fr","og_description":"La question est de savoir qui est plus cod\u00e9pendant que l&rsquo;autre. Entre des march\u00e9s boursiers en constante fluctuation, depuis deux semaines, et une r\u00e9serve f\u00e9d\u00e9rale am\u00e9ricaine qui reprend sa strat\u00e9gie de la m\u00e9fiance, c&rsquo;est \u00e0 qui [&hellip;]","og_url":"https:\/\/www.gold.fr\/news\/2015\/10\/13\/marches-et-fed-plus-inter-codependants-que-jamais\/","og_site_name":"Gold.fr","article_publisher":"https:\/\/www.facebook.com\/Goldfr\/","article_published_time":"2015-10-13T07:00:12+00:00","article_modified_time":"2017-11-29T16:56:17+00:00","og_image":[{"width":636,"height":477,"url":"https:\/\/www.gold.fr\/news\/wp-content\/uploads\/2011\/09\/harga-emas1.jpg","type":"image\/jpeg"}],"author":"Comptoir National de l'Or","twitter_card":"summary_large_image","twitter_misc":{"\u00c9crit par":"Comptoir National de l'Or","Dur\u00e9e de lecture estim\u00e9e":"1 minute"},"schema":{"@context":"https:\/\/schema.org","@graph":[{"@type":"Article","@id":"https:\/\/www.gold.fr\/news\/2015\/10\/13\/marches-et-fed-plus-inter-codependants-que-jamais\/#article","isPartOf":{"@id":"https:\/\/www.gold.fr\/news\/2015\/10\/13\/marches-et-fed-plus-inter-codependants-que-jamais\/"},"author":{"name":"Comptoir National de l'Or","@id":"https:\/\/www.gold.fr\/news\/#\/schema\/person\/070491b4b4fb7671bf59b3be20302ce9"},"headline":"March\u00e9s et FED : Plus inter-cod\u00e9pendants que jamais","datePublished":"2015-10-13T07:00:12+00:00","dateModified":"2017-11-29T16:56:17+00:00","mainEntityOfPage":{"@id":"https:\/\/www.gold.fr\/news\/2015\/10\/13\/marches-et-fed-plus-inter-codependants-que-jamais\/"},"wordCount":311,"commentCount":0,"image":{"@id":"https:\/\/www.gold.fr\/news\/2015\/10\/13\/marches-et-fed-plus-inter-codependants-que-jamais\/#primaryimage"},"thumbnailUrl":"https:\/\/www.gold.fr\/news\/wp-content\/uploads\/2011\/09\/harga-emas1.jpg","keywords":["fed","FOMC","march\u00e9s","yellen"],"articleSection":["Articles de presse"],"inLanguage":"fr-FR"},{"@type":"WebPage","@id":"https:\/\/www.gold.fr\/news\/2015\/10\/13\/marches-et-fed-plus-inter-codependants-que-jamais\/","url":"https:\/\/www.gold.fr\/news\/2015\/10\/13\/marches-et-fed-plus-inter-codependants-que-jamais\/","name":"March\u00e9s et FED : Plus inter-cod\u00e9pendants que jamais - Gold.fr","isPartOf":{"@id":"https:\/\/www.gold.fr\/news\/#website"},"primaryImageOfPage":{"@id":"https:\/\/www.gold.fr\/news\/2015\/10\/13\/marches-et-fed-plus-inter-codependants-que-jamais\/#primaryimage"},"image":{"@id":"https:\/\/www.gold.fr\/news\/2015\/10\/13\/marches-et-fed-plus-inter-codependants-que-jamais\/#primaryimage"},"thumbnailUrl":"https:\/\/www.gold.fr\/news\/wp-content\/uploads\/2011\/09\/harga-emas1.jpg","datePublished":"2015-10-13T07:00:12+00:00","dateModified":"2017-11-29T16:56:17+00:00","author":{"@id":"https:\/\/www.gold.fr\/news\/#\/schema\/person\/070491b4b4fb7671bf59b3be20302ce9"},"breadcrumb":{"@id":"https:\/\/www.gold.fr\/news\/2015\/10\/13\/marches-et-fed-plus-inter-codependants-que-jamais\/#breadcrumb"},"inLanguage":"fr-FR","potentialAction":[{"@type":"ReadAction","target":["https:\/\/www.gold.fr\/news\/2015\/10\/13\/marches-et-fed-plus-inter-codependants-que-jamais\/"]}]},{"@type":"ImageObject","inLanguage":"fr-FR","@id":"https:\/\/www.gold.fr\/news\/2015\/10\/13\/marches-et-fed-plus-inter-codependants-que-jamais\/#primaryimage","url":"https:\/\/www.gold.fr\/news\/wp-content\/uploads\/2011\/09\/harga-emas1.jpg","contentUrl":"https:\/\/www.gold.fr\/news\/wp-content\/uploads\/2011\/09\/harga-emas1.jpg","width":"636","height":"477","caption":"L\u2019once en hausse en d\u00e9pit de l\u2019instabilit\u00e9 politique"},{"@type":"BreadcrumbList","@id":"https:\/\/www.gold.fr\/news\/2015\/10\/13\/marches-et-fed-plus-inter-codependants-que-jamais\/#breadcrumb","itemListElement":[{"@type":"ListItem","position":1,"name":"Accueil","item":"https:\/\/www.gold.fr\/"},{"@type":"ListItem","position":2,"name":"Actualit\u00e9s","item":"https:\/\/www.gold.fr\/news\/"},{"@type":"ListItem","position":3,"name":"March\u00e9s et FED : Plus inter-cod\u00e9pendants que jamais"}]},{"@type":"WebSite","@id":"https:\/\/www.gold.fr\/news\/#website","url":"https:\/\/www.gold.fr\/news\/","name":"Gold.fr","description":"Actualit\u00e9s de l&#039;Or et des m\u00e9taux pr\u00e9cieux","potentialAction":[{"@type":"SearchAction","target":{"@type":"EntryPoint","urlTemplate":"https:\/\/www.gold.fr\/news\/?s={search_term_string}"},"query-input":{"@type":"PropertyValueSpecification","valueRequired":true,"valueName":"search_term_string"}}],"inLanguage":"fr-FR"},{"@type":"Person","@id":"https:\/\/www.gold.fr\/news\/#\/schema\/person\/070491b4b4fb7671bf59b3be20302ce9","name":"Comptoir National de l'Or","image":{"@type":"ImageObject","inLanguage":"fr-FR","@id":"https:\/\/secure.gravatar.com\/avatar\/0a2867fd5abe37bed95d5a65e9d58f01756e11efc68af9888dfc50cfa7f65948?s=96&d=mm&r=gb490554db0a38188709de567aa58480d","url":"https:\/\/secure.gravatar.com\/avatar\/0a2867fd5abe37bed95d5a65e9d58f01756e11efc68af9888dfc50cfa7f65948?s=96&d=mm&r=g","contentUrl":"https:\/\/secure.gravatar.com\/avatar\/0a2867fd5abe37bed95d5a65e9d58f01756e11efc68af9888dfc50cfa7f65948?s=96&d=mm&r=g","caption":"Comptoir National de l'Or"},"description":"Notre r\u00e9daction est constitu\u00e9e de membres experts dans les m\u00e9tiers de l'\u00e9conomie et la gestion, des Responsables d'agence Comptoir National de l'Or, des analystes financiers qui publient r\u00e9guli\u00e8rement des \u00e9tudes sur les politiques des banques centrales, le cours de l'or, prix de l'or, cours de l'argent, prix de l'argent, cours du platine, cours du palladium,... la situation en zone euro et l'impact de la strat\u00e9gie mon\u00e9taire de la FED. Notre \u00e9quipe scrute \u00e9galement une information plus g\u00e9n\u00e9raliste \u00e0 la recherche d'actualit\u00e9 \"p\u00e9pite\" \u00e0 vous partager. Depuis 5 ans, nous avons publi\u00e9 un peu plus de 4000 articles qui s'adressent \u00e0 un public large et vari\u00e9 ayant pour objectif de satisfaire votre curiosit\u00e9 et de partager avec vous une certaine fascination pour le m\u00e9tal jaune, le rachat d'or, et pour ceux qui veulent investir dans l'or, vendre leur or tout simplement en savoir plus... Pour tous vos achat or et argent, n'h\u00e9sitez pas \u00e0 prendre rendez-vous dans l'un de nos nombreux comptoirs.","sameAs":["https:\/\/www.gold.fr"]}]}},"authors":[{"term_id":2565,"user_id":18,"is_guest":0,"slug":"julie","display_name":"Comptoir National de l'Or","avatar_url":"https:\/\/secure.gravatar.com\/avatar\/713f289e398d35ead876c4a4cc08607f0d6d266058cfc25683fffb6092d0e572?s=96&d=mm&r=g","0":null,"1":"","2":"","3":"","4":"","5":"","6":"","7":"","8":""}],"_links":{"self":[{"href":"https:\/\/www.gold.fr\/news\/wp-json\/wp\/v2\/posts\/18113","targetHints":{"allow":["GET"]}}],"collection":[{"href":"https:\/\/www.gold.fr\/news\/wp-json\/wp\/v2\/posts"}],"about":[{"href":"https:\/\/www.gold.fr\/news\/wp-json\/wp\/v2\/types\/post"}],"author":[{"embeddable":true,"href":"https:\/\/www.gold.fr\/news\/wp-json\/wp\/v2\/users\/18"}],"replies":[{"embeddable":true,"href":"https:\/\/www.gold.fr\/news\/wp-json\/wp\/v2\/comments?post=18113"}],"version-history":[{"count":0,"href":"https:\/\/www.gold.fr\/news\/wp-json\/wp\/v2\/posts\/18113\/revisions"}],"wp:featuredmedia":[{"embeddable":true,"href":"https:\/\/www.gold.fr\/news\/wp-json\/wp\/v2\/media\/2404"}],"wp:attachment":[{"href":"https:\/\/www.gold.fr\/news\/wp-json\/wp\/v2\/media?parent=18113"}],"wp:term":[{"taxonomy":"category","embeddable":true,"href":"https:\/\/www.gold.fr\/news\/wp-json\/wp\/v2\/categories?post=18113"},{"taxonomy":"post_tag","embeddable":true,"href":"https:\/\/www.gold.fr\/news\/wp-json\/wp\/v2\/tags?post=18113"},{"taxonomy":"author","embeddable":true,"href":"https:\/\/www.gold.fr\/news\/wp-json\/wp\/v2\/ppma_author?post=18113"}],"curies":[{"name":"wp","href":"https:\/\/api.w.org\/{rel}","templated":true}]}}