{"id":18098,"date":"2015-10-09T13:00:19","date_gmt":"2015-10-09T11:00:19","guid":{"rendered":"https:\/\/www.gold.fr\/news\/?p=18098"},"modified":"2017-11-29T17:56:20","modified_gmt":"2017-11-29T16:56:20","slug":"lor-renforce-ses-positions-haussieres-5","status":"publish","type":"post","link":"https:\/\/www.gold.fr\/news\/2015\/10\/09\/lor-renforce-ses-positions-haussieres-5\/","title":{"rendered":"L&rsquo;or renforce ses positions haussi\u00e8res"},"content":{"rendered":"<p><img loading=\"lazy\" decoding=\"async\" class=\"alignleft size-thumbnail wp-image-10167\" title=\"Cours de l'Or de Bourse\" src=\"https:\/\/www.gold.fr\/news\/wp-content\/uploads\/2011\/03\/lingots-or-1kg-150x150.jpg\" alt=\"\" width=\"150\" height=\"150\" \/><span style=\"font-size: small;\">Bon nombre d&rsquo;experts se montraient particuli\u00e8rement optimistes, cette semaine, concernant l&rsquo;\u00e9volution de la situation \u00e9conomique allemande, expliquant que \u00ab\u00a0<em>les fondamentaux int\u00e9rieurs solides en Allemagne et l&rsquo;optimisme actuel des entreprises et des m\u00e9nages sugg\u00e8rent que l&rsquo;activit\u00e9 industrielle du pays regagnera de la traction le mois suivant<\/em>\u00ab\u00a0.<\/span>    <span style=\"font-size: small;\">Toutefois, d&rsquo;autres analystes ont bien insist\u00e9 sur les nouveaux risques que la publication de ces donn\u00e9es fera peser sur des perspectives d\u00e9j\u00e0 inf\u00e9rieures au consensus pour l&rsquo;\u00e9conomie allemande. En attendant, le march\u00e9 de l&rsquo;<a href='https:\/\/www.gold.fr\/news\/tags\/or' class='esk-seo-plu-link'>or<\/a> continue de profiter de la confusion des march\u00e9s euro et de l&rsquo;attentisme des march\u00e9s US pour renforcer sa vague haussi\u00e8re.<\/span>    <span style=\"font-size: small;\">L&rsquo;<a href='https:\/\/www.gold.fr\/news\/tags\/or' class='esk-seo-plu-link'>or<\/a> ouvre donc la s\u00e9ance de ce <strong>vendredi 9 octobre 2015<\/strong> avec <a title=\"Prix de l'Or\" href=\"https:\/\/www.gold.fr\/cours-or-prix-de-l-or\/\" target=\"_blank\">un cours<\/a> toujours haussier de <strong>1,148.50 <a href='https:\/\/www.gold.fr\/news\/tags\/investissement' class='esk-seo-plu-link'>dollars<\/a><\/strong> <a title=\"Prix de l'Once d'or\" href=\"https:\/\/www.gold.fr\/once-or-nyc\/\" target=\"_blank\">l&rsquo;once<\/a>.<\/span><\/p>\n<!-- AddThis Advanced Settings generic via filter on the_content --><!-- AddThis Share Buttons generic via filter on the_content -->","protected":false},"excerpt":{"rendered":"<p>Bon nombre d&rsquo;experts se montraient particuli\u00e8rement optimistes, cette semaine, concernant l&rsquo;\u00e9volution de la situation \u00e9conomique allemande, expliquant que \u00ab\u00a0les fondamentaux int\u00e9rieurs solides en Allemagne et l&rsquo;optimisme actuel des entreprises et des m\u00e9nages sugg\u00e8rent que l&rsquo;activit\u00e9 industrielle [&hellip;]<\/p>\n","protected":false},"author":18,"featured_media":10167,"comment_status":"open","ping_status":"open","sticky":false,"template":"","format":"standard","meta":{"_mbp_gutenberg_autopost":false,"_pgmb_is_evergreen":false,"_pgmb_ap_template_id":0,"footnotes":""},"categories":[5],"tags":[385,84,210,2130],"ppma_author":[2565],"class_list":["post-18098","post","type-post","status-publish","format-standard","has-post-thumbnail","hentry","category-flash-infos","tag-cours-de-lor-de-bourse","tag-cours-de-lor","tag-_cours-de-lor_footer_","tag-_home-page"],"yoast_head":"<!-- This site is optimized with the Yoast SEO plugin v27.5 - https:\/\/yoast.com\/product\/yoast-seo-wordpress\/ -->\n<title>L&#039;or renforce ses positions haussi\u00e8res - Gold.fr<\/title>\n<meta name=\"robots\" content=\"index, follow, max-snippet:-1, max-image-preview:large, max-video-preview:-1\" \/>\n<link rel=\"canonical\" href=\"https:\/\/www.gold.fr\/news\/2015\/10\/09\/lor-renforce-ses-positions-haussieres-5\/\" \/>\n<meta property=\"og:locale\" content=\"fr_FR\" \/>\n<meta property=\"og:type\" content=\"article\" \/>\n<meta property=\"og:title\" content=\"L&#039;or renforce ses positions haussi\u00e8res - Gold.fr\" \/>\n<meta property=\"og:description\" content=\"Bon nombre d&rsquo;experts se montraient particuli\u00e8rement optimistes, cette semaine, concernant l&rsquo;\u00e9volution de la situation \u00e9conomique allemande, expliquant que \u00ab\u00a0les fondamentaux int\u00e9rieurs solides en Allemagne et l&rsquo;optimisme actuel des entreprises et des m\u00e9nages sugg\u00e8rent que l&rsquo;activit\u00e9 industrielle [&hellip;]\" \/>\n<meta property=\"og:url\" content=\"https:\/\/www.gold.fr\/news\/2015\/10\/09\/lor-renforce-ses-positions-haussieres-5\/\" \/>\n<meta property=\"og:site_name\" content=\"Gold.fr\" \/>\n<meta property=\"article:publisher\" content=\"https:\/\/www.facebook.com\/Goldfr\/\" \/>\n<meta property=\"article:published_time\" content=\"2015-10-09T11:00:19+00:00\" \/>\n<meta property=\"article:modified_time\" content=\"2017-11-29T16:56:20+00:00\" \/>\n<meta property=\"og:image\" content=\"https:\/\/www.gold.fr\/news\/wp-content\/uploads\/2011\/03\/lingots-or-1kg-e1473412427214.jpg\" \/>\n\t<meta property=\"og:image:width\" content=\"250\" \/>\n\t<meta property=\"og:image:height\" content=\"167\" \/>\n\t<meta property=\"og:image:type\" content=\"image\/jpeg\" \/>\n<meta name=\"author\" content=\"Comptoir National de l&#039;Or\" \/>\n<meta name=\"twitter:card\" content=\"summary_large_image\" \/>\n<meta name=\"twitter:label1\" content=\"\u00c9crit par\" \/>\n\t<meta name=\"twitter:data1\" content=\"Comptoir National de l&#039;Or\" \/>\n\t<meta name=\"twitter:label2\" content=\"Dur\u00e9e de lecture estim\u00e9e\" \/>\n\t<meta name=\"twitter:data2\" content=\"1 minute\" \/>\n<script type=\"application\/ld+json\" class=\"yoast-schema-graph\">{\"@context\":\"https:\\\/\\\/schema.org\",\"@graph\":[{\"@type\":\"Article\",\"@id\":\"https:\\\/\\\/www.gold.fr\\\/news\\\/2015\\\/10\\\/09\\\/lor-renforce-ses-positions-haussieres-5\\\/#article\",\"isPartOf\":{\"@id\":\"https:\\\/\\\/www.gold.fr\\\/news\\\/2015\\\/10\\\/09\\\/lor-renforce-ses-positions-haussieres-5\\\/\"},\"author\":{\"name\":\"Comptoir National de l'Or\",\"@id\":\"https:\\\/\\\/www.gold.fr\\\/news\\\/#\\\/schema\\\/person\\\/070491b4b4fb7671bf59b3be20302ce9\"},\"headline\":\"L&rsquo;or renforce ses positions haussi\u00e8res\",\"datePublished\":\"2015-10-09T11:00:19+00:00\",\"dateModified\":\"2017-11-29T16:56:20+00:00\",\"mainEntityOfPage\":{\"@id\":\"https:\\\/\\\/www.gold.fr\\\/news\\\/2015\\\/10\\\/09\\\/lor-renforce-ses-positions-haussieres-5\\\/\"},\"wordCount\":144,\"commentCount\":1,\"image\":{\"@id\":\"https:\\\/\\\/www.gold.fr\\\/news\\\/2015\\\/10\\\/09\\\/lor-renforce-ses-positions-haussieres-5\\\/#primaryimage\"},\"thumbnailUrl\":\"https:\\\/\\\/www.gold.fr\\\/news\\\/wp-content\\\/uploads\\\/2011\\\/03\\\/lingots-or-1kg-e1473412427214.jpg\",\"keywords\":[\"cours de l'or de bourse\",\"Tout Cours de l'Or\",\"_Cours de l\u2019Or_Footer_\",\"_Home page\"],\"articleSection\":[\"Flash infos\"],\"inLanguage\":\"fr-FR\"},{\"@type\":\"WebPage\",\"@id\":\"https:\\\/\\\/www.gold.fr\\\/news\\\/2015\\\/10\\\/09\\\/lor-renforce-ses-positions-haussieres-5\\\/\",\"url\":\"https:\\\/\\\/www.gold.fr\\\/news\\\/2015\\\/10\\\/09\\\/lor-renforce-ses-positions-haussieres-5\\\/\",\"name\":\"L'or renforce ses positions haussi\u00e8res - Gold.fr\",\"isPartOf\":{\"@id\":\"https:\\\/\\\/www.gold.fr\\\/news\\\/#website\"},\"primaryImageOfPage\":{\"@id\":\"https:\\\/\\\/www.gold.fr\\\/news\\\/2015\\\/10\\\/09\\\/lor-renforce-ses-positions-haussieres-5\\\/#primaryimage\"},\"image\":{\"@id\":\"https:\\\/\\\/www.gold.fr\\\/news\\\/2015\\\/10\\\/09\\\/lor-renforce-ses-positions-haussieres-5\\\/#primaryimage\"},\"thumbnailUrl\":\"https:\\\/\\\/www.gold.fr\\\/news\\\/wp-content\\\/uploads\\\/2011\\\/03\\\/lingots-or-1kg-e1473412427214.jpg\",\"datePublished\":\"2015-10-09T11:00:19+00:00\",\"dateModified\":\"2017-11-29T16:56:20+00:00\",\"author\":{\"@id\":\"https:\\\/\\\/www.gold.fr\\\/news\\\/#\\\/schema\\\/person\\\/070491b4b4fb7671bf59b3be20302ce9\"},\"breadcrumb\":{\"@id\":\"https:\\\/\\\/www.gold.fr\\\/news\\\/2015\\\/10\\\/09\\\/lor-renforce-ses-positions-haussieres-5\\\/#breadcrumb\"},\"inLanguage\":\"fr-FR\",\"potentialAction\":[{\"@type\":\"ReadAction\",\"target\":[\"https:\\\/\\\/www.gold.fr\\\/news\\\/2015\\\/10\\\/09\\\/lor-renforce-ses-positions-haussieres-5\\\/\"]}]},{\"@type\":\"ImageObject\",\"inLanguage\":\"fr-FR\",\"@id\":\"https:\\\/\\\/www.gold.fr\\\/news\\\/2015\\\/10\\\/09\\\/lor-renforce-ses-positions-haussieres-5\\\/#primaryimage\",\"url\":\"https:\\\/\\\/www.gold.fr\\\/news\\\/wp-content\\\/uploads\\\/2011\\\/03\\\/lingots-or-1kg-e1473412427214.jpg\",\"contentUrl\":\"https:\\\/\\\/www.gold.fr\\\/news\\\/wp-content\\\/uploads\\\/2011\\\/03\\\/lingots-or-1kg-e1473412427214.jpg\",\"width\":250,\"height\":167,\"caption\":\"L'once termine la semaine en \u00e9quilibre\"},{\"@type\":\"BreadcrumbList\",\"@id\":\"https:\\\/\\\/www.gold.fr\\\/news\\\/2015\\\/10\\\/09\\\/lor-renforce-ses-positions-haussieres-5\\\/#breadcrumb\",\"itemListElement\":[{\"@type\":\"ListItem\",\"position\":1,\"name\":\"Accueil\",\"item\":\"https:\\\/\\\/www.gold.fr\\\/\"},{\"@type\":\"ListItem\",\"position\":2,\"name\":\"Actualit\u00e9s\",\"item\":\"https:\\\/\\\/www.gold.fr\\\/news\\\/\"},{\"@type\":\"ListItem\",\"position\":3,\"name\":\"L&rsquo;or renforce ses positions haussi\u00e8res\"}]},{\"@type\":\"WebSite\",\"@id\":\"https:\\\/\\\/www.gold.fr\\\/news\\\/#website\",\"url\":\"https:\\\/\\\/www.gold.fr\\\/news\\\/\",\"name\":\"Gold.fr\",\"description\":\"Actualit\u00e9s de l&#039;Or et des m\u00e9taux pr\u00e9cieux\",\"potentialAction\":[{\"@type\":\"SearchAction\",\"target\":{\"@type\":\"EntryPoint\",\"urlTemplate\":\"https:\\\/\\\/www.gold.fr\\\/news\\\/?s={search_term_string}\"},\"query-input\":{\"@type\":\"PropertyValueSpecification\",\"valueRequired\":true,\"valueName\":\"search_term_string\"}}],\"inLanguage\":\"fr-FR\"},{\"@type\":\"Person\",\"@id\":\"https:\\\/\\\/www.gold.fr\\\/news\\\/#\\\/schema\\\/person\\\/070491b4b4fb7671bf59b3be20302ce9\",\"name\":\"Comptoir National de l'Or\",\"image\":{\"@type\":\"ImageObject\",\"inLanguage\":\"fr-FR\",\"@id\":\"https:\\\/\\\/secure.gravatar.com\\\/avatar\\\/0a2867fd5abe37bed95d5a65e9d58f01756e11efc68af9888dfc50cfa7f65948?s=96&d=mm&r=gb490554db0a38188709de567aa58480d\",\"url\":\"https:\\\/\\\/secure.gravatar.com\\\/avatar\\\/0a2867fd5abe37bed95d5a65e9d58f01756e11efc68af9888dfc50cfa7f65948?s=96&d=mm&r=g\",\"contentUrl\":\"https:\\\/\\\/secure.gravatar.com\\\/avatar\\\/0a2867fd5abe37bed95d5a65e9d58f01756e11efc68af9888dfc50cfa7f65948?s=96&d=mm&r=g\",\"caption\":\"Comptoir National de l'Or\"},\"description\":\"Notre r\u00e9daction est constitu\u00e9e de membres experts dans les m\u00e9tiers de l'\u00e9conomie et la gestion, des Responsables d'agence Comptoir National de l'Or, des analystes financiers qui publient r\u00e9guli\u00e8rement des \u00e9tudes sur les politiques des banques centrales, le cours de l'or, prix de l'or, cours de l'argent, prix de l'argent, cours du platine, cours du palladium,... la situation en zone euro et l'impact de la strat\u00e9gie mon\u00e9taire de la FED. Notre \u00e9quipe scrute \u00e9galement une information plus g\u00e9n\u00e9raliste \u00e0 la recherche d'actualit\u00e9 \\\"p\u00e9pite\\\" \u00e0 vous partager. Depuis 5 ans, nous avons publi\u00e9 un peu plus de 4000 articles qui s'adressent \u00e0 un public large et vari\u00e9 ayant pour objectif de satisfaire votre curiosit\u00e9 et de partager avec vous une certaine fascination pour le m\u00e9tal jaune, le rachat d'or, et pour ceux qui veulent investir dans l'or, vendre leur or tout simplement en savoir plus... Pour tous vos achat or et argent, n'h\u00e9sitez pas \u00e0 prendre rendez-vous dans l'un de nos nombreux comptoirs.\",\"sameAs\":[\"https:\\\/\\\/www.gold.fr\"]}]}<\/script>\n<!-- \/ Yoast SEO plugin. -->","yoast_head_json":{"title":"L'or renforce ses positions haussi\u00e8res - Gold.fr","robots":{"index":"index","follow":"follow","max-snippet":"max-snippet:-1","max-image-preview":"max-image-preview:large","max-video-preview":"max-video-preview:-1"},"canonical":"https:\/\/www.gold.fr\/news\/2015\/10\/09\/lor-renforce-ses-positions-haussieres-5\/","og_locale":"fr_FR","og_type":"article","og_title":"L'or renforce ses positions haussi\u00e8res - Gold.fr","og_description":"Bon nombre d&rsquo;experts se montraient particuli\u00e8rement optimistes, cette semaine, concernant l&rsquo;\u00e9volution de la situation \u00e9conomique allemande, expliquant que \u00ab\u00a0les fondamentaux int\u00e9rieurs solides en Allemagne et l&rsquo;optimisme actuel des entreprises et des m\u00e9nages sugg\u00e8rent que l&rsquo;activit\u00e9 industrielle [&hellip;]","og_url":"https:\/\/www.gold.fr\/news\/2015\/10\/09\/lor-renforce-ses-positions-haussieres-5\/","og_site_name":"Gold.fr","article_publisher":"https:\/\/www.facebook.com\/Goldfr\/","article_published_time":"2015-10-09T11:00:19+00:00","article_modified_time":"2017-11-29T16:56:20+00:00","og_image":[{"width":250,"height":167,"url":"https:\/\/www.gold.fr\/news\/wp-content\/uploads\/2011\/03\/lingots-or-1kg-e1473412427214.jpg","type":"image\/jpeg"}],"author":"Comptoir National de l'Or","twitter_card":"summary_large_image","twitter_misc":{"\u00c9crit par":"Comptoir National de l'Or","Dur\u00e9e de lecture estim\u00e9e":"1 minute"},"schema":{"@context":"https:\/\/schema.org","@graph":[{"@type":"Article","@id":"https:\/\/www.gold.fr\/news\/2015\/10\/09\/lor-renforce-ses-positions-haussieres-5\/#article","isPartOf":{"@id":"https:\/\/www.gold.fr\/news\/2015\/10\/09\/lor-renforce-ses-positions-haussieres-5\/"},"author":{"name":"Comptoir National de l'Or","@id":"https:\/\/www.gold.fr\/news\/#\/schema\/person\/070491b4b4fb7671bf59b3be20302ce9"},"headline":"L&rsquo;or renforce ses positions haussi\u00e8res","datePublished":"2015-10-09T11:00:19+00:00","dateModified":"2017-11-29T16:56:20+00:00","mainEntityOfPage":{"@id":"https:\/\/www.gold.fr\/news\/2015\/10\/09\/lor-renforce-ses-positions-haussieres-5\/"},"wordCount":144,"commentCount":1,"image":{"@id":"https:\/\/www.gold.fr\/news\/2015\/10\/09\/lor-renforce-ses-positions-haussieres-5\/#primaryimage"},"thumbnailUrl":"https:\/\/www.gold.fr\/news\/wp-content\/uploads\/2011\/03\/lingots-or-1kg-e1473412427214.jpg","keywords":["cours de l'or de bourse","Tout Cours de l'Or","_Cours de l\u2019Or_Footer_","_Home page"],"articleSection":["Flash infos"],"inLanguage":"fr-FR"},{"@type":"WebPage","@id":"https:\/\/www.gold.fr\/news\/2015\/10\/09\/lor-renforce-ses-positions-haussieres-5\/","url":"https:\/\/www.gold.fr\/news\/2015\/10\/09\/lor-renforce-ses-positions-haussieres-5\/","name":"L'or renforce ses positions haussi\u00e8res - Gold.fr","isPartOf":{"@id":"https:\/\/www.gold.fr\/news\/#website"},"primaryImageOfPage":{"@id":"https:\/\/www.gold.fr\/news\/2015\/10\/09\/lor-renforce-ses-positions-haussieres-5\/#primaryimage"},"image":{"@id":"https:\/\/www.gold.fr\/news\/2015\/10\/09\/lor-renforce-ses-positions-haussieres-5\/#primaryimage"},"thumbnailUrl":"https:\/\/www.gold.fr\/news\/wp-content\/uploads\/2011\/03\/lingots-or-1kg-e1473412427214.jpg","datePublished":"2015-10-09T11:00:19+00:00","dateModified":"2017-11-29T16:56:20+00:00","author":{"@id":"https:\/\/www.gold.fr\/news\/#\/schema\/person\/070491b4b4fb7671bf59b3be20302ce9"},"breadcrumb":{"@id":"https:\/\/www.gold.fr\/news\/2015\/10\/09\/lor-renforce-ses-positions-haussieres-5\/#breadcrumb"},"inLanguage":"fr-FR","potentialAction":[{"@type":"ReadAction","target":["https:\/\/www.gold.fr\/news\/2015\/10\/09\/lor-renforce-ses-positions-haussieres-5\/"]}]},{"@type":"ImageObject","inLanguage":"fr-FR","@id":"https:\/\/www.gold.fr\/news\/2015\/10\/09\/lor-renforce-ses-positions-haussieres-5\/#primaryimage","url":"https:\/\/www.gold.fr\/news\/wp-content\/uploads\/2011\/03\/lingots-or-1kg-e1473412427214.jpg","contentUrl":"https:\/\/www.gold.fr\/news\/wp-content\/uploads\/2011\/03\/lingots-or-1kg-e1473412427214.jpg","width":250,"height":167,"caption":"L'once termine la semaine en \u00e9quilibre"},{"@type":"BreadcrumbList","@id":"https:\/\/www.gold.fr\/news\/2015\/10\/09\/lor-renforce-ses-positions-haussieres-5\/#breadcrumb","itemListElement":[{"@type":"ListItem","position":1,"name":"Accueil","item":"https:\/\/www.gold.fr\/"},{"@type":"ListItem","position":2,"name":"Actualit\u00e9s","item":"https:\/\/www.gold.fr\/news\/"},{"@type":"ListItem","position":3,"name":"L&rsquo;or renforce ses positions haussi\u00e8res"}]},{"@type":"WebSite","@id":"https:\/\/www.gold.fr\/news\/#website","url":"https:\/\/www.gold.fr\/news\/","name":"Gold.fr","description":"Actualit\u00e9s de l&#039;Or et des m\u00e9taux pr\u00e9cieux","potentialAction":[{"@type":"SearchAction","target":{"@type":"EntryPoint","urlTemplate":"https:\/\/www.gold.fr\/news\/?s={search_term_string}"},"query-input":{"@type":"PropertyValueSpecification","valueRequired":true,"valueName":"search_term_string"}}],"inLanguage":"fr-FR"},{"@type":"Person","@id":"https:\/\/www.gold.fr\/news\/#\/schema\/person\/070491b4b4fb7671bf59b3be20302ce9","name":"Comptoir National de l'Or","image":{"@type":"ImageObject","inLanguage":"fr-FR","@id":"https:\/\/secure.gravatar.com\/avatar\/0a2867fd5abe37bed95d5a65e9d58f01756e11efc68af9888dfc50cfa7f65948?s=96&d=mm&r=gb490554db0a38188709de567aa58480d","url":"https:\/\/secure.gravatar.com\/avatar\/0a2867fd5abe37bed95d5a65e9d58f01756e11efc68af9888dfc50cfa7f65948?s=96&d=mm&r=g","contentUrl":"https:\/\/secure.gravatar.com\/avatar\/0a2867fd5abe37bed95d5a65e9d58f01756e11efc68af9888dfc50cfa7f65948?s=96&d=mm&r=g","caption":"Comptoir National de l'Or"},"description":"Notre r\u00e9daction est constitu\u00e9e de membres experts dans les m\u00e9tiers de l'\u00e9conomie et la gestion, des Responsables d'agence Comptoir National de l'Or, des analystes financiers qui publient r\u00e9guli\u00e8rement des \u00e9tudes sur les politiques des banques centrales, le cours de l'or, prix de l'or, cours de l'argent, prix de l'argent, cours du platine, cours du palladium,... la situation en zone euro et l'impact de la strat\u00e9gie mon\u00e9taire de la FED. Notre \u00e9quipe scrute \u00e9galement une information plus g\u00e9n\u00e9raliste \u00e0 la recherche d'actualit\u00e9 \"p\u00e9pite\" \u00e0 vous partager. Depuis 5 ans, nous avons publi\u00e9 un peu plus de 4000 articles qui s'adressent \u00e0 un public large et vari\u00e9 ayant pour objectif de satisfaire votre curiosit\u00e9 et de partager avec vous une certaine fascination pour le m\u00e9tal jaune, le rachat d'or, et pour ceux qui veulent investir dans l'or, vendre leur or tout simplement en savoir plus... Pour tous vos achat or et argent, n'h\u00e9sitez pas \u00e0 prendre rendez-vous dans l'un de nos nombreux comptoirs.","sameAs":["https:\/\/www.gold.fr"]}]}},"authors":[{"term_id":2565,"user_id":18,"is_guest":0,"slug":"julie","display_name":"Comptoir National de l'Or","avatar_url":"https:\/\/secure.gravatar.com\/avatar\/713f289e398d35ead876c4a4cc08607f0d6d266058cfc25683fffb6092d0e572?s=96&d=mm&r=g","0":null,"1":"","2":"","3":"","4":"","5":"","6":"","7":"","8":""}],"_links":{"self":[{"href":"https:\/\/www.gold.fr\/news\/wp-json\/wp\/v2\/posts\/18098","targetHints":{"allow":["GET"]}}],"collection":[{"href":"https:\/\/www.gold.fr\/news\/wp-json\/wp\/v2\/posts"}],"about":[{"href":"https:\/\/www.gold.fr\/news\/wp-json\/wp\/v2\/types\/post"}],"author":[{"embeddable":true,"href":"https:\/\/www.gold.fr\/news\/wp-json\/wp\/v2\/users\/18"}],"replies":[{"embeddable":true,"href":"https:\/\/www.gold.fr\/news\/wp-json\/wp\/v2\/comments?post=18098"}],"version-history":[{"count":0,"href":"https:\/\/www.gold.fr\/news\/wp-json\/wp\/v2\/posts\/18098\/revisions"}],"wp:featuredmedia":[{"embeddable":true,"href":"https:\/\/www.gold.fr\/news\/wp-json\/wp\/v2\/media\/10167"}],"wp:attachment":[{"href":"https:\/\/www.gold.fr\/news\/wp-json\/wp\/v2\/media?parent=18098"}],"wp:term":[{"taxonomy":"category","embeddable":true,"href":"https:\/\/www.gold.fr\/news\/wp-json\/wp\/v2\/categories?post=18098"},{"taxonomy":"post_tag","embeddable":true,"href":"https:\/\/www.gold.fr\/news\/wp-json\/wp\/v2\/tags?post=18098"},{"taxonomy":"author","embeddable":true,"href":"https:\/\/www.gold.fr\/news\/wp-json\/wp\/v2\/ppma_author?post=18098"}],"curies":[{"name":"wp","href":"https:\/\/api.w.org\/{rel}","templated":true}]}}