{"id":18087,"date":"2015-10-08T09:00:20","date_gmt":"2015-10-08T07:00:20","guid":{"rendered":"https:\/\/www.gold.fr\/news\/?p=18087"},"modified":"2020-12-09T14:26:25","modified_gmt":"2020-12-09T13:26:25","slug":"marches-le-courant-acheteur-persiste-la-fed-dans-le-collimateur","status":"publish","type":"post","link":"https:\/\/www.gold.fr\/news\/2015\/10\/08\/marches-le-courant-acheteur-persiste-la-fed-dans-le-collimateur\/","title":{"rendered":"March\u00e9s : Le courant acheteur persiste, la FED dans le collimateur"},"content":{"rendered":"<p><img loading=\"lazy\" decoding=\"async\" class=\"alignleft size-thumbnail wp-image-9054\" title=\"March\u00e9s : Le courant acheteur persiste, la FED dans le collimateur\" src=\"https:\/\/www.gold.fr\/news\/wp-content\/uploads\/2012\/08\/evolution-cours-de-lor-150x150.jpg\" alt=\"\" width=\"150\" height=\"150\" srcset=\"https:\/\/www.gold.fr\/news\/wp-content\/uploads\/2012\/08\/evolution-cours-de-lor-150x150.jpg 150w, https:\/\/www.gold.fr\/news\/wp-content\/uploads\/2012\/08\/evolution-cours-de-lor-80x80.jpg 80w, https:\/\/www.gold.fr\/news\/wp-content\/uploads\/2012\/08\/evolution-cours-de-lor-1x1.jpg 1w\" sizes=\"auto, (max-width: 150px) 100vw, 150px\" \/><span style=\"font-size: small;\">Les march\u00e9s d\u2019action internationaux, de <strong>Tokyo<\/strong> aux <strong>Etats-Unis<\/strong>, continuent d\u2019afficher une performance dans un vert solide et persistant, semblant r\u00e9agir positivement, d\u2019apr\u00e8s <strong>Angus Nicholson<\/strong>, analyste de march\u00e9s chez <strong>IG<\/strong>, \u00e0 l\u2019optimisme grandissant qui entoure la situation en Chine et \u00e0 la baisse de r\u00e9gime du dollar.<\/span> <span style=\"font-size: small;\">Rappelons en effet que le consensus expert et \u00e9conomiste mise grandement sur la \u00ab <em>signature prochaine de l&rsquo;accord de partenariat trans-Pacifique, hautement positif pour la &lsquo;troisi\u00e8me fl\u00e8che&rsquo; du programme du premier ministre japonais Shinzo Abe, ax\u00e9e sur les gains de productivit\u00e9<\/em> \u00bb. De l\u2019autre c\u00f4t\u00e9 de la plan\u00e8te, le sc\u00e9nario d\u2019un rel\u00e8vement des taux d\u2019int\u00e9r\u00eat de la <strong>FED<\/strong>, d\u2019ici la fin de l\u2019ann\u00e9e, devient de moins en moins envisageable, au fil des publications unanimement d\u00e9cevantes.<\/span> <span style=\"font-size: small;\">Les experts rappellent effectivement que, aux r\u00e9cents chiffres de l&#8217;emploi US, viennent s\u2019ajouter les facteurs du \u00ab <em>ralentissement \u00e9conomique chinois qui inqui\u00e8te quant \u00e0 la situation de l&rsquo;\u00e9conomie mondiale<\/em> \u00bb, mais \u00e9galement \u00ab<em> la publication d&rsquo;indices PMI et ISM refl\u00e9tant un ralentissement plus fort que pr\u00e9vu de l&rsquo;activit\u00e9 dans le secteur non manufacturier am\u00e9ricain<\/em> \u00bb.<\/span> <span style=\"font-size: small;\">Bref, autant de facteurs d\u2019inqui\u00e9tude qui pourtant, loin de plomber les march\u00e9s, semblent les booster, ravivant manifestement les espoirs d\u2019une prolongation suppl\u00e9mentaire du status quo des taux d\u2019int\u00e9r\u00eat de la r\u00e9serve f\u00e9d\u00e9rale am\u00e9ricaine.<\/span><\/p>\n<!-- AddThis Advanced Settings generic via filter on the_content --><!-- AddThis Share Buttons generic via filter on the_content -->","protected":false},"excerpt":{"rendered":"<p>Les march\u00e9s d\u2019action internationaux, de Tokyo aux Etats-Unis, continuent d\u2019afficher une performance dans un vert solide et persistant, semblant r\u00e9agir positivement, d\u2019apr\u00e8s Angus Nicholson, analyste de march\u00e9s chez IG, \u00e0 l\u2019optimisme grandissant qui entoure la situation [&hellip;]<\/p>\n","protected":false},"author":18,"featured_media":36277,"comment_status":"closed","ping_status":"closed","sticky":false,"template":"","format":"standard","meta":{"_mbp_gutenberg_autopost":false,"_pgmb_is_evergreen":false,"_pgmb_ap_template_id":0,"footnotes":""},"categories":[6],"tags":[102,1105,144,1649,1689],"ppma_author":[2565],"class_list":["post-18087","post","type-post","status-publish","format-standard","has-post-thumbnail","hentry","category-articles-de-presse","tag-dollar","tag-emploi-us","tag-fed","tag-marches","tag-pmi"],"yoast_head":"<!-- This site is optimized with the Yoast SEO plugin v27.5 - https:\/\/yoast.com\/product\/yoast-seo-wordpress\/ -->\n<title>March\u00e9s : Le courant acheteur persiste, la FED dans le collimateur - Gold.fr<\/title>\n<meta name=\"robots\" content=\"index, follow, max-snippet:-1, max-image-preview:large, max-video-preview:-1\" \/>\n<link rel=\"canonical\" href=\"https:\/\/www.gold.fr\/news\/2015\/10\/08\/marches-le-courant-acheteur-persiste-la-fed-dans-le-collimateur\/\" \/>\n<meta property=\"og:locale\" content=\"fr_FR\" \/>\n<meta property=\"og:type\" content=\"article\" \/>\n<meta property=\"og:title\" content=\"March\u00e9s : Le courant acheteur persiste, la FED dans le collimateur - Gold.fr\" \/>\n<meta property=\"og:description\" content=\"Les march\u00e9s d\u2019action internationaux, de Tokyo aux Etats-Unis, continuent d\u2019afficher une performance dans un vert solide et persistant, semblant r\u00e9agir positivement, d\u2019apr\u00e8s Angus Nicholson, analyste de march\u00e9s chez IG, \u00e0 l\u2019optimisme grandissant qui entoure la situation [&hellip;]\" \/>\n<meta property=\"og:url\" content=\"https:\/\/www.gold.fr\/news\/2015\/10\/08\/marches-le-courant-acheteur-persiste-la-fed-dans-le-collimateur\/\" \/>\n<meta property=\"og:site_name\" content=\"Gold.fr\" \/>\n<meta property=\"article:publisher\" content=\"https:\/\/www.facebook.com\/Goldfr\/\" \/>\n<meta property=\"article:published_time\" content=\"2015-10-08T07:00:20+00:00\" \/>\n<meta property=\"article:modified_time\" content=\"2020-12-09T13:26:25+00:00\" \/>\n<meta property=\"og:image\" content=\"https:\/\/www.gold.fr\/news\/wp-content\/uploads\/2020\/05\/iStock-1059676092.jpg\" \/>\n\t<meta property=\"og:image:width\" content=\"2121\" \/>\n\t<meta property=\"og:image:height\" content=\"1414\" \/>\n\t<meta property=\"og:image:type\" content=\"image\/jpeg\" \/>\n<meta name=\"author\" content=\"Comptoir National de l&#039;Or\" \/>\n<meta name=\"twitter:card\" content=\"summary_large_image\" \/>\n<meta name=\"twitter:label1\" content=\"\u00c9crit par\" \/>\n\t<meta name=\"twitter:data1\" content=\"Comptoir National de l&#039;Or\" \/>\n\t<meta name=\"twitter:label2\" content=\"Dur\u00e9e de lecture estim\u00e9e\" \/>\n\t<meta name=\"twitter:data2\" content=\"1 minute\" \/>\n<script type=\"application\/ld+json\" class=\"yoast-schema-graph\">{\"@context\":\"https:\\\/\\\/schema.org\",\"@graph\":[{\"@type\":\"Article\",\"@id\":\"https:\\\/\\\/www.gold.fr\\\/news\\\/2015\\\/10\\\/08\\\/marches-le-courant-acheteur-persiste-la-fed-dans-le-collimateur\\\/#article\",\"isPartOf\":{\"@id\":\"https:\\\/\\\/www.gold.fr\\\/news\\\/2015\\\/10\\\/08\\\/marches-le-courant-acheteur-persiste-la-fed-dans-le-collimateur\\\/\"},\"author\":{\"name\":\"Comptoir National de l'Or\",\"@id\":\"https:\\\/\\\/www.gold.fr\\\/news\\\/#\\\/schema\\\/person\\\/070491b4b4fb7671bf59b3be20302ce9\"},\"headline\":\"March\u00e9s : Le courant acheteur persiste, la FED dans le collimateur\",\"datePublished\":\"2015-10-08T07:00:20+00:00\",\"dateModified\":\"2020-12-09T13:26:25+00:00\",\"mainEntityOfPage\":{\"@id\":\"https:\\\/\\\/www.gold.fr\\\/news\\\/2015\\\/10\\\/08\\\/marches-le-courant-acheteur-persiste-la-fed-dans-le-collimateur\\\/\"},\"wordCount\":259,\"image\":{\"@id\":\"https:\\\/\\\/www.gold.fr\\\/news\\\/2015\\\/10\\\/08\\\/marches-le-courant-acheteur-persiste-la-fed-dans-le-collimateur\\\/#primaryimage\"},\"thumbnailUrl\":\"https:\\\/\\\/www.gold.fr\\\/news\\\/wp-content\\\/uploads\\\/2020\\\/05\\\/iStock-1059676092.jpg\",\"keywords\":[\"dollar\",\"emploi US\",\"fed\",\"march\u00e9s\",\"PMI\"],\"articleSection\":[\"Articles de presse\"],\"inLanguage\":\"fr-FR\"},{\"@type\":\"WebPage\",\"@id\":\"https:\\\/\\\/www.gold.fr\\\/news\\\/2015\\\/10\\\/08\\\/marches-le-courant-acheteur-persiste-la-fed-dans-le-collimateur\\\/\",\"url\":\"https:\\\/\\\/www.gold.fr\\\/news\\\/2015\\\/10\\\/08\\\/marches-le-courant-acheteur-persiste-la-fed-dans-le-collimateur\\\/\",\"name\":\"March\u00e9s : Le courant acheteur persiste, la FED dans le collimateur - Gold.fr\",\"isPartOf\":{\"@id\":\"https:\\\/\\\/www.gold.fr\\\/news\\\/#website\"},\"primaryImageOfPage\":{\"@id\":\"https:\\\/\\\/www.gold.fr\\\/news\\\/2015\\\/10\\\/08\\\/marches-le-courant-acheteur-persiste-la-fed-dans-le-collimateur\\\/#primaryimage\"},\"image\":{\"@id\":\"https:\\\/\\\/www.gold.fr\\\/news\\\/2015\\\/10\\\/08\\\/marches-le-courant-acheteur-persiste-la-fed-dans-le-collimateur\\\/#primaryimage\"},\"thumbnailUrl\":\"https:\\\/\\\/www.gold.fr\\\/news\\\/wp-content\\\/uploads\\\/2020\\\/05\\\/iStock-1059676092.jpg\",\"datePublished\":\"2015-10-08T07:00:20+00:00\",\"dateModified\":\"2020-12-09T13:26:25+00:00\",\"author\":{\"@id\":\"https:\\\/\\\/www.gold.fr\\\/news\\\/#\\\/schema\\\/person\\\/070491b4b4fb7671bf59b3be20302ce9\"},\"breadcrumb\":{\"@id\":\"https:\\\/\\\/www.gold.fr\\\/news\\\/2015\\\/10\\\/08\\\/marches-le-courant-acheteur-persiste-la-fed-dans-le-collimateur\\\/#breadcrumb\"},\"inLanguage\":\"fr-FR\",\"potentialAction\":[{\"@type\":\"ReadAction\",\"target\":[\"https:\\\/\\\/www.gold.fr\\\/news\\\/2015\\\/10\\\/08\\\/marches-le-courant-acheteur-persiste-la-fed-dans-le-collimateur\\\/\"]}]},{\"@type\":\"ImageObject\",\"inLanguage\":\"fr-FR\",\"@id\":\"https:\\\/\\\/www.gold.fr\\\/news\\\/2015\\\/10\\\/08\\\/marches-le-courant-acheteur-persiste-la-fed-dans-le-collimateur\\\/#primaryimage\",\"url\":\"https:\\\/\\\/www.gold.fr\\\/news\\\/wp-content\\\/uploads\\\/2020\\\/05\\\/iStock-1059676092.jpg\",\"contentUrl\":\"https:\\\/\\\/www.gold.fr\\\/news\\\/wp-content\\\/uploads\\\/2020\\\/05\\\/iStock-1059676092.jpg\",\"width\":2121,\"height\":1414,\"caption\":\"Washington DC, USA - March 9, 2018: Closeup of Federal Reserve bank facade entrance, architecture building, eagle statue American flags, blue sky at sunny day\"},{\"@type\":\"BreadcrumbList\",\"@id\":\"https:\\\/\\\/www.gold.fr\\\/news\\\/2015\\\/10\\\/08\\\/marches-le-courant-acheteur-persiste-la-fed-dans-le-collimateur\\\/#breadcrumb\",\"itemListElement\":[{\"@type\":\"ListItem\",\"position\":1,\"name\":\"Accueil\",\"item\":\"https:\\\/\\\/www.gold.fr\\\/\"},{\"@type\":\"ListItem\",\"position\":2,\"name\":\"Actualit\u00e9s\",\"item\":\"https:\\\/\\\/www.gold.fr\\\/news\\\/\"},{\"@type\":\"ListItem\",\"position\":3,\"name\":\"March\u00e9s : Le courant acheteur persiste, la FED dans le collimateur\"}]},{\"@type\":\"WebSite\",\"@id\":\"https:\\\/\\\/www.gold.fr\\\/news\\\/#website\",\"url\":\"https:\\\/\\\/www.gold.fr\\\/news\\\/\",\"name\":\"Gold.fr\",\"description\":\"Actualit\u00e9s de l&#039;Or et des m\u00e9taux pr\u00e9cieux\",\"potentialAction\":[{\"@type\":\"SearchAction\",\"target\":{\"@type\":\"EntryPoint\",\"urlTemplate\":\"https:\\\/\\\/www.gold.fr\\\/news\\\/?s={search_term_string}\"},\"query-input\":{\"@type\":\"PropertyValueSpecification\",\"valueRequired\":true,\"valueName\":\"search_term_string\"}}],\"inLanguage\":\"fr-FR\"},{\"@type\":\"Person\",\"@id\":\"https:\\\/\\\/www.gold.fr\\\/news\\\/#\\\/schema\\\/person\\\/070491b4b4fb7671bf59b3be20302ce9\",\"name\":\"Comptoir National de l'Or\",\"image\":{\"@type\":\"ImageObject\",\"inLanguage\":\"fr-FR\",\"@id\":\"https:\\\/\\\/secure.gravatar.com\\\/avatar\\\/0a2867fd5abe37bed95d5a65e9d58f01756e11efc68af9888dfc50cfa7f65948?s=96&d=mm&r=gb490554db0a38188709de567aa58480d\",\"url\":\"https:\\\/\\\/secure.gravatar.com\\\/avatar\\\/0a2867fd5abe37bed95d5a65e9d58f01756e11efc68af9888dfc50cfa7f65948?s=96&d=mm&r=g\",\"contentUrl\":\"https:\\\/\\\/secure.gravatar.com\\\/avatar\\\/0a2867fd5abe37bed95d5a65e9d58f01756e11efc68af9888dfc50cfa7f65948?s=96&d=mm&r=g\",\"caption\":\"Comptoir National de l'Or\"},\"description\":\"Notre r\u00e9daction est constitu\u00e9e de membres experts dans les m\u00e9tiers de l'\u00e9conomie et la gestion, des Responsables d'agence Comptoir National de l'Or, des analystes financiers qui publient r\u00e9guli\u00e8rement des \u00e9tudes sur les politiques des banques centrales, le cours de l'or, prix de l'or, cours de l'argent, prix de l'argent, cours du platine, cours du palladium,... la situation en zone euro et l'impact de la strat\u00e9gie mon\u00e9taire de la FED. Notre \u00e9quipe scrute \u00e9galement une information plus g\u00e9n\u00e9raliste \u00e0 la recherche d'actualit\u00e9 \\\"p\u00e9pite\\\" \u00e0 vous partager. Depuis 5 ans, nous avons publi\u00e9 un peu plus de 4000 articles qui s'adressent \u00e0 un public large et vari\u00e9 ayant pour objectif de satisfaire votre curiosit\u00e9 et de partager avec vous une certaine fascination pour le m\u00e9tal jaune, le rachat d'or, et pour ceux qui veulent investir dans l'or, vendre leur or tout simplement en savoir plus... Pour tous vos achat or et argent, n'h\u00e9sitez pas \u00e0 prendre rendez-vous dans l'un de nos nombreux comptoirs.\",\"sameAs\":[\"https:\\\/\\\/www.gold.fr\"]}]}<\/script>\n<!-- \/ Yoast SEO plugin. -->","yoast_head_json":{"title":"March\u00e9s : Le courant acheteur persiste, la FED dans le collimateur - Gold.fr","robots":{"index":"index","follow":"follow","max-snippet":"max-snippet:-1","max-image-preview":"max-image-preview:large","max-video-preview":"max-video-preview:-1"},"canonical":"https:\/\/www.gold.fr\/news\/2015\/10\/08\/marches-le-courant-acheteur-persiste-la-fed-dans-le-collimateur\/","og_locale":"fr_FR","og_type":"article","og_title":"March\u00e9s : Le courant acheteur persiste, la FED dans le collimateur - Gold.fr","og_description":"Les march\u00e9s d\u2019action internationaux, de Tokyo aux Etats-Unis, continuent d\u2019afficher une performance dans un vert solide et persistant, semblant r\u00e9agir positivement, d\u2019apr\u00e8s Angus Nicholson, analyste de march\u00e9s chez IG, \u00e0 l\u2019optimisme grandissant qui entoure la situation [&hellip;]","og_url":"https:\/\/www.gold.fr\/news\/2015\/10\/08\/marches-le-courant-acheteur-persiste-la-fed-dans-le-collimateur\/","og_site_name":"Gold.fr","article_publisher":"https:\/\/www.facebook.com\/Goldfr\/","article_published_time":"2015-10-08T07:00:20+00:00","article_modified_time":"2020-12-09T13:26:25+00:00","og_image":[{"width":2121,"height":1414,"url":"https:\/\/www.gold.fr\/news\/wp-content\/uploads\/2020\/05\/iStock-1059676092.jpg","type":"image\/jpeg"}],"author":"Comptoir National de l'Or","twitter_card":"summary_large_image","twitter_misc":{"\u00c9crit par":"Comptoir National de l'Or","Dur\u00e9e de lecture estim\u00e9e":"1 minute"},"schema":{"@context":"https:\/\/schema.org","@graph":[{"@type":"Article","@id":"https:\/\/www.gold.fr\/news\/2015\/10\/08\/marches-le-courant-acheteur-persiste-la-fed-dans-le-collimateur\/#article","isPartOf":{"@id":"https:\/\/www.gold.fr\/news\/2015\/10\/08\/marches-le-courant-acheteur-persiste-la-fed-dans-le-collimateur\/"},"author":{"name":"Comptoir National de l'Or","@id":"https:\/\/www.gold.fr\/news\/#\/schema\/person\/070491b4b4fb7671bf59b3be20302ce9"},"headline":"March\u00e9s : Le courant acheteur persiste, la FED dans le collimateur","datePublished":"2015-10-08T07:00:20+00:00","dateModified":"2020-12-09T13:26:25+00:00","mainEntityOfPage":{"@id":"https:\/\/www.gold.fr\/news\/2015\/10\/08\/marches-le-courant-acheteur-persiste-la-fed-dans-le-collimateur\/"},"wordCount":259,"image":{"@id":"https:\/\/www.gold.fr\/news\/2015\/10\/08\/marches-le-courant-acheteur-persiste-la-fed-dans-le-collimateur\/#primaryimage"},"thumbnailUrl":"https:\/\/www.gold.fr\/news\/wp-content\/uploads\/2020\/05\/iStock-1059676092.jpg","keywords":["dollar","emploi US","fed","march\u00e9s","PMI"],"articleSection":["Articles de presse"],"inLanguage":"fr-FR"},{"@type":"WebPage","@id":"https:\/\/www.gold.fr\/news\/2015\/10\/08\/marches-le-courant-acheteur-persiste-la-fed-dans-le-collimateur\/","url":"https:\/\/www.gold.fr\/news\/2015\/10\/08\/marches-le-courant-acheteur-persiste-la-fed-dans-le-collimateur\/","name":"March\u00e9s : Le courant acheteur persiste, la FED dans le collimateur - Gold.fr","isPartOf":{"@id":"https:\/\/www.gold.fr\/news\/#website"},"primaryImageOfPage":{"@id":"https:\/\/www.gold.fr\/news\/2015\/10\/08\/marches-le-courant-acheteur-persiste-la-fed-dans-le-collimateur\/#primaryimage"},"image":{"@id":"https:\/\/www.gold.fr\/news\/2015\/10\/08\/marches-le-courant-acheteur-persiste-la-fed-dans-le-collimateur\/#primaryimage"},"thumbnailUrl":"https:\/\/www.gold.fr\/news\/wp-content\/uploads\/2020\/05\/iStock-1059676092.jpg","datePublished":"2015-10-08T07:00:20+00:00","dateModified":"2020-12-09T13:26:25+00:00","author":{"@id":"https:\/\/www.gold.fr\/news\/#\/schema\/person\/070491b4b4fb7671bf59b3be20302ce9"},"breadcrumb":{"@id":"https:\/\/www.gold.fr\/news\/2015\/10\/08\/marches-le-courant-acheteur-persiste-la-fed-dans-le-collimateur\/#breadcrumb"},"inLanguage":"fr-FR","potentialAction":[{"@type":"ReadAction","target":["https:\/\/www.gold.fr\/news\/2015\/10\/08\/marches-le-courant-acheteur-persiste-la-fed-dans-le-collimateur\/"]}]},{"@type":"ImageObject","inLanguage":"fr-FR","@id":"https:\/\/www.gold.fr\/news\/2015\/10\/08\/marches-le-courant-acheteur-persiste-la-fed-dans-le-collimateur\/#primaryimage","url":"https:\/\/www.gold.fr\/news\/wp-content\/uploads\/2020\/05\/iStock-1059676092.jpg","contentUrl":"https:\/\/www.gold.fr\/news\/wp-content\/uploads\/2020\/05\/iStock-1059676092.jpg","width":2121,"height":1414,"caption":"Washington DC, USA - March 9, 2018: Closeup of Federal Reserve bank facade entrance, architecture building, eagle statue American flags, blue sky at sunny day"},{"@type":"BreadcrumbList","@id":"https:\/\/www.gold.fr\/news\/2015\/10\/08\/marches-le-courant-acheteur-persiste-la-fed-dans-le-collimateur\/#breadcrumb","itemListElement":[{"@type":"ListItem","position":1,"name":"Accueil","item":"https:\/\/www.gold.fr\/"},{"@type":"ListItem","position":2,"name":"Actualit\u00e9s","item":"https:\/\/www.gold.fr\/news\/"},{"@type":"ListItem","position":3,"name":"March\u00e9s : Le courant acheteur persiste, la FED dans le collimateur"}]},{"@type":"WebSite","@id":"https:\/\/www.gold.fr\/news\/#website","url":"https:\/\/www.gold.fr\/news\/","name":"Gold.fr","description":"Actualit\u00e9s de l&#039;Or et des m\u00e9taux pr\u00e9cieux","potentialAction":[{"@type":"SearchAction","target":{"@type":"EntryPoint","urlTemplate":"https:\/\/www.gold.fr\/news\/?s={search_term_string}"},"query-input":{"@type":"PropertyValueSpecification","valueRequired":true,"valueName":"search_term_string"}}],"inLanguage":"fr-FR"},{"@type":"Person","@id":"https:\/\/www.gold.fr\/news\/#\/schema\/person\/070491b4b4fb7671bf59b3be20302ce9","name":"Comptoir National de l'Or","image":{"@type":"ImageObject","inLanguage":"fr-FR","@id":"https:\/\/secure.gravatar.com\/avatar\/0a2867fd5abe37bed95d5a65e9d58f01756e11efc68af9888dfc50cfa7f65948?s=96&d=mm&r=gb490554db0a38188709de567aa58480d","url":"https:\/\/secure.gravatar.com\/avatar\/0a2867fd5abe37bed95d5a65e9d58f01756e11efc68af9888dfc50cfa7f65948?s=96&d=mm&r=g","contentUrl":"https:\/\/secure.gravatar.com\/avatar\/0a2867fd5abe37bed95d5a65e9d58f01756e11efc68af9888dfc50cfa7f65948?s=96&d=mm&r=g","caption":"Comptoir National de l'Or"},"description":"Notre r\u00e9daction est constitu\u00e9e de membres experts dans les m\u00e9tiers de l'\u00e9conomie et la gestion, des Responsables d'agence Comptoir National de l'Or, des analystes financiers qui publient r\u00e9guli\u00e8rement des \u00e9tudes sur les politiques des banques centrales, le cours de l'or, prix de l'or, cours de l'argent, prix de l'argent, cours du platine, cours du palladium,... la situation en zone euro et l'impact de la strat\u00e9gie mon\u00e9taire de la FED. Notre \u00e9quipe scrute \u00e9galement une information plus g\u00e9n\u00e9raliste \u00e0 la recherche d'actualit\u00e9 \"p\u00e9pite\" \u00e0 vous partager. Depuis 5 ans, nous avons publi\u00e9 un peu plus de 4000 articles qui s'adressent \u00e0 un public large et vari\u00e9 ayant pour objectif de satisfaire votre curiosit\u00e9 et de partager avec vous une certaine fascination pour le m\u00e9tal jaune, le rachat d'or, et pour ceux qui veulent investir dans l'or, vendre leur or tout simplement en savoir plus... Pour tous vos achat or et argent, n'h\u00e9sitez pas \u00e0 prendre rendez-vous dans l'un de nos nombreux comptoirs.","sameAs":["https:\/\/www.gold.fr"]}]}},"authors":[{"term_id":2565,"user_id":18,"is_guest":0,"slug":"julie","display_name":"Comptoir National de l'Or","avatar_url":"https:\/\/secure.gravatar.com\/avatar\/713f289e398d35ead876c4a4cc08607f0d6d266058cfc25683fffb6092d0e572?s=96&d=mm&r=g","0":null,"1":"","2":"","3":"","4":"","5":"","6":"","7":"","8":""}],"_links":{"self":[{"href":"https:\/\/www.gold.fr\/news\/wp-json\/wp\/v2\/posts\/18087","targetHints":{"allow":["GET"]}}],"collection":[{"href":"https:\/\/www.gold.fr\/news\/wp-json\/wp\/v2\/posts"}],"about":[{"href":"https:\/\/www.gold.fr\/news\/wp-json\/wp\/v2\/types\/post"}],"author":[{"embeddable":true,"href":"https:\/\/www.gold.fr\/news\/wp-json\/wp\/v2\/users\/18"}],"replies":[{"embeddable":true,"href":"https:\/\/www.gold.fr\/news\/wp-json\/wp\/v2\/comments?post=18087"}],"version-history":[{"count":0,"href":"https:\/\/www.gold.fr\/news\/wp-json\/wp\/v2\/posts\/18087\/revisions"}],"wp:featuredmedia":[{"embeddable":true,"href":"https:\/\/www.gold.fr\/news\/wp-json\/wp\/v2\/media\/36277"}],"wp:attachment":[{"href":"https:\/\/www.gold.fr\/news\/wp-json\/wp\/v2\/media?parent=18087"}],"wp:term":[{"taxonomy":"category","embeddable":true,"href":"https:\/\/www.gold.fr\/news\/wp-json\/wp\/v2\/categories?post=18087"},{"taxonomy":"post_tag","embeddable":true,"href":"https:\/\/www.gold.fr\/news\/wp-json\/wp\/v2\/tags?post=18087"},{"taxonomy":"author","embeddable":true,"href":"https:\/\/www.gold.fr\/news\/wp-json\/wp\/v2\/ppma_author?post=18087"}],"curies":[{"name":"wp","href":"https:\/\/api.w.org\/{rel}","templated":true}]}}