{"id":18084,"date":"2015-10-07T17:00:33","date_gmt":"2015-10-07T15:00:33","guid":{"rendered":"https:\/\/www.gold.fr\/news\/?p=18084"},"modified":"2017-11-29T17:56:23","modified_gmt":"2017-11-29T16:56:23","slug":"lonce-au-plus-pres-dun-palier-symbolique-important","status":"publish","type":"post","link":"https:\/\/www.gold.fr\/news\/2015\/10\/07\/lonce-au-plus-pres-dun-palier-symbolique-important\/","title":{"rendered":"L\u2019once au plus pr\u00e8s d\u2019un palier symbolique important"},"content":{"rendered":"<p><img loading=\"lazy\" decoding=\"async\" class=\"alignleft size-thumbnail wp-image-3909\" title=\"L\u2019once au plus pr\u00e8s d\u2019un palier symbolique important\" src=\"https:\/\/www.gold.fr\/news\/wp-content\/uploads\/2011\/11\/lingots-dor1-e1343724294846-150x150.jpg\" alt=\"\" width=\"150\" height=\"150\" \/>Bien qu&rsquo;il avait r\u00e9ussi \u00e0 profiter du contrecoup des chiffres d\u00e9cevants de l&#8217;emploi US, vendredi dernier, <a title=\"Prix de l'Once d'or\" href=\"https:\/\/www.gold.fr\/once-or-nyc\/\" target=\"_blank\">le prix de l\u2019once<\/a> avait tout de m\u00eame fini par perdre de la vitesse, au d\u00e9but de la semaine en cours, s&rsquo;\u00e9loignant perceptiblement du seuil technique et psychologique des <strong>1 150 <a href='https:\/\/www.gold.fr\/news\/tags\/investissement' class='esk-seo-plu-link'>dollars<\/a><\/strong> l&rsquo;once. Il semblerait toutefois que le rebond haussier initial du <a href='https:\/\/www.gold.fr\/news\/tags\/or' class='esk-seo-plu-link'>m\u00e9tal jaune<\/a> ait \u00e9t\u00e9 bien plus solide qu&rsquo;escompt\u00e9, puisque l&rsquo;once repart d\u00e9j\u00e0, rapidement et fermement, \u00e0 l&rsquo;assaut du palier symbolique, en d\u00e9pit d&rsquo;une conjoncture \u00e9conomique relativement confuse.    Le consensus de<strong> 200.000<\/strong> cr\u00e9ations de postes (septembre) a d\u00fb \u00eatre revu \u00e0 une s\u00e9v\u00e8re baisse par les chiffres r\u00e9els du<strong> Bureau of Labor Statistics<\/strong> (\u00e0 <strong>142.000<\/strong> cr\u00e9ations d&#8217;emplois), \u00e0 l&rsquo;image des statistiques des deux mois pr\u00e9c\u00e9dents. Du coup, c&rsquo;est un autre consensus qui est s\u00e9rieusement remis en question ; celui tablant sur un premier rel\u00e8vement des taux directeurs par la r\u00e9serve f\u00e9d\u00e9rale am\u00e9ricaine. Les experts ont donc repouss\u00e9 la deadline de leurs pr\u00e9visions \u00e0 ce sujet \u00ab <em>de la fin de l&rsquo;ann\u00e9e (soit le comit\u00e9 de politique mon\u00e9taire de fin octobre, ou celui de mi-d\u00e9cembre) \u00e0 l&rsquo;ann\u00e9e prochaine<\/em> \u00bb.    En tout cas, les doutes et craintes entourant le dossier de la <strong>FED<\/strong> auront r\u00e9ussi \u00e0 repousser en second plan toute autre nouvelle, incluant l&rsquo;indicateur statistique relativement important et relatif \u00e0 la croissance de l&rsquo;activit\u00e9 des services qui a ralenti plus fortement que pr\u00e9vu (au mois de septembre) \u00e0<strong> 56,9%<\/strong>.<\/p>\n<!-- AddThis Advanced Settings generic via filter on the_content --><!-- AddThis Share Buttons generic via filter on the_content -->","protected":false},"excerpt":{"rendered":"<p>Bien qu&rsquo;il avait r\u00e9ussi \u00e0 profiter du contrecoup des chiffres d\u00e9cevants de l&#8217;emploi US, vendredi dernier, le prix de l\u2019once avait tout de m\u00eame fini par perdre de la vitesse, au d\u00e9but de la semaine en [&hellip;]<\/p>\n","protected":false},"author":18,"featured_media":0,"comment_status":"open","ping_status":"open","sticky":false,"template":"","format":"standard","meta":{"_mbp_gutenberg_autopost":false,"_pgmb_is_evergreen":false,"_pgmb_ap_template_id":0,"footnotes":""},"categories":[6],"tags":[1105,144,900,2134],"ppma_author":[2565],"class_list":["post-18084","post","type-post","status-publish","format-standard","hentry","category-articles-de-presse","tag-emploi-us","tag-fed","tag-once-or","tag-orix-once"],"yoast_head":"<!-- This site is optimized with the Yoast SEO plugin v27.5 - https:\/\/yoast.com\/product\/yoast-seo-wordpress\/ -->\n<title>L\u2019once au plus pr\u00e8s d\u2019un palier symbolique important - Gold.fr<\/title>\n<meta name=\"robots\" content=\"index, follow, max-snippet:-1, max-image-preview:large, max-video-preview:-1\" \/>\n<link rel=\"canonical\" href=\"https:\/\/www.gold.fr\/news\/2015\/10\/07\/lonce-au-plus-pres-dun-palier-symbolique-important\/\" \/>\n<meta property=\"og:locale\" content=\"fr_FR\" \/>\n<meta property=\"og:type\" content=\"article\" \/>\n<meta property=\"og:title\" content=\"L\u2019once au plus pr\u00e8s d\u2019un palier symbolique important - Gold.fr\" \/>\n<meta property=\"og:description\" content=\"Bien qu&rsquo;il avait r\u00e9ussi \u00e0 profiter du contrecoup des chiffres d\u00e9cevants de l&#8217;emploi US, vendredi dernier, le prix de l\u2019once avait tout de m\u00eame fini par perdre de la vitesse, au d\u00e9but de la semaine en [&hellip;]\" \/>\n<meta property=\"og:url\" content=\"https:\/\/www.gold.fr\/news\/2015\/10\/07\/lonce-au-plus-pres-dun-palier-symbolique-important\/\" \/>\n<meta property=\"og:site_name\" content=\"Gold.fr\" \/>\n<meta property=\"article:publisher\" content=\"https:\/\/www.facebook.com\/Goldfr\/\" \/>\n<meta property=\"article:published_time\" content=\"2015-10-07T15:00:33+00:00\" \/>\n<meta property=\"article:modified_time\" content=\"2017-11-29T16:56:23+00:00\" \/>\n<meta property=\"og:image\" content=\"https:\/\/www.gold.fr\/news\/wp-content\/uploads\/2011\/11\/lingots-dor1-e1343724294846-150x150.jpg\" \/>\n<meta name=\"author\" content=\"Comptoir National de l&#039;Or\" \/>\n<meta name=\"twitter:card\" content=\"summary_large_image\" \/>\n<meta name=\"twitter:label1\" content=\"\u00c9crit par\" \/>\n\t<meta name=\"twitter:data1\" content=\"Comptoir National de l&#039;Or\" \/>\n\t<meta name=\"twitter:label2\" content=\"Dur\u00e9e de lecture estim\u00e9e\" \/>\n\t<meta name=\"twitter:data2\" content=\"1 minute\" \/>\n<script type=\"application\/ld+json\" class=\"yoast-schema-graph\">{\"@context\":\"https:\\\/\\\/schema.org\",\"@graph\":[{\"@type\":\"Article\",\"@id\":\"https:\\\/\\\/www.gold.fr\\\/news\\\/2015\\\/10\\\/07\\\/lonce-au-plus-pres-dun-palier-symbolique-important\\\/#article\",\"isPartOf\":{\"@id\":\"https:\\\/\\\/www.gold.fr\\\/news\\\/2015\\\/10\\\/07\\\/lonce-au-plus-pres-dun-palier-symbolique-important\\\/\"},\"author\":{\"name\":\"Comptoir National de l'Or\",\"@id\":\"https:\\\/\\\/www.gold.fr\\\/news\\\/#\\\/schema\\\/person\\\/070491b4b4fb7671bf59b3be20302ce9\"},\"headline\":\"L\u2019once au plus pr\u00e8s d\u2019un palier symbolique important\",\"datePublished\":\"2015-10-07T15:00:33+00:00\",\"dateModified\":\"2017-11-29T16:56:23+00:00\",\"mainEntityOfPage\":{\"@id\":\"https:\\\/\\\/www.gold.fr\\\/news\\\/2015\\\/10\\\/07\\\/lonce-au-plus-pres-dun-palier-symbolique-important\\\/\"},\"wordCount\":271,\"commentCount\":0,\"image\":{\"@id\":\"https:\\\/\\\/www.gold.fr\\\/news\\\/2015\\\/10\\\/07\\\/lonce-au-plus-pres-dun-palier-symbolique-important\\\/#primaryimage\"},\"thumbnailUrl\":\"https:\\\/\\\/www.gold.fr\\\/news\\\/wp-content\\\/uploads\\\/2011\\\/11\\\/lingots-dor1-e1343724294846-150x150.jpg\",\"keywords\":[\"emploi US\",\"fed\",\"Once or\",\"orix once\"],\"articleSection\":[\"Articles de presse\"],\"inLanguage\":\"fr-FR\"},{\"@type\":\"WebPage\",\"@id\":\"https:\\\/\\\/www.gold.fr\\\/news\\\/2015\\\/10\\\/07\\\/lonce-au-plus-pres-dun-palier-symbolique-important\\\/\",\"url\":\"https:\\\/\\\/www.gold.fr\\\/news\\\/2015\\\/10\\\/07\\\/lonce-au-plus-pres-dun-palier-symbolique-important\\\/\",\"name\":\"L\u2019once au plus pr\u00e8s d\u2019un palier symbolique important - Gold.fr\",\"isPartOf\":{\"@id\":\"https:\\\/\\\/www.gold.fr\\\/news\\\/#website\"},\"primaryImageOfPage\":{\"@id\":\"https:\\\/\\\/www.gold.fr\\\/news\\\/2015\\\/10\\\/07\\\/lonce-au-plus-pres-dun-palier-symbolique-important\\\/#primaryimage\"},\"image\":{\"@id\":\"https:\\\/\\\/www.gold.fr\\\/news\\\/2015\\\/10\\\/07\\\/lonce-au-plus-pres-dun-palier-symbolique-important\\\/#primaryimage\"},\"thumbnailUrl\":\"https:\\\/\\\/www.gold.fr\\\/news\\\/wp-content\\\/uploads\\\/2011\\\/11\\\/lingots-dor1-e1343724294846-150x150.jpg\",\"datePublished\":\"2015-10-07T15:00:33+00:00\",\"dateModified\":\"2017-11-29T16:56:23+00:00\",\"author\":{\"@id\":\"https:\\\/\\\/www.gold.fr\\\/news\\\/#\\\/schema\\\/person\\\/070491b4b4fb7671bf59b3be20302ce9\"},\"breadcrumb\":{\"@id\":\"https:\\\/\\\/www.gold.fr\\\/news\\\/2015\\\/10\\\/07\\\/lonce-au-plus-pres-dun-palier-symbolique-important\\\/#breadcrumb\"},\"inLanguage\":\"fr-FR\",\"potentialAction\":[{\"@type\":\"ReadAction\",\"target\":[\"https:\\\/\\\/www.gold.fr\\\/news\\\/2015\\\/10\\\/07\\\/lonce-au-plus-pres-dun-palier-symbolique-important\\\/\"]}]},{\"@type\":\"ImageObject\",\"inLanguage\":\"fr-FR\",\"@id\":\"https:\\\/\\\/www.gold.fr\\\/news\\\/2015\\\/10\\\/07\\\/lonce-au-plus-pres-dun-palier-symbolique-important\\\/#primaryimage\",\"url\":\"https:\\\/\\\/www.gold.fr\\\/news\\\/wp-content\\\/uploads\\\/2011\\\/11\\\/lingots-dor1-e1343724294846-150x150.jpg\",\"contentUrl\":\"https:\\\/\\\/www.gold.fr\\\/news\\\/wp-content\\\/uploads\\\/2011\\\/11\\\/lingots-dor1-e1343724294846-150x150.jpg\"},{\"@type\":\"BreadcrumbList\",\"@id\":\"https:\\\/\\\/www.gold.fr\\\/news\\\/2015\\\/10\\\/07\\\/lonce-au-plus-pres-dun-palier-symbolique-important\\\/#breadcrumb\",\"itemListElement\":[{\"@type\":\"ListItem\",\"position\":1,\"name\":\"Accueil\",\"item\":\"https:\\\/\\\/www.gold.fr\\\/\"},{\"@type\":\"ListItem\",\"position\":2,\"name\":\"Actualit\u00e9s\",\"item\":\"https:\\\/\\\/www.gold.fr\\\/news\\\/\"},{\"@type\":\"ListItem\",\"position\":3,\"name\":\"L\u2019once au plus pr\u00e8s d\u2019un palier symbolique important\"}]},{\"@type\":\"WebSite\",\"@id\":\"https:\\\/\\\/www.gold.fr\\\/news\\\/#website\",\"url\":\"https:\\\/\\\/www.gold.fr\\\/news\\\/\",\"name\":\"Gold.fr\",\"description\":\"Actualit\u00e9s de l&#039;Or et des m\u00e9taux pr\u00e9cieux\",\"potentialAction\":[{\"@type\":\"SearchAction\",\"target\":{\"@type\":\"EntryPoint\",\"urlTemplate\":\"https:\\\/\\\/www.gold.fr\\\/news\\\/?s={search_term_string}\"},\"query-input\":{\"@type\":\"PropertyValueSpecification\",\"valueRequired\":true,\"valueName\":\"search_term_string\"}}],\"inLanguage\":\"fr-FR\"},{\"@type\":\"Person\",\"@id\":\"https:\\\/\\\/www.gold.fr\\\/news\\\/#\\\/schema\\\/person\\\/070491b4b4fb7671bf59b3be20302ce9\",\"name\":\"Comptoir National de l'Or\",\"image\":{\"@type\":\"ImageObject\",\"inLanguage\":\"fr-FR\",\"@id\":\"https:\\\/\\\/secure.gravatar.com\\\/avatar\\\/0a2867fd5abe37bed95d5a65e9d58f01756e11efc68af9888dfc50cfa7f65948?s=96&d=mm&r=gb490554db0a38188709de567aa58480d\",\"url\":\"https:\\\/\\\/secure.gravatar.com\\\/avatar\\\/0a2867fd5abe37bed95d5a65e9d58f01756e11efc68af9888dfc50cfa7f65948?s=96&d=mm&r=g\",\"contentUrl\":\"https:\\\/\\\/secure.gravatar.com\\\/avatar\\\/0a2867fd5abe37bed95d5a65e9d58f01756e11efc68af9888dfc50cfa7f65948?s=96&d=mm&r=g\",\"caption\":\"Comptoir National de l'Or\"},\"description\":\"Notre r\u00e9daction est constitu\u00e9e de membres experts dans les m\u00e9tiers de l'\u00e9conomie et la gestion, des Responsables d'agence Comptoir National de l'Or, des analystes financiers qui publient r\u00e9guli\u00e8rement des \u00e9tudes sur les politiques des banques centrales, le cours de l'or, prix de l'or, cours de l'argent, prix de l'argent, cours du platine, cours du palladium,... la situation en zone euro et l'impact de la strat\u00e9gie mon\u00e9taire de la FED. Notre \u00e9quipe scrute \u00e9galement une information plus g\u00e9n\u00e9raliste \u00e0 la recherche d'actualit\u00e9 \\\"p\u00e9pite\\\" \u00e0 vous partager. Depuis 5 ans, nous avons publi\u00e9 un peu plus de 4000 articles qui s'adressent \u00e0 un public large et vari\u00e9 ayant pour objectif de satisfaire votre curiosit\u00e9 et de partager avec vous une certaine fascination pour le m\u00e9tal jaune, le rachat d'or, et pour ceux qui veulent investir dans l'or, vendre leur or tout simplement en savoir plus... Pour tous vos achat or et argent, n'h\u00e9sitez pas \u00e0 prendre rendez-vous dans l'un de nos nombreux comptoirs.\",\"sameAs\":[\"https:\\\/\\\/www.gold.fr\"]}]}<\/script>\n<!-- \/ Yoast SEO plugin. -->","yoast_head_json":{"title":"L\u2019once au plus pr\u00e8s d\u2019un palier symbolique important - Gold.fr","robots":{"index":"index","follow":"follow","max-snippet":"max-snippet:-1","max-image-preview":"max-image-preview:large","max-video-preview":"max-video-preview:-1"},"canonical":"https:\/\/www.gold.fr\/news\/2015\/10\/07\/lonce-au-plus-pres-dun-palier-symbolique-important\/","og_locale":"fr_FR","og_type":"article","og_title":"L\u2019once au plus pr\u00e8s d\u2019un palier symbolique important - Gold.fr","og_description":"Bien qu&rsquo;il avait r\u00e9ussi \u00e0 profiter du contrecoup des chiffres d\u00e9cevants de l&#8217;emploi US, vendredi dernier, le prix de l\u2019once avait tout de m\u00eame fini par perdre de la vitesse, au d\u00e9but de la semaine en [&hellip;]","og_url":"https:\/\/www.gold.fr\/news\/2015\/10\/07\/lonce-au-plus-pres-dun-palier-symbolique-important\/","og_site_name":"Gold.fr","article_publisher":"https:\/\/www.facebook.com\/Goldfr\/","article_published_time":"2015-10-07T15:00:33+00:00","article_modified_time":"2017-11-29T16:56:23+00:00","og_image":[{"url":"https:\/\/www.gold.fr\/news\/wp-content\/uploads\/2011\/11\/lingots-dor1-e1343724294846-150x150.jpg","type":"","width":"","height":""}],"author":"Comptoir National de l'Or","twitter_card":"summary_large_image","twitter_misc":{"\u00c9crit par":"Comptoir National de l'Or","Dur\u00e9e de lecture estim\u00e9e":"1 minute"},"schema":{"@context":"https:\/\/schema.org","@graph":[{"@type":"Article","@id":"https:\/\/www.gold.fr\/news\/2015\/10\/07\/lonce-au-plus-pres-dun-palier-symbolique-important\/#article","isPartOf":{"@id":"https:\/\/www.gold.fr\/news\/2015\/10\/07\/lonce-au-plus-pres-dun-palier-symbolique-important\/"},"author":{"name":"Comptoir National de l'Or","@id":"https:\/\/www.gold.fr\/news\/#\/schema\/person\/070491b4b4fb7671bf59b3be20302ce9"},"headline":"L\u2019once au plus pr\u00e8s d\u2019un palier symbolique important","datePublished":"2015-10-07T15:00:33+00:00","dateModified":"2017-11-29T16:56:23+00:00","mainEntityOfPage":{"@id":"https:\/\/www.gold.fr\/news\/2015\/10\/07\/lonce-au-plus-pres-dun-palier-symbolique-important\/"},"wordCount":271,"commentCount":0,"image":{"@id":"https:\/\/www.gold.fr\/news\/2015\/10\/07\/lonce-au-plus-pres-dun-palier-symbolique-important\/#primaryimage"},"thumbnailUrl":"https:\/\/www.gold.fr\/news\/wp-content\/uploads\/2011\/11\/lingots-dor1-e1343724294846-150x150.jpg","keywords":["emploi US","fed","Once or","orix once"],"articleSection":["Articles de presse"],"inLanguage":"fr-FR"},{"@type":"WebPage","@id":"https:\/\/www.gold.fr\/news\/2015\/10\/07\/lonce-au-plus-pres-dun-palier-symbolique-important\/","url":"https:\/\/www.gold.fr\/news\/2015\/10\/07\/lonce-au-plus-pres-dun-palier-symbolique-important\/","name":"L\u2019once au plus pr\u00e8s d\u2019un palier symbolique important - Gold.fr","isPartOf":{"@id":"https:\/\/www.gold.fr\/news\/#website"},"primaryImageOfPage":{"@id":"https:\/\/www.gold.fr\/news\/2015\/10\/07\/lonce-au-plus-pres-dun-palier-symbolique-important\/#primaryimage"},"image":{"@id":"https:\/\/www.gold.fr\/news\/2015\/10\/07\/lonce-au-plus-pres-dun-palier-symbolique-important\/#primaryimage"},"thumbnailUrl":"https:\/\/www.gold.fr\/news\/wp-content\/uploads\/2011\/11\/lingots-dor1-e1343724294846-150x150.jpg","datePublished":"2015-10-07T15:00:33+00:00","dateModified":"2017-11-29T16:56:23+00:00","author":{"@id":"https:\/\/www.gold.fr\/news\/#\/schema\/person\/070491b4b4fb7671bf59b3be20302ce9"},"breadcrumb":{"@id":"https:\/\/www.gold.fr\/news\/2015\/10\/07\/lonce-au-plus-pres-dun-palier-symbolique-important\/#breadcrumb"},"inLanguage":"fr-FR","potentialAction":[{"@type":"ReadAction","target":["https:\/\/www.gold.fr\/news\/2015\/10\/07\/lonce-au-plus-pres-dun-palier-symbolique-important\/"]}]},{"@type":"ImageObject","inLanguage":"fr-FR","@id":"https:\/\/www.gold.fr\/news\/2015\/10\/07\/lonce-au-plus-pres-dun-palier-symbolique-important\/#primaryimage","url":"https:\/\/www.gold.fr\/news\/wp-content\/uploads\/2011\/11\/lingots-dor1-e1343724294846-150x150.jpg","contentUrl":"https:\/\/www.gold.fr\/news\/wp-content\/uploads\/2011\/11\/lingots-dor1-e1343724294846-150x150.jpg"},{"@type":"BreadcrumbList","@id":"https:\/\/www.gold.fr\/news\/2015\/10\/07\/lonce-au-plus-pres-dun-palier-symbolique-important\/#breadcrumb","itemListElement":[{"@type":"ListItem","position":1,"name":"Accueil","item":"https:\/\/www.gold.fr\/"},{"@type":"ListItem","position":2,"name":"Actualit\u00e9s","item":"https:\/\/www.gold.fr\/news\/"},{"@type":"ListItem","position":3,"name":"L\u2019once au plus pr\u00e8s d\u2019un palier symbolique important"}]},{"@type":"WebSite","@id":"https:\/\/www.gold.fr\/news\/#website","url":"https:\/\/www.gold.fr\/news\/","name":"Gold.fr","description":"Actualit\u00e9s de l&#039;Or et des m\u00e9taux pr\u00e9cieux","potentialAction":[{"@type":"SearchAction","target":{"@type":"EntryPoint","urlTemplate":"https:\/\/www.gold.fr\/news\/?s={search_term_string}"},"query-input":{"@type":"PropertyValueSpecification","valueRequired":true,"valueName":"search_term_string"}}],"inLanguage":"fr-FR"},{"@type":"Person","@id":"https:\/\/www.gold.fr\/news\/#\/schema\/person\/070491b4b4fb7671bf59b3be20302ce9","name":"Comptoir National de l'Or","image":{"@type":"ImageObject","inLanguage":"fr-FR","@id":"https:\/\/secure.gravatar.com\/avatar\/0a2867fd5abe37bed95d5a65e9d58f01756e11efc68af9888dfc50cfa7f65948?s=96&d=mm&r=gb490554db0a38188709de567aa58480d","url":"https:\/\/secure.gravatar.com\/avatar\/0a2867fd5abe37bed95d5a65e9d58f01756e11efc68af9888dfc50cfa7f65948?s=96&d=mm&r=g","contentUrl":"https:\/\/secure.gravatar.com\/avatar\/0a2867fd5abe37bed95d5a65e9d58f01756e11efc68af9888dfc50cfa7f65948?s=96&d=mm&r=g","caption":"Comptoir National de l'Or"},"description":"Notre r\u00e9daction est constitu\u00e9e de membres experts dans les m\u00e9tiers de l'\u00e9conomie et la gestion, des Responsables d'agence Comptoir National de l'Or, des analystes financiers qui publient r\u00e9guli\u00e8rement des \u00e9tudes sur les politiques des banques centrales, le cours de l'or, prix de l'or, cours de l'argent, prix de l'argent, cours du platine, cours du palladium,... la situation en zone euro et l'impact de la strat\u00e9gie mon\u00e9taire de la FED. Notre \u00e9quipe scrute \u00e9galement une information plus g\u00e9n\u00e9raliste \u00e0 la recherche d'actualit\u00e9 \"p\u00e9pite\" \u00e0 vous partager. Depuis 5 ans, nous avons publi\u00e9 un peu plus de 4000 articles qui s'adressent \u00e0 un public large et vari\u00e9 ayant pour objectif de satisfaire votre curiosit\u00e9 et de partager avec vous une certaine fascination pour le m\u00e9tal jaune, le rachat d'or, et pour ceux qui veulent investir dans l'or, vendre leur or tout simplement en savoir plus... Pour tous vos achat or et argent, n'h\u00e9sitez pas \u00e0 prendre rendez-vous dans l'un de nos nombreux comptoirs.","sameAs":["https:\/\/www.gold.fr"]}]}},"authors":[{"term_id":2565,"user_id":18,"is_guest":0,"slug":"julie","display_name":"Comptoir National de l'Or","avatar_url":"https:\/\/secure.gravatar.com\/avatar\/713f289e398d35ead876c4a4cc08607f0d6d266058cfc25683fffb6092d0e572?s=96&d=mm&r=g","0":null,"1":"","2":"","3":"","4":"","5":"","6":"","7":"","8":""}],"_links":{"self":[{"href":"https:\/\/www.gold.fr\/news\/wp-json\/wp\/v2\/posts\/18084","targetHints":{"allow":["GET"]}}],"collection":[{"href":"https:\/\/www.gold.fr\/news\/wp-json\/wp\/v2\/posts"}],"about":[{"href":"https:\/\/www.gold.fr\/news\/wp-json\/wp\/v2\/types\/post"}],"author":[{"embeddable":true,"href":"https:\/\/www.gold.fr\/news\/wp-json\/wp\/v2\/users\/18"}],"replies":[{"embeddable":true,"href":"https:\/\/www.gold.fr\/news\/wp-json\/wp\/v2\/comments?post=18084"}],"version-history":[{"count":0,"href":"https:\/\/www.gold.fr\/news\/wp-json\/wp\/v2\/posts\/18084\/revisions"}],"wp:attachment":[{"href":"https:\/\/www.gold.fr\/news\/wp-json\/wp\/v2\/media?parent=18084"}],"wp:term":[{"taxonomy":"category","embeddable":true,"href":"https:\/\/www.gold.fr\/news\/wp-json\/wp\/v2\/categories?post=18084"},{"taxonomy":"post_tag","embeddable":true,"href":"https:\/\/www.gold.fr\/news\/wp-json\/wp\/v2\/tags?post=18084"},{"taxonomy":"author","embeddable":true,"href":"https:\/\/www.gold.fr\/news\/wp-json\/wp\/v2\/ppma_author?post=18084"}],"curies":[{"name":"wp","href":"https:\/\/api.w.org\/{rel}","templated":true}]}}