{"id":18041,"date":"2015-10-01T09:00:32","date_gmt":"2015-10-01T07:00:32","guid":{"rendered":"https:\/\/www.gold.fr\/news\/?p=18041"},"modified":"2020-06-30T17:08:31","modified_gmt":"2020-06-30T15:08:31","slug":"les-marches-cedent-sous-la-tension-fed","status":"publish","type":"post","link":"https:\/\/www.gold.fr\/news\/2015\/10\/01\/les-marches-cedent-sous-la-tension-fed\/","title":{"rendered":"Les march\u00e9s c\u00e8dent sous la tension FED"},"content":{"rendered":"<p><img loading=\"lazy\" decoding=\"async\" class=\"alignleft size-thumbnail wp-image-3731\" title=\"Les march\u00e9s c\u00e8dent sous la tension FED\" src=\"https:\/\/www.gold.fr\/news\/wp-content\/uploads\/2011\/11\/6034-000797-150x150.jpg\" alt=\"\" width=\"150\" height=\"150\" \/><span style=\"font-size: small;\">Les deux rives \u00e9conomiques de l\u2019atlantique r\u00e9sistent mal \u00e0 la pression persistante de l\u2019attentisme tendu impos\u00e9 par les r\u00e9cents \u00e9v\u00e9nements relatifs \u00e0 la r\u00e9serve f\u00e9d\u00e9rale am\u00e9ricaine et au carnet de route de sa politique mon\u00e9taire, d\u2019ici la fin de l\u2019ann\u00e9e en cours.<\/span> <span style=\"font-size: small;\">La Bourse de Paris peine, \u00e0 titre d\u2019exemple, \u00e0 se remettre de sa d\u00e9gringolade spectaculaire de <strong>3%<\/strong> (enregistr\u00e9e durant la s\u00e9ance de lundi seule). Et l\u2019\u00e9volution de l\u2019ensemble des places boursi\u00e8res europ\u00e9ennes et am\u00e9ricaines s\u2019inscrit dans la m\u00eame lign\u00e9e essentiellement marqu\u00e9e par la baisse et la stagnation.<\/span> <span style=\"font-size: small;\">M\u00eame la r\u00e9cente d\u00e9cision de la banque centrale europ\u00e9enne de maintenir sa politique mon\u00e9taire ultra-accommodante ne r\u00e9ussit pas \u00e0 temp\u00e9rer cette humeur morose. <strong>Chris Weston<\/strong>, strat\u00e8ge chez <strong>IG<\/strong>, souligne \u00e0 ce sujet que \u2018des retraits de liquidit\u00e9s (de la part de l&rsquo;Arabie Saoudite et de la Chine notamment) contrebalancent ais\u00e9ment les injections de liquidit\u00e9s de la <strong>BCE<\/strong> et provoquent un durcissement des conditions financi\u00e8res globales \u00bb. De son c\u00f4t\u00e9, <strong>Jean-Sylvain Perrig<\/strong>, <strong>head of asset allocation<\/strong> &amp; <strong>CIO Private Banking<\/strong> chez <strong>UBP<\/strong>, n\u2019\u00e9voque pas la BCE et se penche plut\u00f4t sur les cons\u00e9quences des r\u00e9centes annonces de son homologue am\u00e9ricaine, notant que \u00ab<em> l&rsquo;attentisme dont a fait preuve la r\u00e9serve f\u00e9d\u00e9rale am\u00e9ricaine lors de son dernier comit\u00e9 mon\u00e9taire est loin de rassurer les intervenants du march\u00e9<\/em> \u00bb.<\/span><\/p>\n<!-- AddThis Advanced Settings generic via filter on the_content --><!-- AddThis Share Buttons generic via filter on the_content -->","protected":false},"excerpt":{"rendered":"<p>Les deux rives \u00e9conomiques de l\u2019atlantique r\u00e9sistent mal \u00e0 la pression persistante de l\u2019attentisme tendu impos\u00e9 par les r\u00e9cents \u00e9v\u00e9nements relatifs \u00e0 la r\u00e9serve f\u00e9d\u00e9rale am\u00e9ricaine et au carnet de route de sa politique mon\u00e9taire, d\u2019ici [&hellip;]<\/p>\n","protected":false},"author":18,"featured_media":0,"comment_status":"closed","ping_status":"closed","sticky":false,"template":"","format":"standard","meta":{"_mbp_gutenberg_autopost":false,"_pgmb_is_evergreen":false,"_pgmb_ap_template_id":0,"footnotes":""},"categories":[6],"tags":[143,1188,144,1649],"ppma_author":[2565],"class_list":["post-18041","post","type-post","status-publish","format-standard","hentry","category-articles-de-presse","tag-bce","tag-bourse","tag-fed","tag-marches"],"yoast_head":"<!-- This site is optimized with the Yoast SEO plugin v27.5 - https:\/\/yoast.com\/product\/yoast-seo-wordpress\/ -->\n<title>Les march\u00e9s c\u00e8dent sous la tension FED - Gold.fr<\/title>\n<meta name=\"description\" content=\"Les march\u00e9s c\u00e8dent sous la tension FED, Les deux rives \u00e9conomiques de l\u2019atlantique r\u00e9sistent mal \u00e0 la pression La Bourse de Paris peine\" \/>\n<meta name=\"robots\" content=\"index, follow, max-snippet:-1, max-image-preview:large, max-video-preview:-1\" \/>\n<link rel=\"canonical\" href=\"https:\/\/www.gold.fr\/news\/2015\/10\/01\/les-marches-cedent-sous-la-tension-fed\/\" \/>\n<meta property=\"og:locale\" content=\"fr_FR\" \/>\n<meta property=\"og:type\" content=\"article\" \/>\n<meta property=\"og:title\" content=\"Les march\u00e9s c\u00e8dent sous la tension FED - Gold.fr\" \/>\n<meta property=\"og:description\" content=\"Les march\u00e9s c\u00e8dent sous la tension FED, Les deux rives \u00e9conomiques de l\u2019atlantique r\u00e9sistent mal \u00e0 la pression La Bourse de Paris peine\" \/>\n<meta property=\"og:url\" content=\"https:\/\/www.gold.fr\/news\/2015\/10\/01\/les-marches-cedent-sous-la-tension-fed\/\" \/>\n<meta property=\"og:site_name\" content=\"Gold.fr\" \/>\n<meta property=\"article:publisher\" content=\"https:\/\/www.facebook.com\/Goldfr\/\" \/>\n<meta property=\"article:published_time\" content=\"2015-10-01T07:00:32+00:00\" \/>\n<meta property=\"article:modified_time\" content=\"2020-06-30T15:08:31+00:00\" \/>\n<meta property=\"og:image\" content=\"https:\/\/www.gold.fr\/news\/wp-content\/uploads\/2011\/11\/6034-000797-150x150.jpg\" \/>\n<meta name=\"author\" content=\"Comptoir National de l&#039;Or\" \/>\n<meta name=\"twitter:card\" content=\"summary_large_image\" \/>\n<meta name=\"twitter:label1\" content=\"\u00c9crit par\" \/>\n\t<meta name=\"twitter:data1\" content=\"Comptoir National de l&#039;Or\" \/>\n\t<meta name=\"twitter:label2\" content=\"Dur\u00e9e de lecture estim\u00e9e\" \/>\n\t<meta name=\"twitter:data2\" content=\"1 minute\" \/>\n<script type=\"application\/ld+json\" class=\"yoast-schema-graph\">{\"@context\":\"https:\\\/\\\/schema.org\",\"@graph\":[{\"@type\":\"Article\",\"@id\":\"https:\\\/\\\/www.gold.fr\\\/news\\\/2015\\\/10\\\/01\\\/les-marches-cedent-sous-la-tension-fed\\\/#article\",\"isPartOf\":{\"@id\":\"https:\\\/\\\/www.gold.fr\\\/news\\\/2015\\\/10\\\/01\\\/les-marches-cedent-sous-la-tension-fed\\\/\"},\"author\":{\"name\":\"Comptoir National de l'Or\",\"@id\":\"https:\\\/\\\/www.gold.fr\\\/news\\\/#\\\/schema\\\/person\\\/070491b4b4fb7671bf59b3be20302ce9\"},\"headline\":\"Les march\u00e9s c\u00e8dent sous la tension FED\",\"datePublished\":\"2015-10-01T07:00:32+00:00\",\"dateModified\":\"2020-06-30T15:08:31+00:00\",\"mainEntityOfPage\":{\"@id\":\"https:\\\/\\\/www.gold.fr\\\/news\\\/2015\\\/10\\\/01\\\/les-marches-cedent-sous-la-tension-fed\\\/\"},\"wordCount\":265,\"image\":{\"@id\":\"https:\\\/\\\/www.gold.fr\\\/news\\\/2015\\\/10\\\/01\\\/les-marches-cedent-sous-la-tension-fed\\\/#primaryimage\"},\"thumbnailUrl\":\"https:\\\/\\\/www.gold.fr\\\/news\\\/wp-content\\\/uploads\\\/2011\\\/11\\\/6034-000797-150x150.jpg\",\"keywords\":[\"bce\",\"bourse\",\"fed\",\"march\u00e9s\"],\"articleSection\":[\"Articles de presse\"],\"inLanguage\":\"fr-FR\"},{\"@type\":\"WebPage\",\"@id\":\"https:\\\/\\\/www.gold.fr\\\/news\\\/2015\\\/10\\\/01\\\/les-marches-cedent-sous-la-tension-fed\\\/\",\"url\":\"https:\\\/\\\/www.gold.fr\\\/news\\\/2015\\\/10\\\/01\\\/les-marches-cedent-sous-la-tension-fed\\\/\",\"name\":\"Les march\u00e9s c\u00e8dent sous la tension FED - Gold.fr\",\"isPartOf\":{\"@id\":\"https:\\\/\\\/www.gold.fr\\\/news\\\/#website\"},\"primaryImageOfPage\":{\"@id\":\"https:\\\/\\\/www.gold.fr\\\/news\\\/2015\\\/10\\\/01\\\/les-marches-cedent-sous-la-tension-fed\\\/#primaryimage\"},\"image\":{\"@id\":\"https:\\\/\\\/www.gold.fr\\\/news\\\/2015\\\/10\\\/01\\\/les-marches-cedent-sous-la-tension-fed\\\/#primaryimage\"},\"thumbnailUrl\":\"https:\\\/\\\/www.gold.fr\\\/news\\\/wp-content\\\/uploads\\\/2011\\\/11\\\/6034-000797-150x150.jpg\",\"datePublished\":\"2015-10-01T07:00:32+00:00\",\"dateModified\":\"2020-06-30T15:08:31+00:00\",\"author\":{\"@id\":\"https:\\\/\\\/www.gold.fr\\\/news\\\/#\\\/schema\\\/person\\\/070491b4b4fb7671bf59b3be20302ce9\"},\"description\":\"Les march\u00e9s c\u00e8dent sous la tension FED, Les deux rives \u00e9conomiques de l\u2019atlantique r\u00e9sistent mal \u00e0 la pression La Bourse de Paris peine\",\"breadcrumb\":{\"@id\":\"https:\\\/\\\/www.gold.fr\\\/news\\\/2015\\\/10\\\/01\\\/les-marches-cedent-sous-la-tension-fed\\\/#breadcrumb\"},\"inLanguage\":\"fr-FR\",\"potentialAction\":[{\"@type\":\"ReadAction\",\"target\":[\"https:\\\/\\\/www.gold.fr\\\/news\\\/2015\\\/10\\\/01\\\/les-marches-cedent-sous-la-tension-fed\\\/\"]}]},{\"@type\":\"ImageObject\",\"inLanguage\":\"fr-FR\",\"@id\":\"https:\\\/\\\/www.gold.fr\\\/news\\\/2015\\\/10\\\/01\\\/les-marches-cedent-sous-la-tension-fed\\\/#primaryimage\",\"url\":\"https:\\\/\\\/www.gold.fr\\\/news\\\/wp-content\\\/uploads\\\/2011\\\/11\\\/6034-000797-150x150.jpg\",\"contentUrl\":\"https:\\\/\\\/www.gold.fr\\\/news\\\/wp-content\\\/uploads\\\/2011\\\/11\\\/6034-000797-150x150.jpg\"},{\"@type\":\"BreadcrumbList\",\"@id\":\"https:\\\/\\\/www.gold.fr\\\/news\\\/2015\\\/10\\\/01\\\/les-marches-cedent-sous-la-tension-fed\\\/#breadcrumb\",\"itemListElement\":[{\"@type\":\"ListItem\",\"position\":1,\"name\":\"Accueil\",\"item\":\"https:\\\/\\\/www.gold.fr\\\/\"},{\"@type\":\"ListItem\",\"position\":2,\"name\":\"Actualit\u00e9s\",\"item\":\"https:\\\/\\\/www.gold.fr\\\/news\\\/\"},{\"@type\":\"ListItem\",\"position\":3,\"name\":\"Les march\u00e9s c\u00e8dent sous la tension FED\"}]},{\"@type\":\"WebSite\",\"@id\":\"https:\\\/\\\/www.gold.fr\\\/news\\\/#website\",\"url\":\"https:\\\/\\\/www.gold.fr\\\/news\\\/\",\"name\":\"Gold.fr\",\"description\":\"Actualit\u00e9s de l&#039;Or et des m\u00e9taux pr\u00e9cieux\",\"potentialAction\":[{\"@type\":\"SearchAction\",\"target\":{\"@type\":\"EntryPoint\",\"urlTemplate\":\"https:\\\/\\\/www.gold.fr\\\/news\\\/?s={search_term_string}\"},\"query-input\":{\"@type\":\"PropertyValueSpecification\",\"valueRequired\":true,\"valueName\":\"search_term_string\"}}],\"inLanguage\":\"fr-FR\"},{\"@type\":\"Person\",\"@id\":\"https:\\\/\\\/www.gold.fr\\\/news\\\/#\\\/schema\\\/person\\\/070491b4b4fb7671bf59b3be20302ce9\",\"name\":\"Comptoir National de l'Or\",\"image\":{\"@type\":\"ImageObject\",\"inLanguage\":\"fr-FR\",\"@id\":\"https:\\\/\\\/secure.gravatar.com\\\/avatar\\\/0a2867fd5abe37bed95d5a65e9d58f01756e11efc68af9888dfc50cfa7f65948?s=96&d=mm&r=gb490554db0a38188709de567aa58480d\",\"url\":\"https:\\\/\\\/secure.gravatar.com\\\/avatar\\\/0a2867fd5abe37bed95d5a65e9d58f01756e11efc68af9888dfc50cfa7f65948?s=96&d=mm&r=g\",\"contentUrl\":\"https:\\\/\\\/secure.gravatar.com\\\/avatar\\\/0a2867fd5abe37bed95d5a65e9d58f01756e11efc68af9888dfc50cfa7f65948?s=96&d=mm&r=g\",\"caption\":\"Comptoir National de l'Or\"},\"description\":\"Notre r\u00e9daction est constitu\u00e9e de membres experts dans les m\u00e9tiers de l'\u00e9conomie et la gestion, des Responsables d'agence Comptoir National de l'Or, des analystes financiers qui publient r\u00e9guli\u00e8rement des \u00e9tudes sur les politiques des banques centrales, le cours de l'or, prix de l'or, cours de l'argent, prix de l'argent, cours du platine, cours du palladium,... la situation en zone euro et l'impact de la strat\u00e9gie mon\u00e9taire de la FED. Notre \u00e9quipe scrute \u00e9galement une information plus g\u00e9n\u00e9raliste \u00e0 la recherche d'actualit\u00e9 \\\"p\u00e9pite\\\" \u00e0 vous partager. Depuis 5 ans, nous avons publi\u00e9 un peu plus de 4000 articles qui s'adressent \u00e0 un public large et vari\u00e9 ayant pour objectif de satisfaire votre curiosit\u00e9 et de partager avec vous une certaine fascination pour le m\u00e9tal jaune, le rachat d'or, et pour ceux qui veulent investir dans l'or, vendre leur or tout simplement en savoir plus... Pour tous vos achat or et argent, n'h\u00e9sitez pas \u00e0 prendre rendez-vous dans l'un de nos nombreux comptoirs.\",\"sameAs\":[\"https:\\\/\\\/www.gold.fr\"]}]}<\/script>\n<!-- \/ Yoast SEO plugin. -->","yoast_head_json":{"title":"Les march\u00e9s c\u00e8dent sous la tension FED - Gold.fr","description":"Les march\u00e9s c\u00e8dent sous la tension FED, Les deux rives \u00e9conomiques de l\u2019atlantique r\u00e9sistent mal \u00e0 la pression La Bourse de Paris peine","robots":{"index":"index","follow":"follow","max-snippet":"max-snippet:-1","max-image-preview":"max-image-preview:large","max-video-preview":"max-video-preview:-1"},"canonical":"https:\/\/www.gold.fr\/news\/2015\/10\/01\/les-marches-cedent-sous-la-tension-fed\/","og_locale":"fr_FR","og_type":"article","og_title":"Les march\u00e9s c\u00e8dent sous la tension FED - Gold.fr","og_description":"Les march\u00e9s c\u00e8dent sous la tension FED, Les deux rives \u00e9conomiques de l\u2019atlantique r\u00e9sistent mal \u00e0 la pression La Bourse de Paris peine","og_url":"https:\/\/www.gold.fr\/news\/2015\/10\/01\/les-marches-cedent-sous-la-tension-fed\/","og_site_name":"Gold.fr","article_publisher":"https:\/\/www.facebook.com\/Goldfr\/","article_published_time":"2015-10-01T07:00:32+00:00","article_modified_time":"2020-06-30T15:08:31+00:00","og_image":[{"url":"https:\/\/www.gold.fr\/news\/wp-content\/uploads\/2011\/11\/6034-000797-150x150.jpg","type":"","width":"","height":""}],"author":"Comptoir National de l'Or","twitter_card":"summary_large_image","twitter_misc":{"\u00c9crit par":"Comptoir National de l'Or","Dur\u00e9e de lecture estim\u00e9e":"1 minute"},"schema":{"@context":"https:\/\/schema.org","@graph":[{"@type":"Article","@id":"https:\/\/www.gold.fr\/news\/2015\/10\/01\/les-marches-cedent-sous-la-tension-fed\/#article","isPartOf":{"@id":"https:\/\/www.gold.fr\/news\/2015\/10\/01\/les-marches-cedent-sous-la-tension-fed\/"},"author":{"name":"Comptoir National de l'Or","@id":"https:\/\/www.gold.fr\/news\/#\/schema\/person\/070491b4b4fb7671bf59b3be20302ce9"},"headline":"Les march\u00e9s c\u00e8dent sous la tension FED","datePublished":"2015-10-01T07:00:32+00:00","dateModified":"2020-06-30T15:08:31+00:00","mainEntityOfPage":{"@id":"https:\/\/www.gold.fr\/news\/2015\/10\/01\/les-marches-cedent-sous-la-tension-fed\/"},"wordCount":265,"image":{"@id":"https:\/\/www.gold.fr\/news\/2015\/10\/01\/les-marches-cedent-sous-la-tension-fed\/#primaryimage"},"thumbnailUrl":"https:\/\/www.gold.fr\/news\/wp-content\/uploads\/2011\/11\/6034-000797-150x150.jpg","keywords":["bce","bourse","fed","march\u00e9s"],"articleSection":["Articles de presse"],"inLanguage":"fr-FR"},{"@type":"WebPage","@id":"https:\/\/www.gold.fr\/news\/2015\/10\/01\/les-marches-cedent-sous-la-tension-fed\/","url":"https:\/\/www.gold.fr\/news\/2015\/10\/01\/les-marches-cedent-sous-la-tension-fed\/","name":"Les march\u00e9s c\u00e8dent sous la tension FED - Gold.fr","isPartOf":{"@id":"https:\/\/www.gold.fr\/news\/#website"},"primaryImageOfPage":{"@id":"https:\/\/www.gold.fr\/news\/2015\/10\/01\/les-marches-cedent-sous-la-tension-fed\/#primaryimage"},"image":{"@id":"https:\/\/www.gold.fr\/news\/2015\/10\/01\/les-marches-cedent-sous-la-tension-fed\/#primaryimage"},"thumbnailUrl":"https:\/\/www.gold.fr\/news\/wp-content\/uploads\/2011\/11\/6034-000797-150x150.jpg","datePublished":"2015-10-01T07:00:32+00:00","dateModified":"2020-06-30T15:08:31+00:00","author":{"@id":"https:\/\/www.gold.fr\/news\/#\/schema\/person\/070491b4b4fb7671bf59b3be20302ce9"},"description":"Les march\u00e9s c\u00e8dent sous la tension FED, Les deux rives \u00e9conomiques de l\u2019atlantique r\u00e9sistent mal \u00e0 la pression La Bourse de Paris peine","breadcrumb":{"@id":"https:\/\/www.gold.fr\/news\/2015\/10\/01\/les-marches-cedent-sous-la-tension-fed\/#breadcrumb"},"inLanguage":"fr-FR","potentialAction":[{"@type":"ReadAction","target":["https:\/\/www.gold.fr\/news\/2015\/10\/01\/les-marches-cedent-sous-la-tension-fed\/"]}]},{"@type":"ImageObject","inLanguage":"fr-FR","@id":"https:\/\/www.gold.fr\/news\/2015\/10\/01\/les-marches-cedent-sous-la-tension-fed\/#primaryimage","url":"https:\/\/www.gold.fr\/news\/wp-content\/uploads\/2011\/11\/6034-000797-150x150.jpg","contentUrl":"https:\/\/www.gold.fr\/news\/wp-content\/uploads\/2011\/11\/6034-000797-150x150.jpg"},{"@type":"BreadcrumbList","@id":"https:\/\/www.gold.fr\/news\/2015\/10\/01\/les-marches-cedent-sous-la-tension-fed\/#breadcrumb","itemListElement":[{"@type":"ListItem","position":1,"name":"Accueil","item":"https:\/\/www.gold.fr\/"},{"@type":"ListItem","position":2,"name":"Actualit\u00e9s","item":"https:\/\/www.gold.fr\/news\/"},{"@type":"ListItem","position":3,"name":"Les march\u00e9s c\u00e8dent sous la tension FED"}]},{"@type":"WebSite","@id":"https:\/\/www.gold.fr\/news\/#website","url":"https:\/\/www.gold.fr\/news\/","name":"Gold.fr","description":"Actualit\u00e9s de l&#039;Or et des m\u00e9taux pr\u00e9cieux","potentialAction":[{"@type":"SearchAction","target":{"@type":"EntryPoint","urlTemplate":"https:\/\/www.gold.fr\/news\/?s={search_term_string}"},"query-input":{"@type":"PropertyValueSpecification","valueRequired":true,"valueName":"search_term_string"}}],"inLanguage":"fr-FR"},{"@type":"Person","@id":"https:\/\/www.gold.fr\/news\/#\/schema\/person\/070491b4b4fb7671bf59b3be20302ce9","name":"Comptoir National de l'Or","image":{"@type":"ImageObject","inLanguage":"fr-FR","@id":"https:\/\/secure.gravatar.com\/avatar\/0a2867fd5abe37bed95d5a65e9d58f01756e11efc68af9888dfc50cfa7f65948?s=96&d=mm&r=gb490554db0a38188709de567aa58480d","url":"https:\/\/secure.gravatar.com\/avatar\/0a2867fd5abe37bed95d5a65e9d58f01756e11efc68af9888dfc50cfa7f65948?s=96&d=mm&r=g","contentUrl":"https:\/\/secure.gravatar.com\/avatar\/0a2867fd5abe37bed95d5a65e9d58f01756e11efc68af9888dfc50cfa7f65948?s=96&d=mm&r=g","caption":"Comptoir National de l'Or"},"description":"Notre r\u00e9daction est constitu\u00e9e de membres experts dans les m\u00e9tiers de l'\u00e9conomie et la gestion, des Responsables d'agence Comptoir National de l'Or, des analystes financiers qui publient r\u00e9guli\u00e8rement des \u00e9tudes sur les politiques des banques centrales, le cours de l'or, prix de l'or, cours de l'argent, prix de l'argent, cours du platine, cours du palladium,... la situation en zone euro et l'impact de la strat\u00e9gie mon\u00e9taire de la FED. Notre \u00e9quipe scrute \u00e9galement une information plus g\u00e9n\u00e9raliste \u00e0 la recherche d'actualit\u00e9 \"p\u00e9pite\" \u00e0 vous partager. Depuis 5 ans, nous avons publi\u00e9 un peu plus de 4000 articles qui s'adressent \u00e0 un public large et vari\u00e9 ayant pour objectif de satisfaire votre curiosit\u00e9 et de partager avec vous une certaine fascination pour le m\u00e9tal jaune, le rachat d'or, et pour ceux qui veulent investir dans l'or, vendre leur or tout simplement en savoir plus... Pour tous vos achat or et argent, n'h\u00e9sitez pas \u00e0 prendre rendez-vous dans l'un de nos nombreux comptoirs.","sameAs":["https:\/\/www.gold.fr"]}]}},"authors":[{"term_id":2565,"user_id":18,"is_guest":0,"slug":"julie","display_name":"Comptoir National de l'Or","avatar_url":"https:\/\/secure.gravatar.com\/avatar\/713f289e398d35ead876c4a4cc08607f0d6d266058cfc25683fffb6092d0e572?s=96&d=mm&r=g","0":null,"1":"","2":"","3":"","4":"","5":"","6":"","7":"","8":""}],"_links":{"self":[{"href":"https:\/\/www.gold.fr\/news\/wp-json\/wp\/v2\/posts\/18041","targetHints":{"allow":["GET"]}}],"collection":[{"href":"https:\/\/www.gold.fr\/news\/wp-json\/wp\/v2\/posts"}],"about":[{"href":"https:\/\/www.gold.fr\/news\/wp-json\/wp\/v2\/types\/post"}],"author":[{"embeddable":true,"href":"https:\/\/www.gold.fr\/news\/wp-json\/wp\/v2\/users\/18"}],"replies":[{"embeddable":true,"href":"https:\/\/www.gold.fr\/news\/wp-json\/wp\/v2\/comments?post=18041"}],"version-history":[{"count":0,"href":"https:\/\/www.gold.fr\/news\/wp-json\/wp\/v2\/posts\/18041\/revisions"}],"wp:attachment":[{"href":"https:\/\/www.gold.fr\/news\/wp-json\/wp\/v2\/media?parent=18041"}],"wp:term":[{"taxonomy":"category","embeddable":true,"href":"https:\/\/www.gold.fr\/news\/wp-json\/wp\/v2\/categories?post=18041"},{"taxonomy":"post_tag","embeddable":true,"href":"https:\/\/www.gold.fr\/news\/wp-json\/wp\/v2\/tags?post=18041"},{"taxonomy":"author","embeddable":true,"href":"https:\/\/www.gold.fr\/news\/wp-json\/wp\/v2\/ppma_author?post=18041"}],"curies":[{"name":"wp","href":"https:\/\/api.w.org\/{rel}","templated":true}]}}