{"id":18024,"date":"2015-09-28T17:00:30","date_gmt":"2015-09-28T15:00:30","guid":{"rendered":"https:\/\/www.gold.fr\/news\/?p=18024"},"modified":"2017-11-29T17:56:35","modified_gmt":"2017-11-29T16:56:35","slug":"lor-resiste-au-discours-faucon-de-yellen","status":"publish","type":"post","link":"https:\/\/www.gold.fr\/news\/2015\/09\/28\/lor-resiste-au-discours-faucon-de-yellen\/","title":{"rendered":"L\u2019or r\u00e9siste au discours \u2018faucon\u2019 de Yellen"},"content":{"rendered":"<p><span style=\"font-size: small;\"><img loading=\"lazy\" decoding=\"async\" class=\"alignleft size-thumbnail wp-image-3164\" title=\"L\u2019or r\u00e9siste au discours \u2018faucon\u2019 de Yellen\" src=\"https:\/\/www.gold.fr\/news\/wp-content\/uploads\/2011\/10\/Lingotins-dor-150x150.jpg\" alt=\"\" width=\"150\" height=\"150\" \/>La pr\u00e9sidente de la r\u00e9serve f\u00e9d\u00e9rale am\u00e9ricaine, traditionnellement si \u2018<em>colombe<\/em>&lsquo;, n&rsquo;aura jamais \u00e9t\u00e9 aussi \u2018<em>faucon<\/em>&lsquo;. <strong>Janet Yellen<\/strong> a donn\u00e9 un discours inhabituellement ferme, clair et sans \u00e9quivoque, vendredi dernier, annon\u00e7ant un cahier de route tout aussi limpide de son institution. Une perspective qui devrait certainement faire pression sur les march\u00e9s d&rsquo;<a href='https:\/\/www.gold.fr\/news\/tags\/investissement' class='esk-seo-plu-link'>investissement<\/a> tout au long de cette nouvelle semaine boursi\u00e8re, et bien au-del\u00e0.<\/span>    <span style=\"font-size: small;\">Vendredi dernier, la pr\u00e9sidente de la <strong>FED<\/strong> d\u00e9clarait donc: \u00ab<em> je m&rsquo;attends \u00e0 ce que l&rsquo;inflation revienne \u00e0 2% durant les prochaines ann\u00e9es, une fois que les facteurs temporaires qui l&rsquo;amoindrissent se seront estomp\u00e9s. Et ce \u00e0 condition que la croissance \u00e9conomique continue d&rsquo;\u00eatre assez forte pour permettre le retour au plein emploi alors que les anticipations d&rsquo;inflation \u00e0 long terme restent fermement ancr\u00e9es<\/em> \u00bb. Cet extrait de son discours a \u00e9t\u00e9 repris par la plupart des m\u00e9dias \u00e9conomiques, en raison, essentiellement, de sa conclusion inattendue. Yellen a en effet clairement annonc\u00e9 que son comit\u00e9 (<strong>FOMC<\/strong>) et elle-m\u00eame pr\u00e9voyait de voir la r\u00e9union de ces conditions mener \u00ab<em> \u00e0 une hausse des taux directeurs cette ann\u00e9e, avant une tension progressive par la suite<\/em> \u00bb.<\/span>    <span style=\"font-size: small;\"> Bref ; termin\u00e9 le discours ambigu, vague et ind\u00e9cis. Les ailes de la plus colombe des membres de la <strong>FED<\/strong> sont d\u00e9sormais ind\u00e9niablement faucon et la r\u00e9union du <strong>FOMC<\/strong>, au mois de d\u00e9cembre, devrait concr\u00e9tiser cette transformation majeure.<\/span>    <span style=\"font-size: small;\">Pour l&rsquo;heure, le march\u00e9 de l&rsquo;<a href='https:\/\/www.gold.fr\/news\/tags\/or' class='esk-seo-plu-link'>or<\/a> r\u00e9ussit non seulement \u00e0 r\u00e9sister \u00e0 cette pression directe, mais <a title=\"Prix de l'Once d'or\" href=\"https:\/\/www.gold.fr\/once-or-nyc\/\" target=\"_blank\">le prix de l\u2019once<\/a> a m\u00eame enregistr\u00e9 sa meilleure performance mensuelle, \u00e0 la fermeture de <a title=\"L\u2019or termine la semaine sur une flamb\u00e9e\" href=\"https:\/\/www.gold.fr\/news\/2015\/09\/25\/lor-termine-la-semaine-sur-une-flambee\/18018\/\" target=\"_blank\">la s\u00e9ance du vendredi<\/a> (au bord des <strong>1 155 <a href='https:\/\/www.gold.fr\/news\/tags\/investissement' class='esk-seo-plu-link'>dollars<\/a><\/strong>).<\/span><\/p>\n<!-- AddThis Advanced Settings generic via filter on the_content --><!-- AddThis Share Buttons generic via filter on the_content -->","protected":false},"excerpt":{"rendered":"<p>La pr\u00e9sidente de la r\u00e9serve f\u00e9d\u00e9rale am\u00e9ricaine, traditionnellement si \u2018colombe&lsquo;, n&rsquo;aura jamais \u00e9t\u00e9 aussi \u2018faucon&lsquo;. Janet Yellen a donn\u00e9 un discours inhabituellement ferme, clair et sans \u00e9quivoque, vendredi dernier, annon\u00e7ant un cahier de route tout aussi [&hellip;]<\/p>\n","protected":false},"author":18,"featured_media":3164,"comment_status":"open","ping_status":"open","sticky":false,"template":"","format":"standard","meta":{"_mbp_gutenberg_autopost":false,"_pgmb_is_evergreen":false,"_pgmb_ap_template_id":0,"footnotes":""},"categories":[6],"tags":[961,144,1034,1504],"ppma_author":[2565],"class_list":["post-18024","post","type-post","status-publish","format-standard","has-post-thumbnail","hentry","category-articles-de-presse","tag-cours-or","tag-fed","tag-fomc","tag-janet-yellen"],"yoast_head":"<!-- This site is optimized with the Yoast SEO plugin v27.5 - https:\/\/yoast.com\/product\/yoast-seo-wordpress\/ -->\n<title>L\u2019or r\u00e9siste au discours \u2018faucon\u2019 de Yellen - Gold.fr<\/title>\n<meta name=\"robots\" content=\"index, follow, max-snippet:-1, max-image-preview:large, max-video-preview:-1\" \/>\n<link rel=\"canonical\" href=\"https:\/\/www.gold.fr\/news\/2015\/09\/28\/lor-resiste-au-discours-faucon-de-yellen\/\" \/>\n<meta property=\"og:locale\" content=\"fr_FR\" \/>\n<meta property=\"og:type\" content=\"article\" \/>\n<meta property=\"og:title\" content=\"L\u2019or r\u00e9siste au discours \u2018faucon\u2019 de Yellen - Gold.fr\" \/>\n<meta property=\"og:description\" content=\"La pr\u00e9sidente de la r\u00e9serve f\u00e9d\u00e9rale am\u00e9ricaine, traditionnellement si \u2018colombe&lsquo;, n&rsquo;aura jamais \u00e9t\u00e9 aussi \u2018faucon&lsquo;. Janet Yellen a donn\u00e9 un discours inhabituellement ferme, clair et sans \u00e9quivoque, vendredi dernier, annon\u00e7ant un cahier de route tout aussi [&hellip;]\" \/>\n<meta property=\"og:url\" content=\"https:\/\/www.gold.fr\/news\/2015\/09\/28\/lor-resiste-au-discours-faucon-de-yellen\/\" \/>\n<meta property=\"og:site_name\" content=\"Gold.fr\" \/>\n<meta property=\"article:publisher\" content=\"https:\/\/www.facebook.com\/Goldfr\/\" \/>\n<meta property=\"article:published_time\" content=\"2015-09-28T15:00:30+00:00\" \/>\n<meta property=\"article:modified_time\" content=\"2017-11-29T16:56:35+00:00\" \/>\n<meta property=\"og:image\" content=\"https:\/\/www.gold.fr\/news\/wp-content\/uploads\/2011\/10\/Lingotins-dor-e1319726837960.jpg\" \/>\n\t<meta property=\"og:image:width\" content=\"600\" \/>\n\t<meta property=\"og:image:height\" content=\"426\" \/>\n\t<meta property=\"og:image:type\" content=\"image\/jpeg\" \/>\n<meta name=\"author\" content=\"Comptoir National de l&#039;Or\" \/>\n<meta name=\"twitter:card\" content=\"summary_large_image\" \/>\n<meta name=\"twitter:label1\" content=\"\u00c9crit par\" \/>\n\t<meta name=\"twitter:data1\" content=\"Comptoir National de l&#039;Or\" \/>\n\t<meta name=\"twitter:label2\" content=\"Dur\u00e9e de lecture estim\u00e9e\" \/>\n\t<meta name=\"twitter:data2\" content=\"1 minute\" \/>\n<script type=\"application\/ld+json\" class=\"yoast-schema-graph\">{\"@context\":\"https:\\\/\\\/schema.org\",\"@graph\":[{\"@type\":\"Article\",\"@id\":\"https:\\\/\\\/www.gold.fr\\\/news\\\/2015\\\/09\\\/28\\\/lor-resiste-au-discours-faucon-de-yellen\\\/#article\",\"isPartOf\":{\"@id\":\"https:\\\/\\\/www.gold.fr\\\/news\\\/2015\\\/09\\\/28\\\/lor-resiste-au-discours-faucon-de-yellen\\\/\"},\"author\":{\"name\":\"Comptoir National de l'Or\",\"@id\":\"https:\\\/\\\/www.gold.fr\\\/news\\\/#\\\/schema\\\/person\\\/070491b4b4fb7671bf59b3be20302ce9\"},\"headline\":\"L\u2019or r\u00e9siste au discours \u2018faucon\u2019 de Yellen\",\"datePublished\":\"2015-09-28T15:00:30+00:00\",\"dateModified\":\"2017-11-29T16:56:35+00:00\",\"mainEntityOfPage\":{\"@id\":\"https:\\\/\\\/www.gold.fr\\\/news\\\/2015\\\/09\\\/28\\\/lor-resiste-au-discours-faucon-de-yellen\\\/\"},\"wordCount\":296,\"commentCount\":0,\"image\":{\"@id\":\"https:\\\/\\\/www.gold.fr\\\/news\\\/2015\\\/09\\\/28\\\/lor-resiste-au-discours-faucon-de-yellen\\\/#primaryimage\"},\"thumbnailUrl\":\"https:\\\/\\\/www.gold.fr\\\/news\\\/wp-content\\\/uploads\\\/2011\\\/10\\\/Lingotins-dor-e1319726837960.jpg\",\"keywords\":[\"cours or\",\"fed\",\"FOMC\",\"Janet Yellen\"],\"articleSection\":[\"Articles de presse\"],\"inLanguage\":\"fr-FR\"},{\"@type\":\"WebPage\",\"@id\":\"https:\\\/\\\/www.gold.fr\\\/news\\\/2015\\\/09\\\/28\\\/lor-resiste-au-discours-faucon-de-yellen\\\/\",\"url\":\"https:\\\/\\\/www.gold.fr\\\/news\\\/2015\\\/09\\\/28\\\/lor-resiste-au-discours-faucon-de-yellen\\\/\",\"name\":\"L\u2019or r\u00e9siste au discours \u2018faucon\u2019 de Yellen - Gold.fr\",\"isPartOf\":{\"@id\":\"https:\\\/\\\/www.gold.fr\\\/news\\\/#website\"},\"primaryImageOfPage\":{\"@id\":\"https:\\\/\\\/www.gold.fr\\\/news\\\/2015\\\/09\\\/28\\\/lor-resiste-au-discours-faucon-de-yellen\\\/#primaryimage\"},\"image\":{\"@id\":\"https:\\\/\\\/www.gold.fr\\\/news\\\/2015\\\/09\\\/28\\\/lor-resiste-au-discours-faucon-de-yellen\\\/#primaryimage\"},\"thumbnailUrl\":\"https:\\\/\\\/www.gold.fr\\\/news\\\/wp-content\\\/uploads\\\/2011\\\/10\\\/Lingotins-dor-e1319726837960.jpg\",\"datePublished\":\"2015-09-28T15:00:30+00:00\",\"dateModified\":\"2017-11-29T16:56:35+00:00\",\"author\":{\"@id\":\"https:\\\/\\\/www.gold.fr\\\/news\\\/#\\\/schema\\\/person\\\/070491b4b4fb7671bf59b3be20302ce9\"},\"breadcrumb\":{\"@id\":\"https:\\\/\\\/www.gold.fr\\\/news\\\/2015\\\/09\\\/28\\\/lor-resiste-au-discours-faucon-de-yellen\\\/#breadcrumb\"},\"inLanguage\":\"fr-FR\",\"potentialAction\":[{\"@type\":\"ReadAction\",\"target\":[\"https:\\\/\\\/www.gold.fr\\\/news\\\/2015\\\/09\\\/28\\\/lor-resiste-au-discours-faucon-de-yellen\\\/\"]}]},{\"@type\":\"ImageObject\",\"inLanguage\":\"fr-FR\",\"@id\":\"https:\\\/\\\/www.gold.fr\\\/news\\\/2015\\\/09\\\/28\\\/lor-resiste-au-discours-faucon-de-yellen\\\/#primaryimage\",\"url\":\"https:\\\/\\\/www.gold.fr\\\/news\\\/wp-content\\\/uploads\\\/2011\\\/10\\\/Lingotins-dor-e1319726837960.jpg\",\"contentUrl\":\"https:\\\/\\\/www.gold.fr\\\/news\\\/wp-content\\\/uploads\\\/2011\\\/10\\\/Lingotins-dor-e1319726837960.jpg\",\"width\":\"600\",\"height\":\"426\",\"caption\":\"L\u2019once finit la semaine dans le vert\"},{\"@type\":\"BreadcrumbList\",\"@id\":\"https:\\\/\\\/www.gold.fr\\\/news\\\/2015\\\/09\\\/28\\\/lor-resiste-au-discours-faucon-de-yellen\\\/#breadcrumb\",\"itemListElement\":[{\"@type\":\"ListItem\",\"position\":1,\"name\":\"Accueil\",\"item\":\"https:\\\/\\\/www.gold.fr\\\/\"},{\"@type\":\"ListItem\",\"position\":2,\"name\":\"Actualit\u00e9s\",\"item\":\"https:\\\/\\\/www.gold.fr\\\/news\\\/\"},{\"@type\":\"ListItem\",\"position\":3,\"name\":\"L\u2019or r\u00e9siste au discours \u2018faucon\u2019 de Yellen\"}]},{\"@type\":\"WebSite\",\"@id\":\"https:\\\/\\\/www.gold.fr\\\/news\\\/#website\",\"url\":\"https:\\\/\\\/www.gold.fr\\\/news\\\/\",\"name\":\"Gold.fr\",\"description\":\"Actualit\u00e9s de l&#039;Or et des m\u00e9taux pr\u00e9cieux\",\"potentialAction\":[{\"@type\":\"SearchAction\",\"target\":{\"@type\":\"EntryPoint\",\"urlTemplate\":\"https:\\\/\\\/www.gold.fr\\\/news\\\/?s={search_term_string}\"},\"query-input\":{\"@type\":\"PropertyValueSpecification\",\"valueRequired\":true,\"valueName\":\"search_term_string\"}}],\"inLanguage\":\"fr-FR\"},{\"@type\":\"Person\",\"@id\":\"https:\\\/\\\/www.gold.fr\\\/news\\\/#\\\/schema\\\/person\\\/070491b4b4fb7671bf59b3be20302ce9\",\"name\":\"Comptoir National de l'Or\",\"image\":{\"@type\":\"ImageObject\",\"inLanguage\":\"fr-FR\",\"@id\":\"https:\\\/\\\/secure.gravatar.com\\\/avatar\\\/0a2867fd5abe37bed95d5a65e9d58f01756e11efc68af9888dfc50cfa7f65948?s=96&d=mm&r=gb490554db0a38188709de567aa58480d\",\"url\":\"https:\\\/\\\/secure.gravatar.com\\\/avatar\\\/0a2867fd5abe37bed95d5a65e9d58f01756e11efc68af9888dfc50cfa7f65948?s=96&d=mm&r=g\",\"contentUrl\":\"https:\\\/\\\/secure.gravatar.com\\\/avatar\\\/0a2867fd5abe37bed95d5a65e9d58f01756e11efc68af9888dfc50cfa7f65948?s=96&d=mm&r=g\",\"caption\":\"Comptoir National de l'Or\"},\"description\":\"Notre r\u00e9daction est constitu\u00e9e de membres experts dans les m\u00e9tiers de l'\u00e9conomie et la gestion, des Responsables d'agence Comptoir National de l'Or, des analystes financiers qui publient r\u00e9guli\u00e8rement des \u00e9tudes sur les politiques des banques centrales, le cours de l'or, prix de l'or, cours de l'argent, prix de l'argent, cours du platine, cours du palladium,... la situation en zone euro et l'impact de la strat\u00e9gie mon\u00e9taire de la FED. Notre \u00e9quipe scrute \u00e9galement une information plus g\u00e9n\u00e9raliste \u00e0 la recherche d'actualit\u00e9 \\\"p\u00e9pite\\\" \u00e0 vous partager. Depuis 5 ans, nous avons publi\u00e9 un peu plus de 4000 articles qui s'adressent \u00e0 un public large et vari\u00e9 ayant pour objectif de satisfaire votre curiosit\u00e9 et de partager avec vous une certaine fascination pour le m\u00e9tal jaune, le rachat d'or, et pour ceux qui veulent investir dans l'or, vendre leur or tout simplement en savoir plus... Pour tous vos achat or et argent, n'h\u00e9sitez pas \u00e0 prendre rendez-vous dans l'un de nos nombreux comptoirs.\",\"sameAs\":[\"https:\\\/\\\/www.gold.fr\"]}]}<\/script>\n<!-- \/ Yoast SEO plugin. -->","yoast_head_json":{"title":"L\u2019or r\u00e9siste au discours \u2018faucon\u2019 de Yellen - Gold.fr","robots":{"index":"index","follow":"follow","max-snippet":"max-snippet:-1","max-image-preview":"max-image-preview:large","max-video-preview":"max-video-preview:-1"},"canonical":"https:\/\/www.gold.fr\/news\/2015\/09\/28\/lor-resiste-au-discours-faucon-de-yellen\/","og_locale":"fr_FR","og_type":"article","og_title":"L\u2019or r\u00e9siste au discours \u2018faucon\u2019 de Yellen - Gold.fr","og_description":"La pr\u00e9sidente de la r\u00e9serve f\u00e9d\u00e9rale am\u00e9ricaine, traditionnellement si \u2018colombe&lsquo;, n&rsquo;aura jamais \u00e9t\u00e9 aussi \u2018faucon&lsquo;. Janet Yellen a donn\u00e9 un discours inhabituellement ferme, clair et sans \u00e9quivoque, vendredi dernier, annon\u00e7ant un cahier de route tout aussi [&hellip;]","og_url":"https:\/\/www.gold.fr\/news\/2015\/09\/28\/lor-resiste-au-discours-faucon-de-yellen\/","og_site_name":"Gold.fr","article_publisher":"https:\/\/www.facebook.com\/Goldfr\/","article_published_time":"2015-09-28T15:00:30+00:00","article_modified_time":"2017-11-29T16:56:35+00:00","og_image":[{"width":600,"height":426,"url":"https:\/\/www.gold.fr\/news\/wp-content\/uploads\/2011\/10\/Lingotins-dor-e1319726837960.jpg","type":"image\/jpeg"}],"author":"Comptoir National de l'Or","twitter_card":"summary_large_image","twitter_misc":{"\u00c9crit par":"Comptoir National de l'Or","Dur\u00e9e de lecture estim\u00e9e":"1 minute"},"schema":{"@context":"https:\/\/schema.org","@graph":[{"@type":"Article","@id":"https:\/\/www.gold.fr\/news\/2015\/09\/28\/lor-resiste-au-discours-faucon-de-yellen\/#article","isPartOf":{"@id":"https:\/\/www.gold.fr\/news\/2015\/09\/28\/lor-resiste-au-discours-faucon-de-yellen\/"},"author":{"name":"Comptoir National de l'Or","@id":"https:\/\/www.gold.fr\/news\/#\/schema\/person\/070491b4b4fb7671bf59b3be20302ce9"},"headline":"L\u2019or r\u00e9siste au discours \u2018faucon\u2019 de Yellen","datePublished":"2015-09-28T15:00:30+00:00","dateModified":"2017-11-29T16:56:35+00:00","mainEntityOfPage":{"@id":"https:\/\/www.gold.fr\/news\/2015\/09\/28\/lor-resiste-au-discours-faucon-de-yellen\/"},"wordCount":296,"commentCount":0,"image":{"@id":"https:\/\/www.gold.fr\/news\/2015\/09\/28\/lor-resiste-au-discours-faucon-de-yellen\/#primaryimage"},"thumbnailUrl":"https:\/\/www.gold.fr\/news\/wp-content\/uploads\/2011\/10\/Lingotins-dor-e1319726837960.jpg","keywords":["cours or","fed","FOMC","Janet Yellen"],"articleSection":["Articles de presse"],"inLanguage":"fr-FR"},{"@type":"WebPage","@id":"https:\/\/www.gold.fr\/news\/2015\/09\/28\/lor-resiste-au-discours-faucon-de-yellen\/","url":"https:\/\/www.gold.fr\/news\/2015\/09\/28\/lor-resiste-au-discours-faucon-de-yellen\/","name":"L\u2019or r\u00e9siste au discours \u2018faucon\u2019 de Yellen - Gold.fr","isPartOf":{"@id":"https:\/\/www.gold.fr\/news\/#website"},"primaryImageOfPage":{"@id":"https:\/\/www.gold.fr\/news\/2015\/09\/28\/lor-resiste-au-discours-faucon-de-yellen\/#primaryimage"},"image":{"@id":"https:\/\/www.gold.fr\/news\/2015\/09\/28\/lor-resiste-au-discours-faucon-de-yellen\/#primaryimage"},"thumbnailUrl":"https:\/\/www.gold.fr\/news\/wp-content\/uploads\/2011\/10\/Lingotins-dor-e1319726837960.jpg","datePublished":"2015-09-28T15:00:30+00:00","dateModified":"2017-11-29T16:56:35+00:00","author":{"@id":"https:\/\/www.gold.fr\/news\/#\/schema\/person\/070491b4b4fb7671bf59b3be20302ce9"},"breadcrumb":{"@id":"https:\/\/www.gold.fr\/news\/2015\/09\/28\/lor-resiste-au-discours-faucon-de-yellen\/#breadcrumb"},"inLanguage":"fr-FR","potentialAction":[{"@type":"ReadAction","target":["https:\/\/www.gold.fr\/news\/2015\/09\/28\/lor-resiste-au-discours-faucon-de-yellen\/"]}]},{"@type":"ImageObject","inLanguage":"fr-FR","@id":"https:\/\/www.gold.fr\/news\/2015\/09\/28\/lor-resiste-au-discours-faucon-de-yellen\/#primaryimage","url":"https:\/\/www.gold.fr\/news\/wp-content\/uploads\/2011\/10\/Lingotins-dor-e1319726837960.jpg","contentUrl":"https:\/\/www.gold.fr\/news\/wp-content\/uploads\/2011\/10\/Lingotins-dor-e1319726837960.jpg","width":"600","height":"426","caption":"L\u2019once finit la semaine dans le vert"},{"@type":"BreadcrumbList","@id":"https:\/\/www.gold.fr\/news\/2015\/09\/28\/lor-resiste-au-discours-faucon-de-yellen\/#breadcrumb","itemListElement":[{"@type":"ListItem","position":1,"name":"Accueil","item":"https:\/\/www.gold.fr\/"},{"@type":"ListItem","position":2,"name":"Actualit\u00e9s","item":"https:\/\/www.gold.fr\/news\/"},{"@type":"ListItem","position":3,"name":"L\u2019or r\u00e9siste au discours \u2018faucon\u2019 de Yellen"}]},{"@type":"WebSite","@id":"https:\/\/www.gold.fr\/news\/#website","url":"https:\/\/www.gold.fr\/news\/","name":"Gold.fr","description":"Actualit\u00e9s de l&#039;Or et des m\u00e9taux pr\u00e9cieux","potentialAction":[{"@type":"SearchAction","target":{"@type":"EntryPoint","urlTemplate":"https:\/\/www.gold.fr\/news\/?s={search_term_string}"},"query-input":{"@type":"PropertyValueSpecification","valueRequired":true,"valueName":"search_term_string"}}],"inLanguage":"fr-FR"},{"@type":"Person","@id":"https:\/\/www.gold.fr\/news\/#\/schema\/person\/070491b4b4fb7671bf59b3be20302ce9","name":"Comptoir National de l'Or","image":{"@type":"ImageObject","inLanguage":"fr-FR","@id":"https:\/\/secure.gravatar.com\/avatar\/0a2867fd5abe37bed95d5a65e9d58f01756e11efc68af9888dfc50cfa7f65948?s=96&d=mm&r=gb490554db0a38188709de567aa58480d","url":"https:\/\/secure.gravatar.com\/avatar\/0a2867fd5abe37bed95d5a65e9d58f01756e11efc68af9888dfc50cfa7f65948?s=96&d=mm&r=g","contentUrl":"https:\/\/secure.gravatar.com\/avatar\/0a2867fd5abe37bed95d5a65e9d58f01756e11efc68af9888dfc50cfa7f65948?s=96&d=mm&r=g","caption":"Comptoir National de l'Or"},"description":"Notre r\u00e9daction est constitu\u00e9e de membres experts dans les m\u00e9tiers de l'\u00e9conomie et la gestion, des Responsables d'agence Comptoir National de l'Or, des analystes financiers qui publient r\u00e9guli\u00e8rement des \u00e9tudes sur les politiques des banques centrales, le cours de l'or, prix de l'or, cours de l'argent, prix de l'argent, cours du platine, cours du palladium,... la situation en zone euro et l'impact de la strat\u00e9gie mon\u00e9taire de la FED. Notre \u00e9quipe scrute \u00e9galement une information plus g\u00e9n\u00e9raliste \u00e0 la recherche d'actualit\u00e9 \"p\u00e9pite\" \u00e0 vous partager. Depuis 5 ans, nous avons publi\u00e9 un peu plus de 4000 articles qui s'adressent \u00e0 un public large et vari\u00e9 ayant pour objectif de satisfaire votre curiosit\u00e9 et de partager avec vous une certaine fascination pour le m\u00e9tal jaune, le rachat d'or, et pour ceux qui veulent investir dans l'or, vendre leur or tout simplement en savoir plus... Pour tous vos achat or et argent, n'h\u00e9sitez pas \u00e0 prendre rendez-vous dans l'un de nos nombreux comptoirs.","sameAs":["https:\/\/www.gold.fr"]}]}},"authors":[{"term_id":2565,"user_id":18,"is_guest":0,"slug":"julie","display_name":"Comptoir National de l'Or","avatar_url":"https:\/\/secure.gravatar.com\/avatar\/713f289e398d35ead876c4a4cc08607f0d6d266058cfc25683fffb6092d0e572?s=96&d=mm&r=g","0":null,"1":"","2":"","3":"","4":"","5":"","6":"","7":"","8":""}],"_links":{"self":[{"href":"https:\/\/www.gold.fr\/news\/wp-json\/wp\/v2\/posts\/18024","targetHints":{"allow":["GET"]}}],"collection":[{"href":"https:\/\/www.gold.fr\/news\/wp-json\/wp\/v2\/posts"}],"about":[{"href":"https:\/\/www.gold.fr\/news\/wp-json\/wp\/v2\/types\/post"}],"author":[{"embeddable":true,"href":"https:\/\/www.gold.fr\/news\/wp-json\/wp\/v2\/users\/18"}],"replies":[{"embeddable":true,"href":"https:\/\/www.gold.fr\/news\/wp-json\/wp\/v2\/comments?post=18024"}],"version-history":[{"count":0,"href":"https:\/\/www.gold.fr\/news\/wp-json\/wp\/v2\/posts\/18024\/revisions"}],"wp:featuredmedia":[{"embeddable":true,"href":"https:\/\/www.gold.fr\/news\/wp-json\/wp\/v2\/media\/3164"}],"wp:attachment":[{"href":"https:\/\/www.gold.fr\/news\/wp-json\/wp\/v2\/media?parent=18024"}],"wp:term":[{"taxonomy":"category","embeddable":true,"href":"https:\/\/www.gold.fr\/news\/wp-json\/wp\/v2\/categories?post=18024"},{"taxonomy":"post_tag","embeddable":true,"href":"https:\/\/www.gold.fr\/news\/wp-json\/wp\/v2\/tags?post=18024"},{"taxonomy":"author","embeddable":true,"href":"https:\/\/www.gold.fr\/news\/wp-json\/wp\/v2\/ppma_author?post=18024"}],"curies":[{"name":"wp","href":"https:\/\/api.w.org\/{rel}","templated":true}]}}