{"id":18004,"date":"2015-09-23T17:00:21","date_gmt":"2015-09-23T15:00:21","guid":{"rendered":"https:\/\/www.gold.fr\/news\/?p=18004"},"modified":"2017-11-29T17:56:39","modified_gmt":"2017-11-29T16:56:39","slug":"laffaire-volkswagen-va-t-elle-profiter-a-lor","status":"publish","type":"post","link":"https:\/\/www.gold.fr\/news\/2015\/09\/23\/laffaire-volkswagen-va-t-elle-profiter-a-lor\/","title":{"rendered":"L\u2019affaire Volkswagen va-t-elle profiter \u00e0 l\u2019or ?"},"content":{"rendered":"<p><img loading=\"lazy\" decoding=\"async\" class=\"alignleft size-thumbnail wp-image-2677\" title=\"L'affaire Volkswagen va-t-elle profiter \u00e0 l'or\" src=\"https:\/\/www.gold.fr\/news\/wp-content\/uploads\/2011\/10\/or-150x150.jpg\" alt=\"\" width=\"150\" height=\"150\" \/><span style=\"font-size: small;\">C&rsquo;est une semaine dont le bilan g\u00e9n\u00e9ralis\u00e9 s&rsquo;av\u00e8rera certainement baissier, marqu\u00e9 essentiellement par le scandale <strong>Volkswagen<\/strong> et ses r\u00e9percussions d\u00e9sastreuses sur le march\u00e9 automobile et l&rsquo;ensemble des march\u00e9s boursiers qui y sont plus ou moins rattach\u00e9s.<\/span>    <span style=\"font-size: small;\">Dans la journ\u00e9e de mardi, le g\u00e9ant automobile allemand a en effet admis \u00ab <em>11 millions de ses v\u00e9hicules vendus dans le monde \u00e9taient \u00e9quip\u00e9s d&rsquo;un logiciel de trucage aux tests antipollution<\/em> \u00bb. Du coup, outre les sanctions de quelques milliards d&rsquo;<a href='https:\/\/www.gold.fr\/news\/tags\/investissement' class='esk-seo-plu-link'>euros<\/a> qu&rsquo;il subira certainement, le groupe \u00ab<em> s&rsquo;est vu contraint de suspendre ses ventes de v\u00e9hicules diesel aux Etats-Unis, jusqu&rsquo;\u00e0 ce qu&rsquo;il puisse prouver que ces mod\u00e8les respectent bien les normes d&rsquo;\u00e9missions en vigueur dans le pays<\/em> \u00bb. Et pour compl\u00e9ter le tableau de cette chute retentissante, <strong>l&rsquo;International Council on Clean Transportation<\/strong>, une <strong>ONG<\/strong> qui a grandement contribu\u00e9 \u00e0 faire \u00e9clater cette affaire au grand public, a d\u00e9clar\u00e9 ne pas exclure \u00ab <em>une duperie similaire en Europe<\/em> \u00bb.<\/span>    <span style=\"font-size: small;\">Du coup, les op\u00e9rateurs craignent d\u00e9sormais un mouvement de contagion \u00e0 l&rsquo;ensemble du secteur, \u00ab <em>avec des constructeurs faisant eux aussi l&rsquo;objet d&rsquo;enqu\u00eates et une rafale de sanctions<\/em> \u00bb qui se profile \u00e0 l&rsquo;horizon des diff\u00e9rents acteurs du march\u00e9.<\/span>    <span style=\"font-size: small;\">Pendant ce temps, l&rsquo;<a href='https:\/\/www.gold.fr\/news\/tags\/or' class='esk-seo-plu-link'>or<\/a> tente de conserver les gains importants qu&rsquo;il a accumul\u00e9s, depuis les \u00e9v\u00e9nements de la fin de la semaine derni\u00e8re, dont il a \u00e9t\u00e9 l&rsquo;un des rares b\u00e9n\u00e9ficiaires.\u2009Rappelons en effet que, l&rsquo;once a repris, au d\u00e9but de la semaine, <strong>1,8\u2009%<\/strong>, autour de <strong>1.140 <a href='https:\/\/www.gold.fr\/news\/tags\/investissement' class='esk-seo-plu-link'>dollars<\/a><\/strong>, soit son record individuel depuis le d\u00e9but septembre. Et les experts estiment que \u00ab<em> dans un contexte de craintes sur les perspectives \u00e9conomiques, le <a href='https:\/\/www.gold.fr\/news\/tags\/or' class='esk-seo-plu-link'>m\u00e9tal jaune<\/a> a une nouvelle fois fait office de <a href='https:\/\/www.gold.fr\/news\/tags\/investissement' class='esk-seo-plu-link'>valeur refuge<\/a><\/em> \u00bb.<\/span><\/p>\n<!-- AddThis Advanced Settings generic via filter on the_content --><!-- AddThis Share Buttons generic via filter on the_content -->","protected":false},"excerpt":{"rendered":"<p>C&rsquo;est une semaine dont le bilan g\u00e9n\u00e9ralis\u00e9 s&rsquo;av\u00e8rera certainement baissier, marqu\u00e9 essentiellement par le scandale Volkswagen et ses r\u00e9percussions d\u00e9sastreuses sur le march\u00e9 automobile et l&rsquo;ensemble des march\u00e9s boursiers qui y sont plus ou moins rattach\u00e9s. [&hellip;]<\/p>\n","protected":false},"author":18,"featured_media":2677,"comment_status":"open","ping_status":"open","sticky":false,"template":"","format":"standard","meta":{"_mbp_gutenberg_autopost":false,"_pgmb_is_evergreen":false,"_pgmb_ap_template_id":0,"footnotes":""},"categories":[6],"tags":[961,2129,76,2128],"ppma_author":[2565],"class_list":["post-18004","post","type-post","status-publish","format-standard","has-post-thumbnail","hentry","category-articles-de-presse","tag-cours-or","tag-marche-automobile","tag-or","tag-volkswagen"],"yoast_head":"<!-- This site is optimized with the Yoast SEO plugin v27.5 - https:\/\/yoast.com\/product\/yoast-seo-wordpress\/ -->\n<title>L\u2019affaire Volkswagen va-t-elle profiter \u00e0 l\u2019or ? - Gold.fr<\/title>\n<meta name=\"robots\" content=\"index, follow, max-snippet:-1, max-image-preview:large, max-video-preview:-1\" \/>\n<link rel=\"canonical\" href=\"https:\/\/www.gold.fr\/news\/2015\/09\/23\/laffaire-volkswagen-va-t-elle-profiter-a-lor\/\" \/>\n<meta property=\"og:locale\" content=\"fr_FR\" \/>\n<meta property=\"og:type\" content=\"article\" \/>\n<meta property=\"og:title\" content=\"L\u2019affaire Volkswagen va-t-elle profiter \u00e0 l\u2019or ? - Gold.fr\" \/>\n<meta property=\"og:description\" content=\"C&rsquo;est une semaine dont le bilan g\u00e9n\u00e9ralis\u00e9 s&rsquo;av\u00e8rera certainement baissier, marqu\u00e9 essentiellement par le scandale Volkswagen et ses r\u00e9percussions d\u00e9sastreuses sur le march\u00e9 automobile et l&rsquo;ensemble des march\u00e9s boursiers qui y sont plus ou moins rattach\u00e9s. [&hellip;]\" \/>\n<meta property=\"og:url\" content=\"https:\/\/www.gold.fr\/news\/2015\/09\/23\/laffaire-volkswagen-va-t-elle-profiter-a-lor\/\" \/>\n<meta property=\"og:site_name\" content=\"Gold.fr\" \/>\n<meta property=\"article:publisher\" content=\"https:\/\/www.facebook.com\/Goldfr\/\" \/>\n<meta property=\"article:published_time\" content=\"2015-09-23T15:00:21+00:00\" \/>\n<meta property=\"article:modified_time\" content=\"2017-11-29T16:56:39+00:00\" \/>\n<meta property=\"og:image\" content=\"https:\/\/www.gold.fr\/news\/wp-content\/uploads\/2011\/10\/or.jpg\" \/>\n\t<meta property=\"og:image:width\" content=\"600\" \/>\n\t<meta property=\"og:image:height\" content=\"515\" \/>\n\t<meta property=\"og:image:type\" content=\"image\/jpeg\" \/>\n<meta name=\"author\" content=\"Comptoir National de l&#039;Or\" \/>\n<meta name=\"twitter:card\" content=\"summary_large_image\" \/>\n<meta name=\"twitter:label1\" content=\"\u00c9crit par\" \/>\n\t<meta name=\"twitter:data1\" content=\"Comptoir National de l&#039;Or\" \/>\n\t<meta name=\"twitter:label2\" content=\"Dur\u00e9e de lecture estim\u00e9e\" \/>\n\t<meta name=\"twitter:data2\" content=\"1 minute\" \/>\n<script type=\"application\/ld+json\" class=\"yoast-schema-graph\">{\"@context\":\"https:\\\/\\\/schema.org\",\"@graph\":[{\"@type\":\"Article\",\"@id\":\"https:\\\/\\\/www.gold.fr\\\/news\\\/2015\\\/09\\\/23\\\/laffaire-volkswagen-va-t-elle-profiter-a-lor\\\/#article\",\"isPartOf\":{\"@id\":\"https:\\\/\\\/www.gold.fr\\\/news\\\/2015\\\/09\\\/23\\\/laffaire-volkswagen-va-t-elle-profiter-a-lor\\\/\"},\"author\":{\"name\":\"Comptoir National de l'Or\",\"@id\":\"https:\\\/\\\/www.gold.fr\\\/news\\\/#\\\/schema\\\/person\\\/070491b4b4fb7671bf59b3be20302ce9\"},\"headline\":\"L\u2019affaire Volkswagen va-t-elle profiter \u00e0 l\u2019or ?\",\"datePublished\":\"2015-09-23T15:00:21+00:00\",\"dateModified\":\"2017-11-29T16:56:39+00:00\",\"mainEntityOfPage\":{\"@id\":\"https:\\\/\\\/www.gold.fr\\\/news\\\/2015\\\/09\\\/23\\\/laffaire-volkswagen-va-t-elle-profiter-a-lor\\\/\"},\"wordCount\":314,\"commentCount\":1,\"image\":{\"@id\":\"https:\\\/\\\/www.gold.fr\\\/news\\\/2015\\\/09\\\/23\\\/laffaire-volkswagen-va-t-elle-profiter-a-lor\\\/#primaryimage\"},\"thumbnailUrl\":\"https:\\\/\\\/www.gold.fr\\\/news\\\/wp-content\\\/uploads\\\/2011\\\/10\\\/or.jpg\",\"keywords\":[\"cours or\",\"march\u00e9 automobile\",\"Or\",\"Volkswagen\"],\"articleSection\":[\"Articles de presse\"],\"inLanguage\":\"fr-FR\"},{\"@type\":\"WebPage\",\"@id\":\"https:\\\/\\\/www.gold.fr\\\/news\\\/2015\\\/09\\\/23\\\/laffaire-volkswagen-va-t-elle-profiter-a-lor\\\/\",\"url\":\"https:\\\/\\\/www.gold.fr\\\/news\\\/2015\\\/09\\\/23\\\/laffaire-volkswagen-va-t-elle-profiter-a-lor\\\/\",\"name\":\"L\u2019affaire Volkswagen va-t-elle profiter \u00e0 l\u2019or ? - Gold.fr\",\"isPartOf\":{\"@id\":\"https:\\\/\\\/www.gold.fr\\\/news\\\/#website\"},\"primaryImageOfPage\":{\"@id\":\"https:\\\/\\\/www.gold.fr\\\/news\\\/2015\\\/09\\\/23\\\/laffaire-volkswagen-va-t-elle-profiter-a-lor\\\/#primaryimage\"},\"image\":{\"@id\":\"https:\\\/\\\/www.gold.fr\\\/news\\\/2015\\\/09\\\/23\\\/laffaire-volkswagen-va-t-elle-profiter-a-lor\\\/#primaryimage\"},\"thumbnailUrl\":\"https:\\\/\\\/www.gold.fr\\\/news\\\/wp-content\\\/uploads\\\/2011\\\/10\\\/or.jpg\",\"datePublished\":\"2015-09-23T15:00:21+00:00\",\"dateModified\":\"2017-11-29T16:56:39+00:00\",\"author\":{\"@id\":\"https:\\\/\\\/www.gold.fr\\\/news\\\/#\\\/schema\\\/person\\\/070491b4b4fb7671bf59b3be20302ce9\"},\"breadcrumb\":{\"@id\":\"https:\\\/\\\/www.gold.fr\\\/news\\\/2015\\\/09\\\/23\\\/laffaire-volkswagen-va-t-elle-profiter-a-lor\\\/#breadcrumb\"},\"inLanguage\":\"fr-FR\",\"potentialAction\":[{\"@type\":\"ReadAction\",\"target\":[\"https:\\\/\\\/www.gold.fr\\\/news\\\/2015\\\/09\\\/23\\\/laffaire-volkswagen-va-t-elle-profiter-a-lor\\\/\"]}]},{\"@type\":\"ImageObject\",\"inLanguage\":\"fr-FR\",\"@id\":\"https:\\\/\\\/www.gold.fr\\\/news\\\/2015\\\/09\\\/23\\\/laffaire-volkswagen-va-t-elle-profiter-a-lor\\\/#primaryimage\",\"url\":\"https:\\\/\\\/www.gold.fr\\\/news\\\/wp-content\\\/uploads\\\/2011\\\/10\\\/or.jpg\",\"contentUrl\":\"https:\\\/\\\/www.gold.fr\\\/news\\\/wp-content\\\/uploads\\\/2011\\\/10\\\/or.jpg\",\"width\":\"600\",\"height\":\"515\",\"caption\":\"March\u00e9 de l\u2019or : Perspectives haussi\u00e8res \u00e0 moyen terme\"},{\"@type\":\"BreadcrumbList\",\"@id\":\"https:\\\/\\\/www.gold.fr\\\/news\\\/2015\\\/09\\\/23\\\/laffaire-volkswagen-va-t-elle-profiter-a-lor\\\/#breadcrumb\",\"itemListElement\":[{\"@type\":\"ListItem\",\"position\":1,\"name\":\"Accueil\",\"item\":\"https:\\\/\\\/www.gold.fr\\\/\"},{\"@type\":\"ListItem\",\"position\":2,\"name\":\"Actualit\u00e9s\",\"item\":\"https:\\\/\\\/www.gold.fr\\\/news\\\/\"},{\"@type\":\"ListItem\",\"position\":3,\"name\":\"L\u2019affaire Volkswagen va-t-elle profiter \u00e0 l\u2019or ?\"}]},{\"@type\":\"WebSite\",\"@id\":\"https:\\\/\\\/www.gold.fr\\\/news\\\/#website\",\"url\":\"https:\\\/\\\/www.gold.fr\\\/news\\\/\",\"name\":\"Gold.fr\",\"description\":\"Actualit\u00e9s de l&#039;Or et des m\u00e9taux pr\u00e9cieux\",\"potentialAction\":[{\"@type\":\"SearchAction\",\"target\":{\"@type\":\"EntryPoint\",\"urlTemplate\":\"https:\\\/\\\/www.gold.fr\\\/news\\\/?s={search_term_string}\"},\"query-input\":{\"@type\":\"PropertyValueSpecification\",\"valueRequired\":true,\"valueName\":\"search_term_string\"}}],\"inLanguage\":\"fr-FR\"},{\"@type\":\"Person\",\"@id\":\"https:\\\/\\\/www.gold.fr\\\/news\\\/#\\\/schema\\\/person\\\/070491b4b4fb7671bf59b3be20302ce9\",\"name\":\"Comptoir National de l'Or\",\"image\":{\"@type\":\"ImageObject\",\"inLanguage\":\"fr-FR\",\"@id\":\"https:\\\/\\\/secure.gravatar.com\\\/avatar\\\/0a2867fd5abe37bed95d5a65e9d58f01756e11efc68af9888dfc50cfa7f65948?s=96&d=mm&r=gb490554db0a38188709de567aa58480d\",\"url\":\"https:\\\/\\\/secure.gravatar.com\\\/avatar\\\/0a2867fd5abe37bed95d5a65e9d58f01756e11efc68af9888dfc50cfa7f65948?s=96&d=mm&r=g\",\"contentUrl\":\"https:\\\/\\\/secure.gravatar.com\\\/avatar\\\/0a2867fd5abe37bed95d5a65e9d58f01756e11efc68af9888dfc50cfa7f65948?s=96&d=mm&r=g\",\"caption\":\"Comptoir National de l'Or\"},\"description\":\"Notre r\u00e9daction est constitu\u00e9e de membres experts dans les m\u00e9tiers de l'\u00e9conomie et la gestion, des Responsables d'agence Comptoir National de l'Or, des analystes financiers qui publient r\u00e9guli\u00e8rement des \u00e9tudes sur les politiques des banques centrales, le cours de l'or, prix de l'or, cours de l'argent, prix de l'argent, cours du platine, cours du palladium,... la situation en zone euro et l'impact de la strat\u00e9gie mon\u00e9taire de la FED. Notre \u00e9quipe scrute \u00e9galement une information plus g\u00e9n\u00e9raliste \u00e0 la recherche d'actualit\u00e9 \\\"p\u00e9pite\\\" \u00e0 vous partager. Depuis 5 ans, nous avons publi\u00e9 un peu plus de 4000 articles qui s'adressent \u00e0 un public large et vari\u00e9 ayant pour objectif de satisfaire votre curiosit\u00e9 et de partager avec vous une certaine fascination pour le m\u00e9tal jaune, le rachat d'or, et pour ceux qui veulent investir dans l'or, vendre leur or tout simplement en savoir plus... Pour tous vos achat or et argent, n'h\u00e9sitez pas \u00e0 prendre rendez-vous dans l'un de nos nombreux comptoirs.\",\"sameAs\":[\"https:\\\/\\\/www.gold.fr\"]}]}<\/script>\n<!-- \/ Yoast SEO plugin. -->","yoast_head_json":{"title":"L\u2019affaire Volkswagen va-t-elle profiter \u00e0 l\u2019or ? - Gold.fr","robots":{"index":"index","follow":"follow","max-snippet":"max-snippet:-1","max-image-preview":"max-image-preview:large","max-video-preview":"max-video-preview:-1"},"canonical":"https:\/\/www.gold.fr\/news\/2015\/09\/23\/laffaire-volkswagen-va-t-elle-profiter-a-lor\/","og_locale":"fr_FR","og_type":"article","og_title":"L\u2019affaire Volkswagen va-t-elle profiter \u00e0 l\u2019or ? - Gold.fr","og_description":"C&rsquo;est une semaine dont le bilan g\u00e9n\u00e9ralis\u00e9 s&rsquo;av\u00e8rera certainement baissier, marqu\u00e9 essentiellement par le scandale Volkswagen et ses r\u00e9percussions d\u00e9sastreuses sur le march\u00e9 automobile et l&rsquo;ensemble des march\u00e9s boursiers qui y sont plus ou moins rattach\u00e9s. [&hellip;]","og_url":"https:\/\/www.gold.fr\/news\/2015\/09\/23\/laffaire-volkswagen-va-t-elle-profiter-a-lor\/","og_site_name":"Gold.fr","article_publisher":"https:\/\/www.facebook.com\/Goldfr\/","article_published_time":"2015-09-23T15:00:21+00:00","article_modified_time":"2017-11-29T16:56:39+00:00","og_image":[{"width":600,"height":515,"url":"https:\/\/www.gold.fr\/news\/wp-content\/uploads\/2011\/10\/or.jpg","type":"image\/jpeg"}],"author":"Comptoir National de l'Or","twitter_card":"summary_large_image","twitter_misc":{"\u00c9crit par":"Comptoir National de l'Or","Dur\u00e9e de lecture estim\u00e9e":"1 minute"},"schema":{"@context":"https:\/\/schema.org","@graph":[{"@type":"Article","@id":"https:\/\/www.gold.fr\/news\/2015\/09\/23\/laffaire-volkswagen-va-t-elle-profiter-a-lor\/#article","isPartOf":{"@id":"https:\/\/www.gold.fr\/news\/2015\/09\/23\/laffaire-volkswagen-va-t-elle-profiter-a-lor\/"},"author":{"name":"Comptoir National de l'Or","@id":"https:\/\/www.gold.fr\/news\/#\/schema\/person\/070491b4b4fb7671bf59b3be20302ce9"},"headline":"L\u2019affaire Volkswagen va-t-elle profiter \u00e0 l\u2019or ?","datePublished":"2015-09-23T15:00:21+00:00","dateModified":"2017-11-29T16:56:39+00:00","mainEntityOfPage":{"@id":"https:\/\/www.gold.fr\/news\/2015\/09\/23\/laffaire-volkswagen-va-t-elle-profiter-a-lor\/"},"wordCount":314,"commentCount":1,"image":{"@id":"https:\/\/www.gold.fr\/news\/2015\/09\/23\/laffaire-volkswagen-va-t-elle-profiter-a-lor\/#primaryimage"},"thumbnailUrl":"https:\/\/www.gold.fr\/news\/wp-content\/uploads\/2011\/10\/or.jpg","keywords":["cours or","march\u00e9 automobile","Or","Volkswagen"],"articleSection":["Articles de presse"],"inLanguage":"fr-FR"},{"@type":"WebPage","@id":"https:\/\/www.gold.fr\/news\/2015\/09\/23\/laffaire-volkswagen-va-t-elle-profiter-a-lor\/","url":"https:\/\/www.gold.fr\/news\/2015\/09\/23\/laffaire-volkswagen-va-t-elle-profiter-a-lor\/","name":"L\u2019affaire Volkswagen va-t-elle profiter \u00e0 l\u2019or ? - Gold.fr","isPartOf":{"@id":"https:\/\/www.gold.fr\/news\/#website"},"primaryImageOfPage":{"@id":"https:\/\/www.gold.fr\/news\/2015\/09\/23\/laffaire-volkswagen-va-t-elle-profiter-a-lor\/#primaryimage"},"image":{"@id":"https:\/\/www.gold.fr\/news\/2015\/09\/23\/laffaire-volkswagen-va-t-elle-profiter-a-lor\/#primaryimage"},"thumbnailUrl":"https:\/\/www.gold.fr\/news\/wp-content\/uploads\/2011\/10\/or.jpg","datePublished":"2015-09-23T15:00:21+00:00","dateModified":"2017-11-29T16:56:39+00:00","author":{"@id":"https:\/\/www.gold.fr\/news\/#\/schema\/person\/070491b4b4fb7671bf59b3be20302ce9"},"breadcrumb":{"@id":"https:\/\/www.gold.fr\/news\/2015\/09\/23\/laffaire-volkswagen-va-t-elle-profiter-a-lor\/#breadcrumb"},"inLanguage":"fr-FR","potentialAction":[{"@type":"ReadAction","target":["https:\/\/www.gold.fr\/news\/2015\/09\/23\/laffaire-volkswagen-va-t-elle-profiter-a-lor\/"]}]},{"@type":"ImageObject","inLanguage":"fr-FR","@id":"https:\/\/www.gold.fr\/news\/2015\/09\/23\/laffaire-volkswagen-va-t-elle-profiter-a-lor\/#primaryimage","url":"https:\/\/www.gold.fr\/news\/wp-content\/uploads\/2011\/10\/or.jpg","contentUrl":"https:\/\/www.gold.fr\/news\/wp-content\/uploads\/2011\/10\/or.jpg","width":"600","height":"515","caption":"March\u00e9 de l\u2019or : Perspectives haussi\u00e8res \u00e0 moyen terme"},{"@type":"BreadcrumbList","@id":"https:\/\/www.gold.fr\/news\/2015\/09\/23\/laffaire-volkswagen-va-t-elle-profiter-a-lor\/#breadcrumb","itemListElement":[{"@type":"ListItem","position":1,"name":"Accueil","item":"https:\/\/www.gold.fr\/"},{"@type":"ListItem","position":2,"name":"Actualit\u00e9s","item":"https:\/\/www.gold.fr\/news\/"},{"@type":"ListItem","position":3,"name":"L\u2019affaire Volkswagen va-t-elle profiter \u00e0 l\u2019or ?"}]},{"@type":"WebSite","@id":"https:\/\/www.gold.fr\/news\/#website","url":"https:\/\/www.gold.fr\/news\/","name":"Gold.fr","description":"Actualit\u00e9s de l&#039;Or et des m\u00e9taux pr\u00e9cieux","potentialAction":[{"@type":"SearchAction","target":{"@type":"EntryPoint","urlTemplate":"https:\/\/www.gold.fr\/news\/?s={search_term_string}"},"query-input":{"@type":"PropertyValueSpecification","valueRequired":true,"valueName":"search_term_string"}}],"inLanguage":"fr-FR"},{"@type":"Person","@id":"https:\/\/www.gold.fr\/news\/#\/schema\/person\/070491b4b4fb7671bf59b3be20302ce9","name":"Comptoir National de l'Or","image":{"@type":"ImageObject","inLanguage":"fr-FR","@id":"https:\/\/secure.gravatar.com\/avatar\/0a2867fd5abe37bed95d5a65e9d58f01756e11efc68af9888dfc50cfa7f65948?s=96&d=mm&r=gb490554db0a38188709de567aa58480d","url":"https:\/\/secure.gravatar.com\/avatar\/0a2867fd5abe37bed95d5a65e9d58f01756e11efc68af9888dfc50cfa7f65948?s=96&d=mm&r=g","contentUrl":"https:\/\/secure.gravatar.com\/avatar\/0a2867fd5abe37bed95d5a65e9d58f01756e11efc68af9888dfc50cfa7f65948?s=96&d=mm&r=g","caption":"Comptoir National de l'Or"},"description":"Notre r\u00e9daction est constitu\u00e9e de membres experts dans les m\u00e9tiers de l'\u00e9conomie et la gestion, des Responsables d'agence Comptoir National de l'Or, des analystes financiers qui publient r\u00e9guli\u00e8rement des \u00e9tudes sur les politiques des banques centrales, le cours de l'or, prix de l'or, cours de l'argent, prix de l'argent, cours du platine, cours du palladium,... la situation en zone euro et l'impact de la strat\u00e9gie mon\u00e9taire de la FED. Notre \u00e9quipe scrute \u00e9galement une information plus g\u00e9n\u00e9raliste \u00e0 la recherche d'actualit\u00e9 \"p\u00e9pite\" \u00e0 vous partager. Depuis 5 ans, nous avons publi\u00e9 un peu plus de 4000 articles qui s'adressent \u00e0 un public large et vari\u00e9 ayant pour objectif de satisfaire votre curiosit\u00e9 et de partager avec vous une certaine fascination pour le m\u00e9tal jaune, le rachat d'or, et pour ceux qui veulent investir dans l'or, vendre leur or tout simplement en savoir plus... Pour tous vos achat or et argent, n'h\u00e9sitez pas \u00e0 prendre rendez-vous dans l'un de nos nombreux comptoirs.","sameAs":["https:\/\/www.gold.fr"]}]}},"authors":[{"term_id":2565,"user_id":18,"is_guest":0,"slug":"julie","display_name":"Comptoir National de l'Or","avatar_url":"https:\/\/secure.gravatar.com\/avatar\/713f289e398d35ead876c4a4cc08607f0d6d266058cfc25683fffb6092d0e572?s=96&d=mm&r=g","0":null,"1":"","2":"","3":"","4":"","5":"","6":"","7":"","8":""}],"_links":{"self":[{"href":"https:\/\/www.gold.fr\/news\/wp-json\/wp\/v2\/posts\/18004","targetHints":{"allow":["GET"]}}],"collection":[{"href":"https:\/\/www.gold.fr\/news\/wp-json\/wp\/v2\/posts"}],"about":[{"href":"https:\/\/www.gold.fr\/news\/wp-json\/wp\/v2\/types\/post"}],"author":[{"embeddable":true,"href":"https:\/\/www.gold.fr\/news\/wp-json\/wp\/v2\/users\/18"}],"replies":[{"embeddable":true,"href":"https:\/\/www.gold.fr\/news\/wp-json\/wp\/v2\/comments?post=18004"}],"version-history":[{"count":0,"href":"https:\/\/www.gold.fr\/news\/wp-json\/wp\/v2\/posts\/18004\/revisions"}],"wp:featuredmedia":[{"embeddable":true,"href":"https:\/\/www.gold.fr\/news\/wp-json\/wp\/v2\/media\/2677"}],"wp:attachment":[{"href":"https:\/\/www.gold.fr\/news\/wp-json\/wp\/v2\/media?parent=18004"}],"wp:term":[{"taxonomy":"category","embeddable":true,"href":"https:\/\/www.gold.fr\/news\/wp-json\/wp\/v2\/categories?post=18004"},{"taxonomy":"post_tag","embeddable":true,"href":"https:\/\/www.gold.fr\/news\/wp-json\/wp\/v2\/tags?post=18004"},{"taxonomy":"author","embeddable":true,"href":"https:\/\/www.gold.fr\/news\/wp-json\/wp\/v2\/ppma_author?post=18004"}],"curies":[{"name":"wp","href":"https:\/\/api.w.org\/{rel}","templated":true}]}}