{"id":17976,"date":"2015-09-18T17:00:58","date_gmt":"2015-09-18T15:00:58","guid":{"rendered":"https:\/\/www.gold.fr\/news\/?p=17976"},"modified":"2020-06-30T13:33:13","modified_gmt":"2020-06-30T11:33:13","slug":"fomc-le-verdict-est-tombe","status":"publish","type":"post","link":"https:\/\/www.gold.fr\/news\/2015\/09\/18\/fomc-le-verdict-est-tombe\/","title":{"rendered":"FOMC : Le verdict est tomb\u00e9"},"content":{"rendered":"<p><img loading=\"lazy\" decoding=\"async\" class=\"alignleft wp-image-14173 size-thumbnail\" title=\"FOMC : Le verdict est tomb\u00e9\" src=\"https:\/\/www.gold.fr\/news\/wp-content\/uploads\/2014\/03\/Gold-Fixing-298x298.jpg\" alt=\"FOMC : Le verdict est tomb\u00e9\" width=\"298\" height=\"298\" srcset=\"https:\/\/www.gold.fr\/news\/wp-content\/uploads\/2014\/03\/Gold-Fixing-298x298.jpg 298w, https:\/\/www.gold.fr\/news\/wp-content\/uploads\/2014\/03\/Gold-Fixing-1x1.jpg 1w\" sizes=\"auto, (max-width: 298px) 100vw, 298px\" \/><span style=\"font-size: small;\">La plan\u00e8te \u00e9conomique guettait ce moment avec autant d&rsquo;appr\u00e9hension que d&rsquo;anticipation, et le verdict de la <strong>FOMC<\/strong> est finalement tomb\u00e9 ; la r\u00e9serve f\u00e9d\u00e9rale am\u00e9ricaine va finalement maintenir ses taux d&rsquo;int\u00e9r\u00eat directeurs au statut quo. La r\u00e9union du comit\u00e9 de direction de la politique mon\u00e9taire de l&rsquo;institution aura donc opt\u00e9 pour une prolongation de sa tactique de prudence, mettant ainsi fin au flot incessant de rumeurs et sp\u00e9culations qui inonde les march\u00e9s d&rsquo;<a class=\"esk-seo-plu-link\" href=\"https:\/\/www.gold.fr\/news\/tags\/investissement\">investissement<\/a> depuis plus de deux semaines.<\/span> <span style=\"font-size: small;\">Les incertitudes boursi\u00e8res, la stagnation des indices \u00e9conomiques et la performance mitig\u00e9e des r\u00e9sultats macro\u00e9conomiques l&rsquo;auront donc finalement emport\u00e9 sur la pression persistante des \u2018<em>faucons<\/em>&lsquo; de la <strong>FED<\/strong>. Au terme de deux journ\u00e9es de discussions plac\u00e9es sous haute surveillance internationale, <strong>Janet Yellen<\/strong> a annonc\u00e9 que la r\u00e9serve f\u00e9d\u00e9rale am\u00e9ricaine ne modifiera pas ses taux directeurs (maintenus \u00e0 leur record d\u00e9cennal proche du z\u00e9ro).<\/span> <span style=\"font-size: small;\">Et l&rsquo;incertitude \u00e9conomique made in <strong>US<\/strong> n&rsquo;est pas le seul facteur d\u00e9cisif dans ce choix ; la stagnation des march\u00e9s \u00e9mergents et notamment celle de l&rsquo;\u00e9conomie chinoise et le ralentissement de son activit\u00e9 a \u00e9galement jou\u00e9 un r\u00f4le majeur dans cette d\u00e9cision prudente. Le <strong>FOMC<\/strong> a d&rsquo;ailleurs bien soulign\u00e9 dans son communiqu\u00e9 que \u00ab <em>les r\u00e9cents d\u00e9veloppements dans l&rsquo;\u00e9conomie et la finance mondiale ont quelque peu frein\u00e9 l&rsquo;activit\u00e9 et sont susceptibles d&rsquo;exercer une pression \u00e0 la baisse sur l&rsquo;inflation \u00e0 moyen terme<\/em> \u00bb.<\/span><\/p>\n<!-- AddThis Advanced Settings generic via filter on the_content --><!-- AddThis Share Buttons generic via filter on the_content -->","protected":false},"excerpt":{"rendered":"<p>La plan\u00e8te \u00e9conomique guettait ce moment avec autant d&rsquo;appr\u00e9hension que d&rsquo;anticipation, et le verdict de la FOMC est finalement tomb\u00e9 ; la r\u00e9serve f\u00e9d\u00e9rale am\u00e9ricaine va finalement maintenir ses taux d&rsquo;int\u00e9r\u00eat directeurs au statut quo. La [&hellip;]<\/p>\n","protected":false},"author":18,"featured_media":14173,"comment_status":"closed","ping_status":"closed","sticky":false,"template":"","format":"standard","meta":{"_mbp_gutenberg_autopost":false,"_pgmb_is_evergreen":false,"_pgmb_ap_template_id":0,"footnotes":""},"categories":[6],"tags":[974,1000,1235,144,1034,1504,1035,2120],"ppma_author":[2565],"class_list":["post-17976","post","type-post","status-publish","format-standard","has-post-thumbnail","hentry","category-articles-de-presse","tag-bourses-mondiales","tag-economie","tag-economie-chinoise","tag-fed","tag-fomc","tag-janet-yellen","tag-politique-monetaire","tag-reunion-fomc"],"yoast_head":"<!-- This site is optimized with the Yoast SEO plugin v27.5 - https:\/\/yoast.com\/product\/yoast-seo-wordpress\/ -->\n<title>FOMC : Le verdict est tomb\u00e9 - Gold.fr<\/title>\n<meta name=\"description\" content=\"FOMC Le verdict est tomb\u00e9, la r\u00e9serve f\u00e9d\u00e9rale am\u00e9ricaine va finalement maintenir ses taux d\u2019int\u00e9r\u00eat directeurs au statut quo\" \/>\n<meta name=\"robots\" content=\"index, follow, max-snippet:-1, max-image-preview:large, max-video-preview:-1\" \/>\n<link rel=\"canonical\" href=\"https:\/\/www.gold.fr\/news\/2015\/09\/18\/fomc-le-verdict-est-tombe\/\" \/>\n<meta property=\"og:locale\" content=\"fr_FR\" \/>\n<meta property=\"og:type\" content=\"article\" \/>\n<meta property=\"og:title\" content=\"FOMC : Le verdict est tomb\u00e9 - Gold.fr\" \/>\n<meta property=\"og:description\" content=\"FOMC Le verdict est tomb\u00e9, la r\u00e9serve f\u00e9d\u00e9rale am\u00e9ricaine va finalement maintenir ses taux d\u2019int\u00e9r\u00eat directeurs au statut quo\" \/>\n<meta property=\"og:url\" content=\"https:\/\/www.gold.fr\/news\/2015\/09\/18\/fomc-le-verdict-est-tombe\/\" \/>\n<meta property=\"og:site_name\" content=\"Gold.fr\" \/>\n<meta property=\"article:publisher\" content=\"https:\/\/www.facebook.com\/Goldfr\/\" \/>\n<meta property=\"article:published_time\" content=\"2015-09-18T15:00:58+00:00\" \/>\n<meta property=\"article:modified_time\" content=\"2020-06-30T11:33:13+00:00\" \/>\n<meta property=\"og:image\" content=\"https:\/\/www.gold.fr\/news\/wp-content\/uploads\/2014\/03\/Gold-Fixing.jpg\" \/>\n\t<meta property=\"og:image:width\" content=\"638\" \/>\n\t<meta property=\"og:image:height\" content=\"379\" \/>\n\t<meta property=\"og:image:type\" content=\"image\/jpeg\" \/>\n<meta name=\"author\" content=\"Comptoir National de l&#039;Or\" \/>\n<meta name=\"twitter:card\" content=\"summary_large_image\" \/>\n<meta name=\"twitter:label1\" content=\"\u00c9crit par\" \/>\n\t<meta name=\"twitter:data1\" content=\"Comptoir National de l&#039;Or\" \/>\n\t<meta name=\"twitter:label2\" content=\"Dur\u00e9e de lecture estim\u00e9e\" \/>\n\t<meta name=\"twitter:data2\" content=\"1 minute\" \/>\n<script type=\"application\/ld+json\" class=\"yoast-schema-graph\">{\"@context\":\"https:\\\/\\\/schema.org\",\"@graph\":[{\"@type\":\"Article\",\"@id\":\"https:\\\/\\\/www.gold.fr\\\/news\\\/2015\\\/09\\\/18\\\/fomc-le-verdict-est-tombe\\\/#article\",\"isPartOf\":{\"@id\":\"https:\\\/\\\/www.gold.fr\\\/news\\\/2015\\\/09\\\/18\\\/fomc-le-verdict-est-tombe\\\/\"},\"author\":{\"name\":\"Comptoir National de l'Or\",\"@id\":\"https:\\\/\\\/www.gold.fr\\\/news\\\/#\\\/schema\\\/person\\\/070491b4b4fb7671bf59b3be20302ce9\"},\"headline\":\"FOMC : Le verdict est tomb\u00e9\",\"datePublished\":\"2015-09-18T15:00:58+00:00\",\"dateModified\":\"2020-06-30T11:33:13+00:00\",\"mainEntityOfPage\":{\"@id\":\"https:\\\/\\\/www.gold.fr\\\/news\\\/2015\\\/09\\\/18\\\/fomc-le-verdict-est-tombe\\\/\"},\"wordCount\":266,\"image\":{\"@id\":\"https:\\\/\\\/www.gold.fr\\\/news\\\/2015\\\/09\\\/18\\\/fomc-le-verdict-est-tombe\\\/#primaryimage\"},\"thumbnailUrl\":\"https:\\\/\\\/www.gold.fr\\\/news\\\/wp-content\\\/uploads\\\/2014\\\/03\\\/Gold-Fixing.jpg\",\"keywords\":[\"Bourses mondiales\",\"\u00e9conomie\",\"\u00e9conomie chinoise\",\"fed\",\"FOMC\",\"Janet Yellen\",\"politique mon\u00e9taire\",\"r\u00e9union FOMC\"],\"articleSection\":[\"Articles de presse\"],\"inLanguage\":\"fr-FR\"},{\"@type\":\"WebPage\",\"@id\":\"https:\\\/\\\/www.gold.fr\\\/news\\\/2015\\\/09\\\/18\\\/fomc-le-verdict-est-tombe\\\/\",\"url\":\"https:\\\/\\\/www.gold.fr\\\/news\\\/2015\\\/09\\\/18\\\/fomc-le-verdict-est-tombe\\\/\",\"name\":\"FOMC : Le verdict est tomb\u00e9 - Gold.fr\",\"isPartOf\":{\"@id\":\"https:\\\/\\\/www.gold.fr\\\/news\\\/#website\"},\"primaryImageOfPage\":{\"@id\":\"https:\\\/\\\/www.gold.fr\\\/news\\\/2015\\\/09\\\/18\\\/fomc-le-verdict-est-tombe\\\/#primaryimage\"},\"image\":{\"@id\":\"https:\\\/\\\/www.gold.fr\\\/news\\\/2015\\\/09\\\/18\\\/fomc-le-verdict-est-tombe\\\/#primaryimage\"},\"thumbnailUrl\":\"https:\\\/\\\/www.gold.fr\\\/news\\\/wp-content\\\/uploads\\\/2014\\\/03\\\/Gold-Fixing.jpg\",\"datePublished\":\"2015-09-18T15:00:58+00:00\",\"dateModified\":\"2020-06-30T11:33:13+00:00\",\"author\":{\"@id\":\"https:\\\/\\\/www.gold.fr\\\/news\\\/#\\\/schema\\\/person\\\/070491b4b4fb7671bf59b3be20302ce9\"},\"description\":\"FOMC Le verdict est tomb\u00e9, la r\u00e9serve f\u00e9d\u00e9rale am\u00e9ricaine va finalement maintenir ses taux d\u2019int\u00e9r\u00eat directeurs au statut quo\",\"breadcrumb\":{\"@id\":\"https:\\\/\\\/www.gold.fr\\\/news\\\/2015\\\/09\\\/18\\\/fomc-le-verdict-est-tombe\\\/#breadcrumb\"},\"inLanguage\":\"fr-FR\",\"potentialAction\":[{\"@type\":\"ReadAction\",\"target\":[\"https:\\\/\\\/www.gold.fr\\\/news\\\/2015\\\/09\\\/18\\\/fomc-le-verdict-est-tombe\\\/\"]}]},{\"@type\":\"ImageObject\",\"inLanguage\":\"fr-FR\",\"@id\":\"https:\\\/\\\/www.gold.fr\\\/news\\\/2015\\\/09\\\/18\\\/fomc-le-verdict-est-tombe\\\/#primaryimage\",\"url\":\"https:\\\/\\\/www.gold.fr\\\/news\\\/wp-content\\\/uploads\\\/2014\\\/03\\\/Gold-Fixing.jpg\",\"contentUrl\":\"https:\\\/\\\/www.gold.fr\\\/news\\\/wp-content\\\/uploads\\\/2014\\\/03\\\/Gold-Fixing.jpg\",\"width\":\"638\",\"height\":\"379\",\"caption\":\"March\u00e9s : Les investisseurs retrouvent le go\u00fbt du risque\"},{\"@type\":\"BreadcrumbList\",\"@id\":\"https:\\\/\\\/www.gold.fr\\\/news\\\/2015\\\/09\\\/18\\\/fomc-le-verdict-est-tombe\\\/#breadcrumb\",\"itemListElement\":[{\"@type\":\"ListItem\",\"position\":1,\"name\":\"Accueil\",\"item\":\"https:\\\/\\\/www.gold.fr\\\/\"},{\"@type\":\"ListItem\",\"position\":2,\"name\":\"Actualit\u00e9s\",\"item\":\"https:\\\/\\\/www.gold.fr\\\/news\\\/\"},{\"@type\":\"ListItem\",\"position\":3,\"name\":\"FOMC : Le verdict est tomb\u00e9\"}]},{\"@type\":\"WebSite\",\"@id\":\"https:\\\/\\\/www.gold.fr\\\/news\\\/#website\",\"url\":\"https:\\\/\\\/www.gold.fr\\\/news\\\/\",\"name\":\"Gold.fr\",\"description\":\"Actualit\u00e9s de l&#039;Or et des m\u00e9taux pr\u00e9cieux\",\"potentialAction\":[{\"@type\":\"SearchAction\",\"target\":{\"@type\":\"EntryPoint\",\"urlTemplate\":\"https:\\\/\\\/www.gold.fr\\\/news\\\/?s={search_term_string}\"},\"query-input\":{\"@type\":\"PropertyValueSpecification\",\"valueRequired\":true,\"valueName\":\"search_term_string\"}}],\"inLanguage\":\"fr-FR\"},{\"@type\":\"Person\",\"@id\":\"https:\\\/\\\/www.gold.fr\\\/news\\\/#\\\/schema\\\/person\\\/070491b4b4fb7671bf59b3be20302ce9\",\"name\":\"Comptoir National de l'Or\",\"image\":{\"@type\":\"ImageObject\",\"inLanguage\":\"fr-FR\",\"@id\":\"https:\\\/\\\/secure.gravatar.com\\\/avatar\\\/0a2867fd5abe37bed95d5a65e9d58f01756e11efc68af9888dfc50cfa7f65948?s=96&d=mm&r=gb490554db0a38188709de567aa58480d\",\"url\":\"https:\\\/\\\/secure.gravatar.com\\\/avatar\\\/0a2867fd5abe37bed95d5a65e9d58f01756e11efc68af9888dfc50cfa7f65948?s=96&d=mm&r=g\",\"contentUrl\":\"https:\\\/\\\/secure.gravatar.com\\\/avatar\\\/0a2867fd5abe37bed95d5a65e9d58f01756e11efc68af9888dfc50cfa7f65948?s=96&d=mm&r=g\",\"caption\":\"Comptoir National de l'Or\"},\"description\":\"Notre r\u00e9daction est constitu\u00e9e de membres experts dans les m\u00e9tiers de l'\u00e9conomie et la gestion, des Responsables d'agence Comptoir National de l'Or, des analystes financiers qui publient r\u00e9guli\u00e8rement des \u00e9tudes sur les politiques des banques centrales, le cours de l'or, prix de l'or, cours de l'argent, prix de l'argent, cours du platine, cours du palladium,... la situation en zone euro et l'impact de la strat\u00e9gie mon\u00e9taire de la FED. Notre \u00e9quipe scrute \u00e9galement une information plus g\u00e9n\u00e9raliste \u00e0 la recherche d'actualit\u00e9 \\\"p\u00e9pite\\\" \u00e0 vous partager. Depuis 5 ans, nous avons publi\u00e9 un peu plus de 4000 articles qui s'adressent \u00e0 un public large et vari\u00e9 ayant pour objectif de satisfaire votre curiosit\u00e9 et de partager avec vous une certaine fascination pour le m\u00e9tal jaune, le rachat d'or, et pour ceux qui veulent investir dans l'or, vendre leur or tout simplement en savoir plus... Pour tous vos achat or et argent, n'h\u00e9sitez pas \u00e0 prendre rendez-vous dans l'un de nos nombreux comptoirs.\",\"sameAs\":[\"https:\\\/\\\/www.gold.fr\"]}]}<\/script>\n<!-- \/ Yoast SEO plugin. -->","yoast_head_json":{"title":"FOMC : Le verdict est tomb\u00e9 - Gold.fr","description":"FOMC Le verdict est tomb\u00e9, la r\u00e9serve f\u00e9d\u00e9rale am\u00e9ricaine va finalement maintenir ses taux d\u2019int\u00e9r\u00eat directeurs au statut quo","robots":{"index":"index","follow":"follow","max-snippet":"max-snippet:-1","max-image-preview":"max-image-preview:large","max-video-preview":"max-video-preview:-1"},"canonical":"https:\/\/www.gold.fr\/news\/2015\/09\/18\/fomc-le-verdict-est-tombe\/","og_locale":"fr_FR","og_type":"article","og_title":"FOMC : Le verdict est tomb\u00e9 - Gold.fr","og_description":"FOMC Le verdict est tomb\u00e9, la r\u00e9serve f\u00e9d\u00e9rale am\u00e9ricaine va finalement maintenir ses taux d\u2019int\u00e9r\u00eat directeurs au statut quo","og_url":"https:\/\/www.gold.fr\/news\/2015\/09\/18\/fomc-le-verdict-est-tombe\/","og_site_name":"Gold.fr","article_publisher":"https:\/\/www.facebook.com\/Goldfr\/","article_published_time":"2015-09-18T15:00:58+00:00","article_modified_time":"2020-06-30T11:33:13+00:00","og_image":[{"width":638,"height":379,"url":"https:\/\/www.gold.fr\/news\/wp-content\/uploads\/2014\/03\/Gold-Fixing.jpg","type":"image\/jpeg"}],"author":"Comptoir National de l'Or","twitter_card":"summary_large_image","twitter_misc":{"\u00c9crit par":"Comptoir National de l'Or","Dur\u00e9e de lecture estim\u00e9e":"1 minute"},"schema":{"@context":"https:\/\/schema.org","@graph":[{"@type":"Article","@id":"https:\/\/www.gold.fr\/news\/2015\/09\/18\/fomc-le-verdict-est-tombe\/#article","isPartOf":{"@id":"https:\/\/www.gold.fr\/news\/2015\/09\/18\/fomc-le-verdict-est-tombe\/"},"author":{"name":"Comptoir National de l'Or","@id":"https:\/\/www.gold.fr\/news\/#\/schema\/person\/070491b4b4fb7671bf59b3be20302ce9"},"headline":"FOMC : Le verdict est tomb\u00e9","datePublished":"2015-09-18T15:00:58+00:00","dateModified":"2020-06-30T11:33:13+00:00","mainEntityOfPage":{"@id":"https:\/\/www.gold.fr\/news\/2015\/09\/18\/fomc-le-verdict-est-tombe\/"},"wordCount":266,"image":{"@id":"https:\/\/www.gold.fr\/news\/2015\/09\/18\/fomc-le-verdict-est-tombe\/#primaryimage"},"thumbnailUrl":"https:\/\/www.gold.fr\/news\/wp-content\/uploads\/2014\/03\/Gold-Fixing.jpg","keywords":["Bourses mondiales","\u00e9conomie","\u00e9conomie chinoise","fed","FOMC","Janet Yellen","politique mon\u00e9taire","r\u00e9union FOMC"],"articleSection":["Articles de presse"],"inLanguage":"fr-FR"},{"@type":"WebPage","@id":"https:\/\/www.gold.fr\/news\/2015\/09\/18\/fomc-le-verdict-est-tombe\/","url":"https:\/\/www.gold.fr\/news\/2015\/09\/18\/fomc-le-verdict-est-tombe\/","name":"FOMC : Le verdict est tomb\u00e9 - Gold.fr","isPartOf":{"@id":"https:\/\/www.gold.fr\/news\/#website"},"primaryImageOfPage":{"@id":"https:\/\/www.gold.fr\/news\/2015\/09\/18\/fomc-le-verdict-est-tombe\/#primaryimage"},"image":{"@id":"https:\/\/www.gold.fr\/news\/2015\/09\/18\/fomc-le-verdict-est-tombe\/#primaryimage"},"thumbnailUrl":"https:\/\/www.gold.fr\/news\/wp-content\/uploads\/2014\/03\/Gold-Fixing.jpg","datePublished":"2015-09-18T15:00:58+00:00","dateModified":"2020-06-30T11:33:13+00:00","author":{"@id":"https:\/\/www.gold.fr\/news\/#\/schema\/person\/070491b4b4fb7671bf59b3be20302ce9"},"description":"FOMC Le verdict est tomb\u00e9, la r\u00e9serve f\u00e9d\u00e9rale am\u00e9ricaine va finalement maintenir ses taux d\u2019int\u00e9r\u00eat directeurs au statut quo","breadcrumb":{"@id":"https:\/\/www.gold.fr\/news\/2015\/09\/18\/fomc-le-verdict-est-tombe\/#breadcrumb"},"inLanguage":"fr-FR","potentialAction":[{"@type":"ReadAction","target":["https:\/\/www.gold.fr\/news\/2015\/09\/18\/fomc-le-verdict-est-tombe\/"]}]},{"@type":"ImageObject","inLanguage":"fr-FR","@id":"https:\/\/www.gold.fr\/news\/2015\/09\/18\/fomc-le-verdict-est-tombe\/#primaryimage","url":"https:\/\/www.gold.fr\/news\/wp-content\/uploads\/2014\/03\/Gold-Fixing.jpg","contentUrl":"https:\/\/www.gold.fr\/news\/wp-content\/uploads\/2014\/03\/Gold-Fixing.jpg","width":"638","height":"379","caption":"March\u00e9s : Les investisseurs retrouvent le go\u00fbt du risque"},{"@type":"BreadcrumbList","@id":"https:\/\/www.gold.fr\/news\/2015\/09\/18\/fomc-le-verdict-est-tombe\/#breadcrumb","itemListElement":[{"@type":"ListItem","position":1,"name":"Accueil","item":"https:\/\/www.gold.fr\/"},{"@type":"ListItem","position":2,"name":"Actualit\u00e9s","item":"https:\/\/www.gold.fr\/news\/"},{"@type":"ListItem","position":3,"name":"FOMC : Le verdict est tomb\u00e9"}]},{"@type":"WebSite","@id":"https:\/\/www.gold.fr\/news\/#website","url":"https:\/\/www.gold.fr\/news\/","name":"Gold.fr","description":"Actualit\u00e9s de l&#039;Or et des m\u00e9taux pr\u00e9cieux","potentialAction":[{"@type":"SearchAction","target":{"@type":"EntryPoint","urlTemplate":"https:\/\/www.gold.fr\/news\/?s={search_term_string}"},"query-input":{"@type":"PropertyValueSpecification","valueRequired":true,"valueName":"search_term_string"}}],"inLanguage":"fr-FR"},{"@type":"Person","@id":"https:\/\/www.gold.fr\/news\/#\/schema\/person\/070491b4b4fb7671bf59b3be20302ce9","name":"Comptoir National de l'Or","image":{"@type":"ImageObject","inLanguage":"fr-FR","@id":"https:\/\/secure.gravatar.com\/avatar\/0a2867fd5abe37bed95d5a65e9d58f01756e11efc68af9888dfc50cfa7f65948?s=96&d=mm&r=gb490554db0a38188709de567aa58480d","url":"https:\/\/secure.gravatar.com\/avatar\/0a2867fd5abe37bed95d5a65e9d58f01756e11efc68af9888dfc50cfa7f65948?s=96&d=mm&r=g","contentUrl":"https:\/\/secure.gravatar.com\/avatar\/0a2867fd5abe37bed95d5a65e9d58f01756e11efc68af9888dfc50cfa7f65948?s=96&d=mm&r=g","caption":"Comptoir National de l'Or"},"description":"Notre r\u00e9daction est constitu\u00e9e de membres experts dans les m\u00e9tiers de l'\u00e9conomie et la gestion, des Responsables d'agence Comptoir National de l'Or, des analystes financiers qui publient r\u00e9guli\u00e8rement des \u00e9tudes sur les politiques des banques centrales, le cours de l'or, prix de l'or, cours de l'argent, prix de l'argent, cours du platine, cours du palladium,... la situation en zone euro et l'impact de la strat\u00e9gie mon\u00e9taire de la FED. Notre \u00e9quipe scrute \u00e9galement une information plus g\u00e9n\u00e9raliste \u00e0 la recherche d'actualit\u00e9 \"p\u00e9pite\" \u00e0 vous partager. Depuis 5 ans, nous avons publi\u00e9 un peu plus de 4000 articles qui s'adressent \u00e0 un public large et vari\u00e9 ayant pour objectif de satisfaire votre curiosit\u00e9 et de partager avec vous une certaine fascination pour le m\u00e9tal jaune, le rachat d'or, et pour ceux qui veulent investir dans l'or, vendre leur or tout simplement en savoir plus... Pour tous vos achat or et argent, n'h\u00e9sitez pas \u00e0 prendre rendez-vous dans l'un de nos nombreux comptoirs.","sameAs":["https:\/\/www.gold.fr"]}]}},"authors":[{"term_id":2565,"user_id":18,"is_guest":0,"slug":"julie","display_name":"Comptoir National de l'Or","avatar_url":"https:\/\/secure.gravatar.com\/avatar\/713f289e398d35ead876c4a4cc08607f0d6d266058cfc25683fffb6092d0e572?s=96&d=mm&r=g","0":null,"1":"","2":"","3":"","4":"","5":"","6":"","7":"","8":""}],"_links":{"self":[{"href":"https:\/\/www.gold.fr\/news\/wp-json\/wp\/v2\/posts\/17976","targetHints":{"allow":["GET"]}}],"collection":[{"href":"https:\/\/www.gold.fr\/news\/wp-json\/wp\/v2\/posts"}],"about":[{"href":"https:\/\/www.gold.fr\/news\/wp-json\/wp\/v2\/types\/post"}],"author":[{"embeddable":true,"href":"https:\/\/www.gold.fr\/news\/wp-json\/wp\/v2\/users\/18"}],"replies":[{"embeddable":true,"href":"https:\/\/www.gold.fr\/news\/wp-json\/wp\/v2\/comments?post=17976"}],"version-history":[{"count":0,"href":"https:\/\/www.gold.fr\/news\/wp-json\/wp\/v2\/posts\/17976\/revisions"}],"wp:featuredmedia":[{"embeddable":true,"href":"https:\/\/www.gold.fr\/news\/wp-json\/wp\/v2\/media\/14173"}],"wp:attachment":[{"href":"https:\/\/www.gold.fr\/news\/wp-json\/wp\/v2\/media?parent=17976"}],"wp:term":[{"taxonomy":"category","embeddable":true,"href":"https:\/\/www.gold.fr\/news\/wp-json\/wp\/v2\/categories?post=17976"},{"taxonomy":"post_tag","embeddable":true,"href":"https:\/\/www.gold.fr\/news\/wp-json\/wp\/v2\/tags?post=17976"},{"taxonomy":"author","embeddable":true,"href":"https:\/\/www.gold.fr\/news\/wp-json\/wp\/v2\/ppma_author?post=17976"}],"curies":[{"name":"wp","href":"https:\/\/api.w.org\/{rel}","templated":true}]}}