{"id":17948,"date":"2015-09-16T13:00:17","date_gmt":"2015-09-16T11:00:17","guid":{"rendered":"https:\/\/www.gold.fr\/news\/?p=17948"},"modified":"2020-10-09T13:55:25","modified_gmt":"2020-10-09T11:55:25","slug":"le-jour-j-du-fomc","status":"publish","type":"post","link":"https:\/\/www.gold.fr\/news\/2015\/09\/16\/le-jour-j-du-fomc\/","title":{"rendered":"Le jour-J du FOMC"},"content":{"rendered":"<p><img loading=\"lazy\" decoding=\"async\" class=\"alignleft size-thumbnail wp-image-5937\" title=\"Cours de l'Or de Bourse\" src=\"https:\/\/www.gold.fr\/news\/wp-content\/uploads\/2012\/02\/lingots-dollar-or-150x150.jpg\" alt=\"\" width=\"150\" height=\"150\" \/><span style=\"font-size: small;\">Une importante panoplie de rapports et statistiques macro\u00e9conomiques jonchent pourtant le calendrier de cette semaine, dont notamment, aux <strong>Etats-Unis<\/strong>, les ventes de d\u00e9tail, la production industrielle, l&rsquo;inflation et la construction r\u00e9sidentielle. Ou encore, en <strong>Europe<\/strong>, l&rsquo;indice <strong>ZEW<\/strong> en <strong>Allemagne<\/strong>, la balance commerciale et l&rsquo;inflation dans la <strong>zone euro<\/strong>, ou encore l&rsquo;inflation, le ch\u00f4mage et les ventes de d\u00e9tail aux <strong>Royaume Uni<\/strong>. Mais l&rsquo;attention des march\u00e9s et de la communaut\u00e9 \u00e9conomiste est enti\u00e8rement monopolis\u00e9e par le rendez-vous qui d\u00e9bute aujourd&rsquo;hui m\u00eame et prend fin demain, jeudi.<\/span> <span style=\"font-size: small;\">Il faut rappeler que si la r\u00e9serve f\u00e9d\u00e9rale am\u00e9ricaine ne prend aucune mesure ce mois-ci, il est peu probable, selon les experts, qu&rsquo;elle le fasse suite \u00e0 sa r\u00e9union du mois d&rsquo;octobre, puisqu&rsquo;elle \u00ab\u00a0<em>ne sera pas suivie d&rsquo;une conf\u00e9rence de presse \u00bb<\/em>.<\/span> <span style=\"font-size: small;\">L&rsquo;<a class=\"esk-seo-plu-link\" href=\"https:\/\/www.gold.fr\/news\/tags\/or\">or<\/a> ouvre la s\u00e9ance de ce <strong>mercredi 16 septembre 2015<\/strong> avec un <a title=\"Cours de l'Or\" href=\"https:\/\/www.gold.fr\/cours-or-prix-de-l-or\/\" target=\"_blank\" rel=\"noopener noreferrer\">cours<\/a> stabilis\u00e9 de <strong>1,106.10<\/strong> <strong><a class=\"esk-seo-plu-link\" href=\"https:\/\/www.gold.fr\/news\/tags\/investissement\">dollars<\/a><\/strong> <a title=\"Prix de l'Once de l'Or\" href=\"https:\/\/www.gold.fr\/once-or-nyc\/\" target=\"_blank\" rel=\"noopener noreferrer\">l&rsquo;once<\/a>.<\/span><\/p>\n<!-- AddThis Advanced Settings generic via filter on the_content --><!-- AddThis Share Buttons generic via filter on the_content -->","protected":false},"excerpt":{"rendered":"<p>Une importante panoplie de rapports et statistiques macro\u00e9conomiques jonchent pourtant le calendrier de cette semaine, dont notamment, aux Etats-Unis, les ventes de d\u00e9tail, la production industrielle, l&rsquo;inflation et la construction r\u00e9sidentielle. Ou encore, en Europe, l&rsquo;indice [&hellip;]<\/p>\n","protected":false},"author":18,"featured_media":5937,"comment_status":"closed","ping_status":"closed","sticky":false,"template":"","format":"standard","meta":{"_mbp_gutenberg_autopost":false,"_pgmb_is_evergreen":false,"_pgmb_ap_template_id":0,"footnotes":""},"categories":[5],"tags":[385,84,210,74],"ppma_author":[2565],"class_list":["post-17948","post","type-post","status-publish","format-standard","has-post-thumbnail","hentry","category-flash-infos","tag-cours-de-lor-de-bourse","tag-cours-de-lor","tag-_cours-de-lor_footer_","tag-_home-page_footer_"],"yoast_head":"<!-- This site is optimized with the Yoast SEO plugin v27.5 - https:\/\/yoast.com\/product\/yoast-seo-wordpress\/ -->\n<title>Le jour-J du FOMC Rapports inflation, \u00e9conomie, ch\u00f4mage, zone euro<\/title>\n<meta name=\"description\" content=\"Le jour-J du FOMC Rapports sur les ventes de d\u00e9tail, la production industrielle, et l\u2019inflation dans la zone euro, ch\u00f4mage\" \/>\n<meta name=\"robots\" content=\"index, follow, max-snippet:-1, max-image-preview:large, max-video-preview:-1\" \/>\n<link rel=\"canonical\" href=\"https:\/\/www.gold.fr\/news\/2015\/09\/16\/le-jour-j-du-fomc\/\" \/>\n<meta property=\"og:locale\" content=\"fr_FR\" \/>\n<meta property=\"og:type\" content=\"article\" \/>\n<meta property=\"og:title\" content=\"Le jour-J du FOMC Rapports inflation, \u00e9conomie, ch\u00f4mage, zone euro\" \/>\n<meta property=\"og:description\" content=\"Le jour-J du FOMC Rapports sur les ventes de d\u00e9tail, la production industrielle, et l\u2019inflation dans la zone euro, ch\u00f4mage\" \/>\n<meta property=\"og:url\" content=\"https:\/\/www.gold.fr\/news\/2015\/09\/16\/le-jour-j-du-fomc\/\" \/>\n<meta property=\"og:site_name\" content=\"Gold.fr\" \/>\n<meta property=\"article:publisher\" content=\"https:\/\/www.facebook.com\/Goldfr\/\" \/>\n<meta property=\"article:published_time\" content=\"2015-09-16T11:00:17+00:00\" \/>\n<meta property=\"article:modified_time\" content=\"2020-10-09T11:55:25+00:00\" \/>\n<meta property=\"og:image\" content=\"https:\/\/www.gold.fr\/news\/wp-content\/uploads\/2012\/02\/lingots-dollar-or.jpg\" \/>\n\t<meta property=\"og:image:width\" content=\"600\" \/>\n\t<meta property=\"og:image:height\" content=\"464\" \/>\n\t<meta property=\"og:image:type\" content=\"image\/jpeg\" \/>\n<meta name=\"author\" content=\"Comptoir National de l&#039;Or\" \/>\n<meta name=\"twitter:card\" content=\"summary_large_image\" \/>\n<meta name=\"twitter:label1\" content=\"\u00c9crit par\" \/>\n\t<meta name=\"twitter:data1\" content=\"Comptoir National de l&#039;Or\" \/>\n\t<meta name=\"twitter:label2\" content=\"Dur\u00e9e de lecture estim\u00e9e\" \/>\n\t<meta name=\"twitter:data2\" content=\"1 minute\" \/>\n<script type=\"application\/ld+json\" class=\"yoast-schema-graph\">{\"@context\":\"https:\\\/\\\/schema.org\",\"@graph\":[{\"@type\":\"Article\",\"@id\":\"https:\\\/\\\/www.gold.fr\\\/news\\\/2015\\\/09\\\/16\\\/le-jour-j-du-fomc\\\/#article\",\"isPartOf\":{\"@id\":\"https:\\\/\\\/www.gold.fr\\\/news\\\/2015\\\/09\\\/16\\\/le-jour-j-du-fomc\\\/\"},\"author\":{\"name\":\"Comptoir National de l'Or\",\"@id\":\"https:\\\/\\\/www.gold.fr\\\/news\\\/#\\\/schema\\\/person\\\/070491b4b4fb7671bf59b3be20302ce9\"},\"headline\":\"Le jour-J du FOMC\",\"datePublished\":\"2015-09-16T11:00:17+00:00\",\"dateModified\":\"2020-10-09T11:55:25+00:00\",\"mainEntityOfPage\":{\"@id\":\"https:\\\/\\\/www.gold.fr\\\/news\\\/2015\\\/09\\\/16\\\/le-jour-j-du-fomc\\\/\"},\"wordCount\":173,\"image\":{\"@id\":\"https:\\\/\\\/www.gold.fr\\\/news\\\/2015\\\/09\\\/16\\\/le-jour-j-du-fomc\\\/#primaryimage\"},\"thumbnailUrl\":\"https:\\\/\\\/www.gold.fr\\\/news\\\/wp-content\\\/uploads\\\/2012\\\/02\\\/lingots-dollar-or.jpg\",\"keywords\":[\"cours de l'or de bourse\",\"Tout Cours de l'Or\",\"_Cours de l\u2019Or_Footer_\",\"_Home page Footer_\"],\"articleSection\":[\"Flash infos\"],\"inLanguage\":\"fr-FR\"},{\"@type\":\"WebPage\",\"@id\":\"https:\\\/\\\/www.gold.fr\\\/news\\\/2015\\\/09\\\/16\\\/le-jour-j-du-fomc\\\/\",\"url\":\"https:\\\/\\\/www.gold.fr\\\/news\\\/2015\\\/09\\\/16\\\/le-jour-j-du-fomc\\\/\",\"name\":\"Le jour-J du FOMC Rapports inflation, \u00e9conomie, ch\u00f4mage, zone euro\",\"isPartOf\":{\"@id\":\"https:\\\/\\\/www.gold.fr\\\/news\\\/#website\"},\"primaryImageOfPage\":{\"@id\":\"https:\\\/\\\/www.gold.fr\\\/news\\\/2015\\\/09\\\/16\\\/le-jour-j-du-fomc\\\/#primaryimage\"},\"image\":{\"@id\":\"https:\\\/\\\/www.gold.fr\\\/news\\\/2015\\\/09\\\/16\\\/le-jour-j-du-fomc\\\/#primaryimage\"},\"thumbnailUrl\":\"https:\\\/\\\/www.gold.fr\\\/news\\\/wp-content\\\/uploads\\\/2012\\\/02\\\/lingots-dollar-or.jpg\",\"datePublished\":\"2015-09-16T11:00:17+00:00\",\"dateModified\":\"2020-10-09T11:55:25+00:00\",\"author\":{\"@id\":\"https:\\\/\\\/www.gold.fr\\\/news\\\/#\\\/schema\\\/person\\\/070491b4b4fb7671bf59b3be20302ce9\"},\"description\":\"Le jour-J du FOMC Rapports sur les ventes de d\u00e9tail, la production industrielle, et l\u2019inflation dans la zone euro, ch\u00f4mage\",\"breadcrumb\":{\"@id\":\"https:\\\/\\\/www.gold.fr\\\/news\\\/2015\\\/09\\\/16\\\/le-jour-j-du-fomc\\\/#breadcrumb\"},\"inLanguage\":\"fr-FR\",\"potentialAction\":[{\"@type\":\"ReadAction\",\"target\":[\"https:\\\/\\\/www.gold.fr\\\/news\\\/2015\\\/09\\\/16\\\/le-jour-j-du-fomc\\\/\"]}]},{\"@type\":\"ImageObject\",\"inLanguage\":\"fr-FR\",\"@id\":\"https:\\\/\\\/www.gold.fr\\\/news\\\/2015\\\/09\\\/16\\\/le-jour-j-du-fomc\\\/#primaryimage\",\"url\":\"https:\\\/\\\/www.gold.fr\\\/news\\\/wp-content\\\/uploads\\\/2012\\\/02\\\/lingots-dollar-or.jpg\",\"contentUrl\":\"https:\\\/\\\/www.gold.fr\\\/news\\\/wp-content\\\/uploads\\\/2012\\\/02\\\/lingots-dollar-or.jpg\",\"width\":\"600\",\"height\":\"464\",\"caption\":\"Les experts optimistes quant \u00e0 l\u2019\u00e9volution du cours de l\u2019or\"},{\"@type\":\"BreadcrumbList\",\"@id\":\"https:\\\/\\\/www.gold.fr\\\/news\\\/2015\\\/09\\\/16\\\/le-jour-j-du-fomc\\\/#breadcrumb\",\"itemListElement\":[{\"@type\":\"ListItem\",\"position\":1,\"name\":\"Accueil\",\"item\":\"https:\\\/\\\/www.gold.fr\\\/\"},{\"@type\":\"ListItem\",\"position\":2,\"name\":\"Actualit\u00e9s\",\"item\":\"https:\\\/\\\/www.gold.fr\\\/news\\\/\"},{\"@type\":\"ListItem\",\"position\":3,\"name\":\"Le jour-J du FOMC\"}]},{\"@type\":\"WebSite\",\"@id\":\"https:\\\/\\\/www.gold.fr\\\/news\\\/#website\",\"url\":\"https:\\\/\\\/www.gold.fr\\\/news\\\/\",\"name\":\"Gold.fr\",\"description\":\"Actualit\u00e9s de l&#039;Or et des m\u00e9taux pr\u00e9cieux\",\"potentialAction\":[{\"@type\":\"SearchAction\",\"target\":{\"@type\":\"EntryPoint\",\"urlTemplate\":\"https:\\\/\\\/www.gold.fr\\\/news\\\/?s={search_term_string}\"},\"query-input\":{\"@type\":\"PropertyValueSpecification\",\"valueRequired\":true,\"valueName\":\"search_term_string\"}}],\"inLanguage\":\"fr-FR\"},{\"@type\":\"Person\",\"@id\":\"https:\\\/\\\/www.gold.fr\\\/news\\\/#\\\/schema\\\/person\\\/070491b4b4fb7671bf59b3be20302ce9\",\"name\":\"Comptoir National de l'Or\",\"image\":{\"@type\":\"ImageObject\",\"inLanguage\":\"fr-FR\",\"@id\":\"https:\\\/\\\/secure.gravatar.com\\\/avatar\\\/0a2867fd5abe37bed95d5a65e9d58f01756e11efc68af9888dfc50cfa7f65948?s=96&d=mm&r=gb490554db0a38188709de567aa58480d\",\"url\":\"https:\\\/\\\/secure.gravatar.com\\\/avatar\\\/0a2867fd5abe37bed95d5a65e9d58f01756e11efc68af9888dfc50cfa7f65948?s=96&d=mm&r=g\",\"contentUrl\":\"https:\\\/\\\/secure.gravatar.com\\\/avatar\\\/0a2867fd5abe37bed95d5a65e9d58f01756e11efc68af9888dfc50cfa7f65948?s=96&d=mm&r=g\",\"caption\":\"Comptoir National de l'Or\"},\"description\":\"Notre r\u00e9daction est constitu\u00e9e de membres experts dans les m\u00e9tiers de l'\u00e9conomie et la gestion, des Responsables d'agence Comptoir National de l'Or, des analystes financiers qui publient r\u00e9guli\u00e8rement des \u00e9tudes sur les politiques des banques centrales, le cours de l'or, prix de l'or, cours de l'argent, prix de l'argent, cours du platine, cours du palladium,... la situation en zone euro et l'impact de la strat\u00e9gie mon\u00e9taire de la FED. Notre \u00e9quipe scrute \u00e9galement une information plus g\u00e9n\u00e9raliste \u00e0 la recherche d'actualit\u00e9 \\\"p\u00e9pite\\\" \u00e0 vous partager. Depuis 5 ans, nous avons publi\u00e9 un peu plus de 4000 articles qui s'adressent \u00e0 un public large et vari\u00e9 ayant pour objectif de satisfaire votre curiosit\u00e9 et de partager avec vous une certaine fascination pour le m\u00e9tal jaune, le rachat d'or, et pour ceux qui veulent investir dans l'or, vendre leur or tout simplement en savoir plus... Pour tous vos achat or et argent, n'h\u00e9sitez pas \u00e0 prendre rendez-vous dans l'un de nos nombreux comptoirs.\",\"sameAs\":[\"https:\\\/\\\/www.gold.fr\"]}]}<\/script>\n<!-- \/ Yoast SEO plugin. -->","yoast_head_json":{"title":"Le jour-J du FOMC Rapports inflation, \u00e9conomie, ch\u00f4mage, zone euro","description":"Le jour-J du FOMC Rapports sur les ventes de d\u00e9tail, la production industrielle, et l\u2019inflation dans la zone euro, ch\u00f4mage","robots":{"index":"index","follow":"follow","max-snippet":"max-snippet:-1","max-image-preview":"max-image-preview:large","max-video-preview":"max-video-preview:-1"},"canonical":"https:\/\/www.gold.fr\/news\/2015\/09\/16\/le-jour-j-du-fomc\/","og_locale":"fr_FR","og_type":"article","og_title":"Le jour-J du FOMC Rapports inflation, \u00e9conomie, ch\u00f4mage, zone euro","og_description":"Le jour-J du FOMC Rapports sur les ventes de d\u00e9tail, la production industrielle, et l\u2019inflation dans la zone euro, ch\u00f4mage","og_url":"https:\/\/www.gold.fr\/news\/2015\/09\/16\/le-jour-j-du-fomc\/","og_site_name":"Gold.fr","article_publisher":"https:\/\/www.facebook.com\/Goldfr\/","article_published_time":"2015-09-16T11:00:17+00:00","article_modified_time":"2020-10-09T11:55:25+00:00","og_image":[{"width":600,"height":464,"url":"https:\/\/www.gold.fr\/news\/wp-content\/uploads\/2012\/02\/lingots-dollar-or.jpg","type":"image\/jpeg"}],"author":"Comptoir National de l'Or","twitter_card":"summary_large_image","twitter_misc":{"\u00c9crit par":"Comptoir National de l'Or","Dur\u00e9e de lecture estim\u00e9e":"1 minute"},"schema":{"@context":"https:\/\/schema.org","@graph":[{"@type":"Article","@id":"https:\/\/www.gold.fr\/news\/2015\/09\/16\/le-jour-j-du-fomc\/#article","isPartOf":{"@id":"https:\/\/www.gold.fr\/news\/2015\/09\/16\/le-jour-j-du-fomc\/"},"author":{"name":"Comptoir National de l'Or","@id":"https:\/\/www.gold.fr\/news\/#\/schema\/person\/070491b4b4fb7671bf59b3be20302ce9"},"headline":"Le jour-J du FOMC","datePublished":"2015-09-16T11:00:17+00:00","dateModified":"2020-10-09T11:55:25+00:00","mainEntityOfPage":{"@id":"https:\/\/www.gold.fr\/news\/2015\/09\/16\/le-jour-j-du-fomc\/"},"wordCount":173,"image":{"@id":"https:\/\/www.gold.fr\/news\/2015\/09\/16\/le-jour-j-du-fomc\/#primaryimage"},"thumbnailUrl":"https:\/\/www.gold.fr\/news\/wp-content\/uploads\/2012\/02\/lingots-dollar-or.jpg","keywords":["cours de l'or de bourse","Tout Cours de l'Or","_Cours de l\u2019Or_Footer_","_Home page Footer_"],"articleSection":["Flash infos"],"inLanguage":"fr-FR"},{"@type":"WebPage","@id":"https:\/\/www.gold.fr\/news\/2015\/09\/16\/le-jour-j-du-fomc\/","url":"https:\/\/www.gold.fr\/news\/2015\/09\/16\/le-jour-j-du-fomc\/","name":"Le jour-J du FOMC Rapports inflation, \u00e9conomie, ch\u00f4mage, zone euro","isPartOf":{"@id":"https:\/\/www.gold.fr\/news\/#website"},"primaryImageOfPage":{"@id":"https:\/\/www.gold.fr\/news\/2015\/09\/16\/le-jour-j-du-fomc\/#primaryimage"},"image":{"@id":"https:\/\/www.gold.fr\/news\/2015\/09\/16\/le-jour-j-du-fomc\/#primaryimage"},"thumbnailUrl":"https:\/\/www.gold.fr\/news\/wp-content\/uploads\/2012\/02\/lingots-dollar-or.jpg","datePublished":"2015-09-16T11:00:17+00:00","dateModified":"2020-10-09T11:55:25+00:00","author":{"@id":"https:\/\/www.gold.fr\/news\/#\/schema\/person\/070491b4b4fb7671bf59b3be20302ce9"},"description":"Le jour-J du FOMC Rapports sur les ventes de d\u00e9tail, la production industrielle, et l\u2019inflation dans la zone euro, ch\u00f4mage","breadcrumb":{"@id":"https:\/\/www.gold.fr\/news\/2015\/09\/16\/le-jour-j-du-fomc\/#breadcrumb"},"inLanguage":"fr-FR","potentialAction":[{"@type":"ReadAction","target":["https:\/\/www.gold.fr\/news\/2015\/09\/16\/le-jour-j-du-fomc\/"]}]},{"@type":"ImageObject","inLanguage":"fr-FR","@id":"https:\/\/www.gold.fr\/news\/2015\/09\/16\/le-jour-j-du-fomc\/#primaryimage","url":"https:\/\/www.gold.fr\/news\/wp-content\/uploads\/2012\/02\/lingots-dollar-or.jpg","contentUrl":"https:\/\/www.gold.fr\/news\/wp-content\/uploads\/2012\/02\/lingots-dollar-or.jpg","width":"600","height":"464","caption":"Les experts optimistes quant \u00e0 l\u2019\u00e9volution du cours de l\u2019or"},{"@type":"BreadcrumbList","@id":"https:\/\/www.gold.fr\/news\/2015\/09\/16\/le-jour-j-du-fomc\/#breadcrumb","itemListElement":[{"@type":"ListItem","position":1,"name":"Accueil","item":"https:\/\/www.gold.fr\/"},{"@type":"ListItem","position":2,"name":"Actualit\u00e9s","item":"https:\/\/www.gold.fr\/news\/"},{"@type":"ListItem","position":3,"name":"Le jour-J du FOMC"}]},{"@type":"WebSite","@id":"https:\/\/www.gold.fr\/news\/#website","url":"https:\/\/www.gold.fr\/news\/","name":"Gold.fr","description":"Actualit\u00e9s de l&#039;Or et des m\u00e9taux pr\u00e9cieux","potentialAction":[{"@type":"SearchAction","target":{"@type":"EntryPoint","urlTemplate":"https:\/\/www.gold.fr\/news\/?s={search_term_string}"},"query-input":{"@type":"PropertyValueSpecification","valueRequired":true,"valueName":"search_term_string"}}],"inLanguage":"fr-FR"},{"@type":"Person","@id":"https:\/\/www.gold.fr\/news\/#\/schema\/person\/070491b4b4fb7671bf59b3be20302ce9","name":"Comptoir National de l'Or","image":{"@type":"ImageObject","inLanguage":"fr-FR","@id":"https:\/\/secure.gravatar.com\/avatar\/0a2867fd5abe37bed95d5a65e9d58f01756e11efc68af9888dfc50cfa7f65948?s=96&d=mm&r=gb490554db0a38188709de567aa58480d","url":"https:\/\/secure.gravatar.com\/avatar\/0a2867fd5abe37bed95d5a65e9d58f01756e11efc68af9888dfc50cfa7f65948?s=96&d=mm&r=g","contentUrl":"https:\/\/secure.gravatar.com\/avatar\/0a2867fd5abe37bed95d5a65e9d58f01756e11efc68af9888dfc50cfa7f65948?s=96&d=mm&r=g","caption":"Comptoir National de l'Or"},"description":"Notre r\u00e9daction est constitu\u00e9e de membres experts dans les m\u00e9tiers de l'\u00e9conomie et la gestion, des Responsables d'agence Comptoir National de l'Or, des analystes financiers qui publient r\u00e9guli\u00e8rement des \u00e9tudes sur les politiques des banques centrales, le cours de l'or, prix de l'or, cours de l'argent, prix de l'argent, cours du platine, cours du palladium,... la situation en zone euro et l'impact de la strat\u00e9gie mon\u00e9taire de la FED. Notre \u00e9quipe scrute \u00e9galement une information plus g\u00e9n\u00e9raliste \u00e0 la recherche d'actualit\u00e9 \"p\u00e9pite\" \u00e0 vous partager. Depuis 5 ans, nous avons publi\u00e9 un peu plus de 4000 articles qui s'adressent \u00e0 un public large et vari\u00e9 ayant pour objectif de satisfaire votre curiosit\u00e9 et de partager avec vous une certaine fascination pour le m\u00e9tal jaune, le rachat d'or, et pour ceux qui veulent investir dans l'or, vendre leur or tout simplement en savoir plus... Pour tous vos achat or et argent, n'h\u00e9sitez pas \u00e0 prendre rendez-vous dans l'un de nos nombreux comptoirs.","sameAs":["https:\/\/www.gold.fr"]}]}},"authors":[{"term_id":2565,"user_id":18,"is_guest":0,"slug":"julie","display_name":"Comptoir National de l'Or","avatar_url":"https:\/\/secure.gravatar.com\/avatar\/713f289e398d35ead876c4a4cc08607f0d6d266058cfc25683fffb6092d0e572?s=96&d=mm&r=g","0":null,"1":"","2":"","3":"","4":"","5":"","6":"","7":"","8":""}],"_links":{"self":[{"href":"https:\/\/www.gold.fr\/news\/wp-json\/wp\/v2\/posts\/17948","targetHints":{"allow":["GET"]}}],"collection":[{"href":"https:\/\/www.gold.fr\/news\/wp-json\/wp\/v2\/posts"}],"about":[{"href":"https:\/\/www.gold.fr\/news\/wp-json\/wp\/v2\/types\/post"}],"author":[{"embeddable":true,"href":"https:\/\/www.gold.fr\/news\/wp-json\/wp\/v2\/users\/18"}],"replies":[{"embeddable":true,"href":"https:\/\/www.gold.fr\/news\/wp-json\/wp\/v2\/comments?post=17948"}],"version-history":[{"count":0,"href":"https:\/\/www.gold.fr\/news\/wp-json\/wp\/v2\/posts\/17948\/revisions"}],"wp:featuredmedia":[{"embeddable":true,"href":"https:\/\/www.gold.fr\/news\/wp-json\/wp\/v2\/media\/5937"}],"wp:attachment":[{"href":"https:\/\/www.gold.fr\/news\/wp-json\/wp\/v2\/media?parent=17948"}],"wp:term":[{"taxonomy":"category","embeddable":true,"href":"https:\/\/www.gold.fr\/news\/wp-json\/wp\/v2\/categories?post=17948"},{"taxonomy":"post_tag","embeddable":true,"href":"https:\/\/www.gold.fr\/news\/wp-json\/wp\/v2\/tags?post=17948"},{"taxonomy":"author","embeddable":true,"href":"https:\/\/www.gold.fr\/news\/wp-json\/wp\/v2\/ppma_author?post=17948"}],"curies":[{"name":"wp","href":"https:\/\/api.w.org\/{rel}","templated":true}]}}