{"id":17934,"date":"2015-09-15T09:00:08","date_gmt":"2015-09-15T07:00:08","guid":{"rendered":"https:\/\/www.gold.fr\/news\/?p=17934"},"modified":"2017-11-29T17:56:50","modified_gmt":"2017-11-29T16:56:50","slug":"or-et-fed-linstitution-qui-crie-au-loup","status":"publish","type":"post","link":"https:\/\/www.gold.fr\/news\/2015\/09\/15\/or-et-fed-linstitution-qui-crie-au-loup\/","title":{"rendered":"Or et FED : L\u2019institution qui \u2018crie au loup\u2019"},"content":{"rendered":"<p><img loading=\"lazy\" decoding=\"async\" class=\"alignleft size-thumbnail wp-image-14237\" title=\"Or et FED : L\u2019institution qui \u2018crie au loup\u2019\" src=\"https:\/\/www.gold.fr\/news\/wp-content\/uploads\/2014\/03\/image21-150x150.jpg\" alt=\"\" width=\"150\" height=\"150\" \/><span style=\"font-size: small;\">Bon nombre d&rsquo;experts s&rsquo;interrogeaient, depuis la semaine derni\u00e8re, sur les raisons qui expliquent le retard que prend l&rsquo;<a href='https:\/\/www.gold.fr\/news\/tags\/or' class='esk-seo-plu-link'>or<\/a> pour profiter de la confusion et de l&rsquo;attentisme des march\u00e9s, dans l&rsquo;expectative de la r\u00e9union du <strong>FOMC<\/strong> qui se terminera ce <strong>jeudi<\/strong> m\u00eame. Et il faut admettre que la th\u00e9orie de l&rsquo;institution \u2018<em>qui crie au loup<\/em>&lsquo; justifie bien ce d\u00e9calage entre deux march\u00e9s (le <strong>dollar<\/strong>\/<strong>FED<\/strong> et l&rsquo;<a href='https:\/\/www.gold.fr\/news\/tags\/or' class='esk-seo-plu-link'>or<\/a>) dont les \u00e9volutions respectives sont traditionnellement tr\u00e8s li\u00e9es.<\/span>    <span style=\"font-size: small;\">Rappelons en effet que le march\u00e9 aurif\u00e8re avait \u00e9t\u00e9 grandement affect\u00e9, durant les quelques derniers mois, \u00e0 la veille de chaque r\u00e9union <strong>FOMC<\/strong>, encaissant les pertes qui d\u00e9coulaient des doutes et rumeurs traversant les march\u00e9s d&rsquo;<a href='https:\/\/www.gold.fr\/news\/tags\/investissement' class='esk-seo-plu-link'>investissement<\/a> \u00e0 chaque fois. Du coup, il semblerait que les op\u00e9rateurs du march\u00e9 de l&rsquo;<a href='https:\/\/www.gold.fr\/news\/tags\/or' class='esk-seo-plu-link'>or<\/a> aient finalement retenu la le\u00e7on, pr\u00e9f\u00e9rant \u00e9galement, \u00e0 leur tour, retenir leurs prises de position, jusqu&rsquo;\u00e0 l&rsquo;annonce des d\u00e9cisions issues de la fameuse r\u00e9union.<\/span>    <span style=\"font-size: small;\"><strong>Albert Edwards<\/strong>, strat\u00e9giste chez <strong>Soci\u00e9t\u00e9 G\u00e9n\u00e9rale<\/strong>, souligne, \u00e0 ce sujet, que, suite aux derni\u00e8res d\u00e9clarations des responsables du <strong>Fonds Mon\u00e9taire International<\/strong> et de la <strong>Banque Mondiale<\/strong>, \u00ab <em>la clameur appelant la r\u00e9serve f\u00e9d\u00e9rale am\u00e9ricaine \u00e0 ne pas relever ses taux d&rsquo;un quart de point ne fait que cro\u00eetre de jour en jour<\/em> \u00bb. La premi\u00e8re institution financi\u00e8re am\u00e9ricaine r\u00e9pondra-t-elle pour autant au son persistant de ces clameurs ?<\/span>    <span style=\"font-size: small;\">Pour l&rsquo;heure, rien n&rsquo;est certain. Toutes les hypoth\u00e8ses demeurent envisageables, d&rsquo;autant plus que les membres du <strong>FOMC<\/strong> eux-m\u00eames sont partag\u00e9s en deux groupes (\u2018<em>colombe<\/em>&lsquo; et \u2018faucon&rsquo;) quasi \u00e9gaux.<\/span><\/p>\n<!-- AddThis Advanced Settings generic via filter on the_content --><!-- AddThis Share Buttons generic via filter on the_content -->","protected":false},"excerpt":{"rendered":"<p>Bon nombre d&rsquo;experts s&rsquo;interrogeaient, depuis la semaine derni\u00e8re, sur les raisons qui expliquent le retard que prend l&rsquo;or pour profiter de la confusion et de l&rsquo;attentisme des march\u00e9s, dans l&rsquo;expectative de la r\u00e9union du FOMC qui [&hellip;]<\/p>\n","protected":false},"author":18,"featured_media":14237,"comment_status":"open","ping_status":"open","sticky":false,"template":"","format":"standard","meta":{"_mbp_gutenberg_autopost":false,"_pgmb_is_evergreen":false,"_pgmb_ap_template_id":0,"footnotes":""},"categories":[6],"tags":[2124,1034,2121,105,1275,1329,2120],"ppma_author":[2565],"class_list":["post-17934","post","type-post","status-publish","format-standard","has-post-thumbnail","hentry","category-articles-de-presse","tag-dollar-et-fed","tag-fomc","tag-fonds-monetaire-international","tag-marche","tag-or-et-fed","tag-reserve-federale-americaine","tag-reunion-fomc"],"yoast_head":"<!-- This site is optimized with the Yoast SEO plugin v27.5 - https:\/\/yoast.com\/product\/yoast-seo-wordpress\/ -->\n<title>Or et FED : L\u2019institution qui \u2018crie au loup\u2019 - Gold.fr<\/title>\n<meta name=\"robots\" content=\"index, follow, max-snippet:-1, max-image-preview:large, max-video-preview:-1\" \/>\n<link rel=\"canonical\" href=\"https:\/\/www.gold.fr\/news\/2015\/09\/15\/or-et-fed-linstitution-qui-crie-au-loup\/\" \/>\n<meta property=\"og:locale\" content=\"fr_FR\" \/>\n<meta property=\"og:type\" content=\"article\" \/>\n<meta property=\"og:title\" content=\"Or et FED : L\u2019institution qui \u2018crie au loup\u2019 - Gold.fr\" \/>\n<meta property=\"og:description\" content=\"Bon nombre d&rsquo;experts s&rsquo;interrogeaient, depuis la semaine derni\u00e8re, sur les raisons qui expliquent le retard que prend l&rsquo;or pour profiter de la confusion et de l&rsquo;attentisme des march\u00e9s, dans l&rsquo;expectative de la r\u00e9union du FOMC qui [&hellip;]\" \/>\n<meta property=\"og:url\" content=\"https:\/\/www.gold.fr\/news\/2015\/09\/15\/or-et-fed-linstitution-qui-crie-au-loup\/\" \/>\n<meta property=\"og:site_name\" content=\"Gold.fr\" \/>\n<meta property=\"article:publisher\" content=\"https:\/\/www.facebook.com\/Goldfr\/\" \/>\n<meta property=\"article:published_time\" content=\"2015-09-15T07:00:08+00:00\" \/>\n<meta property=\"article:modified_time\" content=\"2017-11-29T16:56:50+00:00\" \/>\n<meta property=\"og:image\" content=\"https:\/\/www.gold.fr\/news\/wp-content\/uploads\/2014\/03\/image21.jpeg\" \/>\n\t<meta property=\"og:image:width\" content=\"614\" \/>\n\t<meta property=\"og:image:height\" content=\"669\" \/>\n\t<meta property=\"og:image:type\" content=\"image\/jpeg\" \/>\n<meta name=\"author\" content=\"Comptoir National de l&#039;Or\" \/>\n<meta name=\"twitter:card\" content=\"summary_large_image\" \/>\n<meta name=\"twitter:label1\" content=\"\u00c9crit par\" \/>\n\t<meta name=\"twitter:data1\" content=\"Comptoir National de l&#039;Or\" \/>\n\t<meta name=\"twitter:label2\" content=\"Dur\u00e9e de lecture estim\u00e9e\" \/>\n\t<meta name=\"twitter:data2\" content=\"1 minute\" \/>\n<script type=\"application\/ld+json\" class=\"yoast-schema-graph\">{\"@context\":\"https:\\\/\\\/schema.org\",\"@graph\":[{\"@type\":\"Article\",\"@id\":\"https:\\\/\\\/www.gold.fr\\\/news\\\/2015\\\/09\\\/15\\\/or-et-fed-linstitution-qui-crie-au-loup\\\/#article\",\"isPartOf\":{\"@id\":\"https:\\\/\\\/www.gold.fr\\\/news\\\/2015\\\/09\\\/15\\\/or-et-fed-linstitution-qui-crie-au-loup\\\/\"},\"author\":{\"name\":\"Comptoir National de l'Or\",\"@id\":\"https:\\\/\\\/www.gold.fr\\\/news\\\/#\\\/schema\\\/person\\\/070491b4b4fb7671bf59b3be20302ce9\"},\"headline\":\"Or et FED : L\u2019institution qui \u2018crie au loup\u2019\",\"datePublished\":\"2015-09-15T07:00:08+00:00\",\"dateModified\":\"2017-11-29T16:56:50+00:00\",\"mainEntityOfPage\":{\"@id\":\"https:\\\/\\\/www.gold.fr\\\/news\\\/2015\\\/09\\\/15\\\/or-et-fed-linstitution-qui-crie-au-loup\\\/\"},\"wordCount\":297,\"commentCount\":0,\"image\":{\"@id\":\"https:\\\/\\\/www.gold.fr\\\/news\\\/2015\\\/09\\\/15\\\/or-et-fed-linstitution-qui-crie-au-loup\\\/#primaryimage\"},\"thumbnailUrl\":\"https:\\\/\\\/www.gold.fr\\\/news\\\/wp-content\\\/uploads\\\/2014\\\/03\\\/image21.jpeg\",\"keywords\":[\"dollar et fed\",\"FOMC\",\"Fonds Mon\u00e9taire International\",\"march\u00e9\",\"Or et fed\",\"R\u00e9serve F\u00e9d\u00e9rale Am\u00e9ricaine\",\"r\u00e9union FOMC\"],\"articleSection\":[\"Articles de presse\"],\"inLanguage\":\"fr-FR\"},{\"@type\":\"WebPage\",\"@id\":\"https:\\\/\\\/www.gold.fr\\\/news\\\/2015\\\/09\\\/15\\\/or-et-fed-linstitution-qui-crie-au-loup\\\/\",\"url\":\"https:\\\/\\\/www.gold.fr\\\/news\\\/2015\\\/09\\\/15\\\/or-et-fed-linstitution-qui-crie-au-loup\\\/\",\"name\":\"Or et FED : L\u2019institution qui \u2018crie au loup\u2019 - Gold.fr\",\"isPartOf\":{\"@id\":\"https:\\\/\\\/www.gold.fr\\\/news\\\/#website\"},\"primaryImageOfPage\":{\"@id\":\"https:\\\/\\\/www.gold.fr\\\/news\\\/2015\\\/09\\\/15\\\/or-et-fed-linstitution-qui-crie-au-loup\\\/#primaryimage\"},\"image\":{\"@id\":\"https:\\\/\\\/www.gold.fr\\\/news\\\/2015\\\/09\\\/15\\\/or-et-fed-linstitution-qui-crie-au-loup\\\/#primaryimage\"},\"thumbnailUrl\":\"https:\\\/\\\/www.gold.fr\\\/news\\\/wp-content\\\/uploads\\\/2014\\\/03\\\/image21.jpeg\",\"datePublished\":\"2015-09-15T07:00:08+00:00\",\"dateModified\":\"2017-11-29T16:56:50+00:00\",\"author\":{\"@id\":\"https:\\\/\\\/www.gold.fr\\\/news\\\/#\\\/schema\\\/person\\\/070491b4b4fb7671bf59b3be20302ce9\"},\"breadcrumb\":{\"@id\":\"https:\\\/\\\/www.gold.fr\\\/news\\\/2015\\\/09\\\/15\\\/or-et-fed-linstitution-qui-crie-au-loup\\\/#breadcrumb\"},\"inLanguage\":\"fr-FR\",\"potentialAction\":[{\"@type\":\"ReadAction\",\"target\":[\"https:\\\/\\\/www.gold.fr\\\/news\\\/2015\\\/09\\\/15\\\/or-et-fed-linstitution-qui-crie-au-loup\\\/\"]}]},{\"@type\":\"ImageObject\",\"inLanguage\":\"fr-FR\",\"@id\":\"https:\\\/\\\/www.gold.fr\\\/news\\\/2015\\\/09\\\/15\\\/or-et-fed-linstitution-qui-crie-au-loup\\\/#primaryimage\",\"url\":\"https:\\\/\\\/www.gold.fr\\\/news\\\/wp-content\\\/uploads\\\/2014\\\/03\\\/image21.jpeg\",\"contentUrl\":\"https:\\\/\\\/www.gold.fr\\\/news\\\/wp-content\\\/uploads\\\/2014\\\/03\\\/image21.jpeg\",\"width\":\"614\",\"height\":\"669\",\"caption\":\"L\u2019once en \u00e9quilibre face \u00e0 l\u2019envol\u00e9e des indices boursiers\"},{\"@type\":\"BreadcrumbList\",\"@id\":\"https:\\\/\\\/www.gold.fr\\\/news\\\/2015\\\/09\\\/15\\\/or-et-fed-linstitution-qui-crie-au-loup\\\/#breadcrumb\",\"itemListElement\":[{\"@type\":\"ListItem\",\"position\":1,\"name\":\"Accueil\",\"item\":\"https:\\\/\\\/www.gold.fr\\\/\"},{\"@type\":\"ListItem\",\"position\":2,\"name\":\"Actualit\u00e9s\",\"item\":\"https:\\\/\\\/www.gold.fr\\\/news\\\/\"},{\"@type\":\"ListItem\",\"position\":3,\"name\":\"Or et FED : L\u2019institution qui \u2018crie au loup\u2019\"}]},{\"@type\":\"WebSite\",\"@id\":\"https:\\\/\\\/www.gold.fr\\\/news\\\/#website\",\"url\":\"https:\\\/\\\/www.gold.fr\\\/news\\\/\",\"name\":\"Gold.fr\",\"description\":\"Actualit\u00e9s de l&#039;Or et des m\u00e9taux pr\u00e9cieux\",\"potentialAction\":[{\"@type\":\"SearchAction\",\"target\":{\"@type\":\"EntryPoint\",\"urlTemplate\":\"https:\\\/\\\/www.gold.fr\\\/news\\\/?s={search_term_string}\"},\"query-input\":{\"@type\":\"PropertyValueSpecification\",\"valueRequired\":true,\"valueName\":\"search_term_string\"}}],\"inLanguage\":\"fr-FR\"},{\"@type\":\"Person\",\"@id\":\"https:\\\/\\\/www.gold.fr\\\/news\\\/#\\\/schema\\\/person\\\/070491b4b4fb7671bf59b3be20302ce9\",\"name\":\"Comptoir National de l'Or\",\"image\":{\"@type\":\"ImageObject\",\"inLanguage\":\"fr-FR\",\"@id\":\"https:\\\/\\\/secure.gravatar.com\\\/avatar\\\/0a2867fd5abe37bed95d5a65e9d58f01756e11efc68af9888dfc50cfa7f65948?s=96&d=mm&r=gb490554db0a38188709de567aa58480d\",\"url\":\"https:\\\/\\\/secure.gravatar.com\\\/avatar\\\/0a2867fd5abe37bed95d5a65e9d58f01756e11efc68af9888dfc50cfa7f65948?s=96&d=mm&r=g\",\"contentUrl\":\"https:\\\/\\\/secure.gravatar.com\\\/avatar\\\/0a2867fd5abe37bed95d5a65e9d58f01756e11efc68af9888dfc50cfa7f65948?s=96&d=mm&r=g\",\"caption\":\"Comptoir National de l'Or\"},\"description\":\"Notre r\u00e9daction est constitu\u00e9e de membres experts dans les m\u00e9tiers de l'\u00e9conomie et la gestion, des Responsables d'agence Comptoir National de l'Or, des analystes financiers qui publient r\u00e9guli\u00e8rement des \u00e9tudes sur les politiques des banques centrales, le cours de l'or, prix de l'or, cours de l'argent, prix de l'argent, cours du platine, cours du palladium,... la situation en zone euro et l'impact de la strat\u00e9gie mon\u00e9taire de la FED. Notre \u00e9quipe scrute \u00e9galement une information plus g\u00e9n\u00e9raliste \u00e0 la recherche d'actualit\u00e9 \\\"p\u00e9pite\\\" \u00e0 vous partager. Depuis 5 ans, nous avons publi\u00e9 un peu plus de 4000 articles qui s'adressent \u00e0 un public large et vari\u00e9 ayant pour objectif de satisfaire votre curiosit\u00e9 et de partager avec vous une certaine fascination pour le m\u00e9tal jaune, le rachat d'or, et pour ceux qui veulent investir dans l'or, vendre leur or tout simplement en savoir plus... Pour tous vos achat or et argent, n'h\u00e9sitez pas \u00e0 prendre rendez-vous dans l'un de nos nombreux comptoirs.\",\"sameAs\":[\"https:\\\/\\\/www.gold.fr\"]}]}<\/script>\n<!-- \/ Yoast SEO plugin. -->","yoast_head_json":{"title":"Or et FED : L\u2019institution qui \u2018crie au loup\u2019 - Gold.fr","robots":{"index":"index","follow":"follow","max-snippet":"max-snippet:-1","max-image-preview":"max-image-preview:large","max-video-preview":"max-video-preview:-1"},"canonical":"https:\/\/www.gold.fr\/news\/2015\/09\/15\/or-et-fed-linstitution-qui-crie-au-loup\/","og_locale":"fr_FR","og_type":"article","og_title":"Or et FED : L\u2019institution qui \u2018crie au loup\u2019 - Gold.fr","og_description":"Bon nombre d&rsquo;experts s&rsquo;interrogeaient, depuis la semaine derni\u00e8re, sur les raisons qui expliquent le retard que prend l&rsquo;or pour profiter de la confusion et de l&rsquo;attentisme des march\u00e9s, dans l&rsquo;expectative de la r\u00e9union du FOMC qui [&hellip;]","og_url":"https:\/\/www.gold.fr\/news\/2015\/09\/15\/or-et-fed-linstitution-qui-crie-au-loup\/","og_site_name":"Gold.fr","article_publisher":"https:\/\/www.facebook.com\/Goldfr\/","article_published_time":"2015-09-15T07:00:08+00:00","article_modified_time":"2017-11-29T16:56:50+00:00","og_image":[{"width":614,"height":669,"url":"https:\/\/www.gold.fr\/news\/wp-content\/uploads\/2014\/03\/image21.jpeg","type":"image\/jpeg"}],"author":"Comptoir National de l'Or","twitter_card":"summary_large_image","twitter_misc":{"\u00c9crit par":"Comptoir National de l'Or","Dur\u00e9e de lecture estim\u00e9e":"1 minute"},"schema":{"@context":"https:\/\/schema.org","@graph":[{"@type":"Article","@id":"https:\/\/www.gold.fr\/news\/2015\/09\/15\/or-et-fed-linstitution-qui-crie-au-loup\/#article","isPartOf":{"@id":"https:\/\/www.gold.fr\/news\/2015\/09\/15\/or-et-fed-linstitution-qui-crie-au-loup\/"},"author":{"name":"Comptoir National de l'Or","@id":"https:\/\/www.gold.fr\/news\/#\/schema\/person\/070491b4b4fb7671bf59b3be20302ce9"},"headline":"Or et FED : L\u2019institution qui \u2018crie au loup\u2019","datePublished":"2015-09-15T07:00:08+00:00","dateModified":"2017-11-29T16:56:50+00:00","mainEntityOfPage":{"@id":"https:\/\/www.gold.fr\/news\/2015\/09\/15\/or-et-fed-linstitution-qui-crie-au-loup\/"},"wordCount":297,"commentCount":0,"image":{"@id":"https:\/\/www.gold.fr\/news\/2015\/09\/15\/or-et-fed-linstitution-qui-crie-au-loup\/#primaryimage"},"thumbnailUrl":"https:\/\/www.gold.fr\/news\/wp-content\/uploads\/2014\/03\/image21.jpeg","keywords":["dollar et fed","FOMC","Fonds Mon\u00e9taire International","march\u00e9","Or et fed","R\u00e9serve F\u00e9d\u00e9rale Am\u00e9ricaine","r\u00e9union FOMC"],"articleSection":["Articles de presse"],"inLanguage":"fr-FR"},{"@type":"WebPage","@id":"https:\/\/www.gold.fr\/news\/2015\/09\/15\/or-et-fed-linstitution-qui-crie-au-loup\/","url":"https:\/\/www.gold.fr\/news\/2015\/09\/15\/or-et-fed-linstitution-qui-crie-au-loup\/","name":"Or et FED : L\u2019institution qui \u2018crie au loup\u2019 - Gold.fr","isPartOf":{"@id":"https:\/\/www.gold.fr\/news\/#website"},"primaryImageOfPage":{"@id":"https:\/\/www.gold.fr\/news\/2015\/09\/15\/or-et-fed-linstitution-qui-crie-au-loup\/#primaryimage"},"image":{"@id":"https:\/\/www.gold.fr\/news\/2015\/09\/15\/or-et-fed-linstitution-qui-crie-au-loup\/#primaryimage"},"thumbnailUrl":"https:\/\/www.gold.fr\/news\/wp-content\/uploads\/2014\/03\/image21.jpeg","datePublished":"2015-09-15T07:00:08+00:00","dateModified":"2017-11-29T16:56:50+00:00","author":{"@id":"https:\/\/www.gold.fr\/news\/#\/schema\/person\/070491b4b4fb7671bf59b3be20302ce9"},"breadcrumb":{"@id":"https:\/\/www.gold.fr\/news\/2015\/09\/15\/or-et-fed-linstitution-qui-crie-au-loup\/#breadcrumb"},"inLanguage":"fr-FR","potentialAction":[{"@type":"ReadAction","target":["https:\/\/www.gold.fr\/news\/2015\/09\/15\/or-et-fed-linstitution-qui-crie-au-loup\/"]}]},{"@type":"ImageObject","inLanguage":"fr-FR","@id":"https:\/\/www.gold.fr\/news\/2015\/09\/15\/or-et-fed-linstitution-qui-crie-au-loup\/#primaryimage","url":"https:\/\/www.gold.fr\/news\/wp-content\/uploads\/2014\/03\/image21.jpeg","contentUrl":"https:\/\/www.gold.fr\/news\/wp-content\/uploads\/2014\/03\/image21.jpeg","width":"614","height":"669","caption":"L\u2019once en \u00e9quilibre face \u00e0 l\u2019envol\u00e9e des indices boursiers"},{"@type":"BreadcrumbList","@id":"https:\/\/www.gold.fr\/news\/2015\/09\/15\/or-et-fed-linstitution-qui-crie-au-loup\/#breadcrumb","itemListElement":[{"@type":"ListItem","position":1,"name":"Accueil","item":"https:\/\/www.gold.fr\/"},{"@type":"ListItem","position":2,"name":"Actualit\u00e9s","item":"https:\/\/www.gold.fr\/news\/"},{"@type":"ListItem","position":3,"name":"Or et FED : L\u2019institution qui \u2018crie au loup\u2019"}]},{"@type":"WebSite","@id":"https:\/\/www.gold.fr\/news\/#website","url":"https:\/\/www.gold.fr\/news\/","name":"Gold.fr","description":"Actualit\u00e9s de l&#039;Or et des m\u00e9taux pr\u00e9cieux","potentialAction":[{"@type":"SearchAction","target":{"@type":"EntryPoint","urlTemplate":"https:\/\/www.gold.fr\/news\/?s={search_term_string}"},"query-input":{"@type":"PropertyValueSpecification","valueRequired":true,"valueName":"search_term_string"}}],"inLanguage":"fr-FR"},{"@type":"Person","@id":"https:\/\/www.gold.fr\/news\/#\/schema\/person\/070491b4b4fb7671bf59b3be20302ce9","name":"Comptoir National de l'Or","image":{"@type":"ImageObject","inLanguage":"fr-FR","@id":"https:\/\/secure.gravatar.com\/avatar\/0a2867fd5abe37bed95d5a65e9d58f01756e11efc68af9888dfc50cfa7f65948?s=96&d=mm&r=gb490554db0a38188709de567aa58480d","url":"https:\/\/secure.gravatar.com\/avatar\/0a2867fd5abe37bed95d5a65e9d58f01756e11efc68af9888dfc50cfa7f65948?s=96&d=mm&r=g","contentUrl":"https:\/\/secure.gravatar.com\/avatar\/0a2867fd5abe37bed95d5a65e9d58f01756e11efc68af9888dfc50cfa7f65948?s=96&d=mm&r=g","caption":"Comptoir National de l'Or"},"description":"Notre r\u00e9daction est constitu\u00e9e de membres experts dans les m\u00e9tiers de l'\u00e9conomie et la gestion, des Responsables d'agence Comptoir National de l'Or, des analystes financiers qui publient r\u00e9guli\u00e8rement des \u00e9tudes sur les politiques des banques centrales, le cours de l'or, prix de l'or, cours de l'argent, prix de l'argent, cours du platine, cours du palladium,... la situation en zone euro et l'impact de la strat\u00e9gie mon\u00e9taire de la FED. Notre \u00e9quipe scrute \u00e9galement une information plus g\u00e9n\u00e9raliste \u00e0 la recherche d'actualit\u00e9 \"p\u00e9pite\" \u00e0 vous partager. Depuis 5 ans, nous avons publi\u00e9 un peu plus de 4000 articles qui s'adressent \u00e0 un public large et vari\u00e9 ayant pour objectif de satisfaire votre curiosit\u00e9 et de partager avec vous une certaine fascination pour le m\u00e9tal jaune, le rachat d'or, et pour ceux qui veulent investir dans l'or, vendre leur or tout simplement en savoir plus... Pour tous vos achat or et argent, n'h\u00e9sitez pas \u00e0 prendre rendez-vous dans l'un de nos nombreux comptoirs.","sameAs":["https:\/\/www.gold.fr"]}]}},"authors":[{"term_id":2565,"user_id":18,"is_guest":0,"slug":"julie","display_name":"Comptoir National de l'Or","avatar_url":"https:\/\/secure.gravatar.com\/avatar\/713f289e398d35ead876c4a4cc08607f0d6d266058cfc25683fffb6092d0e572?s=96&d=mm&r=g","0":null,"1":"","2":"","3":"","4":"","5":"","6":"","7":"","8":""}],"_links":{"self":[{"href":"https:\/\/www.gold.fr\/news\/wp-json\/wp\/v2\/posts\/17934","targetHints":{"allow":["GET"]}}],"collection":[{"href":"https:\/\/www.gold.fr\/news\/wp-json\/wp\/v2\/posts"}],"about":[{"href":"https:\/\/www.gold.fr\/news\/wp-json\/wp\/v2\/types\/post"}],"author":[{"embeddable":true,"href":"https:\/\/www.gold.fr\/news\/wp-json\/wp\/v2\/users\/18"}],"replies":[{"embeddable":true,"href":"https:\/\/www.gold.fr\/news\/wp-json\/wp\/v2\/comments?post=17934"}],"version-history":[{"count":0,"href":"https:\/\/www.gold.fr\/news\/wp-json\/wp\/v2\/posts\/17934\/revisions"}],"wp:featuredmedia":[{"embeddable":true,"href":"https:\/\/www.gold.fr\/news\/wp-json\/wp\/v2\/media\/14237"}],"wp:attachment":[{"href":"https:\/\/www.gold.fr\/news\/wp-json\/wp\/v2\/media?parent=17934"}],"wp:term":[{"taxonomy":"category","embeddable":true,"href":"https:\/\/www.gold.fr\/news\/wp-json\/wp\/v2\/categories?post=17934"},{"taxonomy":"post_tag","embeddable":true,"href":"https:\/\/www.gold.fr\/news\/wp-json\/wp\/v2\/tags?post=17934"},{"taxonomy":"author","embeddable":true,"href":"https:\/\/www.gold.fr\/news\/wp-json\/wp\/v2\/ppma_author?post=17934"}],"curies":[{"name":"wp","href":"https:\/\/api.w.org\/{rel}","templated":true}]}}