{"id":17887,"date":"2015-09-08T17:00:08","date_gmt":"2015-09-08T15:00:08","guid":{"rendered":"https:\/\/www.gold.fr\/news\/?p=17887"},"modified":"2017-11-29T17:56:58","modified_gmt":"2017-11-29T16:56:58","slug":"les-regards-se-tournent-vers-la-reunion-fomc","status":"publish","type":"post","link":"https:\/\/www.gold.fr\/news\/2015\/09\/08\/les-regards-se-tournent-vers-la-reunion-fomc\/","title":{"rendered":"Les regards se tournent vers la r\u00e9union FOMC"},"content":{"rendered":"<p><img loading=\"lazy\" decoding=\"async\" class=\"alignleft size-thumbnail wp-image-3936\" title=\"Les regards se tournent vers la r\u00e9union FOMC\" src=\"https:\/\/www.gold.fr\/news\/wp-content\/uploads\/2011\/11\/lingots-dor3-150x150.jpg\" alt=\"\" width=\"150\" height=\"150\" \/><span style=\"font-size: small;\">Certes ; la r\u00e9union du conseil des gouverneurs de la <strong>banque centrale europ\u00e9enne<\/strong>, <strong>jeudi<\/strong> dernier, a intensifi\u00e9 l&rsquo;attention focalis\u00e9e sur l&rsquo;aboutissement de la prochaine r\u00e9union du <strong>FOMC<\/strong>. Mais cette attention \u00e9tait d\u00e9j\u00e0 enti\u00e8rement r\u00e9serv\u00e9e \u00e0 cet \u00e9v\u00e9nement \u00e9conomique majeur, depuis la publication du \u2018<em>Beige Book<\/em>&lsquo; (livre beige) de la <strong>r\u00e9serve f\u00e9d\u00e9rale am\u00e9ricaine<\/strong>, au d\u00e9but de la semaine derni\u00e8re. <strong>Wall Street<\/strong> et ses compatriotes avaient d&rsquo;ailleurs d\u00e9j\u00e0 choisi d&rsquo;y voir des signes aussi encourageants que rassurants. Une interpr\u00e9tation que bon nombre d&rsquo;experts ont estim\u00e9 \u00eatre clairement \u00ab <em>en faveur d&rsquo;un report de la normalisation de la politique mon\u00e9taire au-del\u00e0 du mois de septembre<\/em> \u00bb.<\/span>    <span style=\"font-size: small;\">Bien que ce <em>Beige Book<\/em> (qui repr\u00e9sente la feuille de route \u00e9conomique de l&rsquo;institution) soit rest\u00e9 largement mitig\u00e9, les march\u00e9s d&rsquo;<a href='https:\/\/www.gold.fr\/news\/tags\/investissement' class='esk-seo-plu-link'>investissement<\/a> avaient manifestement choisi d&rsquo;y d\u00e9celer l&rsquo;insinuation d&rsquo;un report de la hausse des taux apr\u00e8s le mois de <strong>septembre<\/strong>. En attendant, les responsables m\u00eame de la <strong>FED<\/strong> admettent que si leurs discours demeurent partag\u00e9s et mitig\u00e9s, c&rsquo;est essentiellement en raison du caract\u00e8re tout aussi mitig\u00e9 des r\u00e9centes donn\u00e9es macro\u00e9conomiques du pays. Les analystes soulignent d&rsquo;ailleurs que \u00ab <em>si l&rsquo;\u00e9conomie am\u00e9ricaine a poursuivi son expansion cet \u00e9t\u00e9, le Libre Beige pr\u00e9cise que plusieurs r\u00e9gions subissent l&rsquo;impact du ralentissement chinois et du dollar fort<\/em> \u00bb.<\/span>    <span style=\"font-size: small;\">En tout cas, pour l&rsquo;heure, rien ne semble indiquer que le comit\u00e9 de direction de la politique mon\u00e9taire de la <strong>FED<\/strong> a fix\u00e9 son choix sur une option ou une autre, concernant la direction mon\u00e9taire \u00e0 prendre, lors de sa prochaine r\u00e9union hautement anticip\u00e9e.<\/span><\/p>\n<!-- AddThis Advanced Settings generic via filter on the_content --><!-- AddThis Share Buttons generic via filter on the_content -->","protected":false},"excerpt":{"rendered":"<p>Certes ; la r\u00e9union du conseil des gouverneurs de la banque centrale europ\u00e9enne, jeudi dernier, a intensifi\u00e9 l&rsquo;attention focalis\u00e9e sur l&rsquo;aboutissement de la prochaine r\u00e9union du FOMC. Mais cette attention \u00e9tait d\u00e9j\u00e0 enti\u00e8rement r\u00e9serv\u00e9e \u00e0 cet [&hellip;]<\/p>\n","protected":false},"author":18,"featured_media":3936,"comment_status":"open","ping_status":"open","sticky":false,"template":"","format":"standard","meta":{"_mbp_gutenberg_autopost":false,"_pgmb_is_evergreen":false,"_pgmb_ap_template_id":0,"footnotes":""},"categories":[6],"tags":[1237,144,1034,1035,1329],"ppma_author":[2565],"class_list":["post-17887","post","type-post","status-publish","format-standard","has-post-thumbnail","hentry","category-articles-de-presse","tag-banque-centrale-europeenne","tag-fed","tag-fomc","tag-politique-monetaire","tag-reserve-federale-americaine"],"yoast_head":"<!-- This site is optimized with the Yoast SEO plugin v27.5 - https:\/\/yoast.com\/product\/yoast-seo-wordpress\/ -->\n<title>Les regards se tournent vers la r\u00e9union FOMC - Gold.fr<\/title>\n<meta name=\"robots\" content=\"index, follow, max-snippet:-1, max-image-preview:large, max-video-preview:-1\" \/>\n<link rel=\"canonical\" href=\"https:\/\/www.gold.fr\/news\/2015\/09\/08\/les-regards-se-tournent-vers-la-reunion-fomc\/\" \/>\n<meta property=\"og:locale\" content=\"fr_FR\" \/>\n<meta property=\"og:type\" content=\"article\" \/>\n<meta property=\"og:title\" content=\"Les regards se tournent vers la r\u00e9union FOMC - Gold.fr\" \/>\n<meta property=\"og:description\" content=\"Certes ; la r\u00e9union du conseil des gouverneurs de la banque centrale europ\u00e9enne, jeudi dernier, a intensifi\u00e9 l&rsquo;attention focalis\u00e9e sur l&rsquo;aboutissement de la prochaine r\u00e9union du FOMC. Mais cette attention \u00e9tait d\u00e9j\u00e0 enti\u00e8rement r\u00e9serv\u00e9e \u00e0 cet [&hellip;]\" \/>\n<meta property=\"og:url\" content=\"https:\/\/www.gold.fr\/news\/2015\/09\/08\/les-regards-se-tournent-vers-la-reunion-fomc\/\" \/>\n<meta property=\"og:site_name\" content=\"Gold.fr\" \/>\n<meta property=\"article:publisher\" content=\"https:\/\/www.facebook.com\/Goldfr\/\" \/>\n<meta property=\"article:published_time\" content=\"2015-09-08T15:00:08+00:00\" \/>\n<meta property=\"article:modified_time\" content=\"2017-11-29T16:56:58+00:00\" \/>\n<meta property=\"og:image\" content=\"https:\/\/www.gold.fr\/news\/wp-content\/uploads\/2011\/11\/lingots-dor3.jpg\" \/>\n\t<meta property=\"og:image:width\" content=\"604\" \/>\n\t<meta property=\"og:image:height\" content=\"400\" \/>\n\t<meta property=\"og:image:type\" content=\"image\/jpeg\" \/>\n<meta name=\"author\" content=\"Comptoir National de l&#039;Or\" \/>\n<meta name=\"twitter:card\" content=\"summary_large_image\" \/>\n<meta name=\"twitter:label1\" content=\"\u00c9crit par\" \/>\n\t<meta name=\"twitter:data1\" content=\"Comptoir National de l&#039;Or\" \/>\n\t<meta name=\"twitter:label2\" content=\"Dur\u00e9e de lecture estim\u00e9e\" \/>\n\t<meta name=\"twitter:data2\" content=\"1 minute\" \/>\n<script type=\"application\/ld+json\" class=\"yoast-schema-graph\">{\"@context\":\"https:\\\/\\\/schema.org\",\"@graph\":[{\"@type\":\"Article\",\"@id\":\"https:\\\/\\\/www.gold.fr\\\/news\\\/2015\\\/09\\\/08\\\/les-regards-se-tournent-vers-la-reunion-fomc\\\/#article\",\"isPartOf\":{\"@id\":\"https:\\\/\\\/www.gold.fr\\\/news\\\/2015\\\/09\\\/08\\\/les-regards-se-tournent-vers-la-reunion-fomc\\\/\"},\"author\":{\"name\":\"Comptoir National de l'Or\",\"@id\":\"https:\\\/\\\/www.gold.fr\\\/news\\\/#\\\/schema\\\/person\\\/070491b4b4fb7671bf59b3be20302ce9\"},\"headline\":\"Les regards se tournent vers la r\u00e9union FOMC\",\"datePublished\":\"2015-09-08T15:00:08+00:00\",\"dateModified\":\"2017-11-29T16:56:58+00:00\",\"mainEntityOfPage\":{\"@id\":\"https:\\\/\\\/www.gold.fr\\\/news\\\/2015\\\/09\\\/08\\\/les-regards-se-tournent-vers-la-reunion-fomc\\\/\"},\"wordCount\":304,\"commentCount\":0,\"image\":{\"@id\":\"https:\\\/\\\/www.gold.fr\\\/news\\\/2015\\\/09\\\/08\\\/les-regards-se-tournent-vers-la-reunion-fomc\\\/#primaryimage\"},\"thumbnailUrl\":\"https:\\\/\\\/www.gold.fr\\\/news\\\/wp-content\\\/uploads\\\/2011\\\/11\\\/lingots-dor3.jpg\",\"keywords\":[\"Banque Centrale Europ\u00e9enne\",\"fed\",\"FOMC\",\"politique mon\u00e9taire\",\"R\u00e9serve F\u00e9d\u00e9rale Am\u00e9ricaine\"],\"articleSection\":[\"Articles de presse\"],\"inLanguage\":\"fr-FR\"},{\"@type\":\"WebPage\",\"@id\":\"https:\\\/\\\/www.gold.fr\\\/news\\\/2015\\\/09\\\/08\\\/les-regards-se-tournent-vers-la-reunion-fomc\\\/\",\"url\":\"https:\\\/\\\/www.gold.fr\\\/news\\\/2015\\\/09\\\/08\\\/les-regards-se-tournent-vers-la-reunion-fomc\\\/\",\"name\":\"Les regards se tournent vers la r\u00e9union FOMC - Gold.fr\",\"isPartOf\":{\"@id\":\"https:\\\/\\\/www.gold.fr\\\/news\\\/#website\"},\"primaryImageOfPage\":{\"@id\":\"https:\\\/\\\/www.gold.fr\\\/news\\\/2015\\\/09\\\/08\\\/les-regards-se-tournent-vers-la-reunion-fomc\\\/#primaryimage\"},\"image\":{\"@id\":\"https:\\\/\\\/www.gold.fr\\\/news\\\/2015\\\/09\\\/08\\\/les-regards-se-tournent-vers-la-reunion-fomc\\\/#primaryimage\"},\"thumbnailUrl\":\"https:\\\/\\\/www.gold.fr\\\/news\\\/wp-content\\\/uploads\\\/2011\\\/11\\\/lingots-dor3.jpg\",\"datePublished\":\"2015-09-08T15:00:08+00:00\",\"dateModified\":\"2017-11-29T16:56:58+00:00\",\"author\":{\"@id\":\"https:\\\/\\\/www.gold.fr\\\/news\\\/#\\\/schema\\\/person\\\/070491b4b4fb7671bf59b3be20302ce9\"},\"breadcrumb\":{\"@id\":\"https:\\\/\\\/www.gold.fr\\\/news\\\/2015\\\/09\\\/08\\\/les-regards-se-tournent-vers-la-reunion-fomc\\\/#breadcrumb\"},\"inLanguage\":\"fr-FR\",\"potentialAction\":[{\"@type\":\"ReadAction\",\"target\":[\"https:\\\/\\\/www.gold.fr\\\/news\\\/2015\\\/09\\\/08\\\/les-regards-se-tournent-vers-la-reunion-fomc\\\/\"]}]},{\"@type\":\"ImageObject\",\"inLanguage\":\"fr-FR\",\"@id\":\"https:\\\/\\\/www.gold.fr\\\/news\\\/2015\\\/09\\\/08\\\/les-regards-se-tournent-vers-la-reunion-fomc\\\/#primaryimage\",\"url\":\"https:\\\/\\\/www.gold.fr\\\/news\\\/wp-content\\\/uploads\\\/2011\\\/11\\\/lingots-dor3.jpg\",\"contentUrl\":\"https:\\\/\\\/www.gold.fr\\\/news\\\/wp-content\\\/uploads\\\/2011\\\/11\\\/lingots-dor3.jpg\",\"width\":\"604\",\"height\":\"400\",\"caption\":\"Or : Entre la pression FOMC et des perspectives haussi\u00e8res\"},{\"@type\":\"BreadcrumbList\",\"@id\":\"https:\\\/\\\/www.gold.fr\\\/news\\\/2015\\\/09\\\/08\\\/les-regards-se-tournent-vers-la-reunion-fomc\\\/#breadcrumb\",\"itemListElement\":[{\"@type\":\"ListItem\",\"position\":1,\"name\":\"Accueil\",\"item\":\"https:\\\/\\\/www.gold.fr\\\/\"},{\"@type\":\"ListItem\",\"position\":2,\"name\":\"Actualit\u00e9s\",\"item\":\"https:\\\/\\\/www.gold.fr\\\/news\\\/\"},{\"@type\":\"ListItem\",\"position\":3,\"name\":\"Les regards se tournent vers la r\u00e9union FOMC\"}]},{\"@type\":\"WebSite\",\"@id\":\"https:\\\/\\\/www.gold.fr\\\/news\\\/#website\",\"url\":\"https:\\\/\\\/www.gold.fr\\\/news\\\/\",\"name\":\"Gold.fr\",\"description\":\"Actualit\u00e9s de l&#039;Or et des m\u00e9taux pr\u00e9cieux\",\"potentialAction\":[{\"@type\":\"SearchAction\",\"target\":{\"@type\":\"EntryPoint\",\"urlTemplate\":\"https:\\\/\\\/www.gold.fr\\\/news\\\/?s={search_term_string}\"},\"query-input\":{\"@type\":\"PropertyValueSpecification\",\"valueRequired\":true,\"valueName\":\"search_term_string\"}}],\"inLanguage\":\"fr-FR\"},{\"@type\":\"Person\",\"@id\":\"https:\\\/\\\/www.gold.fr\\\/news\\\/#\\\/schema\\\/person\\\/070491b4b4fb7671bf59b3be20302ce9\",\"name\":\"Comptoir National de l'Or\",\"image\":{\"@type\":\"ImageObject\",\"inLanguage\":\"fr-FR\",\"@id\":\"https:\\\/\\\/secure.gravatar.com\\\/avatar\\\/0a2867fd5abe37bed95d5a65e9d58f01756e11efc68af9888dfc50cfa7f65948?s=96&d=mm&r=gb490554db0a38188709de567aa58480d\",\"url\":\"https:\\\/\\\/secure.gravatar.com\\\/avatar\\\/0a2867fd5abe37bed95d5a65e9d58f01756e11efc68af9888dfc50cfa7f65948?s=96&d=mm&r=g\",\"contentUrl\":\"https:\\\/\\\/secure.gravatar.com\\\/avatar\\\/0a2867fd5abe37bed95d5a65e9d58f01756e11efc68af9888dfc50cfa7f65948?s=96&d=mm&r=g\",\"caption\":\"Comptoir National de l'Or\"},\"description\":\"Notre r\u00e9daction est constitu\u00e9e de membres experts dans les m\u00e9tiers de l'\u00e9conomie et la gestion, des Responsables d'agence Comptoir National de l'Or, des analystes financiers qui publient r\u00e9guli\u00e8rement des \u00e9tudes sur les politiques des banques centrales, le cours de l'or, prix de l'or, cours de l'argent, prix de l'argent, cours du platine, cours du palladium,... la situation en zone euro et l'impact de la strat\u00e9gie mon\u00e9taire de la FED. Notre \u00e9quipe scrute \u00e9galement une information plus g\u00e9n\u00e9raliste \u00e0 la recherche d'actualit\u00e9 \\\"p\u00e9pite\\\" \u00e0 vous partager. Depuis 5 ans, nous avons publi\u00e9 un peu plus de 4000 articles qui s'adressent \u00e0 un public large et vari\u00e9 ayant pour objectif de satisfaire votre curiosit\u00e9 et de partager avec vous une certaine fascination pour le m\u00e9tal jaune, le rachat d'or, et pour ceux qui veulent investir dans l'or, vendre leur or tout simplement en savoir plus... Pour tous vos achat or et argent, n'h\u00e9sitez pas \u00e0 prendre rendez-vous dans l'un de nos nombreux comptoirs.\",\"sameAs\":[\"https:\\\/\\\/www.gold.fr\"]}]}<\/script>\n<!-- \/ Yoast SEO plugin. -->","yoast_head_json":{"title":"Les regards se tournent vers la r\u00e9union FOMC - Gold.fr","robots":{"index":"index","follow":"follow","max-snippet":"max-snippet:-1","max-image-preview":"max-image-preview:large","max-video-preview":"max-video-preview:-1"},"canonical":"https:\/\/www.gold.fr\/news\/2015\/09\/08\/les-regards-se-tournent-vers-la-reunion-fomc\/","og_locale":"fr_FR","og_type":"article","og_title":"Les regards se tournent vers la r\u00e9union FOMC - Gold.fr","og_description":"Certes ; la r\u00e9union du conseil des gouverneurs de la banque centrale europ\u00e9enne, jeudi dernier, a intensifi\u00e9 l&rsquo;attention focalis\u00e9e sur l&rsquo;aboutissement de la prochaine r\u00e9union du FOMC. Mais cette attention \u00e9tait d\u00e9j\u00e0 enti\u00e8rement r\u00e9serv\u00e9e \u00e0 cet [&hellip;]","og_url":"https:\/\/www.gold.fr\/news\/2015\/09\/08\/les-regards-se-tournent-vers-la-reunion-fomc\/","og_site_name":"Gold.fr","article_publisher":"https:\/\/www.facebook.com\/Goldfr\/","article_published_time":"2015-09-08T15:00:08+00:00","article_modified_time":"2017-11-29T16:56:58+00:00","og_image":[{"width":604,"height":400,"url":"https:\/\/www.gold.fr\/news\/wp-content\/uploads\/2011\/11\/lingots-dor3.jpg","type":"image\/jpeg"}],"author":"Comptoir National de l'Or","twitter_card":"summary_large_image","twitter_misc":{"\u00c9crit par":"Comptoir National de l'Or","Dur\u00e9e de lecture estim\u00e9e":"1 minute"},"schema":{"@context":"https:\/\/schema.org","@graph":[{"@type":"Article","@id":"https:\/\/www.gold.fr\/news\/2015\/09\/08\/les-regards-se-tournent-vers-la-reunion-fomc\/#article","isPartOf":{"@id":"https:\/\/www.gold.fr\/news\/2015\/09\/08\/les-regards-se-tournent-vers-la-reunion-fomc\/"},"author":{"name":"Comptoir National de l'Or","@id":"https:\/\/www.gold.fr\/news\/#\/schema\/person\/070491b4b4fb7671bf59b3be20302ce9"},"headline":"Les regards se tournent vers la r\u00e9union FOMC","datePublished":"2015-09-08T15:00:08+00:00","dateModified":"2017-11-29T16:56:58+00:00","mainEntityOfPage":{"@id":"https:\/\/www.gold.fr\/news\/2015\/09\/08\/les-regards-se-tournent-vers-la-reunion-fomc\/"},"wordCount":304,"commentCount":0,"image":{"@id":"https:\/\/www.gold.fr\/news\/2015\/09\/08\/les-regards-se-tournent-vers-la-reunion-fomc\/#primaryimage"},"thumbnailUrl":"https:\/\/www.gold.fr\/news\/wp-content\/uploads\/2011\/11\/lingots-dor3.jpg","keywords":["Banque Centrale Europ\u00e9enne","fed","FOMC","politique mon\u00e9taire","R\u00e9serve F\u00e9d\u00e9rale Am\u00e9ricaine"],"articleSection":["Articles de presse"],"inLanguage":"fr-FR"},{"@type":"WebPage","@id":"https:\/\/www.gold.fr\/news\/2015\/09\/08\/les-regards-se-tournent-vers-la-reunion-fomc\/","url":"https:\/\/www.gold.fr\/news\/2015\/09\/08\/les-regards-se-tournent-vers-la-reunion-fomc\/","name":"Les regards se tournent vers la r\u00e9union FOMC - Gold.fr","isPartOf":{"@id":"https:\/\/www.gold.fr\/news\/#website"},"primaryImageOfPage":{"@id":"https:\/\/www.gold.fr\/news\/2015\/09\/08\/les-regards-se-tournent-vers-la-reunion-fomc\/#primaryimage"},"image":{"@id":"https:\/\/www.gold.fr\/news\/2015\/09\/08\/les-regards-se-tournent-vers-la-reunion-fomc\/#primaryimage"},"thumbnailUrl":"https:\/\/www.gold.fr\/news\/wp-content\/uploads\/2011\/11\/lingots-dor3.jpg","datePublished":"2015-09-08T15:00:08+00:00","dateModified":"2017-11-29T16:56:58+00:00","author":{"@id":"https:\/\/www.gold.fr\/news\/#\/schema\/person\/070491b4b4fb7671bf59b3be20302ce9"},"breadcrumb":{"@id":"https:\/\/www.gold.fr\/news\/2015\/09\/08\/les-regards-se-tournent-vers-la-reunion-fomc\/#breadcrumb"},"inLanguage":"fr-FR","potentialAction":[{"@type":"ReadAction","target":["https:\/\/www.gold.fr\/news\/2015\/09\/08\/les-regards-se-tournent-vers-la-reunion-fomc\/"]}]},{"@type":"ImageObject","inLanguage":"fr-FR","@id":"https:\/\/www.gold.fr\/news\/2015\/09\/08\/les-regards-se-tournent-vers-la-reunion-fomc\/#primaryimage","url":"https:\/\/www.gold.fr\/news\/wp-content\/uploads\/2011\/11\/lingots-dor3.jpg","contentUrl":"https:\/\/www.gold.fr\/news\/wp-content\/uploads\/2011\/11\/lingots-dor3.jpg","width":"604","height":"400","caption":"Or : Entre la pression FOMC et des perspectives haussi\u00e8res"},{"@type":"BreadcrumbList","@id":"https:\/\/www.gold.fr\/news\/2015\/09\/08\/les-regards-se-tournent-vers-la-reunion-fomc\/#breadcrumb","itemListElement":[{"@type":"ListItem","position":1,"name":"Accueil","item":"https:\/\/www.gold.fr\/"},{"@type":"ListItem","position":2,"name":"Actualit\u00e9s","item":"https:\/\/www.gold.fr\/news\/"},{"@type":"ListItem","position":3,"name":"Les regards se tournent vers la r\u00e9union FOMC"}]},{"@type":"WebSite","@id":"https:\/\/www.gold.fr\/news\/#website","url":"https:\/\/www.gold.fr\/news\/","name":"Gold.fr","description":"Actualit\u00e9s de l&#039;Or et des m\u00e9taux pr\u00e9cieux","potentialAction":[{"@type":"SearchAction","target":{"@type":"EntryPoint","urlTemplate":"https:\/\/www.gold.fr\/news\/?s={search_term_string}"},"query-input":{"@type":"PropertyValueSpecification","valueRequired":true,"valueName":"search_term_string"}}],"inLanguage":"fr-FR"},{"@type":"Person","@id":"https:\/\/www.gold.fr\/news\/#\/schema\/person\/070491b4b4fb7671bf59b3be20302ce9","name":"Comptoir National de l'Or","image":{"@type":"ImageObject","inLanguage":"fr-FR","@id":"https:\/\/secure.gravatar.com\/avatar\/0a2867fd5abe37bed95d5a65e9d58f01756e11efc68af9888dfc50cfa7f65948?s=96&d=mm&r=gb490554db0a38188709de567aa58480d","url":"https:\/\/secure.gravatar.com\/avatar\/0a2867fd5abe37bed95d5a65e9d58f01756e11efc68af9888dfc50cfa7f65948?s=96&d=mm&r=g","contentUrl":"https:\/\/secure.gravatar.com\/avatar\/0a2867fd5abe37bed95d5a65e9d58f01756e11efc68af9888dfc50cfa7f65948?s=96&d=mm&r=g","caption":"Comptoir National de l'Or"},"description":"Notre r\u00e9daction est constitu\u00e9e de membres experts dans les m\u00e9tiers de l'\u00e9conomie et la gestion, des Responsables d'agence Comptoir National de l'Or, des analystes financiers qui publient r\u00e9guli\u00e8rement des \u00e9tudes sur les politiques des banques centrales, le cours de l'or, prix de l'or, cours de l'argent, prix de l'argent, cours du platine, cours du palladium,... la situation en zone euro et l'impact de la strat\u00e9gie mon\u00e9taire de la FED. Notre \u00e9quipe scrute \u00e9galement une information plus g\u00e9n\u00e9raliste \u00e0 la recherche d'actualit\u00e9 \"p\u00e9pite\" \u00e0 vous partager. Depuis 5 ans, nous avons publi\u00e9 un peu plus de 4000 articles qui s'adressent \u00e0 un public large et vari\u00e9 ayant pour objectif de satisfaire votre curiosit\u00e9 et de partager avec vous une certaine fascination pour le m\u00e9tal jaune, le rachat d'or, et pour ceux qui veulent investir dans l'or, vendre leur or tout simplement en savoir plus... Pour tous vos achat or et argent, n'h\u00e9sitez pas \u00e0 prendre rendez-vous dans l'un de nos nombreux comptoirs.","sameAs":["https:\/\/www.gold.fr"]}]}},"authors":[{"term_id":2565,"user_id":18,"is_guest":0,"slug":"julie","display_name":"Comptoir National de l'Or","avatar_url":"https:\/\/secure.gravatar.com\/avatar\/713f289e398d35ead876c4a4cc08607f0d6d266058cfc25683fffb6092d0e572?s=96&d=mm&r=g","0":null,"1":"","2":"","3":"","4":"","5":"","6":"","7":"","8":""}],"_links":{"self":[{"href":"https:\/\/www.gold.fr\/news\/wp-json\/wp\/v2\/posts\/17887","targetHints":{"allow":["GET"]}}],"collection":[{"href":"https:\/\/www.gold.fr\/news\/wp-json\/wp\/v2\/posts"}],"about":[{"href":"https:\/\/www.gold.fr\/news\/wp-json\/wp\/v2\/types\/post"}],"author":[{"embeddable":true,"href":"https:\/\/www.gold.fr\/news\/wp-json\/wp\/v2\/users\/18"}],"replies":[{"embeddable":true,"href":"https:\/\/www.gold.fr\/news\/wp-json\/wp\/v2\/comments?post=17887"}],"version-history":[{"count":0,"href":"https:\/\/www.gold.fr\/news\/wp-json\/wp\/v2\/posts\/17887\/revisions"}],"wp:featuredmedia":[{"embeddable":true,"href":"https:\/\/www.gold.fr\/news\/wp-json\/wp\/v2\/media\/3936"}],"wp:attachment":[{"href":"https:\/\/www.gold.fr\/news\/wp-json\/wp\/v2\/media?parent=17887"}],"wp:term":[{"taxonomy":"category","embeddable":true,"href":"https:\/\/www.gold.fr\/news\/wp-json\/wp\/v2\/categories?post=17887"},{"taxonomy":"post_tag","embeddable":true,"href":"https:\/\/www.gold.fr\/news\/wp-json\/wp\/v2\/tags?post=17887"},{"taxonomy":"author","embeddable":true,"href":"https:\/\/www.gold.fr\/news\/wp-json\/wp\/v2\/ppma_author?post=17887"}],"curies":[{"name":"wp","href":"https:\/\/api.w.org\/{rel}","templated":true}]}}