{"id":1782,"date":"2010-09-02T10:44:15","date_gmt":"2010-09-02T08:44:15","guid":{"rendered":"https:\/\/www.gold.fr\/informations-sur-l-or\/analyses-economiques\/lor-et-les-devises"},"modified":"2021-01-11T16:39:07","modified_gmt":"2021-01-11T15:39:07","slug":"lor-et-les-devises","status":"publish","type":"post","link":"https:\/\/www.gold.fr\/news\/2010\/09\/02\/lor-et-les-devises\/","title":{"rendered":"L&rsquo;Or et les Devises"},"content":{"rendered":"<p style=\"text-align: justify;\"><span style=\"font-size: small;\"><strong>Cette analyse vise \u00e0 mettre en exergue les corr\u00e9lations qu'il y a lieu de souligner entre les fluctuations du cours mondial de l'<a class=\"esk-seo-plu-link\" href=\"https:\/\/www.gold.fr\/news\/tags\/or\">Or<\/a> et celles du cours du Dollar US afin de comprendre en quoi il est int\u00e9ressant d'\u00e9tudier l'un des deux actifs pour anticiper les \u00e9volutions de l'autre actif. <\/strong><\/span><\/p>\r\n\r\n\r\n<hr \/>\r\n<p style=\"text-align: justify;\"><span style=\"font-size: small;\">La question de la corr\u00e9lation entre le <a class=\"esk-seo-plu-link\" href=\"https:\/\/www.gold.fr\/news\/tags\/cours-de-lor\">cours de l'Or<\/a> et les fluctuations du Dollar US est justifi\u00e9e. En effet, il est commun\u00e9ment consid\u00e9r\u00e9 parmi les investisseurs que<strong> l'<a class=\"esk-seo-plu-link\" href=\"https:\/\/www.gold.fr\/news\/tags\/or\">Or<\/a> demeure une excellente protection contre la d\u00e9pr\u00e9ciation des devises<\/strong>. <\/span><\/p>\r\n<p style=\"text-align: justify;\"><span style=\"font-size: small;\">En l'occurrence, l'<a class=\"esk-seo-plu-link\" href=\"https:\/\/www.gold.fr\/news\/tags\/or\">Or<\/a> a souvent d\u00e9montr\u00e9 par le pass\u00e9 qu'il couvrait efficacement les investisseurs contre les fluctuations du Dollar US, la principale devise de r\u00e8glement des \u00e9changes commerciaux dans le monde. En effet, le <a class=\"esk-seo-plu-link\" href=\"https:\/\/www.gold.fr\/news\/tags\/cours-de-lor\">cours de l'Or<\/a> semble inversement corr\u00e9l\u00e9 au cours du Dollar US. Ce rapport se v\u00e9rifie sur le long terme depuis le d\u00e9but des ann\u00e9es 70 notamment avec la fin de la convertibilit\u00e9 du Dollars US en <a class=\"esk-seo-plu-link\" href=\"https:\/\/www.gold.fr\/news\/tags\/or\">Or<\/a> et donc plus globalement l'abandon de l'\u00e9talon <a class=\"esk-seo-plu-link\" href=\"https:\/\/www.gold.fr\/news\/tags\/or\">Or<\/a>.<\/span><\/p>\r\n<p style=\"text-align: justify;\"><span style=\"font-size: small;\">Ainsi, les statistiques financi\u00e8res des quatre derni\u00e8res d\u00e9cennies attestent des deux faits suivants :<\/span><\/p>\r\n\r\n<ul style=\"text-align: justify;\">\r\n \t<li><span style=\"font-size: small;\"><strong>la d\u00e9pr\u00e9ciation du Dollar US entraine syst\u00e9matiquement un renforcement des <a class=\"esk-seo-plu-link\" href=\"https:\/\/www.gold.fr\/news\/tags\/cours-de-lor\">cours de l'Or<\/a><\/strong>, valeur refuge pour les investisseurs face aux troubles mon\u00e9taires et aux fluctuations des taux de change.<\/span><\/li>\r\n \t<li><span style=\"font-size: small;\"><strong>les p\u00e9riodes d'appr\u00e9ciation du Dollar US ne provoquent que peu de pertes au niveau des <a class=\"esk-seo-plu-link\" href=\"https:\/\/www.gold.fr\/news\/tags\/cours-de-lor\">cours de l'Or<\/a>.<\/strong><\/span><\/li>\r\n<\/ul>\r\n<p style=\"text-align: justify;\"><span style=\"font-size: small;\">Dans une approche actualis\u00e9e du sujet, il faut notamment souligner que depuis le d\u00e9but des ann\u00e9es 2000, le Dollar US demeure, globalement, dans un cycle de d\u00e9pr\u00e9ciation en regard des devises \u00e9trang\u00e8res (m\u00eame si ce constat s'av\u00e8re moins franc depuis le d\u00e9but de l'ann\u00e9e 2010 d\u00e9sormais). Aussi,<strong> l'<a class=\"esk-seo-plu-link\" href=\"https:\/\/www.gold.fr\/news\/tags\/or\">Or<\/a> est renforc\u00e9 dans sa position \u00abd'anti-Dollar\u00bb<\/strong> : le Dollar inonde de plus en plus les circuits financiers \u00e0 mesure qu'il se d\u00e9pr\u00e9cie (cr\u00e9ation mon\u00e9taire en amont) et entraine un rench\u00e9rissement des prix aux USA et dans le reste du monde (le pouvoir d'achat du Dollar s'effondre); en face, l'<a class=\"esk-seo-plu-link\" href=\"https:\/\/www.gold.fr\/news\/tags\/or\">Or<\/a> se maintient ais\u00e9ment en capitalisant sur sa raret\u00e9.<\/span><\/p>\r\n\r\n<table style=\"float: right;\" border=\"0\">\r\n<tbody>\r\n<tr>\r\n<td><span style=\"font-size: small;\"> <img title=\"L'or et le Dollar\" src=\"https:\/\/www.gold.fr\/static\/images\/articles_images\/lor_et_le_dollar.gif\" alt=\"\" width=\"200\" height=\"204\" border=\"0\" \/><\/span><\/td>\r\n<\/tr>\r\n<\/tbody>\r\n<\/table>\r\n<p style=\"text-align: justify;\"><span style=\"font-size: small;\">Une \u00e9tude r\u00e9cente du WGC (2006) a notamment examin\u00e9 l'intensit\u00e9 de la relation reliant le Dollar US \u00e0 22 mati\u00e8res premi\u00e8res, parmi lesquelles l'<a class=\"esk-seo-plu-link\" href=\"https:\/\/www.gold.fr\/news\/tags\/or\">Or<\/a>. L'\u00e9tude a manifestement soulign\u00e9 que <strong>l'<a class=\"esk-seo-plu-link\" href=\"https:\/\/www.gold.fr\/news\/tags\/or\">Or<\/a> prodigue une couverture plus efficace contre le Dollar US que les autres mati\u00e8res premi\u00e8res \u00e9tudi\u00e9es<\/strong>, mais il fournit \u00e9galement une protection quand cela s'av\u00e8re le plus n\u00e9cessaire (en cas de d\u00e9pr\u00e9ciation du Dollar US), avec relativement peu de perte en amont lors d'une p\u00e9riode d'appr\u00e9ciation du Dollar US.<\/span><\/p>\r\n<p style=\"text-align: justify;\"><span style=\"font-size: small;\">En effet, il faut aussi retenir que l'<a class=\"esk-seo-plu-link\" href=\"https:\/\/www.gold.fr\/news\/tags\/or\">Or<\/a> est la plupart du temps corr\u00e9l\u00e9 positivement au cours du Dollar US (les fluctuations du Dollar US n'affectant n\u00e9gativement l'<a class=\"esk-seo-plu-link\" href=\"https:\/\/www.gold.fr\/news\/tags\/or\">Or<\/a> que rarement et de mani\u00e8re marginale).<\/span><\/p>\r\n<p style=\"text-align: justify;\"><span style=\"font-size: small;\">De surcro\u00eet le fait que l'<a class=\"esk-seo-plu-link\" href=\"https:\/\/www.gold.fr\/news\/tags\/or\">Or<\/a> soit c\u00f4t\u00e9 en Dollar va dans ce m\u00eame sens : une baisse du Dollar provoque par effet m\u00e9canique une hausse du <a class=\"esk-seo-plu-link\" href=\"https:\/\/www.gold.fr\/news\/tags\/cours-de-lor\">cours de l'Or<\/a>.<\/span><\/p>\r\n<p style=\"text-align: justify;\"><span style=\"font-size: small;\">Ainsi, il faut surtout retenir trois arguments principaux en faveur de l'achat d'<a class=\"esk-seo-plu-link\" href=\"https:\/\/www.gold.fr\/news\/tags\/or\">Or<\/a> pour les ann\u00e9es \u00e0 venir :<\/span><\/p>\r\n\r\n<ol>\r\n \t<li style=\"text-align: justify;\"><span style=\"font-size: small;\">l'<a class=\"esk-seo-plu-link\" href=\"https:\/\/www.gold.fr\/news\/tags\/or\">Or<\/a> est aujourd'hui stimul\u00e9 en tant que valeur refuge de r\u00e9f\u00e9rence.<\/span><\/li>\r\n \t<li style=\"text-align: justify;\"><span style=\"font-size: small;\">les besoins sur le moyen et le long terme seront assur\u00e9ment sup\u00e9rieurs \u00e0 l'offre.<\/span><\/li>\r\n \t<li style=\"text-align: justify;\"><span style=\"font-size: small;\">la demande des pays \u00e9mergents est forte et va surement cro\u00eetre encore.<\/span><\/li>\r\n<\/ol>","protected":false},"excerpt":{"rendered":"<p>&nbsp;<br \/>\nCette analyse vise &agrave; mettre en exergue les corr&eacute;lations qu&rsquo;il y a lieu de souligner entre les fluctuations du cours mondial de l&rsquo;Or et celles du cours du Dollar US afin de comprendre en quoi il est int&eacute;ressant d&#038;&#8230;<\/p>\n","protected":false},"author":6,"featured_media":5064,"comment_status":"closed","ping_status":"closed","sticky":false,"template":"","format":"standard","meta":{"_mbp_gutenberg_autopost":false,"_pgmb_is_evergreen":false,"_pgmb_ap_template_id":0,"footnotes":""},"categories":[4],"tags":[1962,76],"ppma_author":[2567],"class_list":["post-1782","post","type-post","status-publish","format-standard","has-post-thumbnail","hentry","category-analyses-economiques","tag-devise","tag-or"],"yoast_head":"<!-- This site is optimized with the Yoast SEO plugin v27.5 - https:\/\/yoast.com\/product\/yoast-seo-wordpress\/ -->\n<title>L&#039;Or et les Devises - Gold.fr<\/title>\n<meta name=\"description\" content=\"Cette analyse vise \u00e0 mettre en exergue les corr\u00e9lations qu\u2019il y a lieu de souligner entre les fluctuations L&#039;or et les devises\" \/>\n<meta name=\"robots\" content=\"index, follow, max-snippet:-1, max-image-preview:large, max-video-preview:-1\" \/>\n<link rel=\"canonical\" href=\"https:\/\/www.gold.fr\/news\/2010\/09\/02\/lor-et-les-devises\/\" \/>\n<meta property=\"og:locale\" content=\"fr_FR\" \/>\n<meta property=\"og:type\" content=\"article\" \/>\n<meta property=\"og:title\" content=\"L&#039;Or et les Devises - Gold.fr\" \/>\n<meta property=\"og:description\" content=\"Cette analyse vise \u00e0 mettre en exergue les corr\u00e9lations qu\u2019il y a lieu de souligner entre les fluctuations L&#039;or et les devises\" \/>\n<meta property=\"og:url\" content=\"https:\/\/www.gold.fr\/news\/2010\/09\/02\/lor-et-les-devises\/\" \/>\n<meta property=\"og:site_name\" content=\"Gold.fr\" \/>\n<meta property=\"article:publisher\" content=\"https:\/\/www.facebook.com\/Goldfr\/\" \/>\n<meta property=\"article:published_time\" content=\"2010-09-02T08:44:15+00:00\" \/>\n<meta property=\"article:modified_time\" content=\"2021-01-11T15:39:07+00:00\" \/>\n<meta property=\"og:image\" content=\"https:\/\/www.gold.fr\/news\/wp-content\/uploads\/2010\/09\/world-or.jpg\" \/>\n\t<meta property=\"og:image:width\" content=\"600\" \/>\n\t<meta property=\"og:image:height\" content=\"400\" \/>\n\t<meta property=\"og:image:type\" content=\"image\/jpeg\" \/>\n<meta name=\"author\" content=\"Laurent Schwartz\" \/>\n<meta name=\"twitter:card\" content=\"summary_large_image\" \/>\n<meta name=\"twitter:label1\" content=\"\u00c9crit par\" \/>\n\t<meta name=\"twitter:data1\" content=\"Laurent Schwartz\" \/>\n\t<meta name=\"twitter:label2\" content=\"Dur\u00e9e de lecture estim\u00e9e\" \/>\n\t<meta name=\"twitter:data2\" content=\"3 minutes\" \/>\n<script type=\"application\/ld+json\" class=\"yoast-schema-graph\">{\"@context\":\"https:\\\/\\\/schema.org\",\"@graph\":[{\"@type\":\"Article\",\"@id\":\"https:\\\/\\\/www.gold.fr\\\/news\\\/2010\\\/09\\\/02\\\/lor-et-les-devises\\\/#article\",\"isPartOf\":{\"@id\":\"https:\\\/\\\/www.gold.fr\\\/news\\\/2010\\\/09\\\/02\\\/lor-et-les-devises\\\/\"},\"author\":{\"name\":\"Laurent Schwartz\",\"@id\":\"https:\\\/\\\/www.gold.fr\\\/news\\\/#\\\/schema\\\/person\\\/4ed91d9a70d8f3a313c26e8308214fc2\"},\"headline\":\"L&rsquo;Or et les Devises\",\"datePublished\":\"2010-09-02T08:44:15+00:00\",\"dateModified\":\"2021-01-11T15:39:07+00:00\",\"mainEntityOfPage\":{\"@id\":\"https:\\\/\\\/www.gold.fr\\\/news\\\/2010\\\/09\\\/02\\\/lor-et-les-devises\\\/\"},\"wordCount\":628,\"image\":{\"@id\":\"https:\\\/\\\/www.gold.fr\\\/news\\\/2010\\\/09\\\/02\\\/lor-et-les-devises\\\/#primaryimage\"},\"thumbnailUrl\":\"https:\\\/\\\/www.gold.fr\\\/news\\\/wp-content\\\/uploads\\\/2010\\\/09\\\/world-or.jpg\",\"keywords\":[\"devise\",\"Or\"],\"articleSection\":[\"Analyses Economiques\"],\"inLanguage\":\"fr-FR\"},{\"@type\":\"WebPage\",\"@id\":\"https:\\\/\\\/www.gold.fr\\\/news\\\/2010\\\/09\\\/02\\\/lor-et-les-devises\\\/\",\"url\":\"https:\\\/\\\/www.gold.fr\\\/news\\\/2010\\\/09\\\/02\\\/lor-et-les-devises\\\/\",\"name\":\"L'Or et les Devises - Gold.fr\",\"isPartOf\":{\"@id\":\"https:\\\/\\\/www.gold.fr\\\/news\\\/#website\"},\"primaryImageOfPage\":{\"@id\":\"https:\\\/\\\/www.gold.fr\\\/news\\\/2010\\\/09\\\/02\\\/lor-et-les-devises\\\/#primaryimage\"},\"image\":{\"@id\":\"https:\\\/\\\/www.gold.fr\\\/news\\\/2010\\\/09\\\/02\\\/lor-et-les-devises\\\/#primaryimage\"},\"thumbnailUrl\":\"https:\\\/\\\/www.gold.fr\\\/news\\\/wp-content\\\/uploads\\\/2010\\\/09\\\/world-or.jpg\",\"datePublished\":\"2010-09-02T08:44:15+00:00\",\"dateModified\":\"2021-01-11T15:39:07+00:00\",\"author\":{\"@id\":\"https:\\\/\\\/www.gold.fr\\\/news\\\/#\\\/schema\\\/person\\\/4ed91d9a70d8f3a313c26e8308214fc2\"},\"description\":\"Cette analyse vise \u00e0 mettre en exergue les corr\u00e9lations qu\u2019il y a lieu de souligner entre les fluctuations L'or et les devises\",\"breadcrumb\":{\"@id\":\"https:\\\/\\\/www.gold.fr\\\/news\\\/2010\\\/09\\\/02\\\/lor-et-les-devises\\\/#breadcrumb\"},\"inLanguage\":\"fr-FR\",\"potentialAction\":[{\"@type\":\"ReadAction\",\"target\":[\"https:\\\/\\\/www.gold.fr\\\/news\\\/2010\\\/09\\\/02\\\/lor-et-les-devises\\\/\"]}]},{\"@type\":\"ImageObject\",\"inLanguage\":\"fr-FR\",\"@id\":\"https:\\\/\\\/www.gold.fr\\\/news\\\/2010\\\/09\\\/02\\\/lor-et-les-devises\\\/#primaryimage\",\"url\":\"https:\\\/\\\/www.gold.fr\\\/news\\\/wp-content\\\/uploads\\\/2010\\\/09\\\/world-or.jpg\",\"contentUrl\":\"https:\\\/\\\/www.gold.fr\\\/news\\\/wp-content\\\/uploads\\\/2010\\\/09\\\/world-or.jpg\",\"width\":\"600\",\"height\":\"400\",\"caption\":\"world-or\"},{\"@type\":\"BreadcrumbList\",\"@id\":\"https:\\\/\\\/www.gold.fr\\\/news\\\/2010\\\/09\\\/02\\\/lor-et-les-devises\\\/#breadcrumb\",\"itemListElement\":[{\"@type\":\"ListItem\",\"position\":1,\"name\":\"Accueil\",\"item\":\"https:\\\/\\\/www.gold.fr\\\/\"},{\"@type\":\"ListItem\",\"position\":2,\"name\":\"Actualit\u00e9s\",\"item\":\"https:\\\/\\\/www.gold.fr\\\/news\\\/\"},{\"@type\":\"ListItem\",\"position\":3,\"name\":\"L&rsquo;Or et les Devises\"}]},{\"@type\":\"WebSite\",\"@id\":\"https:\\\/\\\/www.gold.fr\\\/news\\\/#website\",\"url\":\"https:\\\/\\\/www.gold.fr\\\/news\\\/\",\"name\":\"Gold.fr\",\"description\":\"Actualit\u00e9s de l&#039;Or et des m\u00e9taux pr\u00e9cieux\",\"potentialAction\":[{\"@type\":\"SearchAction\",\"target\":{\"@type\":\"EntryPoint\",\"urlTemplate\":\"https:\\\/\\\/www.gold.fr\\\/news\\\/?s={search_term_string}\"},\"query-input\":{\"@type\":\"PropertyValueSpecification\",\"valueRequired\":true,\"valueName\":\"search_term_string\"}}],\"inLanguage\":\"fr-FR\"},{\"@type\":\"Person\",\"@id\":\"https:\\\/\\\/www.gold.fr\\\/news\\\/#\\\/schema\\\/person\\\/4ed91d9a70d8f3a313c26e8308214fc2\",\"name\":\"Laurent Schwartz\",\"image\":{\"@type\":\"ImageObject\",\"inLanguage\":\"fr-FR\",\"@id\":\"https:\\\/\\\/secure.gravatar.com\\\/avatar\\\/1496f846049365121827f5470219486f1a95f83957cc8ca0a9595e40c185f5ee?s=96&d=mm&r=g76f0e87c9ba82a161860a0fc16990d85\",\"url\":\"https:\\\/\\\/secure.gravatar.com\\\/avatar\\\/1496f846049365121827f5470219486f1a95f83957cc8ca0a9595e40c185f5ee?s=96&d=mm&r=g\",\"contentUrl\":\"https:\\\/\\\/secure.gravatar.com\\\/avatar\\\/1496f846049365121827f5470219486f1a95f83957cc8ca0a9595e40c185f5ee?s=96&d=mm&r=g\",\"caption\":\"Laurent Schwartz\"},\"description\":\"Dipl\u00f4m\u00e9 de l\u2019EDHEC Business School en 2005, Laurent SCHWARTZ int\u00e8gre le cabinet d\u2019audit ERNST &amp; YOUNG en 2005 o\u00f9 il travaille pendant 4 ans. Parall\u00e8lement, il travaille au sein de l\u2019entreprise familiale cr\u00e9\u00e9e en 1976 \u00e0 Strasbourg. Fort de cette exp\u00e9rience et du savoir-faire d\u00e9velopp\u00e9 durant ces 40 derni\u00e8res ann\u00e9es, Laurent proc\u00e8de \u00e0 la refonte du site Internet Gold.fr d\u00e9di\u00e9 \u00e0 l\u2019achat d'or, vente d\u2019or (pi\u00e8ces, lingots, ...), achat or et argent,... qui conna\u00eetra un franc succ\u00e8s d\u00e8s son d\u00e9marrage en 2008. Il d\u00e9cide alors de d\u00e9velopper un r\u00e9seau de concessions exclusives: Le Comptoir National de l\u2019Or. Il assure d\u00e9sormais le pilotage strat\u00e9gique du 1er r\u00e9seau de France qui compte aujourd\u2019hui pas loin de 60 agences r\u00e9parties dans toute la France et depuis peu en Allemagne (Breisach). Le Comptoir National de l\u2019Or se positionne aujourd\u2019hui comme le leader incontournable sur le march\u00e9 de l\u2019Or et des m\u00e9taux pr\u00e9cieux en France.\",\"sameAs\":[\"https:\\\/\\\/www.gold.fr\",\"https:\\\/\\\/www.linkedin.com\\\/in\\\/acheteror\\\/\"]}]}<\/script>\n<!-- \/ Yoast SEO plugin. -->","yoast_head_json":{"title":"L'Or et les Devises - Gold.fr","description":"Cette analyse vise \u00e0 mettre en exergue les corr\u00e9lations qu\u2019il y a lieu de souligner entre les fluctuations L'or et les devises","robots":{"index":"index","follow":"follow","max-snippet":"max-snippet:-1","max-image-preview":"max-image-preview:large","max-video-preview":"max-video-preview:-1"},"canonical":"https:\/\/www.gold.fr\/news\/2010\/09\/02\/lor-et-les-devises\/","og_locale":"fr_FR","og_type":"article","og_title":"L'Or et les Devises - Gold.fr","og_description":"Cette analyse vise \u00e0 mettre en exergue les corr\u00e9lations qu\u2019il y a lieu de souligner entre les fluctuations L'or et les devises","og_url":"https:\/\/www.gold.fr\/news\/2010\/09\/02\/lor-et-les-devises\/","og_site_name":"Gold.fr","article_publisher":"https:\/\/www.facebook.com\/Goldfr\/","article_published_time":"2010-09-02T08:44:15+00:00","article_modified_time":"2021-01-11T15:39:07+00:00","og_image":[{"width":600,"height":400,"url":"https:\/\/www.gold.fr\/news\/wp-content\/uploads\/2010\/09\/world-or.jpg","type":"image\/jpeg"}],"author":"Laurent Schwartz","twitter_card":"summary_large_image","twitter_misc":{"\u00c9crit par":"Laurent Schwartz","Dur\u00e9e de lecture estim\u00e9e":"3 minutes"},"schema":{"@context":"https:\/\/schema.org","@graph":[{"@type":"Article","@id":"https:\/\/www.gold.fr\/news\/2010\/09\/02\/lor-et-les-devises\/#article","isPartOf":{"@id":"https:\/\/www.gold.fr\/news\/2010\/09\/02\/lor-et-les-devises\/"},"author":{"name":"Laurent Schwartz","@id":"https:\/\/www.gold.fr\/news\/#\/schema\/person\/4ed91d9a70d8f3a313c26e8308214fc2"},"headline":"L&rsquo;Or et les Devises","datePublished":"2010-09-02T08:44:15+00:00","dateModified":"2021-01-11T15:39:07+00:00","mainEntityOfPage":{"@id":"https:\/\/www.gold.fr\/news\/2010\/09\/02\/lor-et-les-devises\/"},"wordCount":628,"image":{"@id":"https:\/\/www.gold.fr\/news\/2010\/09\/02\/lor-et-les-devises\/#primaryimage"},"thumbnailUrl":"https:\/\/www.gold.fr\/news\/wp-content\/uploads\/2010\/09\/world-or.jpg","keywords":["devise","Or"],"articleSection":["Analyses Economiques"],"inLanguage":"fr-FR"},{"@type":"WebPage","@id":"https:\/\/www.gold.fr\/news\/2010\/09\/02\/lor-et-les-devises\/","url":"https:\/\/www.gold.fr\/news\/2010\/09\/02\/lor-et-les-devises\/","name":"L'Or et les Devises - Gold.fr","isPartOf":{"@id":"https:\/\/www.gold.fr\/news\/#website"},"primaryImageOfPage":{"@id":"https:\/\/www.gold.fr\/news\/2010\/09\/02\/lor-et-les-devises\/#primaryimage"},"image":{"@id":"https:\/\/www.gold.fr\/news\/2010\/09\/02\/lor-et-les-devises\/#primaryimage"},"thumbnailUrl":"https:\/\/www.gold.fr\/news\/wp-content\/uploads\/2010\/09\/world-or.jpg","datePublished":"2010-09-02T08:44:15+00:00","dateModified":"2021-01-11T15:39:07+00:00","author":{"@id":"https:\/\/www.gold.fr\/news\/#\/schema\/person\/4ed91d9a70d8f3a313c26e8308214fc2"},"description":"Cette analyse vise \u00e0 mettre en exergue les corr\u00e9lations qu\u2019il y a lieu de souligner entre les fluctuations L'or et les devises","breadcrumb":{"@id":"https:\/\/www.gold.fr\/news\/2010\/09\/02\/lor-et-les-devises\/#breadcrumb"},"inLanguage":"fr-FR","potentialAction":[{"@type":"ReadAction","target":["https:\/\/www.gold.fr\/news\/2010\/09\/02\/lor-et-les-devises\/"]}]},{"@type":"ImageObject","inLanguage":"fr-FR","@id":"https:\/\/www.gold.fr\/news\/2010\/09\/02\/lor-et-les-devises\/#primaryimage","url":"https:\/\/www.gold.fr\/news\/wp-content\/uploads\/2010\/09\/world-or.jpg","contentUrl":"https:\/\/www.gold.fr\/news\/wp-content\/uploads\/2010\/09\/world-or.jpg","width":"600","height":"400","caption":"world-or"},{"@type":"BreadcrumbList","@id":"https:\/\/www.gold.fr\/news\/2010\/09\/02\/lor-et-les-devises\/#breadcrumb","itemListElement":[{"@type":"ListItem","position":1,"name":"Accueil","item":"https:\/\/www.gold.fr\/"},{"@type":"ListItem","position":2,"name":"Actualit\u00e9s","item":"https:\/\/www.gold.fr\/news\/"},{"@type":"ListItem","position":3,"name":"L&rsquo;Or et les Devises"}]},{"@type":"WebSite","@id":"https:\/\/www.gold.fr\/news\/#website","url":"https:\/\/www.gold.fr\/news\/","name":"Gold.fr","description":"Actualit\u00e9s de l&#039;Or et des m\u00e9taux pr\u00e9cieux","potentialAction":[{"@type":"SearchAction","target":{"@type":"EntryPoint","urlTemplate":"https:\/\/www.gold.fr\/news\/?s={search_term_string}"},"query-input":{"@type":"PropertyValueSpecification","valueRequired":true,"valueName":"search_term_string"}}],"inLanguage":"fr-FR"},{"@type":"Person","@id":"https:\/\/www.gold.fr\/news\/#\/schema\/person\/4ed91d9a70d8f3a313c26e8308214fc2","name":"Laurent Schwartz","image":{"@type":"ImageObject","inLanguage":"fr-FR","@id":"https:\/\/secure.gravatar.com\/avatar\/1496f846049365121827f5470219486f1a95f83957cc8ca0a9595e40c185f5ee?s=96&d=mm&r=g76f0e87c9ba82a161860a0fc16990d85","url":"https:\/\/secure.gravatar.com\/avatar\/1496f846049365121827f5470219486f1a95f83957cc8ca0a9595e40c185f5ee?s=96&d=mm&r=g","contentUrl":"https:\/\/secure.gravatar.com\/avatar\/1496f846049365121827f5470219486f1a95f83957cc8ca0a9595e40c185f5ee?s=96&d=mm&r=g","caption":"Laurent Schwartz"},"description":"Dipl\u00f4m\u00e9 de l\u2019EDHEC Business School en 2005, Laurent SCHWARTZ int\u00e8gre le cabinet d\u2019audit ERNST &amp; YOUNG en 2005 o\u00f9 il travaille pendant 4 ans. Parall\u00e8lement, il travaille au sein de l\u2019entreprise familiale cr\u00e9\u00e9e en 1976 \u00e0 Strasbourg. Fort de cette exp\u00e9rience et du savoir-faire d\u00e9velopp\u00e9 durant ces 40 derni\u00e8res ann\u00e9es, Laurent proc\u00e8de \u00e0 la refonte du site Internet Gold.fr d\u00e9di\u00e9 \u00e0 l\u2019achat d'or, vente d\u2019or (pi\u00e8ces, lingots, ...), achat or et argent,... qui conna\u00eetra un franc succ\u00e8s d\u00e8s son d\u00e9marrage en 2008. Il d\u00e9cide alors de d\u00e9velopper un r\u00e9seau de concessions exclusives: Le Comptoir National de l\u2019Or. Il assure d\u00e9sormais le pilotage strat\u00e9gique du 1er r\u00e9seau de France qui compte aujourd\u2019hui pas loin de 60 agences r\u00e9parties dans toute la France et depuis peu en Allemagne (Breisach). Le Comptoir National de l\u2019Or se positionne aujourd\u2019hui comme le leader incontournable sur le march\u00e9 de l\u2019Or et des m\u00e9taux pr\u00e9cieux en France.","sameAs":["https:\/\/www.gold.fr","https:\/\/www.linkedin.com\/in\/acheteror\/"]}]}},"authors":[{"term_id":2567,"user_id":6,"is_guest":0,"slug":"laurent","display_name":"Laurent Schwartz","avatar_url":"https:\/\/secure.gravatar.com\/avatar\/1496f846049365121827f5470219486f1a95f83957cc8ca0a9595e40c185f5ee?s=96&d=mm&r=g","0":null,"1":"","2":"","3":"","4":"","5":"","6":"","7":"","8":""}],"_links":{"self":[{"href":"https:\/\/www.gold.fr\/news\/wp-json\/wp\/v2\/posts\/1782","targetHints":{"allow":["GET"]}}],"collection":[{"href":"https:\/\/www.gold.fr\/news\/wp-json\/wp\/v2\/posts"}],"about":[{"href":"https:\/\/www.gold.fr\/news\/wp-json\/wp\/v2\/types\/post"}],"author":[{"embeddable":true,"href":"https:\/\/www.gold.fr\/news\/wp-json\/wp\/v2\/users\/6"}],"replies":[{"embeddable":true,"href":"https:\/\/www.gold.fr\/news\/wp-json\/wp\/v2\/comments?post=1782"}],"version-history":[{"count":0,"href":"https:\/\/www.gold.fr\/news\/wp-json\/wp\/v2\/posts\/1782\/revisions"}],"wp:featuredmedia":[{"embeddable":true,"href":"https:\/\/www.gold.fr\/news\/wp-json\/wp\/v2\/media\/5064"}],"wp:attachment":[{"href":"https:\/\/www.gold.fr\/news\/wp-json\/wp\/v2\/media?parent=1782"}],"wp:term":[{"taxonomy":"category","embeddable":true,"href":"https:\/\/www.gold.fr\/news\/wp-json\/wp\/v2\/categories?post=1782"},{"taxonomy":"post_tag","embeddable":true,"href":"https:\/\/www.gold.fr\/news\/wp-json\/wp\/v2\/tags?post=1782"},{"taxonomy":"author","embeddable":true,"href":"https:\/\/www.gold.fr\/news\/wp-json\/wp\/v2\/ppma_author?post=1782"}],"curies":[{"name":"wp","href":"https:\/\/api.w.org\/{rel}","templated":true}]}}