{"id":1781,"date":"2010-09-02T10:50:47","date_gmt":"2010-09-02T08:50:47","guid":{"rendered":"https:\/\/www.gold.fr\/informations-sur-l-or\/analyses-economiques\/lor-et-linflation"},"modified":"2021-01-11T16:37:25","modified_gmt":"2021-01-11T15:37:25","slug":"lor-et-linflation","status":"publish","type":"post","link":"https:\/\/www.gold.fr\/news\/2010\/09\/02\/lor-et-linflation\/","title":{"rendered":"L&rsquo;Or et l&rsquo;Inflation"},"content":{"rendered":"<p style=\"text-align: justify;\"><span style=\"font-size: small;\"><strong>Cette analyse met en lumi\u00e8re les corr\u00e9lations s'av\u00e9rant pertinentes entre, d'une part le cours mondial de l'<a class=\"esk-seo-plu-link\" href=\"https:\/\/www.gold.fr\/news\/tags\/or\">Or<\/a>, et d'autre part les ph\u00e9nom\u00e8nes inflationnistes au sein de l'\u00e9conomie.<\/strong><\/span><\/p>\r\n\r\n\r\n<hr \/>\r\n<p style=\"text-align: justify;\"><span style=\"font-size: small;\">L'<a class=\"esk-seo-plu-link\" href=\"https:\/\/www.gold.fr\/news\/tags\/or\">Or<\/a> est-il corr\u00e9l\u00e9 \u00e0 l'inflation ? Cette question s'av\u00e8re tr\u00e8s pertinente.<\/span><\/p>\r\n<p style=\"text-align: justify;\"><span style=\"font-size: small;\">En effet, certains ph\u00e9nom\u00e8ne empiriques semblent dessiner une relation entre les fluctuations du <a class=\"esk-seo-plu-link\" href=\"https:\/\/www.gold.fr\/news\/tags\/cours-de-lor\">cours de l'Or<\/a> et l'inflation.<\/span><\/p>\r\n<p style=\"text-align: justify;\"><span style=\"font-size: small;\">Par exemple, lors des p\u00e9riodes de vive inflation, la hausse des prix est g\u00e9n\u00e9ralement favorable \u00e0 l'<a class=\"esk-seo-plu-link\" href=\"https:\/\/www.gold.fr\/news\/tags\/or\">Or<\/a> qui voit son cours m\u00e9caniquement soutenu. Les raisons \u00e0 cela s'av\u00e8rent finalement simples : les vertus av\u00e9r\u00e9es de l'<a class=\"esk-seo-plu-link\" href=\"https:\/\/www.gold.fr\/news\/tags\/or\">Or<\/a> en termes de protection du capital face aux pouss\u00e9es inflationnistes stimulent intens\u00e9ment les achats d'<a class=\"esk-seo-plu-link\" href=\"https:\/\/www.gold.fr\/news\/tags\/or\">Or<\/a> de la part des investisseurs souhaitant se pr\u00e9munir face \u00e0 l'inflation.<\/span><\/p>\r\n<p style=\"text-align: justify;\"><span style=\"font-size: small;\">Ainsi, les donn\u00e9s historiques attestent du fait que l'<a class=\"esk-seo-plu-link\" href=\"https:\/\/www.gold.fr\/news\/tags\/or\">Or<\/a> a constamment conserv\u00e9 son pouvoir d'achat dans le temps \u00e0 travers les grandes p\u00e9riodes inflationnistes recens\u00e9es. Aussi, on peut affirmer que l'<a class=\"esk-seo-plu-link\" href=\"https:\/\/www.gold.fr\/news\/tags\/or\">Or<\/a> est proportionnellement corr\u00e9l\u00e9 \u00e0 l'inflation car il est stimul\u00e9 par son r\u00f4le de couverture de l'inflation lors des phases inflationnistes.<\/span><\/p>\r\n<p style=\"text-align: justify;\"><span style=\"font-size: small;\">L'inflation impose en effet aux investisseurs de rechercher des instruments d'investissement en mesure de prot\u00e9ger leur portefeuille d'une d\u00e9pr\u00e9ciation. Deux options principales s'offrent ainsi \u00e0 eux : les obligations d'\u00c9tat (en particulier les bons du Tr\u00e9sors Am\u00e9ricain) et certains actifs comme les m\u00e9taux pr\u00e9cieux, notamment l'<a class=\"esk-seo-plu-link\" href=\"https:\/\/www.gold.fr\/news\/tags\/or\">Or<\/a>.<\/span><\/p>\r\n<p style=\"text-align: justify;\"><span style=\"font-size: small;\">L'<a class=\"esk-seo-plu-link\" href=\"https:\/\/www.gold.fr\/news\/tags\/or\">Or<\/a> s'av\u00e8re donc \u00eatre un protecteur de fortune efficace contre les effets de l'inflation qui provoque la d\u00e9pr\u00e9ciation des actifs, r\u00f4le d\u00e9montr\u00e9 notamment sur le long terme : il a \u00e9t\u00e9 mis en avant que, bien que les cycles du march\u00e9 vont et viennent, alternant des p\u00e9riodes inflationnistes et d\u00e9flationnistes, l'<a class=\"esk-seo-plu-link\" href=\"https:\/\/www.gold.fr\/news\/tags\/or\">Or<\/a> a uniform\u00e9ment maintenu son pouvoir d'achat sur la dur\u00e9e. En effet, sur le si\u00e8cle dernier, les \u00e9tudes ont d\u00e9montr\u00e9 que l'<a class=\"esk-seo-plu-link\" href=\"https:\/\/www.gold.fr\/news\/tags\/or\">Or<\/a> a conserv\u00e9 sa valeur en termes de pouvoir d'achat r\u00e9el dans de grandes \u00e9conomies comme les \u00c9tats-Unis, la Grande-Bretagne, la France, l'Allemagne ou le Japon (malgr\u00e9 d'importantes fluctuations de prix, l'<a class=\"esk-seo-plu-link\" href=\"https:\/\/www.gold.fr\/news\/tags\/or\">Or<\/a> est constamment demeur\u00e9 au niveau de sa parit\u00e9 en pouvoir d'achat historique avec d'autres mati\u00e8res ou produits interm\u00e9diaires \u00e9chang\u00e9s).<\/span><\/p>\r\n<p style=\"text-align: justify;\"><span style=\"font-size: small;\">Il est vrai, cependant, que le pouvoir d'achat de l'<a class=\"esk-seo-plu-link\" href=\"https:\/\/www.gold.fr\/news\/tags\/or\">Or<\/a> a notablement augment\u00e9 suite \u00e0 l'abandon de la convertibilit\u00e9 <a class=\"esk-seo-plu-link\" href=\"https:\/\/www.gold.fr\/news\/tags\/or\">Or<\/a> du Dollar US dans les ann\u00e9es 70, mais son niveau est redescendu \u00e0 sa moyenne historique depuis. Ainsi dans une approche sur le court terme, il faut \u00e9galement souligner la capacit\u00e9 de l'<a class=\"esk-seo-plu-link\" href=\"https:\/\/www.gold.fr\/news\/tags\/or\">Or<\/a> \u00e0 d\u00e9vier de sa tendance \u00e0 long terme afin de jouer le r\u00f4le de couverture de l'inflation.<\/span><\/p>\r\n<p style=\"text-align: justify;\"><span style=\"font-size: small;\">Dans une mise en perspective plus actuelle, il y a notamment lieu de souligner plusieurs ph\u00e9nom\u00e8nes inflationnistes simultan\u00e9s avec la hausse actuelle du <a class=\"esk-seo-plu-link\" href=\"https:\/\/www.gold.fr\/news\/tags\/cours-de-lor\">cours de l'Or<\/a>, confirmant la relation entre l'<a class=\"esk-seo-plu-link\" href=\"https:\/\/www.gold.fr\/news\/tags\/or\">Or<\/a> \/ l'inflation :<\/span><\/p>\r\n\r\n<ul style=\"text-align: justify;\">\r\n \t<li style=\"text-align: justify;\"><span style=\"font-size: small;\">le rench\u00e9rissement des mati\u00e8res premi\u00e8res, en particulier le p\u00e9trole, provoquant un rench\u00e9rissement du co\u00fbt de la vie et des co\u00fbts de production.<\/span><\/li>\r\n \t<li style=\"text-align: justify;\"><span style=\"font-size: small;\">le contexte actuel de crise relative aux dettes des \u00c9tats, susceptible d'amener certains gouvernements \u00e0 proc\u00e9der \u00e0 un d\u00e9sendettement via la \u00abplanche \u00e0 billet\u00bb, de la cr\u00e9ation mon\u00e9taire automatiquement source d'inflation.<\/span><\/li>\r\n<\/ul>\r\n<p style=\"text-align: justify;\"><span style=\"font-size: small;\">Cependant nous devons relativiser cela. Les derni\u00e8res \u00e9tudes tendent \u00e0 laisser penser que l'<a class=\"esk-seo-plu-link\" href=\"https:\/\/www.gold.fr\/news\/tags\/or\">Or<\/a> serait \u00e9galement inversement corr\u00e9l\u00e9 au taux de d\u00e9flation, et positivement corr\u00e9l\u00e9 \u00e0 l'ampleur des dettes souveraines.<\/span><\/p>","protected":false},"excerpt":{"rendered":"<p>Cette analyse met en lumi&egrave;re les corr&eacute;lations s&rsquo;av&eacute;rant pertinentes entre, d&rsquo;une part le cours mondial de l&rsquo;Or, et d&rsquo;autre part les ph&eacute;nom&egrave;nes inflationnistes au sein de l&rsquo;&eacute;conomi&#8230;<\/p>\n","protected":false},"author":6,"featured_media":5006,"comment_status":"closed","ping_status":"closed","sticky":false,"template":"","format":"standard","meta":{"_mbp_gutenberg_autopost":false,"_pgmb_is_evergreen":false,"_pgmb_ap_template_id":0,"footnotes":""},"categories":[4],"tags":[116,1095],"ppma_author":[2567],"class_list":["post-1781","post","type-post","status-publish","format-standard","has-post-thumbnail","hentry","category-analyses-economiques","tag-inflation","tag-or-et-inflation"],"yoast_head":"<!-- This site is optimized with the Yoast SEO plugin v27.5 - https:\/\/yoast.com\/product\/yoast-seo-wordpress\/ -->\n<title>L&#039;Or et l&#039;Inflation - Gold.fr<\/title>\n<meta name=\"description\" content=\"L&#039;Or est-il corr\u00e9l\u00e9 \u00e0 l&#039;inflation ? Relation entre les fluctuations du cours de l&#039;Or et l&#039;inflation Hausse des prix est favorable \u00e0 l&#039;Or\" \/>\n<meta name=\"robots\" content=\"index, follow, max-snippet:-1, max-image-preview:large, max-video-preview:-1\" \/>\n<link rel=\"canonical\" href=\"https:\/\/www.gold.fr\/news\/2010\/09\/02\/lor-et-linflation\/\" \/>\n<meta property=\"og:locale\" content=\"fr_FR\" \/>\n<meta property=\"og:type\" content=\"article\" \/>\n<meta property=\"og:title\" content=\"L&#039;Or et l&#039;Inflation - Gold.fr\" \/>\n<meta property=\"og:description\" content=\"L&#039;Or est-il corr\u00e9l\u00e9 \u00e0 l&#039;inflation ? Relation entre les fluctuations du cours de l&#039;Or et l&#039;inflation Hausse des prix est favorable \u00e0 l&#039;Or\" \/>\n<meta property=\"og:url\" content=\"https:\/\/www.gold.fr\/news\/2010\/09\/02\/lor-et-linflation\/\" \/>\n<meta property=\"og:site_name\" content=\"Gold.fr\" \/>\n<meta property=\"article:publisher\" content=\"https:\/\/www.facebook.com\/Goldfr\/\" \/>\n<meta property=\"article:published_time\" content=\"2010-09-02T08:50:47+00:00\" \/>\n<meta property=\"article:modified_time\" content=\"2021-01-11T15:37:25+00:00\" \/>\n<meta property=\"og:image\" content=\"https:\/\/www.gold.fr\/news\/wp-content\/uploads\/2010\/09\/gold-or.jpg\" \/>\n\t<meta property=\"og:image:width\" content=\"600\" \/>\n\t<meta property=\"og:image:height\" content=\"499\" \/>\n\t<meta property=\"og:image:type\" content=\"image\/jpeg\" \/>\n<meta name=\"author\" content=\"Laurent Schwartz\" \/>\n<meta name=\"twitter:card\" content=\"summary_large_image\" \/>\n<meta name=\"twitter:label1\" content=\"\u00c9crit par\" \/>\n\t<meta name=\"twitter:data1\" content=\"Laurent Schwartz\" \/>\n\t<meta name=\"twitter:label2\" content=\"Dur\u00e9e de lecture estim\u00e9e\" \/>\n\t<meta name=\"twitter:data2\" content=\"3 minutes\" \/>\n<script type=\"application\/ld+json\" class=\"yoast-schema-graph\">{\"@context\":\"https:\\\/\\\/schema.org\",\"@graph\":[{\"@type\":\"Article\",\"@id\":\"https:\\\/\\\/www.gold.fr\\\/news\\\/2010\\\/09\\\/02\\\/lor-et-linflation\\\/#article\",\"isPartOf\":{\"@id\":\"https:\\\/\\\/www.gold.fr\\\/news\\\/2010\\\/09\\\/02\\\/lor-et-linflation\\\/\"},\"author\":{\"name\":\"Laurent Schwartz\",\"@id\":\"https:\\\/\\\/www.gold.fr\\\/news\\\/#\\\/schema\\\/person\\\/4ed91d9a70d8f3a313c26e8308214fc2\"},\"headline\":\"L&rsquo;Or et l&rsquo;Inflation\",\"datePublished\":\"2010-09-02T08:50:47+00:00\",\"dateModified\":\"2021-01-11T15:37:25+00:00\",\"mainEntityOfPage\":{\"@id\":\"https:\\\/\\\/www.gold.fr\\\/news\\\/2010\\\/09\\\/02\\\/lor-et-linflation\\\/\"},\"wordCount\":624,\"image\":{\"@id\":\"https:\\\/\\\/www.gold.fr\\\/news\\\/2010\\\/09\\\/02\\\/lor-et-linflation\\\/#primaryimage\"},\"thumbnailUrl\":\"https:\\\/\\\/www.gold.fr\\\/news\\\/wp-content\\\/uploads\\\/2010\\\/09\\\/gold-or.jpg\",\"keywords\":[\"inflation\",\"or et inflation\"],\"articleSection\":[\"Analyses Economiques\"],\"inLanguage\":\"fr-FR\"},{\"@type\":\"WebPage\",\"@id\":\"https:\\\/\\\/www.gold.fr\\\/news\\\/2010\\\/09\\\/02\\\/lor-et-linflation\\\/\",\"url\":\"https:\\\/\\\/www.gold.fr\\\/news\\\/2010\\\/09\\\/02\\\/lor-et-linflation\\\/\",\"name\":\"L'Or et l'Inflation - Gold.fr\",\"isPartOf\":{\"@id\":\"https:\\\/\\\/www.gold.fr\\\/news\\\/#website\"},\"primaryImageOfPage\":{\"@id\":\"https:\\\/\\\/www.gold.fr\\\/news\\\/2010\\\/09\\\/02\\\/lor-et-linflation\\\/#primaryimage\"},\"image\":{\"@id\":\"https:\\\/\\\/www.gold.fr\\\/news\\\/2010\\\/09\\\/02\\\/lor-et-linflation\\\/#primaryimage\"},\"thumbnailUrl\":\"https:\\\/\\\/www.gold.fr\\\/news\\\/wp-content\\\/uploads\\\/2010\\\/09\\\/gold-or.jpg\",\"datePublished\":\"2010-09-02T08:50:47+00:00\",\"dateModified\":\"2021-01-11T15:37:25+00:00\",\"author\":{\"@id\":\"https:\\\/\\\/www.gold.fr\\\/news\\\/#\\\/schema\\\/person\\\/4ed91d9a70d8f3a313c26e8308214fc2\"},\"description\":\"L'Or est-il corr\u00e9l\u00e9 \u00e0 l'inflation ? Relation entre les fluctuations du cours de l'Or et l'inflation Hausse des prix est favorable \u00e0 l'Or\",\"breadcrumb\":{\"@id\":\"https:\\\/\\\/www.gold.fr\\\/news\\\/2010\\\/09\\\/02\\\/lor-et-linflation\\\/#breadcrumb\"},\"inLanguage\":\"fr-FR\",\"potentialAction\":[{\"@type\":\"ReadAction\",\"target\":[\"https:\\\/\\\/www.gold.fr\\\/news\\\/2010\\\/09\\\/02\\\/lor-et-linflation\\\/\"]}]},{\"@type\":\"ImageObject\",\"inLanguage\":\"fr-FR\",\"@id\":\"https:\\\/\\\/www.gold.fr\\\/news\\\/2010\\\/09\\\/02\\\/lor-et-linflation\\\/#primaryimage\",\"url\":\"https:\\\/\\\/www.gold.fr\\\/news\\\/wp-content\\\/uploads\\\/2010\\\/09\\\/gold-or.jpg\",\"contentUrl\":\"https:\\\/\\\/www.gold.fr\\\/news\\\/wp-content\\\/uploads\\\/2010\\\/09\\\/gold-or.jpg\",\"width\":\"600\",\"height\":\"499\",\"caption\":\"L'once rebondit, boost\u00e9e par l'aversion au risque\"},{\"@type\":\"BreadcrumbList\",\"@id\":\"https:\\\/\\\/www.gold.fr\\\/news\\\/2010\\\/09\\\/02\\\/lor-et-linflation\\\/#breadcrumb\",\"itemListElement\":[{\"@type\":\"ListItem\",\"position\":1,\"name\":\"Accueil\",\"item\":\"https:\\\/\\\/www.gold.fr\\\/\"},{\"@type\":\"ListItem\",\"position\":2,\"name\":\"Actualit\u00e9s\",\"item\":\"https:\\\/\\\/www.gold.fr\\\/news\\\/\"},{\"@type\":\"ListItem\",\"position\":3,\"name\":\"L&rsquo;Or et l&rsquo;Inflation\"}]},{\"@type\":\"WebSite\",\"@id\":\"https:\\\/\\\/www.gold.fr\\\/news\\\/#website\",\"url\":\"https:\\\/\\\/www.gold.fr\\\/news\\\/\",\"name\":\"Gold.fr\",\"description\":\"Actualit\u00e9s de l&#039;Or et des m\u00e9taux pr\u00e9cieux\",\"potentialAction\":[{\"@type\":\"SearchAction\",\"target\":{\"@type\":\"EntryPoint\",\"urlTemplate\":\"https:\\\/\\\/www.gold.fr\\\/news\\\/?s={search_term_string}\"},\"query-input\":{\"@type\":\"PropertyValueSpecification\",\"valueRequired\":true,\"valueName\":\"search_term_string\"}}],\"inLanguage\":\"fr-FR\"},{\"@type\":\"Person\",\"@id\":\"https:\\\/\\\/www.gold.fr\\\/news\\\/#\\\/schema\\\/person\\\/4ed91d9a70d8f3a313c26e8308214fc2\",\"name\":\"Laurent Schwartz\",\"image\":{\"@type\":\"ImageObject\",\"inLanguage\":\"fr-FR\",\"@id\":\"https:\\\/\\\/secure.gravatar.com\\\/avatar\\\/1496f846049365121827f5470219486f1a95f83957cc8ca0a9595e40c185f5ee?s=96&d=mm&r=g76f0e87c9ba82a161860a0fc16990d85\",\"url\":\"https:\\\/\\\/secure.gravatar.com\\\/avatar\\\/1496f846049365121827f5470219486f1a95f83957cc8ca0a9595e40c185f5ee?s=96&d=mm&r=g\",\"contentUrl\":\"https:\\\/\\\/secure.gravatar.com\\\/avatar\\\/1496f846049365121827f5470219486f1a95f83957cc8ca0a9595e40c185f5ee?s=96&d=mm&r=g\",\"caption\":\"Laurent Schwartz\"},\"description\":\"Dipl\u00f4m\u00e9 de l\u2019EDHEC Business School en 2005, Laurent SCHWARTZ int\u00e8gre le cabinet d\u2019audit ERNST &amp; YOUNG en 2005 o\u00f9 il travaille pendant 4 ans. Parall\u00e8lement, il travaille au sein de l\u2019entreprise familiale cr\u00e9\u00e9e en 1976 \u00e0 Strasbourg. Fort de cette exp\u00e9rience et du savoir-faire d\u00e9velopp\u00e9 durant ces 40 derni\u00e8res ann\u00e9es, Laurent proc\u00e8de \u00e0 la refonte du site Internet Gold.fr d\u00e9di\u00e9 \u00e0 l\u2019achat d'or, vente d\u2019or (pi\u00e8ces, lingots, ...), achat or et argent,... qui conna\u00eetra un franc succ\u00e8s d\u00e8s son d\u00e9marrage en 2008. Il d\u00e9cide alors de d\u00e9velopper un r\u00e9seau de concessions exclusives: Le Comptoir National de l\u2019Or. Il assure d\u00e9sormais le pilotage strat\u00e9gique du 1er r\u00e9seau de France qui compte aujourd\u2019hui pas loin de 60 agences r\u00e9parties dans toute la France et depuis peu en Allemagne (Breisach). Le Comptoir National de l\u2019Or se positionne aujourd\u2019hui comme le leader incontournable sur le march\u00e9 de l\u2019Or et des m\u00e9taux pr\u00e9cieux en France.\",\"sameAs\":[\"https:\\\/\\\/www.gold.fr\",\"https:\\\/\\\/www.linkedin.com\\\/in\\\/acheteror\\\/\"]}]}<\/script>\n<!-- \/ Yoast SEO plugin. -->","yoast_head_json":{"title":"L'Or et l'Inflation - Gold.fr","description":"L'Or est-il corr\u00e9l\u00e9 \u00e0 l'inflation ? Relation entre les fluctuations du cours de l'Or et l'inflation Hausse des prix est favorable \u00e0 l'Or","robots":{"index":"index","follow":"follow","max-snippet":"max-snippet:-1","max-image-preview":"max-image-preview:large","max-video-preview":"max-video-preview:-1"},"canonical":"https:\/\/www.gold.fr\/news\/2010\/09\/02\/lor-et-linflation\/","og_locale":"fr_FR","og_type":"article","og_title":"L'Or et l'Inflation - Gold.fr","og_description":"L'Or est-il corr\u00e9l\u00e9 \u00e0 l'inflation ? Relation entre les fluctuations du cours de l'Or et l'inflation Hausse des prix est favorable \u00e0 l'Or","og_url":"https:\/\/www.gold.fr\/news\/2010\/09\/02\/lor-et-linflation\/","og_site_name":"Gold.fr","article_publisher":"https:\/\/www.facebook.com\/Goldfr\/","article_published_time":"2010-09-02T08:50:47+00:00","article_modified_time":"2021-01-11T15:37:25+00:00","og_image":[{"width":600,"height":499,"url":"https:\/\/www.gold.fr\/news\/wp-content\/uploads\/2010\/09\/gold-or.jpg","type":"image\/jpeg"}],"author":"Laurent Schwartz","twitter_card":"summary_large_image","twitter_misc":{"\u00c9crit par":"Laurent Schwartz","Dur\u00e9e de lecture estim\u00e9e":"3 minutes"},"schema":{"@context":"https:\/\/schema.org","@graph":[{"@type":"Article","@id":"https:\/\/www.gold.fr\/news\/2010\/09\/02\/lor-et-linflation\/#article","isPartOf":{"@id":"https:\/\/www.gold.fr\/news\/2010\/09\/02\/lor-et-linflation\/"},"author":{"name":"Laurent Schwartz","@id":"https:\/\/www.gold.fr\/news\/#\/schema\/person\/4ed91d9a70d8f3a313c26e8308214fc2"},"headline":"L&rsquo;Or et l&rsquo;Inflation","datePublished":"2010-09-02T08:50:47+00:00","dateModified":"2021-01-11T15:37:25+00:00","mainEntityOfPage":{"@id":"https:\/\/www.gold.fr\/news\/2010\/09\/02\/lor-et-linflation\/"},"wordCount":624,"image":{"@id":"https:\/\/www.gold.fr\/news\/2010\/09\/02\/lor-et-linflation\/#primaryimage"},"thumbnailUrl":"https:\/\/www.gold.fr\/news\/wp-content\/uploads\/2010\/09\/gold-or.jpg","keywords":["inflation","or et inflation"],"articleSection":["Analyses Economiques"],"inLanguage":"fr-FR"},{"@type":"WebPage","@id":"https:\/\/www.gold.fr\/news\/2010\/09\/02\/lor-et-linflation\/","url":"https:\/\/www.gold.fr\/news\/2010\/09\/02\/lor-et-linflation\/","name":"L'Or et l'Inflation - Gold.fr","isPartOf":{"@id":"https:\/\/www.gold.fr\/news\/#website"},"primaryImageOfPage":{"@id":"https:\/\/www.gold.fr\/news\/2010\/09\/02\/lor-et-linflation\/#primaryimage"},"image":{"@id":"https:\/\/www.gold.fr\/news\/2010\/09\/02\/lor-et-linflation\/#primaryimage"},"thumbnailUrl":"https:\/\/www.gold.fr\/news\/wp-content\/uploads\/2010\/09\/gold-or.jpg","datePublished":"2010-09-02T08:50:47+00:00","dateModified":"2021-01-11T15:37:25+00:00","author":{"@id":"https:\/\/www.gold.fr\/news\/#\/schema\/person\/4ed91d9a70d8f3a313c26e8308214fc2"},"description":"L'Or est-il corr\u00e9l\u00e9 \u00e0 l'inflation ? Relation entre les fluctuations du cours de l'Or et l'inflation Hausse des prix est favorable \u00e0 l'Or","breadcrumb":{"@id":"https:\/\/www.gold.fr\/news\/2010\/09\/02\/lor-et-linflation\/#breadcrumb"},"inLanguage":"fr-FR","potentialAction":[{"@type":"ReadAction","target":["https:\/\/www.gold.fr\/news\/2010\/09\/02\/lor-et-linflation\/"]}]},{"@type":"ImageObject","inLanguage":"fr-FR","@id":"https:\/\/www.gold.fr\/news\/2010\/09\/02\/lor-et-linflation\/#primaryimage","url":"https:\/\/www.gold.fr\/news\/wp-content\/uploads\/2010\/09\/gold-or.jpg","contentUrl":"https:\/\/www.gold.fr\/news\/wp-content\/uploads\/2010\/09\/gold-or.jpg","width":"600","height":"499","caption":"L'once rebondit, boost\u00e9e par l'aversion au risque"},{"@type":"BreadcrumbList","@id":"https:\/\/www.gold.fr\/news\/2010\/09\/02\/lor-et-linflation\/#breadcrumb","itemListElement":[{"@type":"ListItem","position":1,"name":"Accueil","item":"https:\/\/www.gold.fr\/"},{"@type":"ListItem","position":2,"name":"Actualit\u00e9s","item":"https:\/\/www.gold.fr\/news\/"},{"@type":"ListItem","position":3,"name":"L&rsquo;Or et l&rsquo;Inflation"}]},{"@type":"WebSite","@id":"https:\/\/www.gold.fr\/news\/#website","url":"https:\/\/www.gold.fr\/news\/","name":"Gold.fr","description":"Actualit\u00e9s de l&#039;Or et des m\u00e9taux pr\u00e9cieux","potentialAction":[{"@type":"SearchAction","target":{"@type":"EntryPoint","urlTemplate":"https:\/\/www.gold.fr\/news\/?s={search_term_string}"},"query-input":{"@type":"PropertyValueSpecification","valueRequired":true,"valueName":"search_term_string"}}],"inLanguage":"fr-FR"},{"@type":"Person","@id":"https:\/\/www.gold.fr\/news\/#\/schema\/person\/4ed91d9a70d8f3a313c26e8308214fc2","name":"Laurent Schwartz","image":{"@type":"ImageObject","inLanguage":"fr-FR","@id":"https:\/\/secure.gravatar.com\/avatar\/1496f846049365121827f5470219486f1a95f83957cc8ca0a9595e40c185f5ee?s=96&d=mm&r=g76f0e87c9ba82a161860a0fc16990d85","url":"https:\/\/secure.gravatar.com\/avatar\/1496f846049365121827f5470219486f1a95f83957cc8ca0a9595e40c185f5ee?s=96&d=mm&r=g","contentUrl":"https:\/\/secure.gravatar.com\/avatar\/1496f846049365121827f5470219486f1a95f83957cc8ca0a9595e40c185f5ee?s=96&d=mm&r=g","caption":"Laurent Schwartz"},"description":"Dipl\u00f4m\u00e9 de l\u2019EDHEC Business School en 2005, Laurent SCHWARTZ int\u00e8gre le cabinet d\u2019audit ERNST &amp; YOUNG en 2005 o\u00f9 il travaille pendant 4 ans. Parall\u00e8lement, il travaille au sein de l\u2019entreprise familiale cr\u00e9\u00e9e en 1976 \u00e0 Strasbourg. Fort de cette exp\u00e9rience et du savoir-faire d\u00e9velopp\u00e9 durant ces 40 derni\u00e8res ann\u00e9es, Laurent proc\u00e8de \u00e0 la refonte du site Internet Gold.fr d\u00e9di\u00e9 \u00e0 l\u2019achat d'or, vente d\u2019or (pi\u00e8ces, lingots, ...), achat or et argent,... qui conna\u00eetra un franc succ\u00e8s d\u00e8s son d\u00e9marrage en 2008. Il d\u00e9cide alors de d\u00e9velopper un r\u00e9seau de concessions exclusives: Le Comptoir National de l\u2019Or. Il assure d\u00e9sormais le pilotage strat\u00e9gique du 1er r\u00e9seau de France qui compte aujourd\u2019hui pas loin de 60 agences r\u00e9parties dans toute la France et depuis peu en Allemagne (Breisach). Le Comptoir National de l\u2019Or se positionne aujourd\u2019hui comme le leader incontournable sur le march\u00e9 de l\u2019Or et des m\u00e9taux pr\u00e9cieux en France.","sameAs":["https:\/\/www.gold.fr","https:\/\/www.linkedin.com\/in\/acheteror\/"]}]}},"authors":[{"term_id":2567,"user_id":6,"is_guest":0,"slug":"laurent","display_name":"Laurent Schwartz","avatar_url":"https:\/\/secure.gravatar.com\/avatar\/1496f846049365121827f5470219486f1a95f83957cc8ca0a9595e40c185f5ee?s=96&d=mm&r=g","0":null,"1":"","2":"","3":"","4":"","5":"","6":"","7":"","8":""}],"_links":{"self":[{"href":"https:\/\/www.gold.fr\/news\/wp-json\/wp\/v2\/posts\/1781","targetHints":{"allow":["GET"]}}],"collection":[{"href":"https:\/\/www.gold.fr\/news\/wp-json\/wp\/v2\/posts"}],"about":[{"href":"https:\/\/www.gold.fr\/news\/wp-json\/wp\/v2\/types\/post"}],"author":[{"embeddable":true,"href":"https:\/\/www.gold.fr\/news\/wp-json\/wp\/v2\/users\/6"}],"replies":[{"embeddable":true,"href":"https:\/\/www.gold.fr\/news\/wp-json\/wp\/v2\/comments?post=1781"}],"version-history":[{"count":0,"href":"https:\/\/www.gold.fr\/news\/wp-json\/wp\/v2\/posts\/1781\/revisions"}],"wp:featuredmedia":[{"embeddable":true,"href":"https:\/\/www.gold.fr\/news\/wp-json\/wp\/v2\/media\/5006"}],"wp:attachment":[{"href":"https:\/\/www.gold.fr\/news\/wp-json\/wp\/v2\/media?parent=1781"}],"wp:term":[{"taxonomy":"category","embeddable":true,"href":"https:\/\/www.gold.fr\/news\/wp-json\/wp\/v2\/categories?post=1781"},{"taxonomy":"post_tag","embeddable":true,"href":"https:\/\/www.gold.fr\/news\/wp-json\/wp\/v2\/tags?post=1781"},{"taxonomy":"author","embeddable":true,"href":"https:\/\/www.gold.fr\/news\/wp-json\/wp\/v2\/ppma_author?post=1781"}],"curies":[{"name":"wp","href":"https:\/\/api.w.org\/{rel}","templated":true}]}}