{"id":17788,"date":"2015-08-25T17:00:25","date_gmt":"2015-08-25T15:00:25","guid":{"rendered":"https:\/\/www.gold.fr\/news\/?p=17788"},"modified":"2017-11-29T17:57:17","modified_gmt":"2017-11-29T16:57:17","slug":"guyane-lactivite-aurifere-doit-augmenter-pour-emmanuel-macron","status":"publish","type":"post","link":"https:\/\/www.gold.fr\/news\/2015\/08\/25\/guyane-lactivite-aurifere-doit-augmenter-pour-emmanuel-macron\/","title":{"rendered":"Guyane : l\u2019activit\u00e9 aurif\u00e8re doit augmenter pour Emmanuel Macron"},"content":{"rendered":"<p><img loading=\"lazy\" decoding=\"async\" class=\"alignleft size-thumbnail wp-image-15523\" title=\"Guyane : l\u2019activit\u00e9 aurif\u00e8re doit augmenter pour Emmanuel Macron\" src=\"https:\/\/www.gold.fr\/news\/wp-content\/uploads\/2014\/09\/Achats-or-BC-150x150.jpg\" alt=\"\" width=\"150\" height=\"150\" \/><span style=\"font-size: small;\">Lors d&rsquo;une visite de deux jours effectu\u00e9e la semaine derni\u00e8re en <strong>Guyane<\/strong>, <strong>Emmanuel Macron<\/strong>, le ministre de l&rsquo;<strong>\u00c9conomie et des Finances<\/strong>, a affirm\u00e9 haut et fort son soutien \u00e0 l&rsquo;activit\u00e9 aurif\u00e8re de la r\u00e9gion. Le patron de <strong>Bercy<\/strong> a en effet plaid\u00e9 pour une intensification de l&rsquo;activit\u00e9 du secteur. La <strong>Guyane<\/strong> repr\u00e9sente en effet une richissime r\u00e9serve d&rsquo;<a href='https:\/\/www.gold.fr\/news\/tags\/or' class='esk-seo-plu-link'>or<\/a> pour la <strong>France<\/strong>. Pourtant, malgr\u00e9 cette importante r\u00e9serve, la <strong>France<\/strong> n&rsquo;arrive pas \u00e0 se frayer une place parmi le top <strong>15<\/strong> des pays producteurs d&rsquo;<a href='https:\/\/www.gold.fr\/news\/tags\/or' class='esk-seo-plu-link'>or<\/a>.<\/span>    <span style=\"font-size: small;\">L&rsquo;augmentation de l&rsquo;activit\u00e9 aurif\u00e8re pr\u00e9sente tout de m\u00eame quelques risques, surtout avec l&rsquo;effondrement actuel du <a title=\"Prix de l'Or\" href=\"https:\/\/www.gold.fr\/cours-or-prix-de-l-or\/\" target=\"_blank\">cours<\/a> de l&rsquo;<a href='https:\/\/www.gold.fr\/news\/tags\/or' class='esk-seo-plu-link'>or<\/a> jaune. Cependant, le potentiel \u00e0 exploiter est important selon <strong>Jean-Claude Guillaneau<\/strong>, directeur des g\u00e9o-ressources du Bureau de recherches g\u00e9ologiques et mini\u00e8res. Le potentiel exploitable de la <strong>Guyane<\/strong> s&rsquo;\u00e9l\u00e8ve \u00e0 pr\u00e8s de <strong>450<\/strong> <strong>tonnes<\/strong> d&rsquo;<a href='https:\/\/www.gold.fr\/news\/tags\/or' class='esk-seo-plu-link'>or<\/a>, poursuit-il.<\/span>    <span style=\"font-size: small;\">Seulement, toujours selon <strong>Jean-Claude Guillaneau<\/strong>, il n&rsquo;y a pas encore d&rsquo;industrie aurif\u00e8re puissante en <strong>Guyane<\/strong>. \u201c<em>Les grandes compagnies ne sont pas encore pr\u00e9sentes<\/em>\u201d, a-t-il d\u00e9clar\u00e9. Mais les choses devraient sans doute changer. De fait, <strong>Columbus Gold<\/strong>, une compagnie <strong>canadienne<\/strong>, a d&rsquo;ores et d\u00e9j\u00e0 d\u00e9pos\u00e9 une demande de permis et recherche sur le site minier <strong>Montagne d&rsquo;<a href='https:\/\/www.gold.fr\/news\/tags\/or' class='esk-seo-plu-link'>Or<\/a><\/strong>. Le gisement pourrait produire pas moins de <strong>150 tonnes<\/strong> d&rsquo;<a href='https:\/\/www.gold.fr\/news\/tags\/or' class='esk-seo-plu-link'>or<\/a>.<\/span>    <span style=\"font-size: small;\">L&rsquo;avenir est prometteur pour la <strong>Guyane<\/strong>, dans l&rsquo;espoir de voir le <a href='https:\/\/www.gold.fr\/news\/tags\/cours-de-lor' class='esk-seo-plu-link'>cours de l&rsquo;or<\/a> repartir \u00e0 la hausse.<\/span><\/p>\n<!-- AddThis Advanced Settings generic via filter on the_content --><!-- AddThis Share Buttons generic via filter on the_content -->","protected":false},"excerpt":{"rendered":"<p>Lors d&rsquo;une visite de deux jours effectu\u00e9e la semaine derni\u00e8re en Guyane, Emmanuel Macron, le ministre de l&rsquo;\u00c9conomie et des Finances, a affirm\u00e9 haut et fort son soutien \u00e0 l&rsquo;activit\u00e9 aurif\u00e8re de la r\u00e9gion. Le patron [&hellip;]<\/p>\n","protected":false},"author":18,"featured_media":15523,"comment_status":"open","ping_status":"open","sticky":false,"template":"","format":"standard","meta":{"_mbp_gutenberg_autopost":false,"_pgmb_is_evergreen":false,"_pgmb_ap_template_id":0,"footnotes":""},"categories":[6],"tags":[2076,2101,2108],"ppma_author":[2565],"class_list":["post-17788","post","type-post","status-publish","format-standard","has-post-thumbnail","hentry","category-articles-de-presse","tag-or-france","tag-or-guyane","tag-production-de-lor"],"yoast_head":"<!-- This site is optimized with the Yoast SEO plugin v27.5 - https:\/\/yoast.com\/product\/yoast-seo-wordpress\/ -->\n<title>Guyane : l\u2019activit\u00e9 aurif\u00e8re doit augmenter pour Emmanuel Macron - Gold.fr<\/title>\n<meta name=\"robots\" content=\"index, follow, max-snippet:-1, max-image-preview:large, max-video-preview:-1\" \/>\n<link rel=\"canonical\" href=\"https:\/\/www.gold.fr\/news\/2015\/08\/25\/guyane-lactivite-aurifere-doit-augmenter-pour-emmanuel-macron\/\" \/>\n<meta property=\"og:locale\" content=\"fr_FR\" \/>\n<meta property=\"og:type\" content=\"article\" \/>\n<meta property=\"og:title\" content=\"Guyane : l\u2019activit\u00e9 aurif\u00e8re doit augmenter pour Emmanuel Macron - Gold.fr\" \/>\n<meta property=\"og:description\" content=\"Lors d&rsquo;une visite de deux jours effectu\u00e9e la semaine derni\u00e8re en Guyane, Emmanuel Macron, le ministre de l&rsquo;\u00c9conomie et des Finances, a affirm\u00e9 haut et fort son soutien \u00e0 l&rsquo;activit\u00e9 aurif\u00e8re de la r\u00e9gion. Le patron [&hellip;]\" \/>\n<meta property=\"og:url\" content=\"https:\/\/www.gold.fr\/news\/2015\/08\/25\/guyane-lactivite-aurifere-doit-augmenter-pour-emmanuel-macron\/\" \/>\n<meta property=\"og:site_name\" content=\"Gold.fr\" \/>\n<meta property=\"article:publisher\" content=\"https:\/\/www.facebook.com\/Goldfr\/\" \/>\n<meta property=\"article:published_time\" content=\"2015-08-25T15:00:25+00:00\" \/>\n<meta property=\"article:modified_time\" content=\"2017-11-29T16:57:17+00:00\" \/>\n<meta property=\"og:image\" content=\"https:\/\/www.gold.fr\/news\/wp-content\/uploads\/2014\/09\/Achats-or-BC.jpg\" \/>\n\t<meta property=\"og:image:width\" content=\"750\" \/>\n\t<meta property=\"og:image:height\" content=\"637\" \/>\n\t<meta property=\"og:image:type\" content=\"image\/jpeg\" \/>\n<meta name=\"author\" content=\"Comptoir National de l&#039;Or\" \/>\n<meta name=\"twitter:card\" content=\"summary_large_image\" \/>\n<meta name=\"twitter:label1\" content=\"\u00c9crit par\" \/>\n\t<meta name=\"twitter:data1\" content=\"Comptoir National de l&#039;Or\" \/>\n\t<meta name=\"twitter:label2\" content=\"Dur\u00e9e de lecture estim\u00e9e\" \/>\n\t<meta name=\"twitter:data2\" content=\"1 minute\" \/>\n<script type=\"application\/ld+json\" class=\"yoast-schema-graph\">{\"@context\":\"https:\\\/\\\/schema.org\",\"@graph\":[{\"@type\":\"Article\",\"@id\":\"https:\\\/\\\/www.gold.fr\\\/news\\\/2015\\\/08\\\/25\\\/guyane-lactivite-aurifere-doit-augmenter-pour-emmanuel-macron\\\/#article\",\"isPartOf\":{\"@id\":\"https:\\\/\\\/www.gold.fr\\\/news\\\/2015\\\/08\\\/25\\\/guyane-lactivite-aurifere-doit-augmenter-pour-emmanuel-macron\\\/\"},\"author\":{\"name\":\"Comptoir National de l'Or\",\"@id\":\"https:\\\/\\\/www.gold.fr\\\/news\\\/#\\\/schema\\\/person\\\/070491b4b4fb7671bf59b3be20302ce9\"},\"headline\":\"Guyane : l\u2019activit\u00e9 aurif\u00e8re doit augmenter pour Emmanuel Macron\",\"datePublished\":\"2015-08-25T15:00:25+00:00\",\"dateModified\":\"2017-11-29T16:57:17+00:00\",\"mainEntityOfPage\":{\"@id\":\"https:\\\/\\\/www.gold.fr\\\/news\\\/2015\\\/08\\\/25\\\/guyane-lactivite-aurifere-doit-augmenter-pour-emmanuel-macron\\\/\"},\"wordCount\":263,\"commentCount\":0,\"image\":{\"@id\":\"https:\\\/\\\/www.gold.fr\\\/news\\\/2015\\\/08\\\/25\\\/guyane-lactivite-aurifere-doit-augmenter-pour-emmanuel-macron\\\/#primaryimage\"},\"thumbnailUrl\":\"https:\\\/\\\/www.gold.fr\\\/news\\\/wp-content\\\/uploads\\\/2014\\\/09\\\/Achats-or-BC.jpg\",\"keywords\":[\"or france\",\"Or Guyane\",\"production de l'or\"],\"articleSection\":[\"Articles de presse\"],\"inLanguage\":\"fr-FR\"},{\"@type\":\"WebPage\",\"@id\":\"https:\\\/\\\/www.gold.fr\\\/news\\\/2015\\\/08\\\/25\\\/guyane-lactivite-aurifere-doit-augmenter-pour-emmanuel-macron\\\/\",\"url\":\"https:\\\/\\\/www.gold.fr\\\/news\\\/2015\\\/08\\\/25\\\/guyane-lactivite-aurifere-doit-augmenter-pour-emmanuel-macron\\\/\",\"name\":\"Guyane : l\u2019activit\u00e9 aurif\u00e8re doit augmenter pour Emmanuel Macron - Gold.fr\",\"isPartOf\":{\"@id\":\"https:\\\/\\\/www.gold.fr\\\/news\\\/#website\"},\"primaryImageOfPage\":{\"@id\":\"https:\\\/\\\/www.gold.fr\\\/news\\\/2015\\\/08\\\/25\\\/guyane-lactivite-aurifere-doit-augmenter-pour-emmanuel-macron\\\/#primaryimage\"},\"image\":{\"@id\":\"https:\\\/\\\/www.gold.fr\\\/news\\\/2015\\\/08\\\/25\\\/guyane-lactivite-aurifere-doit-augmenter-pour-emmanuel-macron\\\/#primaryimage\"},\"thumbnailUrl\":\"https:\\\/\\\/www.gold.fr\\\/news\\\/wp-content\\\/uploads\\\/2014\\\/09\\\/Achats-or-BC.jpg\",\"datePublished\":\"2015-08-25T15:00:25+00:00\",\"dateModified\":\"2017-11-29T16:57:17+00:00\",\"author\":{\"@id\":\"https:\\\/\\\/www.gold.fr\\\/news\\\/#\\\/schema\\\/person\\\/070491b4b4fb7671bf59b3be20302ce9\"},\"breadcrumb\":{\"@id\":\"https:\\\/\\\/www.gold.fr\\\/news\\\/2015\\\/08\\\/25\\\/guyane-lactivite-aurifere-doit-augmenter-pour-emmanuel-macron\\\/#breadcrumb\"},\"inLanguage\":\"fr-FR\",\"potentialAction\":[{\"@type\":\"ReadAction\",\"target\":[\"https:\\\/\\\/www.gold.fr\\\/news\\\/2015\\\/08\\\/25\\\/guyane-lactivite-aurifere-doit-augmenter-pour-emmanuel-macron\\\/\"]}]},{\"@type\":\"ImageObject\",\"inLanguage\":\"fr-FR\",\"@id\":\"https:\\\/\\\/www.gold.fr\\\/news\\\/2015\\\/08\\\/25\\\/guyane-lactivite-aurifere-doit-augmenter-pour-emmanuel-macron\\\/#primaryimage\",\"url\":\"https:\\\/\\\/www.gold.fr\\\/news\\\/wp-content\\\/uploads\\\/2014\\\/09\\\/Achats-or-BC.jpg\",\"contentUrl\":\"https:\\\/\\\/www.gold.fr\\\/news\\\/wp-content\\\/uploads\\\/2014\\\/09\\\/Achats-or-BC.jpg\",\"width\":\"750\",\"height\":\"637\",\"caption\":\"L\u2019or : l\u2019investissement par excellence pour l\u2019ann\u00e9e 2017\"},{\"@type\":\"BreadcrumbList\",\"@id\":\"https:\\\/\\\/www.gold.fr\\\/news\\\/2015\\\/08\\\/25\\\/guyane-lactivite-aurifere-doit-augmenter-pour-emmanuel-macron\\\/#breadcrumb\",\"itemListElement\":[{\"@type\":\"ListItem\",\"position\":1,\"name\":\"Accueil\",\"item\":\"https:\\\/\\\/www.gold.fr\\\/\"},{\"@type\":\"ListItem\",\"position\":2,\"name\":\"Actualit\u00e9s\",\"item\":\"https:\\\/\\\/www.gold.fr\\\/news\\\/\"},{\"@type\":\"ListItem\",\"position\":3,\"name\":\"Guyane : l\u2019activit\u00e9 aurif\u00e8re doit augmenter pour Emmanuel Macron\"}]},{\"@type\":\"WebSite\",\"@id\":\"https:\\\/\\\/www.gold.fr\\\/news\\\/#website\",\"url\":\"https:\\\/\\\/www.gold.fr\\\/news\\\/\",\"name\":\"Gold.fr\",\"description\":\"Actualit\u00e9s de l&#039;Or et des m\u00e9taux pr\u00e9cieux\",\"potentialAction\":[{\"@type\":\"SearchAction\",\"target\":{\"@type\":\"EntryPoint\",\"urlTemplate\":\"https:\\\/\\\/www.gold.fr\\\/news\\\/?s={search_term_string}\"},\"query-input\":{\"@type\":\"PropertyValueSpecification\",\"valueRequired\":true,\"valueName\":\"search_term_string\"}}],\"inLanguage\":\"fr-FR\"},{\"@type\":\"Person\",\"@id\":\"https:\\\/\\\/www.gold.fr\\\/news\\\/#\\\/schema\\\/person\\\/070491b4b4fb7671bf59b3be20302ce9\",\"name\":\"Comptoir National de l'Or\",\"image\":{\"@type\":\"ImageObject\",\"inLanguage\":\"fr-FR\",\"@id\":\"https:\\\/\\\/secure.gravatar.com\\\/avatar\\\/0a2867fd5abe37bed95d5a65e9d58f01756e11efc68af9888dfc50cfa7f65948?s=96&d=mm&r=gb490554db0a38188709de567aa58480d\",\"url\":\"https:\\\/\\\/secure.gravatar.com\\\/avatar\\\/0a2867fd5abe37bed95d5a65e9d58f01756e11efc68af9888dfc50cfa7f65948?s=96&d=mm&r=g\",\"contentUrl\":\"https:\\\/\\\/secure.gravatar.com\\\/avatar\\\/0a2867fd5abe37bed95d5a65e9d58f01756e11efc68af9888dfc50cfa7f65948?s=96&d=mm&r=g\",\"caption\":\"Comptoir National de l'Or\"},\"description\":\"Notre r\u00e9daction est constitu\u00e9e de membres experts dans les m\u00e9tiers de l'\u00e9conomie et la gestion, des Responsables d'agence Comptoir National de l'Or, des analystes financiers qui publient r\u00e9guli\u00e8rement des \u00e9tudes sur les politiques des banques centrales, le cours de l'or, prix de l'or, cours de l'argent, prix de l'argent, cours du platine, cours du palladium,... la situation en zone euro et l'impact de la strat\u00e9gie mon\u00e9taire de la FED. Notre \u00e9quipe scrute \u00e9galement une information plus g\u00e9n\u00e9raliste \u00e0 la recherche d'actualit\u00e9 \\\"p\u00e9pite\\\" \u00e0 vous partager. Depuis 5 ans, nous avons publi\u00e9 un peu plus de 4000 articles qui s'adressent \u00e0 un public large et vari\u00e9 ayant pour objectif de satisfaire votre curiosit\u00e9 et de partager avec vous une certaine fascination pour le m\u00e9tal jaune, le rachat d'or, et pour ceux qui veulent investir dans l'or, vendre leur or tout simplement en savoir plus... Pour tous vos achat or et argent, n'h\u00e9sitez pas \u00e0 prendre rendez-vous dans l'un de nos nombreux comptoirs.\",\"sameAs\":[\"https:\\\/\\\/www.gold.fr\"]}]}<\/script>\n<!-- \/ Yoast SEO plugin. -->","yoast_head_json":{"title":"Guyane : l\u2019activit\u00e9 aurif\u00e8re doit augmenter pour Emmanuel Macron - Gold.fr","robots":{"index":"index","follow":"follow","max-snippet":"max-snippet:-1","max-image-preview":"max-image-preview:large","max-video-preview":"max-video-preview:-1"},"canonical":"https:\/\/www.gold.fr\/news\/2015\/08\/25\/guyane-lactivite-aurifere-doit-augmenter-pour-emmanuel-macron\/","og_locale":"fr_FR","og_type":"article","og_title":"Guyane : l\u2019activit\u00e9 aurif\u00e8re doit augmenter pour Emmanuel Macron - Gold.fr","og_description":"Lors d&rsquo;une visite de deux jours effectu\u00e9e la semaine derni\u00e8re en Guyane, Emmanuel Macron, le ministre de l&rsquo;\u00c9conomie et des Finances, a affirm\u00e9 haut et fort son soutien \u00e0 l&rsquo;activit\u00e9 aurif\u00e8re de la r\u00e9gion. Le patron [&hellip;]","og_url":"https:\/\/www.gold.fr\/news\/2015\/08\/25\/guyane-lactivite-aurifere-doit-augmenter-pour-emmanuel-macron\/","og_site_name":"Gold.fr","article_publisher":"https:\/\/www.facebook.com\/Goldfr\/","article_published_time":"2015-08-25T15:00:25+00:00","article_modified_time":"2017-11-29T16:57:17+00:00","og_image":[{"width":750,"height":637,"url":"https:\/\/www.gold.fr\/news\/wp-content\/uploads\/2014\/09\/Achats-or-BC.jpg","type":"image\/jpeg"}],"author":"Comptoir National de l'Or","twitter_card":"summary_large_image","twitter_misc":{"\u00c9crit par":"Comptoir National de l'Or","Dur\u00e9e de lecture estim\u00e9e":"1 minute"},"schema":{"@context":"https:\/\/schema.org","@graph":[{"@type":"Article","@id":"https:\/\/www.gold.fr\/news\/2015\/08\/25\/guyane-lactivite-aurifere-doit-augmenter-pour-emmanuel-macron\/#article","isPartOf":{"@id":"https:\/\/www.gold.fr\/news\/2015\/08\/25\/guyane-lactivite-aurifere-doit-augmenter-pour-emmanuel-macron\/"},"author":{"name":"Comptoir National de l'Or","@id":"https:\/\/www.gold.fr\/news\/#\/schema\/person\/070491b4b4fb7671bf59b3be20302ce9"},"headline":"Guyane : l\u2019activit\u00e9 aurif\u00e8re doit augmenter pour Emmanuel Macron","datePublished":"2015-08-25T15:00:25+00:00","dateModified":"2017-11-29T16:57:17+00:00","mainEntityOfPage":{"@id":"https:\/\/www.gold.fr\/news\/2015\/08\/25\/guyane-lactivite-aurifere-doit-augmenter-pour-emmanuel-macron\/"},"wordCount":263,"commentCount":0,"image":{"@id":"https:\/\/www.gold.fr\/news\/2015\/08\/25\/guyane-lactivite-aurifere-doit-augmenter-pour-emmanuel-macron\/#primaryimage"},"thumbnailUrl":"https:\/\/www.gold.fr\/news\/wp-content\/uploads\/2014\/09\/Achats-or-BC.jpg","keywords":["or france","Or Guyane","production de l'or"],"articleSection":["Articles de presse"],"inLanguage":"fr-FR"},{"@type":"WebPage","@id":"https:\/\/www.gold.fr\/news\/2015\/08\/25\/guyane-lactivite-aurifere-doit-augmenter-pour-emmanuel-macron\/","url":"https:\/\/www.gold.fr\/news\/2015\/08\/25\/guyane-lactivite-aurifere-doit-augmenter-pour-emmanuel-macron\/","name":"Guyane : l\u2019activit\u00e9 aurif\u00e8re doit augmenter pour Emmanuel Macron - Gold.fr","isPartOf":{"@id":"https:\/\/www.gold.fr\/news\/#website"},"primaryImageOfPage":{"@id":"https:\/\/www.gold.fr\/news\/2015\/08\/25\/guyane-lactivite-aurifere-doit-augmenter-pour-emmanuel-macron\/#primaryimage"},"image":{"@id":"https:\/\/www.gold.fr\/news\/2015\/08\/25\/guyane-lactivite-aurifere-doit-augmenter-pour-emmanuel-macron\/#primaryimage"},"thumbnailUrl":"https:\/\/www.gold.fr\/news\/wp-content\/uploads\/2014\/09\/Achats-or-BC.jpg","datePublished":"2015-08-25T15:00:25+00:00","dateModified":"2017-11-29T16:57:17+00:00","author":{"@id":"https:\/\/www.gold.fr\/news\/#\/schema\/person\/070491b4b4fb7671bf59b3be20302ce9"},"breadcrumb":{"@id":"https:\/\/www.gold.fr\/news\/2015\/08\/25\/guyane-lactivite-aurifere-doit-augmenter-pour-emmanuel-macron\/#breadcrumb"},"inLanguage":"fr-FR","potentialAction":[{"@type":"ReadAction","target":["https:\/\/www.gold.fr\/news\/2015\/08\/25\/guyane-lactivite-aurifere-doit-augmenter-pour-emmanuel-macron\/"]}]},{"@type":"ImageObject","inLanguage":"fr-FR","@id":"https:\/\/www.gold.fr\/news\/2015\/08\/25\/guyane-lactivite-aurifere-doit-augmenter-pour-emmanuel-macron\/#primaryimage","url":"https:\/\/www.gold.fr\/news\/wp-content\/uploads\/2014\/09\/Achats-or-BC.jpg","contentUrl":"https:\/\/www.gold.fr\/news\/wp-content\/uploads\/2014\/09\/Achats-or-BC.jpg","width":"750","height":"637","caption":"L\u2019or : l\u2019investissement par excellence pour l\u2019ann\u00e9e 2017"},{"@type":"BreadcrumbList","@id":"https:\/\/www.gold.fr\/news\/2015\/08\/25\/guyane-lactivite-aurifere-doit-augmenter-pour-emmanuel-macron\/#breadcrumb","itemListElement":[{"@type":"ListItem","position":1,"name":"Accueil","item":"https:\/\/www.gold.fr\/"},{"@type":"ListItem","position":2,"name":"Actualit\u00e9s","item":"https:\/\/www.gold.fr\/news\/"},{"@type":"ListItem","position":3,"name":"Guyane : l\u2019activit\u00e9 aurif\u00e8re doit augmenter pour Emmanuel Macron"}]},{"@type":"WebSite","@id":"https:\/\/www.gold.fr\/news\/#website","url":"https:\/\/www.gold.fr\/news\/","name":"Gold.fr","description":"Actualit\u00e9s de l&#039;Or et des m\u00e9taux pr\u00e9cieux","potentialAction":[{"@type":"SearchAction","target":{"@type":"EntryPoint","urlTemplate":"https:\/\/www.gold.fr\/news\/?s={search_term_string}"},"query-input":{"@type":"PropertyValueSpecification","valueRequired":true,"valueName":"search_term_string"}}],"inLanguage":"fr-FR"},{"@type":"Person","@id":"https:\/\/www.gold.fr\/news\/#\/schema\/person\/070491b4b4fb7671bf59b3be20302ce9","name":"Comptoir National de l'Or","image":{"@type":"ImageObject","inLanguage":"fr-FR","@id":"https:\/\/secure.gravatar.com\/avatar\/0a2867fd5abe37bed95d5a65e9d58f01756e11efc68af9888dfc50cfa7f65948?s=96&d=mm&r=gb490554db0a38188709de567aa58480d","url":"https:\/\/secure.gravatar.com\/avatar\/0a2867fd5abe37bed95d5a65e9d58f01756e11efc68af9888dfc50cfa7f65948?s=96&d=mm&r=g","contentUrl":"https:\/\/secure.gravatar.com\/avatar\/0a2867fd5abe37bed95d5a65e9d58f01756e11efc68af9888dfc50cfa7f65948?s=96&d=mm&r=g","caption":"Comptoir National de l'Or"},"description":"Notre r\u00e9daction est constitu\u00e9e de membres experts dans les m\u00e9tiers de l'\u00e9conomie et la gestion, des Responsables d'agence Comptoir National de l'Or, des analystes financiers qui publient r\u00e9guli\u00e8rement des \u00e9tudes sur les politiques des banques centrales, le cours de l'or, prix de l'or, cours de l'argent, prix de l'argent, cours du platine, cours du palladium,... la situation en zone euro et l'impact de la strat\u00e9gie mon\u00e9taire de la FED. Notre \u00e9quipe scrute \u00e9galement une information plus g\u00e9n\u00e9raliste \u00e0 la recherche d'actualit\u00e9 \"p\u00e9pite\" \u00e0 vous partager. Depuis 5 ans, nous avons publi\u00e9 un peu plus de 4000 articles qui s'adressent \u00e0 un public large et vari\u00e9 ayant pour objectif de satisfaire votre curiosit\u00e9 et de partager avec vous une certaine fascination pour le m\u00e9tal jaune, le rachat d'or, et pour ceux qui veulent investir dans l'or, vendre leur or tout simplement en savoir plus... Pour tous vos achat or et argent, n'h\u00e9sitez pas \u00e0 prendre rendez-vous dans l'un de nos nombreux comptoirs.","sameAs":["https:\/\/www.gold.fr"]}]}},"authors":[{"term_id":2565,"user_id":18,"is_guest":0,"slug":"julie","display_name":"Comptoir National de l'Or","avatar_url":"https:\/\/secure.gravatar.com\/avatar\/713f289e398d35ead876c4a4cc08607f0d6d266058cfc25683fffb6092d0e572?s=96&d=mm&r=g","0":null,"1":"","2":"","3":"","4":"","5":"","6":"","7":"","8":""}],"_links":{"self":[{"href":"https:\/\/www.gold.fr\/news\/wp-json\/wp\/v2\/posts\/17788","targetHints":{"allow":["GET"]}}],"collection":[{"href":"https:\/\/www.gold.fr\/news\/wp-json\/wp\/v2\/posts"}],"about":[{"href":"https:\/\/www.gold.fr\/news\/wp-json\/wp\/v2\/types\/post"}],"author":[{"embeddable":true,"href":"https:\/\/www.gold.fr\/news\/wp-json\/wp\/v2\/users\/18"}],"replies":[{"embeddable":true,"href":"https:\/\/www.gold.fr\/news\/wp-json\/wp\/v2\/comments?post=17788"}],"version-history":[{"count":0,"href":"https:\/\/www.gold.fr\/news\/wp-json\/wp\/v2\/posts\/17788\/revisions"}],"wp:featuredmedia":[{"embeddable":true,"href":"https:\/\/www.gold.fr\/news\/wp-json\/wp\/v2\/media\/15523"}],"wp:attachment":[{"href":"https:\/\/www.gold.fr\/news\/wp-json\/wp\/v2\/media?parent=17788"}],"wp:term":[{"taxonomy":"category","embeddable":true,"href":"https:\/\/www.gold.fr\/news\/wp-json\/wp\/v2\/categories?post=17788"},{"taxonomy":"post_tag","embeddable":true,"href":"https:\/\/www.gold.fr\/news\/wp-json\/wp\/v2\/tags?post=17788"},{"taxonomy":"author","embeddable":true,"href":"https:\/\/www.gold.fr\/news\/wp-json\/wp\/v2\/ppma_author?post=17788"}],"curies":[{"name":"wp","href":"https:\/\/api.w.org\/{rel}","templated":true}]}}