{"id":17778,"date":"2015-08-24T17:00:35","date_gmt":"2015-08-24T15:00:35","guid":{"rendered":"https:\/\/www.gold.fr\/news\/?p=17778"},"modified":"2017-11-29T17:57:20","modified_gmt":"2017-11-29T16:57:20","slug":"lor-est-il-encore-une-valeur-refuge","status":"publish","type":"post","link":"https:\/\/www.gold.fr\/news\/2015\/08\/24\/lor-est-il-encore-une-valeur-refuge\/","title":{"rendered":"L\u2019or est-il encore une valeur refuge ?"},"content":{"rendered":"<p><img loading=\"lazy\" decoding=\"async\" class=\"alignleft size-thumbnail wp-image-7569\" title=\"L\u2019or est-il encore une valeur refuge ?\" src=\"https:\/\/www.gold.fr\/news\/wp-content\/uploads\/2012\/05\/palette-lingots-d-or-150x150.jpg\" alt=\"\" width=\"150\" height=\"150\" \/><span style=\"font-size: small;\">Mais qu&rsquo;arrive-t-il \u00e0 l&rsquo;<a href='https:\/\/www.gold.fr\/news\/tags\/or' class='esk-seo-plu-link'>or<\/a> ? L&rsquo;\u00e9t\u00e9 <strong>2015<\/strong> aura \u00e9t\u00e9 l&rsquo;un des plus moroses pour le <a href='https:\/\/www.gold.fr\/news\/tags\/or' class='esk-seo-plu-link'>m\u00e9tal jaune<\/a>. En <strong>juillet<\/strong> dernier, le <a title=\"Prix de l'Or\" href=\"https:\/\/www.gold.fr\/cours-or-prix-de-l-or\/\" target=\"_blank\">cours<\/a> est bri\u00e8vement pass\u00e9 en dessous de la barre symbolique des <strong>1 000<\/strong> <strong><a href='https:\/\/www.gold.fr\/news\/tags\/investissement' class='esk-seo-plu-link'>dollars<\/a><\/strong> <a title=\"Prix de l'Once d'or\" href=\"https:\/\/www.gold.fr\/once-or-nyc\/\" target=\"_blank\">l\u2019once<\/a>. Depuis cette date, la reprise, bien que timide et laborieuse, est l\u00e0 et nous sommes actuellement \u00e0 <strong>1 156<\/strong> <strong><a href='https:\/\/www.gold.fr\/news\/tags\/investissement' class='esk-seo-plu-link'>dollars<\/a><\/strong>.<\/span>    <span style=\"font-size: small;\">Les perspectives futures ne sont point rassurantes pour les investisseurs : le <strong>dollar<\/strong> am\u00e9ricain continue de monter (et risque de se consolider encore davantage si la <strong>Fed<\/strong> d\u00e9cide d&rsquo;augmenter ses taux d&rsquo;int\u00e9r\u00eats) et la <strong>Chine<\/strong> et l<strong>&lsquo;Inde<\/strong> ne sont plus les gros consommateurs de <a href='https:\/\/www.gold.fr\/news\/tags\/or' class='esk-seo-plu-link'>m\u00e9tal pr\u00e9cieux<\/a> que nous connaissions. \u201c<em>Dans l&rsquo;absolu, l&rsquo;<a href='https:\/\/www.gold.fr\/news\/tags\/or' class='esk-seo-plu-link'>or<\/a> n&rsquo;est pas vraiment un <a href='https:\/\/www.gold.fr\/news\/tags\/investissement' class='esk-seo-plu-link'>placement<\/a> tr\u00e8s int\u00e9ressant, pour la simple et bonne raison qu&rsquo;il ne donne pas de revenus<\/em>\u201d, a d\u00e9clar\u00e9 le dirigeant de la soci\u00e9t\u00e9 de conseil en <a href='https:\/\/www.gold.fr\/news\/tags\/investissement' class='esk-seo-plu-link'>investissement<\/a> <strong>Megara Finance<\/strong>, <strong>Jean-Pierre Rondeau<\/strong>.<\/span>    <span style=\"font-size: small;\">D&rsquo;apr\u00e8s ce dernier, l&rsquo;<a href='https:\/\/www.gold.fr\/news\/tags\/or' class='esk-seo-plu-link'>or<\/a> ne constituerait pas forc\u00e9ment une <a href='https:\/\/www.gold.fr\/news\/tags\/investissement' class='esk-seo-plu-link'>valeur refuge<\/a>. Son cours suit plusieurs logiques macro\u00e9conomiques complexes avec des facteurs de variation multiples. Il est \u00e0 la fois une devise et une mati\u00e8re premi\u00e8re. Et conform\u00e9ment \u00e0 ce dernier statut, le cours ne devrait pas descendre ind\u00e9finiment.<\/span>    <span style=\"font-size: small;\">Et pourtant\u2026 Comme l&rsquo;avaient pr\u00e9cis\u00e9 les analystes, <strong>2016<\/strong> devrait \u00eatre une ann\u00e9e de reprise pour l&rsquo;<a href='https:\/\/www.gold.fr\/news\/tags\/or' class='esk-seo-plu-link'>or<\/a>. Encore faut-il conna\u00eetre les futures orientations de la <strong>Fed<\/strong> et les fluctuations de la demande mondiale et celle du <strong>dollar<\/strong>.<\/span>    <span style=\"font-size: small;\">Pour r\u00e9sumer, les temps sont difficiles, mais la reprise n&rsquo;est pas impossible car quoi qu&rsquo;on en dise, les investisseurs ont toujours eu et auront toujours une relation tr\u00e8s particuli\u00e8re avec l&rsquo;<a href='https:\/\/www.gold.fr\/news\/tags\/or' class='esk-seo-plu-link'>or<\/a>.<\/span><\/p>\n<!-- AddThis Advanced Settings generic via filter on the_content --><!-- AddThis Share Buttons generic via filter on the_content -->","protected":false},"excerpt":{"rendered":"<p>Mais qu&rsquo;arrive-t-il \u00e0 l&rsquo;or ? L&rsquo;\u00e9t\u00e9 2015 aura \u00e9t\u00e9 l&rsquo;un des plus moroses pour le m\u00e9tal jaune. En juillet dernier, le cours est bri\u00e8vement pass\u00e9 en dessous de la barre symbolique des 1 000 dollars l\u2019once. [&hellip;]<\/p>\n","protected":false},"author":18,"featured_media":7569,"comment_status":"open","ping_status":"open","sticky":false,"template":"","format":"standard","meta":{"_mbp_gutenberg_autopost":false,"_pgmb_is_evergreen":false,"_pgmb_ap_template_id":0,"footnotes":""},"categories":[6],"tags":[256,2083,144,76,927,84],"ppma_author":[2565],"class_list":["post-17778","post","type-post","status-publish","format-standard","has-post-thumbnail","hentry","category-articles-de-presse","tag-consommation-or","tag-dollar-americain","tag-fed","tag-or","tag-prix-de-lonce","tag-cours-de-lor"],"yoast_head":"<!-- This site is optimized with the Yoast SEO plugin v27.5 - https:\/\/yoast.com\/product\/yoast-seo-wordpress\/ -->\n<title>L\u2019or est-il encore une valeur refuge ? - Gold.fr<\/title>\n<meta name=\"robots\" content=\"index, follow, max-snippet:-1, max-image-preview:large, max-video-preview:-1\" \/>\n<link rel=\"canonical\" href=\"https:\/\/www.gold.fr\/news\/2015\/08\/24\/lor-est-il-encore-une-valeur-refuge\/\" \/>\n<meta property=\"og:locale\" content=\"fr_FR\" \/>\n<meta property=\"og:type\" content=\"article\" \/>\n<meta property=\"og:title\" content=\"L\u2019or est-il encore une valeur refuge ? - Gold.fr\" \/>\n<meta property=\"og:description\" content=\"Mais qu&rsquo;arrive-t-il \u00e0 l&rsquo;or ? L&rsquo;\u00e9t\u00e9 2015 aura \u00e9t\u00e9 l&rsquo;un des plus moroses pour le m\u00e9tal jaune. En juillet dernier, le cours est bri\u00e8vement pass\u00e9 en dessous de la barre symbolique des 1 000 dollars l\u2019once. [&hellip;]\" \/>\n<meta property=\"og:url\" content=\"https:\/\/www.gold.fr\/news\/2015\/08\/24\/lor-est-il-encore-une-valeur-refuge\/\" \/>\n<meta property=\"og:site_name\" content=\"Gold.fr\" \/>\n<meta property=\"article:publisher\" content=\"https:\/\/www.facebook.com\/Goldfr\/\" \/>\n<meta property=\"article:published_time\" content=\"2015-08-24T15:00:35+00:00\" \/>\n<meta property=\"article:modified_time\" content=\"2017-11-29T16:57:20+00:00\" \/>\n<meta property=\"og:image\" content=\"https:\/\/www.gold.fr\/news\/wp-content\/uploads\/2012\/05\/palette-lingots-d-or.jpg\" \/>\n\t<meta property=\"og:image:width\" content=\"624\" \/>\n\t<meta property=\"og:image:height\" content=\"400\" \/>\n\t<meta property=\"og:image:type\" content=\"image\/jpeg\" \/>\n<meta name=\"author\" content=\"Comptoir National de l&#039;Or\" \/>\n<meta name=\"twitter:card\" content=\"summary_large_image\" \/>\n<meta name=\"twitter:label1\" content=\"\u00c9crit par\" \/>\n\t<meta name=\"twitter:data1\" content=\"Comptoir National de l&#039;Or\" \/>\n\t<meta name=\"twitter:label2\" content=\"Dur\u00e9e de lecture estim\u00e9e\" \/>\n\t<meta name=\"twitter:data2\" content=\"1 minute\" \/>\n<script type=\"application\/ld+json\" class=\"yoast-schema-graph\">{\"@context\":\"https:\\\/\\\/schema.org\",\"@graph\":[{\"@type\":\"Article\",\"@id\":\"https:\\\/\\\/www.gold.fr\\\/news\\\/2015\\\/08\\\/24\\\/lor-est-il-encore-une-valeur-refuge\\\/#article\",\"isPartOf\":{\"@id\":\"https:\\\/\\\/www.gold.fr\\\/news\\\/2015\\\/08\\\/24\\\/lor-est-il-encore-une-valeur-refuge\\\/\"},\"author\":{\"name\":\"Comptoir National de l'Or\",\"@id\":\"https:\\\/\\\/www.gold.fr\\\/news\\\/#\\\/schema\\\/person\\\/070491b4b4fb7671bf59b3be20302ce9\"},\"headline\":\"L\u2019or est-il encore une valeur refuge ?\",\"datePublished\":\"2015-08-24T15:00:35+00:00\",\"dateModified\":\"2017-11-29T16:57:20+00:00\",\"mainEntityOfPage\":{\"@id\":\"https:\\\/\\\/www.gold.fr\\\/news\\\/2015\\\/08\\\/24\\\/lor-est-il-encore-une-valeur-refuge\\\/\"},\"wordCount\":296,\"commentCount\":1,\"image\":{\"@id\":\"https:\\\/\\\/www.gold.fr\\\/news\\\/2015\\\/08\\\/24\\\/lor-est-il-encore-une-valeur-refuge\\\/#primaryimage\"},\"thumbnailUrl\":\"https:\\\/\\\/www.gold.fr\\\/news\\\/wp-content\\\/uploads\\\/2012\\\/05\\\/palette-lingots-d-or.jpg\",\"keywords\":[\"consommation or\",\"dollar am\u00e9ricain\",\"fed\",\"Or\",\"prix de l'once\",\"Tout Cours de l'Or\"],\"articleSection\":[\"Articles de presse\"],\"inLanguage\":\"fr-FR\"},{\"@type\":\"WebPage\",\"@id\":\"https:\\\/\\\/www.gold.fr\\\/news\\\/2015\\\/08\\\/24\\\/lor-est-il-encore-une-valeur-refuge\\\/\",\"url\":\"https:\\\/\\\/www.gold.fr\\\/news\\\/2015\\\/08\\\/24\\\/lor-est-il-encore-une-valeur-refuge\\\/\",\"name\":\"L\u2019or est-il encore une valeur refuge ? - Gold.fr\",\"isPartOf\":{\"@id\":\"https:\\\/\\\/www.gold.fr\\\/news\\\/#website\"},\"primaryImageOfPage\":{\"@id\":\"https:\\\/\\\/www.gold.fr\\\/news\\\/2015\\\/08\\\/24\\\/lor-est-il-encore-une-valeur-refuge\\\/#primaryimage\"},\"image\":{\"@id\":\"https:\\\/\\\/www.gold.fr\\\/news\\\/2015\\\/08\\\/24\\\/lor-est-il-encore-une-valeur-refuge\\\/#primaryimage\"},\"thumbnailUrl\":\"https:\\\/\\\/www.gold.fr\\\/news\\\/wp-content\\\/uploads\\\/2012\\\/05\\\/palette-lingots-d-or.jpg\",\"datePublished\":\"2015-08-24T15:00:35+00:00\",\"dateModified\":\"2017-11-29T16:57:20+00:00\",\"author\":{\"@id\":\"https:\\\/\\\/www.gold.fr\\\/news\\\/#\\\/schema\\\/person\\\/070491b4b4fb7671bf59b3be20302ce9\"},\"breadcrumb\":{\"@id\":\"https:\\\/\\\/www.gold.fr\\\/news\\\/2015\\\/08\\\/24\\\/lor-est-il-encore-une-valeur-refuge\\\/#breadcrumb\"},\"inLanguage\":\"fr-FR\",\"potentialAction\":[{\"@type\":\"ReadAction\",\"target\":[\"https:\\\/\\\/www.gold.fr\\\/news\\\/2015\\\/08\\\/24\\\/lor-est-il-encore-une-valeur-refuge\\\/\"]}]},{\"@type\":\"ImageObject\",\"inLanguage\":\"fr-FR\",\"@id\":\"https:\\\/\\\/www.gold.fr\\\/news\\\/2015\\\/08\\\/24\\\/lor-est-il-encore-une-valeur-refuge\\\/#primaryimage\",\"url\":\"https:\\\/\\\/www.gold.fr\\\/news\\\/wp-content\\\/uploads\\\/2012\\\/05\\\/palette-lingots-d-or.jpg\",\"contentUrl\":\"https:\\\/\\\/www.gold.fr\\\/news\\\/wp-content\\\/uploads\\\/2012\\\/05\\\/palette-lingots-d-or.jpg\",\"width\":\"624\",\"height\":\"400\",\"caption\":\"Or : Bilan 2016, des perspectives haussi\u00e8res pour 2017\"},{\"@type\":\"BreadcrumbList\",\"@id\":\"https:\\\/\\\/www.gold.fr\\\/news\\\/2015\\\/08\\\/24\\\/lor-est-il-encore-une-valeur-refuge\\\/#breadcrumb\",\"itemListElement\":[{\"@type\":\"ListItem\",\"position\":1,\"name\":\"Accueil\",\"item\":\"https:\\\/\\\/www.gold.fr\\\/\"},{\"@type\":\"ListItem\",\"position\":2,\"name\":\"Actualit\u00e9s\",\"item\":\"https:\\\/\\\/www.gold.fr\\\/news\\\/\"},{\"@type\":\"ListItem\",\"position\":3,\"name\":\"L\u2019or est-il encore une valeur refuge ?\"}]},{\"@type\":\"WebSite\",\"@id\":\"https:\\\/\\\/www.gold.fr\\\/news\\\/#website\",\"url\":\"https:\\\/\\\/www.gold.fr\\\/news\\\/\",\"name\":\"Gold.fr\",\"description\":\"Actualit\u00e9s de l&#039;Or et des m\u00e9taux pr\u00e9cieux\",\"potentialAction\":[{\"@type\":\"SearchAction\",\"target\":{\"@type\":\"EntryPoint\",\"urlTemplate\":\"https:\\\/\\\/www.gold.fr\\\/news\\\/?s={search_term_string}\"},\"query-input\":{\"@type\":\"PropertyValueSpecification\",\"valueRequired\":true,\"valueName\":\"search_term_string\"}}],\"inLanguage\":\"fr-FR\"},{\"@type\":\"Person\",\"@id\":\"https:\\\/\\\/www.gold.fr\\\/news\\\/#\\\/schema\\\/person\\\/070491b4b4fb7671bf59b3be20302ce9\",\"name\":\"Comptoir National de l'Or\",\"image\":{\"@type\":\"ImageObject\",\"inLanguage\":\"fr-FR\",\"@id\":\"https:\\\/\\\/secure.gravatar.com\\\/avatar\\\/0a2867fd5abe37bed95d5a65e9d58f01756e11efc68af9888dfc50cfa7f65948?s=96&d=mm&r=gb490554db0a38188709de567aa58480d\",\"url\":\"https:\\\/\\\/secure.gravatar.com\\\/avatar\\\/0a2867fd5abe37bed95d5a65e9d58f01756e11efc68af9888dfc50cfa7f65948?s=96&d=mm&r=g\",\"contentUrl\":\"https:\\\/\\\/secure.gravatar.com\\\/avatar\\\/0a2867fd5abe37bed95d5a65e9d58f01756e11efc68af9888dfc50cfa7f65948?s=96&d=mm&r=g\",\"caption\":\"Comptoir National de l'Or\"},\"description\":\"Notre r\u00e9daction est constitu\u00e9e de membres experts dans les m\u00e9tiers de l'\u00e9conomie et la gestion, des Responsables d'agence Comptoir National de l'Or, des analystes financiers qui publient r\u00e9guli\u00e8rement des \u00e9tudes sur les politiques des banques centrales, le cours de l'or, prix de l'or, cours de l'argent, prix de l'argent, cours du platine, cours du palladium,... la situation en zone euro et l'impact de la strat\u00e9gie mon\u00e9taire de la FED. Notre \u00e9quipe scrute \u00e9galement une information plus g\u00e9n\u00e9raliste \u00e0 la recherche d'actualit\u00e9 \\\"p\u00e9pite\\\" \u00e0 vous partager. Depuis 5 ans, nous avons publi\u00e9 un peu plus de 4000 articles qui s'adressent \u00e0 un public large et vari\u00e9 ayant pour objectif de satisfaire votre curiosit\u00e9 et de partager avec vous une certaine fascination pour le m\u00e9tal jaune, le rachat d'or, et pour ceux qui veulent investir dans l'or, vendre leur or tout simplement en savoir plus... Pour tous vos achat or et argent, n'h\u00e9sitez pas \u00e0 prendre rendez-vous dans l'un de nos nombreux comptoirs.\",\"sameAs\":[\"https:\\\/\\\/www.gold.fr\"]}]}<\/script>\n<!-- \/ Yoast SEO plugin. -->","yoast_head_json":{"title":"L\u2019or est-il encore une valeur refuge ? - Gold.fr","robots":{"index":"index","follow":"follow","max-snippet":"max-snippet:-1","max-image-preview":"max-image-preview:large","max-video-preview":"max-video-preview:-1"},"canonical":"https:\/\/www.gold.fr\/news\/2015\/08\/24\/lor-est-il-encore-une-valeur-refuge\/","og_locale":"fr_FR","og_type":"article","og_title":"L\u2019or est-il encore une valeur refuge ? - Gold.fr","og_description":"Mais qu&rsquo;arrive-t-il \u00e0 l&rsquo;or ? L&rsquo;\u00e9t\u00e9 2015 aura \u00e9t\u00e9 l&rsquo;un des plus moroses pour le m\u00e9tal jaune. En juillet dernier, le cours est bri\u00e8vement pass\u00e9 en dessous de la barre symbolique des 1 000 dollars l\u2019once. [&hellip;]","og_url":"https:\/\/www.gold.fr\/news\/2015\/08\/24\/lor-est-il-encore-une-valeur-refuge\/","og_site_name":"Gold.fr","article_publisher":"https:\/\/www.facebook.com\/Goldfr\/","article_published_time":"2015-08-24T15:00:35+00:00","article_modified_time":"2017-11-29T16:57:20+00:00","og_image":[{"width":624,"height":400,"url":"https:\/\/www.gold.fr\/news\/wp-content\/uploads\/2012\/05\/palette-lingots-d-or.jpg","type":"image\/jpeg"}],"author":"Comptoir National de l'Or","twitter_card":"summary_large_image","twitter_misc":{"\u00c9crit par":"Comptoir National de l'Or","Dur\u00e9e de lecture estim\u00e9e":"1 minute"},"schema":{"@context":"https:\/\/schema.org","@graph":[{"@type":"Article","@id":"https:\/\/www.gold.fr\/news\/2015\/08\/24\/lor-est-il-encore-une-valeur-refuge\/#article","isPartOf":{"@id":"https:\/\/www.gold.fr\/news\/2015\/08\/24\/lor-est-il-encore-une-valeur-refuge\/"},"author":{"name":"Comptoir National de l'Or","@id":"https:\/\/www.gold.fr\/news\/#\/schema\/person\/070491b4b4fb7671bf59b3be20302ce9"},"headline":"L\u2019or est-il encore une valeur refuge ?","datePublished":"2015-08-24T15:00:35+00:00","dateModified":"2017-11-29T16:57:20+00:00","mainEntityOfPage":{"@id":"https:\/\/www.gold.fr\/news\/2015\/08\/24\/lor-est-il-encore-une-valeur-refuge\/"},"wordCount":296,"commentCount":1,"image":{"@id":"https:\/\/www.gold.fr\/news\/2015\/08\/24\/lor-est-il-encore-une-valeur-refuge\/#primaryimage"},"thumbnailUrl":"https:\/\/www.gold.fr\/news\/wp-content\/uploads\/2012\/05\/palette-lingots-d-or.jpg","keywords":["consommation or","dollar am\u00e9ricain","fed","Or","prix de l'once","Tout Cours de l'Or"],"articleSection":["Articles de presse"],"inLanguage":"fr-FR"},{"@type":"WebPage","@id":"https:\/\/www.gold.fr\/news\/2015\/08\/24\/lor-est-il-encore-une-valeur-refuge\/","url":"https:\/\/www.gold.fr\/news\/2015\/08\/24\/lor-est-il-encore-une-valeur-refuge\/","name":"L\u2019or est-il encore une valeur refuge ? - Gold.fr","isPartOf":{"@id":"https:\/\/www.gold.fr\/news\/#website"},"primaryImageOfPage":{"@id":"https:\/\/www.gold.fr\/news\/2015\/08\/24\/lor-est-il-encore-une-valeur-refuge\/#primaryimage"},"image":{"@id":"https:\/\/www.gold.fr\/news\/2015\/08\/24\/lor-est-il-encore-une-valeur-refuge\/#primaryimage"},"thumbnailUrl":"https:\/\/www.gold.fr\/news\/wp-content\/uploads\/2012\/05\/palette-lingots-d-or.jpg","datePublished":"2015-08-24T15:00:35+00:00","dateModified":"2017-11-29T16:57:20+00:00","author":{"@id":"https:\/\/www.gold.fr\/news\/#\/schema\/person\/070491b4b4fb7671bf59b3be20302ce9"},"breadcrumb":{"@id":"https:\/\/www.gold.fr\/news\/2015\/08\/24\/lor-est-il-encore-une-valeur-refuge\/#breadcrumb"},"inLanguage":"fr-FR","potentialAction":[{"@type":"ReadAction","target":["https:\/\/www.gold.fr\/news\/2015\/08\/24\/lor-est-il-encore-une-valeur-refuge\/"]}]},{"@type":"ImageObject","inLanguage":"fr-FR","@id":"https:\/\/www.gold.fr\/news\/2015\/08\/24\/lor-est-il-encore-une-valeur-refuge\/#primaryimage","url":"https:\/\/www.gold.fr\/news\/wp-content\/uploads\/2012\/05\/palette-lingots-d-or.jpg","contentUrl":"https:\/\/www.gold.fr\/news\/wp-content\/uploads\/2012\/05\/palette-lingots-d-or.jpg","width":"624","height":"400","caption":"Or : Bilan 2016, des perspectives haussi\u00e8res pour 2017"},{"@type":"BreadcrumbList","@id":"https:\/\/www.gold.fr\/news\/2015\/08\/24\/lor-est-il-encore-une-valeur-refuge\/#breadcrumb","itemListElement":[{"@type":"ListItem","position":1,"name":"Accueil","item":"https:\/\/www.gold.fr\/"},{"@type":"ListItem","position":2,"name":"Actualit\u00e9s","item":"https:\/\/www.gold.fr\/news\/"},{"@type":"ListItem","position":3,"name":"L\u2019or est-il encore une valeur refuge ?"}]},{"@type":"WebSite","@id":"https:\/\/www.gold.fr\/news\/#website","url":"https:\/\/www.gold.fr\/news\/","name":"Gold.fr","description":"Actualit\u00e9s de l&#039;Or et des m\u00e9taux pr\u00e9cieux","potentialAction":[{"@type":"SearchAction","target":{"@type":"EntryPoint","urlTemplate":"https:\/\/www.gold.fr\/news\/?s={search_term_string}"},"query-input":{"@type":"PropertyValueSpecification","valueRequired":true,"valueName":"search_term_string"}}],"inLanguage":"fr-FR"},{"@type":"Person","@id":"https:\/\/www.gold.fr\/news\/#\/schema\/person\/070491b4b4fb7671bf59b3be20302ce9","name":"Comptoir National de l'Or","image":{"@type":"ImageObject","inLanguage":"fr-FR","@id":"https:\/\/secure.gravatar.com\/avatar\/0a2867fd5abe37bed95d5a65e9d58f01756e11efc68af9888dfc50cfa7f65948?s=96&d=mm&r=gb490554db0a38188709de567aa58480d","url":"https:\/\/secure.gravatar.com\/avatar\/0a2867fd5abe37bed95d5a65e9d58f01756e11efc68af9888dfc50cfa7f65948?s=96&d=mm&r=g","contentUrl":"https:\/\/secure.gravatar.com\/avatar\/0a2867fd5abe37bed95d5a65e9d58f01756e11efc68af9888dfc50cfa7f65948?s=96&d=mm&r=g","caption":"Comptoir National de l'Or"},"description":"Notre r\u00e9daction est constitu\u00e9e de membres experts dans les m\u00e9tiers de l'\u00e9conomie et la gestion, des Responsables d'agence Comptoir National de l'Or, des analystes financiers qui publient r\u00e9guli\u00e8rement des \u00e9tudes sur les politiques des banques centrales, le cours de l'or, prix de l'or, cours de l'argent, prix de l'argent, cours du platine, cours du palladium,... la situation en zone euro et l'impact de la strat\u00e9gie mon\u00e9taire de la FED. Notre \u00e9quipe scrute \u00e9galement une information plus g\u00e9n\u00e9raliste \u00e0 la recherche d'actualit\u00e9 \"p\u00e9pite\" \u00e0 vous partager. Depuis 5 ans, nous avons publi\u00e9 un peu plus de 4000 articles qui s'adressent \u00e0 un public large et vari\u00e9 ayant pour objectif de satisfaire votre curiosit\u00e9 et de partager avec vous une certaine fascination pour le m\u00e9tal jaune, le rachat d'or, et pour ceux qui veulent investir dans l'or, vendre leur or tout simplement en savoir plus... Pour tous vos achat or et argent, n'h\u00e9sitez pas \u00e0 prendre rendez-vous dans l'un de nos nombreux comptoirs.","sameAs":["https:\/\/www.gold.fr"]}]}},"authors":[{"term_id":2565,"user_id":18,"is_guest":0,"slug":"julie","display_name":"Comptoir National de l'Or","avatar_url":"https:\/\/secure.gravatar.com\/avatar\/713f289e398d35ead876c4a4cc08607f0d6d266058cfc25683fffb6092d0e572?s=96&d=mm&r=g","0":null,"1":"","2":"","3":"","4":"","5":"","6":"","7":"","8":""}],"_links":{"self":[{"href":"https:\/\/www.gold.fr\/news\/wp-json\/wp\/v2\/posts\/17778","targetHints":{"allow":["GET"]}}],"collection":[{"href":"https:\/\/www.gold.fr\/news\/wp-json\/wp\/v2\/posts"}],"about":[{"href":"https:\/\/www.gold.fr\/news\/wp-json\/wp\/v2\/types\/post"}],"author":[{"embeddable":true,"href":"https:\/\/www.gold.fr\/news\/wp-json\/wp\/v2\/users\/18"}],"replies":[{"embeddable":true,"href":"https:\/\/www.gold.fr\/news\/wp-json\/wp\/v2\/comments?post=17778"}],"version-history":[{"count":0,"href":"https:\/\/www.gold.fr\/news\/wp-json\/wp\/v2\/posts\/17778\/revisions"}],"wp:featuredmedia":[{"embeddable":true,"href":"https:\/\/www.gold.fr\/news\/wp-json\/wp\/v2\/media\/7569"}],"wp:attachment":[{"href":"https:\/\/www.gold.fr\/news\/wp-json\/wp\/v2\/media?parent=17778"}],"wp:term":[{"taxonomy":"category","embeddable":true,"href":"https:\/\/www.gold.fr\/news\/wp-json\/wp\/v2\/categories?post=17778"},{"taxonomy":"post_tag","embeddable":true,"href":"https:\/\/www.gold.fr\/news\/wp-json\/wp\/v2\/tags?post=17778"},{"taxonomy":"author","embeddable":true,"href":"https:\/\/www.gold.fr\/news\/wp-json\/wp\/v2\/ppma_author?post=17778"}],"curies":[{"name":"wp","href":"https:\/\/api.w.org\/{rel}","templated":true}]}}