{"id":17758,"date":"2015-08-20T17:00:55","date_gmt":"2015-08-20T15:00:55","guid":{"rendered":"https:\/\/www.gold.fr\/news\/?p=17758"},"modified":"2017-11-29T17:57:28","modified_gmt":"2017-11-29T16:57:28","slug":"demande-dor-les-chiffres-du-second-trimestre-2015","status":"publish","type":"post","link":"https:\/\/www.gold.fr\/news\/2015\/08\/20\/demande-dor-les-chiffres-du-second-trimestre-2015\/","title":{"rendered":"Demande d\u2019or : les chiffres du second trimestre 2015"},"content":{"rendered":"<p><img loading=\"lazy\" decoding=\"async\" class=\"alignleft size-thumbnail wp-image-14237\" title=\"Demande d\u2019or : les chiffres du second trimestre 2015\" src=\"https:\/\/www.gold.fr\/news\/wp-content\/uploads\/2014\/03\/image21-150x150.jpg\" alt=\"\" width=\"150\" height=\"150\" \/><span style=\"font-size: small;\">Le <strong>Conseil Mondial de l&rsquo;<a href='https:\/\/www.gold.fr\/news\/tags\/or' class='esk-seo-plu-link'>Or<\/a><\/strong> a r\u00e9cemment publi\u00e9 son dernier rapport sur la consommation d&rsquo;<a href='https:\/\/www.gold.fr\/news\/tags\/or' class='esk-seo-plu-link'>or<\/a> dans le monde. Ce dernier porte sur le second trimestre <strong>2015<\/strong>. Il est accessible gratuitement sur le site officiel de l&rsquo;institution mondiale. Les chiffres sont stables et ils refl\u00e8tent le ralentissement que conna\u00eet actuellement le <a title=\"Prix de l'Or\" href=\"https:\/\/www.gold.fr\/cours-or-prix-de-l-or\/\" target=\"_blank\">cours<\/a> du <a href='https:\/\/www.gold.fr\/news\/tags\/or' class='esk-seo-plu-link'>m\u00e9tal jaune<\/a>.<\/span>    <span style=\"font-size: small;\">Sans surprise, la <strong>Chine<\/strong>, avec ses <strong>460 millions<\/strong> de foyers ont conserv\u00e9 leur titre du plus gros demandeur de <a href='https:\/\/www.gold.fr\/news\/tags\/or' class='esk-seo-plu-link'>m\u00e9tal jaune<\/a> dans le monde. N\u00e9anmoins, cette \u201c<em>performance<\/em>\u201d se justifie, d&rsquo;apr\u00e8s le rapport du <strong>Conseil Mondial de l&rsquo;<a href='https:\/\/www.gold.fr\/news\/tags\/or' class='esk-seo-plu-link'>Or<\/a><\/strong>, par la demande plut\u00f4t timide des autres pays et non pas par une progression chinoise. En effet, en <strong>Chine<\/strong>, la situation n&rsquo;est pas vraiment rose : le march\u00e9 boursier de <strong>Shanga\u00ef<\/strong> a bondi, aspirant ainsi l&rsquo;<a href='https:\/\/www.gold.fr\/news\/tags\/argent' class='esk-seo-plu-link'>argent<\/a> qui aurait pu \u00eatre investi dans l&rsquo;<a href='https:\/\/www.gold.fr\/news\/tags\/or' class='esk-seo-plu-link'>or<\/a>.<\/span>    <span style=\"font-size: small;\">De son c\u00f4t\u00e9, la demande indienne a \u00e9t\u00e9 fragile au second trimestre <strong>2015<\/strong>. De fait, les achats de bijoux ont connu une baisse annuelle de <strong>23%<\/strong>. La demande rurale en <a href='https:\/\/www.gold.fr\/news\/tags\/or' class='esk-seo-plu-link'>or<\/a> a baiss\u00e9 en raison des journ\u00e9es peu propices aux mariages o\u00f9 les traditions incitent \u00e0 acheter de l&rsquo;<a href='https:\/\/www.gold.fr\/news\/tags\/or' class='esk-seo-plu-link'>or<\/a>. La revente du <a href='https:\/\/www.gold.fr\/news\/tags\/or' class='esk-seo-plu-link'>m\u00e9tal jaune<\/a> par la population a augment\u00e9 de <strong>7%<\/strong>. Cette derni\u00e8re pr\u00e9f\u00e8re donc arrondir ses fins de mois au lieu de d\u00e9tenir de l&rsquo;<a href='https:\/\/www.gold.fr\/news\/tags\/or' class='esk-seo-plu-link'>or<\/a>.<\/span>    <span style=\"font-size: small;\">Enfin, aux <strong>\u00c9tats-Unis<\/strong>, la demande \u00e9tait plut\u00f4t stable au second trimestre <strong>2015<\/strong>. L&rsquo;\u00e9conomie am\u00e9ricaine se porte mieux : cr\u00e9ation d&#8217;emploi, hausse des revenus, \u2026<\/span><\/p>\n<!-- AddThis Advanced Settings generic via filter on the_content --><!-- AddThis Share Buttons generic via filter on the_content -->","protected":false},"excerpt":{"rendered":"<p>Le Conseil Mondial de l&rsquo;Or a r\u00e9cemment publi\u00e9 son dernier rapport sur la consommation d&rsquo;or dans le monde. Ce dernier porte sur le second trimestre 2015. Il est accessible gratuitement sur le site officiel de l&rsquo;institution [&hellip;]<\/p>\n","protected":false},"author":18,"featured_media":14237,"comment_status":"open","ping_status":"open","sticky":false,"template":"","format":"standard","meta":{"_mbp_gutenberg_autopost":false,"_pgmb_is_evergreen":false,"_pgmb_ap_template_id":0,"footnotes":""},"categories":[6],"tags":[1723,137,302,2098,303],"ppma_author":[2565],"class_list":["post-17758","post","type-post","status-publish","format-standard","has-post-thumbnail","hentry","category-articles-de-presse","tag-conseil-mondial-de-lor","tag-demande-dor","tag-or-chine","tag-or-etats-unis","tag-or-inde"],"yoast_head":"<!-- This site is optimized with the Yoast SEO plugin v27.5 - https:\/\/yoast.com\/product\/yoast-seo-wordpress\/ -->\n<title>Demande d\u2019or : les chiffres du second trimestre 2015 - Gold.fr<\/title>\n<meta name=\"robots\" content=\"index, follow, max-snippet:-1, max-image-preview:large, max-video-preview:-1\" \/>\n<link rel=\"canonical\" href=\"https:\/\/www.gold.fr\/news\/2015\/08\/20\/demande-dor-les-chiffres-du-second-trimestre-2015\/\" \/>\n<meta property=\"og:locale\" content=\"fr_FR\" \/>\n<meta property=\"og:type\" content=\"article\" \/>\n<meta property=\"og:title\" content=\"Demande d\u2019or : les chiffres du second trimestre 2015 - Gold.fr\" \/>\n<meta property=\"og:description\" content=\"Le Conseil Mondial de l&rsquo;Or a r\u00e9cemment publi\u00e9 son dernier rapport sur la consommation d&rsquo;or dans le monde. Ce dernier porte sur le second trimestre 2015. Il est accessible gratuitement sur le site officiel de l&rsquo;institution [&hellip;]\" \/>\n<meta property=\"og:url\" content=\"https:\/\/www.gold.fr\/news\/2015\/08\/20\/demande-dor-les-chiffres-du-second-trimestre-2015\/\" \/>\n<meta property=\"og:site_name\" content=\"Gold.fr\" \/>\n<meta property=\"article:publisher\" content=\"https:\/\/www.facebook.com\/Goldfr\/\" \/>\n<meta property=\"article:published_time\" content=\"2015-08-20T15:00:55+00:00\" \/>\n<meta property=\"article:modified_time\" content=\"2017-11-29T16:57:28+00:00\" \/>\n<meta property=\"og:image\" content=\"https:\/\/www.gold.fr\/news\/wp-content\/uploads\/2014\/03\/image21.jpeg\" \/>\n\t<meta property=\"og:image:width\" content=\"614\" \/>\n\t<meta property=\"og:image:height\" content=\"669\" \/>\n\t<meta property=\"og:image:type\" content=\"image\/jpeg\" \/>\n<meta name=\"author\" content=\"Comptoir National de l&#039;Or\" \/>\n<meta name=\"twitter:card\" content=\"summary_large_image\" \/>\n<meta name=\"twitter:label1\" content=\"\u00c9crit par\" \/>\n\t<meta name=\"twitter:data1\" content=\"Comptoir National de l&#039;Or\" \/>\n\t<meta name=\"twitter:label2\" content=\"Dur\u00e9e de lecture estim\u00e9e\" \/>\n\t<meta name=\"twitter:data2\" content=\"1 minute\" \/>\n<script type=\"application\/ld+json\" class=\"yoast-schema-graph\">{\"@context\":\"https:\\\/\\\/schema.org\",\"@graph\":[{\"@type\":\"Article\",\"@id\":\"https:\\\/\\\/www.gold.fr\\\/news\\\/2015\\\/08\\\/20\\\/demande-dor-les-chiffres-du-second-trimestre-2015\\\/#article\",\"isPartOf\":{\"@id\":\"https:\\\/\\\/www.gold.fr\\\/news\\\/2015\\\/08\\\/20\\\/demande-dor-les-chiffres-du-second-trimestre-2015\\\/\"},\"author\":{\"name\":\"Comptoir National de l'Or\",\"@id\":\"https:\\\/\\\/www.gold.fr\\\/news\\\/#\\\/schema\\\/person\\\/070491b4b4fb7671bf59b3be20302ce9\"},\"headline\":\"Demande d\u2019or : les chiffres du second trimestre 2015\",\"datePublished\":\"2015-08-20T15:00:55+00:00\",\"dateModified\":\"2017-11-29T16:57:28+00:00\",\"mainEntityOfPage\":{\"@id\":\"https:\\\/\\\/www.gold.fr\\\/news\\\/2015\\\/08\\\/20\\\/demande-dor-les-chiffres-du-second-trimestre-2015\\\/\"},\"wordCount\":262,\"commentCount\":0,\"image\":{\"@id\":\"https:\\\/\\\/www.gold.fr\\\/news\\\/2015\\\/08\\\/20\\\/demande-dor-les-chiffres-du-second-trimestre-2015\\\/#primaryimage\"},\"thumbnailUrl\":\"https:\\\/\\\/www.gold.fr\\\/news\\\/wp-content\\\/uploads\\\/2014\\\/03\\\/image21.jpeg\",\"keywords\":[\"Conseil Mondial de l\u2019Or\",\"demande d'or\",\"Or Chine\",\"Or \u00c9tats-Unis\",\"Or Inde\"],\"articleSection\":[\"Articles de presse\"],\"inLanguage\":\"fr-FR\"},{\"@type\":\"WebPage\",\"@id\":\"https:\\\/\\\/www.gold.fr\\\/news\\\/2015\\\/08\\\/20\\\/demande-dor-les-chiffres-du-second-trimestre-2015\\\/\",\"url\":\"https:\\\/\\\/www.gold.fr\\\/news\\\/2015\\\/08\\\/20\\\/demande-dor-les-chiffres-du-second-trimestre-2015\\\/\",\"name\":\"Demande d\u2019or : les chiffres du second trimestre 2015 - Gold.fr\",\"isPartOf\":{\"@id\":\"https:\\\/\\\/www.gold.fr\\\/news\\\/#website\"},\"primaryImageOfPage\":{\"@id\":\"https:\\\/\\\/www.gold.fr\\\/news\\\/2015\\\/08\\\/20\\\/demande-dor-les-chiffres-du-second-trimestre-2015\\\/#primaryimage\"},\"image\":{\"@id\":\"https:\\\/\\\/www.gold.fr\\\/news\\\/2015\\\/08\\\/20\\\/demande-dor-les-chiffres-du-second-trimestre-2015\\\/#primaryimage\"},\"thumbnailUrl\":\"https:\\\/\\\/www.gold.fr\\\/news\\\/wp-content\\\/uploads\\\/2014\\\/03\\\/image21.jpeg\",\"datePublished\":\"2015-08-20T15:00:55+00:00\",\"dateModified\":\"2017-11-29T16:57:28+00:00\",\"author\":{\"@id\":\"https:\\\/\\\/www.gold.fr\\\/news\\\/#\\\/schema\\\/person\\\/070491b4b4fb7671bf59b3be20302ce9\"},\"breadcrumb\":{\"@id\":\"https:\\\/\\\/www.gold.fr\\\/news\\\/2015\\\/08\\\/20\\\/demande-dor-les-chiffres-du-second-trimestre-2015\\\/#breadcrumb\"},\"inLanguage\":\"fr-FR\",\"potentialAction\":[{\"@type\":\"ReadAction\",\"target\":[\"https:\\\/\\\/www.gold.fr\\\/news\\\/2015\\\/08\\\/20\\\/demande-dor-les-chiffres-du-second-trimestre-2015\\\/\"]}]},{\"@type\":\"ImageObject\",\"inLanguage\":\"fr-FR\",\"@id\":\"https:\\\/\\\/www.gold.fr\\\/news\\\/2015\\\/08\\\/20\\\/demande-dor-les-chiffres-du-second-trimestre-2015\\\/#primaryimage\",\"url\":\"https:\\\/\\\/www.gold.fr\\\/news\\\/wp-content\\\/uploads\\\/2014\\\/03\\\/image21.jpeg\",\"contentUrl\":\"https:\\\/\\\/www.gold.fr\\\/news\\\/wp-content\\\/uploads\\\/2014\\\/03\\\/image21.jpeg\",\"width\":\"614\",\"height\":\"669\",\"caption\":\"L\u2019once en \u00e9quilibre face \u00e0 l\u2019envol\u00e9e des indices boursiers\"},{\"@type\":\"BreadcrumbList\",\"@id\":\"https:\\\/\\\/www.gold.fr\\\/news\\\/2015\\\/08\\\/20\\\/demande-dor-les-chiffres-du-second-trimestre-2015\\\/#breadcrumb\",\"itemListElement\":[{\"@type\":\"ListItem\",\"position\":1,\"name\":\"Accueil\",\"item\":\"https:\\\/\\\/www.gold.fr\\\/\"},{\"@type\":\"ListItem\",\"position\":2,\"name\":\"Actualit\u00e9s\",\"item\":\"https:\\\/\\\/www.gold.fr\\\/news\\\/\"},{\"@type\":\"ListItem\",\"position\":3,\"name\":\"Demande d\u2019or : les chiffres du second trimestre 2015\"}]},{\"@type\":\"WebSite\",\"@id\":\"https:\\\/\\\/www.gold.fr\\\/news\\\/#website\",\"url\":\"https:\\\/\\\/www.gold.fr\\\/news\\\/\",\"name\":\"Gold.fr\",\"description\":\"Actualit\u00e9s de l&#039;Or et des m\u00e9taux pr\u00e9cieux\",\"potentialAction\":[{\"@type\":\"SearchAction\",\"target\":{\"@type\":\"EntryPoint\",\"urlTemplate\":\"https:\\\/\\\/www.gold.fr\\\/news\\\/?s={search_term_string}\"},\"query-input\":{\"@type\":\"PropertyValueSpecification\",\"valueRequired\":true,\"valueName\":\"search_term_string\"}}],\"inLanguage\":\"fr-FR\"},{\"@type\":\"Person\",\"@id\":\"https:\\\/\\\/www.gold.fr\\\/news\\\/#\\\/schema\\\/person\\\/070491b4b4fb7671bf59b3be20302ce9\",\"name\":\"Comptoir National de l'Or\",\"image\":{\"@type\":\"ImageObject\",\"inLanguage\":\"fr-FR\",\"@id\":\"https:\\\/\\\/secure.gravatar.com\\\/avatar\\\/0a2867fd5abe37bed95d5a65e9d58f01756e11efc68af9888dfc50cfa7f65948?s=96&d=mm&r=gb490554db0a38188709de567aa58480d\",\"url\":\"https:\\\/\\\/secure.gravatar.com\\\/avatar\\\/0a2867fd5abe37bed95d5a65e9d58f01756e11efc68af9888dfc50cfa7f65948?s=96&d=mm&r=g\",\"contentUrl\":\"https:\\\/\\\/secure.gravatar.com\\\/avatar\\\/0a2867fd5abe37bed95d5a65e9d58f01756e11efc68af9888dfc50cfa7f65948?s=96&d=mm&r=g\",\"caption\":\"Comptoir National de l'Or\"},\"description\":\"Notre r\u00e9daction est constitu\u00e9e de membres experts dans les m\u00e9tiers de l'\u00e9conomie et la gestion, des Responsables d'agence Comptoir National de l'Or, des analystes financiers qui publient r\u00e9guli\u00e8rement des \u00e9tudes sur les politiques des banques centrales, le cours de l'or, prix de l'or, cours de l'argent, prix de l'argent, cours du platine, cours du palladium,... la situation en zone euro et l'impact de la strat\u00e9gie mon\u00e9taire de la FED. Notre \u00e9quipe scrute \u00e9galement une information plus g\u00e9n\u00e9raliste \u00e0 la recherche d'actualit\u00e9 \\\"p\u00e9pite\\\" \u00e0 vous partager. Depuis 5 ans, nous avons publi\u00e9 un peu plus de 4000 articles qui s'adressent \u00e0 un public large et vari\u00e9 ayant pour objectif de satisfaire votre curiosit\u00e9 et de partager avec vous une certaine fascination pour le m\u00e9tal jaune, le rachat d'or, et pour ceux qui veulent investir dans l'or, vendre leur or tout simplement en savoir plus... Pour tous vos achat or et argent, n'h\u00e9sitez pas \u00e0 prendre rendez-vous dans l'un de nos nombreux comptoirs.\",\"sameAs\":[\"https:\\\/\\\/www.gold.fr\"]}]}<\/script>\n<!-- \/ Yoast SEO plugin. -->","yoast_head_json":{"title":"Demande d\u2019or : les chiffres du second trimestre 2015 - Gold.fr","robots":{"index":"index","follow":"follow","max-snippet":"max-snippet:-1","max-image-preview":"max-image-preview:large","max-video-preview":"max-video-preview:-1"},"canonical":"https:\/\/www.gold.fr\/news\/2015\/08\/20\/demande-dor-les-chiffres-du-second-trimestre-2015\/","og_locale":"fr_FR","og_type":"article","og_title":"Demande d\u2019or : les chiffres du second trimestre 2015 - Gold.fr","og_description":"Le Conseil Mondial de l&rsquo;Or a r\u00e9cemment publi\u00e9 son dernier rapport sur la consommation d&rsquo;or dans le monde. Ce dernier porte sur le second trimestre 2015. Il est accessible gratuitement sur le site officiel de l&rsquo;institution [&hellip;]","og_url":"https:\/\/www.gold.fr\/news\/2015\/08\/20\/demande-dor-les-chiffres-du-second-trimestre-2015\/","og_site_name":"Gold.fr","article_publisher":"https:\/\/www.facebook.com\/Goldfr\/","article_published_time":"2015-08-20T15:00:55+00:00","article_modified_time":"2017-11-29T16:57:28+00:00","og_image":[{"width":614,"height":669,"url":"https:\/\/www.gold.fr\/news\/wp-content\/uploads\/2014\/03\/image21.jpeg","type":"image\/jpeg"}],"author":"Comptoir National de l'Or","twitter_card":"summary_large_image","twitter_misc":{"\u00c9crit par":"Comptoir National de l'Or","Dur\u00e9e de lecture estim\u00e9e":"1 minute"},"schema":{"@context":"https:\/\/schema.org","@graph":[{"@type":"Article","@id":"https:\/\/www.gold.fr\/news\/2015\/08\/20\/demande-dor-les-chiffres-du-second-trimestre-2015\/#article","isPartOf":{"@id":"https:\/\/www.gold.fr\/news\/2015\/08\/20\/demande-dor-les-chiffres-du-second-trimestre-2015\/"},"author":{"name":"Comptoir National de l'Or","@id":"https:\/\/www.gold.fr\/news\/#\/schema\/person\/070491b4b4fb7671bf59b3be20302ce9"},"headline":"Demande d\u2019or : les chiffres du second trimestre 2015","datePublished":"2015-08-20T15:00:55+00:00","dateModified":"2017-11-29T16:57:28+00:00","mainEntityOfPage":{"@id":"https:\/\/www.gold.fr\/news\/2015\/08\/20\/demande-dor-les-chiffres-du-second-trimestre-2015\/"},"wordCount":262,"commentCount":0,"image":{"@id":"https:\/\/www.gold.fr\/news\/2015\/08\/20\/demande-dor-les-chiffres-du-second-trimestre-2015\/#primaryimage"},"thumbnailUrl":"https:\/\/www.gold.fr\/news\/wp-content\/uploads\/2014\/03\/image21.jpeg","keywords":["Conseil Mondial de l\u2019Or","demande d'or","Or Chine","Or \u00c9tats-Unis","Or Inde"],"articleSection":["Articles de presse"],"inLanguage":"fr-FR"},{"@type":"WebPage","@id":"https:\/\/www.gold.fr\/news\/2015\/08\/20\/demande-dor-les-chiffres-du-second-trimestre-2015\/","url":"https:\/\/www.gold.fr\/news\/2015\/08\/20\/demande-dor-les-chiffres-du-second-trimestre-2015\/","name":"Demande d\u2019or : les chiffres du second trimestre 2015 - Gold.fr","isPartOf":{"@id":"https:\/\/www.gold.fr\/news\/#website"},"primaryImageOfPage":{"@id":"https:\/\/www.gold.fr\/news\/2015\/08\/20\/demande-dor-les-chiffres-du-second-trimestre-2015\/#primaryimage"},"image":{"@id":"https:\/\/www.gold.fr\/news\/2015\/08\/20\/demande-dor-les-chiffres-du-second-trimestre-2015\/#primaryimage"},"thumbnailUrl":"https:\/\/www.gold.fr\/news\/wp-content\/uploads\/2014\/03\/image21.jpeg","datePublished":"2015-08-20T15:00:55+00:00","dateModified":"2017-11-29T16:57:28+00:00","author":{"@id":"https:\/\/www.gold.fr\/news\/#\/schema\/person\/070491b4b4fb7671bf59b3be20302ce9"},"breadcrumb":{"@id":"https:\/\/www.gold.fr\/news\/2015\/08\/20\/demande-dor-les-chiffres-du-second-trimestre-2015\/#breadcrumb"},"inLanguage":"fr-FR","potentialAction":[{"@type":"ReadAction","target":["https:\/\/www.gold.fr\/news\/2015\/08\/20\/demande-dor-les-chiffres-du-second-trimestre-2015\/"]}]},{"@type":"ImageObject","inLanguage":"fr-FR","@id":"https:\/\/www.gold.fr\/news\/2015\/08\/20\/demande-dor-les-chiffres-du-second-trimestre-2015\/#primaryimage","url":"https:\/\/www.gold.fr\/news\/wp-content\/uploads\/2014\/03\/image21.jpeg","contentUrl":"https:\/\/www.gold.fr\/news\/wp-content\/uploads\/2014\/03\/image21.jpeg","width":"614","height":"669","caption":"L\u2019once en \u00e9quilibre face \u00e0 l\u2019envol\u00e9e des indices boursiers"},{"@type":"BreadcrumbList","@id":"https:\/\/www.gold.fr\/news\/2015\/08\/20\/demande-dor-les-chiffres-du-second-trimestre-2015\/#breadcrumb","itemListElement":[{"@type":"ListItem","position":1,"name":"Accueil","item":"https:\/\/www.gold.fr\/"},{"@type":"ListItem","position":2,"name":"Actualit\u00e9s","item":"https:\/\/www.gold.fr\/news\/"},{"@type":"ListItem","position":3,"name":"Demande d\u2019or : les chiffres du second trimestre 2015"}]},{"@type":"WebSite","@id":"https:\/\/www.gold.fr\/news\/#website","url":"https:\/\/www.gold.fr\/news\/","name":"Gold.fr","description":"Actualit\u00e9s de l&#039;Or et des m\u00e9taux pr\u00e9cieux","potentialAction":[{"@type":"SearchAction","target":{"@type":"EntryPoint","urlTemplate":"https:\/\/www.gold.fr\/news\/?s={search_term_string}"},"query-input":{"@type":"PropertyValueSpecification","valueRequired":true,"valueName":"search_term_string"}}],"inLanguage":"fr-FR"},{"@type":"Person","@id":"https:\/\/www.gold.fr\/news\/#\/schema\/person\/070491b4b4fb7671bf59b3be20302ce9","name":"Comptoir National de l'Or","image":{"@type":"ImageObject","inLanguage":"fr-FR","@id":"https:\/\/secure.gravatar.com\/avatar\/0a2867fd5abe37bed95d5a65e9d58f01756e11efc68af9888dfc50cfa7f65948?s=96&d=mm&r=gb490554db0a38188709de567aa58480d","url":"https:\/\/secure.gravatar.com\/avatar\/0a2867fd5abe37bed95d5a65e9d58f01756e11efc68af9888dfc50cfa7f65948?s=96&d=mm&r=g","contentUrl":"https:\/\/secure.gravatar.com\/avatar\/0a2867fd5abe37bed95d5a65e9d58f01756e11efc68af9888dfc50cfa7f65948?s=96&d=mm&r=g","caption":"Comptoir National de l'Or"},"description":"Notre r\u00e9daction est constitu\u00e9e de membres experts dans les m\u00e9tiers de l'\u00e9conomie et la gestion, des Responsables d'agence Comptoir National de l'Or, des analystes financiers qui publient r\u00e9guli\u00e8rement des \u00e9tudes sur les politiques des banques centrales, le cours de l'or, prix de l'or, cours de l'argent, prix de l'argent, cours du platine, cours du palladium,... la situation en zone euro et l'impact de la strat\u00e9gie mon\u00e9taire de la FED. Notre \u00e9quipe scrute \u00e9galement une information plus g\u00e9n\u00e9raliste \u00e0 la recherche d'actualit\u00e9 \"p\u00e9pite\" \u00e0 vous partager. Depuis 5 ans, nous avons publi\u00e9 un peu plus de 4000 articles qui s'adressent \u00e0 un public large et vari\u00e9 ayant pour objectif de satisfaire votre curiosit\u00e9 et de partager avec vous une certaine fascination pour le m\u00e9tal jaune, le rachat d'or, et pour ceux qui veulent investir dans l'or, vendre leur or tout simplement en savoir plus... Pour tous vos achat or et argent, n'h\u00e9sitez pas \u00e0 prendre rendez-vous dans l'un de nos nombreux comptoirs.","sameAs":["https:\/\/www.gold.fr"]}]}},"authors":[{"term_id":2565,"user_id":18,"is_guest":0,"slug":"julie","display_name":"Comptoir National de l'Or","avatar_url":"https:\/\/secure.gravatar.com\/avatar\/713f289e398d35ead876c4a4cc08607f0d6d266058cfc25683fffb6092d0e572?s=96&d=mm&r=g","0":null,"1":"","2":"","3":"","4":"","5":"","6":"","7":"","8":""}],"_links":{"self":[{"href":"https:\/\/www.gold.fr\/news\/wp-json\/wp\/v2\/posts\/17758","targetHints":{"allow":["GET"]}}],"collection":[{"href":"https:\/\/www.gold.fr\/news\/wp-json\/wp\/v2\/posts"}],"about":[{"href":"https:\/\/www.gold.fr\/news\/wp-json\/wp\/v2\/types\/post"}],"author":[{"embeddable":true,"href":"https:\/\/www.gold.fr\/news\/wp-json\/wp\/v2\/users\/18"}],"replies":[{"embeddable":true,"href":"https:\/\/www.gold.fr\/news\/wp-json\/wp\/v2\/comments?post=17758"}],"version-history":[{"count":0,"href":"https:\/\/www.gold.fr\/news\/wp-json\/wp\/v2\/posts\/17758\/revisions"}],"wp:featuredmedia":[{"embeddable":true,"href":"https:\/\/www.gold.fr\/news\/wp-json\/wp\/v2\/media\/14237"}],"wp:attachment":[{"href":"https:\/\/www.gold.fr\/news\/wp-json\/wp\/v2\/media?parent=17758"}],"wp:term":[{"taxonomy":"category","embeddable":true,"href":"https:\/\/www.gold.fr\/news\/wp-json\/wp\/v2\/categories?post=17758"},{"taxonomy":"post_tag","embeddable":true,"href":"https:\/\/www.gold.fr\/news\/wp-json\/wp\/v2\/tags?post=17758"},{"taxonomy":"author","embeddable":true,"href":"https:\/\/www.gold.fr\/news\/wp-json\/wp\/v2\/ppma_author?post=17758"}],"curies":[{"name":"wp","href":"https:\/\/api.w.org\/{rel}","templated":true}]}}