{"id":1775,"date":"2011-06-30T07:55:47","date_gmt":"2011-06-30T05:55:47","guid":{"rendered":"https:\/\/www.gold.fr\/informations-sur-l-or\/analyses-economiques\/or-et-inflation"},"modified":"2021-01-14T14:27:09","modified_gmt":"2021-01-14T13:27:09","slug":"or-et-inflation","status":"publish","type":"post","link":"https:\/\/www.gold.fr\/news\/2011\/06\/30\/or-et-inflation\/","title":{"rendered":"Or et Inflation"},"content":{"rendered":"<p style=\"text-align: justify;\"><em>Au c\u0153ur m\u00eame d'une crise \u00e9conomique et financi\u00e8re qui secoue fortement le monde depuis quelques mois, et plus particuli\u00e8rement depuis quelques semaines, les inqui\u00e9tudes majeures des investisseurs sont focalis\u00e9es sur la dette qui s'amasse pour beaucoup de pays industrialis\u00e9s. Avec le record atteint r\u00e9cemment par le total de ces dettes, la quasi impossibilit\u00e9 d'une quelconque reprise durable, et un autre record atteint \u2013cette fois ci \u00e0 la hausse- par l'<a href='https:\/\/www.gold.fr\/news\/tags\/or' class='esk-seo-plu-link'>or<\/a>, il semblerait que le <a href='https:\/\/www.gold.fr\/news\/tags\/or' class='esk-seo-plu-link'>m\u00e9tal jaune<\/a> puise encore sa force dans le moindre signe d'agonie de l'\u00e9conomie.<\/em><\/p>    <h2 style=\"text-align: justify;\">Inflation et crise : Un cercle infernal<\/h2>  <p style=\"text-align: justify;\">Sans un minimum d'inflation, pas de reprise. Mais la crise semble empirer lorsque l'inflation d\u00e9passe un certain seuil. Un tableau bien sombre. L'inflation est la cons\u00e9quence directe de la mise en circulation importante de monnaie dans le but d'augmenter \u00ab artificiellement \u00bb la consommation, et de rembourser tout ou partie des dettes accumul\u00e9es avec le temps. Une <strong>inflation est donc n\u00e9cessaire \u00e0 la survie de l'\u00e9conomie mondiale mais doit \u00eatre maitris\u00e9e<\/strong> ( la BCE estime que ce taux ne doit pas d\u00e9passer 2%)<\/p>  <p style=\"text-align: justify;\">R\u00e9sultat de cet \u00e9tat d\u00e9solant des lieux ; les march\u00e9s financiers sont de plus en plus m\u00e9fiants et <strong>tr\u00e8s peu de valeurs sont encore consid\u00e9r\u00e9es comme fiables<\/strong> ou vous seront recommand\u00e9es par les experts comme \u00e9tant LES valeurs sur lesquelles il serait avis\u00e9 d'investir.<\/p>  <p style=\"text-align: justify;\">C'est ainsi que les investisseurs se tournent automatiquement vers ce qu'ils con\u00e7oivent comme une valeur refuge, peu importe la p\u00e9riode, la conjoncture ou l'importance de la crise ; l'<a href='https:\/\/www.gold.fr\/news\/tags\/or' class='esk-seo-plu-link'>or<\/a>. Dans les temps de crainte et de doute, les investissements tendent \u00e0 \u00e9viter les devises trop volatiles et peu fiables au profit de la <strong>vraie source de s\u00e9curit\u00e9.<\/strong><\/p>    <h2 style=\"text-align: justify;\">Inflation et <a href='https:\/\/www.gold.fr\/news\/tags\/or' class='esk-seo-plu-link'>or<\/a> : Quel rapport?<\/h2>  <p style=\"text-align: justify;\">L'id\u00e9e est assez simple ; en p\u00e9riode d'inflation, la production de monnaie progresse sensiblement, engendrant pourtant un <strong>effondrement des cours sur le march\u00e9 des changes <\/strong>(ce que les professionnels nomment \u00ab Forex \u00bb).<\/p>  <p style=\"text-align: justify;\">Ainsi, l'<a href='https:\/\/www.gold.fr\/news\/tags\/or' class='esk-seo-plu-link'>or<\/a>, dont la valeur a la chance de ne pas d\u00e9pendre d'une quelconque devise mais simplement de l'offre et de la demande, n'est pas alt\u00e9r\u00e9 par les fluctuations du march\u00e9 de change et devient donc <strong>LE march\u00e9-refuge<\/strong>.<\/p>    <table border=\"0\" align=\"center\">  <tbody>  <tr>  <td><img src=\"https:\/\/www.gold.fr\/static\/images\/articles_images\/lingots__pile_croissante.jpg\" alt=\"\" width=\"400\" height=\"219\" border=\"0\" \/><\/td>  <\/tr>  <\/tbody>  <\/table>  <p style=\"text-align: justify;\">C'est la raison pour laquelle les <strong>transactions d'<a href='https:\/\/www.gold.fr\/news\/tags\/or' class='esk-seo-plu-link'>or<\/a> deviennent massives en temps d'inflation<\/strong>, puisque les investisseurs d\u00e9sirent ainsi saisir la belle opportunit\u00e9 qui ne manquera pas de se pr\u00e9senter. Et, logiquement, l'\u00e9volution des achats d'<a href='https:\/\/www.gold.fr\/news\/tags\/or' class='esk-seo-plu-link'>or<\/a> sur les march\u00e9s boursiers engendre automatiquement une <strong>\u00e9volution assez forte de la valeur de l'<a href='https:\/\/www.gold.fr\/news\/tags\/or' class='esk-seo-plu-link'>or<\/a>.<\/strong><\/p>  <p style=\"text-align: justify;\">Donc, plus les risques d'inflation sont importants, plus il devient pertinent d'investir dans l'<a href='https:\/\/www.gold.fr\/news\/tags\/or' class='esk-seo-plu-link'>or<\/a>. Un investissement s\u00fbr (le <a href='https:\/\/www.gold.fr\/news\/tags\/cours-de-lor' class='esk-seo-plu-link'>cours de l'or<\/a> baisse tr\u00e8s rarement de fa\u00e7on significative) et plus rentable que les autres formes d'investissement puisque sa valeur est susceptible de doubler (m\u00eame tripler) en l'espace de quelques ann\u00e9es.<\/p>    <h2 style=\"text-align: justify;\">Pourquoi l'<a href='https:\/\/www.gold.fr\/news\/tags\/or' class='esk-seo-plu-link'>or<\/a> est-il une valeur refuge ?<\/h2>  <p style=\"text-align: justify;\">Notons d\u00e9j\u00e0 que, dans un contexte historique g\u00e9n\u00e9ral, l'<a href='https:\/\/www.gold.fr\/news\/tags\/or' class='esk-seo-plu-link'>or<\/a> a toujours maintenu son statut de valeur-refuge. Un rapide coup d'\u0153il vaguement analytique sur les cours historiques nous permet de constater que le <a href='https:\/\/www.gold.fr\/news\/tags\/cours-de-lor' class='esk-seo-plu-link'>cours de l'or<\/a> a tendance \u00e0 monter en fl\u00e8che en p\u00e9riode de crise. Il y a donc forc\u00e9ment un rapport direct entre le prix du pr\u00e9cieux <a href='https:\/\/www.gold.fr\/news\/tags\/or' class='esk-seo-plu-link'>m\u00e9tal jaune<\/a> et le niveau d'inflation international.<\/p>","protected":false},"excerpt":{"rendered":"<p>Au c\u0153ur m\u00eame d\u2019une crise \u00e9conomique et financi\u00e8re qui secoue fortement le monde depuis quelques mois, et plus particuli\u00e8rement depuis quelques semaines, les inqui\u00e9tudes majeures des investisseurs sont focalis\u00e9es sur la dette qui s\u2019amasse pou&#8230;<\/p>\n","protected":false},"author":6,"featured_media":996,"comment_status":"closed","ping_status":"closed","sticky":false,"template":"","format":"standard","meta":{"_mbp_gutenberg_autopost":false,"_pgmb_is_evergreen":false,"_pgmb_ap_template_id":0,"footnotes":""},"categories":[4],"tags":[116,76,1095],"ppma_author":[2567],"class_list":["post-1775","post","type-post","status-publish","format-standard","has-post-thumbnail","hentry","category-analyses-economiques","tag-inflation","tag-or","tag-or-et-inflation"],"yoast_head":"<!-- This site is optimized with the Yoast SEO plugin v27.5 - https:\/\/yoast.com\/product\/yoast-seo-wordpress\/ -->\n<title>Or et Inflation - Gold.fr<\/title>\n<meta name=\"description\" content=\"Or et Inflation Un cercle infernal entre Inflation et crise Sans un minimum d&#039;inflation, pas de reprise Evolution Prix Or Cours March\u00e9\" \/>\n<meta name=\"robots\" content=\"index, follow, max-snippet:-1, max-image-preview:large, max-video-preview:-1\" \/>\n<link rel=\"canonical\" href=\"https:\/\/www.gold.fr\/news\/2011\/06\/30\/or-et-inflation\/\" \/>\n<meta property=\"og:locale\" content=\"fr_FR\" \/>\n<meta property=\"og:type\" content=\"article\" \/>\n<meta property=\"og:title\" content=\"Or et Inflation - Gold.fr\" \/>\n<meta property=\"og:description\" content=\"Or et Inflation Un cercle infernal entre Inflation et crise Sans un minimum d&#039;inflation, pas de reprise Evolution Prix Or Cours March\u00e9\" \/>\n<meta property=\"og:url\" content=\"https:\/\/www.gold.fr\/news\/2011\/06\/30\/or-et-inflation\/\" \/>\n<meta property=\"og:site_name\" content=\"Gold.fr\" \/>\n<meta property=\"article:publisher\" content=\"https:\/\/www.facebook.com\/Goldfr\/\" \/>\n<meta property=\"article:published_time\" content=\"2011-06-30T05:55:47+00:00\" \/>\n<meta property=\"article:modified_time\" content=\"2021-01-14T13:27:09+00:00\" \/>\n<meta property=\"og:image\" content=\"https:\/\/www.gold.fr\/news\/wp-content\/uploads\/2011\/07\/3.jpg\" \/>\n\t<meta property=\"og:image:width\" content=\"600\" \/>\n\t<meta property=\"og:image:height\" content=\"350\" \/>\n\t<meta property=\"og:image:type\" content=\"image\/jpeg\" \/>\n<meta name=\"author\" content=\"Laurent Schwartz\" \/>\n<meta name=\"twitter:card\" content=\"summary_large_image\" \/>\n<meta name=\"twitter:label1\" content=\"\u00c9crit par\" \/>\n\t<meta name=\"twitter:data1\" content=\"Laurent Schwartz\" \/>\n\t<meta name=\"twitter:label2\" content=\"Dur\u00e9e de lecture estim\u00e9e\" \/>\n\t<meta name=\"twitter:data2\" content=\"3 minutes\" \/>\n<script type=\"application\/ld+json\" class=\"yoast-schema-graph\">{\"@context\":\"https:\\\/\\\/schema.org\",\"@graph\":[{\"@type\":\"Article\",\"@id\":\"https:\\\/\\\/www.gold.fr\\\/news\\\/2011\\\/06\\\/30\\\/or-et-inflation\\\/#article\",\"isPartOf\":{\"@id\":\"https:\\\/\\\/www.gold.fr\\\/news\\\/2011\\\/06\\\/30\\\/or-et-inflation\\\/\"},\"author\":{\"name\":\"Laurent Schwartz\",\"@id\":\"https:\\\/\\\/www.gold.fr\\\/news\\\/#\\\/schema\\\/person\\\/4ed91d9a70d8f3a313c26e8308214fc2\"},\"headline\":\"Or et Inflation\",\"datePublished\":\"2011-06-30T05:55:47+00:00\",\"dateModified\":\"2021-01-14T13:27:09+00:00\",\"mainEntityOfPage\":{\"@id\":\"https:\\\/\\\/www.gold.fr\\\/news\\\/2011\\\/06\\\/30\\\/or-et-inflation\\\/\"},\"wordCount\":599,\"image\":{\"@id\":\"https:\\\/\\\/www.gold.fr\\\/news\\\/2011\\\/06\\\/30\\\/or-et-inflation\\\/#primaryimage\"},\"thumbnailUrl\":\"https:\\\/\\\/www.gold.fr\\\/news\\\/wp-content\\\/uploads\\\/2011\\\/07\\\/3.jpg\",\"keywords\":[\"inflation\",\"Or\",\"or et inflation\"],\"articleSection\":[\"Analyses Economiques\"],\"inLanguage\":\"fr-FR\"},{\"@type\":\"WebPage\",\"@id\":\"https:\\\/\\\/www.gold.fr\\\/news\\\/2011\\\/06\\\/30\\\/or-et-inflation\\\/\",\"url\":\"https:\\\/\\\/www.gold.fr\\\/news\\\/2011\\\/06\\\/30\\\/or-et-inflation\\\/\",\"name\":\"Or et Inflation - Gold.fr\",\"isPartOf\":{\"@id\":\"https:\\\/\\\/www.gold.fr\\\/news\\\/#website\"},\"primaryImageOfPage\":{\"@id\":\"https:\\\/\\\/www.gold.fr\\\/news\\\/2011\\\/06\\\/30\\\/or-et-inflation\\\/#primaryimage\"},\"image\":{\"@id\":\"https:\\\/\\\/www.gold.fr\\\/news\\\/2011\\\/06\\\/30\\\/or-et-inflation\\\/#primaryimage\"},\"thumbnailUrl\":\"https:\\\/\\\/www.gold.fr\\\/news\\\/wp-content\\\/uploads\\\/2011\\\/07\\\/3.jpg\",\"datePublished\":\"2011-06-30T05:55:47+00:00\",\"dateModified\":\"2021-01-14T13:27:09+00:00\",\"author\":{\"@id\":\"https:\\\/\\\/www.gold.fr\\\/news\\\/#\\\/schema\\\/person\\\/4ed91d9a70d8f3a313c26e8308214fc2\"},\"description\":\"Or et Inflation Un cercle infernal entre Inflation et crise Sans un minimum d'inflation, pas de reprise Evolution Prix Or Cours March\u00e9\",\"breadcrumb\":{\"@id\":\"https:\\\/\\\/www.gold.fr\\\/news\\\/2011\\\/06\\\/30\\\/or-et-inflation\\\/#breadcrumb\"},\"inLanguage\":\"fr-FR\",\"potentialAction\":[{\"@type\":\"ReadAction\",\"target\":[\"https:\\\/\\\/www.gold.fr\\\/news\\\/2011\\\/06\\\/30\\\/or-et-inflation\\\/\"]}]},{\"@type\":\"ImageObject\",\"inLanguage\":\"fr-FR\",\"@id\":\"https:\\\/\\\/www.gold.fr\\\/news\\\/2011\\\/06\\\/30\\\/or-et-inflation\\\/#primaryimage\",\"url\":\"https:\\\/\\\/www.gold.fr\\\/news\\\/wp-content\\\/uploads\\\/2011\\\/07\\\/3.jpg\",\"contentUrl\":\"https:\\\/\\\/www.gold.fr\\\/news\\\/wp-content\\\/uploads\\\/2011\\\/07\\\/3.jpg\",\"width\":\"600\",\"height\":\"350\",\"caption\":\"Inqui\u00e9tude ou passion : Deux motivations pour un seul choix...\"},{\"@type\":\"BreadcrumbList\",\"@id\":\"https:\\\/\\\/www.gold.fr\\\/news\\\/2011\\\/06\\\/30\\\/or-et-inflation\\\/#breadcrumb\",\"itemListElement\":[{\"@type\":\"ListItem\",\"position\":1,\"name\":\"Accueil\",\"item\":\"https:\\\/\\\/www.gold.fr\\\/\"},{\"@type\":\"ListItem\",\"position\":2,\"name\":\"Actualit\u00e9s\",\"item\":\"https:\\\/\\\/www.gold.fr\\\/news\\\/\"},{\"@type\":\"ListItem\",\"position\":3,\"name\":\"Or et Inflation\"}]},{\"@type\":\"WebSite\",\"@id\":\"https:\\\/\\\/www.gold.fr\\\/news\\\/#website\",\"url\":\"https:\\\/\\\/www.gold.fr\\\/news\\\/\",\"name\":\"Gold.fr\",\"description\":\"Actualit\u00e9s de l&#039;Or et des m\u00e9taux pr\u00e9cieux\",\"potentialAction\":[{\"@type\":\"SearchAction\",\"target\":{\"@type\":\"EntryPoint\",\"urlTemplate\":\"https:\\\/\\\/www.gold.fr\\\/news\\\/?s={search_term_string}\"},\"query-input\":{\"@type\":\"PropertyValueSpecification\",\"valueRequired\":true,\"valueName\":\"search_term_string\"}}],\"inLanguage\":\"fr-FR\"},{\"@type\":\"Person\",\"@id\":\"https:\\\/\\\/www.gold.fr\\\/news\\\/#\\\/schema\\\/person\\\/4ed91d9a70d8f3a313c26e8308214fc2\",\"name\":\"Laurent Schwartz\",\"image\":{\"@type\":\"ImageObject\",\"inLanguage\":\"fr-FR\",\"@id\":\"https:\\\/\\\/secure.gravatar.com\\\/avatar\\\/1496f846049365121827f5470219486f1a95f83957cc8ca0a9595e40c185f5ee?s=96&d=mm&r=g76f0e87c9ba82a161860a0fc16990d85\",\"url\":\"https:\\\/\\\/secure.gravatar.com\\\/avatar\\\/1496f846049365121827f5470219486f1a95f83957cc8ca0a9595e40c185f5ee?s=96&d=mm&r=g\",\"contentUrl\":\"https:\\\/\\\/secure.gravatar.com\\\/avatar\\\/1496f846049365121827f5470219486f1a95f83957cc8ca0a9595e40c185f5ee?s=96&d=mm&r=g\",\"caption\":\"Laurent Schwartz\"},\"description\":\"Dipl\u00f4m\u00e9 de l\u2019EDHEC Business School en 2005, Laurent SCHWARTZ int\u00e8gre le cabinet d\u2019audit ERNST &amp; YOUNG en 2005 o\u00f9 il travaille pendant 4 ans. Parall\u00e8lement, il travaille au sein de l\u2019entreprise familiale cr\u00e9\u00e9e en 1976 \u00e0 Strasbourg. Fort de cette exp\u00e9rience et du savoir-faire d\u00e9velopp\u00e9 durant ces 40 derni\u00e8res ann\u00e9es, Laurent proc\u00e8de \u00e0 la refonte du site Internet Gold.fr d\u00e9di\u00e9 \u00e0 l\u2019achat d'or, vente d\u2019or (pi\u00e8ces, lingots, ...), achat or et argent,... qui conna\u00eetra un franc succ\u00e8s d\u00e8s son d\u00e9marrage en 2008. Il d\u00e9cide alors de d\u00e9velopper un r\u00e9seau de concessions exclusives: Le Comptoir National de l\u2019Or. Il assure d\u00e9sormais le pilotage strat\u00e9gique du 1er r\u00e9seau de France qui compte aujourd\u2019hui pas loin de 60 agences r\u00e9parties dans toute la France et depuis peu en Allemagne (Breisach). Le Comptoir National de l\u2019Or se positionne aujourd\u2019hui comme le leader incontournable sur le march\u00e9 de l\u2019Or et des m\u00e9taux pr\u00e9cieux en France.\",\"sameAs\":[\"https:\\\/\\\/www.gold.fr\",\"https:\\\/\\\/www.linkedin.com\\\/in\\\/acheteror\\\/\"]}]}<\/script>\n<!-- \/ Yoast SEO plugin. -->","yoast_head_json":{"title":"Or et Inflation - Gold.fr","description":"Or et Inflation Un cercle infernal entre Inflation et crise Sans un minimum d'inflation, pas de reprise Evolution Prix Or Cours March\u00e9","robots":{"index":"index","follow":"follow","max-snippet":"max-snippet:-1","max-image-preview":"max-image-preview:large","max-video-preview":"max-video-preview:-1"},"canonical":"https:\/\/www.gold.fr\/news\/2011\/06\/30\/or-et-inflation\/","og_locale":"fr_FR","og_type":"article","og_title":"Or et Inflation - Gold.fr","og_description":"Or et Inflation Un cercle infernal entre Inflation et crise Sans un minimum d'inflation, pas de reprise Evolution Prix Or Cours March\u00e9","og_url":"https:\/\/www.gold.fr\/news\/2011\/06\/30\/or-et-inflation\/","og_site_name":"Gold.fr","article_publisher":"https:\/\/www.facebook.com\/Goldfr\/","article_published_time":"2011-06-30T05:55:47+00:00","article_modified_time":"2021-01-14T13:27:09+00:00","og_image":[{"width":600,"height":350,"url":"https:\/\/www.gold.fr\/news\/wp-content\/uploads\/2011\/07\/3.jpg","type":"image\/jpeg"}],"author":"Laurent Schwartz","twitter_card":"summary_large_image","twitter_misc":{"\u00c9crit par":"Laurent Schwartz","Dur\u00e9e de lecture estim\u00e9e":"3 minutes"},"schema":{"@context":"https:\/\/schema.org","@graph":[{"@type":"Article","@id":"https:\/\/www.gold.fr\/news\/2011\/06\/30\/or-et-inflation\/#article","isPartOf":{"@id":"https:\/\/www.gold.fr\/news\/2011\/06\/30\/or-et-inflation\/"},"author":{"name":"Laurent Schwartz","@id":"https:\/\/www.gold.fr\/news\/#\/schema\/person\/4ed91d9a70d8f3a313c26e8308214fc2"},"headline":"Or et Inflation","datePublished":"2011-06-30T05:55:47+00:00","dateModified":"2021-01-14T13:27:09+00:00","mainEntityOfPage":{"@id":"https:\/\/www.gold.fr\/news\/2011\/06\/30\/or-et-inflation\/"},"wordCount":599,"image":{"@id":"https:\/\/www.gold.fr\/news\/2011\/06\/30\/or-et-inflation\/#primaryimage"},"thumbnailUrl":"https:\/\/www.gold.fr\/news\/wp-content\/uploads\/2011\/07\/3.jpg","keywords":["inflation","Or","or et inflation"],"articleSection":["Analyses Economiques"],"inLanguage":"fr-FR"},{"@type":"WebPage","@id":"https:\/\/www.gold.fr\/news\/2011\/06\/30\/or-et-inflation\/","url":"https:\/\/www.gold.fr\/news\/2011\/06\/30\/or-et-inflation\/","name":"Or et Inflation - Gold.fr","isPartOf":{"@id":"https:\/\/www.gold.fr\/news\/#website"},"primaryImageOfPage":{"@id":"https:\/\/www.gold.fr\/news\/2011\/06\/30\/or-et-inflation\/#primaryimage"},"image":{"@id":"https:\/\/www.gold.fr\/news\/2011\/06\/30\/or-et-inflation\/#primaryimage"},"thumbnailUrl":"https:\/\/www.gold.fr\/news\/wp-content\/uploads\/2011\/07\/3.jpg","datePublished":"2011-06-30T05:55:47+00:00","dateModified":"2021-01-14T13:27:09+00:00","author":{"@id":"https:\/\/www.gold.fr\/news\/#\/schema\/person\/4ed91d9a70d8f3a313c26e8308214fc2"},"description":"Or et Inflation Un cercle infernal entre Inflation et crise Sans un minimum d'inflation, pas de reprise Evolution Prix Or Cours March\u00e9","breadcrumb":{"@id":"https:\/\/www.gold.fr\/news\/2011\/06\/30\/or-et-inflation\/#breadcrumb"},"inLanguage":"fr-FR","potentialAction":[{"@type":"ReadAction","target":["https:\/\/www.gold.fr\/news\/2011\/06\/30\/or-et-inflation\/"]}]},{"@type":"ImageObject","inLanguage":"fr-FR","@id":"https:\/\/www.gold.fr\/news\/2011\/06\/30\/or-et-inflation\/#primaryimage","url":"https:\/\/www.gold.fr\/news\/wp-content\/uploads\/2011\/07\/3.jpg","contentUrl":"https:\/\/www.gold.fr\/news\/wp-content\/uploads\/2011\/07\/3.jpg","width":"600","height":"350","caption":"Inqui\u00e9tude ou passion : Deux motivations pour un seul choix..."},{"@type":"BreadcrumbList","@id":"https:\/\/www.gold.fr\/news\/2011\/06\/30\/or-et-inflation\/#breadcrumb","itemListElement":[{"@type":"ListItem","position":1,"name":"Accueil","item":"https:\/\/www.gold.fr\/"},{"@type":"ListItem","position":2,"name":"Actualit\u00e9s","item":"https:\/\/www.gold.fr\/news\/"},{"@type":"ListItem","position":3,"name":"Or et Inflation"}]},{"@type":"WebSite","@id":"https:\/\/www.gold.fr\/news\/#website","url":"https:\/\/www.gold.fr\/news\/","name":"Gold.fr","description":"Actualit\u00e9s de l&#039;Or et des m\u00e9taux pr\u00e9cieux","potentialAction":[{"@type":"SearchAction","target":{"@type":"EntryPoint","urlTemplate":"https:\/\/www.gold.fr\/news\/?s={search_term_string}"},"query-input":{"@type":"PropertyValueSpecification","valueRequired":true,"valueName":"search_term_string"}}],"inLanguage":"fr-FR"},{"@type":"Person","@id":"https:\/\/www.gold.fr\/news\/#\/schema\/person\/4ed91d9a70d8f3a313c26e8308214fc2","name":"Laurent Schwartz","image":{"@type":"ImageObject","inLanguage":"fr-FR","@id":"https:\/\/secure.gravatar.com\/avatar\/1496f846049365121827f5470219486f1a95f83957cc8ca0a9595e40c185f5ee?s=96&d=mm&r=g76f0e87c9ba82a161860a0fc16990d85","url":"https:\/\/secure.gravatar.com\/avatar\/1496f846049365121827f5470219486f1a95f83957cc8ca0a9595e40c185f5ee?s=96&d=mm&r=g","contentUrl":"https:\/\/secure.gravatar.com\/avatar\/1496f846049365121827f5470219486f1a95f83957cc8ca0a9595e40c185f5ee?s=96&d=mm&r=g","caption":"Laurent Schwartz"},"description":"Dipl\u00f4m\u00e9 de l\u2019EDHEC Business School en 2005, Laurent SCHWARTZ int\u00e8gre le cabinet d\u2019audit ERNST &amp; YOUNG en 2005 o\u00f9 il travaille pendant 4 ans. Parall\u00e8lement, il travaille au sein de l\u2019entreprise familiale cr\u00e9\u00e9e en 1976 \u00e0 Strasbourg. Fort de cette exp\u00e9rience et du savoir-faire d\u00e9velopp\u00e9 durant ces 40 derni\u00e8res ann\u00e9es, Laurent proc\u00e8de \u00e0 la refonte du site Internet Gold.fr d\u00e9di\u00e9 \u00e0 l\u2019achat d'or, vente d\u2019or (pi\u00e8ces, lingots, ...), achat or et argent,... qui conna\u00eetra un franc succ\u00e8s d\u00e8s son d\u00e9marrage en 2008. Il d\u00e9cide alors de d\u00e9velopper un r\u00e9seau de concessions exclusives: Le Comptoir National de l\u2019Or. Il assure d\u00e9sormais le pilotage strat\u00e9gique du 1er r\u00e9seau de France qui compte aujourd\u2019hui pas loin de 60 agences r\u00e9parties dans toute la France et depuis peu en Allemagne (Breisach). Le Comptoir National de l\u2019Or se positionne aujourd\u2019hui comme le leader incontournable sur le march\u00e9 de l\u2019Or et des m\u00e9taux pr\u00e9cieux en France.","sameAs":["https:\/\/www.gold.fr","https:\/\/www.linkedin.com\/in\/acheteror\/"]}]}},"authors":[{"term_id":2567,"user_id":6,"is_guest":0,"slug":"laurent","display_name":"Laurent Schwartz","avatar_url":"https:\/\/secure.gravatar.com\/avatar\/1496f846049365121827f5470219486f1a95f83957cc8ca0a9595e40c185f5ee?s=96&d=mm&r=g","0":null,"1":"","2":"","3":"","4":"","5":"","6":"","7":"","8":""}],"_links":{"self":[{"href":"https:\/\/www.gold.fr\/news\/wp-json\/wp\/v2\/posts\/1775","targetHints":{"allow":["GET"]}}],"collection":[{"href":"https:\/\/www.gold.fr\/news\/wp-json\/wp\/v2\/posts"}],"about":[{"href":"https:\/\/www.gold.fr\/news\/wp-json\/wp\/v2\/types\/post"}],"author":[{"embeddable":true,"href":"https:\/\/www.gold.fr\/news\/wp-json\/wp\/v2\/users\/6"}],"replies":[{"embeddable":true,"href":"https:\/\/www.gold.fr\/news\/wp-json\/wp\/v2\/comments?post=1775"}],"version-history":[{"count":0,"href":"https:\/\/www.gold.fr\/news\/wp-json\/wp\/v2\/posts\/1775\/revisions"}],"wp:featuredmedia":[{"embeddable":true,"href":"https:\/\/www.gold.fr\/news\/wp-json\/wp\/v2\/media\/996"}],"wp:attachment":[{"href":"https:\/\/www.gold.fr\/news\/wp-json\/wp\/v2\/media?parent=1775"}],"wp:term":[{"taxonomy":"category","embeddable":true,"href":"https:\/\/www.gold.fr\/news\/wp-json\/wp\/v2\/categories?post=1775"},{"taxonomy":"post_tag","embeddable":true,"href":"https:\/\/www.gold.fr\/news\/wp-json\/wp\/v2\/tags?post=1775"},{"taxonomy":"author","embeddable":true,"href":"https:\/\/www.gold.fr\/news\/wp-json\/wp\/v2\/ppma_author?post=1775"}],"curies":[{"name":"wp","href":"https:\/\/api.w.org\/{rel}","templated":true}]}}