{"id":17723,"date":"2015-08-17T17:00:40","date_gmt":"2015-08-17T15:00:40","guid":{"rendered":"https:\/\/www.gold.fr\/news\/?p=17723"},"modified":"2017-11-29T17:57:40","modified_gmt":"2017-11-29T16:57:40","slug":"lor-francais-ou-est-il-cache","status":"publish","type":"post","link":"https:\/\/www.gold.fr\/news\/2015\/08\/17\/lor-francais-ou-est-il-cache\/","title":{"rendered":"L\u2019or fran\u00e7ais : o\u00f9 est-il cach\u00e9 ?"},"content":{"rendered":"<p><img loading=\"lazy\" decoding=\"async\" class=\"alignleft size-thumbnail wp-image-7536\" title=\"L\u2019or fran\u00e7ais : o\u00f9 est-il cach\u00e9 ?\" src=\"https:\/\/www.gold.fr\/news\/wp-content\/uploads\/2012\/05\/france-2011-200-euros-regio-150x150.jpg\" alt=\"\" width=\"150\" height=\"150\" \/><span style=\"font-size: small;\">Avec son stock de <strong>2 500 tonnes<\/strong> d&rsquo;<strong><a href='https:\/\/www.gold.fr\/news\/tags\/or' class='esk-seo-plu-link'>or<\/a><\/strong>, la <strong>France<\/strong> est aujourd&rsquo;hui la quatri\u00e8me d\u00e9tentrice de <a href='https:\/\/www.gold.fr\/news\/tags\/or' class='esk-seo-plu-link'>m\u00e9tal jaune<\/a>, juste devant la <strong>Chine<\/strong> et derri\u00e8re l&rsquo;<strong>Italie<\/strong>, l&rsquo;<strong>Allemagne<\/strong> et les <strong>\u00c9tats-Unis<\/strong>. Mais o\u00f9 se trouve cette r\u00e9serve astronomique ? Un r\u00e9cent reportage de nos confr\u00e8res du <strong>Figaro<\/strong> indique que le Pays des Droit de l&rsquo;Homme a soigneusement cach\u00e9 ses r\u00e9serves dor\u00e9es \u00e0 <strong>25 m\u00e8tres<\/strong> sous terre dans <strong>Paris<\/strong>.<\/span>    <span style=\"font-size: small;\">Il s&rsquo;agit d&rsquo;une caverne bien gard\u00e9e affichant une superficie de presque un hectare. Le tout est envelopp\u00e9 d&rsquo;un nappe phr\u00e9atique avec <strong>720<\/strong> colonnes de <strong>6<\/strong> m\u00e8tres de hauteur. C&rsquo;est donc dans cet endroit discret et \u00e0 l&rsquo;abri des regards que se trouvent les r\u00e9serves d&rsquo;<a href='https:\/\/www.gold.fr\/news\/tags\/or' class='esk-seo-plu-link'>or<\/a> fran\u00e7aises. Le moins que l&rsquo;on puisse dire, c&rsquo;est qu&rsquo;il est inviolable.<\/span>    <span style=\"font-size: small;\">Surnomm\u00e9e \u201c<em>La Souterraine<\/em>\u201d, cette caverne figure parmi les lieux le plus secrets et les mieux prot\u00e9g\u00e9s de <strong>France<\/strong>. \u201c<em>La porte d&rsquo;acc\u00e8s de La Souterraine est prot\u00e9g\u00e9e par une tourelle de b\u00e9ton de 2,30 m\u00e8tres de diam\u00e8tres et de six m\u00e8tres de haut, recouverte d&rsquo;acier blind\u00e9<\/em>\u201d, aux dires d&rsquo;un gardien.<\/span>    <span style=\"font-size: small;\">L&rsquo;\u00e9quipe qui travaille dans <strong>La Souterraine<\/strong> est constitu\u00e9e de moins de <strong>10<\/strong> personnes. Ces derni\u00e8res s&rsquo;occupent du d\u00e9<a href='https:\/\/www.gold.fr\/news\/tags\/investissement' class='esk-seo-plu-link'>placement<\/a> et du replacement des lingots d&rsquo;<a href='https:\/\/www.gold.fr\/news\/tags\/or' class='esk-seo-plu-link'>or<\/a>. Il y est interdit pour chaque employ\u00e9 de rester seul dans cette caverne d&rsquo;Ali Baba. Annuellement, la <strong>Banque de France<\/strong> r\u00e9alise elle-m\u00eame un contr\u00f4le des r\u00e9serves.<\/span>    <span style=\"font-size: small;\">L&rsquo;<a href='https:\/\/www.gold.fr\/news\/tags\/or' class='esk-seo-plu-link'>or<\/a> fran\u00e7ais est entre \u201c<em>de bonnes mains<\/em>\u201d. Les investisseurs peuvent donc garder l&rsquo;esprit tranquille.<\/span><\/p>\n<!-- AddThis Advanced Settings generic via filter on the_content --><!-- AddThis Share Buttons generic via filter on the_content -->","protected":false},"excerpt":{"rendered":"<p>Avec son stock de 2 500 tonnes d&rsquo;or, la France est aujourd&rsquo;hui la quatri\u00e8me d\u00e9tentrice de m\u00e9tal jaune, juste devant la Chine et derri\u00e8re l&rsquo;Italie, l&rsquo;Allemagne et les \u00c9tats-Unis. Mais o\u00f9 se trouve cette r\u00e9serve astronomique [&hellip;]<\/p>\n","protected":false},"author":18,"featured_media":7536,"comment_status":"open","ping_status":"open","sticky":false,"template":"","format":"standard","meta":{"_mbp_gutenberg_autopost":false,"_pgmb_is_evergreen":false,"_pgmb_ap_template_id":0,"footnotes":""},"categories":[6],"tags":[442,2091,2076,425],"ppma_author":[2565],"class_list":["post-17723","post","type-post","status-publish","format-standard","has-post-thumbnail","hentry","category-articles-de-presse","tag-france","tag-la-souterraine","tag-or-france","tag-reserves-dor"],"yoast_head":"<!-- This site is optimized with the Yoast SEO plugin v27.5 - https:\/\/yoast.com\/product\/yoast-seo-wordpress\/ -->\n<title>L\u2019or fran\u00e7ais : o\u00f9 est-il cach\u00e9 ? - Gold.fr<\/title>\n<meta name=\"robots\" content=\"index, follow, max-snippet:-1, max-image-preview:large, max-video-preview:-1\" \/>\n<link rel=\"canonical\" href=\"https:\/\/www.gold.fr\/news\/2015\/08\/17\/lor-francais-ou-est-il-cache\/\" \/>\n<meta property=\"og:locale\" content=\"fr_FR\" \/>\n<meta property=\"og:type\" content=\"article\" \/>\n<meta property=\"og:title\" content=\"L\u2019or fran\u00e7ais : o\u00f9 est-il cach\u00e9 ? - Gold.fr\" \/>\n<meta property=\"og:description\" content=\"Avec son stock de 2 500 tonnes d&rsquo;or, la France est aujourd&rsquo;hui la quatri\u00e8me d\u00e9tentrice de m\u00e9tal jaune, juste devant la Chine et derri\u00e8re l&rsquo;Italie, l&rsquo;Allemagne et les \u00c9tats-Unis. Mais o\u00f9 se trouve cette r\u00e9serve astronomique [&hellip;]\" \/>\n<meta property=\"og:url\" content=\"https:\/\/www.gold.fr\/news\/2015\/08\/17\/lor-francais-ou-est-il-cache\/\" \/>\n<meta property=\"og:site_name\" content=\"Gold.fr\" \/>\n<meta property=\"article:publisher\" content=\"https:\/\/www.facebook.com\/Goldfr\/\" \/>\n<meta property=\"article:published_time\" content=\"2015-08-17T15:00:40+00:00\" \/>\n<meta property=\"article:modified_time\" content=\"2017-11-29T16:57:40+00:00\" \/>\n<meta property=\"og:image\" content=\"https:\/\/www.gold.fr\/news\/wp-content\/uploads\/2012\/05\/france-2011-200-euros-regio.jpg\" \/>\n\t<meta property=\"og:image:width\" content=\"600\" \/>\n\t<meta property=\"og:image:height\" content=\"455\" \/>\n\t<meta property=\"og:image:type\" content=\"image\/jpeg\" \/>\n<meta name=\"author\" content=\"Comptoir National de l&#039;Or\" \/>\n<meta name=\"twitter:card\" content=\"summary_large_image\" \/>\n<meta name=\"twitter:label1\" content=\"\u00c9crit par\" \/>\n\t<meta name=\"twitter:data1\" content=\"Comptoir National de l&#039;Or\" \/>\n\t<meta name=\"twitter:label2\" content=\"Dur\u00e9e de lecture estim\u00e9e\" \/>\n\t<meta name=\"twitter:data2\" content=\"1 minute\" \/>\n<script type=\"application\/ld+json\" class=\"yoast-schema-graph\">{\"@context\":\"https:\\\/\\\/schema.org\",\"@graph\":[{\"@type\":\"Article\",\"@id\":\"https:\\\/\\\/www.gold.fr\\\/news\\\/2015\\\/08\\\/17\\\/lor-francais-ou-est-il-cache\\\/#article\",\"isPartOf\":{\"@id\":\"https:\\\/\\\/www.gold.fr\\\/news\\\/2015\\\/08\\\/17\\\/lor-francais-ou-est-il-cache\\\/\"},\"author\":{\"name\":\"Comptoir National de l'Or\",\"@id\":\"https:\\\/\\\/www.gold.fr\\\/news\\\/#\\\/schema\\\/person\\\/070491b4b4fb7671bf59b3be20302ce9\"},\"headline\":\"L\u2019or fran\u00e7ais : o\u00f9 est-il cach\u00e9 ?\",\"datePublished\":\"2015-08-17T15:00:40+00:00\",\"dateModified\":\"2017-11-29T16:57:40+00:00\",\"mainEntityOfPage\":{\"@id\":\"https:\\\/\\\/www.gold.fr\\\/news\\\/2015\\\/08\\\/17\\\/lor-francais-ou-est-il-cache\\\/\"},\"wordCount\":288,\"commentCount\":0,\"image\":{\"@id\":\"https:\\\/\\\/www.gold.fr\\\/news\\\/2015\\\/08\\\/17\\\/lor-francais-ou-est-il-cache\\\/#primaryimage\"},\"thumbnailUrl\":\"https:\\\/\\\/www.gold.fr\\\/news\\\/wp-content\\\/uploads\\\/2012\\\/05\\\/france-2011-200-euros-regio.jpg\",\"keywords\":[\"france\",\"la souterraine\",\"or france\",\"r\u00e9serves d'Or\"],\"articleSection\":[\"Articles de presse\"],\"inLanguage\":\"fr-FR\"},{\"@type\":\"WebPage\",\"@id\":\"https:\\\/\\\/www.gold.fr\\\/news\\\/2015\\\/08\\\/17\\\/lor-francais-ou-est-il-cache\\\/\",\"url\":\"https:\\\/\\\/www.gold.fr\\\/news\\\/2015\\\/08\\\/17\\\/lor-francais-ou-est-il-cache\\\/\",\"name\":\"L\u2019or fran\u00e7ais : o\u00f9 est-il cach\u00e9 ? - Gold.fr\",\"isPartOf\":{\"@id\":\"https:\\\/\\\/www.gold.fr\\\/news\\\/#website\"},\"primaryImageOfPage\":{\"@id\":\"https:\\\/\\\/www.gold.fr\\\/news\\\/2015\\\/08\\\/17\\\/lor-francais-ou-est-il-cache\\\/#primaryimage\"},\"image\":{\"@id\":\"https:\\\/\\\/www.gold.fr\\\/news\\\/2015\\\/08\\\/17\\\/lor-francais-ou-est-il-cache\\\/#primaryimage\"},\"thumbnailUrl\":\"https:\\\/\\\/www.gold.fr\\\/news\\\/wp-content\\\/uploads\\\/2012\\\/05\\\/france-2011-200-euros-regio.jpg\",\"datePublished\":\"2015-08-17T15:00:40+00:00\",\"dateModified\":\"2017-11-29T16:57:40+00:00\",\"author\":{\"@id\":\"https:\\\/\\\/www.gold.fr\\\/news\\\/#\\\/schema\\\/person\\\/070491b4b4fb7671bf59b3be20302ce9\"},\"breadcrumb\":{\"@id\":\"https:\\\/\\\/www.gold.fr\\\/news\\\/2015\\\/08\\\/17\\\/lor-francais-ou-est-il-cache\\\/#breadcrumb\"},\"inLanguage\":\"fr-FR\",\"potentialAction\":[{\"@type\":\"ReadAction\",\"target\":[\"https:\\\/\\\/www.gold.fr\\\/news\\\/2015\\\/08\\\/17\\\/lor-francais-ou-est-il-cache\\\/\"]}]},{\"@type\":\"ImageObject\",\"inLanguage\":\"fr-FR\",\"@id\":\"https:\\\/\\\/www.gold.fr\\\/news\\\/2015\\\/08\\\/17\\\/lor-francais-ou-est-il-cache\\\/#primaryimage\",\"url\":\"https:\\\/\\\/www.gold.fr\\\/news\\\/wp-content\\\/uploads\\\/2012\\\/05\\\/france-2011-200-euros-regio.jpg\",\"contentUrl\":\"https:\\\/\\\/www.gold.fr\\\/news\\\/wp-content\\\/uploads\\\/2012\\\/05\\\/france-2011-200-euros-regio.jpg\",\"width\":\"600\",\"height\":\"455\",\"caption\":\"L\u2019or fran\u00e7ais : o\u00f9 est-il cach\u00e9 ?\"},{\"@type\":\"BreadcrumbList\",\"@id\":\"https:\\\/\\\/www.gold.fr\\\/news\\\/2015\\\/08\\\/17\\\/lor-francais-ou-est-il-cache\\\/#breadcrumb\",\"itemListElement\":[{\"@type\":\"ListItem\",\"position\":1,\"name\":\"Accueil\",\"item\":\"https:\\\/\\\/www.gold.fr\\\/\"},{\"@type\":\"ListItem\",\"position\":2,\"name\":\"Actualit\u00e9s\",\"item\":\"https:\\\/\\\/www.gold.fr\\\/news\\\/\"},{\"@type\":\"ListItem\",\"position\":3,\"name\":\"L\u2019or fran\u00e7ais : o\u00f9 est-il cach\u00e9 ?\"}]},{\"@type\":\"WebSite\",\"@id\":\"https:\\\/\\\/www.gold.fr\\\/news\\\/#website\",\"url\":\"https:\\\/\\\/www.gold.fr\\\/news\\\/\",\"name\":\"Gold.fr\",\"description\":\"Actualit\u00e9s de l&#039;Or et des m\u00e9taux pr\u00e9cieux\",\"potentialAction\":[{\"@type\":\"SearchAction\",\"target\":{\"@type\":\"EntryPoint\",\"urlTemplate\":\"https:\\\/\\\/www.gold.fr\\\/news\\\/?s={search_term_string}\"},\"query-input\":{\"@type\":\"PropertyValueSpecification\",\"valueRequired\":true,\"valueName\":\"search_term_string\"}}],\"inLanguage\":\"fr-FR\"},{\"@type\":\"Person\",\"@id\":\"https:\\\/\\\/www.gold.fr\\\/news\\\/#\\\/schema\\\/person\\\/070491b4b4fb7671bf59b3be20302ce9\",\"name\":\"Comptoir National de l'Or\",\"image\":{\"@type\":\"ImageObject\",\"inLanguage\":\"fr-FR\",\"@id\":\"https:\\\/\\\/secure.gravatar.com\\\/avatar\\\/0a2867fd5abe37bed95d5a65e9d58f01756e11efc68af9888dfc50cfa7f65948?s=96&d=mm&r=gb490554db0a38188709de567aa58480d\",\"url\":\"https:\\\/\\\/secure.gravatar.com\\\/avatar\\\/0a2867fd5abe37bed95d5a65e9d58f01756e11efc68af9888dfc50cfa7f65948?s=96&d=mm&r=g\",\"contentUrl\":\"https:\\\/\\\/secure.gravatar.com\\\/avatar\\\/0a2867fd5abe37bed95d5a65e9d58f01756e11efc68af9888dfc50cfa7f65948?s=96&d=mm&r=g\",\"caption\":\"Comptoir National de l'Or\"},\"description\":\"Notre r\u00e9daction est constitu\u00e9e de membres experts dans les m\u00e9tiers de l'\u00e9conomie et la gestion, des Responsables d'agence Comptoir National de l'Or, des analystes financiers qui publient r\u00e9guli\u00e8rement des \u00e9tudes sur les politiques des banques centrales, le cours de l'or, prix de l'or, cours de l'argent, prix de l'argent, cours du platine, cours du palladium,... la situation en zone euro et l'impact de la strat\u00e9gie mon\u00e9taire de la FED. Notre \u00e9quipe scrute \u00e9galement une information plus g\u00e9n\u00e9raliste \u00e0 la recherche d'actualit\u00e9 \\\"p\u00e9pite\\\" \u00e0 vous partager. Depuis 5 ans, nous avons publi\u00e9 un peu plus de 4000 articles qui s'adressent \u00e0 un public large et vari\u00e9 ayant pour objectif de satisfaire votre curiosit\u00e9 et de partager avec vous une certaine fascination pour le m\u00e9tal jaune, le rachat d'or, et pour ceux qui veulent investir dans l'or, vendre leur or tout simplement en savoir plus... Pour tous vos achat or et argent, n'h\u00e9sitez pas \u00e0 prendre rendez-vous dans l'un de nos nombreux comptoirs.\",\"sameAs\":[\"https:\\\/\\\/www.gold.fr\"]}]}<\/script>\n<!-- \/ Yoast SEO plugin. -->","yoast_head_json":{"title":"L\u2019or fran\u00e7ais : o\u00f9 est-il cach\u00e9 ? - Gold.fr","robots":{"index":"index","follow":"follow","max-snippet":"max-snippet:-1","max-image-preview":"max-image-preview:large","max-video-preview":"max-video-preview:-1"},"canonical":"https:\/\/www.gold.fr\/news\/2015\/08\/17\/lor-francais-ou-est-il-cache\/","og_locale":"fr_FR","og_type":"article","og_title":"L\u2019or fran\u00e7ais : o\u00f9 est-il cach\u00e9 ? - Gold.fr","og_description":"Avec son stock de 2 500 tonnes d&rsquo;or, la France est aujourd&rsquo;hui la quatri\u00e8me d\u00e9tentrice de m\u00e9tal jaune, juste devant la Chine et derri\u00e8re l&rsquo;Italie, l&rsquo;Allemagne et les \u00c9tats-Unis. Mais o\u00f9 se trouve cette r\u00e9serve astronomique [&hellip;]","og_url":"https:\/\/www.gold.fr\/news\/2015\/08\/17\/lor-francais-ou-est-il-cache\/","og_site_name":"Gold.fr","article_publisher":"https:\/\/www.facebook.com\/Goldfr\/","article_published_time":"2015-08-17T15:00:40+00:00","article_modified_time":"2017-11-29T16:57:40+00:00","og_image":[{"width":600,"height":455,"url":"https:\/\/www.gold.fr\/news\/wp-content\/uploads\/2012\/05\/france-2011-200-euros-regio.jpg","type":"image\/jpeg"}],"author":"Comptoir National de l'Or","twitter_card":"summary_large_image","twitter_misc":{"\u00c9crit par":"Comptoir National de l'Or","Dur\u00e9e de lecture estim\u00e9e":"1 minute"},"schema":{"@context":"https:\/\/schema.org","@graph":[{"@type":"Article","@id":"https:\/\/www.gold.fr\/news\/2015\/08\/17\/lor-francais-ou-est-il-cache\/#article","isPartOf":{"@id":"https:\/\/www.gold.fr\/news\/2015\/08\/17\/lor-francais-ou-est-il-cache\/"},"author":{"name":"Comptoir National de l'Or","@id":"https:\/\/www.gold.fr\/news\/#\/schema\/person\/070491b4b4fb7671bf59b3be20302ce9"},"headline":"L\u2019or fran\u00e7ais : o\u00f9 est-il cach\u00e9 ?","datePublished":"2015-08-17T15:00:40+00:00","dateModified":"2017-11-29T16:57:40+00:00","mainEntityOfPage":{"@id":"https:\/\/www.gold.fr\/news\/2015\/08\/17\/lor-francais-ou-est-il-cache\/"},"wordCount":288,"commentCount":0,"image":{"@id":"https:\/\/www.gold.fr\/news\/2015\/08\/17\/lor-francais-ou-est-il-cache\/#primaryimage"},"thumbnailUrl":"https:\/\/www.gold.fr\/news\/wp-content\/uploads\/2012\/05\/france-2011-200-euros-regio.jpg","keywords":["france","la souterraine","or france","r\u00e9serves d'Or"],"articleSection":["Articles de presse"],"inLanguage":"fr-FR"},{"@type":"WebPage","@id":"https:\/\/www.gold.fr\/news\/2015\/08\/17\/lor-francais-ou-est-il-cache\/","url":"https:\/\/www.gold.fr\/news\/2015\/08\/17\/lor-francais-ou-est-il-cache\/","name":"L\u2019or fran\u00e7ais : o\u00f9 est-il cach\u00e9 ? - Gold.fr","isPartOf":{"@id":"https:\/\/www.gold.fr\/news\/#website"},"primaryImageOfPage":{"@id":"https:\/\/www.gold.fr\/news\/2015\/08\/17\/lor-francais-ou-est-il-cache\/#primaryimage"},"image":{"@id":"https:\/\/www.gold.fr\/news\/2015\/08\/17\/lor-francais-ou-est-il-cache\/#primaryimage"},"thumbnailUrl":"https:\/\/www.gold.fr\/news\/wp-content\/uploads\/2012\/05\/france-2011-200-euros-regio.jpg","datePublished":"2015-08-17T15:00:40+00:00","dateModified":"2017-11-29T16:57:40+00:00","author":{"@id":"https:\/\/www.gold.fr\/news\/#\/schema\/person\/070491b4b4fb7671bf59b3be20302ce9"},"breadcrumb":{"@id":"https:\/\/www.gold.fr\/news\/2015\/08\/17\/lor-francais-ou-est-il-cache\/#breadcrumb"},"inLanguage":"fr-FR","potentialAction":[{"@type":"ReadAction","target":["https:\/\/www.gold.fr\/news\/2015\/08\/17\/lor-francais-ou-est-il-cache\/"]}]},{"@type":"ImageObject","inLanguage":"fr-FR","@id":"https:\/\/www.gold.fr\/news\/2015\/08\/17\/lor-francais-ou-est-il-cache\/#primaryimage","url":"https:\/\/www.gold.fr\/news\/wp-content\/uploads\/2012\/05\/france-2011-200-euros-regio.jpg","contentUrl":"https:\/\/www.gold.fr\/news\/wp-content\/uploads\/2012\/05\/france-2011-200-euros-regio.jpg","width":"600","height":"455","caption":"L\u2019or fran\u00e7ais : o\u00f9 est-il cach\u00e9 ?"},{"@type":"BreadcrumbList","@id":"https:\/\/www.gold.fr\/news\/2015\/08\/17\/lor-francais-ou-est-il-cache\/#breadcrumb","itemListElement":[{"@type":"ListItem","position":1,"name":"Accueil","item":"https:\/\/www.gold.fr\/"},{"@type":"ListItem","position":2,"name":"Actualit\u00e9s","item":"https:\/\/www.gold.fr\/news\/"},{"@type":"ListItem","position":3,"name":"L\u2019or fran\u00e7ais : o\u00f9 est-il cach\u00e9 ?"}]},{"@type":"WebSite","@id":"https:\/\/www.gold.fr\/news\/#website","url":"https:\/\/www.gold.fr\/news\/","name":"Gold.fr","description":"Actualit\u00e9s de l&#039;Or et des m\u00e9taux pr\u00e9cieux","potentialAction":[{"@type":"SearchAction","target":{"@type":"EntryPoint","urlTemplate":"https:\/\/www.gold.fr\/news\/?s={search_term_string}"},"query-input":{"@type":"PropertyValueSpecification","valueRequired":true,"valueName":"search_term_string"}}],"inLanguage":"fr-FR"},{"@type":"Person","@id":"https:\/\/www.gold.fr\/news\/#\/schema\/person\/070491b4b4fb7671bf59b3be20302ce9","name":"Comptoir National de l'Or","image":{"@type":"ImageObject","inLanguage":"fr-FR","@id":"https:\/\/secure.gravatar.com\/avatar\/0a2867fd5abe37bed95d5a65e9d58f01756e11efc68af9888dfc50cfa7f65948?s=96&d=mm&r=gb490554db0a38188709de567aa58480d","url":"https:\/\/secure.gravatar.com\/avatar\/0a2867fd5abe37bed95d5a65e9d58f01756e11efc68af9888dfc50cfa7f65948?s=96&d=mm&r=g","contentUrl":"https:\/\/secure.gravatar.com\/avatar\/0a2867fd5abe37bed95d5a65e9d58f01756e11efc68af9888dfc50cfa7f65948?s=96&d=mm&r=g","caption":"Comptoir National de l'Or"},"description":"Notre r\u00e9daction est constitu\u00e9e de membres experts dans les m\u00e9tiers de l'\u00e9conomie et la gestion, des Responsables d'agence Comptoir National de l'Or, des analystes financiers qui publient r\u00e9guli\u00e8rement des \u00e9tudes sur les politiques des banques centrales, le cours de l'or, prix de l'or, cours de l'argent, prix de l'argent, cours du platine, cours du palladium,... la situation en zone euro et l'impact de la strat\u00e9gie mon\u00e9taire de la FED. Notre \u00e9quipe scrute \u00e9galement une information plus g\u00e9n\u00e9raliste \u00e0 la recherche d'actualit\u00e9 \"p\u00e9pite\" \u00e0 vous partager. Depuis 5 ans, nous avons publi\u00e9 un peu plus de 4000 articles qui s'adressent \u00e0 un public large et vari\u00e9 ayant pour objectif de satisfaire votre curiosit\u00e9 et de partager avec vous une certaine fascination pour le m\u00e9tal jaune, le rachat d'or, et pour ceux qui veulent investir dans l'or, vendre leur or tout simplement en savoir plus... Pour tous vos achat or et argent, n'h\u00e9sitez pas \u00e0 prendre rendez-vous dans l'un de nos nombreux comptoirs.","sameAs":["https:\/\/www.gold.fr"]}]}},"authors":[{"term_id":2565,"user_id":18,"is_guest":0,"slug":"julie","display_name":"Comptoir National de l'Or","avatar_url":"https:\/\/secure.gravatar.com\/avatar\/713f289e398d35ead876c4a4cc08607f0d6d266058cfc25683fffb6092d0e572?s=96&d=mm&r=g","0":null,"1":"","2":"","3":"","4":"","5":"","6":"","7":"","8":""}],"_links":{"self":[{"href":"https:\/\/www.gold.fr\/news\/wp-json\/wp\/v2\/posts\/17723","targetHints":{"allow":["GET"]}}],"collection":[{"href":"https:\/\/www.gold.fr\/news\/wp-json\/wp\/v2\/posts"}],"about":[{"href":"https:\/\/www.gold.fr\/news\/wp-json\/wp\/v2\/types\/post"}],"author":[{"embeddable":true,"href":"https:\/\/www.gold.fr\/news\/wp-json\/wp\/v2\/users\/18"}],"replies":[{"embeddable":true,"href":"https:\/\/www.gold.fr\/news\/wp-json\/wp\/v2\/comments?post=17723"}],"version-history":[{"count":0,"href":"https:\/\/www.gold.fr\/news\/wp-json\/wp\/v2\/posts\/17723\/revisions"}],"wp:featuredmedia":[{"embeddable":true,"href":"https:\/\/www.gold.fr\/news\/wp-json\/wp\/v2\/media\/7536"}],"wp:attachment":[{"href":"https:\/\/www.gold.fr\/news\/wp-json\/wp\/v2\/media?parent=17723"}],"wp:term":[{"taxonomy":"category","embeddable":true,"href":"https:\/\/www.gold.fr\/news\/wp-json\/wp\/v2\/categories?post=17723"},{"taxonomy":"post_tag","embeddable":true,"href":"https:\/\/www.gold.fr\/news\/wp-json\/wp\/v2\/tags?post=17723"},{"taxonomy":"author","embeddable":true,"href":"https:\/\/www.gold.fr\/news\/wp-json\/wp\/v2\/ppma_author?post=17723"}],"curies":[{"name":"wp","href":"https:\/\/api.w.org\/{rel}","templated":true}]}}