{"id":17623,"date":"2015-08-03T09:00:19","date_gmt":"2015-08-03T07:00:19","guid":{"rendered":"https:\/\/www.gold.fr\/news\/?p=17623"},"modified":"2017-11-29T17:58:20","modified_gmt":"2017-11-29T16:58:20","slug":"la-fed-pese-sur-le-marche-de-lor","status":"publish","type":"post","link":"https:\/\/www.gold.fr\/news\/2015\/08\/03\/la-fed-pese-sur-le-marche-de-lor\/","title":{"rendered":"La FED p\u00e8se sur le march\u00e9 de l\u2019or"},"content":{"rendered":"<p><img loading=\"lazy\" decoding=\"async\" class=\"alignleft size-thumbnail wp-image-14237\" title=\"La FED p\u00e8se sur le march\u00e9 de l\u2019or\" src=\"https:\/\/www.gold.fr\/news\/wp-content\/uploads\/2014\/03\/image21-150x150.jpg\" alt=\"\" width=\"150\" height=\"150\" \/><span style=\"font-size: small;\">La derni\u00e8re r\u00e9union du <strong>FOMC<\/strong> (comit\u00e9 de direction mon\u00e9taire de la r\u00e9serve f\u00e9d\u00e9rale am\u00e9ricaine) n&rsquo;avait pas donn\u00e9 lieu \u00e0 une annonce significative, ouvrant ainsi la porte \u00e0 toutes sortes de sp\u00e9culations, concernant un tr\u00e8s probable rel\u00e8vement des taux d&rsquo;int\u00e9r\u00eat directeurs de l&rsquo;institution \u00e0 la fin du mois de <strong>septembre<\/strong>. Cette perspective \u00e0 court terme continue donc \u00e0 peser consid\u00e9rablement sur le <a title=\"Prix de l'Or\" href=\"https:\/\/www.gold.fr\/cours-or-prix-de-l-or\/\" target=\"_blank\">cours<\/a> de l&rsquo;<a href='https:\/\/www.gold.fr\/news\/tags\/or' class='esk-seo-plu-link'>or<\/a>, dans la mesure o\u00f9 elle viendra confirmer un renforcement de la reprise \u00e9conomique am\u00e9ricaine, et, dans la foul\u00e9e, du billet vert (auquel sont index\u00e9s les prix du march\u00e9 aurif\u00e8re).<\/span>    <span style=\"font-size: small;\">Les analystes de <strong>Barclays Bourse<\/strong> commentent le communiqu\u00e9 du <strong>FOMC<\/strong> en d\u00e9clarant que, \u00ab <em>en soulignant la poursuite de l&rsquo;am\u00e9lioration de la conjoncture et du march\u00e9 du travail, la r\u00e9serve f\u00e9d\u00e9rale am\u00e9ricaine a une nouvelle fois laiss\u00e9 la porte ouverte \u00e0 un premier durcissement mon\u00e9taire depuis pr\u00e8s de 10 ans d&rsquo;ici la fin 2015<\/em> \u00bb. Ils sont rejoints dans leurs pr\u00e9visions par leurs homologues de la <strong>Soci\u00e9t\u00e9 G\u00e9n\u00e9rale<\/strong> qui jugent ce r\u00e9cent meeting du <strong>FOMC<\/strong> \u00ab <em>l\u00e9g\u00e8rement plus faucon que le pr\u00e9c\u00e9dent<\/em> \u00bb, et en concluent \u00ab <em>que le premier rel\u00e8vement des taux courts approche<\/em> \u00bb. Rappelons d&rsquo;ailleurs que le comit\u00e9 de direction mon\u00e9taire de la <strong>FED<\/strong> tiendra sa prochaine r\u00e9union traditionnelle les <strong>16<\/strong> et <strong>17<\/strong> <strong>septembre<\/strong>.<\/span>    <span style=\"font-size: small;\">La nature et le volume de ce rel\u00e8vement suscitent \u00e9galement leur propre lot de sp\u00e9culations. Bon nombre d&rsquo;experts (\u00e0 l&rsquo;image de ceux de <strong>Commerzbank<\/strong>) estiment que \u00ab <em>les contrats \u00e0 terme sur les Fed Funds signalent toujours une probabilit\u00e9 d&rsquo;environ 40% de voir les taux courts remonter en septembre<\/em> \u00bb. Cette pr\u00e9vision serait selon eux, entre temps, largement renforc\u00e9e par une hausse du <strong>PIB<\/strong> am\u00e9ricain.<\/span><\/p>\n<!-- AddThis Advanced Settings generic via filter on the_content --><!-- AddThis Share Buttons generic via filter on the_content -->","protected":false},"excerpt":{"rendered":"<p>La derni\u00e8re r\u00e9union du FOMC (comit\u00e9 de direction mon\u00e9taire de la r\u00e9serve f\u00e9d\u00e9rale am\u00e9ricaine) n&rsquo;avait pas donn\u00e9 lieu \u00e0 une annonce significative, ouvrant ainsi la porte \u00e0 toutes sortes de sp\u00e9culations, concernant un tr\u00e8s probable rel\u00e8vement [&hellip;]<\/p>\n","protected":false},"author":18,"featured_media":14237,"comment_status":"open","ping_status":"open","sticky":false,"template":"","format":"standard","meta":{"_mbp_gutenberg_autopost":false,"_pgmb_is_evergreen":false,"_pgmb_ap_template_id":0,"footnotes":""},"categories":[6],"tags":[144,1034,95,84],"ppma_author":[2565],"class_list":["post-17623","post","type-post","status-publish","format-standard","has-post-thumbnail","hentry","category-articles-de-presse","tag-fed","tag-fomc","tag-marche-de-lor","tag-cours-de-lor"],"yoast_head":"<!-- This site is optimized with the Yoast SEO plugin v27.5 - https:\/\/yoast.com\/product\/yoast-seo-wordpress\/ -->\n<title>La FED p\u00e8se sur le march\u00e9 de l\u2019or - Gold.fr<\/title>\n<meta name=\"robots\" content=\"index, follow, max-snippet:-1, max-image-preview:large, max-video-preview:-1\" \/>\n<link rel=\"canonical\" href=\"https:\/\/www.gold.fr\/news\/2015\/08\/03\/la-fed-pese-sur-le-marche-de-lor\/\" \/>\n<meta property=\"og:locale\" content=\"fr_FR\" \/>\n<meta property=\"og:type\" content=\"article\" \/>\n<meta property=\"og:title\" content=\"La FED p\u00e8se sur le march\u00e9 de l\u2019or - Gold.fr\" \/>\n<meta property=\"og:description\" content=\"La derni\u00e8re r\u00e9union du FOMC (comit\u00e9 de direction mon\u00e9taire de la r\u00e9serve f\u00e9d\u00e9rale am\u00e9ricaine) n&rsquo;avait pas donn\u00e9 lieu \u00e0 une annonce significative, ouvrant ainsi la porte \u00e0 toutes sortes de sp\u00e9culations, concernant un tr\u00e8s probable rel\u00e8vement [&hellip;]\" \/>\n<meta property=\"og:url\" content=\"https:\/\/www.gold.fr\/news\/2015\/08\/03\/la-fed-pese-sur-le-marche-de-lor\/\" \/>\n<meta property=\"og:site_name\" content=\"Gold.fr\" \/>\n<meta property=\"article:publisher\" content=\"https:\/\/www.facebook.com\/Goldfr\/\" \/>\n<meta property=\"article:published_time\" content=\"2015-08-03T07:00:19+00:00\" \/>\n<meta property=\"article:modified_time\" content=\"2017-11-29T16:58:20+00:00\" \/>\n<meta property=\"og:image\" content=\"https:\/\/www.gold.fr\/news\/wp-content\/uploads\/2014\/03\/image21.jpeg\" \/>\n\t<meta property=\"og:image:width\" content=\"614\" \/>\n\t<meta property=\"og:image:height\" content=\"669\" \/>\n\t<meta property=\"og:image:type\" content=\"image\/jpeg\" \/>\n<meta name=\"author\" content=\"Comptoir National de l&#039;Or\" \/>\n<meta name=\"twitter:card\" content=\"summary_large_image\" \/>\n<meta name=\"twitter:label1\" content=\"\u00c9crit par\" \/>\n\t<meta name=\"twitter:data1\" content=\"Comptoir National de l&#039;Or\" \/>\n\t<meta name=\"twitter:label2\" content=\"Dur\u00e9e de lecture estim\u00e9e\" \/>\n\t<meta name=\"twitter:data2\" content=\"1 minute\" \/>\n<script type=\"application\/ld+json\" class=\"yoast-schema-graph\">{\"@context\":\"https:\\\/\\\/schema.org\",\"@graph\":[{\"@type\":\"Article\",\"@id\":\"https:\\\/\\\/www.gold.fr\\\/news\\\/2015\\\/08\\\/03\\\/la-fed-pese-sur-le-marche-de-lor\\\/#article\",\"isPartOf\":{\"@id\":\"https:\\\/\\\/www.gold.fr\\\/news\\\/2015\\\/08\\\/03\\\/la-fed-pese-sur-le-marche-de-lor\\\/\"},\"author\":{\"name\":\"Comptoir National de l'Or\",\"@id\":\"https:\\\/\\\/www.gold.fr\\\/news\\\/#\\\/schema\\\/person\\\/070491b4b4fb7671bf59b3be20302ce9\"},\"headline\":\"La FED p\u00e8se sur le march\u00e9 de l\u2019or\",\"datePublished\":\"2015-08-03T07:00:19+00:00\",\"dateModified\":\"2017-11-29T16:58:20+00:00\",\"mainEntityOfPage\":{\"@id\":\"https:\\\/\\\/www.gold.fr\\\/news\\\/2015\\\/08\\\/03\\\/la-fed-pese-sur-le-marche-de-lor\\\/\"},\"wordCount\":316,\"commentCount\":0,\"image\":{\"@id\":\"https:\\\/\\\/www.gold.fr\\\/news\\\/2015\\\/08\\\/03\\\/la-fed-pese-sur-le-marche-de-lor\\\/#primaryimage\"},\"thumbnailUrl\":\"https:\\\/\\\/www.gold.fr\\\/news\\\/wp-content\\\/uploads\\\/2014\\\/03\\\/image21.jpeg\",\"keywords\":[\"fed\",\"FOMC\",\"march\u00e9 de l'or\",\"Tout Cours de l'Or\"],\"articleSection\":[\"Articles de presse\"],\"inLanguage\":\"fr-FR\"},{\"@type\":\"WebPage\",\"@id\":\"https:\\\/\\\/www.gold.fr\\\/news\\\/2015\\\/08\\\/03\\\/la-fed-pese-sur-le-marche-de-lor\\\/\",\"url\":\"https:\\\/\\\/www.gold.fr\\\/news\\\/2015\\\/08\\\/03\\\/la-fed-pese-sur-le-marche-de-lor\\\/\",\"name\":\"La FED p\u00e8se sur le march\u00e9 de l\u2019or - Gold.fr\",\"isPartOf\":{\"@id\":\"https:\\\/\\\/www.gold.fr\\\/news\\\/#website\"},\"primaryImageOfPage\":{\"@id\":\"https:\\\/\\\/www.gold.fr\\\/news\\\/2015\\\/08\\\/03\\\/la-fed-pese-sur-le-marche-de-lor\\\/#primaryimage\"},\"image\":{\"@id\":\"https:\\\/\\\/www.gold.fr\\\/news\\\/2015\\\/08\\\/03\\\/la-fed-pese-sur-le-marche-de-lor\\\/#primaryimage\"},\"thumbnailUrl\":\"https:\\\/\\\/www.gold.fr\\\/news\\\/wp-content\\\/uploads\\\/2014\\\/03\\\/image21.jpeg\",\"datePublished\":\"2015-08-03T07:00:19+00:00\",\"dateModified\":\"2017-11-29T16:58:20+00:00\",\"author\":{\"@id\":\"https:\\\/\\\/www.gold.fr\\\/news\\\/#\\\/schema\\\/person\\\/070491b4b4fb7671bf59b3be20302ce9\"},\"breadcrumb\":{\"@id\":\"https:\\\/\\\/www.gold.fr\\\/news\\\/2015\\\/08\\\/03\\\/la-fed-pese-sur-le-marche-de-lor\\\/#breadcrumb\"},\"inLanguage\":\"fr-FR\",\"potentialAction\":[{\"@type\":\"ReadAction\",\"target\":[\"https:\\\/\\\/www.gold.fr\\\/news\\\/2015\\\/08\\\/03\\\/la-fed-pese-sur-le-marche-de-lor\\\/\"]}]},{\"@type\":\"ImageObject\",\"inLanguage\":\"fr-FR\",\"@id\":\"https:\\\/\\\/www.gold.fr\\\/news\\\/2015\\\/08\\\/03\\\/la-fed-pese-sur-le-marche-de-lor\\\/#primaryimage\",\"url\":\"https:\\\/\\\/www.gold.fr\\\/news\\\/wp-content\\\/uploads\\\/2014\\\/03\\\/image21.jpeg\",\"contentUrl\":\"https:\\\/\\\/www.gold.fr\\\/news\\\/wp-content\\\/uploads\\\/2014\\\/03\\\/image21.jpeg\",\"width\":\"614\",\"height\":\"669\",\"caption\":\"L\u2019once en \u00e9quilibre face \u00e0 l\u2019envol\u00e9e des indices boursiers\"},{\"@type\":\"BreadcrumbList\",\"@id\":\"https:\\\/\\\/www.gold.fr\\\/news\\\/2015\\\/08\\\/03\\\/la-fed-pese-sur-le-marche-de-lor\\\/#breadcrumb\",\"itemListElement\":[{\"@type\":\"ListItem\",\"position\":1,\"name\":\"Accueil\",\"item\":\"https:\\\/\\\/www.gold.fr\\\/\"},{\"@type\":\"ListItem\",\"position\":2,\"name\":\"Actualit\u00e9s\",\"item\":\"https:\\\/\\\/www.gold.fr\\\/news\\\/\"},{\"@type\":\"ListItem\",\"position\":3,\"name\":\"La FED p\u00e8se sur le march\u00e9 de l\u2019or\"}]},{\"@type\":\"WebSite\",\"@id\":\"https:\\\/\\\/www.gold.fr\\\/news\\\/#website\",\"url\":\"https:\\\/\\\/www.gold.fr\\\/news\\\/\",\"name\":\"Gold.fr\",\"description\":\"Actualit\u00e9s de l&#039;Or et des m\u00e9taux pr\u00e9cieux\",\"potentialAction\":[{\"@type\":\"SearchAction\",\"target\":{\"@type\":\"EntryPoint\",\"urlTemplate\":\"https:\\\/\\\/www.gold.fr\\\/news\\\/?s={search_term_string}\"},\"query-input\":{\"@type\":\"PropertyValueSpecification\",\"valueRequired\":true,\"valueName\":\"search_term_string\"}}],\"inLanguage\":\"fr-FR\"},{\"@type\":\"Person\",\"@id\":\"https:\\\/\\\/www.gold.fr\\\/news\\\/#\\\/schema\\\/person\\\/070491b4b4fb7671bf59b3be20302ce9\",\"name\":\"Comptoir National de l'Or\",\"image\":{\"@type\":\"ImageObject\",\"inLanguage\":\"fr-FR\",\"@id\":\"https:\\\/\\\/secure.gravatar.com\\\/avatar\\\/0a2867fd5abe37bed95d5a65e9d58f01756e11efc68af9888dfc50cfa7f65948?s=96&d=mm&r=gb490554db0a38188709de567aa58480d\",\"url\":\"https:\\\/\\\/secure.gravatar.com\\\/avatar\\\/0a2867fd5abe37bed95d5a65e9d58f01756e11efc68af9888dfc50cfa7f65948?s=96&d=mm&r=g\",\"contentUrl\":\"https:\\\/\\\/secure.gravatar.com\\\/avatar\\\/0a2867fd5abe37bed95d5a65e9d58f01756e11efc68af9888dfc50cfa7f65948?s=96&d=mm&r=g\",\"caption\":\"Comptoir National de l'Or\"},\"description\":\"Notre r\u00e9daction est constitu\u00e9e de membres experts dans les m\u00e9tiers de l'\u00e9conomie et la gestion, des Responsables d'agence Comptoir National de l'Or, des analystes financiers qui publient r\u00e9guli\u00e8rement des \u00e9tudes sur les politiques des banques centrales, le cours de l'or, prix de l'or, cours de l'argent, prix de l'argent, cours du platine, cours du palladium,... la situation en zone euro et l'impact de la strat\u00e9gie mon\u00e9taire de la FED. Notre \u00e9quipe scrute \u00e9galement une information plus g\u00e9n\u00e9raliste \u00e0 la recherche d'actualit\u00e9 \\\"p\u00e9pite\\\" \u00e0 vous partager. Depuis 5 ans, nous avons publi\u00e9 un peu plus de 4000 articles qui s'adressent \u00e0 un public large et vari\u00e9 ayant pour objectif de satisfaire votre curiosit\u00e9 et de partager avec vous une certaine fascination pour le m\u00e9tal jaune, le rachat d'or, et pour ceux qui veulent investir dans l'or, vendre leur or tout simplement en savoir plus... Pour tous vos achat or et argent, n'h\u00e9sitez pas \u00e0 prendre rendez-vous dans l'un de nos nombreux comptoirs.\",\"sameAs\":[\"https:\\\/\\\/www.gold.fr\"]}]}<\/script>\n<!-- \/ Yoast SEO plugin. -->","yoast_head_json":{"title":"La FED p\u00e8se sur le march\u00e9 de l\u2019or - Gold.fr","robots":{"index":"index","follow":"follow","max-snippet":"max-snippet:-1","max-image-preview":"max-image-preview:large","max-video-preview":"max-video-preview:-1"},"canonical":"https:\/\/www.gold.fr\/news\/2015\/08\/03\/la-fed-pese-sur-le-marche-de-lor\/","og_locale":"fr_FR","og_type":"article","og_title":"La FED p\u00e8se sur le march\u00e9 de l\u2019or - Gold.fr","og_description":"La derni\u00e8re r\u00e9union du FOMC (comit\u00e9 de direction mon\u00e9taire de la r\u00e9serve f\u00e9d\u00e9rale am\u00e9ricaine) n&rsquo;avait pas donn\u00e9 lieu \u00e0 une annonce significative, ouvrant ainsi la porte \u00e0 toutes sortes de sp\u00e9culations, concernant un tr\u00e8s probable rel\u00e8vement [&hellip;]","og_url":"https:\/\/www.gold.fr\/news\/2015\/08\/03\/la-fed-pese-sur-le-marche-de-lor\/","og_site_name":"Gold.fr","article_publisher":"https:\/\/www.facebook.com\/Goldfr\/","article_published_time":"2015-08-03T07:00:19+00:00","article_modified_time":"2017-11-29T16:58:20+00:00","og_image":[{"width":614,"height":669,"url":"https:\/\/www.gold.fr\/news\/wp-content\/uploads\/2014\/03\/image21.jpeg","type":"image\/jpeg"}],"author":"Comptoir National de l'Or","twitter_card":"summary_large_image","twitter_misc":{"\u00c9crit par":"Comptoir National de l'Or","Dur\u00e9e de lecture estim\u00e9e":"1 minute"},"schema":{"@context":"https:\/\/schema.org","@graph":[{"@type":"Article","@id":"https:\/\/www.gold.fr\/news\/2015\/08\/03\/la-fed-pese-sur-le-marche-de-lor\/#article","isPartOf":{"@id":"https:\/\/www.gold.fr\/news\/2015\/08\/03\/la-fed-pese-sur-le-marche-de-lor\/"},"author":{"name":"Comptoir National de l'Or","@id":"https:\/\/www.gold.fr\/news\/#\/schema\/person\/070491b4b4fb7671bf59b3be20302ce9"},"headline":"La FED p\u00e8se sur le march\u00e9 de l\u2019or","datePublished":"2015-08-03T07:00:19+00:00","dateModified":"2017-11-29T16:58:20+00:00","mainEntityOfPage":{"@id":"https:\/\/www.gold.fr\/news\/2015\/08\/03\/la-fed-pese-sur-le-marche-de-lor\/"},"wordCount":316,"commentCount":0,"image":{"@id":"https:\/\/www.gold.fr\/news\/2015\/08\/03\/la-fed-pese-sur-le-marche-de-lor\/#primaryimage"},"thumbnailUrl":"https:\/\/www.gold.fr\/news\/wp-content\/uploads\/2014\/03\/image21.jpeg","keywords":["fed","FOMC","march\u00e9 de l'or","Tout Cours de l'Or"],"articleSection":["Articles de presse"],"inLanguage":"fr-FR"},{"@type":"WebPage","@id":"https:\/\/www.gold.fr\/news\/2015\/08\/03\/la-fed-pese-sur-le-marche-de-lor\/","url":"https:\/\/www.gold.fr\/news\/2015\/08\/03\/la-fed-pese-sur-le-marche-de-lor\/","name":"La FED p\u00e8se sur le march\u00e9 de l\u2019or - Gold.fr","isPartOf":{"@id":"https:\/\/www.gold.fr\/news\/#website"},"primaryImageOfPage":{"@id":"https:\/\/www.gold.fr\/news\/2015\/08\/03\/la-fed-pese-sur-le-marche-de-lor\/#primaryimage"},"image":{"@id":"https:\/\/www.gold.fr\/news\/2015\/08\/03\/la-fed-pese-sur-le-marche-de-lor\/#primaryimage"},"thumbnailUrl":"https:\/\/www.gold.fr\/news\/wp-content\/uploads\/2014\/03\/image21.jpeg","datePublished":"2015-08-03T07:00:19+00:00","dateModified":"2017-11-29T16:58:20+00:00","author":{"@id":"https:\/\/www.gold.fr\/news\/#\/schema\/person\/070491b4b4fb7671bf59b3be20302ce9"},"breadcrumb":{"@id":"https:\/\/www.gold.fr\/news\/2015\/08\/03\/la-fed-pese-sur-le-marche-de-lor\/#breadcrumb"},"inLanguage":"fr-FR","potentialAction":[{"@type":"ReadAction","target":["https:\/\/www.gold.fr\/news\/2015\/08\/03\/la-fed-pese-sur-le-marche-de-lor\/"]}]},{"@type":"ImageObject","inLanguage":"fr-FR","@id":"https:\/\/www.gold.fr\/news\/2015\/08\/03\/la-fed-pese-sur-le-marche-de-lor\/#primaryimage","url":"https:\/\/www.gold.fr\/news\/wp-content\/uploads\/2014\/03\/image21.jpeg","contentUrl":"https:\/\/www.gold.fr\/news\/wp-content\/uploads\/2014\/03\/image21.jpeg","width":"614","height":"669","caption":"L\u2019once en \u00e9quilibre face \u00e0 l\u2019envol\u00e9e des indices boursiers"},{"@type":"BreadcrumbList","@id":"https:\/\/www.gold.fr\/news\/2015\/08\/03\/la-fed-pese-sur-le-marche-de-lor\/#breadcrumb","itemListElement":[{"@type":"ListItem","position":1,"name":"Accueil","item":"https:\/\/www.gold.fr\/"},{"@type":"ListItem","position":2,"name":"Actualit\u00e9s","item":"https:\/\/www.gold.fr\/news\/"},{"@type":"ListItem","position":3,"name":"La FED p\u00e8se sur le march\u00e9 de l\u2019or"}]},{"@type":"WebSite","@id":"https:\/\/www.gold.fr\/news\/#website","url":"https:\/\/www.gold.fr\/news\/","name":"Gold.fr","description":"Actualit\u00e9s de l&#039;Or et des m\u00e9taux pr\u00e9cieux","potentialAction":[{"@type":"SearchAction","target":{"@type":"EntryPoint","urlTemplate":"https:\/\/www.gold.fr\/news\/?s={search_term_string}"},"query-input":{"@type":"PropertyValueSpecification","valueRequired":true,"valueName":"search_term_string"}}],"inLanguage":"fr-FR"},{"@type":"Person","@id":"https:\/\/www.gold.fr\/news\/#\/schema\/person\/070491b4b4fb7671bf59b3be20302ce9","name":"Comptoir National de l'Or","image":{"@type":"ImageObject","inLanguage":"fr-FR","@id":"https:\/\/secure.gravatar.com\/avatar\/0a2867fd5abe37bed95d5a65e9d58f01756e11efc68af9888dfc50cfa7f65948?s=96&d=mm&r=gb490554db0a38188709de567aa58480d","url":"https:\/\/secure.gravatar.com\/avatar\/0a2867fd5abe37bed95d5a65e9d58f01756e11efc68af9888dfc50cfa7f65948?s=96&d=mm&r=g","contentUrl":"https:\/\/secure.gravatar.com\/avatar\/0a2867fd5abe37bed95d5a65e9d58f01756e11efc68af9888dfc50cfa7f65948?s=96&d=mm&r=g","caption":"Comptoir National de l'Or"},"description":"Notre r\u00e9daction est constitu\u00e9e de membres experts dans les m\u00e9tiers de l'\u00e9conomie et la gestion, des Responsables d'agence Comptoir National de l'Or, des analystes financiers qui publient r\u00e9guli\u00e8rement des \u00e9tudes sur les politiques des banques centrales, le cours de l'or, prix de l'or, cours de l'argent, prix de l'argent, cours du platine, cours du palladium,... la situation en zone euro et l'impact de la strat\u00e9gie mon\u00e9taire de la FED. Notre \u00e9quipe scrute \u00e9galement une information plus g\u00e9n\u00e9raliste \u00e0 la recherche d'actualit\u00e9 \"p\u00e9pite\" \u00e0 vous partager. Depuis 5 ans, nous avons publi\u00e9 un peu plus de 4000 articles qui s'adressent \u00e0 un public large et vari\u00e9 ayant pour objectif de satisfaire votre curiosit\u00e9 et de partager avec vous une certaine fascination pour le m\u00e9tal jaune, le rachat d'or, et pour ceux qui veulent investir dans l'or, vendre leur or tout simplement en savoir plus... Pour tous vos achat or et argent, n'h\u00e9sitez pas \u00e0 prendre rendez-vous dans l'un de nos nombreux comptoirs.","sameAs":["https:\/\/www.gold.fr"]}]}},"authors":[{"term_id":2565,"user_id":18,"is_guest":0,"slug":"julie","display_name":"Comptoir National de l'Or","avatar_url":"https:\/\/secure.gravatar.com\/avatar\/713f289e398d35ead876c4a4cc08607f0d6d266058cfc25683fffb6092d0e572?s=96&d=mm&r=g","0":null,"1":"","2":"","3":"","4":"","5":"","6":"","7":"","8":""}],"_links":{"self":[{"href":"https:\/\/www.gold.fr\/news\/wp-json\/wp\/v2\/posts\/17623","targetHints":{"allow":["GET"]}}],"collection":[{"href":"https:\/\/www.gold.fr\/news\/wp-json\/wp\/v2\/posts"}],"about":[{"href":"https:\/\/www.gold.fr\/news\/wp-json\/wp\/v2\/types\/post"}],"author":[{"embeddable":true,"href":"https:\/\/www.gold.fr\/news\/wp-json\/wp\/v2\/users\/18"}],"replies":[{"embeddable":true,"href":"https:\/\/www.gold.fr\/news\/wp-json\/wp\/v2\/comments?post=17623"}],"version-history":[{"count":0,"href":"https:\/\/www.gold.fr\/news\/wp-json\/wp\/v2\/posts\/17623\/revisions"}],"wp:featuredmedia":[{"embeddable":true,"href":"https:\/\/www.gold.fr\/news\/wp-json\/wp\/v2\/media\/14237"}],"wp:attachment":[{"href":"https:\/\/www.gold.fr\/news\/wp-json\/wp\/v2\/media?parent=17623"}],"wp:term":[{"taxonomy":"category","embeddable":true,"href":"https:\/\/www.gold.fr\/news\/wp-json\/wp\/v2\/categories?post=17623"},{"taxonomy":"post_tag","embeddable":true,"href":"https:\/\/www.gold.fr\/news\/wp-json\/wp\/v2\/tags?post=17623"},{"taxonomy":"author","embeddable":true,"href":"https:\/\/www.gold.fr\/news\/wp-json\/wp\/v2\/ppma_author?post=17623"}],"curies":[{"name":"wp","href":"https:\/\/api.w.org\/{rel}","templated":true}]}}