{"id":17585,"date":"2015-07-28T09:00:36","date_gmt":"2015-07-28T07:00:36","guid":{"rendered":"https:\/\/www.gold.fr\/news\/?p=17585"},"modified":"2020-12-09T14:13:49","modified_gmt":"2020-12-09T13:13:49","slug":"cours-de-lor-vers-un-rebond-en-2016","status":"publish","type":"post","link":"https:\/\/www.gold.fr\/news\/2015\/07\/28\/cours-de-lor-vers-un-rebond-en-2016\/","title":{"rendered":"Cours de l\u2019or : vers un rebond en 2016 ?"},"content":{"rendered":"<p><span style=\"font-size: small;\"><img loading=\"lazy\" decoding=\"async\" class=\"alignleft size-thumbnail wp-image-5519\" title=\"Cours de l\u2019or : vers un rebond un 2016 ?\" src=\"https:\/\/www.gold.fr\/news\/wp-content\/uploads\/2012\/02\/Cours-de-lOr-150x150.jpg\" alt=\"\" width=\"150\" height=\"150\" \/>Les trois derni\u00e8res ann\u00e9es ont marqu\u00e9 la fin de <strong>12<\/strong> longues et belles ann\u00e9es de hausse pour le <a title=\"Prix de l'Or\" href=\"https:\/\/www.gold.fr\/cours-or-prix-de-l-or\/\" target=\"_blank\" rel=\"noopener noreferrer\">cours<\/a> de l&rsquo;<a class=\"esk-seo-plu-link\" href=\"https:\/\/www.gold.fr\/news\/tags\/or\">or<\/a>. Hausse qui avait alors transport\u00e9 le <a class=\"esk-seo-plu-link\" href=\"https:\/\/www.gold.fr\/news\/tags\/cours-de-lor\">cours de l&rsquo;or<\/a> au del\u00e0 des <strong>1900 <a class=\"esk-seo-plu-link\" href=\"https:\/\/www.gold.fr\/news\/tags\/investissement\">dollars<\/a><\/strong>.<\/span> <span style=\"font-size: small;\"> Cette ann\u00e9e, c&rsquo;est la <strong>FED<\/strong> et son imminente hausse des taux d&rsquo;int\u00e9r\u00eats am\u00e9ricains qui a pes\u00e9 le plus lourd sur l&rsquo;once. En effet, une hausse des taux d&rsquo;int\u00e9r\u00eats marquerait la confiance que la <strong>FED<\/strong> donne \u00e0 l&rsquo;\u00e9conomie am\u00e9ricaine, ce qui aurait comme effet imm\u00e9diat de booster le billet vert et du coup, plomber le prix du <a class=\"esk-seo-plu-link\" href=\"https:\/\/www.gold.fr\/news\/tags\/cours-de-lor\">cours de l&rsquo;or<\/a>\u2026<\/span> <span style=\"font-size: small;\"> Cependant, d&rsquo;apr\u00e8s une enqu\u00eate men\u00e9e par <strong>Reuters<\/strong>, le <a class=\"esk-seo-plu-link\" href=\"https:\/\/www.gold.fr\/news\/tags\/cours-de-lor\">cours de l&rsquo;or<\/a> devrait atteindre un plancher en <strong>2015<\/strong> avant de remonter en <strong>2016<\/strong> vers un <a class=\"esk-seo-plu-link\" href=\"https:\/\/www.gold.fr\/news\/tags\/cours-de-lor\">cours de l&rsquo;or<\/a> \u00e0 <strong>1.250 <a class=\"esk-seo-plu-link\" href=\"https:\/\/www.gold.fr\/news\/tags\/investissement\">dollars<\/a><\/strong> <a title=\"Prix de l'Once d'or\" href=\"https:\/\/www.gold.fr\/once-or-nyc\/\" target=\"_blank\" rel=\"noopener noreferrer\">l\u2019once<\/a> en moyenne.<\/span> <span style=\"font-size: small;\"> L&rsquo;apaisement des inqui\u00e9tudes sur les march\u00e9s financiers et le retour au calme en <strong>Gr\u00e8ce<\/strong> \u00e0 <a class=\"esk-seo-plu-link\" href=\"https:\/\/www.gold.fr\/news\/tags\/investissement\">tendance<\/a> a pousser les investisseurs vers des valeurs plus risqu\u00e9es en d\u00e9laissant les <a class=\"esk-seo-plu-link\" href=\"https:\/\/www.gold.fr\/news\/tags\/investissement\">valeurs refuge<\/a> comme le <a class=\"esk-seo-plu-link\" href=\"https:\/\/www.gold.fr\/news\/tags\/or\">m\u00e9tal jaune<\/a>.<\/span> <span style=\"font-size: small;\"> Quoi qu&rsquo;il en soit, les analystes restent prudents et attendent \u201c<em>que le march\u00e9 puisse laisser derri\u00e8re lui la premi\u00e8re hausse des taux de la Fed<\/em>\u201d.<\/span><\/p>\n<!-- AddThis Advanced Settings generic via filter on the_content --><!-- AddThis Share Buttons generic via filter on the_content -->","protected":false},"excerpt":{"rendered":"<p>Les trois derni\u00e8res ann\u00e9es ont marqu\u00e9 la fin de 12 longues et belles ann\u00e9es de hausse pour le cours de l&rsquo;or. Hausse qui avait alors transport\u00e9 le cours de l&rsquo;or au del\u00e0 des 1900 dollars. Cette [&hellip;]<\/p>\n","protected":false},"author":18,"featured_media":35833,"comment_status":"closed","ping_status":"closed","sticky":false,"template":"","format":"standard","meta":{"_mbp_gutenberg_autopost":false,"_pgmb_is_evergreen":false,"_pgmb_ap_template_id":0,"footnotes":""},"categories":[6],"tags":[102,144,224,76,84],"ppma_author":[2565],"class_list":["post-17585","post","type-post","status-publish","format-standard","has-post-thumbnail","hentry","category-articles-de-presse","tag-dollar","tag-fed","tag-grece","tag-or","tag-cours-de-lor"],"yoast_head":"<!-- This site is optimized with the Yoast SEO plugin v27.5 - https:\/\/yoast.com\/product\/yoast-seo-wordpress\/ -->\n<title>Cours de l\u2019or : vers un rebond en 2016 ? - Gold.fr<\/title>\n<meta name=\"robots\" content=\"index, follow, max-snippet:-1, max-image-preview:large, max-video-preview:-1\" \/>\n<link rel=\"canonical\" href=\"https:\/\/www.gold.fr\/news\/2015\/07\/28\/cours-de-lor-vers-un-rebond-en-2016\/\" \/>\n<meta property=\"og:locale\" content=\"fr_FR\" \/>\n<meta property=\"og:type\" content=\"article\" \/>\n<meta property=\"og:title\" content=\"Cours de l\u2019or : vers un rebond en 2016 ? - Gold.fr\" \/>\n<meta property=\"og:description\" content=\"Les trois derni\u00e8res ann\u00e9es ont marqu\u00e9 la fin de 12 longues et belles ann\u00e9es de hausse pour le cours de l&rsquo;or. Hausse qui avait alors transport\u00e9 le cours de l&rsquo;or au del\u00e0 des 1900 dollars. Cette [&hellip;]\" \/>\n<meta property=\"og:url\" content=\"https:\/\/www.gold.fr\/news\/2015\/07\/28\/cours-de-lor-vers-un-rebond-en-2016\/\" \/>\n<meta property=\"og:site_name\" content=\"Gold.fr\" \/>\n<meta property=\"article:publisher\" content=\"https:\/\/www.facebook.com\/Goldfr\/\" \/>\n<meta property=\"article:published_time\" content=\"2015-07-28T07:00:36+00:00\" \/>\n<meta property=\"article:modified_time\" content=\"2020-12-09T13:13:49+00:00\" \/>\n<meta property=\"og:image\" content=\"https:\/\/www.gold.fr\/news\/wp-content\/uploads\/2019\/10\/kisspng-economic-growth-economy-gross-domestic-product-eco-money-tree-5ac5e1eb919070.5097750515229178675962.png\" \/>\n\t<meta property=\"og:image:width\" content=\"916\" \/>\n\t<meta property=\"og:image:height\" content=\"811\" \/>\n\t<meta property=\"og:image:type\" content=\"image\/png\" \/>\n<meta name=\"author\" content=\"Comptoir National de l&#039;Or\" \/>\n<meta name=\"twitter:card\" content=\"summary_large_image\" \/>\n<meta name=\"twitter:label1\" content=\"\u00c9crit par\" \/>\n\t<meta name=\"twitter:data1\" content=\"Comptoir National de l&#039;Or\" \/>\n\t<meta name=\"twitter:label2\" content=\"Dur\u00e9e de lecture estim\u00e9e\" \/>\n\t<meta name=\"twitter:data2\" content=\"1 minute\" \/>\n<script type=\"application\/ld+json\" class=\"yoast-schema-graph\">{\"@context\":\"https:\\\/\\\/schema.org\",\"@graph\":[{\"@type\":\"Article\",\"@id\":\"https:\\\/\\\/www.gold.fr\\\/news\\\/2015\\\/07\\\/28\\\/cours-de-lor-vers-un-rebond-en-2016\\\/#article\",\"isPartOf\":{\"@id\":\"https:\\\/\\\/www.gold.fr\\\/news\\\/2015\\\/07\\\/28\\\/cours-de-lor-vers-un-rebond-en-2016\\\/\"},\"author\":{\"name\":\"Comptoir National de l'Or\",\"@id\":\"https:\\\/\\\/www.gold.fr\\\/news\\\/#\\\/schema\\\/person\\\/070491b4b4fb7671bf59b3be20302ce9\"},\"headline\":\"Cours de l\u2019or : vers un rebond en 2016 ?\",\"datePublished\":\"2015-07-28T07:00:36+00:00\",\"dateModified\":\"2020-12-09T13:13:49+00:00\",\"mainEntityOfPage\":{\"@id\":\"https:\\\/\\\/www.gold.fr\\\/news\\\/2015\\\/07\\\/28\\\/cours-de-lor-vers-un-rebond-en-2016\\\/\"},\"wordCount\":222,\"image\":{\"@id\":\"https:\\\/\\\/www.gold.fr\\\/news\\\/2015\\\/07\\\/28\\\/cours-de-lor-vers-un-rebond-en-2016\\\/#primaryimage\"},\"thumbnailUrl\":\"https:\\\/\\\/www.gold.fr\\\/news\\\/wp-content\\\/uploads\\\/2019\\\/10\\\/kisspng-economic-growth-economy-gross-domestic-product-eco-money-tree-5ac5e1eb919070.5097750515229178675962.png\",\"keywords\":[\"dollar\",\"fed\",\"Gr\u00e8ce\",\"Or\",\"Tout Cours de l'Or\"],\"articleSection\":[\"Articles de presse\"],\"inLanguage\":\"fr-FR\"},{\"@type\":\"WebPage\",\"@id\":\"https:\\\/\\\/www.gold.fr\\\/news\\\/2015\\\/07\\\/28\\\/cours-de-lor-vers-un-rebond-en-2016\\\/\",\"url\":\"https:\\\/\\\/www.gold.fr\\\/news\\\/2015\\\/07\\\/28\\\/cours-de-lor-vers-un-rebond-en-2016\\\/\",\"name\":\"Cours de l\u2019or : vers un rebond en 2016 ? - Gold.fr\",\"isPartOf\":{\"@id\":\"https:\\\/\\\/www.gold.fr\\\/news\\\/#website\"},\"primaryImageOfPage\":{\"@id\":\"https:\\\/\\\/www.gold.fr\\\/news\\\/2015\\\/07\\\/28\\\/cours-de-lor-vers-un-rebond-en-2016\\\/#primaryimage\"},\"image\":{\"@id\":\"https:\\\/\\\/www.gold.fr\\\/news\\\/2015\\\/07\\\/28\\\/cours-de-lor-vers-un-rebond-en-2016\\\/#primaryimage\"},\"thumbnailUrl\":\"https:\\\/\\\/www.gold.fr\\\/news\\\/wp-content\\\/uploads\\\/2019\\\/10\\\/kisspng-economic-growth-economy-gross-domestic-product-eco-money-tree-5ac5e1eb919070.5097750515229178675962.png\",\"datePublished\":\"2015-07-28T07:00:36+00:00\",\"dateModified\":\"2020-12-09T13:13:49+00:00\",\"author\":{\"@id\":\"https:\\\/\\\/www.gold.fr\\\/news\\\/#\\\/schema\\\/person\\\/070491b4b4fb7671bf59b3be20302ce9\"},\"breadcrumb\":{\"@id\":\"https:\\\/\\\/www.gold.fr\\\/news\\\/2015\\\/07\\\/28\\\/cours-de-lor-vers-un-rebond-en-2016\\\/#breadcrumb\"},\"inLanguage\":\"fr-FR\",\"potentialAction\":[{\"@type\":\"ReadAction\",\"target\":[\"https:\\\/\\\/www.gold.fr\\\/news\\\/2015\\\/07\\\/28\\\/cours-de-lor-vers-un-rebond-en-2016\\\/\"]}]},{\"@type\":\"ImageObject\",\"inLanguage\":\"fr-FR\",\"@id\":\"https:\\\/\\\/www.gold.fr\\\/news\\\/2015\\\/07\\\/28\\\/cours-de-lor-vers-un-rebond-en-2016\\\/#primaryimage\",\"url\":\"https:\\\/\\\/www.gold.fr\\\/news\\\/wp-content\\\/uploads\\\/2019\\\/10\\\/kisspng-economic-growth-economy-gross-domestic-product-eco-money-tree-5ac5e1eb919070.5097750515229178675962.png\",\"contentUrl\":\"https:\\\/\\\/www.gold.fr\\\/news\\\/wp-content\\\/uploads\\\/2019\\\/10\\\/kisspng-economic-growth-economy-gross-domestic-product-eco-money-tree-5ac5e1eb919070.5097750515229178675962.png\",\"width\":916,\"height\":811,\"caption\":\"cours de l'or - rapport mensuel\"},{\"@type\":\"BreadcrumbList\",\"@id\":\"https:\\\/\\\/www.gold.fr\\\/news\\\/2015\\\/07\\\/28\\\/cours-de-lor-vers-un-rebond-en-2016\\\/#breadcrumb\",\"itemListElement\":[{\"@type\":\"ListItem\",\"position\":1,\"name\":\"Accueil\",\"item\":\"https:\\\/\\\/www.gold.fr\\\/\"},{\"@type\":\"ListItem\",\"position\":2,\"name\":\"Actualit\u00e9s\",\"item\":\"https:\\\/\\\/www.gold.fr\\\/news\\\/\"},{\"@type\":\"ListItem\",\"position\":3,\"name\":\"Cours de l\u2019or : vers un rebond en 2016 ?\"}]},{\"@type\":\"WebSite\",\"@id\":\"https:\\\/\\\/www.gold.fr\\\/news\\\/#website\",\"url\":\"https:\\\/\\\/www.gold.fr\\\/news\\\/\",\"name\":\"Gold.fr\",\"description\":\"Actualit\u00e9s de l&#039;Or et des m\u00e9taux pr\u00e9cieux\",\"potentialAction\":[{\"@type\":\"SearchAction\",\"target\":{\"@type\":\"EntryPoint\",\"urlTemplate\":\"https:\\\/\\\/www.gold.fr\\\/news\\\/?s={search_term_string}\"},\"query-input\":{\"@type\":\"PropertyValueSpecification\",\"valueRequired\":true,\"valueName\":\"search_term_string\"}}],\"inLanguage\":\"fr-FR\"},{\"@type\":\"Person\",\"@id\":\"https:\\\/\\\/www.gold.fr\\\/news\\\/#\\\/schema\\\/person\\\/070491b4b4fb7671bf59b3be20302ce9\",\"name\":\"Comptoir National de l'Or\",\"image\":{\"@type\":\"ImageObject\",\"inLanguage\":\"fr-FR\",\"@id\":\"https:\\\/\\\/secure.gravatar.com\\\/avatar\\\/0a2867fd5abe37bed95d5a65e9d58f01756e11efc68af9888dfc50cfa7f65948?s=96&d=mm&r=gb490554db0a38188709de567aa58480d\",\"url\":\"https:\\\/\\\/secure.gravatar.com\\\/avatar\\\/0a2867fd5abe37bed95d5a65e9d58f01756e11efc68af9888dfc50cfa7f65948?s=96&d=mm&r=g\",\"contentUrl\":\"https:\\\/\\\/secure.gravatar.com\\\/avatar\\\/0a2867fd5abe37bed95d5a65e9d58f01756e11efc68af9888dfc50cfa7f65948?s=96&d=mm&r=g\",\"caption\":\"Comptoir National de l'Or\"},\"description\":\"Notre r\u00e9daction est constitu\u00e9e de membres experts dans les m\u00e9tiers de l'\u00e9conomie et la gestion, des Responsables d'agence Comptoir National de l'Or, des analystes financiers qui publient r\u00e9guli\u00e8rement des \u00e9tudes sur les politiques des banques centrales, le cours de l'or, prix de l'or, cours de l'argent, prix de l'argent, cours du platine, cours du palladium,... la situation en zone euro et l'impact de la strat\u00e9gie mon\u00e9taire de la FED. Notre \u00e9quipe scrute \u00e9galement une information plus g\u00e9n\u00e9raliste \u00e0 la recherche d'actualit\u00e9 \\\"p\u00e9pite\\\" \u00e0 vous partager. Depuis 5 ans, nous avons publi\u00e9 un peu plus de 4000 articles qui s'adressent \u00e0 un public large et vari\u00e9 ayant pour objectif de satisfaire votre curiosit\u00e9 et de partager avec vous une certaine fascination pour le m\u00e9tal jaune, le rachat d'or, et pour ceux qui veulent investir dans l'or, vendre leur or tout simplement en savoir plus... Pour tous vos achat or et argent, n'h\u00e9sitez pas \u00e0 prendre rendez-vous dans l'un de nos nombreux comptoirs.\",\"sameAs\":[\"https:\\\/\\\/www.gold.fr\"]}]}<\/script>\n<!-- \/ Yoast SEO plugin. -->","yoast_head_json":{"title":"Cours de l\u2019or : vers un rebond en 2016 ? - Gold.fr","robots":{"index":"index","follow":"follow","max-snippet":"max-snippet:-1","max-image-preview":"max-image-preview:large","max-video-preview":"max-video-preview:-1"},"canonical":"https:\/\/www.gold.fr\/news\/2015\/07\/28\/cours-de-lor-vers-un-rebond-en-2016\/","og_locale":"fr_FR","og_type":"article","og_title":"Cours de l\u2019or : vers un rebond en 2016 ? - Gold.fr","og_description":"Les trois derni\u00e8res ann\u00e9es ont marqu\u00e9 la fin de 12 longues et belles ann\u00e9es de hausse pour le cours de l&rsquo;or. Hausse qui avait alors transport\u00e9 le cours de l&rsquo;or au del\u00e0 des 1900 dollars. Cette [&hellip;]","og_url":"https:\/\/www.gold.fr\/news\/2015\/07\/28\/cours-de-lor-vers-un-rebond-en-2016\/","og_site_name":"Gold.fr","article_publisher":"https:\/\/www.facebook.com\/Goldfr\/","article_published_time":"2015-07-28T07:00:36+00:00","article_modified_time":"2020-12-09T13:13:49+00:00","og_image":[{"width":916,"height":811,"url":"https:\/\/www.gold.fr\/news\/wp-content\/uploads\/2019\/10\/kisspng-economic-growth-economy-gross-domestic-product-eco-money-tree-5ac5e1eb919070.5097750515229178675962.png","type":"image\/png"}],"author":"Comptoir National de l'Or","twitter_card":"summary_large_image","twitter_misc":{"\u00c9crit par":"Comptoir National de l'Or","Dur\u00e9e de lecture estim\u00e9e":"1 minute"},"schema":{"@context":"https:\/\/schema.org","@graph":[{"@type":"Article","@id":"https:\/\/www.gold.fr\/news\/2015\/07\/28\/cours-de-lor-vers-un-rebond-en-2016\/#article","isPartOf":{"@id":"https:\/\/www.gold.fr\/news\/2015\/07\/28\/cours-de-lor-vers-un-rebond-en-2016\/"},"author":{"name":"Comptoir National de l'Or","@id":"https:\/\/www.gold.fr\/news\/#\/schema\/person\/070491b4b4fb7671bf59b3be20302ce9"},"headline":"Cours de l\u2019or : vers un rebond en 2016 ?","datePublished":"2015-07-28T07:00:36+00:00","dateModified":"2020-12-09T13:13:49+00:00","mainEntityOfPage":{"@id":"https:\/\/www.gold.fr\/news\/2015\/07\/28\/cours-de-lor-vers-un-rebond-en-2016\/"},"wordCount":222,"image":{"@id":"https:\/\/www.gold.fr\/news\/2015\/07\/28\/cours-de-lor-vers-un-rebond-en-2016\/#primaryimage"},"thumbnailUrl":"https:\/\/www.gold.fr\/news\/wp-content\/uploads\/2019\/10\/kisspng-economic-growth-economy-gross-domestic-product-eco-money-tree-5ac5e1eb919070.5097750515229178675962.png","keywords":["dollar","fed","Gr\u00e8ce","Or","Tout Cours de l'Or"],"articleSection":["Articles de presse"],"inLanguage":"fr-FR"},{"@type":"WebPage","@id":"https:\/\/www.gold.fr\/news\/2015\/07\/28\/cours-de-lor-vers-un-rebond-en-2016\/","url":"https:\/\/www.gold.fr\/news\/2015\/07\/28\/cours-de-lor-vers-un-rebond-en-2016\/","name":"Cours de l\u2019or : vers un rebond en 2016 ? - Gold.fr","isPartOf":{"@id":"https:\/\/www.gold.fr\/news\/#website"},"primaryImageOfPage":{"@id":"https:\/\/www.gold.fr\/news\/2015\/07\/28\/cours-de-lor-vers-un-rebond-en-2016\/#primaryimage"},"image":{"@id":"https:\/\/www.gold.fr\/news\/2015\/07\/28\/cours-de-lor-vers-un-rebond-en-2016\/#primaryimage"},"thumbnailUrl":"https:\/\/www.gold.fr\/news\/wp-content\/uploads\/2019\/10\/kisspng-economic-growth-economy-gross-domestic-product-eco-money-tree-5ac5e1eb919070.5097750515229178675962.png","datePublished":"2015-07-28T07:00:36+00:00","dateModified":"2020-12-09T13:13:49+00:00","author":{"@id":"https:\/\/www.gold.fr\/news\/#\/schema\/person\/070491b4b4fb7671bf59b3be20302ce9"},"breadcrumb":{"@id":"https:\/\/www.gold.fr\/news\/2015\/07\/28\/cours-de-lor-vers-un-rebond-en-2016\/#breadcrumb"},"inLanguage":"fr-FR","potentialAction":[{"@type":"ReadAction","target":["https:\/\/www.gold.fr\/news\/2015\/07\/28\/cours-de-lor-vers-un-rebond-en-2016\/"]}]},{"@type":"ImageObject","inLanguage":"fr-FR","@id":"https:\/\/www.gold.fr\/news\/2015\/07\/28\/cours-de-lor-vers-un-rebond-en-2016\/#primaryimage","url":"https:\/\/www.gold.fr\/news\/wp-content\/uploads\/2019\/10\/kisspng-economic-growth-economy-gross-domestic-product-eco-money-tree-5ac5e1eb919070.5097750515229178675962.png","contentUrl":"https:\/\/www.gold.fr\/news\/wp-content\/uploads\/2019\/10\/kisspng-economic-growth-economy-gross-domestic-product-eco-money-tree-5ac5e1eb919070.5097750515229178675962.png","width":916,"height":811,"caption":"cours de l'or - rapport mensuel"},{"@type":"BreadcrumbList","@id":"https:\/\/www.gold.fr\/news\/2015\/07\/28\/cours-de-lor-vers-un-rebond-en-2016\/#breadcrumb","itemListElement":[{"@type":"ListItem","position":1,"name":"Accueil","item":"https:\/\/www.gold.fr\/"},{"@type":"ListItem","position":2,"name":"Actualit\u00e9s","item":"https:\/\/www.gold.fr\/news\/"},{"@type":"ListItem","position":3,"name":"Cours de l\u2019or : vers un rebond en 2016 ?"}]},{"@type":"WebSite","@id":"https:\/\/www.gold.fr\/news\/#website","url":"https:\/\/www.gold.fr\/news\/","name":"Gold.fr","description":"Actualit\u00e9s de l&#039;Or et des m\u00e9taux pr\u00e9cieux","potentialAction":[{"@type":"SearchAction","target":{"@type":"EntryPoint","urlTemplate":"https:\/\/www.gold.fr\/news\/?s={search_term_string}"},"query-input":{"@type":"PropertyValueSpecification","valueRequired":true,"valueName":"search_term_string"}}],"inLanguage":"fr-FR"},{"@type":"Person","@id":"https:\/\/www.gold.fr\/news\/#\/schema\/person\/070491b4b4fb7671bf59b3be20302ce9","name":"Comptoir National de l'Or","image":{"@type":"ImageObject","inLanguage":"fr-FR","@id":"https:\/\/secure.gravatar.com\/avatar\/0a2867fd5abe37bed95d5a65e9d58f01756e11efc68af9888dfc50cfa7f65948?s=96&d=mm&r=gb490554db0a38188709de567aa58480d","url":"https:\/\/secure.gravatar.com\/avatar\/0a2867fd5abe37bed95d5a65e9d58f01756e11efc68af9888dfc50cfa7f65948?s=96&d=mm&r=g","contentUrl":"https:\/\/secure.gravatar.com\/avatar\/0a2867fd5abe37bed95d5a65e9d58f01756e11efc68af9888dfc50cfa7f65948?s=96&d=mm&r=g","caption":"Comptoir National de l'Or"},"description":"Notre r\u00e9daction est constitu\u00e9e de membres experts dans les m\u00e9tiers de l'\u00e9conomie et la gestion, des Responsables d'agence Comptoir National de l'Or, des analystes financiers qui publient r\u00e9guli\u00e8rement des \u00e9tudes sur les politiques des banques centrales, le cours de l'or, prix de l'or, cours de l'argent, prix de l'argent, cours du platine, cours du palladium,... la situation en zone euro et l'impact de la strat\u00e9gie mon\u00e9taire de la FED. Notre \u00e9quipe scrute \u00e9galement une information plus g\u00e9n\u00e9raliste \u00e0 la recherche d'actualit\u00e9 \"p\u00e9pite\" \u00e0 vous partager. Depuis 5 ans, nous avons publi\u00e9 un peu plus de 4000 articles qui s'adressent \u00e0 un public large et vari\u00e9 ayant pour objectif de satisfaire votre curiosit\u00e9 et de partager avec vous une certaine fascination pour le m\u00e9tal jaune, le rachat d'or, et pour ceux qui veulent investir dans l'or, vendre leur or tout simplement en savoir plus... Pour tous vos achat or et argent, n'h\u00e9sitez pas \u00e0 prendre rendez-vous dans l'un de nos nombreux comptoirs.","sameAs":["https:\/\/www.gold.fr"]}]}},"authors":[{"term_id":2565,"user_id":18,"is_guest":0,"slug":"julie","display_name":"Comptoir National de l'Or","avatar_url":"https:\/\/secure.gravatar.com\/avatar\/713f289e398d35ead876c4a4cc08607f0d6d266058cfc25683fffb6092d0e572?s=96&d=mm&r=g","0":null,"1":"","2":"","3":"","4":"","5":"","6":"","7":"","8":""}],"_links":{"self":[{"href":"https:\/\/www.gold.fr\/news\/wp-json\/wp\/v2\/posts\/17585","targetHints":{"allow":["GET"]}}],"collection":[{"href":"https:\/\/www.gold.fr\/news\/wp-json\/wp\/v2\/posts"}],"about":[{"href":"https:\/\/www.gold.fr\/news\/wp-json\/wp\/v2\/types\/post"}],"author":[{"embeddable":true,"href":"https:\/\/www.gold.fr\/news\/wp-json\/wp\/v2\/users\/18"}],"replies":[{"embeddable":true,"href":"https:\/\/www.gold.fr\/news\/wp-json\/wp\/v2\/comments?post=17585"}],"version-history":[{"count":0,"href":"https:\/\/www.gold.fr\/news\/wp-json\/wp\/v2\/posts\/17585\/revisions"}],"wp:featuredmedia":[{"embeddable":true,"href":"https:\/\/www.gold.fr\/news\/wp-json\/wp\/v2\/media\/35833"}],"wp:attachment":[{"href":"https:\/\/www.gold.fr\/news\/wp-json\/wp\/v2\/media?parent=17585"}],"wp:term":[{"taxonomy":"category","embeddable":true,"href":"https:\/\/www.gold.fr\/news\/wp-json\/wp\/v2\/categories?post=17585"},{"taxonomy":"post_tag","embeddable":true,"href":"https:\/\/www.gold.fr\/news\/wp-json\/wp\/v2\/tags?post=17585"},{"taxonomy":"author","embeddable":true,"href":"https:\/\/www.gold.fr\/news\/wp-json\/wp\/v2\/ppma_author?post=17585"}],"curies":[{"name":"wp","href":"https:\/\/api.w.org\/{rel}","templated":true}]}}