{"id":17558,"date":"2015-07-23T09:00:26","date_gmt":"2015-07-23T07:00:26","guid":{"rendered":"https:\/\/www.gold.fr\/news\/?p=17558"},"modified":"2017-11-29T18:01:19","modified_gmt":"2017-11-29T17:01:19","slug":"apple-et-microsoft-tirent-les-marches-boursiers-vers-le-bas","status":"publish","type":"post","link":"https:\/\/www.gold.fr\/news\/2015\/07\/23\/apple-et-microsoft-tirent-les-marches-boursiers-vers-le-bas\/","title":{"rendered":"Apple et Microsoft tirent les march\u00e9s boursiers vers le bas"},"content":{"rendered":"<p><img loading=\"lazy\" decoding=\"async\" class=\"alignleft size-thumbnail wp-image-9886\" title=\"Apple et Microsoft tirent les march\u00e9s boursiers vers le bas\" src=\"https:\/\/www.gold.fr\/news\/wp-content\/uploads\/2012\/11\/ipad-or-150x150.jpg\" alt=\"\" width=\"150\" height=\"150\" \/><span style=\"font-size: small;\">Les principales places boursi\u00e8res europ\u00e9ennes affichaient, unanimement, des performances plus ou moins baissi\u00e8res, tout au long de la s\u00e9ance de mercredi, au lendemain de la publication de deux r\u00e9sultats trimestriels am\u00e9ricains jug\u00e9s majeurs. Lorsque les performances d<strong>&lsquo;Apple<\/strong> et <strong>Microsoft<\/strong> d\u00e9\u00e7oivent, la morosit\u00e9 traverse rapidement l&rsquo;Atlantique pour atteindre les march\u00e9s <strong>euro<\/strong> et s&rsquo;y installer.<\/span>    <span style=\"font-size: small;\">Tour d&rsquo;horizon des principaux replis <strong>euro<\/strong> de la s\u00e9ance ; <strong>Londres<\/strong> a recul\u00e9 de <strong>0,8%<\/strong>, <strong>Zurich<\/strong> de <strong>0,5%<\/strong>, <strong>Francfort<\/strong>, <strong>Paris<\/strong> et<strong> Lisbonne<\/strong> de<strong> 0,3%<\/strong>, et <strong>Amsterdam<\/strong> de <strong>0,2%<\/strong>, dans le sillage de leurs homologues <strong>new-yorkais<\/strong>, dont notamment le <strong>Dow Jones<\/strong> qui a l\u00e2ch\u00e9 <strong>1%<\/strong> et le <strong>Nasdaq<\/strong> qui a baiss\u00e9 de<strong> 0,2%<\/strong>.<\/span>    <span style=\"font-size: small;\">Le g\u00e9ant international <strong>Apple<\/strong> avait pourtant annonc\u00e9, au titre de son troisi\u00e8me trimestre fiscal, un b\u00e9n\u00e9fice net en hausse \u00e0 <strong>10,7<\/strong> <strong>milliards<\/strong> de <strong><a href='https:\/\/www.gold.fr\/news\/tags\/investissement' class='esk-seo-plu-link'>dollars<\/a><\/strong>. Une performance qu&rsquo;il doit essentiellement aux ventes record d<strong>&lsquo;iPhone<\/strong> et de <strong>Mac<\/strong> ainsi qu&rsquo;au succ\u00e8s mondial du <a title=\"Apple Watch : Nouveau tremplin haussier pour l\u2019or ?\" href=\"https:\/\/www.gold.fr\/news\/2015\/03\/13\/apple-watch-nouveau-tremplin-haussier-pour-lor\/16804\/\" target=\"_blank\">coup d\u2019envoi de l&rsquo;<strong>Apple Watch<\/strong><\/a>. Toutefois, les analystes d&rsquo;<strong>IG<\/strong> rappellent que, \u00ab <em>malgr\u00e9 cela, certains professionnels de march\u00e9 se montrent clairement d\u00e9\u00e7us par les pr\u00e9visions qui ont \u00e9t\u00e9 communiqu\u00e9es pour le quatri\u00e8me trimestre, tandis que d&rsquo;autres s&rsquo;interrogent sur le potentiel de croissance \u00e0 venir de l&rsquo;iPhone<\/em> \u00bb.<\/span>    <span style=\"font-size: small;\">Par ailleurs, <strong>Microsoft<\/strong>, l&rsquo;autre incontournable g\u00e9ant am\u00e9ricain, a annonc\u00e9 une perte op\u00e9rationnelle \u00ab <em>li\u00e9e \u00e0 une provision pour d\u00e9pr\u00e9ciation sur les t\u00e9l\u00e9phones mobiles de Nokia<\/em> \u00bb. De quoi \u00e9tendre donc la morosit\u00e9 boursi\u00e8re d&rsquo;une rive \u00e0 l&rsquo;autre de l&rsquo;Atlantique.<\/span><\/p>\n<!-- AddThis Advanced Settings generic via filter on the_content --><!-- AddThis Share Buttons generic via filter on the_content -->","protected":false},"excerpt":{"rendered":"<p>Les principales places boursi\u00e8res europ\u00e9ennes affichaient, unanimement, des performances plus ou moins baissi\u00e8res, tout au long de la s\u00e9ance de mercredi, au lendemain de la publication de deux r\u00e9sultats trimestriels am\u00e9ricains jug\u00e9s majeurs. Lorsque les performances [&hellip;]<\/p>\n","protected":false},"author":18,"featured_media":9886,"comment_status":"open","ping_status":"open","sticky":false,"template":"","format":"standard","meta":{"_mbp_gutenberg_autopost":false,"_pgmb_is_evergreen":false,"_pgmb_ap_template_id":0,"footnotes":""},"categories":[6],"tags":[987,2062,1982,2063],"ppma_author":[2565],"class_list":["post-17558","post","type-post","status-publish","format-standard","has-post-thumbnail","hentry","category-articles-de-presse","tag-apple","tag-marche-boursier","tag-marche-euro","tag-microsoft"],"yoast_head":"<!-- This site is optimized with the Yoast SEO plugin v27.5 - https:\/\/yoast.com\/product\/yoast-seo-wordpress\/ -->\n<title>Apple et Microsoft tirent les march\u00e9s boursiers vers le bas - Gold.fr<\/title>\n<meta name=\"robots\" content=\"index, follow, max-snippet:-1, max-image-preview:large, max-video-preview:-1\" \/>\n<link rel=\"canonical\" href=\"https:\/\/www.gold.fr\/news\/2015\/07\/23\/apple-et-microsoft-tirent-les-marches-boursiers-vers-le-bas\/\" \/>\n<meta property=\"og:locale\" content=\"fr_FR\" \/>\n<meta property=\"og:type\" content=\"article\" \/>\n<meta property=\"og:title\" content=\"Apple et Microsoft tirent les march\u00e9s boursiers vers le bas - Gold.fr\" \/>\n<meta property=\"og:description\" content=\"Les principales places boursi\u00e8res europ\u00e9ennes affichaient, unanimement, des performances plus ou moins baissi\u00e8res, tout au long de la s\u00e9ance de mercredi, au lendemain de la publication de deux r\u00e9sultats trimestriels am\u00e9ricains jug\u00e9s majeurs. Lorsque les performances [&hellip;]\" \/>\n<meta property=\"og:url\" content=\"https:\/\/www.gold.fr\/news\/2015\/07\/23\/apple-et-microsoft-tirent-les-marches-boursiers-vers-le-bas\/\" \/>\n<meta property=\"og:site_name\" content=\"Gold.fr\" \/>\n<meta property=\"article:publisher\" content=\"https:\/\/www.facebook.com\/Goldfr\/\" \/>\n<meta property=\"article:published_time\" content=\"2015-07-23T07:00:26+00:00\" \/>\n<meta property=\"article:modified_time\" content=\"2017-11-29T17:01:19+00:00\" \/>\n<meta property=\"og:image\" content=\"https:\/\/www.gold.fr\/news\/wp-content\/uploads\/2012\/11\/ipad-or.jpg\" \/>\n\t<meta property=\"og:image:width\" content=\"600\" \/>\n\t<meta property=\"og:image:height\" content=\"350\" \/>\n\t<meta property=\"og:image:type\" content=\"image\/jpeg\" \/>\n<meta name=\"author\" content=\"Comptoir National de l&#039;Or\" \/>\n<meta name=\"twitter:card\" content=\"summary_large_image\" \/>\n<meta name=\"twitter:label1\" content=\"\u00c9crit par\" \/>\n\t<meta name=\"twitter:data1\" content=\"Comptoir National de l&#039;Or\" \/>\n\t<meta name=\"twitter:label2\" content=\"Dur\u00e9e de lecture estim\u00e9e\" \/>\n\t<meta name=\"twitter:data2\" content=\"1 minute\" \/>\n<script type=\"application\/ld+json\" class=\"yoast-schema-graph\">{\"@context\":\"https:\\\/\\\/schema.org\",\"@graph\":[{\"@type\":\"Article\",\"@id\":\"https:\\\/\\\/www.gold.fr\\\/news\\\/2015\\\/07\\\/23\\\/apple-et-microsoft-tirent-les-marches-boursiers-vers-le-bas\\\/#article\",\"isPartOf\":{\"@id\":\"https:\\\/\\\/www.gold.fr\\\/news\\\/2015\\\/07\\\/23\\\/apple-et-microsoft-tirent-les-marches-boursiers-vers-le-bas\\\/\"},\"author\":{\"name\":\"Comptoir National de l'Or\",\"@id\":\"https:\\\/\\\/www.gold.fr\\\/news\\\/#\\\/schema\\\/person\\\/070491b4b4fb7671bf59b3be20302ce9\"},\"headline\":\"Apple et Microsoft tirent les march\u00e9s boursiers vers le bas\",\"datePublished\":\"2015-07-23T07:00:26+00:00\",\"dateModified\":\"2017-11-29T17:01:19+00:00\",\"mainEntityOfPage\":{\"@id\":\"https:\\\/\\\/www.gold.fr\\\/news\\\/2015\\\/07\\\/23\\\/apple-et-microsoft-tirent-les-marches-boursiers-vers-le-bas\\\/\"},\"wordCount\":273,\"commentCount\":0,\"image\":{\"@id\":\"https:\\\/\\\/www.gold.fr\\\/news\\\/2015\\\/07\\\/23\\\/apple-et-microsoft-tirent-les-marches-boursiers-vers-le-bas\\\/#primaryimage\"},\"thumbnailUrl\":\"https:\\\/\\\/www.gold.fr\\\/news\\\/wp-content\\\/uploads\\\/2012\\\/11\\\/ipad-or.jpg\",\"keywords\":[\"Apple\",\"march\u00e9 boursier\",\"march\u00e9 euro\",\"microsoft\"],\"articleSection\":[\"Articles de presse\"],\"inLanguage\":\"fr-FR\"},{\"@type\":\"WebPage\",\"@id\":\"https:\\\/\\\/www.gold.fr\\\/news\\\/2015\\\/07\\\/23\\\/apple-et-microsoft-tirent-les-marches-boursiers-vers-le-bas\\\/\",\"url\":\"https:\\\/\\\/www.gold.fr\\\/news\\\/2015\\\/07\\\/23\\\/apple-et-microsoft-tirent-les-marches-boursiers-vers-le-bas\\\/\",\"name\":\"Apple et Microsoft tirent les march\u00e9s boursiers vers le bas - Gold.fr\",\"isPartOf\":{\"@id\":\"https:\\\/\\\/www.gold.fr\\\/news\\\/#website\"},\"primaryImageOfPage\":{\"@id\":\"https:\\\/\\\/www.gold.fr\\\/news\\\/2015\\\/07\\\/23\\\/apple-et-microsoft-tirent-les-marches-boursiers-vers-le-bas\\\/#primaryimage\"},\"image\":{\"@id\":\"https:\\\/\\\/www.gold.fr\\\/news\\\/2015\\\/07\\\/23\\\/apple-et-microsoft-tirent-les-marches-boursiers-vers-le-bas\\\/#primaryimage\"},\"thumbnailUrl\":\"https:\\\/\\\/www.gold.fr\\\/news\\\/wp-content\\\/uploads\\\/2012\\\/11\\\/ipad-or.jpg\",\"datePublished\":\"2015-07-23T07:00:26+00:00\",\"dateModified\":\"2017-11-29T17:01:19+00:00\",\"author\":{\"@id\":\"https:\\\/\\\/www.gold.fr\\\/news\\\/#\\\/schema\\\/person\\\/070491b4b4fb7671bf59b3be20302ce9\"},\"breadcrumb\":{\"@id\":\"https:\\\/\\\/www.gold.fr\\\/news\\\/2015\\\/07\\\/23\\\/apple-et-microsoft-tirent-les-marches-boursiers-vers-le-bas\\\/#breadcrumb\"},\"inLanguage\":\"fr-FR\",\"potentialAction\":[{\"@type\":\"ReadAction\",\"target\":[\"https:\\\/\\\/www.gold.fr\\\/news\\\/2015\\\/07\\\/23\\\/apple-et-microsoft-tirent-les-marches-boursiers-vers-le-bas\\\/\"]}]},{\"@type\":\"ImageObject\",\"inLanguage\":\"fr-FR\",\"@id\":\"https:\\\/\\\/www.gold.fr\\\/news\\\/2015\\\/07\\\/23\\\/apple-et-microsoft-tirent-les-marches-boursiers-vers-le-bas\\\/#primaryimage\",\"url\":\"https:\\\/\\\/www.gold.fr\\\/news\\\/wp-content\\\/uploads\\\/2012\\\/11\\\/ipad-or.jpg\",\"contentUrl\":\"https:\\\/\\\/www.gold.fr\\\/news\\\/wp-content\\\/uploads\\\/2012\\\/11\\\/ipad-or.jpg\",\"width\":\"600\",\"height\":\"350\",\"caption\":\"March\u00e9s US : Retour \u00e0 la normale\"},{\"@type\":\"BreadcrumbList\",\"@id\":\"https:\\\/\\\/www.gold.fr\\\/news\\\/2015\\\/07\\\/23\\\/apple-et-microsoft-tirent-les-marches-boursiers-vers-le-bas\\\/#breadcrumb\",\"itemListElement\":[{\"@type\":\"ListItem\",\"position\":1,\"name\":\"Accueil\",\"item\":\"https:\\\/\\\/www.gold.fr\\\/\"},{\"@type\":\"ListItem\",\"position\":2,\"name\":\"Actualit\u00e9s\",\"item\":\"https:\\\/\\\/www.gold.fr\\\/news\\\/\"},{\"@type\":\"ListItem\",\"position\":3,\"name\":\"Apple et Microsoft tirent les march\u00e9s boursiers vers le bas\"}]},{\"@type\":\"WebSite\",\"@id\":\"https:\\\/\\\/www.gold.fr\\\/news\\\/#website\",\"url\":\"https:\\\/\\\/www.gold.fr\\\/news\\\/\",\"name\":\"Gold.fr\",\"description\":\"Actualit\u00e9s de l&#039;Or et des m\u00e9taux pr\u00e9cieux\",\"potentialAction\":[{\"@type\":\"SearchAction\",\"target\":{\"@type\":\"EntryPoint\",\"urlTemplate\":\"https:\\\/\\\/www.gold.fr\\\/news\\\/?s={search_term_string}\"},\"query-input\":{\"@type\":\"PropertyValueSpecification\",\"valueRequired\":true,\"valueName\":\"search_term_string\"}}],\"inLanguage\":\"fr-FR\"},{\"@type\":\"Person\",\"@id\":\"https:\\\/\\\/www.gold.fr\\\/news\\\/#\\\/schema\\\/person\\\/070491b4b4fb7671bf59b3be20302ce9\",\"name\":\"Comptoir National de l'Or\",\"image\":{\"@type\":\"ImageObject\",\"inLanguage\":\"fr-FR\",\"@id\":\"https:\\\/\\\/secure.gravatar.com\\\/avatar\\\/0a2867fd5abe37bed95d5a65e9d58f01756e11efc68af9888dfc50cfa7f65948?s=96&d=mm&r=gb490554db0a38188709de567aa58480d\",\"url\":\"https:\\\/\\\/secure.gravatar.com\\\/avatar\\\/0a2867fd5abe37bed95d5a65e9d58f01756e11efc68af9888dfc50cfa7f65948?s=96&d=mm&r=g\",\"contentUrl\":\"https:\\\/\\\/secure.gravatar.com\\\/avatar\\\/0a2867fd5abe37bed95d5a65e9d58f01756e11efc68af9888dfc50cfa7f65948?s=96&d=mm&r=g\",\"caption\":\"Comptoir National de l'Or\"},\"description\":\"Notre r\u00e9daction est constitu\u00e9e de membres experts dans les m\u00e9tiers de l'\u00e9conomie et la gestion, des Responsables d'agence Comptoir National de l'Or, des analystes financiers qui publient r\u00e9guli\u00e8rement des \u00e9tudes sur les politiques des banques centrales, le cours de l'or, prix de l'or, cours de l'argent, prix de l'argent, cours du platine, cours du palladium,... la situation en zone euro et l'impact de la strat\u00e9gie mon\u00e9taire de la FED. Notre \u00e9quipe scrute \u00e9galement une information plus g\u00e9n\u00e9raliste \u00e0 la recherche d'actualit\u00e9 \\\"p\u00e9pite\\\" \u00e0 vous partager. Depuis 5 ans, nous avons publi\u00e9 un peu plus de 4000 articles qui s'adressent \u00e0 un public large et vari\u00e9 ayant pour objectif de satisfaire votre curiosit\u00e9 et de partager avec vous une certaine fascination pour le m\u00e9tal jaune, le rachat d'or, et pour ceux qui veulent investir dans l'or, vendre leur or tout simplement en savoir plus... Pour tous vos achat or et argent, n'h\u00e9sitez pas \u00e0 prendre rendez-vous dans l'un de nos nombreux comptoirs.\",\"sameAs\":[\"https:\\\/\\\/www.gold.fr\"]}]}<\/script>\n<!-- \/ Yoast SEO plugin. -->","yoast_head_json":{"title":"Apple et Microsoft tirent les march\u00e9s boursiers vers le bas - Gold.fr","robots":{"index":"index","follow":"follow","max-snippet":"max-snippet:-1","max-image-preview":"max-image-preview:large","max-video-preview":"max-video-preview:-1"},"canonical":"https:\/\/www.gold.fr\/news\/2015\/07\/23\/apple-et-microsoft-tirent-les-marches-boursiers-vers-le-bas\/","og_locale":"fr_FR","og_type":"article","og_title":"Apple et Microsoft tirent les march\u00e9s boursiers vers le bas - Gold.fr","og_description":"Les principales places boursi\u00e8res europ\u00e9ennes affichaient, unanimement, des performances plus ou moins baissi\u00e8res, tout au long de la s\u00e9ance de mercredi, au lendemain de la publication de deux r\u00e9sultats trimestriels am\u00e9ricains jug\u00e9s majeurs. Lorsque les performances [&hellip;]","og_url":"https:\/\/www.gold.fr\/news\/2015\/07\/23\/apple-et-microsoft-tirent-les-marches-boursiers-vers-le-bas\/","og_site_name":"Gold.fr","article_publisher":"https:\/\/www.facebook.com\/Goldfr\/","article_published_time":"2015-07-23T07:00:26+00:00","article_modified_time":"2017-11-29T17:01:19+00:00","og_image":[{"width":600,"height":350,"url":"https:\/\/www.gold.fr\/news\/wp-content\/uploads\/2012\/11\/ipad-or.jpg","type":"image\/jpeg"}],"author":"Comptoir National de l'Or","twitter_card":"summary_large_image","twitter_misc":{"\u00c9crit par":"Comptoir National de l'Or","Dur\u00e9e de lecture estim\u00e9e":"1 minute"},"schema":{"@context":"https:\/\/schema.org","@graph":[{"@type":"Article","@id":"https:\/\/www.gold.fr\/news\/2015\/07\/23\/apple-et-microsoft-tirent-les-marches-boursiers-vers-le-bas\/#article","isPartOf":{"@id":"https:\/\/www.gold.fr\/news\/2015\/07\/23\/apple-et-microsoft-tirent-les-marches-boursiers-vers-le-bas\/"},"author":{"name":"Comptoir National de l'Or","@id":"https:\/\/www.gold.fr\/news\/#\/schema\/person\/070491b4b4fb7671bf59b3be20302ce9"},"headline":"Apple et Microsoft tirent les march\u00e9s boursiers vers le bas","datePublished":"2015-07-23T07:00:26+00:00","dateModified":"2017-11-29T17:01:19+00:00","mainEntityOfPage":{"@id":"https:\/\/www.gold.fr\/news\/2015\/07\/23\/apple-et-microsoft-tirent-les-marches-boursiers-vers-le-bas\/"},"wordCount":273,"commentCount":0,"image":{"@id":"https:\/\/www.gold.fr\/news\/2015\/07\/23\/apple-et-microsoft-tirent-les-marches-boursiers-vers-le-bas\/#primaryimage"},"thumbnailUrl":"https:\/\/www.gold.fr\/news\/wp-content\/uploads\/2012\/11\/ipad-or.jpg","keywords":["Apple","march\u00e9 boursier","march\u00e9 euro","microsoft"],"articleSection":["Articles de presse"],"inLanguage":"fr-FR"},{"@type":"WebPage","@id":"https:\/\/www.gold.fr\/news\/2015\/07\/23\/apple-et-microsoft-tirent-les-marches-boursiers-vers-le-bas\/","url":"https:\/\/www.gold.fr\/news\/2015\/07\/23\/apple-et-microsoft-tirent-les-marches-boursiers-vers-le-bas\/","name":"Apple et Microsoft tirent les march\u00e9s boursiers vers le bas - Gold.fr","isPartOf":{"@id":"https:\/\/www.gold.fr\/news\/#website"},"primaryImageOfPage":{"@id":"https:\/\/www.gold.fr\/news\/2015\/07\/23\/apple-et-microsoft-tirent-les-marches-boursiers-vers-le-bas\/#primaryimage"},"image":{"@id":"https:\/\/www.gold.fr\/news\/2015\/07\/23\/apple-et-microsoft-tirent-les-marches-boursiers-vers-le-bas\/#primaryimage"},"thumbnailUrl":"https:\/\/www.gold.fr\/news\/wp-content\/uploads\/2012\/11\/ipad-or.jpg","datePublished":"2015-07-23T07:00:26+00:00","dateModified":"2017-11-29T17:01:19+00:00","author":{"@id":"https:\/\/www.gold.fr\/news\/#\/schema\/person\/070491b4b4fb7671bf59b3be20302ce9"},"breadcrumb":{"@id":"https:\/\/www.gold.fr\/news\/2015\/07\/23\/apple-et-microsoft-tirent-les-marches-boursiers-vers-le-bas\/#breadcrumb"},"inLanguage":"fr-FR","potentialAction":[{"@type":"ReadAction","target":["https:\/\/www.gold.fr\/news\/2015\/07\/23\/apple-et-microsoft-tirent-les-marches-boursiers-vers-le-bas\/"]}]},{"@type":"ImageObject","inLanguage":"fr-FR","@id":"https:\/\/www.gold.fr\/news\/2015\/07\/23\/apple-et-microsoft-tirent-les-marches-boursiers-vers-le-bas\/#primaryimage","url":"https:\/\/www.gold.fr\/news\/wp-content\/uploads\/2012\/11\/ipad-or.jpg","contentUrl":"https:\/\/www.gold.fr\/news\/wp-content\/uploads\/2012\/11\/ipad-or.jpg","width":"600","height":"350","caption":"March\u00e9s US : Retour \u00e0 la normale"},{"@type":"BreadcrumbList","@id":"https:\/\/www.gold.fr\/news\/2015\/07\/23\/apple-et-microsoft-tirent-les-marches-boursiers-vers-le-bas\/#breadcrumb","itemListElement":[{"@type":"ListItem","position":1,"name":"Accueil","item":"https:\/\/www.gold.fr\/"},{"@type":"ListItem","position":2,"name":"Actualit\u00e9s","item":"https:\/\/www.gold.fr\/news\/"},{"@type":"ListItem","position":3,"name":"Apple et Microsoft tirent les march\u00e9s boursiers vers le bas"}]},{"@type":"WebSite","@id":"https:\/\/www.gold.fr\/news\/#website","url":"https:\/\/www.gold.fr\/news\/","name":"Gold.fr","description":"Actualit\u00e9s de l&#039;Or et des m\u00e9taux pr\u00e9cieux","potentialAction":[{"@type":"SearchAction","target":{"@type":"EntryPoint","urlTemplate":"https:\/\/www.gold.fr\/news\/?s={search_term_string}"},"query-input":{"@type":"PropertyValueSpecification","valueRequired":true,"valueName":"search_term_string"}}],"inLanguage":"fr-FR"},{"@type":"Person","@id":"https:\/\/www.gold.fr\/news\/#\/schema\/person\/070491b4b4fb7671bf59b3be20302ce9","name":"Comptoir National de l'Or","image":{"@type":"ImageObject","inLanguage":"fr-FR","@id":"https:\/\/secure.gravatar.com\/avatar\/0a2867fd5abe37bed95d5a65e9d58f01756e11efc68af9888dfc50cfa7f65948?s=96&d=mm&r=gb490554db0a38188709de567aa58480d","url":"https:\/\/secure.gravatar.com\/avatar\/0a2867fd5abe37bed95d5a65e9d58f01756e11efc68af9888dfc50cfa7f65948?s=96&d=mm&r=g","contentUrl":"https:\/\/secure.gravatar.com\/avatar\/0a2867fd5abe37bed95d5a65e9d58f01756e11efc68af9888dfc50cfa7f65948?s=96&d=mm&r=g","caption":"Comptoir National de l'Or"},"description":"Notre r\u00e9daction est constitu\u00e9e de membres experts dans les m\u00e9tiers de l'\u00e9conomie et la gestion, des Responsables d'agence Comptoir National de l'Or, des analystes financiers qui publient r\u00e9guli\u00e8rement des \u00e9tudes sur les politiques des banques centrales, le cours de l'or, prix de l'or, cours de l'argent, prix de l'argent, cours du platine, cours du palladium,... la situation en zone euro et l'impact de la strat\u00e9gie mon\u00e9taire de la FED. Notre \u00e9quipe scrute \u00e9galement une information plus g\u00e9n\u00e9raliste \u00e0 la recherche d'actualit\u00e9 \"p\u00e9pite\" \u00e0 vous partager. Depuis 5 ans, nous avons publi\u00e9 un peu plus de 4000 articles qui s'adressent \u00e0 un public large et vari\u00e9 ayant pour objectif de satisfaire votre curiosit\u00e9 et de partager avec vous une certaine fascination pour le m\u00e9tal jaune, le rachat d'or, et pour ceux qui veulent investir dans l'or, vendre leur or tout simplement en savoir plus... Pour tous vos achat or et argent, n'h\u00e9sitez pas \u00e0 prendre rendez-vous dans l'un de nos nombreux comptoirs.","sameAs":["https:\/\/www.gold.fr"]}]}},"authors":[{"term_id":2565,"user_id":18,"is_guest":0,"slug":"julie","display_name":"Comptoir National de l'Or","avatar_url":"https:\/\/secure.gravatar.com\/avatar\/713f289e398d35ead876c4a4cc08607f0d6d266058cfc25683fffb6092d0e572?s=96&d=mm&r=g","0":null,"1":"","2":"","3":"","4":"","5":"","6":"","7":"","8":""}],"_links":{"self":[{"href":"https:\/\/www.gold.fr\/news\/wp-json\/wp\/v2\/posts\/17558","targetHints":{"allow":["GET"]}}],"collection":[{"href":"https:\/\/www.gold.fr\/news\/wp-json\/wp\/v2\/posts"}],"about":[{"href":"https:\/\/www.gold.fr\/news\/wp-json\/wp\/v2\/types\/post"}],"author":[{"embeddable":true,"href":"https:\/\/www.gold.fr\/news\/wp-json\/wp\/v2\/users\/18"}],"replies":[{"embeddable":true,"href":"https:\/\/www.gold.fr\/news\/wp-json\/wp\/v2\/comments?post=17558"}],"version-history":[{"count":0,"href":"https:\/\/www.gold.fr\/news\/wp-json\/wp\/v2\/posts\/17558\/revisions"}],"wp:featuredmedia":[{"embeddable":true,"href":"https:\/\/www.gold.fr\/news\/wp-json\/wp\/v2\/media\/9886"}],"wp:attachment":[{"href":"https:\/\/www.gold.fr\/news\/wp-json\/wp\/v2\/media?parent=17558"}],"wp:term":[{"taxonomy":"category","embeddable":true,"href":"https:\/\/www.gold.fr\/news\/wp-json\/wp\/v2\/categories?post=17558"},{"taxonomy":"post_tag","embeddable":true,"href":"https:\/\/www.gold.fr\/news\/wp-json\/wp\/v2\/tags?post=17558"},{"taxonomy":"author","embeddable":true,"href":"https:\/\/www.gold.fr\/news\/wp-json\/wp\/v2\/ppma_author?post=17558"}],"curies":[{"name":"wp","href":"https:\/\/api.w.org\/{rel}","templated":true}]}}