{"id":17549,"date":"2015-07-22T09:00:55","date_gmt":"2015-07-22T07:00:55","guid":{"rendered":"https:\/\/www.gold.fr\/news\/?p=17549"},"modified":"2021-09-09T13:26:37","modified_gmt":"2021-09-09T11:26:37","slug":"lor-entre-grece-chineet-fed","status":"publish","type":"post","link":"https:\/\/www.gold.fr\/news\/2015\/07\/22\/lor-entre-grece-chineet-fed\/","title":{"rendered":"L\u2019or entre Gr\u00e8ce, Chine\u2026et FED"},"content":{"rendered":"<p><img loading=\"lazy\" decoding=\"async\" class=\"alignleft size-thumbnail wp-image-3793\" title=\"L\u2019or entre Gr\u00e8ce, Chine\u2026et FED\" src=\"https:\/\/www.gold.fr\/news\/wp-content\/uploads\/2011\/12\/87319963.jpg\" alt=\"\" width=\"150\" height=\"150\" \/><span style=\"font-size: small;\">L&rsquo;\u00e9quation serait nettement plus g\u00e9rable si elle n&rsquo;impliquait que la <strong>Chine<\/strong> et la <strong>Gr\u00e8ce<\/strong>. L&rsquo;affrontement des deux courants \u2013l&rsquo;un baissier, l&rsquo;autre haussier- permettrait au moins au march\u00e9 aurif\u00e8re de s&rsquo;orienter vers une stabilisation relative. Toutefois, le poids constant de la pression <strong>FED<\/strong> continue \u00e0 tirer le march\u00e9 vers le bas, m\u00eame si une phase de reprise est d\u00e9j\u00e0 pr\u00e9vue d&rsquo;ici la fin de l&rsquo;\u00e9t\u00e9.<\/span> <span style=\"font-size: small;\">En tout cas, le courant haussier du moment nous parvient, \u00e9tonnamment, de la <strong>Chine<\/strong>. Et il s&rsquo;agit d&rsquo;un fait surprenant pour deux principales raisons ; d&rsquo;abord, la <strong>Chine<\/strong> <a title=\"Hausse de 60% des r\u00e9serves aurif\u00e8res chinoises\" href=\"https:\/\/www.gold.fr\/news\/2015\/07\/20\/hausse-de-60-des-reserves-auriferes-chinoises\/17536\/\" target=\"_blank\" rel=\"noopener\">traverse actuellement une crise boursi\u00e8re majeure<\/a>. Et par ailleurs, le gouvernement chinois est mondialement et traditionnellement connu pour son excessive discr\u00e9tion lorsqu&rsquo;il s&rsquo;agit de r\u00e9v\u00e9ler une quelconque donn\u00e9e chiffr\u00e9e sur ses r\u00e9serves d&rsquo;<a class=\"esk-seo-plu-link\" href=\"https:\/\/www.gold.fr\/news\/tags\/or\">or<\/a>. <a class=\"esk-seo-plu-link\" href=\"https:\/\/www.gold.fr\/news\/tags\/or\">Or<\/a>, la <strong>Chine<\/strong> vient de publier un rapport officiel recensant <strong>60%<\/strong> de hausse des r\u00e9serves aurif\u00e8res du pays, depuis <strong>2009<\/strong>. Cette hausse s&rsquo;impose, selon le rapport, en d\u00e9pit d&rsquo;une d\u00e9c\u00e9l\u00e9ration du rythme d&rsquo;acquisition, \u00ab <em>apr\u00e8s un bond de 75% entre 2003 et 2009<\/em> \u00bb, en raison de la baisse de <strong>4%<\/strong> de la demande mondiale d&rsquo;<a class=\"esk-seo-plu-link\" href=\"https:\/\/www.gold.fr\/news\/tags\/or\">or<\/a> physique (bijoux, <a class=\"esk-seo-plu-link\" href=\"https:\/\/www.gold.fr\/news\/tags\/piece-dor\">pi\u00e8ces<\/a> et lingots) par rapport \u00e0<strong> 2013<\/strong>, \u00e0 <strong>3.924 tonnes<\/strong>.<\/span> <span style=\"font-size: small;\">C\u00f4t\u00e9 grec, les analystes d&rsquo;<strong>ADS Securities<\/strong> rapportent que \u00ab <em>les banques grecques rouvrent leurs portes (cette semaine) avec l&rsquo;assouplissement des contr\u00f4les de capitaux, ce qui va maintenir l&rsquo;optimisme des march\u00e9s europ\u00e9ens, mais va probablement voir une poursuite du d\u00e9clin de la valeur de l&rsquo;euro<\/em> \u00bb.<\/span><\/p>\n<!-- AddThis Advanced Settings generic via filter on the_content --><!-- AddThis Share Buttons generic via filter on the_content -->","protected":false},"excerpt":{"rendered":"<p>L&rsquo;\u00e9quation serait nettement plus g\u00e9rable si elle n&rsquo;impliquait que la Chine et la Gr\u00e8ce. L&rsquo;affrontement des deux courants \u2013l&rsquo;un baissier, l&rsquo;autre haussier- permettrait au moins au march\u00e9 aurif\u00e8re de s&rsquo;orienter vers une stabilisation relative. Toutefois, le [&hellip;]<\/p>\n","protected":false},"author":18,"featured_media":4547,"comment_status":"closed","ping_status":"closed","sticky":false,"template":"","format":"standard","meta":{"_mbp_gutenberg_autopost":false,"_pgmb_is_evergreen":false,"_pgmb_ap_template_id":0,"footnotes":""},"categories":[6],"tags":[2061,144,224,76,302],"ppma_author":[2565],"class_list":["post-17549","post","type-post","status-publish","format-standard","has-post-thumbnail","hentry","category-articles-de-presse","tag-crise-boursiere","tag-fed","tag-grece","tag-or","tag-or-chine"],"yoast_head":"<!-- This site is optimized with the Yoast SEO plugin v27.5 - https:\/\/yoast.com\/product\/yoast-seo-wordpress\/ -->\n<title>L\u2019or entre Gr\u00e8ce, Chine\u2026et FED - Gold.fr<\/title>\n<meta name=\"robots\" content=\"index, follow, max-snippet:-1, max-image-preview:large, max-video-preview:-1\" \/>\n<link rel=\"canonical\" href=\"https:\/\/www.gold.fr\/news\/2015\/07\/22\/lor-entre-grece-chineet-fed\/\" \/>\n<meta property=\"og:locale\" content=\"fr_FR\" \/>\n<meta property=\"og:type\" content=\"article\" \/>\n<meta property=\"og:title\" content=\"L\u2019or entre Gr\u00e8ce, Chine\u2026et FED - Gold.fr\" \/>\n<meta property=\"og:description\" content=\"L&rsquo;\u00e9quation serait nettement plus g\u00e9rable si elle n&rsquo;impliquait que la Chine et la Gr\u00e8ce. L&rsquo;affrontement des deux courants \u2013l&rsquo;un baissier, l&rsquo;autre haussier- permettrait au moins au march\u00e9 aurif\u00e8re de s&rsquo;orienter vers une stabilisation relative. Toutefois, le [&hellip;]\" \/>\n<meta property=\"og:url\" content=\"https:\/\/www.gold.fr\/news\/2015\/07\/22\/lor-entre-grece-chineet-fed\/\" \/>\n<meta property=\"og:site_name\" content=\"Gold.fr\" \/>\n<meta property=\"article:publisher\" content=\"https:\/\/www.facebook.com\/Goldfr\/\" \/>\n<meta property=\"article:published_time\" content=\"2015-07-22T07:00:55+00:00\" \/>\n<meta property=\"article:modified_time\" content=\"2021-09-09T11:26:37+00:00\" \/>\n<meta property=\"og:image\" content=\"https:\/\/www.gold.fr\/news\/wp-content\/uploads\/2011\/12\/87319963.jpg\" \/>\n\t<meta property=\"og:image:width\" content=\"600\" \/>\n\t<meta property=\"og:image:height\" content=\"400\" \/>\n\t<meta property=\"og:image:type\" content=\"image\/jpeg\" \/>\n<meta name=\"author\" content=\"Comptoir National de l&#039;Or\" \/>\n<meta name=\"twitter:card\" content=\"summary_large_image\" \/>\n<meta name=\"twitter:label1\" content=\"\u00c9crit par\" \/>\n\t<meta name=\"twitter:data1\" content=\"Comptoir National de l&#039;Or\" \/>\n\t<meta name=\"twitter:label2\" content=\"Dur\u00e9e de lecture estim\u00e9e\" \/>\n\t<meta name=\"twitter:data2\" content=\"1 minute\" \/>\n<script type=\"application\/ld+json\" class=\"yoast-schema-graph\">{\"@context\":\"https:\\\/\\\/schema.org\",\"@graph\":[{\"@type\":\"Article\",\"@id\":\"https:\\\/\\\/www.gold.fr\\\/news\\\/2015\\\/07\\\/22\\\/lor-entre-grece-chineet-fed\\\/#article\",\"isPartOf\":{\"@id\":\"https:\\\/\\\/www.gold.fr\\\/news\\\/2015\\\/07\\\/22\\\/lor-entre-grece-chineet-fed\\\/\"},\"author\":{\"name\":\"Comptoir National de l'Or\",\"@id\":\"https:\\\/\\\/www.gold.fr\\\/news\\\/#\\\/schema\\\/person\\\/070491b4b4fb7671bf59b3be20302ce9\"},\"headline\":\"L\u2019or entre Gr\u00e8ce, Chine\u2026et FED\",\"datePublished\":\"2015-07-22T07:00:55+00:00\",\"dateModified\":\"2021-09-09T11:26:37+00:00\",\"mainEntityOfPage\":{\"@id\":\"https:\\\/\\\/www.gold.fr\\\/news\\\/2015\\\/07\\\/22\\\/lor-entre-grece-chineet-fed\\\/\"},\"wordCount\":278,\"image\":{\"@id\":\"https:\\\/\\\/www.gold.fr\\\/news\\\/2015\\\/07\\\/22\\\/lor-entre-grece-chineet-fed\\\/#primaryimage\"},\"thumbnailUrl\":\"https:\\\/\\\/www.gold.fr\\\/news\\\/wp-content\\\/uploads\\\/2011\\\/12\\\/87319963.jpg\",\"keywords\":[\"crise boursi\u00e8re\",\"fed\",\"Gr\u00e8ce\",\"Or\",\"Or Chine\"],\"articleSection\":[\"Articles de presse\"],\"inLanguage\":\"fr-FR\"},{\"@type\":\"WebPage\",\"@id\":\"https:\\\/\\\/www.gold.fr\\\/news\\\/2015\\\/07\\\/22\\\/lor-entre-grece-chineet-fed\\\/\",\"url\":\"https:\\\/\\\/www.gold.fr\\\/news\\\/2015\\\/07\\\/22\\\/lor-entre-grece-chineet-fed\\\/\",\"name\":\"L\u2019or entre Gr\u00e8ce, Chine\u2026et FED - Gold.fr\",\"isPartOf\":{\"@id\":\"https:\\\/\\\/www.gold.fr\\\/news\\\/#website\"},\"primaryImageOfPage\":{\"@id\":\"https:\\\/\\\/www.gold.fr\\\/news\\\/2015\\\/07\\\/22\\\/lor-entre-grece-chineet-fed\\\/#primaryimage\"},\"image\":{\"@id\":\"https:\\\/\\\/www.gold.fr\\\/news\\\/2015\\\/07\\\/22\\\/lor-entre-grece-chineet-fed\\\/#primaryimage\"},\"thumbnailUrl\":\"https:\\\/\\\/www.gold.fr\\\/news\\\/wp-content\\\/uploads\\\/2011\\\/12\\\/87319963.jpg\",\"datePublished\":\"2015-07-22T07:00:55+00:00\",\"dateModified\":\"2021-09-09T11:26:37+00:00\",\"author\":{\"@id\":\"https:\\\/\\\/www.gold.fr\\\/news\\\/#\\\/schema\\\/person\\\/070491b4b4fb7671bf59b3be20302ce9\"},\"breadcrumb\":{\"@id\":\"https:\\\/\\\/www.gold.fr\\\/news\\\/2015\\\/07\\\/22\\\/lor-entre-grece-chineet-fed\\\/#breadcrumb\"},\"inLanguage\":\"fr-FR\",\"potentialAction\":[{\"@type\":\"ReadAction\",\"target\":[\"https:\\\/\\\/www.gold.fr\\\/news\\\/2015\\\/07\\\/22\\\/lor-entre-grece-chineet-fed\\\/\"]}]},{\"@type\":\"ImageObject\",\"inLanguage\":\"fr-FR\",\"@id\":\"https:\\\/\\\/www.gold.fr\\\/news\\\/2015\\\/07\\\/22\\\/lor-entre-grece-chineet-fed\\\/#primaryimage\",\"url\":\"https:\\\/\\\/www.gold.fr\\\/news\\\/wp-content\\\/uploads\\\/2011\\\/12\\\/87319963.jpg\",\"contentUrl\":\"https:\\\/\\\/www.gold.fr\\\/news\\\/wp-content\\\/uploads\\\/2011\\\/12\\\/87319963.jpg\",\"width\":\"600\",\"height\":\"400\",\"caption\":\"Dossier grec : La fin d\u2019une crise ?\"},{\"@type\":\"BreadcrumbList\",\"@id\":\"https:\\\/\\\/www.gold.fr\\\/news\\\/2015\\\/07\\\/22\\\/lor-entre-grece-chineet-fed\\\/#breadcrumb\",\"itemListElement\":[{\"@type\":\"ListItem\",\"position\":1,\"name\":\"Accueil\",\"item\":\"https:\\\/\\\/www.gold.fr\\\/\"},{\"@type\":\"ListItem\",\"position\":2,\"name\":\"Actualit\u00e9s\",\"item\":\"https:\\\/\\\/www.gold.fr\\\/news\\\/\"},{\"@type\":\"ListItem\",\"position\":3,\"name\":\"L\u2019or entre Gr\u00e8ce, Chine\u2026et FED\"}]},{\"@type\":\"WebSite\",\"@id\":\"https:\\\/\\\/www.gold.fr\\\/news\\\/#website\",\"url\":\"https:\\\/\\\/www.gold.fr\\\/news\\\/\",\"name\":\"Gold.fr\",\"description\":\"Actualit\u00e9s de l&#039;Or et des m\u00e9taux pr\u00e9cieux\",\"potentialAction\":[{\"@type\":\"SearchAction\",\"target\":{\"@type\":\"EntryPoint\",\"urlTemplate\":\"https:\\\/\\\/www.gold.fr\\\/news\\\/?s={search_term_string}\"},\"query-input\":{\"@type\":\"PropertyValueSpecification\",\"valueRequired\":true,\"valueName\":\"search_term_string\"}}],\"inLanguage\":\"fr-FR\"},{\"@type\":\"Person\",\"@id\":\"https:\\\/\\\/www.gold.fr\\\/news\\\/#\\\/schema\\\/person\\\/070491b4b4fb7671bf59b3be20302ce9\",\"name\":\"Comptoir National de l'Or\",\"image\":{\"@type\":\"ImageObject\",\"inLanguage\":\"fr-FR\",\"@id\":\"https:\\\/\\\/secure.gravatar.com\\\/avatar\\\/0a2867fd5abe37bed95d5a65e9d58f01756e11efc68af9888dfc50cfa7f65948?s=96&d=mm&r=gb490554db0a38188709de567aa58480d\",\"url\":\"https:\\\/\\\/secure.gravatar.com\\\/avatar\\\/0a2867fd5abe37bed95d5a65e9d58f01756e11efc68af9888dfc50cfa7f65948?s=96&d=mm&r=g\",\"contentUrl\":\"https:\\\/\\\/secure.gravatar.com\\\/avatar\\\/0a2867fd5abe37bed95d5a65e9d58f01756e11efc68af9888dfc50cfa7f65948?s=96&d=mm&r=g\",\"caption\":\"Comptoir National de l'Or\"},\"description\":\"Notre r\u00e9daction est constitu\u00e9e de membres experts dans les m\u00e9tiers de l'\u00e9conomie et la gestion, des Responsables d'agence Comptoir National de l'Or, des analystes financiers qui publient r\u00e9guli\u00e8rement des \u00e9tudes sur les politiques des banques centrales, le cours de l'or, prix de l'or, cours de l'argent, prix de l'argent, cours du platine, cours du palladium,... la situation en zone euro et l'impact de la strat\u00e9gie mon\u00e9taire de la FED. Notre \u00e9quipe scrute \u00e9galement une information plus g\u00e9n\u00e9raliste \u00e0 la recherche d'actualit\u00e9 \\\"p\u00e9pite\\\" \u00e0 vous partager. Depuis 5 ans, nous avons publi\u00e9 un peu plus de 4000 articles qui s'adressent \u00e0 un public large et vari\u00e9 ayant pour objectif de satisfaire votre curiosit\u00e9 et de partager avec vous une certaine fascination pour le m\u00e9tal jaune, le rachat d'or, et pour ceux qui veulent investir dans l'or, vendre leur or tout simplement en savoir plus... Pour tous vos achat or et argent, n'h\u00e9sitez pas \u00e0 prendre rendez-vous dans l'un de nos nombreux comptoirs.\",\"sameAs\":[\"https:\\\/\\\/www.gold.fr\"]}]}<\/script>\n<!-- \/ Yoast SEO plugin. -->","yoast_head_json":{"title":"L\u2019or entre Gr\u00e8ce, Chine\u2026et FED - Gold.fr","robots":{"index":"index","follow":"follow","max-snippet":"max-snippet:-1","max-image-preview":"max-image-preview:large","max-video-preview":"max-video-preview:-1"},"canonical":"https:\/\/www.gold.fr\/news\/2015\/07\/22\/lor-entre-grece-chineet-fed\/","og_locale":"fr_FR","og_type":"article","og_title":"L\u2019or entre Gr\u00e8ce, Chine\u2026et FED - Gold.fr","og_description":"L&rsquo;\u00e9quation serait nettement plus g\u00e9rable si elle n&rsquo;impliquait que la Chine et la Gr\u00e8ce. L&rsquo;affrontement des deux courants \u2013l&rsquo;un baissier, l&rsquo;autre haussier- permettrait au moins au march\u00e9 aurif\u00e8re de s&rsquo;orienter vers une stabilisation relative. Toutefois, le [&hellip;]","og_url":"https:\/\/www.gold.fr\/news\/2015\/07\/22\/lor-entre-grece-chineet-fed\/","og_site_name":"Gold.fr","article_publisher":"https:\/\/www.facebook.com\/Goldfr\/","article_published_time":"2015-07-22T07:00:55+00:00","article_modified_time":"2021-09-09T11:26:37+00:00","og_image":[{"width":600,"height":400,"url":"https:\/\/www.gold.fr\/news\/wp-content\/uploads\/2011\/12\/87319963.jpg","type":"image\/jpeg"}],"author":"Comptoir National de l'Or","twitter_card":"summary_large_image","twitter_misc":{"\u00c9crit par":"Comptoir National de l'Or","Dur\u00e9e de lecture estim\u00e9e":"1 minute"},"schema":{"@context":"https:\/\/schema.org","@graph":[{"@type":"Article","@id":"https:\/\/www.gold.fr\/news\/2015\/07\/22\/lor-entre-grece-chineet-fed\/#article","isPartOf":{"@id":"https:\/\/www.gold.fr\/news\/2015\/07\/22\/lor-entre-grece-chineet-fed\/"},"author":{"name":"Comptoir National de l'Or","@id":"https:\/\/www.gold.fr\/news\/#\/schema\/person\/070491b4b4fb7671bf59b3be20302ce9"},"headline":"L\u2019or entre Gr\u00e8ce, Chine\u2026et FED","datePublished":"2015-07-22T07:00:55+00:00","dateModified":"2021-09-09T11:26:37+00:00","mainEntityOfPage":{"@id":"https:\/\/www.gold.fr\/news\/2015\/07\/22\/lor-entre-grece-chineet-fed\/"},"wordCount":278,"image":{"@id":"https:\/\/www.gold.fr\/news\/2015\/07\/22\/lor-entre-grece-chineet-fed\/#primaryimage"},"thumbnailUrl":"https:\/\/www.gold.fr\/news\/wp-content\/uploads\/2011\/12\/87319963.jpg","keywords":["crise boursi\u00e8re","fed","Gr\u00e8ce","Or","Or Chine"],"articleSection":["Articles de presse"],"inLanguage":"fr-FR"},{"@type":"WebPage","@id":"https:\/\/www.gold.fr\/news\/2015\/07\/22\/lor-entre-grece-chineet-fed\/","url":"https:\/\/www.gold.fr\/news\/2015\/07\/22\/lor-entre-grece-chineet-fed\/","name":"L\u2019or entre Gr\u00e8ce, Chine\u2026et FED - Gold.fr","isPartOf":{"@id":"https:\/\/www.gold.fr\/news\/#website"},"primaryImageOfPage":{"@id":"https:\/\/www.gold.fr\/news\/2015\/07\/22\/lor-entre-grece-chineet-fed\/#primaryimage"},"image":{"@id":"https:\/\/www.gold.fr\/news\/2015\/07\/22\/lor-entre-grece-chineet-fed\/#primaryimage"},"thumbnailUrl":"https:\/\/www.gold.fr\/news\/wp-content\/uploads\/2011\/12\/87319963.jpg","datePublished":"2015-07-22T07:00:55+00:00","dateModified":"2021-09-09T11:26:37+00:00","author":{"@id":"https:\/\/www.gold.fr\/news\/#\/schema\/person\/070491b4b4fb7671bf59b3be20302ce9"},"breadcrumb":{"@id":"https:\/\/www.gold.fr\/news\/2015\/07\/22\/lor-entre-grece-chineet-fed\/#breadcrumb"},"inLanguage":"fr-FR","potentialAction":[{"@type":"ReadAction","target":["https:\/\/www.gold.fr\/news\/2015\/07\/22\/lor-entre-grece-chineet-fed\/"]}]},{"@type":"ImageObject","inLanguage":"fr-FR","@id":"https:\/\/www.gold.fr\/news\/2015\/07\/22\/lor-entre-grece-chineet-fed\/#primaryimage","url":"https:\/\/www.gold.fr\/news\/wp-content\/uploads\/2011\/12\/87319963.jpg","contentUrl":"https:\/\/www.gold.fr\/news\/wp-content\/uploads\/2011\/12\/87319963.jpg","width":"600","height":"400","caption":"Dossier grec : La fin d\u2019une crise ?"},{"@type":"BreadcrumbList","@id":"https:\/\/www.gold.fr\/news\/2015\/07\/22\/lor-entre-grece-chineet-fed\/#breadcrumb","itemListElement":[{"@type":"ListItem","position":1,"name":"Accueil","item":"https:\/\/www.gold.fr\/"},{"@type":"ListItem","position":2,"name":"Actualit\u00e9s","item":"https:\/\/www.gold.fr\/news\/"},{"@type":"ListItem","position":3,"name":"L\u2019or entre Gr\u00e8ce, Chine\u2026et FED"}]},{"@type":"WebSite","@id":"https:\/\/www.gold.fr\/news\/#website","url":"https:\/\/www.gold.fr\/news\/","name":"Gold.fr","description":"Actualit\u00e9s de l&#039;Or et des m\u00e9taux pr\u00e9cieux","potentialAction":[{"@type":"SearchAction","target":{"@type":"EntryPoint","urlTemplate":"https:\/\/www.gold.fr\/news\/?s={search_term_string}"},"query-input":{"@type":"PropertyValueSpecification","valueRequired":true,"valueName":"search_term_string"}}],"inLanguage":"fr-FR"},{"@type":"Person","@id":"https:\/\/www.gold.fr\/news\/#\/schema\/person\/070491b4b4fb7671bf59b3be20302ce9","name":"Comptoir National de l'Or","image":{"@type":"ImageObject","inLanguage":"fr-FR","@id":"https:\/\/secure.gravatar.com\/avatar\/0a2867fd5abe37bed95d5a65e9d58f01756e11efc68af9888dfc50cfa7f65948?s=96&d=mm&r=gb490554db0a38188709de567aa58480d","url":"https:\/\/secure.gravatar.com\/avatar\/0a2867fd5abe37bed95d5a65e9d58f01756e11efc68af9888dfc50cfa7f65948?s=96&d=mm&r=g","contentUrl":"https:\/\/secure.gravatar.com\/avatar\/0a2867fd5abe37bed95d5a65e9d58f01756e11efc68af9888dfc50cfa7f65948?s=96&d=mm&r=g","caption":"Comptoir National de l'Or"},"description":"Notre r\u00e9daction est constitu\u00e9e de membres experts dans les m\u00e9tiers de l'\u00e9conomie et la gestion, des Responsables d'agence Comptoir National de l'Or, des analystes financiers qui publient r\u00e9guli\u00e8rement des \u00e9tudes sur les politiques des banques centrales, le cours de l'or, prix de l'or, cours de l'argent, prix de l'argent, cours du platine, cours du palladium,... la situation en zone euro et l'impact de la strat\u00e9gie mon\u00e9taire de la FED. Notre \u00e9quipe scrute \u00e9galement une information plus g\u00e9n\u00e9raliste \u00e0 la recherche d'actualit\u00e9 \"p\u00e9pite\" \u00e0 vous partager. Depuis 5 ans, nous avons publi\u00e9 un peu plus de 4000 articles qui s'adressent \u00e0 un public large et vari\u00e9 ayant pour objectif de satisfaire votre curiosit\u00e9 et de partager avec vous une certaine fascination pour le m\u00e9tal jaune, le rachat d'or, et pour ceux qui veulent investir dans l'or, vendre leur or tout simplement en savoir plus... Pour tous vos achat or et argent, n'h\u00e9sitez pas \u00e0 prendre rendez-vous dans l'un de nos nombreux comptoirs.","sameAs":["https:\/\/www.gold.fr"]}]}},"authors":[{"term_id":2565,"user_id":18,"is_guest":0,"slug":"julie","display_name":"Comptoir National de l'Or","avatar_url":"https:\/\/secure.gravatar.com\/avatar\/713f289e398d35ead876c4a4cc08607f0d6d266058cfc25683fffb6092d0e572?s=96&d=mm&r=g","0":null,"1":"","2":"","3":"","4":"","5":"","6":"","7":"","8":""}],"_links":{"self":[{"href":"https:\/\/www.gold.fr\/news\/wp-json\/wp\/v2\/posts\/17549","targetHints":{"allow":["GET"]}}],"collection":[{"href":"https:\/\/www.gold.fr\/news\/wp-json\/wp\/v2\/posts"}],"about":[{"href":"https:\/\/www.gold.fr\/news\/wp-json\/wp\/v2\/types\/post"}],"author":[{"embeddable":true,"href":"https:\/\/www.gold.fr\/news\/wp-json\/wp\/v2\/users\/18"}],"replies":[{"embeddable":true,"href":"https:\/\/www.gold.fr\/news\/wp-json\/wp\/v2\/comments?post=17549"}],"version-history":[{"count":0,"href":"https:\/\/www.gold.fr\/news\/wp-json\/wp\/v2\/posts\/17549\/revisions"}],"wp:featuredmedia":[{"embeddable":true,"href":"https:\/\/www.gold.fr\/news\/wp-json\/wp\/v2\/media\/4547"}],"wp:attachment":[{"href":"https:\/\/www.gold.fr\/news\/wp-json\/wp\/v2\/media?parent=17549"}],"wp:term":[{"taxonomy":"category","embeddable":true,"href":"https:\/\/www.gold.fr\/news\/wp-json\/wp\/v2\/categories?post=17549"},{"taxonomy":"post_tag","embeddable":true,"href":"https:\/\/www.gold.fr\/news\/wp-json\/wp\/v2\/tags?post=17549"},{"taxonomy":"author","embeddable":true,"href":"https:\/\/www.gold.fr\/news\/wp-json\/wp\/v2\/ppma_author?post=17549"}],"curies":[{"name":"wp","href":"https:\/\/api.w.org\/{rel}","templated":true}]}}