{"id":17508,"date":"2015-07-15T17:00:44","date_gmt":"2015-07-15T15:00:44","guid":{"rendered":"https:\/\/www.gold.fr\/news\/?p=17508"},"modified":"2017-11-29T18:01:28","modified_gmt":"2017-11-29T17:01:28","slug":"performance-dans-le-vert-pour-les-marches","status":"publish","type":"post","link":"https:\/\/www.gold.fr\/news\/2015\/07\/15\/performance-dans-le-vert-pour-les-marches\/","title":{"rendered":"Performance dans le vert pour les march\u00e9s"},"content":{"rendered":"<p><img loading=\"lazy\" decoding=\"async\" class=\"alignleft size-thumbnail wp-image-9348\" title=\"Performance dans le vert pour les march\u00e9s\" src=\"https:\/\/www.gold.fr\/news\/wp-content\/uploads\/2012\/09\/billet-euro-dollar-150x150.jpg\" alt=\"\" width=\"150\" height=\"150\" \/><span style=\"font-size: small;\">Difficile de dire qui, des march\u00e9s d&rsquo;<a href='https:\/\/www.gold.fr\/news\/tags\/investissement' class='esk-seo-plu-link'>investissement<\/a> europ\u00e9ens ou am\u00e9ricains, est en train d&rsquo;\u00e9tendre la contagion de sa hausse \u00e0 l&rsquo;autre. Entre une <strong>Europe<\/strong> attentiste, mais n\u00e9anmoins optimiste concernant la r\u00e9solution de la crise grecque, et un <strong>Wall Street<\/strong> qui reprend rapidement des couleurs, c&rsquo;est une fin de semaine dans un vert imperturbable qui se profile \u00e0 l&rsquo;horizon.<\/span>    <span style=\"font-size: small;\">Et il faut admettre que l&rsquo;accord nucl\u00e9aire iranien, sign\u00e9 mardi soir, entre l&rsquo;<strong>Iran<\/strong> et les principales puissances occidentales, a \u00e9galement de quoi mettre les march\u00e9s \u00e9conomiques en joie, r\u00e9ussissant m\u00eame \u00e0 \u00e9clipser les quelques rapports macro\u00e9conomiques d\u00e9cevants, parus depuis le d\u00e9but de la semaine.<\/span>    <span style=\"font-size: small;\"><strong>Chris Weston<\/strong>, strat\u00e9giste en chef des march\u00e9s chez <strong>IG<\/strong>, demeure toutefois sceptique et estime qu&rsquo;on n&rsquo;a pas encore fini d&rsquo;entendre parler du dossier grec, soulignant qu&rsquo;il \u00ab <em>faut quand m\u00eame partir du principe qu&rsquo;un changement politique interviendra en Gr\u00e8ce \u00e0 court terme et que l&rsquo;implantation des mesures et leur bonne ex\u00e9cution demeurent de grands facteurs de risque<\/em> \u00bb.<\/span>    <span style=\"font-size: small;\">Son homologue, <strong>Nour Al-Hammoury<\/strong>, strat\u00e9giste en chef des march\u00e9s chez <strong>ADS Securities<\/strong>, estime, quant \u00e0 elle, que le chapitre grec est d\u00e9finitivement clos, puisqu&rsquo;elle d\u00e9clare que \u00ab <em>apr\u00e8s la r\u00e9solution de la crise grecque, les regards se braquent vers l&rsquo;accord sur le dossier du nucl\u00e9aire iranien<\/em> \u00bb.<\/span>    <span style=\"font-size: small;\">Toutefois, bon nombre d&rsquo;analystes maintiennent une certaine m\u00e9fiance concernant l&rsquo;avenir de l&rsquo;accord nucl\u00e9aire, estimant qu&rsquo;il \u00ab <em>pourrait s&rsquo;agir d&rsquo;une sur-r\u00e9action, car rien ne garantit qu&rsquo;une fois que les sanctions sur l&rsquo;Iran seront lev\u00e9es, le pays sera capable d&rsquo;exporter un million de barils sur le march\u00e9 mondial<\/em> \u00bb.<\/span><\/p>\n<!-- AddThis Advanced Settings generic via filter on the_content --><!-- AddThis Share Buttons generic via filter on the_content -->","protected":false},"excerpt":{"rendered":"<p>Difficile de dire qui, des march\u00e9s d&rsquo;investissement europ\u00e9ens ou am\u00e9ricains, est en train d&rsquo;\u00e9tendre la contagion de sa hausse \u00e0 l&rsquo;autre. Entre une Europe attentiste, mais n\u00e9anmoins optimiste concernant la r\u00e9solution de la crise grecque, et [&hellip;]<\/p>\n","protected":false},"author":18,"featured_media":9348,"comment_status":"open","ping_status":"open","sticky":false,"template":"","format":"standard","meta":{"_mbp_gutenberg_autopost":false,"_pgmb_is_evergreen":false,"_pgmb_ap_template_id":0,"footnotes":""},"categories":[6],"tags":[2059,1000,242,224,342,1352,534],"ppma_author":[2565],"class_list":["post-17508","post","type-post","status-publish","format-standard","has-post-thumbnail","hentry","category-articles-de-presse","tag-accord-nucleaire","tag-economie","tag-europe","tag-grece","tag-iran","tag-marche-investissement","tag-wall-street"],"yoast_head":"<!-- This site is optimized with the Yoast SEO plugin v27.5 - https:\/\/yoast.com\/product\/yoast-seo-wordpress\/ -->\n<title>Performance dans le vert pour les march\u00e9s - Gold.fr<\/title>\n<meta name=\"robots\" content=\"index, follow, max-snippet:-1, max-image-preview:large, max-video-preview:-1\" \/>\n<link rel=\"canonical\" href=\"https:\/\/www.gold.fr\/news\/2015\/07\/15\/performance-dans-le-vert-pour-les-marches\/\" \/>\n<meta property=\"og:locale\" content=\"fr_FR\" \/>\n<meta property=\"og:type\" content=\"article\" \/>\n<meta property=\"og:title\" content=\"Performance dans le vert pour les march\u00e9s - Gold.fr\" \/>\n<meta property=\"og:description\" content=\"Difficile de dire qui, des march\u00e9s d&rsquo;investissement europ\u00e9ens ou am\u00e9ricains, est en train d&rsquo;\u00e9tendre la contagion de sa hausse \u00e0 l&rsquo;autre. Entre une Europe attentiste, mais n\u00e9anmoins optimiste concernant la r\u00e9solution de la crise grecque, et [&hellip;]\" \/>\n<meta property=\"og:url\" content=\"https:\/\/www.gold.fr\/news\/2015\/07\/15\/performance-dans-le-vert-pour-les-marches\/\" \/>\n<meta property=\"og:site_name\" content=\"Gold.fr\" \/>\n<meta property=\"article:publisher\" content=\"https:\/\/www.facebook.com\/Goldfr\/\" \/>\n<meta property=\"article:published_time\" content=\"2015-07-15T15:00:44+00:00\" \/>\n<meta property=\"article:modified_time\" content=\"2017-11-29T17:01:28+00:00\" \/>\n<meta property=\"og:image\" content=\"https:\/\/www.gold.fr\/news\/wp-content\/uploads\/2012\/09\/billet-euro-dollar.jpg\" \/>\n\t<meta property=\"og:image:width\" content=\"601\" \/>\n\t<meta property=\"og:image:height\" content=\"400\" \/>\n\t<meta property=\"og:image:type\" content=\"image\/jpeg\" \/>\n<meta name=\"author\" content=\"Comptoir National de l&#039;Or\" \/>\n<meta name=\"twitter:card\" content=\"summary_large_image\" \/>\n<meta name=\"twitter:label1\" content=\"\u00c9crit par\" \/>\n\t<meta name=\"twitter:data1\" content=\"Comptoir National de l&#039;Or\" \/>\n\t<meta name=\"twitter:label2\" content=\"Dur\u00e9e de lecture estim\u00e9e\" \/>\n\t<meta name=\"twitter:data2\" content=\"1 minute\" \/>\n<script type=\"application\/ld+json\" class=\"yoast-schema-graph\">{\"@context\":\"https:\\\/\\\/schema.org\",\"@graph\":[{\"@type\":\"Article\",\"@id\":\"https:\\\/\\\/www.gold.fr\\\/news\\\/2015\\\/07\\\/15\\\/performance-dans-le-vert-pour-les-marches\\\/#article\",\"isPartOf\":{\"@id\":\"https:\\\/\\\/www.gold.fr\\\/news\\\/2015\\\/07\\\/15\\\/performance-dans-le-vert-pour-les-marches\\\/\"},\"author\":{\"name\":\"Comptoir National de l'Or\",\"@id\":\"https:\\\/\\\/www.gold.fr\\\/news\\\/#\\\/schema\\\/person\\\/070491b4b4fb7671bf59b3be20302ce9\"},\"headline\":\"Performance dans le vert pour les march\u00e9s\",\"datePublished\":\"2015-07-15T15:00:44+00:00\",\"dateModified\":\"2017-11-29T17:01:28+00:00\",\"mainEntityOfPage\":{\"@id\":\"https:\\\/\\\/www.gold.fr\\\/news\\\/2015\\\/07\\\/15\\\/performance-dans-le-vert-pour-les-marches\\\/\"},\"wordCount\":303,\"commentCount\":0,\"image\":{\"@id\":\"https:\\\/\\\/www.gold.fr\\\/news\\\/2015\\\/07\\\/15\\\/performance-dans-le-vert-pour-les-marches\\\/#primaryimage\"},\"thumbnailUrl\":\"https:\\\/\\\/www.gold.fr\\\/news\\\/wp-content\\\/uploads\\\/2012\\\/09\\\/billet-euro-dollar.jpg\",\"keywords\":[\"accord nucl\u00e9aire\",\"\u00e9conomie\",\"europe\",\"Gr\u00e8ce\",\"Iran\",\"March\u00e9 investissement\",\"wall street\"],\"articleSection\":[\"Articles de presse\"],\"inLanguage\":\"fr-FR\"},{\"@type\":\"WebPage\",\"@id\":\"https:\\\/\\\/www.gold.fr\\\/news\\\/2015\\\/07\\\/15\\\/performance-dans-le-vert-pour-les-marches\\\/\",\"url\":\"https:\\\/\\\/www.gold.fr\\\/news\\\/2015\\\/07\\\/15\\\/performance-dans-le-vert-pour-les-marches\\\/\",\"name\":\"Performance dans le vert pour les march\u00e9s - Gold.fr\",\"isPartOf\":{\"@id\":\"https:\\\/\\\/www.gold.fr\\\/news\\\/#website\"},\"primaryImageOfPage\":{\"@id\":\"https:\\\/\\\/www.gold.fr\\\/news\\\/2015\\\/07\\\/15\\\/performance-dans-le-vert-pour-les-marches\\\/#primaryimage\"},\"image\":{\"@id\":\"https:\\\/\\\/www.gold.fr\\\/news\\\/2015\\\/07\\\/15\\\/performance-dans-le-vert-pour-les-marches\\\/#primaryimage\"},\"thumbnailUrl\":\"https:\\\/\\\/www.gold.fr\\\/news\\\/wp-content\\\/uploads\\\/2012\\\/09\\\/billet-euro-dollar.jpg\",\"datePublished\":\"2015-07-15T15:00:44+00:00\",\"dateModified\":\"2017-11-29T17:01:28+00:00\",\"author\":{\"@id\":\"https:\\\/\\\/www.gold.fr\\\/news\\\/#\\\/schema\\\/person\\\/070491b4b4fb7671bf59b3be20302ce9\"},\"breadcrumb\":{\"@id\":\"https:\\\/\\\/www.gold.fr\\\/news\\\/2015\\\/07\\\/15\\\/performance-dans-le-vert-pour-les-marches\\\/#breadcrumb\"},\"inLanguage\":\"fr-FR\",\"potentialAction\":[{\"@type\":\"ReadAction\",\"target\":[\"https:\\\/\\\/www.gold.fr\\\/news\\\/2015\\\/07\\\/15\\\/performance-dans-le-vert-pour-les-marches\\\/\"]}]},{\"@type\":\"ImageObject\",\"inLanguage\":\"fr-FR\",\"@id\":\"https:\\\/\\\/www.gold.fr\\\/news\\\/2015\\\/07\\\/15\\\/performance-dans-le-vert-pour-les-marches\\\/#primaryimage\",\"url\":\"https:\\\/\\\/www.gold.fr\\\/news\\\/wp-content\\\/uploads\\\/2012\\\/09\\\/billet-euro-dollar.jpg\",\"contentUrl\":\"https:\\\/\\\/www.gold.fr\\\/news\\\/wp-content\\\/uploads\\\/2012\\\/09\\\/billet-euro-dollar.jpg\",\"width\":\"601\",\"height\":\"400\",\"caption\":\"Or: R\u00e9union au sommet des g\u00e9ants du secteur minier\"},{\"@type\":\"BreadcrumbList\",\"@id\":\"https:\\\/\\\/www.gold.fr\\\/news\\\/2015\\\/07\\\/15\\\/performance-dans-le-vert-pour-les-marches\\\/#breadcrumb\",\"itemListElement\":[{\"@type\":\"ListItem\",\"position\":1,\"name\":\"Accueil\",\"item\":\"https:\\\/\\\/www.gold.fr\\\/\"},{\"@type\":\"ListItem\",\"position\":2,\"name\":\"Actualit\u00e9s\",\"item\":\"https:\\\/\\\/www.gold.fr\\\/news\\\/\"},{\"@type\":\"ListItem\",\"position\":3,\"name\":\"Performance dans le vert pour les march\u00e9s\"}]},{\"@type\":\"WebSite\",\"@id\":\"https:\\\/\\\/www.gold.fr\\\/news\\\/#website\",\"url\":\"https:\\\/\\\/www.gold.fr\\\/news\\\/\",\"name\":\"Gold.fr\",\"description\":\"Actualit\u00e9s de l&#039;Or et des m\u00e9taux pr\u00e9cieux\",\"potentialAction\":[{\"@type\":\"SearchAction\",\"target\":{\"@type\":\"EntryPoint\",\"urlTemplate\":\"https:\\\/\\\/www.gold.fr\\\/news\\\/?s={search_term_string}\"},\"query-input\":{\"@type\":\"PropertyValueSpecification\",\"valueRequired\":true,\"valueName\":\"search_term_string\"}}],\"inLanguage\":\"fr-FR\"},{\"@type\":\"Person\",\"@id\":\"https:\\\/\\\/www.gold.fr\\\/news\\\/#\\\/schema\\\/person\\\/070491b4b4fb7671bf59b3be20302ce9\",\"name\":\"Comptoir National de l'Or\",\"image\":{\"@type\":\"ImageObject\",\"inLanguage\":\"fr-FR\",\"@id\":\"https:\\\/\\\/secure.gravatar.com\\\/avatar\\\/0a2867fd5abe37bed95d5a65e9d58f01756e11efc68af9888dfc50cfa7f65948?s=96&d=mm&r=gb490554db0a38188709de567aa58480d\",\"url\":\"https:\\\/\\\/secure.gravatar.com\\\/avatar\\\/0a2867fd5abe37bed95d5a65e9d58f01756e11efc68af9888dfc50cfa7f65948?s=96&d=mm&r=g\",\"contentUrl\":\"https:\\\/\\\/secure.gravatar.com\\\/avatar\\\/0a2867fd5abe37bed95d5a65e9d58f01756e11efc68af9888dfc50cfa7f65948?s=96&d=mm&r=g\",\"caption\":\"Comptoir National de l'Or\"},\"description\":\"Notre r\u00e9daction est constitu\u00e9e de membres experts dans les m\u00e9tiers de l'\u00e9conomie et la gestion, des Responsables d'agence Comptoir National de l'Or, des analystes financiers qui publient r\u00e9guli\u00e8rement des \u00e9tudes sur les politiques des banques centrales, le cours de l'or, prix de l'or, cours de l'argent, prix de l'argent, cours du platine, cours du palladium,... la situation en zone euro et l'impact de la strat\u00e9gie mon\u00e9taire de la FED. Notre \u00e9quipe scrute \u00e9galement une information plus g\u00e9n\u00e9raliste \u00e0 la recherche d'actualit\u00e9 \\\"p\u00e9pite\\\" \u00e0 vous partager. Depuis 5 ans, nous avons publi\u00e9 un peu plus de 4000 articles qui s'adressent \u00e0 un public large et vari\u00e9 ayant pour objectif de satisfaire votre curiosit\u00e9 et de partager avec vous une certaine fascination pour le m\u00e9tal jaune, le rachat d'or, et pour ceux qui veulent investir dans l'or, vendre leur or tout simplement en savoir plus... Pour tous vos achat or et argent, n'h\u00e9sitez pas \u00e0 prendre rendez-vous dans l'un de nos nombreux comptoirs.\",\"sameAs\":[\"https:\\\/\\\/www.gold.fr\"]}]}<\/script>\n<!-- \/ Yoast SEO plugin. -->","yoast_head_json":{"title":"Performance dans le vert pour les march\u00e9s - Gold.fr","robots":{"index":"index","follow":"follow","max-snippet":"max-snippet:-1","max-image-preview":"max-image-preview:large","max-video-preview":"max-video-preview:-1"},"canonical":"https:\/\/www.gold.fr\/news\/2015\/07\/15\/performance-dans-le-vert-pour-les-marches\/","og_locale":"fr_FR","og_type":"article","og_title":"Performance dans le vert pour les march\u00e9s - Gold.fr","og_description":"Difficile de dire qui, des march\u00e9s d&rsquo;investissement europ\u00e9ens ou am\u00e9ricains, est en train d&rsquo;\u00e9tendre la contagion de sa hausse \u00e0 l&rsquo;autre. Entre une Europe attentiste, mais n\u00e9anmoins optimiste concernant la r\u00e9solution de la crise grecque, et [&hellip;]","og_url":"https:\/\/www.gold.fr\/news\/2015\/07\/15\/performance-dans-le-vert-pour-les-marches\/","og_site_name":"Gold.fr","article_publisher":"https:\/\/www.facebook.com\/Goldfr\/","article_published_time":"2015-07-15T15:00:44+00:00","article_modified_time":"2017-11-29T17:01:28+00:00","og_image":[{"width":601,"height":400,"url":"https:\/\/www.gold.fr\/news\/wp-content\/uploads\/2012\/09\/billet-euro-dollar.jpg","type":"image\/jpeg"}],"author":"Comptoir National de l'Or","twitter_card":"summary_large_image","twitter_misc":{"\u00c9crit par":"Comptoir National de l'Or","Dur\u00e9e de lecture estim\u00e9e":"1 minute"},"schema":{"@context":"https:\/\/schema.org","@graph":[{"@type":"Article","@id":"https:\/\/www.gold.fr\/news\/2015\/07\/15\/performance-dans-le-vert-pour-les-marches\/#article","isPartOf":{"@id":"https:\/\/www.gold.fr\/news\/2015\/07\/15\/performance-dans-le-vert-pour-les-marches\/"},"author":{"name":"Comptoir National de l'Or","@id":"https:\/\/www.gold.fr\/news\/#\/schema\/person\/070491b4b4fb7671bf59b3be20302ce9"},"headline":"Performance dans le vert pour les march\u00e9s","datePublished":"2015-07-15T15:00:44+00:00","dateModified":"2017-11-29T17:01:28+00:00","mainEntityOfPage":{"@id":"https:\/\/www.gold.fr\/news\/2015\/07\/15\/performance-dans-le-vert-pour-les-marches\/"},"wordCount":303,"commentCount":0,"image":{"@id":"https:\/\/www.gold.fr\/news\/2015\/07\/15\/performance-dans-le-vert-pour-les-marches\/#primaryimage"},"thumbnailUrl":"https:\/\/www.gold.fr\/news\/wp-content\/uploads\/2012\/09\/billet-euro-dollar.jpg","keywords":["accord nucl\u00e9aire","\u00e9conomie","europe","Gr\u00e8ce","Iran","March\u00e9 investissement","wall street"],"articleSection":["Articles de presse"],"inLanguage":"fr-FR"},{"@type":"WebPage","@id":"https:\/\/www.gold.fr\/news\/2015\/07\/15\/performance-dans-le-vert-pour-les-marches\/","url":"https:\/\/www.gold.fr\/news\/2015\/07\/15\/performance-dans-le-vert-pour-les-marches\/","name":"Performance dans le vert pour les march\u00e9s - Gold.fr","isPartOf":{"@id":"https:\/\/www.gold.fr\/news\/#website"},"primaryImageOfPage":{"@id":"https:\/\/www.gold.fr\/news\/2015\/07\/15\/performance-dans-le-vert-pour-les-marches\/#primaryimage"},"image":{"@id":"https:\/\/www.gold.fr\/news\/2015\/07\/15\/performance-dans-le-vert-pour-les-marches\/#primaryimage"},"thumbnailUrl":"https:\/\/www.gold.fr\/news\/wp-content\/uploads\/2012\/09\/billet-euro-dollar.jpg","datePublished":"2015-07-15T15:00:44+00:00","dateModified":"2017-11-29T17:01:28+00:00","author":{"@id":"https:\/\/www.gold.fr\/news\/#\/schema\/person\/070491b4b4fb7671bf59b3be20302ce9"},"breadcrumb":{"@id":"https:\/\/www.gold.fr\/news\/2015\/07\/15\/performance-dans-le-vert-pour-les-marches\/#breadcrumb"},"inLanguage":"fr-FR","potentialAction":[{"@type":"ReadAction","target":["https:\/\/www.gold.fr\/news\/2015\/07\/15\/performance-dans-le-vert-pour-les-marches\/"]}]},{"@type":"ImageObject","inLanguage":"fr-FR","@id":"https:\/\/www.gold.fr\/news\/2015\/07\/15\/performance-dans-le-vert-pour-les-marches\/#primaryimage","url":"https:\/\/www.gold.fr\/news\/wp-content\/uploads\/2012\/09\/billet-euro-dollar.jpg","contentUrl":"https:\/\/www.gold.fr\/news\/wp-content\/uploads\/2012\/09\/billet-euro-dollar.jpg","width":"601","height":"400","caption":"Or: R\u00e9union au sommet des g\u00e9ants du secteur minier"},{"@type":"BreadcrumbList","@id":"https:\/\/www.gold.fr\/news\/2015\/07\/15\/performance-dans-le-vert-pour-les-marches\/#breadcrumb","itemListElement":[{"@type":"ListItem","position":1,"name":"Accueil","item":"https:\/\/www.gold.fr\/"},{"@type":"ListItem","position":2,"name":"Actualit\u00e9s","item":"https:\/\/www.gold.fr\/news\/"},{"@type":"ListItem","position":3,"name":"Performance dans le vert pour les march\u00e9s"}]},{"@type":"WebSite","@id":"https:\/\/www.gold.fr\/news\/#website","url":"https:\/\/www.gold.fr\/news\/","name":"Gold.fr","description":"Actualit\u00e9s de l&#039;Or et des m\u00e9taux pr\u00e9cieux","potentialAction":[{"@type":"SearchAction","target":{"@type":"EntryPoint","urlTemplate":"https:\/\/www.gold.fr\/news\/?s={search_term_string}"},"query-input":{"@type":"PropertyValueSpecification","valueRequired":true,"valueName":"search_term_string"}}],"inLanguage":"fr-FR"},{"@type":"Person","@id":"https:\/\/www.gold.fr\/news\/#\/schema\/person\/070491b4b4fb7671bf59b3be20302ce9","name":"Comptoir National de l'Or","image":{"@type":"ImageObject","inLanguage":"fr-FR","@id":"https:\/\/secure.gravatar.com\/avatar\/0a2867fd5abe37bed95d5a65e9d58f01756e11efc68af9888dfc50cfa7f65948?s=96&d=mm&r=gb490554db0a38188709de567aa58480d","url":"https:\/\/secure.gravatar.com\/avatar\/0a2867fd5abe37bed95d5a65e9d58f01756e11efc68af9888dfc50cfa7f65948?s=96&d=mm&r=g","contentUrl":"https:\/\/secure.gravatar.com\/avatar\/0a2867fd5abe37bed95d5a65e9d58f01756e11efc68af9888dfc50cfa7f65948?s=96&d=mm&r=g","caption":"Comptoir National de l'Or"},"description":"Notre r\u00e9daction est constitu\u00e9e de membres experts dans les m\u00e9tiers de l'\u00e9conomie et la gestion, des Responsables d'agence Comptoir National de l'Or, des analystes financiers qui publient r\u00e9guli\u00e8rement des \u00e9tudes sur les politiques des banques centrales, le cours de l'or, prix de l'or, cours de l'argent, prix de l'argent, cours du platine, cours du palladium,... la situation en zone euro et l'impact de la strat\u00e9gie mon\u00e9taire de la FED. Notre \u00e9quipe scrute \u00e9galement une information plus g\u00e9n\u00e9raliste \u00e0 la recherche d'actualit\u00e9 \"p\u00e9pite\" \u00e0 vous partager. Depuis 5 ans, nous avons publi\u00e9 un peu plus de 4000 articles qui s'adressent \u00e0 un public large et vari\u00e9 ayant pour objectif de satisfaire votre curiosit\u00e9 et de partager avec vous une certaine fascination pour le m\u00e9tal jaune, le rachat d'or, et pour ceux qui veulent investir dans l'or, vendre leur or tout simplement en savoir plus... Pour tous vos achat or et argent, n'h\u00e9sitez pas \u00e0 prendre rendez-vous dans l'un de nos nombreux comptoirs.","sameAs":["https:\/\/www.gold.fr"]}]}},"authors":[{"term_id":2565,"user_id":18,"is_guest":0,"slug":"julie","display_name":"Comptoir National de l'Or","avatar_url":"https:\/\/secure.gravatar.com\/avatar\/713f289e398d35ead876c4a4cc08607f0d6d266058cfc25683fffb6092d0e572?s=96&d=mm&r=g","0":null,"1":"","2":"","3":"","4":"","5":"","6":"","7":"","8":""}],"_links":{"self":[{"href":"https:\/\/www.gold.fr\/news\/wp-json\/wp\/v2\/posts\/17508","targetHints":{"allow":["GET"]}}],"collection":[{"href":"https:\/\/www.gold.fr\/news\/wp-json\/wp\/v2\/posts"}],"about":[{"href":"https:\/\/www.gold.fr\/news\/wp-json\/wp\/v2\/types\/post"}],"author":[{"embeddable":true,"href":"https:\/\/www.gold.fr\/news\/wp-json\/wp\/v2\/users\/18"}],"replies":[{"embeddable":true,"href":"https:\/\/www.gold.fr\/news\/wp-json\/wp\/v2\/comments?post=17508"}],"version-history":[{"count":0,"href":"https:\/\/www.gold.fr\/news\/wp-json\/wp\/v2\/posts\/17508\/revisions"}],"wp:featuredmedia":[{"embeddable":true,"href":"https:\/\/www.gold.fr\/news\/wp-json\/wp\/v2\/media\/9348"}],"wp:attachment":[{"href":"https:\/\/www.gold.fr\/news\/wp-json\/wp\/v2\/media?parent=17508"}],"wp:term":[{"taxonomy":"category","embeddable":true,"href":"https:\/\/www.gold.fr\/news\/wp-json\/wp\/v2\/categories?post=17508"},{"taxonomy":"post_tag","embeddable":true,"href":"https:\/\/www.gold.fr\/news\/wp-json\/wp\/v2\/tags?post=17508"},{"taxonomy":"author","embeddable":true,"href":"https:\/\/www.gold.fr\/news\/wp-json\/wp\/v2\/ppma_author?post=17508"}],"curies":[{"name":"wp","href":"https:\/\/api.w.org\/{rel}","templated":true}]}}