{"id":17482,"date":"2015-07-13T09:00:34","date_gmt":"2015-07-13T07:00:34","guid":{"rendered":"https:\/\/www.gold.fr\/news\/?p=17482"},"modified":"2017-11-29T18:01:32","modified_gmt":"2017-11-29T17:01:32","slug":"les-minutes-du-fomc-partagent-les-experts","status":"publish","type":"post","link":"https:\/\/www.gold.fr\/news\/2015\/07\/13\/les-minutes-du-fomc-partagent-les-experts\/","title":{"rendered":"Les \u2018minutes\u2019 du FOMC partagent les experts"},"content":{"rendered":"<p><img loading=\"lazy\" decoding=\"async\" class=\"alignleft size-thumbnail wp-image-4338\" title=\"Les \u2018minutes\u2019 du FOMC partagent les experts\" src=\"https:\/\/www.gold.fr\/news\/wp-content\/uploads\/2011\/12\/cours-de-lor1-150x150.jpg\" alt=\"\" width=\"150\" height=\"150\" \/><span style=\"font-size: small;\">La publication des premi\u00e8res minutes de la derni\u00e8re r\u00e9union du <strong>FOMC<\/strong> aura fait couler son lot habituel d&rsquo;encre analyste. En d\u00e9pit d&rsquo;un dossier grec au paroxysme de sa crise, les experts et observateurs des march\u00e9s \u00e9conomiques et financiers n&rsquo;ont pas manqu\u00e9 de fournir leurs sp\u00e9culations qui, une fois n&rsquo;est pas coutume, s&rsquo;av\u00e8rent \u00eatre largement mitig\u00e9es concernant l&rsquo;avenir \u00e0 court et moyen terme de la politique mon\u00e9taire de la <strong>FED<\/strong>.<\/span>    <span style=\"font-size: small;\">Les minutes de la derni\u00e8re r\u00e9union du <strong>FOMC<\/strong> n&rsquo;aurait pourtant, selon l&rsquo;avis unanime des analystes, apport\u00e9 aucun \u00e9l\u00e9ment neuf \u00e0 la politique de prudence affich\u00e9e de la r\u00e9serve f\u00e9d\u00e9rale am\u00e9ricaine. Toutefois, les sp\u00e9cialistes sont partag\u00e9s, lorsqu&rsquo;il s&rsquo;agit de pr\u00e9voir si l&rsquo;institution va proc\u00e9der, sous peu, au rel\u00e8vement de ses taux d&rsquo;int\u00e9r\u00eat directeurs.<\/span>    <span style=\"font-size: small;\">Car si la <strong>Soci\u00e9t\u00e9 G\u00e9n\u00e9rale<\/strong> maintient \u00e0 nouveau que la <strong>FED<\/strong> op\u00e8rera, d\u00e8s le mois de <strong>septembre 2015<\/strong>, \u00ab <em>un premier durcissement mon\u00e9taire am\u00e9ricain<\/em> \u00bb, les \u00e9quipes de <strong>Commerzbank<\/strong> rappellent, quant \u00e0 eux, que \u00ab <em>le fait que la R\u00e9serve f\u00e9d\u00e9rale s&rsquo;inqui\u00e8te des derniers \u00e9v\u00e9nements en Europe et en Chine rend moins probable une hausse des taux dans un futur proche<\/em> \u00bb. Notons que ce dernier sc\u00e9nario serait \u00e9ventuellement favorable \u00e0 une \u00e9volution haussi\u00e8re du march\u00e9 aurif\u00e8re, dans la mesure o\u00f9 le <a href='https:\/\/www.gold.fr\/news\/tags\/or' class='esk-seo-plu-link'>m\u00e9tal jaune<\/a> demeure \u00ab <em>naturellement sensible aux anticipations de taux d&rsquo;int\u00e9r\u00eat<\/em> \u00bb.<\/span>    <span style=\"font-size: small;\">Dans tous les cas, il faudra guetter de pr\u00e8s, durant les semaines \u00e0 venir, un facteur traditionnellement d\u00e9cisif dans les occasionnels changements de politique de la r\u00e9serve f\u00e9d\u00e9rale am\u00e9ricaine ; les chiffres de l&#8217;emploi US.<\/span><\/p>\n<!-- AddThis Advanced Settings generic via filter on the_content --><!-- AddThis Share Buttons generic via filter on the_content -->","protected":false},"excerpt":{"rendered":"<p>La publication des premi\u00e8res minutes de la derni\u00e8re r\u00e9union du FOMC aura fait couler son lot habituel d&rsquo;encre analyste. En d\u00e9pit d&rsquo;un dossier grec au paroxysme de sa crise, les experts et observateurs des march\u00e9s \u00e9conomiques [&hellip;]<\/p>\n","protected":false},"author":18,"featured_media":4338,"comment_status":"open","ping_status":"open","sticky":false,"template":"","format":"standard","meta":{"_mbp_gutenberg_autopost":false,"_pgmb_is_evergreen":false,"_pgmb_ap_template_id":0,"footnotes":""},"categories":[6],"tags":[1459,2010,144,1034,1047,1783,1340,2058],"ppma_author":[2565],"class_list":["post-17482","post","type-post","status-publish","format-standard","has-post-thumbnail","hentry","category-articles-de-presse","tag-commerzbank","tag-dossier-grec","tag-fed","tag-fomc","tag-marche-aurifere","tag-marche-economique","tag-marche-financier","tag-societe-generale"],"yoast_head":"<!-- This site is optimized with the Yoast SEO plugin v27.5 - https:\/\/yoast.com\/product\/yoast-seo-wordpress\/ -->\n<title>Les \u2018minutes\u2019 du FOMC partagent les experts - Gold.fr<\/title>\n<meta name=\"robots\" content=\"index, follow, max-snippet:-1, max-image-preview:large, max-video-preview:-1\" \/>\n<link rel=\"canonical\" href=\"https:\/\/www.gold.fr\/news\/2015\/07\/13\/les-minutes-du-fomc-partagent-les-experts\/\" \/>\n<meta property=\"og:locale\" content=\"fr_FR\" \/>\n<meta property=\"og:type\" content=\"article\" \/>\n<meta property=\"og:title\" content=\"Les \u2018minutes\u2019 du FOMC partagent les experts - Gold.fr\" \/>\n<meta property=\"og:description\" content=\"La publication des premi\u00e8res minutes de la derni\u00e8re r\u00e9union du FOMC aura fait couler son lot habituel d&rsquo;encre analyste. En d\u00e9pit d&rsquo;un dossier grec au paroxysme de sa crise, les experts et observateurs des march\u00e9s \u00e9conomiques [&hellip;]\" \/>\n<meta property=\"og:url\" content=\"https:\/\/www.gold.fr\/news\/2015\/07\/13\/les-minutes-du-fomc-partagent-les-experts\/\" \/>\n<meta property=\"og:site_name\" content=\"Gold.fr\" \/>\n<meta property=\"article:publisher\" content=\"https:\/\/www.facebook.com\/Goldfr\/\" \/>\n<meta property=\"article:published_time\" content=\"2015-07-13T07:00:34+00:00\" \/>\n<meta property=\"article:modified_time\" content=\"2017-11-29T17:01:32+00:00\" \/>\n<meta property=\"og:image\" content=\"https:\/\/www.gold.fr\/news\/wp-content\/uploads\/2011\/12\/cours-de-lor1.jpg\" \/>\n\t<meta property=\"og:image:width\" content=\"625\" \/>\n\t<meta property=\"og:image:height\" content=\"351\" \/>\n\t<meta property=\"og:image:type\" content=\"image\/jpeg\" \/>\n<meta name=\"author\" content=\"Comptoir National de l&#039;Or\" \/>\n<meta name=\"twitter:card\" content=\"summary_large_image\" \/>\n<meta name=\"twitter:label1\" content=\"\u00c9crit par\" \/>\n\t<meta name=\"twitter:data1\" content=\"Comptoir National de l&#039;Or\" \/>\n\t<meta name=\"twitter:label2\" content=\"Dur\u00e9e de lecture estim\u00e9e\" \/>\n\t<meta name=\"twitter:data2\" content=\"1 minute\" \/>\n<script type=\"application\/ld+json\" class=\"yoast-schema-graph\">{\"@context\":\"https:\\\/\\\/schema.org\",\"@graph\":[{\"@type\":\"Article\",\"@id\":\"https:\\\/\\\/www.gold.fr\\\/news\\\/2015\\\/07\\\/13\\\/les-minutes-du-fomc-partagent-les-experts\\\/#article\",\"isPartOf\":{\"@id\":\"https:\\\/\\\/www.gold.fr\\\/news\\\/2015\\\/07\\\/13\\\/les-minutes-du-fomc-partagent-les-experts\\\/\"},\"author\":{\"name\":\"Comptoir National de l'Or\",\"@id\":\"https:\\\/\\\/www.gold.fr\\\/news\\\/#\\\/schema\\\/person\\\/070491b4b4fb7671bf59b3be20302ce9\"},\"headline\":\"Les \u2018minutes\u2019 du FOMC partagent les experts\",\"datePublished\":\"2015-07-13T07:00:34+00:00\",\"dateModified\":\"2017-11-29T17:01:32+00:00\",\"mainEntityOfPage\":{\"@id\":\"https:\\\/\\\/www.gold.fr\\\/news\\\/2015\\\/07\\\/13\\\/les-minutes-du-fomc-partagent-les-experts\\\/\"},\"wordCount\":306,\"commentCount\":0,\"image\":{\"@id\":\"https:\\\/\\\/www.gold.fr\\\/news\\\/2015\\\/07\\\/13\\\/les-minutes-du-fomc-partagent-les-experts\\\/#primaryimage\"},\"thumbnailUrl\":\"https:\\\/\\\/www.gold.fr\\\/news\\\/wp-content\\\/uploads\\\/2011\\\/12\\\/cours-de-lor1.jpg\",\"keywords\":[\"Commerzbank\",\"dossier grec\",\"fed\",\"FOMC\",\"march\u00e9 aurif\u00e8re\",\"march\u00e9 \u00e9conomique\",\"march\u00e9 financier\",\"Soci\u00e9t\u00e9 G\u00e9n\u00e9rale\"],\"articleSection\":[\"Articles de presse\"],\"inLanguage\":\"fr-FR\"},{\"@type\":\"WebPage\",\"@id\":\"https:\\\/\\\/www.gold.fr\\\/news\\\/2015\\\/07\\\/13\\\/les-minutes-du-fomc-partagent-les-experts\\\/\",\"url\":\"https:\\\/\\\/www.gold.fr\\\/news\\\/2015\\\/07\\\/13\\\/les-minutes-du-fomc-partagent-les-experts\\\/\",\"name\":\"Les \u2018minutes\u2019 du FOMC partagent les experts - Gold.fr\",\"isPartOf\":{\"@id\":\"https:\\\/\\\/www.gold.fr\\\/news\\\/#website\"},\"primaryImageOfPage\":{\"@id\":\"https:\\\/\\\/www.gold.fr\\\/news\\\/2015\\\/07\\\/13\\\/les-minutes-du-fomc-partagent-les-experts\\\/#primaryimage\"},\"image\":{\"@id\":\"https:\\\/\\\/www.gold.fr\\\/news\\\/2015\\\/07\\\/13\\\/les-minutes-du-fomc-partagent-les-experts\\\/#primaryimage\"},\"thumbnailUrl\":\"https:\\\/\\\/www.gold.fr\\\/news\\\/wp-content\\\/uploads\\\/2011\\\/12\\\/cours-de-lor1.jpg\",\"datePublished\":\"2015-07-13T07:00:34+00:00\",\"dateModified\":\"2017-11-29T17:01:32+00:00\",\"author\":{\"@id\":\"https:\\\/\\\/www.gold.fr\\\/news\\\/#\\\/schema\\\/person\\\/070491b4b4fb7671bf59b3be20302ce9\"},\"breadcrumb\":{\"@id\":\"https:\\\/\\\/www.gold.fr\\\/news\\\/2015\\\/07\\\/13\\\/les-minutes-du-fomc-partagent-les-experts\\\/#breadcrumb\"},\"inLanguage\":\"fr-FR\",\"potentialAction\":[{\"@type\":\"ReadAction\",\"target\":[\"https:\\\/\\\/www.gold.fr\\\/news\\\/2015\\\/07\\\/13\\\/les-minutes-du-fomc-partagent-les-experts\\\/\"]}]},{\"@type\":\"ImageObject\",\"inLanguage\":\"fr-FR\",\"@id\":\"https:\\\/\\\/www.gold.fr\\\/news\\\/2015\\\/07\\\/13\\\/les-minutes-du-fomc-partagent-les-experts\\\/#primaryimage\",\"url\":\"https:\\\/\\\/www.gold.fr\\\/news\\\/wp-content\\\/uploads\\\/2011\\\/12\\\/cours-de-lor1.jpg\",\"contentUrl\":\"https:\\\/\\\/www.gold.fr\\\/news\\\/wp-content\\\/uploads\\\/2011\\\/12\\\/cours-de-lor1.jpg\",\"width\":\"625\",\"height\":\"351\",\"caption\":\"Cours de l\u2019once : retour sur les performances des semaines pass\u00e9es\"},{\"@type\":\"BreadcrumbList\",\"@id\":\"https:\\\/\\\/www.gold.fr\\\/news\\\/2015\\\/07\\\/13\\\/les-minutes-du-fomc-partagent-les-experts\\\/#breadcrumb\",\"itemListElement\":[{\"@type\":\"ListItem\",\"position\":1,\"name\":\"Accueil\",\"item\":\"https:\\\/\\\/www.gold.fr\\\/\"},{\"@type\":\"ListItem\",\"position\":2,\"name\":\"Actualit\u00e9s\",\"item\":\"https:\\\/\\\/www.gold.fr\\\/news\\\/\"},{\"@type\":\"ListItem\",\"position\":3,\"name\":\"Les \u2018minutes\u2019 du FOMC partagent les experts\"}]},{\"@type\":\"WebSite\",\"@id\":\"https:\\\/\\\/www.gold.fr\\\/news\\\/#website\",\"url\":\"https:\\\/\\\/www.gold.fr\\\/news\\\/\",\"name\":\"Gold.fr\",\"description\":\"Actualit\u00e9s de l&#039;Or et des m\u00e9taux pr\u00e9cieux\",\"potentialAction\":[{\"@type\":\"SearchAction\",\"target\":{\"@type\":\"EntryPoint\",\"urlTemplate\":\"https:\\\/\\\/www.gold.fr\\\/news\\\/?s={search_term_string}\"},\"query-input\":{\"@type\":\"PropertyValueSpecification\",\"valueRequired\":true,\"valueName\":\"search_term_string\"}}],\"inLanguage\":\"fr-FR\"},{\"@type\":\"Person\",\"@id\":\"https:\\\/\\\/www.gold.fr\\\/news\\\/#\\\/schema\\\/person\\\/070491b4b4fb7671bf59b3be20302ce9\",\"name\":\"Comptoir National de l'Or\",\"image\":{\"@type\":\"ImageObject\",\"inLanguage\":\"fr-FR\",\"@id\":\"https:\\\/\\\/secure.gravatar.com\\\/avatar\\\/0a2867fd5abe37bed95d5a65e9d58f01756e11efc68af9888dfc50cfa7f65948?s=96&d=mm&r=gb490554db0a38188709de567aa58480d\",\"url\":\"https:\\\/\\\/secure.gravatar.com\\\/avatar\\\/0a2867fd5abe37bed95d5a65e9d58f01756e11efc68af9888dfc50cfa7f65948?s=96&d=mm&r=g\",\"contentUrl\":\"https:\\\/\\\/secure.gravatar.com\\\/avatar\\\/0a2867fd5abe37bed95d5a65e9d58f01756e11efc68af9888dfc50cfa7f65948?s=96&d=mm&r=g\",\"caption\":\"Comptoir National de l'Or\"},\"description\":\"Notre r\u00e9daction est constitu\u00e9e de membres experts dans les m\u00e9tiers de l'\u00e9conomie et la gestion, des Responsables d'agence Comptoir National de l'Or, des analystes financiers qui publient r\u00e9guli\u00e8rement des \u00e9tudes sur les politiques des banques centrales, le cours de l'or, prix de l'or, cours de l'argent, prix de l'argent, cours du platine, cours du palladium,... la situation en zone euro et l'impact de la strat\u00e9gie mon\u00e9taire de la FED. Notre \u00e9quipe scrute \u00e9galement une information plus g\u00e9n\u00e9raliste \u00e0 la recherche d'actualit\u00e9 \\\"p\u00e9pite\\\" \u00e0 vous partager. Depuis 5 ans, nous avons publi\u00e9 un peu plus de 4000 articles qui s'adressent \u00e0 un public large et vari\u00e9 ayant pour objectif de satisfaire votre curiosit\u00e9 et de partager avec vous une certaine fascination pour le m\u00e9tal jaune, le rachat d'or, et pour ceux qui veulent investir dans l'or, vendre leur or tout simplement en savoir plus... Pour tous vos achat or et argent, n'h\u00e9sitez pas \u00e0 prendre rendez-vous dans l'un de nos nombreux comptoirs.\",\"sameAs\":[\"https:\\\/\\\/www.gold.fr\"]}]}<\/script>\n<!-- \/ Yoast SEO plugin. -->","yoast_head_json":{"title":"Les \u2018minutes\u2019 du FOMC partagent les experts - Gold.fr","robots":{"index":"index","follow":"follow","max-snippet":"max-snippet:-1","max-image-preview":"max-image-preview:large","max-video-preview":"max-video-preview:-1"},"canonical":"https:\/\/www.gold.fr\/news\/2015\/07\/13\/les-minutes-du-fomc-partagent-les-experts\/","og_locale":"fr_FR","og_type":"article","og_title":"Les \u2018minutes\u2019 du FOMC partagent les experts - Gold.fr","og_description":"La publication des premi\u00e8res minutes de la derni\u00e8re r\u00e9union du FOMC aura fait couler son lot habituel d&rsquo;encre analyste. En d\u00e9pit d&rsquo;un dossier grec au paroxysme de sa crise, les experts et observateurs des march\u00e9s \u00e9conomiques [&hellip;]","og_url":"https:\/\/www.gold.fr\/news\/2015\/07\/13\/les-minutes-du-fomc-partagent-les-experts\/","og_site_name":"Gold.fr","article_publisher":"https:\/\/www.facebook.com\/Goldfr\/","article_published_time":"2015-07-13T07:00:34+00:00","article_modified_time":"2017-11-29T17:01:32+00:00","og_image":[{"width":625,"height":351,"url":"https:\/\/www.gold.fr\/news\/wp-content\/uploads\/2011\/12\/cours-de-lor1.jpg","type":"image\/jpeg"}],"author":"Comptoir National de l'Or","twitter_card":"summary_large_image","twitter_misc":{"\u00c9crit par":"Comptoir National de l'Or","Dur\u00e9e de lecture estim\u00e9e":"1 minute"},"schema":{"@context":"https:\/\/schema.org","@graph":[{"@type":"Article","@id":"https:\/\/www.gold.fr\/news\/2015\/07\/13\/les-minutes-du-fomc-partagent-les-experts\/#article","isPartOf":{"@id":"https:\/\/www.gold.fr\/news\/2015\/07\/13\/les-minutes-du-fomc-partagent-les-experts\/"},"author":{"name":"Comptoir National de l'Or","@id":"https:\/\/www.gold.fr\/news\/#\/schema\/person\/070491b4b4fb7671bf59b3be20302ce9"},"headline":"Les \u2018minutes\u2019 du FOMC partagent les experts","datePublished":"2015-07-13T07:00:34+00:00","dateModified":"2017-11-29T17:01:32+00:00","mainEntityOfPage":{"@id":"https:\/\/www.gold.fr\/news\/2015\/07\/13\/les-minutes-du-fomc-partagent-les-experts\/"},"wordCount":306,"commentCount":0,"image":{"@id":"https:\/\/www.gold.fr\/news\/2015\/07\/13\/les-minutes-du-fomc-partagent-les-experts\/#primaryimage"},"thumbnailUrl":"https:\/\/www.gold.fr\/news\/wp-content\/uploads\/2011\/12\/cours-de-lor1.jpg","keywords":["Commerzbank","dossier grec","fed","FOMC","march\u00e9 aurif\u00e8re","march\u00e9 \u00e9conomique","march\u00e9 financier","Soci\u00e9t\u00e9 G\u00e9n\u00e9rale"],"articleSection":["Articles de presse"],"inLanguage":"fr-FR"},{"@type":"WebPage","@id":"https:\/\/www.gold.fr\/news\/2015\/07\/13\/les-minutes-du-fomc-partagent-les-experts\/","url":"https:\/\/www.gold.fr\/news\/2015\/07\/13\/les-minutes-du-fomc-partagent-les-experts\/","name":"Les \u2018minutes\u2019 du FOMC partagent les experts - Gold.fr","isPartOf":{"@id":"https:\/\/www.gold.fr\/news\/#website"},"primaryImageOfPage":{"@id":"https:\/\/www.gold.fr\/news\/2015\/07\/13\/les-minutes-du-fomc-partagent-les-experts\/#primaryimage"},"image":{"@id":"https:\/\/www.gold.fr\/news\/2015\/07\/13\/les-minutes-du-fomc-partagent-les-experts\/#primaryimage"},"thumbnailUrl":"https:\/\/www.gold.fr\/news\/wp-content\/uploads\/2011\/12\/cours-de-lor1.jpg","datePublished":"2015-07-13T07:00:34+00:00","dateModified":"2017-11-29T17:01:32+00:00","author":{"@id":"https:\/\/www.gold.fr\/news\/#\/schema\/person\/070491b4b4fb7671bf59b3be20302ce9"},"breadcrumb":{"@id":"https:\/\/www.gold.fr\/news\/2015\/07\/13\/les-minutes-du-fomc-partagent-les-experts\/#breadcrumb"},"inLanguage":"fr-FR","potentialAction":[{"@type":"ReadAction","target":["https:\/\/www.gold.fr\/news\/2015\/07\/13\/les-minutes-du-fomc-partagent-les-experts\/"]}]},{"@type":"ImageObject","inLanguage":"fr-FR","@id":"https:\/\/www.gold.fr\/news\/2015\/07\/13\/les-minutes-du-fomc-partagent-les-experts\/#primaryimage","url":"https:\/\/www.gold.fr\/news\/wp-content\/uploads\/2011\/12\/cours-de-lor1.jpg","contentUrl":"https:\/\/www.gold.fr\/news\/wp-content\/uploads\/2011\/12\/cours-de-lor1.jpg","width":"625","height":"351","caption":"Cours de l\u2019once : retour sur les performances des semaines pass\u00e9es"},{"@type":"BreadcrumbList","@id":"https:\/\/www.gold.fr\/news\/2015\/07\/13\/les-minutes-du-fomc-partagent-les-experts\/#breadcrumb","itemListElement":[{"@type":"ListItem","position":1,"name":"Accueil","item":"https:\/\/www.gold.fr\/"},{"@type":"ListItem","position":2,"name":"Actualit\u00e9s","item":"https:\/\/www.gold.fr\/news\/"},{"@type":"ListItem","position":3,"name":"Les \u2018minutes\u2019 du FOMC partagent les experts"}]},{"@type":"WebSite","@id":"https:\/\/www.gold.fr\/news\/#website","url":"https:\/\/www.gold.fr\/news\/","name":"Gold.fr","description":"Actualit\u00e9s de l&#039;Or et des m\u00e9taux pr\u00e9cieux","potentialAction":[{"@type":"SearchAction","target":{"@type":"EntryPoint","urlTemplate":"https:\/\/www.gold.fr\/news\/?s={search_term_string}"},"query-input":{"@type":"PropertyValueSpecification","valueRequired":true,"valueName":"search_term_string"}}],"inLanguage":"fr-FR"},{"@type":"Person","@id":"https:\/\/www.gold.fr\/news\/#\/schema\/person\/070491b4b4fb7671bf59b3be20302ce9","name":"Comptoir National de l'Or","image":{"@type":"ImageObject","inLanguage":"fr-FR","@id":"https:\/\/secure.gravatar.com\/avatar\/0a2867fd5abe37bed95d5a65e9d58f01756e11efc68af9888dfc50cfa7f65948?s=96&d=mm&r=gb490554db0a38188709de567aa58480d","url":"https:\/\/secure.gravatar.com\/avatar\/0a2867fd5abe37bed95d5a65e9d58f01756e11efc68af9888dfc50cfa7f65948?s=96&d=mm&r=g","contentUrl":"https:\/\/secure.gravatar.com\/avatar\/0a2867fd5abe37bed95d5a65e9d58f01756e11efc68af9888dfc50cfa7f65948?s=96&d=mm&r=g","caption":"Comptoir National de l'Or"},"description":"Notre r\u00e9daction est constitu\u00e9e de membres experts dans les m\u00e9tiers de l'\u00e9conomie et la gestion, des Responsables d'agence Comptoir National de l'Or, des analystes financiers qui publient r\u00e9guli\u00e8rement des \u00e9tudes sur les politiques des banques centrales, le cours de l'or, prix de l'or, cours de l'argent, prix de l'argent, cours du platine, cours du palladium,... la situation en zone euro et l'impact de la strat\u00e9gie mon\u00e9taire de la FED. Notre \u00e9quipe scrute \u00e9galement une information plus g\u00e9n\u00e9raliste \u00e0 la recherche d'actualit\u00e9 \"p\u00e9pite\" \u00e0 vous partager. Depuis 5 ans, nous avons publi\u00e9 un peu plus de 4000 articles qui s'adressent \u00e0 un public large et vari\u00e9 ayant pour objectif de satisfaire votre curiosit\u00e9 et de partager avec vous une certaine fascination pour le m\u00e9tal jaune, le rachat d'or, et pour ceux qui veulent investir dans l'or, vendre leur or tout simplement en savoir plus... Pour tous vos achat or et argent, n'h\u00e9sitez pas \u00e0 prendre rendez-vous dans l'un de nos nombreux comptoirs.","sameAs":["https:\/\/www.gold.fr"]}]}},"authors":[{"term_id":2565,"user_id":18,"is_guest":0,"slug":"julie","display_name":"Comptoir National de l'Or","avatar_url":"https:\/\/secure.gravatar.com\/avatar\/713f289e398d35ead876c4a4cc08607f0d6d266058cfc25683fffb6092d0e572?s=96&d=mm&r=g","0":null,"1":"","2":"","3":"","4":"","5":"","6":"","7":"","8":""}],"_links":{"self":[{"href":"https:\/\/www.gold.fr\/news\/wp-json\/wp\/v2\/posts\/17482","targetHints":{"allow":["GET"]}}],"collection":[{"href":"https:\/\/www.gold.fr\/news\/wp-json\/wp\/v2\/posts"}],"about":[{"href":"https:\/\/www.gold.fr\/news\/wp-json\/wp\/v2\/types\/post"}],"author":[{"embeddable":true,"href":"https:\/\/www.gold.fr\/news\/wp-json\/wp\/v2\/users\/18"}],"replies":[{"embeddable":true,"href":"https:\/\/www.gold.fr\/news\/wp-json\/wp\/v2\/comments?post=17482"}],"version-history":[{"count":0,"href":"https:\/\/www.gold.fr\/news\/wp-json\/wp\/v2\/posts\/17482\/revisions"}],"wp:featuredmedia":[{"embeddable":true,"href":"https:\/\/www.gold.fr\/news\/wp-json\/wp\/v2\/media\/4338"}],"wp:attachment":[{"href":"https:\/\/www.gold.fr\/news\/wp-json\/wp\/v2\/media?parent=17482"}],"wp:term":[{"taxonomy":"category","embeddable":true,"href":"https:\/\/www.gold.fr\/news\/wp-json\/wp\/v2\/categories?post=17482"},{"taxonomy":"post_tag","embeddable":true,"href":"https:\/\/www.gold.fr\/news\/wp-json\/wp\/v2\/tags?post=17482"},{"taxonomy":"author","embeddable":true,"href":"https:\/\/www.gold.fr\/news\/wp-json\/wp\/v2\/ppma_author?post=17482"}],"curies":[{"name":"wp","href":"https:\/\/api.w.org\/{rel}","templated":true}]}}