{"id":17473,"date":"2015-07-10T09:00:19","date_gmt":"2015-07-10T07:00:19","guid":{"rendered":"https:\/\/www.gold.fr\/news\/?p=17473"},"modified":"2017-11-29T18:01:33","modified_gmt":"2017-11-29T17:01:33","slug":"les-marches-entre-eurogroupe-et-fomc","status":"publish","type":"post","link":"https:\/\/www.gold.fr\/news\/2015\/07\/10\/les-marches-entre-eurogroupe-et-fomc\/","title":{"rendered":"Les march\u00e9s entre Eurogroupe et FOMC"},"content":{"rendered":"<p><img loading=\"lazy\" decoding=\"async\" class=\"alignleft size-thumbnail wp-image-7719\" title=\"Les march\u00e9s entre Eurogroupe et FOMC\" src=\"https:\/\/www.gold.fr\/news\/wp-content\/uploads\/2012\/05\/Achat-Or-150x150.jpg\" alt=\"\" width=\"150\" height=\"150\" \/><span style=\"font-size: small;\">Apr\u00e8s des semaines de l\u00e9thargie o\u00f9 ils \u00e9voluaient en constante monotonie, en qu\u00eate de catalyseur, les march\u00e9s d&rsquo;<a href='https:\/\/www.gold.fr\/news\/tags\/investissement' class='esk-seo-plu-link'>investissement<\/a> ont finalement trouv\u00e9 le facteur capable de changer la donne. La crise majeure grecque monopolise tant et tellement l&rsquo;actualit\u00e9 \u00e9conomique mondiale qu&rsquo;elle r\u00e9ussit m\u00eame \u00e0 \u00e9clipser l&rsquo;un des rendez-vous essentiels ; la r\u00e9union du <strong>FOMC<\/strong>.<\/span>    <span style=\"font-size: small;\">Les observateurs rapportaient, mercredi, que la monnaie unique maintenait, pour l&rsquo;instant, un \u00e9quilibre clairement pr\u00e9caire, r\u00e9ussissant m\u00eame \u00e0 remonter l\u00e9g\u00e8rement la pente face \u00e0 un billet vert en bonne forme. Pendant ce temps, les principaux acteurs financiers et \u00e9conomiques de la zone euro continuent \u00e0 tenir les r\u00e9unions infructueuses. C&rsquo;est notamment le cas de l&rsquo;<strong>eurogroupe<\/strong> qui a eu lieu au d\u00e9but de la semaine, et qui \u00ab <em>n&rsquo;a d\u00e9bouch\u00e9 sur aucune avanc\u00e9e, en l&rsquo;absence selon nombre de n\u00e9gociateurs de nouvelles propositions de la Gr\u00e8ce<\/em> \u00bb. Et \u00e0 l&rsquo;heure o\u00f9 certains experts rappellent que ces interminables et inutiles tours de n\u00e9gociations sont en train d&rsquo;\u00e9puiser la patience des diff\u00e9rentes parties impliqu\u00e9es, d&rsquo;autres analystes (notamment ceux de la <strong>Soci\u00e9t\u00e9 G\u00e9n\u00e9rale<\/strong>) estiment que \u00ab <em>la probabilit\u00e9 de voir la Gr\u00e8ce quitter la zone euro (sc\u00e9nario du &lsquo;Grexit&rsquo;) est d\u00e9sormais de 65%, \u00e0 comparer avec un taux de 40% envisag\u00e9 vendredi dernier<\/em> \u00bb.<\/span>    <span style=\"font-size: small;\">C\u00f4t\u00e9 am\u00e9ricain, on attend, cette semaine, la publication des \u2018<em>minutes<\/em>&lsquo; de la r\u00e9union du <strong>FOMC<\/strong> tenue les <strong>16 <\/strong>et<strong> 17 juin<\/strong> derniers. L&rsquo;\u00e9quipe de <strong>PNB Paribas<\/strong> pr\u00e9voit, \u00e0 ce sujet, que \u00ab <em>la R\u00e9serve f\u00e9d\u00e9rale am\u00e9ricaine reportera la date de sa premi\u00e8re hausse de taux \u00e0 d\u00e9cembre, plut\u00f4t qu&rsquo;\u00e0 septembre (comme pr\u00e9vu initialement)<\/em> \u00bb, en raison de la crise grecque.<\/span><\/p>\n<!-- AddThis Advanced Settings generic via filter on the_content --><!-- AddThis Share Buttons generic via filter on the_content -->","protected":false},"excerpt":{"rendered":"<p>Apr\u00e8s des semaines de l\u00e9thargie o\u00f9 ils \u00e9voluaient en constante monotonie, en qu\u00eate de catalyseur, les march\u00e9s d&rsquo;investissement ont finalement trouv\u00e9 le facteur capable de changer la donne. La crise majeure grecque monopolise tant et tellement [&hellip;]<\/p>\n","protected":false},"author":18,"featured_media":7719,"comment_status":"open","ping_status":"open","sticky":false,"template":"","format":"standard","meta":{"_mbp_gutenberg_autopost":false,"_pgmb_is_evergreen":false,"_pgmb_ap_template_id":0,"footnotes":""},"categories":[6],"tags":[594,1000,1231,1034,224,2016,95],"ppma_author":[2565],"class_list":["post-17473","post","type-post","status-publish","format-standard","has-post-thumbnail","hentry","category-articles-de-presse","tag-crise-grecque","tag-economie","tag-eurogroupe","tag-fomc","tag-grece","tag-grexit","tag-marche-de-lor"],"yoast_head":"<!-- This site is optimized with the Yoast SEO plugin v27.5 - https:\/\/yoast.com\/product\/yoast-seo-wordpress\/ -->\n<title>Les march\u00e9s entre Eurogroupe et FOMC - Gold.fr<\/title>\n<meta name=\"robots\" content=\"index, follow, max-snippet:-1, max-image-preview:large, max-video-preview:-1\" \/>\n<link rel=\"canonical\" href=\"https:\/\/www.gold.fr\/news\/2015\/07\/10\/les-marches-entre-eurogroupe-et-fomc\/\" \/>\n<meta property=\"og:locale\" content=\"fr_FR\" \/>\n<meta property=\"og:type\" content=\"article\" \/>\n<meta property=\"og:title\" content=\"Les march\u00e9s entre Eurogroupe et FOMC - Gold.fr\" \/>\n<meta property=\"og:description\" content=\"Apr\u00e8s des semaines de l\u00e9thargie o\u00f9 ils \u00e9voluaient en constante monotonie, en qu\u00eate de catalyseur, les march\u00e9s d&rsquo;investissement ont finalement trouv\u00e9 le facteur capable de changer la donne. La crise majeure grecque monopolise tant et tellement [&hellip;]\" \/>\n<meta property=\"og:url\" content=\"https:\/\/www.gold.fr\/news\/2015\/07\/10\/les-marches-entre-eurogroupe-et-fomc\/\" \/>\n<meta property=\"og:site_name\" content=\"Gold.fr\" \/>\n<meta property=\"article:publisher\" content=\"https:\/\/www.facebook.com\/Goldfr\/\" \/>\n<meta property=\"article:published_time\" content=\"2015-07-10T07:00:19+00:00\" \/>\n<meta property=\"article:modified_time\" content=\"2017-11-29T17:01:33+00:00\" \/>\n<meta property=\"og:image\" content=\"https:\/\/www.gold.fr\/news\/wp-content\/uploads\/2012\/05\/Achat-Or.jpg\" \/>\n\t<meta property=\"og:image:width\" content=\"600\" \/>\n\t<meta property=\"og:image:height\" content=\"400\" \/>\n\t<meta property=\"og:image:type\" content=\"image\/jpeg\" \/>\n<meta name=\"author\" content=\"Comptoir National de l&#039;Or\" \/>\n<meta name=\"twitter:card\" content=\"summary_large_image\" \/>\n<meta name=\"twitter:label1\" content=\"\u00c9crit par\" \/>\n\t<meta name=\"twitter:data1\" content=\"Comptoir National de l&#039;Or\" \/>\n\t<meta name=\"twitter:label2\" content=\"Dur\u00e9e de lecture estim\u00e9e\" \/>\n\t<meta name=\"twitter:data2\" content=\"1 minute\" \/>\n<script type=\"application\/ld+json\" class=\"yoast-schema-graph\">{\"@context\":\"https:\\\/\\\/schema.org\",\"@graph\":[{\"@type\":\"Article\",\"@id\":\"https:\\\/\\\/www.gold.fr\\\/news\\\/2015\\\/07\\\/10\\\/les-marches-entre-eurogroupe-et-fomc\\\/#article\",\"isPartOf\":{\"@id\":\"https:\\\/\\\/www.gold.fr\\\/news\\\/2015\\\/07\\\/10\\\/les-marches-entre-eurogroupe-et-fomc\\\/\"},\"author\":{\"name\":\"Comptoir National de l'Or\",\"@id\":\"https:\\\/\\\/www.gold.fr\\\/news\\\/#\\\/schema\\\/person\\\/070491b4b4fb7671bf59b3be20302ce9\"},\"headline\":\"Les march\u00e9s entre Eurogroupe et FOMC\",\"datePublished\":\"2015-07-10T07:00:19+00:00\",\"dateModified\":\"2017-11-29T17:01:33+00:00\",\"mainEntityOfPage\":{\"@id\":\"https:\\\/\\\/www.gold.fr\\\/news\\\/2015\\\/07\\\/10\\\/les-marches-entre-eurogroupe-et-fomc\\\/\"},\"wordCount\":302,\"commentCount\":0,\"image\":{\"@id\":\"https:\\\/\\\/www.gold.fr\\\/news\\\/2015\\\/07\\\/10\\\/les-marches-entre-eurogroupe-et-fomc\\\/#primaryimage\"},\"thumbnailUrl\":\"https:\\\/\\\/www.gold.fr\\\/news\\\/wp-content\\\/uploads\\\/2012\\\/05\\\/Achat-Or.jpg\",\"keywords\":[\"crise gr\u00e8cque\",\"\u00e9conomie\",\"Eurogroupe\",\"FOMC\",\"Gr\u00e8ce\",\"Grexit\",\"march\u00e9 de l'or\"],\"articleSection\":[\"Articles de presse\"],\"inLanguage\":\"fr-FR\"},{\"@type\":\"WebPage\",\"@id\":\"https:\\\/\\\/www.gold.fr\\\/news\\\/2015\\\/07\\\/10\\\/les-marches-entre-eurogroupe-et-fomc\\\/\",\"url\":\"https:\\\/\\\/www.gold.fr\\\/news\\\/2015\\\/07\\\/10\\\/les-marches-entre-eurogroupe-et-fomc\\\/\",\"name\":\"Les march\u00e9s entre Eurogroupe et FOMC - Gold.fr\",\"isPartOf\":{\"@id\":\"https:\\\/\\\/www.gold.fr\\\/news\\\/#website\"},\"primaryImageOfPage\":{\"@id\":\"https:\\\/\\\/www.gold.fr\\\/news\\\/2015\\\/07\\\/10\\\/les-marches-entre-eurogroupe-et-fomc\\\/#primaryimage\"},\"image\":{\"@id\":\"https:\\\/\\\/www.gold.fr\\\/news\\\/2015\\\/07\\\/10\\\/les-marches-entre-eurogroupe-et-fomc\\\/#primaryimage\"},\"thumbnailUrl\":\"https:\\\/\\\/www.gold.fr\\\/news\\\/wp-content\\\/uploads\\\/2012\\\/05\\\/Achat-Or.jpg\",\"datePublished\":\"2015-07-10T07:00:19+00:00\",\"dateModified\":\"2017-11-29T17:01:33+00:00\",\"author\":{\"@id\":\"https:\\\/\\\/www.gold.fr\\\/news\\\/#\\\/schema\\\/person\\\/070491b4b4fb7671bf59b3be20302ce9\"},\"breadcrumb\":{\"@id\":\"https:\\\/\\\/www.gold.fr\\\/news\\\/2015\\\/07\\\/10\\\/les-marches-entre-eurogroupe-et-fomc\\\/#breadcrumb\"},\"inLanguage\":\"fr-FR\",\"potentialAction\":[{\"@type\":\"ReadAction\",\"target\":[\"https:\\\/\\\/www.gold.fr\\\/news\\\/2015\\\/07\\\/10\\\/les-marches-entre-eurogroupe-et-fomc\\\/\"]}]},{\"@type\":\"ImageObject\",\"inLanguage\":\"fr-FR\",\"@id\":\"https:\\\/\\\/www.gold.fr\\\/news\\\/2015\\\/07\\\/10\\\/les-marches-entre-eurogroupe-et-fomc\\\/#primaryimage\",\"url\":\"https:\\\/\\\/www.gold.fr\\\/news\\\/wp-content\\\/uploads\\\/2012\\\/05\\\/Achat-Or.jpg\",\"contentUrl\":\"https:\\\/\\\/www.gold.fr\\\/news\\\/wp-content\\\/uploads\\\/2012\\\/05\\\/Achat-Or.jpg\",\"width\":\"600\",\"height\":\"400\",\"caption\":\"Baisse conjoncturelle de l'once\"},{\"@type\":\"BreadcrumbList\",\"@id\":\"https:\\\/\\\/www.gold.fr\\\/news\\\/2015\\\/07\\\/10\\\/les-marches-entre-eurogroupe-et-fomc\\\/#breadcrumb\",\"itemListElement\":[{\"@type\":\"ListItem\",\"position\":1,\"name\":\"Accueil\",\"item\":\"https:\\\/\\\/www.gold.fr\\\/\"},{\"@type\":\"ListItem\",\"position\":2,\"name\":\"Actualit\u00e9s\",\"item\":\"https:\\\/\\\/www.gold.fr\\\/news\\\/\"},{\"@type\":\"ListItem\",\"position\":3,\"name\":\"Les march\u00e9s entre Eurogroupe et FOMC\"}]},{\"@type\":\"WebSite\",\"@id\":\"https:\\\/\\\/www.gold.fr\\\/news\\\/#website\",\"url\":\"https:\\\/\\\/www.gold.fr\\\/news\\\/\",\"name\":\"Gold.fr\",\"description\":\"Actualit\u00e9s de l&#039;Or et des m\u00e9taux pr\u00e9cieux\",\"potentialAction\":[{\"@type\":\"SearchAction\",\"target\":{\"@type\":\"EntryPoint\",\"urlTemplate\":\"https:\\\/\\\/www.gold.fr\\\/news\\\/?s={search_term_string}\"},\"query-input\":{\"@type\":\"PropertyValueSpecification\",\"valueRequired\":true,\"valueName\":\"search_term_string\"}}],\"inLanguage\":\"fr-FR\"},{\"@type\":\"Person\",\"@id\":\"https:\\\/\\\/www.gold.fr\\\/news\\\/#\\\/schema\\\/person\\\/070491b4b4fb7671bf59b3be20302ce9\",\"name\":\"Comptoir National de l'Or\",\"image\":{\"@type\":\"ImageObject\",\"inLanguage\":\"fr-FR\",\"@id\":\"https:\\\/\\\/secure.gravatar.com\\\/avatar\\\/0a2867fd5abe37bed95d5a65e9d58f01756e11efc68af9888dfc50cfa7f65948?s=96&d=mm&r=gb490554db0a38188709de567aa58480d\",\"url\":\"https:\\\/\\\/secure.gravatar.com\\\/avatar\\\/0a2867fd5abe37bed95d5a65e9d58f01756e11efc68af9888dfc50cfa7f65948?s=96&d=mm&r=g\",\"contentUrl\":\"https:\\\/\\\/secure.gravatar.com\\\/avatar\\\/0a2867fd5abe37bed95d5a65e9d58f01756e11efc68af9888dfc50cfa7f65948?s=96&d=mm&r=g\",\"caption\":\"Comptoir National de l'Or\"},\"description\":\"Notre r\u00e9daction est constitu\u00e9e de membres experts dans les m\u00e9tiers de l'\u00e9conomie et la gestion, des Responsables d'agence Comptoir National de l'Or, des analystes financiers qui publient r\u00e9guli\u00e8rement des \u00e9tudes sur les politiques des banques centrales, le cours de l'or, prix de l'or, cours de l'argent, prix de l'argent, cours du platine, cours du palladium,... la situation en zone euro et l'impact de la strat\u00e9gie mon\u00e9taire de la FED. Notre \u00e9quipe scrute \u00e9galement une information plus g\u00e9n\u00e9raliste \u00e0 la recherche d'actualit\u00e9 \\\"p\u00e9pite\\\" \u00e0 vous partager. Depuis 5 ans, nous avons publi\u00e9 un peu plus de 4000 articles qui s'adressent \u00e0 un public large et vari\u00e9 ayant pour objectif de satisfaire votre curiosit\u00e9 et de partager avec vous une certaine fascination pour le m\u00e9tal jaune, le rachat d'or, et pour ceux qui veulent investir dans l'or, vendre leur or tout simplement en savoir plus... Pour tous vos achat or et argent, n'h\u00e9sitez pas \u00e0 prendre rendez-vous dans l'un de nos nombreux comptoirs.\",\"sameAs\":[\"https:\\\/\\\/www.gold.fr\"]}]}<\/script>\n<!-- \/ Yoast SEO plugin. -->","yoast_head_json":{"title":"Les march\u00e9s entre Eurogroupe et FOMC - Gold.fr","robots":{"index":"index","follow":"follow","max-snippet":"max-snippet:-1","max-image-preview":"max-image-preview:large","max-video-preview":"max-video-preview:-1"},"canonical":"https:\/\/www.gold.fr\/news\/2015\/07\/10\/les-marches-entre-eurogroupe-et-fomc\/","og_locale":"fr_FR","og_type":"article","og_title":"Les march\u00e9s entre Eurogroupe et FOMC - Gold.fr","og_description":"Apr\u00e8s des semaines de l\u00e9thargie o\u00f9 ils \u00e9voluaient en constante monotonie, en qu\u00eate de catalyseur, les march\u00e9s d&rsquo;investissement ont finalement trouv\u00e9 le facteur capable de changer la donne. La crise majeure grecque monopolise tant et tellement [&hellip;]","og_url":"https:\/\/www.gold.fr\/news\/2015\/07\/10\/les-marches-entre-eurogroupe-et-fomc\/","og_site_name":"Gold.fr","article_publisher":"https:\/\/www.facebook.com\/Goldfr\/","article_published_time":"2015-07-10T07:00:19+00:00","article_modified_time":"2017-11-29T17:01:33+00:00","og_image":[{"width":600,"height":400,"url":"https:\/\/www.gold.fr\/news\/wp-content\/uploads\/2012\/05\/Achat-Or.jpg","type":"image\/jpeg"}],"author":"Comptoir National de l'Or","twitter_card":"summary_large_image","twitter_misc":{"\u00c9crit par":"Comptoir National de l'Or","Dur\u00e9e de lecture estim\u00e9e":"1 minute"},"schema":{"@context":"https:\/\/schema.org","@graph":[{"@type":"Article","@id":"https:\/\/www.gold.fr\/news\/2015\/07\/10\/les-marches-entre-eurogroupe-et-fomc\/#article","isPartOf":{"@id":"https:\/\/www.gold.fr\/news\/2015\/07\/10\/les-marches-entre-eurogroupe-et-fomc\/"},"author":{"name":"Comptoir National de l'Or","@id":"https:\/\/www.gold.fr\/news\/#\/schema\/person\/070491b4b4fb7671bf59b3be20302ce9"},"headline":"Les march\u00e9s entre Eurogroupe et FOMC","datePublished":"2015-07-10T07:00:19+00:00","dateModified":"2017-11-29T17:01:33+00:00","mainEntityOfPage":{"@id":"https:\/\/www.gold.fr\/news\/2015\/07\/10\/les-marches-entre-eurogroupe-et-fomc\/"},"wordCount":302,"commentCount":0,"image":{"@id":"https:\/\/www.gold.fr\/news\/2015\/07\/10\/les-marches-entre-eurogroupe-et-fomc\/#primaryimage"},"thumbnailUrl":"https:\/\/www.gold.fr\/news\/wp-content\/uploads\/2012\/05\/Achat-Or.jpg","keywords":["crise gr\u00e8cque","\u00e9conomie","Eurogroupe","FOMC","Gr\u00e8ce","Grexit","march\u00e9 de l'or"],"articleSection":["Articles de presse"],"inLanguage":"fr-FR"},{"@type":"WebPage","@id":"https:\/\/www.gold.fr\/news\/2015\/07\/10\/les-marches-entre-eurogroupe-et-fomc\/","url":"https:\/\/www.gold.fr\/news\/2015\/07\/10\/les-marches-entre-eurogroupe-et-fomc\/","name":"Les march\u00e9s entre Eurogroupe et FOMC - Gold.fr","isPartOf":{"@id":"https:\/\/www.gold.fr\/news\/#website"},"primaryImageOfPage":{"@id":"https:\/\/www.gold.fr\/news\/2015\/07\/10\/les-marches-entre-eurogroupe-et-fomc\/#primaryimage"},"image":{"@id":"https:\/\/www.gold.fr\/news\/2015\/07\/10\/les-marches-entre-eurogroupe-et-fomc\/#primaryimage"},"thumbnailUrl":"https:\/\/www.gold.fr\/news\/wp-content\/uploads\/2012\/05\/Achat-Or.jpg","datePublished":"2015-07-10T07:00:19+00:00","dateModified":"2017-11-29T17:01:33+00:00","author":{"@id":"https:\/\/www.gold.fr\/news\/#\/schema\/person\/070491b4b4fb7671bf59b3be20302ce9"},"breadcrumb":{"@id":"https:\/\/www.gold.fr\/news\/2015\/07\/10\/les-marches-entre-eurogroupe-et-fomc\/#breadcrumb"},"inLanguage":"fr-FR","potentialAction":[{"@type":"ReadAction","target":["https:\/\/www.gold.fr\/news\/2015\/07\/10\/les-marches-entre-eurogroupe-et-fomc\/"]}]},{"@type":"ImageObject","inLanguage":"fr-FR","@id":"https:\/\/www.gold.fr\/news\/2015\/07\/10\/les-marches-entre-eurogroupe-et-fomc\/#primaryimage","url":"https:\/\/www.gold.fr\/news\/wp-content\/uploads\/2012\/05\/Achat-Or.jpg","contentUrl":"https:\/\/www.gold.fr\/news\/wp-content\/uploads\/2012\/05\/Achat-Or.jpg","width":"600","height":"400","caption":"Baisse conjoncturelle de l'once"},{"@type":"BreadcrumbList","@id":"https:\/\/www.gold.fr\/news\/2015\/07\/10\/les-marches-entre-eurogroupe-et-fomc\/#breadcrumb","itemListElement":[{"@type":"ListItem","position":1,"name":"Accueil","item":"https:\/\/www.gold.fr\/"},{"@type":"ListItem","position":2,"name":"Actualit\u00e9s","item":"https:\/\/www.gold.fr\/news\/"},{"@type":"ListItem","position":3,"name":"Les march\u00e9s entre Eurogroupe et FOMC"}]},{"@type":"WebSite","@id":"https:\/\/www.gold.fr\/news\/#website","url":"https:\/\/www.gold.fr\/news\/","name":"Gold.fr","description":"Actualit\u00e9s de l&#039;Or et des m\u00e9taux pr\u00e9cieux","potentialAction":[{"@type":"SearchAction","target":{"@type":"EntryPoint","urlTemplate":"https:\/\/www.gold.fr\/news\/?s={search_term_string}"},"query-input":{"@type":"PropertyValueSpecification","valueRequired":true,"valueName":"search_term_string"}}],"inLanguage":"fr-FR"},{"@type":"Person","@id":"https:\/\/www.gold.fr\/news\/#\/schema\/person\/070491b4b4fb7671bf59b3be20302ce9","name":"Comptoir National de l'Or","image":{"@type":"ImageObject","inLanguage":"fr-FR","@id":"https:\/\/secure.gravatar.com\/avatar\/0a2867fd5abe37bed95d5a65e9d58f01756e11efc68af9888dfc50cfa7f65948?s=96&d=mm&r=gb490554db0a38188709de567aa58480d","url":"https:\/\/secure.gravatar.com\/avatar\/0a2867fd5abe37bed95d5a65e9d58f01756e11efc68af9888dfc50cfa7f65948?s=96&d=mm&r=g","contentUrl":"https:\/\/secure.gravatar.com\/avatar\/0a2867fd5abe37bed95d5a65e9d58f01756e11efc68af9888dfc50cfa7f65948?s=96&d=mm&r=g","caption":"Comptoir National de l'Or"},"description":"Notre r\u00e9daction est constitu\u00e9e de membres experts dans les m\u00e9tiers de l'\u00e9conomie et la gestion, des Responsables d'agence Comptoir National de l'Or, des analystes financiers qui publient r\u00e9guli\u00e8rement des \u00e9tudes sur les politiques des banques centrales, le cours de l'or, prix de l'or, cours de l'argent, prix de l'argent, cours du platine, cours du palladium,... la situation en zone euro et l'impact de la strat\u00e9gie mon\u00e9taire de la FED. Notre \u00e9quipe scrute \u00e9galement une information plus g\u00e9n\u00e9raliste \u00e0 la recherche d'actualit\u00e9 \"p\u00e9pite\" \u00e0 vous partager. Depuis 5 ans, nous avons publi\u00e9 un peu plus de 4000 articles qui s'adressent \u00e0 un public large et vari\u00e9 ayant pour objectif de satisfaire votre curiosit\u00e9 et de partager avec vous une certaine fascination pour le m\u00e9tal jaune, le rachat d'or, et pour ceux qui veulent investir dans l'or, vendre leur or tout simplement en savoir plus... Pour tous vos achat or et argent, n'h\u00e9sitez pas \u00e0 prendre rendez-vous dans l'un de nos nombreux comptoirs.","sameAs":["https:\/\/www.gold.fr"]}]}},"authors":[{"term_id":2565,"user_id":18,"is_guest":0,"slug":"julie","display_name":"Comptoir National de l'Or","avatar_url":"https:\/\/secure.gravatar.com\/avatar\/713f289e398d35ead876c4a4cc08607f0d6d266058cfc25683fffb6092d0e572?s=96&d=mm&r=g","0":null,"1":"","2":"","3":"","4":"","5":"","6":"","7":"","8":""}],"_links":{"self":[{"href":"https:\/\/www.gold.fr\/news\/wp-json\/wp\/v2\/posts\/17473","targetHints":{"allow":["GET"]}}],"collection":[{"href":"https:\/\/www.gold.fr\/news\/wp-json\/wp\/v2\/posts"}],"about":[{"href":"https:\/\/www.gold.fr\/news\/wp-json\/wp\/v2\/types\/post"}],"author":[{"embeddable":true,"href":"https:\/\/www.gold.fr\/news\/wp-json\/wp\/v2\/users\/18"}],"replies":[{"embeddable":true,"href":"https:\/\/www.gold.fr\/news\/wp-json\/wp\/v2\/comments?post=17473"}],"version-history":[{"count":0,"href":"https:\/\/www.gold.fr\/news\/wp-json\/wp\/v2\/posts\/17473\/revisions"}],"wp:featuredmedia":[{"embeddable":true,"href":"https:\/\/www.gold.fr\/news\/wp-json\/wp\/v2\/media\/7719"}],"wp:attachment":[{"href":"https:\/\/www.gold.fr\/news\/wp-json\/wp\/v2\/media?parent=17473"}],"wp:term":[{"taxonomy":"category","embeddable":true,"href":"https:\/\/www.gold.fr\/news\/wp-json\/wp\/v2\/categories?post=17473"},{"taxonomy":"post_tag","embeddable":true,"href":"https:\/\/www.gold.fr\/news\/wp-json\/wp\/v2\/tags?post=17473"},{"taxonomy":"author","embeddable":true,"href":"https:\/\/www.gold.fr\/news\/wp-json\/wp\/v2\/ppma_author?post=17473"}],"curies":[{"name":"wp","href":"https:\/\/api.w.org\/{rel}","templated":true}]}}