{"id":17461,"date":"2015-07-08T17:00:58","date_gmt":"2015-07-08T15:00:58","guid":{"rendered":"https:\/\/www.gold.fr\/news\/?p=17461"},"modified":"2021-09-09T13:34:21","modified_gmt":"2021-09-09T11:34:21","slug":"lonce-en-quete-dun-catalyseur","status":"publish","type":"post","link":"https:\/\/www.gold.fr\/news\/2015\/07\/08\/lonce-en-quete-dun-catalyseur\/","title":{"rendered":"L\u2019once en qu\u00eate d\u2019un catalyseur"},"content":{"rendered":"<p><img loading=\"lazy\" decoding=\"async\" class=\"alignleft size-thumbnail wp-image-3909\" title=\"L\u2019once en qu\u00eate d\u2019un catalyseur\" src=\"https:\/\/www.gold.fr\/news\/wp-content\/uploads\/2018\/03\/europe.jpg\" alt=\"\" width=\"150\" height=\"150\" \/><span style=\"font-size: small;\">En d\u00e9pit de quelques d\u00e9veloppements majeurs, survenus r\u00e9cemment sur la plan\u00e8te \u00e9conomique mondiale, le <a class=\"esk-seo-plu-link\" href=\"https:\/\/www.gold.fr\/news\/tags\/or\">m\u00e9tal jaune<\/a> demeure insensible et semble \u00e9voluer ind\u00e9pendamment du dossier le plus \u2018<em>chaud<\/em>&lsquo; du moment ; la crise de la dette grecque. Apr\u00e8s deux semaines de stabilisation pr\u00e9caire, <a title=\"Prix de l'Once de l'Or\" href=\"https:\/\/www.gold.fr\/once-or-nyc\/\" target=\"_blank\" rel=\"noopener\">l\u2019once<\/a> enregistre une stagnation qui traduit le besoin du march\u00e9 d&rsquo;un catalyseur suffisamment solide pour l&rsquo;extirper de cette charni\u00e8re baissi\u00e8re.<\/span> <span style=\"font-size: small;\">Ce ne sont pourtant pas les nouvelles qui manquent, du c\u00f4t\u00e9 grec. Et pas des moindres ; le d\u00e9but de la semaine a d\u00e9j\u00e0 \u00e9t\u00e9 le th\u00e9\u00e2tre de diff\u00e9rentes r\u00e9unions majeures, de grands argentiers europ\u00e9ens, d&rsquo;abord, puis de l&rsquo;<strong>Eurogroupe<\/strong>, et d&rsquo;un sommet de la zone euro. Une longue s\u00e9rie de n\u00e9gociations et de tentatives de sauver le pays (et la zone, par extension) du spectre d&rsquo;un effondrement \u00e9conomique et financier total qui le menace.<\/span> <span style=\"font-size: small;\"><strong>Aurel BGC<\/strong> rappelle d&rsquo;ailleurs que \u00ab <em>la Gr\u00e8ce a un nouveau ministre de l&rsquo;\u00e9conomie : Euclide Tsakalotos<\/em> \u00bb, soulignant que \u00ab <em>plus sobre dans son expression, il s&rsquo;est toutefois montr\u00e9 sur la m\u00eame ligne que son pr\u00e9d\u00e9cesseur. Euclide Tsakalotos a mis, plus que jamais, sur la table la question d&rsquo;un all\u00e8gement de la dette grecque<\/em> \u00bb. Bref ; la r\u00e9solution de la crise ne sera pas facilit\u00e9e par ce nouveau acteur-cl\u00e9 dans l&rsquo;affaire.<\/span> <span style=\"font-size: small;\">D&rsquo;autant plus que le journal grec <strong>Ekathimerini<\/strong> a r\u00e9cemment cit\u00e9 des sources bruxelloises en d\u00e9clarant que \u00ab <em>16 des 18 autres membres de l&rsquo;Eurozone seraient favorables \u00e0 laisser la Gr\u00e8ce quitter l&rsquo;union mon\u00e9taire<\/em> \u00bb.<\/span><\/p>\n<!-- AddThis Advanced Settings generic via filter on the_content --><!-- AddThis Share Buttons generic via filter on the_content -->","protected":false},"excerpt":{"rendered":"<p>En d\u00e9pit de quelques d\u00e9veloppements majeurs, survenus r\u00e9cemment sur la plan\u00e8te \u00e9conomique mondiale, le m\u00e9tal jaune demeure insensible et semble \u00e9voluer ind\u00e9pendamment du dossier le plus \u2018chaud&lsquo; du moment ; la crise de la dette grecque. [&hellip;]<\/p>\n","protected":false},"author":18,"featured_media":31481,"comment_status":"closed","ping_status":"closed","sticky":false,"template":"","format":"standard","meta":{"_mbp_gutenberg_autopost":false,"_pgmb_is_evergreen":false,"_pgmb_ap_template_id":0,"footnotes":""},"categories":[6],"tags":[290,1000,1231,1625,1990,224,85],"ppma_author":[2565],"class_list":["post-17461","post","type-post","status-publish","format-standard","has-post-thumbnail","hentry","category-articles-de-presse","tag-dette-grecque","tag-economie","tag-eurogroupe","tag-eurozone","tag-finance","tag-grece","tag-once-dor"],"yoast_head":"<!-- This site is optimized with the Yoast SEO plugin v27.5 - https:\/\/yoast.com\/product\/yoast-seo-wordpress\/ -->\n<title>L\u2019once en qu\u00eate d\u2019un catalyseur - Gold.fr<\/title>\n<meta name=\"robots\" content=\"index, follow, max-snippet:-1, max-image-preview:large, max-video-preview:-1\" \/>\n<link rel=\"canonical\" href=\"https:\/\/www.gold.fr\/news\/2015\/07\/08\/lonce-en-quete-dun-catalyseur\/\" \/>\n<meta property=\"og:locale\" content=\"fr_FR\" \/>\n<meta property=\"og:type\" content=\"article\" \/>\n<meta property=\"og:title\" content=\"L\u2019once en qu\u00eate d\u2019un catalyseur - Gold.fr\" \/>\n<meta property=\"og:description\" content=\"En d\u00e9pit de quelques d\u00e9veloppements majeurs, survenus r\u00e9cemment sur la plan\u00e8te \u00e9conomique mondiale, le m\u00e9tal jaune demeure insensible et semble \u00e9voluer ind\u00e9pendamment du dossier le plus \u2018chaud&lsquo; du moment ; la crise de la dette grecque. [&hellip;]\" \/>\n<meta property=\"og:url\" content=\"https:\/\/www.gold.fr\/news\/2015\/07\/08\/lonce-en-quete-dun-catalyseur\/\" \/>\n<meta property=\"og:site_name\" content=\"Gold.fr\" \/>\n<meta property=\"article:publisher\" content=\"https:\/\/www.facebook.com\/Goldfr\/\" \/>\n<meta property=\"article:published_time\" content=\"2015-07-08T15:00:58+00:00\" \/>\n<meta property=\"article:modified_time\" content=\"2021-09-09T11:34:21+00:00\" \/>\n<meta property=\"og:image\" content=\"https:\/\/www.gold.fr\/news\/wp-content\/uploads\/2018\/03\/europe.jpg\" \/>\n\t<meta property=\"og:image:width\" content=\"1254\" \/>\n\t<meta property=\"og:image:height\" content=\"836\" \/>\n\t<meta property=\"og:image:type\" content=\"image\/jpeg\" \/>\n<meta name=\"author\" content=\"Comptoir National de l&#039;Or\" \/>\n<meta name=\"twitter:card\" content=\"summary_large_image\" \/>\n<meta name=\"twitter:label1\" content=\"\u00c9crit par\" \/>\n\t<meta name=\"twitter:data1\" content=\"Comptoir National de l&#039;Or\" \/>\n\t<meta name=\"twitter:label2\" content=\"Dur\u00e9e de lecture estim\u00e9e\" \/>\n\t<meta name=\"twitter:data2\" content=\"1 minute\" \/>\n<script type=\"application\/ld+json\" class=\"yoast-schema-graph\">{\"@context\":\"https:\\\/\\\/schema.org\",\"@graph\":[{\"@type\":\"Article\",\"@id\":\"https:\\\/\\\/www.gold.fr\\\/news\\\/2015\\\/07\\\/08\\\/lonce-en-quete-dun-catalyseur\\\/#article\",\"isPartOf\":{\"@id\":\"https:\\\/\\\/www.gold.fr\\\/news\\\/2015\\\/07\\\/08\\\/lonce-en-quete-dun-catalyseur\\\/\"},\"author\":{\"name\":\"Comptoir National de l'Or\",\"@id\":\"https:\\\/\\\/www.gold.fr\\\/news\\\/#\\\/schema\\\/person\\\/070491b4b4fb7671bf59b3be20302ce9\"},\"headline\":\"L\u2019once en qu\u00eate d\u2019un catalyseur\",\"datePublished\":\"2015-07-08T15:00:58+00:00\",\"dateModified\":\"2021-09-09T11:34:21+00:00\",\"mainEntityOfPage\":{\"@id\":\"https:\\\/\\\/www.gold.fr\\\/news\\\/2015\\\/07\\\/08\\\/lonce-en-quete-dun-catalyseur\\\/\"},\"wordCount\":283,\"image\":{\"@id\":\"https:\\\/\\\/www.gold.fr\\\/news\\\/2015\\\/07\\\/08\\\/lonce-en-quete-dun-catalyseur\\\/#primaryimage\"},\"thumbnailUrl\":\"https:\\\/\\\/www.gold.fr\\\/news\\\/wp-content\\\/uploads\\\/2018\\\/03\\\/europe.jpg\",\"keywords\":[\"dette grecque\",\"\u00e9conomie\",\"Eurogroupe\",\"Eurozone\",\"finance\",\"Gr\u00e8ce\",\"once d'or\"],\"articleSection\":[\"Articles de presse\"],\"inLanguage\":\"fr-FR\"},{\"@type\":\"WebPage\",\"@id\":\"https:\\\/\\\/www.gold.fr\\\/news\\\/2015\\\/07\\\/08\\\/lonce-en-quete-dun-catalyseur\\\/\",\"url\":\"https:\\\/\\\/www.gold.fr\\\/news\\\/2015\\\/07\\\/08\\\/lonce-en-quete-dun-catalyseur\\\/\",\"name\":\"L\u2019once en qu\u00eate d\u2019un catalyseur - Gold.fr\",\"isPartOf\":{\"@id\":\"https:\\\/\\\/www.gold.fr\\\/news\\\/#website\"},\"primaryImageOfPage\":{\"@id\":\"https:\\\/\\\/www.gold.fr\\\/news\\\/2015\\\/07\\\/08\\\/lonce-en-quete-dun-catalyseur\\\/#primaryimage\"},\"image\":{\"@id\":\"https:\\\/\\\/www.gold.fr\\\/news\\\/2015\\\/07\\\/08\\\/lonce-en-quete-dun-catalyseur\\\/#primaryimage\"},\"thumbnailUrl\":\"https:\\\/\\\/www.gold.fr\\\/news\\\/wp-content\\\/uploads\\\/2018\\\/03\\\/europe.jpg\",\"datePublished\":\"2015-07-08T15:00:58+00:00\",\"dateModified\":\"2021-09-09T11:34:21+00:00\",\"author\":{\"@id\":\"https:\\\/\\\/www.gold.fr\\\/news\\\/#\\\/schema\\\/person\\\/070491b4b4fb7671bf59b3be20302ce9\"},\"breadcrumb\":{\"@id\":\"https:\\\/\\\/www.gold.fr\\\/news\\\/2015\\\/07\\\/08\\\/lonce-en-quete-dun-catalyseur\\\/#breadcrumb\"},\"inLanguage\":\"fr-FR\",\"potentialAction\":[{\"@type\":\"ReadAction\",\"target\":[\"https:\\\/\\\/www.gold.fr\\\/news\\\/2015\\\/07\\\/08\\\/lonce-en-quete-dun-catalyseur\\\/\"]}]},{\"@type\":\"ImageObject\",\"inLanguage\":\"fr-FR\",\"@id\":\"https:\\\/\\\/www.gold.fr\\\/news\\\/2015\\\/07\\\/08\\\/lonce-en-quete-dun-catalyseur\\\/#primaryimage\",\"url\":\"https:\\\/\\\/www.gold.fr\\\/news\\\/wp-content\\\/uploads\\\/2018\\\/03\\\/europe.jpg\",\"contentUrl\":\"https:\\\/\\\/www.gold.fr\\\/news\\\/wp-content\\\/uploads\\\/2018\\\/03\\\/europe.jpg\",\"width\":1254,\"height\":836,\"caption\":\"Achat d\u2019or provenant au sein d\u2019un pays de la communaut\u00e9 europ\u00e9enne\"},{\"@type\":\"BreadcrumbList\",\"@id\":\"https:\\\/\\\/www.gold.fr\\\/news\\\/2015\\\/07\\\/08\\\/lonce-en-quete-dun-catalyseur\\\/#breadcrumb\",\"itemListElement\":[{\"@type\":\"ListItem\",\"position\":1,\"name\":\"Accueil\",\"item\":\"https:\\\/\\\/www.gold.fr\\\/\"},{\"@type\":\"ListItem\",\"position\":2,\"name\":\"Actualit\u00e9s\",\"item\":\"https:\\\/\\\/www.gold.fr\\\/news\\\/\"},{\"@type\":\"ListItem\",\"position\":3,\"name\":\"L\u2019once en qu\u00eate d\u2019un catalyseur\"}]},{\"@type\":\"WebSite\",\"@id\":\"https:\\\/\\\/www.gold.fr\\\/news\\\/#website\",\"url\":\"https:\\\/\\\/www.gold.fr\\\/news\\\/\",\"name\":\"Gold.fr\",\"description\":\"Actualit\u00e9s de l&#039;Or et des m\u00e9taux pr\u00e9cieux\",\"potentialAction\":[{\"@type\":\"SearchAction\",\"target\":{\"@type\":\"EntryPoint\",\"urlTemplate\":\"https:\\\/\\\/www.gold.fr\\\/news\\\/?s={search_term_string}\"},\"query-input\":{\"@type\":\"PropertyValueSpecification\",\"valueRequired\":true,\"valueName\":\"search_term_string\"}}],\"inLanguage\":\"fr-FR\"},{\"@type\":\"Person\",\"@id\":\"https:\\\/\\\/www.gold.fr\\\/news\\\/#\\\/schema\\\/person\\\/070491b4b4fb7671bf59b3be20302ce9\",\"name\":\"Comptoir National de l'Or\",\"image\":{\"@type\":\"ImageObject\",\"inLanguage\":\"fr-FR\",\"@id\":\"https:\\\/\\\/secure.gravatar.com\\\/avatar\\\/0a2867fd5abe37bed95d5a65e9d58f01756e11efc68af9888dfc50cfa7f65948?s=96&d=mm&r=gb490554db0a38188709de567aa58480d\",\"url\":\"https:\\\/\\\/secure.gravatar.com\\\/avatar\\\/0a2867fd5abe37bed95d5a65e9d58f01756e11efc68af9888dfc50cfa7f65948?s=96&d=mm&r=g\",\"contentUrl\":\"https:\\\/\\\/secure.gravatar.com\\\/avatar\\\/0a2867fd5abe37bed95d5a65e9d58f01756e11efc68af9888dfc50cfa7f65948?s=96&d=mm&r=g\",\"caption\":\"Comptoir National de l'Or\"},\"description\":\"Notre r\u00e9daction est constitu\u00e9e de membres experts dans les m\u00e9tiers de l'\u00e9conomie et la gestion, des Responsables d'agence Comptoir National de l'Or, des analystes financiers qui publient r\u00e9guli\u00e8rement des \u00e9tudes sur les politiques des banques centrales, le cours de l'or, prix de l'or, cours de l'argent, prix de l'argent, cours du platine, cours du palladium,... la situation en zone euro et l'impact de la strat\u00e9gie mon\u00e9taire de la FED. Notre \u00e9quipe scrute \u00e9galement une information plus g\u00e9n\u00e9raliste \u00e0 la recherche d'actualit\u00e9 \\\"p\u00e9pite\\\" \u00e0 vous partager. Depuis 5 ans, nous avons publi\u00e9 un peu plus de 4000 articles qui s'adressent \u00e0 un public large et vari\u00e9 ayant pour objectif de satisfaire votre curiosit\u00e9 et de partager avec vous une certaine fascination pour le m\u00e9tal jaune, le rachat d'or, et pour ceux qui veulent investir dans l'or, vendre leur or tout simplement en savoir plus... Pour tous vos achat or et argent, n'h\u00e9sitez pas \u00e0 prendre rendez-vous dans l'un de nos nombreux comptoirs.\",\"sameAs\":[\"https:\\\/\\\/www.gold.fr\"]}]}<\/script>\n<!-- \/ Yoast SEO plugin. -->","yoast_head_json":{"title":"L\u2019once en qu\u00eate d\u2019un catalyseur - Gold.fr","robots":{"index":"index","follow":"follow","max-snippet":"max-snippet:-1","max-image-preview":"max-image-preview:large","max-video-preview":"max-video-preview:-1"},"canonical":"https:\/\/www.gold.fr\/news\/2015\/07\/08\/lonce-en-quete-dun-catalyseur\/","og_locale":"fr_FR","og_type":"article","og_title":"L\u2019once en qu\u00eate d\u2019un catalyseur - Gold.fr","og_description":"En d\u00e9pit de quelques d\u00e9veloppements majeurs, survenus r\u00e9cemment sur la plan\u00e8te \u00e9conomique mondiale, le m\u00e9tal jaune demeure insensible et semble \u00e9voluer ind\u00e9pendamment du dossier le plus \u2018chaud&lsquo; du moment ; la crise de la dette grecque. [&hellip;]","og_url":"https:\/\/www.gold.fr\/news\/2015\/07\/08\/lonce-en-quete-dun-catalyseur\/","og_site_name":"Gold.fr","article_publisher":"https:\/\/www.facebook.com\/Goldfr\/","article_published_time":"2015-07-08T15:00:58+00:00","article_modified_time":"2021-09-09T11:34:21+00:00","og_image":[{"width":1254,"height":836,"url":"https:\/\/www.gold.fr\/news\/wp-content\/uploads\/2018\/03\/europe.jpg","type":"image\/jpeg"}],"author":"Comptoir National de l'Or","twitter_card":"summary_large_image","twitter_misc":{"\u00c9crit par":"Comptoir National de l'Or","Dur\u00e9e de lecture estim\u00e9e":"1 minute"},"schema":{"@context":"https:\/\/schema.org","@graph":[{"@type":"Article","@id":"https:\/\/www.gold.fr\/news\/2015\/07\/08\/lonce-en-quete-dun-catalyseur\/#article","isPartOf":{"@id":"https:\/\/www.gold.fr\/news\/2015\/07\/08\/lonce-en-quete-dun-catalyseur\/"},"author":{"name":"Comptoir National de l'Or","@id":"https:\/\/www.gold.fr\/news\/#\/schema\/person\/070491b4b4fb7671bf59b3be20302ce9"},"headline":"L\u2019once en qu\u00eate d\u2019un catalyseur","datePublished":"2015-07-08T15:00:58+00:00","dateModified":"2021-09-09T11:34:21+00:00","mainEntityOfPage":{"@id":"https:\/\/www.gold.fr\/news\/2015\/07\/08\/lonce-en-quete-dun-catalyseur\/"},"wordCount":283,"image":{"@id":"https:\/\/www.gold.fr\/news\/2015\/07\/08\/lonce-en-quete-dun-catalyseur\/#primaryimage"},"thumbnailUrl":"https:\/\/www.gold.fr\/news\/wp-content\/uploads\/2018\/03\/europe.jpg","keywords":["dette grecque","\u00e9conomie","Eurogroupe","Eurozone","finance","Gr\u00e8ce","once d'or"],"articleSection":["Articles de presse"],"inLanguage":"fr-FR"},{"@type":"WebPage","@id":"https:\/\/www.gold.fr\/news\/2015\/07\/08\/lonce-en-quete-dun-catalyseur\/","url":"https:\/\/www.gold.fr\/news\/2015\/07\/08\/lonce-en-quete-dun-catalyseur\/","name":"L\u2019once en qu\u00eate d\u2019un catalyseur - Gold.fr","isPartOf":{"@id":"https:\/\/www.gold.fr\/news\/#website"},"primaryImageOfPage":{"@id":"https:\/\/www.gold.fr\/news\/2015\/07\/08\/lonce-en-quete-dun-catalyseur\/#primaryimage"},"image":{"@id":"https:\/\/www.gold.fr\/news\/2015\/07\/08\/lonce-en-quete-dun-catalyseur\/#primaryimage"},"thumbnailUrl":"https:\/\/www.gold.fr\/news\/wp-content\/uploads\/2018\/03\/europe.jpg","datePublished":"2015-07-08T15:00:58+00:00","dateModified":"2021-09-09T11:34:21+00:00","author":{"@id":"https:\/\/www.gold.fr\/news\/#\/schema\/person\/070491b4b4fb7671bf59b3be20302ce9"},"breadcrumb":{"@id":"https:\/\/www.gold.fr\/news\/2015\/07\/08\/lonce-en-quete-dun-catalyseur\/#breadcrumb"},"inLanguage":"fr-FR","potentialAction":[{"@type":"ReadAction","target":["https:\/\/www.gold.fr\/news\/2015\/07\/08\/lonce-en-quete-dun-catalyseur\/"]}]},{"@type":"ImageObject","inLanguage":"fr-FR","@id":"https:\/\/www.gold.fr\/news\/2015\/07\/08\/lonce-en-quete-dun-catalyseur\/#primaryimage","url":"https:\/\/www.gold.fr\/news\/wp-content\/uploads\/2018\/03\/europe.jpg","contentUrl":"https:\/\/www.gold.fr\/news\/wp-content\/uploads\/2018\/03\/europe.jpg","width":1254,"height":836,"caption":"Achat d\u2019or provenant au sein d\u2019un pays de la communaut\u00e9 europ\u00e9enne"},{"@type":"BreadcrumbList","@id":"https:\/\/www.gold.fr\/news\/2015\/07\/08\/lonce-en-quete-dun-catalyseur\/#breadcrumb","itemListElement":[{"@type":"ListItem","position":1,"name":"Accueil","item":"https:\/\/www.gold.fr\/"},{"@type":"ListItem","position":2,"name":"Actualit\u00e9s","item":"https:\/\/www.gold.fr\/news\/"},{"@type":"ListItem","position":3,"name":"L\u2019once en qu\u00eate d\u2019un catalyseur"}]},{"@type":"WebSite","@id":"https:\/\/www.gold.fr\/news\/#website","url":"https:\/\/www.gold.fr\/news\/","name":"Gold.fr","description":"Actualit\u00e9s de l&#039;Or et des m\u00e9taux pr\u00e9cieux","potentialAction":[{"@type":"SearchAction","target":{"@type":"EntryPoint","urlTemplate":"https:\/\/www.gold.fr\/news\/?s={search_term_string}"},"query-input":{"@type":"PropertyValueSpecification","valueRequired":true,"valueName":"search_term_string"}}],"inLanguage":"fr-FR"},{"@type":"Person","@id":"https:\/\/www.gold.fr\/news\/#\/schema\/person\/070491b4b4fb7671bf59b3be20302ce9","name":"Comptoir National de l'Or","image":{"@type":"ImageObject","inLanguage":"fr-FR","@id":"https:\/\/secure.gravatar.com\/avatar\/0a2867fd5abe37bed95d5a65e9d58f01756e11efc68af9888dfc50cfa7f65948?s=96&d=mm&r=gb490554db0a38188709de567aa58480d","url":"https:\/\/secure.gravatar.com\/avatar\/0a2867fd5abe37bed95d5a65e9d58f01756e11efc68af9888dfc50cfa7f65948?s=96&d=mm&r=g","contentUrl":"https:\/\/secure.gravatar.com\/avatar\/0a2867fd5abe37bed95d5a65e9d58f01756e11efc68af9888dfc50cfa7f65948?s=96&d=mm&r=g","caption":"Comptoir National de l'Or"},"description":"Notre r\u00e9daction est constitu\u00e9e de membres experts dans les m\u00e9tiers de l'\u00e9conomie et la gestion, des Responsables d'agence Comptoir National de l'Or, des analystes financiers qui publient r\u00e9guli\u00e8rement des \u00e9tudes sur les politiques des banques centrales, le cours de l'or, prix de l'or, cours de l'argent, prix de l'argent, cours du platine, cours du palladium,... la situation en zone euro et l'impact de la strat\u00e9gie mon\u00e9taire de la FED. Notre \u00e9quipe scrute \u00e9galement une information plus g\u00e9n\u00e9raliste \u00e0 la recherche d'actualit\u00e9 \"p\u00e9pite\" \u00e0 vous partager. Depuis 5 ans, nous avons publi\u00e9 un peu plus de 4000 articles qui s'adressent \u00e0 un public large et vari\u00e9 ayant pour objectif de satisfaire votre curiosit\u00e9 et de partager avec vous une certaine fascination pour le m\u00e9tal jaune, le rachat d'or, et pour ceux qui veulent investir dans l'or, vendre leur or tout simplement en savoir plus... Pour tous vos achat or et argent, n'h\u00e9sitez pas \u00e0 prendre rendez-vous dans l'un de nos nombreux comptoirs.","sameAs":["https:\/\/www.gold.fr"]}]}},"authors":[{"term_id":2565,"user_id":18,"is_guest":0,"slug":"julie","display_name":"Comptoir National de l'Or","avatar_url":"https:\/\/secure.gravatar.com\/avatar\/713f289e398d35ead876c4a4cc08607f0d6d266058cfc25683fffb6092d0e572?s=96&d=mm&r=g","0":null,"1":"","2":"","3":"","4":"","5":"","6":"","7":"","8":""}],"_links":{"self":[{"href":"https:\/\/www.gold.fr\/news\/wp-json\/wp\/v2\/posts\/17461","targetHints":{"allow":["GET"]}}],"collection":[{"href":"https:\/\/www.gold.fr\/news\/wp-json\/wp\/v2\/posts"}],"about":[{"href":"https:\/\/www.gold.fr\/news\/wp-json\/wp\/v2\/types\/post"}],"author":[{"embeddable":true,"href":"https:\/\/www.gold.fr\/news\/wp-json\/wp\/v2\/users\/18"}],"replies":[{"embeddable":true,"href":"https:\/\/www.gold.fr\/news\/wp-json\/wp\/v2\/comments?post=17461"}],"version-history":[{"count":0,"href":"https:\/\/www.gold.fr\/news\/wp-json\/wp\/v2\/posts\/17461\/revisions"}],"wp:featuredmedia":[{"embeddable":true,"href":"https:\/\/www.gold.fr\/news\/wp-json\/wp\/v2\/media\/31481"}],"wp:attachment":[{"href":"https:\/\/www.gold.fr\/news\/wp-json\/wp\/v2\/media?parent=17461"}],"wp:term":[{"taxonomy":"category","embeddable":true,"href":"https:\/\/www.gold.fr\/news\/wp-json\/wp\/v2\/categories?post=17461"},{"taxonomy":"post_tag","embeddable":true,"href":"https:\/\/www.gold.fr\/news\/wp-json\/wp\/v2\/tags?post=17461"},{"taxonomy":"author","embeddable":true,"href":"https:\/\/www.gold.fr\/news\/wp-json\/wp\/v2\/ppma_author?post=17461"}],"curies":[{"name":"wp","href":"https:\/\/api.w.org\/{rel}","templated":true}]}}