{"id":17414,"date":"2015-07-02T09:00:42","date_gmt":"2015-07-02T07:00:42","guid":{"rendered":"https:\/\/www.gold.fr\/news\/?p=17414"},"modified":"2021-09-09T13:33:35","modified_gmt":"2021-09-09T11:33:35","slug":"lor-ne-profite-pas-encore-de-la-crise-grecque","status":"publish","type":"post","link":"https:\/\/www.gold.fr\/news\/2015\/07\/02\/lor-ne-profite-pas-encore-de-la-crise-grecque\/","title":{"rendered":"L\u2019or ne profite pas encore de la crise grecque"},"content":{"rendered":"<p><img loading=\"lazy\" decoding=\"async\" class=\"alignleft size-thumbnail wp-image-10194\" title=\"L\u2019or ne profite pas encore de la crise grecque\" src=\"https:\/\/www.gold.fr\/news\/wp-content\/uploads\/2014\/10\/image-gr1.jpg\" alt=\"\" width=\"150\" height=\"150\" \/><span style=\"font-size: small;\">En d\u00e9pit d&rsquo;une <a title=\"Dossier grec ; Grexit, panique et col\u00e8re\" href=\"https:\/\/www.gold.fr\/news\/2015\/07\/01\/dossier-grec-grexit-panique-et-colere\/17412\/\" target=\"_blank\" rel=\"noopener\">crise financi\u00e8re et bancaire grecque qui bat actuellement son plein<\/a>, la <a class=\"esk-seo-plu-link\" href=\"https:\/\/www.gold.fr\/news\/tags\/investissement\">valeur refuge<\/a> de l&rsquo;<a class=\"esk-seo-plu-link\" href=\"https:\/\/www.gold.fr\/news\/tags\/or\">or<\/a> tarde encore \u00e0 profiter des angoisses qui en d\u00e9coulent. Les sp\u00e9cialistes des m\u00e9taux pr\u00e9cieux pr\u00e9voient toutefois de voir le <a class=\"esk-seo-plu-link\" href=\"https:\/\/www.gold.fr\/news\/tags\/or\">m\u00e9tal jaune<\/a> rebondir sur cette crise majeure pour prendre un v\u00e9ritable \u00e9lan haussier, d&rsquo;ici le d\u00e9but de la semaine prochaine. En d&rsquo;autres termes, suite au r\u00e9f\u00e9rendum national qui se tiendra en <strong>Gr\u00e8ce<\/strong>, dimanche prochain.<\/span> <span style=\"font-size: small;\">Pour l&rsquo;heure, <a title=\"Prix de l'Once de l'Or\" href=\"https:\/\/www.gold.fr\/once-or-nyc\/\" target=\"_blank\" rel=\"noopener\">l\u2019once<\/a> de relique barbare demeure de marbre face au tumulte <strong>greco-europ\u00e9en<\/strong>, affichant un <a title=\"Cours de l'Or\" href=\"https:\/\/www.gold.fr\/cours-or-prix-de-l-or\/\" target=\"_blank\" rel=\"noopener\">cours<\/a> similaire (et quasi identique) \u00e0 celui qu&rsquo;il enregistrait \u00e0 la fin de la semaine derni\u00e8re. Rappelons pourtant que, le <strong>mardi 30 juin 2015<\/strong> au soir, <a title=\"D\u00e9faut de paiement de la Gr\u00e8ce\" href=\"https:\/\/www.gold.fr\/news\/2015\/07\/01\/defaut-de-paiement-de-la-grece\/17410\/\" target=\"_blank\" rel=\"noopener\">le gouvernement grec \u00e9tait encore dans l\u2019incapacit\u00e9 financi\u00e8re de rembourser sa dette<\/a> de <strong>1,6 milliard d&rsquo;<a class=\"esk-seo-plu-link\" href=\"https:\/\/www.gold.fr\/news\/tags\/investissement\">euros<\/a><\/strong> au <strong>Fonds Mon\u00e9taire International<\/strong>, amenant ainsi le pays \u00e0 se retrouver dans une situation de d\u00e9faut de paiement.<\/span> <span style=\"font-size: small;\">Et maintenant ? <strong>Barclays Bourse<\/strong> explique que suite au \u00ab <em>d\u00e9faut de ce mardi 30 juin vis-\u00e0-vis du FMI, c&rsquo;est une p\u00e9riode de retard de paiement qui va ensuite s&rsquo;ouvrir<\/em> \u00bb. Et la suite du programme est loin d&rsquo;\u00eatre r\u00e9jouissante ; les experts rappellent en effet que \u00ab <em>les <strong>3,5 milliards d&rsquo;<a class=\"esk-seo-plu-link\" href=\"https:\/\/www.gold.fr\/news\/tags\/investissement\">euros<\/a><\/strong> dus \u00e0 la BCE le 20 juillet sont majeurs<\/em> \u00bb, dans la mesure o\u00f9 la <strong>BCE<\/strong> prend en charge le financement d&rsquo;urgence du syst\u00e8me bancaire grec. Du coup, \u00ab <em>le 20 juillet peut \u00eatre consid\u00e9r\u00e9 comme une date butoir du dossier grec<\/em> \u00bb.<\/span> <span style=\"font-size: small;\">Un autre deadline qui prolonge \u00e0 nouveau une saga qui n&rsquo;a d\u00e9j\u00e0 que trop dur\u00e9.<\/span><\/p>\n<!-- AddThis Advanced Settings generic via filter on the_content --><!-- AddThis Share Buttons generic via filter on the_content -->","protected":false},"excerpt":{"rendered":"<p>En d\u00e9pit d&rsquo;une crise financi\u00e8re et bancaire grecque qui bat actuellement son plein, la valeur refuge de l&rsquo;or tarde encore \u00e0 profiter des angoisses qui en d\u00e9coulent. Les sp\u00e9cialistes des m\u00e9taux pr\u00e9cieux pr\u00e9voient toutefois de voir [&hellip;]<\/p>\n","protected":false},"author":18,"featured_media":15849,"comment_status":"closed","ping_status":"closed","sticky":false,"template":"","format":"standard","meta":{"_mbp_gutenberg_autopost":false,"_pgmb_is_evergreen":false,"_pgmb_ap_template_id":0,"footnotes":""},"categories":[6],"tags":[143,594,211,224,76],"ppma_author":[2565],"class_list":["post-17414","post","type-post","status-publish","format-standard","has-post-thumbnail","hentry","category-articles-de-presse","tag-bce","tag-crise-grecque","tag-fmi","tag-grece","tag-or"],"yoast_head":"<!-- This site is optimized with the Yoast SEO plugin v27.5 - https:\/\/yoast.com\/product\/yoast-seo-wordpress\/ -->\n<title>L\u2019or ne profite pas encore de la crise grecque - Gold.fr<\/title>\n<meta name=\"robots\" content=\"index, follow, max-snippet:-1, max-image-preview:large, max-video-preview:-1\" \/>\n<link rel=\"canonical\" href=\"https:\/\/www.gold.fr\/news\/2015\/07\/02\/lor-ne-profite-pas-encore-de-la-crise-grecque\/\" \/>\n<meta property=\"og:locale\" content=\"fr_FR\" \/>\n<meta property=\"og:type\" content=\"article\" \/>\n<meta property=\"og:title\" content=\"L\u2019or ne profite pas encore de la crise grecque - Gold.fr\" \/>\n<meta property=\"og:description\" content=\"En d\u00e9pit d&rsquo;une crise financi\u00e8re et bancaire grecque qui bat actuellement son plein, la valeur refuge de l&rsquo;or tarde encore \u00e0 profiter des angoisses qui en d\u00e9coulent. Les sp\u00e9cialistes des m\u00e9taux pr\u00e9cieux pr\u00e9voient toutefois de voir [&hellip;]\" \/>\n<meta property=\"og:url\" content=\"https:\/\/www.gold.fr\/news\/2015\/07\/02\/lor-ne-profite-pas-encore-de-la-crise-grecque\/\" \/>\n<meta property=\"og:site_name\" content=\"Gold.fr\" \/>\n<meta property=\"article:publisher\" content=\"https:\/\/www.facebook.com\/Goldfr\/\" \/>\n<meta property=\"article:published_time\" content=\"2015-07-02T07:00:42+00:00\" \/>\n<meta property=\"article:modified_time\" content=\"2021-09-09T11:33:35+00:00\" \/>\n<meta property=\"og:image\" content=\"https:\/\/www.gold.fr\/news\/wp-content\/uploads\/2014\/10\/image-gr1.jpg\" \/>\n\t<meta property=\"og:image:width\" content=\"579\" \/>\n\t<meta property=\"og:image:height\" content=\"367\" \/>\n\t<meta property=\"og:image:type\" content=\"image\/jpeg\" \/>\n<meta name=\"author\" content=\"Comptoir National de l&#039;Or\" \/>\n<meta name=\"twitter:card\" content=\"summary_large_image\" \/>\n<meta name=\"twitter:label1\" content=\"\u00c9crit par\" \/>\n\t<meta name=\"twitter:data1\" content=\"Comptoir National de l&#039;Or\" \/>\n\t<meta name=\"twitter:label2\" content=\"Dur\u00e9e de lecture estim\u00e9e\" \/>\n\t<meta name=\"twitter:data2\" content=\"1 minute\" \/>\n<script type=\"application\/ld+json\" class=\"yoast-schema-graph\">{\"@context\":\"https:\\\/\\\/schema.org\",\"@graph\":[{\"@type\":\"Article\",\"@id\":\"https:\\\/\\\/www.gold.fr\\\/news\\\/2015\\\/07\\\/02\\\/lor-ne-profite-pas-encore-de-la-crise-grecque\\\/#article\",\"isPartOf\":{\"@id\":\"https:\\\/\\\/www.gold.fr\\\/news\\\/2015\\\/07\\\/02\\\/lor-ne-profite-pas-encore-de-la-crise-grecque\\\/\"},\"author\":{\"name\":\"Comptoir National de l'Or\",\"@id\":\"https:\\\/\\\/www.gold.fr\\\/news\\\/#\\\/schema\\\/person\\\/070491b4b4fb7671bf59b3be20302ce9\"},\"headline\":\"L\u2019or ne profite pas encore de la crise grecque\",\"datePublished\":\"2015-07-02T07:00:42+00:00\",\"dateModified\":\"2021-09-09T11:33:35+00:00\",\"mainEntityOfPage\":{\"@id\":\"https:\\\/\\\/www.gold.fr\\\/news\\\/2015\\\/07\\\/02\\\/lor-ne-profite-pas-encore-de-la-crise-grecque\\\/\"},\"wordCount\":285,\"image\":{\"@id\":\"https:\\\/\\\/www.gold.fr\\\/news\\\/2015\\\/07\\\/02\\\/lor-ne-profite-pas-encore-de-la-crise-grecque\\\/#primaryimage\"},\"thumbnailUrl\":\"https:\\\/\\\/www.gold.fr\\\/news\\\/wp-content\\\/uploads\\\/2014\\\/10\\\/image-gr1.jpg\",\"keywords\":[\"bce\",\"crise gr\u00e8cque\",\"fmi\",\"Gr\u00e8ce\",\"Or\"],\"articleSection\":[\"Articles de presse\"],\"inLanguage\":\"fr-FR\"},{\"@type\":\"WebPage\",\"@id\":\"https:\\\/\\\/www.gold.fr\\\/news\\\/2015\\\/07\\\/02\\\/lor-ne-profite-pas-encore-de-la-crise-grecque\\\/\",\"url\":\"https:\\\/\\\/www.gold.fr\\\/news\\\/2015\\\/07\\\/02\\\/lor-ne-profite-pas-encore-de-la-crise-grecque\\\/\",\"name\":\"L\u2019or ne profite pas encore de la crise grecque - Gold.fr\",\"isPartOf\":{\"@id\":\"https:\\\/\\\/www.gold.fr\\\/news\\\/#website\"},\"primaryImageOfPage\":{\"@id\":\"https:\\\/\\\/www.gold.fr\\\/news\\\/2015\\\/07\\\/02\\\/lor-ne-profite-pas-encore-de-la-crise-grecque\\\/#primaryimage\"},\"image\":{\"@id\":\"https:\\\/\\\/www.gold.fr\\\/news\\\/2015\\\/07\\\/02\\\/lor-ne-profite-pas-encore-de-la-crise-grecque\\\/#primaryimage\"},\"thumbnailUrl\":\"https:\\\/\\\/www.gold.fr\\\/news\\\/wp-content\\\/uploads\\\/2014\\\/10\\\/image-gr1.jpg\",\"datePublished\":\"2015-07-02T07:00:42+00:00\",\"dateModified\":\"2021-09-09T11:33:35+00:00\",\"author\":{\"@id\":\"https:\\\/\\\/www.gold.fr\\\/news\\\/#\\\/schema\\\/person\\\/070491b4b4fb7671bf59b3be20302ce9\"},\"breadcrumb\":{\"@id\":\"https:\\\/\\\/www.gold.fr\\\/news\\\/2015\\\/07\\\/02\\\/lor-ne-profite-pas-encore-de-la-crise-grecque\\\/#breadcrumb\"},\"inLanguage\":\"fr-FR\",\"potentialAction\":[{\"@type\":\"ReadAction\",\"target\":[\"https:\\\/\\\/www.gold.fr\\\/news\\\/2015\\\/07\\\/02\\\/lor-ne-profite-pas-encore-de-la-crise-grecque\\\/\"]}]},{\"@type\":\"ImageObject\",\"inLanguage\":\"fr-FR\",\"@id\":\"https:\\\/\\\/www.gold.fr\\\/news\\\/2015\\\/07\\\/02\\\/lor-ne-profite-pas-encore-de-la-crise-grecque\\\/#primaryimage\",\"url\":\"https:\\\/\\\/www.gold.fr\\\/news\\\/wp-content\\\/uploads\\\/2014\\\/10\\\/image-gr1.jpg\",\"contentUrl\":\"https:\\\/\\\/www.gold.fr\\\/news\\\/wp-content\\\/uploads\\\/2014\\\/10\\\/image-gr1.jpg\",\"width\":\"579\",\"height\":\"367\",\"caption\":\"crise economique\"},{\"@type\":\"BreadcrumbList\",\"@id\":\"https:\\\/\\\/www.gold.fr\\\/news\\\/2015\\\/07\\\/02\\\/lor-ne-profite-pas-encore-de-la-crise-grecque\\\/#breadcrumb\",\"itemListElement\":[{\"@type\":\"ListItem\",\"position\":1,\"name\":\"Accueil\",\"item\":\"https:\\\/\\\/www.gold.fr\\\/\"},{\"@type\":\"ListItem\",\"position\":2,\"name\":\"Actualit\u00e9s\",\"item\":\"https:\\\/\\\/www.gold.fr\\\/news\\\/\"},{\"@type\":\"ListItem\",\"position\":3,\"name\":\"L\u2019or ne profite pas encore de la crise grecque\"}]},{\"@type\":\"WebSite\",\"@id\":\"https:\\\/\\\/www.gold.fr\\\/news\\\/#website\",\"url\":\"https:\\\/\\\/www.gold.fr\\\/news\\\/\",\"name\":\"Gold.fr\",\"description\":\"Actualit\u00e9s de l&#039;Or et des m\u00e9taux pr\u00e9cieux\",\"potentialAction\":[{\"@type\":\"SearchAction\",\"target\":{\"@type\":\"EntryPoint\",\"urlTemplate\":\"https:\\\/\\\/www.gold.fr\\\/news\\\/?s={search_term_string}\"},\"query-input\":{\"@type\":\"PropertyValueSpecification\",\"valueRequired\":true,\"valueName\":\"search_term_string\"}}],\"inLanguage\":\"fr-FR\"},{\"@type\":\"Person\",\"@id\":\"https:\\\/\\\/www.gold.fr\\\/news\\\/#\\\/schema\\\/person\\\/070491b4b4fb7671bf59b3be20302ce9\",\"name\":\"Comptoir National de l'Or\",\"image\":{\"@type\":\"ImageObject\",\"inLanguage\":\"fr-FR\",\"@id\":\"https:\\\/\\\/secure.gravatar.com\\\/avatar\\\/0a2867fd5abe37bed95d5a65e9d58f01756e11efc68af9888dfc50cfa7f65948?s=96&d=mm&r=gb490554db0a38188709de567aa58480d\",\"url\":\"https:\\\/\\\/secure.gravatar.com\\\/avatar\\\/0a2867fd5abe37bed95d5a65e9d58f01756e11efc68af9888dfc50cfa7f65948?s=96&d=mm&r=g\",\"contentUrl\":\"https:\\\/\\\/secure.gravatar.com\\\/avatar\\\/0a2867fd5abe37bed95d5a65e9d58f01756e11efc68af9888dfc50cfa7f65948?s=96&d=mm&r=g\",\"caption\":\"Comptoir National de l'Or\"},\"description\":\"Notre r\u00e9daction est constitu\u00e9e de membres experts dans les m\u00e9tiers de l'\u00e9conomie et la gestion, des Responsables d'agence Comptoir National de l'Or, des analystes financiers qui publient r\u00e9guli\u00e8rement des \u00e9tudes sur les politiques des banques centrales, le cours de l'or, prix de l'or, cours de l'argent, prix de l'argent, cours du platine, cours du palladium,... la situation en zone euro et l'impact de la strat\u00e9gie mon\u00e9taire de la FED. Notre \u00e9quipe scrute \u00e9galement une information plus g\u00e9n\u00e9raliste \u00e0 la recherche d'actualit\u00e9 \\\"p\u00e9pite\\\" \u00e0 vous partager. Depuis 5 ans, nous avons publi\u00e9 un peu plus de 4000 articles qui s'adressent \u00e0 un public large et vari\u00e9 ayant pour objectif de satisfaire votre curiosit\u00e9 et de partager avec vous une certaine fascination pour le m\u00e9tal jaune, le rachat d'or, et pour ceux qui veulent investir dans l'or, vendre leur or tout simplement en savoir plus... Pour tous vos achat or et argent, n'h\u00e9sitez pas \u00e0 prendre rendez-vous dans l'un de nos nombreux comptoirs.\",\"sameAs\":[\"https:\\\/\\\/www.gold.fr\"]}]}<\/script>\n<!-- \/ Yoast SEO plugin. -->","yoast_head_json":{"title":"L\u2019or ne profite pas encore de la crise grecque - Gold.fr","robots":{"index":"index","follow":"follow","max-snippet":"max-snippet:-1","max-image-preview":"max-image-preview:large","max-video-preview":"max-video-preview:-1"},"canonical":"https:\/\/www.gold.fr\/news\/2015\/07\/02\/lor-ne-profite-pas-encore-de-la-crise-grecque\/","og_locale":"fr_FR","og_type":"article","og_title":"L\u2019or ne profite pas encore de la crise grecque - Gold.fr","og_description":"En d\u00e9pit d&rsquo;une crise financi\u00e8re et bancaire grecque qui bat actuellement son plein, la valeur refuge de l&rsquo;or tarde encore \u00e0 profiter des angoisses qui en d\u00e9coulent. Les sp\u00e9cialistes des m\u00e9taux pr\u00e9cieux pr\u00e9voient toutefois de voir [&hellip;]","og_url":"https:\/\/www.gold.fr\/news\/2015\/07\/02\/lor-ne-profite-pas-encore-de-la-crise-grecque\/","og_site_name":"Gold.fr","article_publisher":"https:\/\/www.facebook.com\/Goldfr\/","article_published_time":"2015-07-02T07:00:42+00:00","article_modified_time":"2021-09-09T11:33:35+00:00","og_image":[{"width":579,"height":367,"url":"https:\/\/www.gold.fr\/news\/wp-content\/uploads\/2014\/10\/image-gr1.jpg","type":"image\/jpeg"}],"author":"Comptoir National de l'Or","twitter_card":"summary_large_image","twitter_misc":{"\u00c9crit par":"Comptoir National de l'Or","Dur\u00e9e de lecture estim\u00e9e":"1 minute"},"schema":{"@context":"https:\/\/schema.org","@graph":[{"@type":"Article","@id":"https:\/\/www.gold.fr\/news\/2015\/07\/02\/lor-ne-profite-pas-encore-de-la-crise-grecque\/#article","isPartOf":{"@id":"https:\/\/www.gold.fr\/news\/2015\/07\/02\/lor-ne-profite-pas-encore-de-la-crise-grecque\/"},"author":{"name":"Comptoir National de l'Or","@id":"https:\/\/www.gold.fr\/news\/#\/schema\/person\/070491b4b4fb7671bf59b3be20302ce9"},"headline":"L\u2019or ne profite pas encore de la crise grecque","datePublished":"2015-07-02T07:00:42+00:00","dateModified":"2021-09-09T11:33:35+00:00","mainEntityOfPage":{"@id":"https:\/\/www.gold.fr\/news\/2015\/07\/02\/lor-ne-profite-pas-encore-de-la-crise-grecque\/"},"wordCount":285,"image":{"@id":"https:\/\/www.gold.fr\/news\/2015\/07\/02\/lor-ne-profite-pas-encore-de-la-crise-grecque\/#primaryimage"},"thumbnailUrl":"https:\/\/www.gold.fr\/news\/wp-content\/uploads\/2014\/10\/image-gr1.jpg","keywords":["bce","crise gr\u00e8cque","fmi","Gr\u00e8ce","Or"],"articleSection":["Articles de presse"],"inLanguage":"fr-FR"},{"@type":"WebPage","@id":"https:\/\/www.gold.fr\/news\/2015\/07\/02\/lor-ne-profite-pas-encore-de-la-crise-grecque\/","url":"https:\/\/www.gold.fr\/news\/2015\/07\/02\/lor-ne-profite-pas-encore-de-la-crise-grecque\/","name":"L\u2019or ne profite pas encore de la crise grecque - Gold.fr","isPartOf":{"@id":"https:\/\/www.gold.fr\/news\/#website"},"primaryImageOfPage":{"@id":"https:\/\/www.gold.fr\/news\/2015\/07\/02\/lor-ne-profite-pas-encore-de-la-crise-grecque\/#primaryimage"},"image":{"@id":"https:\/\/www.gold.fr\/news\/2015\/07\/02\/lor-ne-profite-pas-encore-de-la-crise-grecque\/#primaryimage"},"thumbnailUrl":"https:\/\/www.gold.fr\/news\/wp-content\/uploads\/2014\/10\/image-gr1.jpg","datePublished":"2015-07-02T07:00:42+00:00","dateModified":"2021-09-09T11:33:35+00:00","author":{"@id":"https:\/\/www.gold.fr\/news\/#\/schema\/person\/070491b4b4fb7671bf59b3be20302ce9"},"breadcrumb":{"@id":"https:\/\/www.gold.fr\/news\/2015\/07\/02\/lor-ne-profite-pas-encore-de-la-crise-grecque\/#breadcrumb"},"inLanguage":"fr-FR","potentialAction":[{"@type":"ReadAction","target":["https:\/\/www.gold.fr\/news\/2015\/07\/02\/lor-ne-profite-pas-encore-de-la-crise-grecque\/"]}]},{"@type":"ImageObject","inLanguage":"fr-FR","@id":"https:\/\/www.gold.fr\/news\/2015\/07\/02\/lor-ne-profite-pas-encore-de-la-crise-grecque\/#primaryimage","url":"https:\/\/www.gold.fr\/news\/wp-content\/uploads\/2014\/10\/image-gr1.jpg","contentUrl":"https:\/\/www.gold.fr\/news\/wp-content\/uploads\/2014\/10\/image-gr1.jpg","width":"579","height":"367","caption":"crise economique"},{"@type":"BreadcrumbList","@id":"https:\/\/www.gold.fr\/news\/2015\/07\/02\/lor-ne-profite-pas-encore-de-la-crise-grecque\/#breadcrumb","itemListElement":[{"@type":"ListItem","position":1,"name":"Accueil","item":"https:\/\/www.gold.fr\/"},{"@type":"ListItem","position":2,"name":"Actualit\u00e9s","item":"https:\/\/www.gold.fr\/news\/"},{"@type":"ListItem","position":3,"name":"L\u2019or ne profite pas encore de la crise grecque"}]},{"@type":"WebSite","@id":"https:\/\/www.gold.fr\/news\/#website","url":"https:\/\/www.gold.fr\/news\/","name":"Gold.fr","description":"Actualit\u00e9s de l&#039;Or et des m\u00e9taux pr\u00e9cieux","potentialAction":[{"@type":"SearchAction","target":{"@type":"EntryPoint","urlTemplate":"https:\/\/www.gold.fr\/news\/?s={search_term_string}"},"query-input":{"@type":"PropertyValueSpecification","valueRequired":true,"valueName":"search_term_string"}}],"inLanguage":"fr-FR"},{"@type":"Person","@id":"https:\/\/www.gold.fr\/news\/#\/schema\/person\/070491b4b4fb7671bf59b3be20302ce9","name":"Comptoir National de l'Or","image":{"@type":"ImageObject","inLanguage":"fr-FR","@id":"https:\/\/secure.gravatar.com\/avatar\/0a2867fd5abe37bed95d5a65e9d58f01756e11efc68af9888dfc50cfa7f65948?s=96&d=mm&r=gb490554db0a38188709de567aa58480d","url":"https:\/\/secure.gravatar.com\/avatar\/0a2867fd5abe37bed95d5a65e9d58f01756e11efc68af9888dfc50cfa7f65948?s=96&d=mm&r=g","contentUrl":"https:\/\/secure.gravatar.com\/avatar\/0a2867fd5abe37bed95d5a65e9d58f01756e11efc68af9888dfc50cfa7f65948?s=96&d=mm&r=g","caption":"Comptoir National de l'Or"},"description":"Notre r\u00e9daction est constitu\u00e9e de membres experts dans les m\u00e9tiers de l'\u00e9conomie et la gestion, des Responsables d'agence Comptoir National de l'Or, des analystes financiers qui publient r\u00e9guli\u00e8rement des \u00e9tudes sur les politiques des banques centrales, le cours de l'or, prix de l'or, cours de l'argent, prix de l'argent, cours du platine, cours du palladium,... la situation en zone euro et l'impact de la strat\u00e9gie mon\u00e9taire de la FED. Notre \u00e9quipe scrute \u00e9galement une information plus g\u00e9n\u00e9raliste \u00e0 la recherche d'actualit\u00e9 \"p\u00e9pite\" \u00e0 vous partager. Depuis 5 ans, nous avons publi\u00e9 un peu plus de 4000 articles qui s'adressent \u00e0 un public large et vari\u00e9 ayant pour objectif de satisfaire votre curiosit\u00e9 et de partager avec vous une certaine fascination pour le m\u00e9tal jaune, le rachat d'or, et pour ceux qui veulent investir dans l'or, vendre leur or tout simplement en savoir plus... Pour tous vos achat or et argent, n'h\u00e9sitez pas \u00e0 prendre rendez-vous dans l'un de nos nombreux comptoirs.","sameAs":["https:\/\/www.gold.fr"]}]}},"authors":[{"term_id":2565,"user_id":18,"is_guest":0,"slug":"julie","display_name":"Comptoir National de l'Or","avatar_url":"https:\/\/secure.gravatar.com\/avatar\/713f289e398d35ead876c4a4cc08607f0d6d266058cfc25683fffb6092d0e572?s=96&d=mm&r=g","0":null,"1":"","2":"","3":"","4":"","5":"","6":"","7":"","8":""}],"_links":{"self":[{"href":"https:\/\/www.gold.fr\/news\/wp-json\/wp\/v2\/posts\/17414","targetHints":{"allow":["GET"]}}],"collection":[{"href":"https:\/\/www.gold.fr\/news\/wp-json\/wp\/v2\/posts"}],"about":[{"href":"https:\/\/www.gold.fr\/news\/wp-json\/wp\/v2\/types\/post"}],"author":[{"embeddable":true,"href":"https:\/\/www.gold.fr\/news\/wp-json\/wp\/v2\/users\/18"}],"replies":[{"embeddable":true,"href":"https:\/\/www.gold.fr\/news\/wp-json\/wp\/v2\/comments?post=17414"}],"version-history":[{"count":0,"href":"https:\/\/www.gold.fr\/news\/wp-json\/wp\/v2\/posts\/17414\/revisions"}],"wp:featuredmedia":[{"embeddable":true,"href":"https:\/\/www.gold.fr\/news\/wp-json\/wp\/v2\/media\/15849"}],"wp:attachment":[{"href":"https:\/\/www.gold.fr\/news\/wp-json\/wp\/v2\/media?parent=17414"}],"wp:term":[{"taxonomy":"category","embeddable":true,"href":"https:\/\/www.gold.fr\/news\/wp-json\/wp\/v2\/categories?post=17414"},{"taxonomy":"post_tag","embeddable":true,"href":"https:\/\/www.gold.fr\/news\/wp-json\/wp\/v2\/tags?post=17414"},{"taxonomy":"author","embeddable":true,"href":"https:\/\/www.gold.fr\/news\/wp-json\/wp\/v2\/ppma_author?post=17414"}],"curies":[{"name":"wp","href":"https:\/\/api.w.org\/{rel}","templated":true}]}}