{"id":17315,"date":"2015-06-16T17:00:51","date_gmt":"2015-06-16T15:00:51","guid":{"rendered":"https:\/\/www.gold.fr\/news\/?p=17315"},"modified":"2017-11-29T18:02:02","modified_gmt":"2017-11-29T17:02:02","slug":"banques-centrales-et-or-une-question-de-relativisme","status":"publish","type":"post","link":"https:\/\/www.gold.fr\/news\/2015\/06\/16\/banques-centrales-et-or-une-question-de-relativisme\/","title":{"rendered":"Banques centrales et Or : Une question de relativisme"},"content":{"rendered":"<p><img loading=\"lazy\" decoding=\"async\" class=\"alignleft size-thumbnail wp-image-5914\" title=\"Banques centrales et Or : Une question de relativisme\" src=\"https:\/\/www.gold.fr\/news\/wp-content\/uploads\/2012\/02\/dollaror-e1357571401692-150x150.jpg\" alt=\"\" width=\"150\" height=\"150\" \/><span style=\"font-size: small;\">Difficile de ne pas noter l&rsquo;engouement des diff\u00e9rentes banques centrales mondiales pour le <a href='https:\/\/www.gold.fr\/news\/tags\/or' class='esk-seo-plu-link'>m\u00e9tal jaune<\/a>, depuis plus d&rsquo;une d\u00e9cennie. Mais c&rsquo;est un int\u00e9r\u00eat qui a manifestement d\u00e9cupl\u00e9, suite \u00e0 la crise \u00e9conomique majeure qui a travers\u00e9 l&rsquo;ensemble du globe, au d\u00e9but du nouveau mill\u00e9naire. Cette crise avait \u00e9t\u00e9 un dur rappel aux institutions financi\u00e8res internationales de la fragilit\u00e9 des syst\u00e8mes mon\u00e9taires modernes et de la constante possibilit\u00e9 de voir les devises les plus puissantes et solides s&rsquo;effondrer en un temps record. Du coup, les banques centrales ont, d\u00e8s lors, commenc\u00e9 \u00e0 se tourner vers ce qui est traditionnellement \u2013et \u00e0 juste titre- consid\u00e9r\u00e9 comme le meilleur bouclier contre la menace persistante du relativisme mon\u00e9taire ; le <a href='https:\/\/www.gold.fr\/news\/tags\/or' class='esk-seo-plu-link'>m\u00e9tal jaune<\/a>.<\/span>    <span style=\"font-size: small;\">C&rsquo;est <strong>John Pierpont Morgan<\/strong> (c\u00e9l\u00e8bre banquier d&rsquo;affaires am\u00e9ricain du d\u00e9but du si\u00e8cle dernier) qui expliquait le mieux la raison de cet engouement en affirmant que \u00ab <em>Gold is Currency, everything else is Credit<\/em> \u00bb (l&rsquo;<a href='https:\/\/www.gold.fr\/news\/tags\/or' class='esk-seo-plu-link'>or<\/a> est la seule monnaie, le reste ce n&rsquo;est que du cr\u00e9dit). Pour les institutions bancaires, en g\u00e9n\u00e9ral, et les banques centrales, en particulier, \u00ab <em>quand l&rsquo;\u00e9conomie mondiale va mal, quand tous les rep\u00e8res mon\u00e9taires et fondamentaux sont chamboul\u00e9s, seul l&rsquo;<a href='https:\/\/www.gold.fr\/news\/tags\/or' class='esk-seo-plu-link'>or<\/a> est l\u00e0 pour apporter de la s\u00e9curit\u00e9 et une v\u00e9ritable valeur quantifiable<\/em> \u00bb. Et dans un contexte \u00e9conomique, politique et g\u00e9opolitique mondial de plus en plus pr\u00e9caire et susceptible d&rsquo;engendrer toutes sortes de crise, \u00e0 tout moment, rien d&rsquo;\u00e9tonnant \u00e0 ce que les banques centrales continuent \u00e0 \u00eatre aussi f\u00e9rues de <a href='https:\/\/www.gold.fr\/news\/tags\/or' class='esk-seo-plu-link'>m\u00e9tal jaune<\/a>, remplissant discr\u00e8tement leurs caves de l&rsquo;assurance de ses pr\u00e9cieux <a title=\"Lingot Or\" href=\"https:\/\/www.gold.fr\/cours-or-prix-de-l-or\/lingot-1-kg\/\" target=\"_blank\">lingots<\/a>.<\/span><\/p>\n<!-- AddThis Advanced Settings generic via filter on the_content --><!-- AddThis Share Buttons generic via filter on the_content -->","protected":false},"excerpt":{"rendered":"<p>Difficile de ne pas noter l&rsquo;engouement des diff\u00e9rentes banques centrales mondiales pour le m\u00e9tal jaune, depuis plus d&rsquo;une d\u00e9cennie. Mais c&rsquo;est un int\u00e9r\u00eat qui a manifestement d\u00e9cupl\u00e9, suite \u00e0 la crise \u00e9conomique majeure qui a travers\u00e9 [&hellip;]<\/p>\n","protected":false},"author":18,"featured_media":0,"comment_status":"open","ping_status":"open","sticky":false,"template":"","format":"standard","meta":{"_mbp_gutenberg_autopost":false,"_pgmb_is_evergreen":false,"_pgmb_ap_template_id":0,"footnotes":""},"categories":[6],"tags":[249,130,684,932,76],"ppma_author":[2565],"class_list":["post-17315","post","type-post","status-publish","format-standard","hentry","category-articles-de-presse","tag-banques-centrales","tag-crise-economique","tag-lingots","tag-metal-jaune","tag-or"],"yoast_head":"<!-- This site is optimized with the Yoast SEO plugin v27.5 - https:\/\/yoast.com\/product\/yoast-seo-wordpress\/ -->\n<title>Banques centrales et Or : Une question de relativisme - Gold.fr<\/title>\n<meta name=\"robots\" content=\"index, follow, max-snippet:-1, max-image-preview:large, max-video-preview:-1\" \/>\n<link rel=\"canonical\" href=\"https:\/\/www.gold.fr\/news\/2015\/06\/16\/banques-centrales-et-or-une-question-de-relativisme\/\" \/>\n<meta property=\"og:locale\" content=\"fr_FR\" \/>\n<meta property=\"og:type\" content=\"article\" \/>\n<meta property=\"og:title\" content=\"Banques centrales et Or : Une question de relativisme - Gold.fr\" \/>\n<meta property=\"og:description\" content=\"Difficile de ne pas noter l&rsquo;engouement des diff\u00e9rentes banques centrales mondiales pour le m\u00e9tal jaune, depuis plus d&rsquo;une d\u00e9cennie. Mais c&rsquo;est un int\u00e9r\u00eat qui a manifestement d\u00e9cupl\u00e9, suite \u00e0 la crise \u00e9conomique majeure qui a travers\u00e9 [&hellip;]\" \/>\n<meta property=\"og:url\" content=\"https:\/\/www.gold.fr\/news\/2015\/06\/16\/banques-centrales-et-or-une-question-de-relativisme\/\" \/>\n<meta property=\"og:site_name\" content=\"Gold.fr\" \/>\n<meta property=\"article:publisher\" content=\"https:\/\/www.facebook.com\/Goldfr\/\" \/>\n<meta property=\"article:published_time\" content=\"2015-06-16T15:00:51+00:00\" \/>\n<meta property=\"article:modified_time\" content=\"2017-11-29T17:02:02+00:00\" \/>\n<meta property=\"og:image\" content=\"https:\/\/www.gold.fr\/news\/wp-content\/uploads\/2012\/02\/dollaror-e1357571401692-150x150.jpg\" \/>\n<meta name=\"author\" content=\"Comptoir National de l&#039;Or\" \/>\n<meta name=\"twitter:card\" content=\"summary_large_image\" \/>\n<meta name=\"twitter:label1\" content=\"\u00c9crit par\" \/>\n\t<meta name=\"twitter:data1\" content=\"Comptoir National de l&#039;Or\" \/>\n\t<meta name=\"twitter:label2\" content=\"Dur\u00e9e de lecture estim\u00e9e\" \/>\n\t<meta name=\"twitter:data2\" content=\"1 minute\" \/>\n<script type=\"application\/ld+json\" class=\"yoast-schema-graph\">{\"@context\":\"https:\\\/\\\/schema.org\",\"@graph\":[{\"@type\":\"Article\",\"@id\":\"https:\\\/\\\/www.gold.fr\\\/news\\\/2015\\\/06\\\/16\\\/banques-centrales-et-or-une-question-de-relativisme\\\/#article\",\"isPartOf\":{\"@id\":\"https:\\\/\\\/www.gold.fr\\\/news\\\/2015\\\/06\\\/16\\\/banques-centrales-et-or-une-question-de-relativisme\\\/\"},\"author\":{\"name\":\"Comptoir National de l'Or\",\"@id\":\"https:\\\/\\\/www.gold.fr\\\/news\\\/#\\\/schema\\\/person\\\/070491b4b4fb7671bf59b3be20302ce9\"},\"headline\":\"Banques centrales et Or : Une question de relativisme\",\"datePublished\":\"2015-06-16T15:00:51+00:00\",\"dateModified\":\"2017-11-29T17:02:02+00:00\",\"mainEntityOfPage\":{\"@id\":\"https:\\\/\\\/www.gold.fr\\\/news\\\/2015\\\/06\\\/16\\\/banques-centrales-et-or-une-question-de-relativisme\\\/\"},\"wordCount\":301,\"commentCount\":0,\"image\":{\"@id\":\"https:\\\/\\\/www.gold.fr\\\/news\\\/2015\\\/06\\\/16\\\/banques-centrales-et-or-une-question-de-relativisme\\\/#primaryimage\"},\"thumbnailUrl\":\"https:\\\/\\\/www.gold.fr\\\/news\\\/wp-content\\\/uploads\\\/2012\\\/02\\\/dollaror-e1357571401692-150x150.jpg\",\"keywords\":[\"Banques centrales\",\"crise \u00e9conomique\",\"lingots\",\"M\u00e9tal jaune\",\"Or\"],\"articleSection\":[\"Articles de presse\"],\"inLanguage\":\"fr-FR\"},{\"@type\":\"WebPage\",\"@id\":\"https:\\\/\\\/www.gold.fr\\\/news\\\/2015\\\/06\\\/16\\\/banques-centrales-et-or-une-question-de-relativisme\\\/\",\"url\":\"https:\\\/\\\/www.gold.fr\\\/news\\\/2015\\\/06\\\/16\\\/banques-centrales-et-or-une-question-de-relativisme\\\/\",\"name\":\"Banques centrales et Or : Une question de relativisme - Gold.fr\",\"isPartOf\":{\"@id\":\"https:\\\/\\\/www.gold.fr\\\/news\\\/#website\"},\"primaryImageOfPage\":{\"@id\":\"https:\\\/\\\/www.gold.fr\\\/news\\\/2015\\\/06\\\/16\\\/banques-centrales-et-or-une-question-de-relativisme\\\/#primaryimage\"},\"image\":{\"@id\":\"https:\\\/\\\/www.gold.fr\\\/news\\\/2015\\\/06\\\/16\\\/banques-centrales-et-or-une-question-de-relativisme\\\/#primaryimage\"},\"thumbnailUrl\":\"https:\\\/\\\/www.gold.fr\\\/news\\\/wp-content\\\/uploads\\\/2012\\\/02\\\/dollaror-e1357571401692-150x150.jpg\",\"datePublished\":\"2015-06-16T15:00:51+00:00\",\"dateModified\":\"2017-11-29T17:02:02+00:00\",\"author\":{\"@id\":\"https:\\\/\\\/www.gold.fr\\\/news\\\/#\\\/schema\\\/person\\\/070491b4b4fb7671bf59b3be20302ce9\"},\"breadcrumb\":{\"@id\":\"https:\\\/\\\/www.gold.fr\\\/news\\\/2015\\\/06\\\/16\\\/banques-centrales-et-or-une-question-de-relativisme\\\/#breadcrumb\"},\"inLanguage\":\"fr-FR\",\"potentialAction\":[{\"@type\":\"ReadAction\",\"target\":[\"https:\\\/\\\/www.gold.fr\\\/news\\\/2015\\\/06\\\/16\\\/banques-centrales-et-or-une-question-de-relativisme\\\/\"]}]},{\"@type\":\"ImageObject\",\"inLanguage\":\"fr-FR\",\"@id\":\"https:\\\/\\\/www.gold.fr\\\/news\\\/2015\\\/06\\\/16\\\/banques-centrales-et-or-une-question-de-relativisme\\\/#primaryimage\",\"url\":\"https:\\\/\\\/www.gold.fr\\\/news\\\/wp-content\\\/uploads\\\/2012\\\/02\\\/dollaror-e1357571401692-150x150.jpg\",\"contentUrl\":\"https:\\\/\\\/www.gold.fr\\\/news\\\/wp-content\\\/uploads\\\/2012\\\/02\\\/dollaror-e1357571401692-150x150.jpg\"},{\"@type\":\"BreadcrumbList\",\"@id\":\"https:\\\/\\\/www.gold.fr\\\/news\\\/2015\\\/06\\\/16\\\/banques-centrales-et-or-une-question-de-relativisme\\\/#breadcrumb\",\"itemListElement\":[{\"@type\":\"ListItem\",\"position\":1,\"name\":\"Accueil\",\"item\":\"https:\\\/\\\/www.gold.fr\\\/\"},{\"@type\":\"ListItem\",\"position\":2,\"name\":\"Actualit\u00e9s\",\"item\":\"https:\\\/\\\/www.gold.fr\\\/news\\\/\"},{\"@type\":\"ListItem\",\"position\":3,\"name\":\"Banques centrales et Or : Une question de relativisme\"}]},{\"@type\":\"WebSite\",\"@id\":\"https:\\\/\\\/www.gold.fr\\\/news\\\/#website\",\"url\":\"https:\\\/\\\/www.gold.fr\\\/news\\\/\",\"name\":\"Gold.fr\",\"description\":\"Actualit\u00e9s de l&#039;Or et des m\u00e9taux pr\u00e9cieux\",\"potentialAction\":[{\"@type\":\"SearchAction\",\"target\":{\"@type\":\"EntryPoint\",\"urlTemplate\":\"https:\\\/\\\/www.gold.fr\\\/news\\\/?s={search_term_string}\"},\"query-input\":{\"@type\":\"PropertyValueSpecification\",\"valueRequired\":true,\"valueName\":\"search_term_string\"}}],\"inLanguage\":\"fr-FR\"},{\"@type\":\"Person\",\"@id\":\"https:\\\/\\\/www.gold.fr\\\/news\\\/#\\\/schema\\\/person\\\/070491b4b4fb7671bf59b3be20302ce9\",\"name\":\"Comptoir National de l'Or\",\"image\":{\"@type\":\"ImageObject\",\"inLanguage\":\"fr-FR\",\"@id\":\"https:\\\/\\\/secure.gravatar.com\\\/avatar\\\/0a2867fd5abe37bed95d5a65e9d58f01756e11efc68af9888dfc50cfa7f65948?s=96&d=mm&r=gb490554db0a38188709de567aa58480d\",\"url\":\"https:\\\/\\\/secure.gravatar.com\\\/avatar\\\/0a2867fd5abe37bed95d5a65e9d58f01756e11efc68af9888dfc50cfa7f65948?s=96&d=mm&r=g\",\"contentUrl\":\"https:\\\/\\\/secure.gravatar.com\\\/avatar\\\/0a2867fd5abe37bed95d5a65e9d58f01756e11efc68af9888dfc50cfa7f65948?s=96&d=mm&r=g\",\"caption\":\"Comptoir National de l'Or\"},\"description\":\"Notre r\u00e9daction est constitu\u00e9e de membres experts dans les m\u00e9tiers de l'\u00e9conomie et la gestion, des Responsables d'agence Comptoir National de l'Or, des analystes financiers qui publient r\u00e9guli\u00e8rement des \u00e9tudes sur les politiques des banques centrales, le cours de l'or, prix de l'or, cours de l'argent, prix de l'argent, cours du platine, cours du palladium,... la situation en zone euro et l'impact de la strat\u00e9gie mon\u00e9taire de la FED. Notre \u00e9quipe scrute \u00e9galement une information plus g\u00e9n\u00e9raliste \u00e0 la recherche d'actualit\u00e9 \\\"p\u00e9pite\\\" \u00e0 vous partager. Depuis 5 ans, nous avons publi\u00e9 un peu plus de 4000 articles qui s'adressent \u00e0 un public large et vari\u00e9 ayant pour objectif de satisfaire votre curiosit\u00e9 et de partager avec vous une certaine fascination pour le m\u00e9tal jaune, le rachat d'or, et pour ceux qui veulent investir dans l'or, vendre leur or tout simplement en savoir plus... Pour tous vos achat or et argent, n'h\u00e9sitez pas \u00e0 prendre rendez-vous dans l'un de nos nombreux comptoirs.\",\"sameAs\":[\"https:\\\/\\\/www.gold.fr\"]}]}<\/script>\n<!-- \/ Yoast SEO plugin. -->","yoast_head_json":{"title":"Banques centrales et Or : Une question de relativisme - Gold.fr","robots":{"index":"index","follow":"follow","max-snippet":"max-snippet:-1","max-image-preview":"max-image-preview:large","max-video-preview":"max-video-preview:-1"},"canonical":"https:\/\/www.gold.fr\/news\/2015\/06\/16\/banques-centrales-et-or-une-question-de-relativisme\/","og_locale":"fr_FR","og_type":"article","og_title":"Banques centrales et Or : Une question de relativisme - Gold.fr","og_description":"Difficile de ne pas noter l&rsquo;engouement des diff\u00e9rentes banques centrales mondiales pour le m\u00e9tal jaune, depuis plus d&rsquo;une d\u00e9cennie. Mais c&rsquo;est un int\u00e9r\u00eat qui a manifestement d\u00e9cupl\u00e9, suite \u00e0 la crise \u00e9conomique majeure qui a travers\u00e9 [&hellip;]","og_url":"https:\/\/www.gold.fr\/news\/2015\/06\/16\/banques-centrales-et-or-une-question-de-relativisme\/","og_site_name":"Gold.fr","article_publisher":"https:\/\/www.facebook.com\/Goldfr\/","article_published_time":"2015-06-16T15:00:51+00:00","article_modified_time":"2017-11-29T17:02:02+00:00","og_image":[{"url":"https:\/\/www.gold.fr\/news\/wp-content\/uploads\/2012\/02\/dollaror-e1357571401692-150x150.jpg","type":"","width":"","height":""}],"author":"Comptoir National de l'Or","twitter_card":"summary_large_image","twitter_misc":{"\u00c9crit par":"Comptoir National de l'Or","Dur\u00e9e de lecture estim\u00e9e":"1 minute"},"schema":{"@context":"https:\/\/schema.org","@graph":[{"@type":"Article","@id":"https:\/\/www.gold.fr\/news\/2015\/06\/16\/banques-centrales-et-or-une-question-de-relativisme\/#article","isPartOf":{"@id":"https:\/\/www.gold.fr\/news\/2015\/06\/16\/banques-centrales-et-or-une-question-de-relativisme\/"},"author":{"name":"Comptoir National de l'Or","@id":"https:\/\/www.gold.fr\/news\/#\/schema\/person\/070491b4b4fb7671bf59b3be20302ce9"},"headline":"Banques centrales et Or : Une question de relativisme","datePublished":"2015-06-16T15:00:51+00:00","dateModified":"2017-11-29T17:02:02+00:00","mainEntityOfPage":{"@id":"https:\/\/www.gold.fr\/news\/2015\/06\/16\/banques-centrales-et-or-une-question-de-relativisme\/"},"wordCount":301,"commentCount":0,"image":{"@id":"https:\/\/www.gold.fr\/news\/2015\/06\/16\/banques-centrales-et-or-une-question-de-relativisme\/#primaryimage"},"thumbnailUrl":"https:\/\/www.gold.fr\/news\/wp-content\/uploads\/2012\/02\/dollaror-e1357571401692-150x150.jpg","keywords":["Banques centrales","crise \u00e9conomique","lingots","M\u00e9tal jaune","Or"],"articleSection":["Articles de presse"],"inLanguage":"fr-FR"},{"@type":"WebPage","@id":"https:\/\/www.gold.fr\/news\/2015\/06\/16\/banques-centrales-et-or-une-question-de-relativisme\/","url":"https:\/\/www.gold.fr\/news\/2015\/06\/16\/banques-centrales-et-or-une-question-de-relativisme\/","name":"Banques centrales et Or : Une question de relativisme - Gold.fr","isPartOf":{"@id":"https:\/\/www.gold.fr\/news\/#website"},"primaryImageOfPage":{"@id":"https:\/\/www.gold.fr\/news\/2015\/06\/16\/banques-centrales-et-or-une-question-de-relativisme\/#primaryimage"},"image":{"@id":"https:\/\/www.gold.fr\/news\/2015\/06\/16\/banques-centrales-et-or-une-question-de-relativisme\/#primaryimage"},"thumbnailUrl":"https:\/\/www.gold.fr\/news\/wp-content\/uploads\/2012\/02\/dollaror-e1357571401692-150x150.jpg","datePublished":"2015-06-16T15:00:51+00:00","dateModified":"2017-11-29T17:02:02+00:00","author":{"@id":"https:\/\/www.gold.fr\/news\/#\/schema\/person\/070491b4b4fb7671bf59b3be20302ce9"},"breadcrumb":{"@id":"https:\/\/www.gold.fr\/news\/2015\/06\/16\/banques-centrales-et-or-une-question-de-relativisme\/#breadcrumb"},"inLanguage":"fr-FR","potentialAction":[{"@type":"ReadAction","target":["https:\/\/www.gold.fr\/news\/2015\/06\/16\/banques-centrales-et-or-une-question-de-relativisme\/"]}]},{"@type":"ImageObject","inLanguage":"fr-FR","@id":"https:\/\/www.gold.fr\/news\/2015\/06\/16\/banques-centrales-et-or-une-question-de-relativisme\/#primaryimage","url":"https:\/\/www.gold.fr\/news\/wp-content\/uploads\/2012\/02\/dollaror-e1357571401692-150x150.jpg","contentUrl":"https:\/\/www.gold.fr\/news\/wp-content\/uploads\/2012\/02\/dollaror-e1357571401692-150x150.jpg"},{"@type":"BreadcrumbList","@id":"https:\/\/www.gold.fr\/news\/2015\/06\/16\/banques-centrales-et-or-une-question-de-relativisme\/#breadcrumb","itemListElement":[{"@type":"ListItem","position":1,"name":"Accueil","item":"https:\/\/www.gold.fr\/"},{"@type":"ListItem","position":2,"name":"Actualit\u00e9s","item":"https:\/\/www.gold.fr\/news\/"},{"@type":"ListItem","position":3,"name":"Banques centrales et Or : Une question de relativisme"}]},{"@type":"WebSite","@id":"https:\/\/www.gold.fr\/news\/#website","url":"https:\/\/www.gold.fr\/news\/","name":"Gold.fr","description":"Actualit\u00e9s de l&#039;Or et des m\u00e9taux pr\u00e9cieux","potentialAction":[{"@type":"SearchAction","target":{"@type":"EntryPoint","urlTemplate":"https:\/\/www.gold.fr\/news\/?s={search_term_string}"},"query-input":{"@type":"PropertyValueSpecification","valueRequired":true,"valueName":"search_term_string"}}],"inLanguage":"fr-FR"},{"@type":"Person","@id":"https:\/\/www.gold.fr\/news\/#\/schema\/person\/070491b4b4fb7671bf59b3be20302ce9","name":"Comptoir National de l'Or","image":{"@type":"ImageObject","inLanguage":"fr-FR","@id":"https:\/\/secure.gravatar.com\/avatar\/0a2867fd5abe37bed95d5a65e9d58f01756e11efc68af9888dfc50cfa7f65948?s=96&d=mm&r=gb490554db0a38188709de567aa58480d","url":"https:\/\/secure.gravatar.com\/avatar\/0a2867fd5abe37bed95d5a65e9d58f01756e11efc68af9888dfc50cfa7f65948?s=96&d=mm&r=g","contentUrl":"https:\/\/secure.gravatar.com\/avatar\/0a2867fd5abe37bed95d5a65e9d58f01756e11efc68af9888dfc50cfa7f65948?s=96&d=mm&r=g","caption":"Comptoir National de l'Or"},"description":"Notre r\u00e9daction est constitu\u00e9e de membres experts dans les m\u00e9tiers de l'\u00e9conomie et la gestion, des Responsables d'agence Comptoir National de l'Or, des analystes financiers qui publient r\u00e9guli\u00e8rement des \u00e9tudes sur les politiques des banques centrales, le cours de l'or, prix de l'or, cours de l'argent, prix de l'argent, cours du platine, cours du palladium,... la situation en zone euro et l'impact de la strat\u00e9gie mon\u00e9taire de la FED. Notre \u00e9quipe scrute \u00e9galement une information plus g\u00e9n\u00e9raliste \u00e0 la recherche d'actualit\u00e9 \"p\u00e9pite\" \u00e0 vous partager. Depuis 5 ans, nous avons publi\u00e9 un peu plus de 4000 articles qui s'adressent \u00e0 un public large et vari\u00e9 ayant pour objectif de satisfaire votre curiosit\u00e9 et de partager avec vous une certaine fascination pour le m\u00e9tal jaune, le rachat d'or, et pour ceux qui veulent investir dans l'or, vendre leur or tout simplement en savoir plus... Pour tous vos achat or et argent, n'h\u00e9sitez pas \u00e0 prendre rendez-vous dans l'un de nos nombreux comptoirs.","sameAs":["https:\/\/www.gold.fr"]}]}},"authors":[{"term_id":2565,"user_id":18,"is_guest":0,"slug":"julie","display_name":"Comptoir National de l'Or","avatar_url":"https:\/\/secure.gravatar.com\/avatar\/713f289e398d35ead876c4a4cc08607f0d6d266058cfc25683fffb6092d0e572?s=96&d=mm&r=g","0":null,"1":"","2":"","3":"","4":"","5":"","6":"","7":"","8":""}],"_links":{"self":[{"href":"https:\/\/www.gold.fr\/news\/wp-json\/wp\/v2\/posts\/17315","targetHints":{"allow":["GET"]}}],"collection":[{"href":"https:\/\/www.gold.fr\/news\/wp-json\/wp\/v2\/posts"}],"about":[{"href":"https:\/\/www.gold.fr\/news\/wp-json\/wp\/v2\/types\/post"}],"author":[{"embeddable":true,"href":"https:\/\/www.gold.fr\/news\/wp-json\/wp\/v2\/users\/18"}],"replies":[{"embeddable":true,"href":"https:\/\/www.gold.fr\/news\/wp-json\/wp\/v2\/comments?post=17315"}],"version-history":[{"count":0,"href":"https:\/\/www.gold.fr\/news\/wp-json\/wp\/v2\/posts\/17315\/revisions"}],"wp:attachment":[{"href":"https:\/\/www.gold.fr\/news\/wp-json\/wp\/v2\/media?parent=17315"}],"wp:term":[{"taxonomy":"category","embeddable":true,"href":"https:\/\/www.gold.fr\/news\/wp-json\/wp\/v2\/categories?post=17315"},{"taxonomy":"post_tag","embeddable":true,"href":"https:\/\/www.gold.fr\/news\/wp-json\/wp\/v2\/tags?post=17315"},{"taxonomy":"author","embeddable":true,"href":"https:\/\/www.gold.fr\/news\/wp-json\/wp\/v2\/ppma_author?post=17315"}],"curies":[{"name":"wp","href":"https:\/\/api.w.org\/{rel}","templated":true}]}}