{"id":17297,"date":"2015-06-12T13:00:30","date_gmt":"2015-06-12T11:00:30","guid":{"rendered":"https:\/\/www.gold.fr\/news\/?p=17297"},"modified":"2017-11-29T18:02:06","modified_gmt":"2017-11-29T17:02:06","slug":"lonce-termine-la-semaine-en-equilibre","status":"publish","type":"post","link":"https:\/\/www.gold.fr\/news\/2015\/06\/12\/lonce-termine-la-semaine-en-equilibre\/","title":{"rendered":"L&rsquo;once termine la semaine en \u00e9quilibre"},"content":{"rendered":"<p><img loading=\"lazy\" decoding=\"async\" class=\"alignleft size-thumbnail wp-image-10167\" title=\"Cours de l'Or de Bourse\" src=\"https:\/\/www.gold.fr\/news\/wp-content\/uploads\/2011\/03\/lingots-or-1kg-150x150.jpg\" alt=\"\" width=\"150\" height=\"150\" \/><span style=\"font-size: small;\">C&rsquo;est une semaine relativement statique \u00e0 <a href='https:\/\/www.gold.fr\/news\/tags\/investissement' class='esk-seo-plu-link'>tendance<\/a> g\u00e9n\u00e9rale l\u00e9g\u00e8rement haussi\u00e8re qui arrive \u00e0 son terme pour le march\u00e9 de l&rsquo;<a href='https:\/\/www.gold.fr\/news\/tags\/or' class='esk-seo-plu-link'>or<\/a>. L&rsquo;once avait subi, tout au long de la semaine, la pression constamment impos\u00e9e par une foule de facteurs baissiers accumul\u00e9s, r\u00e9ussissant pourtant \u00e0 se maintenir \u00e0 flot, alternant entre stabilit\u00e9 et l\u00e9g\u00e8res remont\u00e9es occasionnelles.<\/span>    <span style=\"font-size: small;\">Avec la persistance des inqui\u00e9tudes et profondes incertitudes qui entourent l&rsquo;avenir de la zone euro et <a title=\"Des march\u00e9s d\u00e9sorient\u00e9s par la Gr\u00e8ce\" href=\"https:\/\/www.gold.fr\/news\/2015\/06\/11\/des-marches-desorientes-par-la-grece\/17293\/\" target=\"_blank\">un tr\u00e8s potentiel \u00ab\u00a0<em>grexit<\/em>\u00ab\u00a0<\/a>, la plan\u00e8te \u00e9conomique europ\u00e9enne a travers\u00e9 une semaine particuli\u00e8rement mouvement\u00e9e, tirant dans son sillage baissier la plupart des places boursi\u00e8res autour de l&rsquo;Atlantique et m\u00eame bien au-del\u00e0. Le march\u00e9 aurif\u00e8re aura donc finalement r\u00e9ussi \u00e0 tirer son \u00e9pingle du jeu, en maintenant sa stabilit\u00e9.<\/span>    <span style=\"font-size: small;\">L&rsquo;<a href='https:\/\/www.gold.fr\/news\/tags\/or' class='esk-seo-plu-link'>or<\/a> ouvre la s\u00e9ance de ce <strong>vendredi 12 juin 2015<\/strong> avec <a title=\"Prix de l'Or\" href=\"https:\/\/www.gold.fr\/cours-or-prix-de-l-or\/\" target=\"_blank\">un cours<\/a> l\u00e9g\u00e8rement haussier de <strong>1,181.<a href='https:\/\/www.gold.fr\/news\/tags\/piece-dor' class='esk-seo-plu-link'>20 dollars<\/a><\/strong> <a title=\"Prix de l'Once d'or\" href=\"https:\/\/www.gold.fr\/once-or-nyc\/\" target=\"_blank\">l&rsquo;once<\/a>.<\/span><\/p>\n<!-- AddThis Advanced Settings generic via filter on the_content --><!-- AddThis Share Buttons generic via filter on the_content -->","protected":false},"excerpt":{"rendered":"<p>C&rsquo;est une semaine relativement statique \u00e0 tendance g\u00e9n\u00e9rale l\u00e9g\u00e8rement haussi\u00e8re qui arrive \u00e0 son terme pour le march\u00e9 de l&rsquo;or. L&rsquo;once avait subi, tout au long de la semaine, la pression constamment impos\u00e9e par une foule [&hellip;]<\/p>\n","protected":false},"author":18,"featured_media":10167,"comment_status":"open","ping_status":"open","sticky":false,"template":"","format":"standard","meta":{"_mbp_gutenberg_autopost":false,"_pgmb_is_evergreen":false,"_pgmb_ap_template_id":0,"footnotes":""},"categories":[5],"tags":[385,84,210,74],"ppma_author":[2565],"class_list":["post-17297","post","type-post","status-publish","format-standard","has-post-thumbnail","hentry","category-flash-infos","tag-cours-de-lor-de-bourse","tag-cours-de-lor","tag-_cours-de-lor_footer_","tag-_home-page_footer_"],"yoast_head":"<!-- This site is optimized with the Yoast SEO plugin v27.5 - https:\/\/yoast.com\/product\/yoast-seo-wordpress\/ -->\n<title>L&#039;once termine la semaine en \u00e9quilibre - Gold.fr<\/title>\n<meta name=\"robots\" content=\"index, follow, max-snippet:-1, max-image-preview:large, max-video-preview:-1\" \/>\n<link rel=\"canonical\" href=\"https:\/\/www.gold.fr\/news\/2015\/06\/12\/lonce-termine-la-semaine-en-equilibre\/\" \/>\n<meta property=\"og:locale\" content=\"fr_FR\" \/>\n<meta property=\"og:type\" content=\"article\" \/>\n<meta property=\"og:title\" content=\"L&#039;once termine la semaine en \u00e9quilibre - Gold.fr\" \/>\n<meta property=\"og:description\" content=\"C&rsquo;est une semaine relativement statique \u00e0 tendance g\u00e9n\u00e9rale l\u00e9g\u00e8rement haussi\u00e8re qui arrive \u00e0 son terme pour le march\u00e9 de l&rsquo;or. L&rsquo;once avait subi, tout au long de la semaine, la pression constamment impos\u00e9e par une foule [&hellip;]\" \/>\n<meta property=\"og:url\" content=\"https:\/\/www.gold.fr\/news\/2015\/06\/12\/lonce-termine-la-semaine-en-equilibre\/\" \/>\n<meta property=\"og:site_name\" content=\"Gold.fr\" \/>\n<meta property=\"article:publisher\" content=\"https:\/\/www.facebook.com\/Goldfr\/\" \/>\n<meta property=\"article:published_time\" content=\"2015-06-12T11:00:30+00:00\" \/>\n<meta property=\"article:modified_time\" content=\"2017-11-29T17:02:06+00:00\" \/>\n<meta property=\"og:image\" content=\"https:\/\/www.gold.fr\/news\/wp-content\/uploads\/2011\/03\/lingots-or-1kg-e1473412427214.jpg\" \/>\n\t<meta property=\"og:image:width\" content=\"250\" \/>\n\t<meta property=\"og:image:height\" content=\"167\" \/>\n\t<meta property=\"og:image:type\" content=\"image\/jpeg\" \/>\n<meta name=\"author\" content=\"Comptoir National de l&#039;Or\" \/>\n<meta name=\"twitter:card\" content=\"summary_large_image\" \/>\n<meta name=\"twitter:label1\" content=\"\u00c9crit par\" \/>\n\t<meta name=\"twitter:data1\" content=\"Comptoir National de l&#039;Or\" \/>\n\t<meta name=\"twitter:label2\" content=\"Dur\u00e9e de lecture estim\u00e9e\" \/>\n\t<meta name=\"twitter:data2\" content=\"1 minute\" \/>\n<script type=\"application\/ld+json\" class=\"yoast-schema-graph\">{\"@context\":\"https:\\\/\\\/schema.org\",\"@graph\":[{\"@type\":\"Article\",\"@id\":\"https:\\\/\\\/www.gold.fr\\\/news\\\/2015\\\/06\\\/12\\\/lonce-termine-la-semaine-en-equilibre\\\/#article\",\"isPartOf\":{\"@id\":\"https:\\\/\\\/www.gold.fr\\\/news\\\/2015\\\/06\\\/12\\\/lonce-termine-la-semaine-en-equilibre\\\/\"},\"author\":{\"name\":\"Comptoir National de l'Or\",\"@id\":\"https:\\\/\\\/www.gold.fr\\\/news\\\/#\\\/schema\\\/person\\\/070491b4b4fb7671bf59b3be20302ce9\"},\"headline\":\"L&rsquo;once termine la semaine en \u00e9quilibre\",\"datePublished\":\"2015-06-12T11:00:30+00:00\",\"dateModified\":\"2017-11-29T17:02:06+00:00\",\"mainEntityOfPage\":{\"@id\":\"https:\\\/\\\/www.gold.fr\\\/news\\\/2015\\\/06\\\/12\\\/lonce-termine-la-semaine-en-equilibre\\\/\"},\"wordCount\":167,\"commentCount\":0,\"image\":{\"@id\":\"https:\\\/\\\/www.gold.fr\\\/news\\\/2015\\\/06\\\/12\\\/lonce-termine-la-semaine-en-equilibre\\\/#primaryimage\"},\"thumbnailUrl\":\"https:\\\/\\\/www.gold.fr\\\/news\\\/wp-content\\\/uploads\\\/2011\\\/03\\\/lingots-or-1kg-e1473412427214.jpg\",\"keywords\":[\"cours de l'or de bourse\",\"Tout Cours de l'Or\",\"_Cours de l\u2019Or_Footer_\",\"_Home page Footer_\"],\"articleSection\":[\"Flash infos\"],\"inLanguage\":\"fr-FR\"},{\"@type\":\"WebPage\",\"@id\":\"https:\\\/\\\/www.gold.fr\\\/news\\\/2015\\\/06\\\/12\\\/lonce-termine-la-semaine-en-equilibre\\\/\",\"url\":\"https:\\\/\\\/www.gold.fr\\\/news\\\/2015\\\/06\\\/12\\\/lonce-termine-la-semaine-en-equilibre\\\/\",\"name\":\"L'once termine la semaine en \u00e9quilibre - Gold.fr\",\"isPartOf\":{\"@id\":\"https:\\\/\\\/www.gold.fr\\\/news\\\/#website\"},\"primaryImageOfPage\":{\"@id\":\"https:\\\/\\\/www.gold.fr\\\/news\\\/2015\\\/06\\\/12\\\/lonce-termine-la-semaine-en-equilibre\\\/#primaryimage\"},\"image\":{\"@id\":\"https:\\\/\\\/www.gold.fr\\\/news\\\/2015\\\/06\\\/12\\\/lonce-termine-la-semaine-en-equilibre\\\/#primaryimage\"},\"thumbnailUrl\":\"https:\\\/\\\/www.gold.fr\\\/news\\\/wp-content\\\/uploads\\\/2011\\\/03\\\/lingots-or-1kg-e1473412427214.jpg\",\"datePublished\":\"2015-06-12T11:00:30+00:00\",\"dateModified\":\"2017-11-29T17:02:06+00:00\",\"author\":{\"@id\":\"https:\\\/\\\/www.gold.fr\\\/news\\\/#\\\/schema\\\/person\\\/070491b4b4fb7671bf59b3be20302ce9\"},\"breadcrumb\":{\"@id\":\"https:\\\/\\\/www.gold.fr\\\/news\\\/2015\\\/06\\\/12\\\/lonce-termine-la-semaine-en-equilibre\\\/#breadcrumb\"},\"inLanguage\":\"fr-FR\",\"potentialAction\":[{\"@type\":\"ReadAction\",\"target\":[\"https:\\\/\\\/www.gold.fr\\\/news\\\/2015\\\/06\\\/12\\\/lonce-termine-la-semaine-en-equilibre\\\/\"]}]},{\"@type\":\"ImageObject\",\"inLanguage\":\"fr-FR\",\"@id\":\"https:\\\/\\\/www.gold.fr\\\/news\\\/2015\\\/06\\\/12\\\/lonce-termine-la-semaine-en-equilibre\\\/#primaryimage\",\"url\":\"https:\\\/\\\/www.gold.fr\\\/news\\\/wp-content\\\/uploads\\\/2011\\\/03\\\/lingots-or-1kg-e1473412427214.jpg\",\"contentUrl\":\"https:\\\/\\\/www.gold.fr\\\/news\\\/wp-content\\\/uploads\\\/2011\\\/03\\\/lingots-or-1kg-e1473412427214.jpg\",\"width\":250,\"height\":167,\"caption\":\"L'once termine la semaine en \u00e9quilibre\"},{\"@type\":\"BreadcrumbList\",\"@id\":\"https:\\\/\\\/www.gold.fr\\\/news\\\/2015\\\/06\\\/12\\\/lonce-termine-la-semaine-en-equilibre\\\/#breadcrumb\",\"itemListElement\":[{\"@type\":\"ListItem\",\"position\":1,\"name\":\"Accueil\",\"item\":\"https:\\\/\\\/www.gold.fr\\\/\"},{\"@type\":\"ListItem\",\"position\":2,\"name\":\"Actualit\u00e9s\",\"item\":\"https:\\\/\\\/www.gold.fr\\\/news\\\/\"},{\"@type\":\"ListItem\",\"position\":3,\"name\":\"L&rsquo;once termine la semaine en \u00e9quilibre\"}]},{\"@type\":\"WebSite\",\"@id\":\"https:\\\/\\\/www.gold.fr\\\/news\\\/#website\",\"url\":\"https:\\\/\\\/www.gold.fr\\\/news\\\/\",\"name\":\"Gold.fr\",\"description\":\"Actualit\u00e9s de l&#039;Or et des m\u00e9taux pr\u00e9cieux\",\"potentialAction\":[{\"@type\":\"SearchAction\",\"target\":{\"@type\":\"EntryPoint\",\"urlTemplate\":\"https:\\\/\\\/www.gold.fr\\\/news\\\/?s={search_term_string}\"},\"query-input\":{\"@type\":\"PropertyValueSpecification\",\"valueRequired\":true,\"valueName\":\"search_term_string\"}}],\"inLanguage\":\"fr-FR\"},{\"@type\":\"Person\",\"@id\":\"https:\\\/\\\/www.gold.fr\\\/news\\\/#\\\/schema\\\/person\\\/070491b4b4fb7671bf59b3be20302ce9\",\"name\":\"Comptoir National de l'Or\",\"image\":{\"@type\":\"ImageObject\",\"inLanguage\":\"fr-FR\",\"@id\":\"https:\\\/\\\/secure.gravatar.com\\\/avatar\\\/0a2867fd5abe37bed95d5a65e9d58f01756e11efc68af9888dfc50cfa7f65948?s=96&d=mm&r=gb490554db0a38188709de567aa58480d\",\"url\":\"https:\\\/\\\/secure.gravatar.com\\\/avatar\\\/0a2867fd5abe37bed95d5a65e9d58f01756e11efc68af9888dfc50cfa7f65948?s=96&d=mm&r=g\",\"contentUrl\":\"https:\\\/\\\/secure.gravatar.com\\\/avatar\\\/0a2867fd5abe37bed95d5a65e9d58f01756e11efc68af9888dfc50cfa7f65948?s=96&d=mm&r=g\",\"caption\":\"Comptoir National de l'Or\"},\"description\":\"Notre r\u00e9daction est constitu\u00e9e de membres experts dans les m\u00e9tiers de l'\u00e9conomie et la gestion, des Responsables d'agence Comptoir National de l'Or, des analystes financiers qui publient r\u00e9guli\u00e8rement des \u00e9tudes sur les politiques des banques centrales, le cours de l'or, prix de l'or, cours de l'argent, prix de l'argent, cours du platine, cours du palladium,... la situation en zone euro et l'impact de la strat\u00e9gie mon\u00e9taire de la FED. Notre \u00e9quipe scrute \u00e9galement une information plus g\u00e9n\u00e9raliste \u00e0 la recherche d'actualit\u00e9 \\\"p\u00e9pite\\\" \u00e0 vous partager. Depuis 5 ans, nous avons publi\u00e9 un peu plus de 4000 articles qui s'adressent \u00e0 un public large et vari\u00e9 ayant pour objectif de satisfaire votre curiosit\u00e9 et de partager avec vous une certaine fascination pour le m\u00e9tal jaune, le rachat d'or, et pour ceux qui veulent investir dans l'or, vendre leur or tout simplement en savoir plus... Pour tous vos achat or et argent, n'h\u00e9sitez pas \u00e0 prendre rendez-vous dans l'un de nos nombreux comptoirs.\",\"sameAs\":[\"https:\\\/\\\/www.gold.fr\"]}]}<\/script>\n<!-- \/ Yoast SEO plugin. -->","yoast_head_json":{"title":"L'once termine la semaine en \u00e9quilibre - Gold.fr","robots":{"index":"index","follow":"follow","max-snippet":"max-snippet:-1","max-image-preview":"max-image-preview:large","max-video-preview":"max-video-preview:-1"},"canonical":"https:\/\/www.gold.fr\/news\/2015\/06\/12\/lonce-termine-la-semaine-en-equilibre\/","og_locale":"fr_FR","og_type":"article","og_title":"L'once termine la semaine en \u00e9quilibre - Gold.fr","og_description":"C&rsquo;est une semaine relativement statique \u00e0 tendance g\u00e9n\u00e9rale l\u00e9g\u00e8rement haussi\u00e8re qui arrive \u00e0 son terme pour le march\u00e9 de l&rsquo;or. L&rsquo;once avait subi, tout au long de la semaine, la pression constamment impos\u00e9e par une foule [&hellip;]","og_url":"https:\/\/www.gold.fr\/news\/2015\/06\/12\/lonce-termine-la-semaine-en-equilibre\/","og_site_name":"Gold.fr","article_publisher":"https:\/\/www.facebook.com\/Goldfr\/","article_published_time":"2015-06-12T11:00:30+00:00","article_modified_time":"2017-11-29T17:02:06+00:00","og_image":[{"width":250,"height":167,"url":"https:\/\/www.gold.fr\/news\/wp-content\/uploads\/2011\/03\/lingots-or-1kg-e1473412427214.jpg","type":"image\/jpeg"}],"author":"Comptoir National de l'Or","twitter_card":"summary_large_image","twitter_misc":{"\u00c9crit par":"Comptoir National de l'Or","Dur\u00e9e de lecture estim\u00e9e":"1 minute"},"schema":{"@context":"https:\/\/schema.org","@graph":[{"@type":"Article","@id":"https:\/\/www.gold.fr\/news\/2015\/06\/12\/lonce-termine-la-semaine-en-equilibre\/#article","isPartOf":{"@id":"https:\/\/www.gold.fr\/news\/2015\/06\/12\/lonce-termine-la-semaine-en-equilibre\/"},"author":{"name":"Comptoir National de l'Or","@id":"https:\/\/www.gold.fr\/news\/#\/schema\/person\/070491b4b4fb7671bf59b3be20302ce9"},"headline":"L&rsquo;once termine la semaine en \u00e9quilibre","datePublished":"2015-06-12T11:00:30+00:00","dateModified":"2017-11-29T17:02:06+00:00","mainEntityOfPage":{"@id":"https:\/\/www.gold.fr\/news\/2015\/06\/12\/lonce-termine-la-semaine-en-equilibre\/"},"wordCount":167,"commentCount":0,"image":{"@id":"https:\/\/www.gold.fr\/news\/2015\/06\/12\/lonce-termine-la-semaine-en-equilibre\/#primaryimage"},"thumbnailUrl":"https:\/\/www.gold.fr\/news\/wp-content\/uploads\/2011\/03\/lingots-or-1kg-e1473412427214.jpg","keywords":["cours de l'or de bourse","Tout Cours de l'Or","_Cours de l\u2019Or_Footer_","_Home page Footer_"],"articleSection":["Flash infos"],"inLanguage":"fr-FR"},{"@type":"WebPage","@id":"https:\/\/www.gold.fr\/news\/2015\/06\/12\/lonce-termine-la-semaine-en-equilibre\/","url":"https:\/\/www.gold.fr\/news\/2015\/06\/12\/lonce-termine-la-semaine-en-equilibre\/","name":"L'once termine la semaine en \u00e9quilibre - Gold.fr","isPartOf":{"@id":"https:\/\/www.gold.fr\/news\/#website"},"primaryImageOfPage":{"@id":"https:\/\/www.gold.fr\/news\/2015\/06\/12\/lonce-termine-la-semaine-en-equilibre\/#primaryimage"},"image":{"@id":"https:\/\/www.gold.fr\/news\/2015\/06\/12\/lonce-termine-la-semaine-en-equilibre\/#primaryimage"},"thumbnailUrl":"https:\/\/www.gold.fr\/news\/wp-content\/uploads\/2011\/03\/lingots-or-1kg-e1473412427214.jpg","datePublished":"2015-06-12T11:00:30+00:00","dateModified":"2017-11-29T17:02:06+00:00","author":{"@id":"https:\/\/www.gold.fr\/news\/#\/schema\/person\/070491b4b4fb7671bf59b3be20302ce9"},"breadcrumb":{"@id":"https:\/\/www.gold.fr\/news\/2015\/06\/12\/lonce-termine-la-semaine-en-equilibre\/#breadcrumb"},"inLanguage":"fr-FR","potentialAction":[{"@type":"ReadAction","target":["https:\/\/www.gold.fr\/news\/2015\/06\/12\/lonce-termine-la-semaine-en-equilibre\/"]}]},{"@type":"ImageObject","inLanguage":"fr-FR","@id":"https:\/\/www.gold.fr\/news\/2015\/06\/12\/lonce-termine-la-semaine-en-equilibre\/#primaryimage","url":"https:\/\/www.gold.fr\/news\/wp-content\/uploads\/2011\/03\/lingots-or-1kg-e1473412427214.jpg","contentUrl":"https:\/\/www.gold.fr\/news\/wp-content\/uploads\/2011\/03\/lingots-or-1kg-e1473412427214.jpg","width":250,"height":167,"caption":"L'once termine la semaine en \u00e9quilibre"},{"@type":"BreadcrumbList","@id":"https:\/\/www.gold.fr\/news\/2015\/06\/12\/lonce-termine-la-semaine-en-equilibre\/#breadcrumb","itemListElement":[{"@type":"ListItem","position":1,"name":"Accueil","item":"https:\/\/www.gold.fr\/"},{"@type":"ListItem","position":2,"name":"Actualit\u00e9s","item":"https:\/\/www.gold.fr\/news\/"},{"@type":"ListItem","position":3,"name":"L&rsquo;once termine la semaine en \u00e9quilibre"}]},{"@type":"WebSite","@id":"https:\/\/www.gold.fr\/news\/#website","url":"https:\/\/www.gold.fr\/news\/","name":"Gold.fr","description":"Actualit\u00e9s de l&#039;Or et des m\u00e9taux pr\u00e9cieux","potentialAction":[{"@type":"SearchAction","target":{"@type":"EntryPoint","urlTemplate":"https:\/\/www.gold.fr\/news\/?s={search_term_string}"},"query-input":{"@type":"PropertyValueSpecification","valueRequired":true,"valueName":"search_term_string"}}],"inLanguage":"fr-FR"},{"@type":"Person","@id":"https:\/\/www.gold.fr\/news\/#\/schema\/person\/070491b4b4fb7671bf59b3be20302ce9","name":"Comptoir National de l'Or","image":{"@type":"ImageObject","inLanguage":"fr-FR","@id":"https:\/\/secure.gravatar.com\/avatar\/0a2867fd5abe37bed95d5a65e9d58f01756e11efc68af9888dfc50cfa7f65948?s=96&d=mm&r=gb490554db0a38188709de567aa58480d","url":"https:\/\/secure.gravatar.com\/avatar\/0a2867fd5abe37bed95d5a65e9d58f01756e11efc68af9888dfc50cfa7f65948?s=96&d=mm&r=g","contentUrl":"https:\/\/secure.gravatar.com\/avatar\/0a2867fd5abe37bed95d5a65e9d58f01756e11efc68af9888dfc50cfa7f65948?s=96&d=mm&r=g","caption":"Comptoir National de l'Or"},"description":"Notre r\u00e9daction est constitu\u00e9e de membres experts dans les m\u00e9tiers de l'\u00e9conomie et la gestion, des Responsables d'agence Comptoir National de l'Or, des analystes financiers qui publient r\u00e9guli\u00e8rement des \u00e9tudes sur les politiques des banques centrales, le cours de l'or, prix de l'or, cours de l'argent, prix de l'argent, cours du platine, cours du palladium,... la situation en zone euro et l'impact de la strat\u00e9gie mon\u00e9taire de la FED. Notre \u00e9quipe scrute \u00e9galement une information plus g\u00e9n\u00e9raliste \u00e0 la recherche d'actualit\u00e9 \"p\u00e9pite\" \u00e0 vous partager. Depuis 5 ans, nous avons publi\u00e9 un peu plus de 4000 articles qui s'adressent \u00e0 un public large et vari\u00e9 ayant pour objectif de satisfaire votre curiosit\u00e9 et de partager avec vous une certaine fascination pour le m\u00e9tal jaune, le rachat d'or, et pour ceux qui veulent investir dans l'or, vendre leur or tout simplement en savoir plus... Pour tous vos achat or et argent, n'h\u00e9sitez pas \u00e0 prendre rendez-vous dans l'un de nos nombreux comptoirs.","sameAs":["https:\/\/www.gold.fr"]}]}},"authors":[{"term_id":2565,"user_id":18,"is_guest":0,"slug":"julie","display_name":"Comptoir National de l'Or","avatar_url":"https:\/\/secure.gravatar.com\/avatar\/713f289e398d35ead876c4a4cc08607f0d6d266058cfc25683fffb6092d0e572?s=96&d=mm&r=g","0":null,"1":"","2":"","3":"","4":"","5":"","6":"","7":"","8":""}],"_links":{"self":[{"href":"https:\/\/www.gold.fr\/news\/wp-json\/wp\/v2\/posts\/17297","targetHints":{"allow":["GET"]}}],"collection":[{"href":"https:\/\/www.gold.fr\/news\/wp-json\/wp\/v2\/posts"}],"about":[{"href":"https:\/\/www.gold.fr\/news\/wp-json\/wp\/v2\/types\/post"}],"author":[{"embeddable":true,"href":"https:\/\/www.gold.fr\/news\/wp-json\/wp\/v2\/users\/18"}],"replies":[{"embeddable":true,"href":"https:\/\/www.gold.fr\/news\/wp-json\/wp\/v2\/comments?post=17297"}],"version-history":[{"count":0,"href":"https:\/\/www.gold.fr\/news\/wp-json\/wp\/v2\/posts\/17297\/revisions"}],"wp:featuredmedia":[{"embeddable":true,"href":"https:\/\/www.gold.fr\/news\/wp-json\/wp\/v2\/media\/10167"}],"wp:attachment":[{"href":"https:\/\/www.gold.fr\/news\/wp-json\/wp\/v2\/media?parent=17297"}],"wp:term":[{"taxonomy":"category","embeddable":true,"href":"https:\/\/www.gold.fr\/news\/wp-json\/wp\/v2\/categories?post=17297"},{"taxonomy":"post_tag","embeddable":true,"href":"https:\/\/www.gold.fr\/news\/wp-json\/wp\/v2\/tags?post=17297"},{"taxonomy":"author","embeddable":true,"href":"https:\/\/www.gold.fr\/news\/wp-json\/wp\/v2\/ppma_author?post=17297"}],"curies":[{"name":"wp","href":"https:\/\/api.w.org\/{rel}","templated":true}]}}