{"id":17295,"date":"2015-06-12T09:00:20","date_gmt":"2015-06-12T07:00:20","guid":{"rendered":"https:\/\/www.gold.fr\/news\/?p=17295"},"modified":"2020-07-09T16:12:59","modified_gmt":"2020-07-09T14:12:59","slug":"legere-reprise-de-lonce-soutenue-par-le-dossier-grec","status":"publish","type":"post","link":"https:\/\/www.gold.fr\/news\/2015\/06\/12\/legere-reprise-de-lonce-soutenue-par-le-dossier-grec\/","title":{"rendered":"L\u00e9g\u00e8re reprise de l\u2019once, soutenue par le dossier grec"},"content":{"rendered":"<p><img loading=\"lazy\" decoding=\"async\" class=\"alignleft size-thumbnail wp-image-7563\" title=\"L\u00e9g\u00e8re reprise de l\u2019once, soutenue par le dossier grec\" src=\"https:\/\/www.gold.fr\/news\/wp-content\/uploads\/2012\/05\/cours-de-l-or2-150x150.jpg\" alt=\"\" width=\"150\" height=\"150\" \/><span style=\"font-size: small;\">C&rsquo;est dans une conjoncture \u00e9conomique mondiale peu favorable que <a title=\"Prix de l'Once d'or\" href=\"https:\/\/www.gold.fr\/once-or-nyc\/\" target=\"_blank\" rel=\"noopener noreferrer\">l\u2019once de m\u00e9tal jaune<\/a> r\u00e9ussit en cette fin de semaine \u00e0 effectuer une remont\u00e9e relative, sur fond de retour en force d&rsquo;espoirs concernant la r\u00e9solution du dossier d&rsquo;endettement grec.<\/span> <span style=\"font-size: small;\">Paradoxalement, ce sont les constants hauts et bas (et surtout impasses) de ce m\u00eame dossier qui ont grandement contribu\u00e9 \u00e0 hisser l&rsquo;<a class=\"esk-seo-plu-link\" href=\"https:\/\/www.gold.fr\/news\/tags\/or\">or<\/a> au plus haut de sa performance mensuelle, le mois dernier, avant de le tirer vers une charni\u00e8re baissi\u00e8re, la semaine derni\u00e8re. La contribution grecque du jour, \u00e0 l&rsquo;\u00e9volution du march\u00e9 aurif\u00e8re, penche toutefois du c\u00f4t\u00e9 vert. L&rsquo;\u00e9quipe d&rsquo;experts en mati\u00e8res premi\u00e8res de <strong>Commerzbank<\/strong> estime en effet que \u00ab<em> l&rsquo;once trouve sans doute des soutiens du c\u00f4t\u00e9 de la crise de la dette grecque, apr\u00e8s qu&rsquo;une liste de propositions soumise par le gouvernement ait \u00e9t\u00e9 rejet\u00e9e par les repr\u00e9sentants de l&rsquo;Union europ\u00e9enne<\/em> \u00bb.<\/span> <span style=\"font-size: small;\">Mais ce dernier rebondissement remet du coup en question la capacit\u00e9 du pays \u00e0 rembourser au Fonds Mon\u00e9taire International, \u00e0 la fin de ce mois m\u00eame, les quelques <strong>1,6 milliard d&rsquo;<a class=\"esk-seo-plu-link\" href=\"https:\/\/www.gold.fr\/news\/tags\/investissement\">euros<\/a><\/strong> qu&rsquo;il doit \u00e0 ses diff\u00e9rents cr\u00e9anciers internationaux. D&rsquo;un autre c\u00f4t\u00e9, les craintes suscit\u00e9es par un tel sc\u00e9nario (non-remboursement) am\u00e8nent une nouvelle vague d&rsquo;incertitudes concernant l&rsquo;avenir de l&rsquo;Eurozone, et serait largement susceptible, selon les sp\u00e9cialistes, de \u00ab <em>contribuer \u00e0 une robuste demande d&rsquo;<a class=\"esk-seo-plu-link\" href=\"https:\/\/www.gold.fr\/news\/tags\/or\">or<\/a><\/em> \u00bb qui profitera de la crise en cours pour booster le blason de sa <a class=\"esk-seo-plu-link\" href=\"https:\/\/www.gold.fr\/news\/tags\/investissement\">valeur refuge<\/a>.<\/span><\/p>\n<!-- AddThis Advanced Settings generic via filter on the_content --><!-- AddThis Share Buttons generic via filter on the_content -->","protected":false},"excerpt":{"rendered":"<p>C&rsquo;est dans une conjoncture \u00e9conomique mondiale peu favorable que l\u2019once de m\u00e9tal jaune r\u00e9ussit en cette fin de semaine \u00e0 effectuer une remont\u00e9e relative, sur fond de retour en force d&rsquo;espoirs concernant la r\u00e9solution du dossier [&hellip;]<\/p>\n","protected":false},"author":18,"featured_media":7563,"comment_status":"closed","ping_status":"closed","sticky":false,"template":"","format":"standard","meta":{"_mbp_gutenberg_autopost":false,"_pgmb_is_evergreen":false,"_pgmb_ap_template_id":0,"footnotes":""},"categories":[6],"tags":[2010,1625,211,317],"ppma_author":[2565],"class_list":["post-17295","post","type-post","status-publish","format-standard","has-post-thumbnail","hentry","category-articles-de-presse","tag-dossier-grec","tag-eurozone","tag-fmi","tag-once"],"yoast_head":"<!-- This site is optimized with the Yoast SEO plugin v27.5 - https:\/\/yoast.com\/product\/yoast-seo-wordpress\/ -->\n<title>L\u00e9g\u00e8re reprise de l\u2019once, soutenue par le dossier grec - Gold.fr<\/title>\n<meta name=\"description\" content=\"Dans une conjoncture \u00e9conomique mondiale peu favorable l\u2019once de l&#039;or r\u00e9ussit en cette fin de semaine \u00e0 effectuer une remont\u00e9e relative.\" \/>\n<meta name=\"robots\" content=\"index, follow, max-snippet:-1, max-image-preview:large, max-video-preview:-1\" \/>\n<link rel=\"canonical\" href=\"https:\/\/www.gold.fr\/news\/2015\/06\/12\/legere-reprise-de-lonce-soutenue-par-le-dossier-grec\/\" \/>\n<meta property=\"og:locale\" content=\"fr_FR\" \/>\n<meta property=\"og:type\" content=\"article\" \/>\n<meta property=\"og:title\" content=\"L\u00e9g\u00e8re reprise de l\u2019once, soutenue par le dossier grec - Gold.fr\" \/>\n<meta property=\"og:description\" content=\"Dans une conjoncture \u00e9conomique mondiale peu favorable l\u2019once de l&#039;or r\u00e9ussit en cette fin de semaine \u00e0 effectuer une remont\u00e9e relative.\" \/>\n<meta property=\"og:url\" content=\"https:\/\/www.gold.fr\/news\/2015\/06\/12\/legere-reprise-de-lonce-soutenue-par-le-dossier-grec\/\" \/>\n<meta property=\"og:site_name\" content=\"Gold.fr\" \/>\n<meta property=\"article:publisher\" content=\"https:\/\/www.facebook.com\/Goldfr\/\" \/>\n<meta property=\"article:published_time\" content=\"2015-06-12T07:00:20+00:00\" \/>\n<meta property=\"article:modified_time\" content=\"2020-07-09T14:12:59+00:00\" \/>\n<meta property=\"og:image\" content=\"https:\/\/www.gold.fr\/news\/wp-content\/uploads\/2012\/05\/cours-de-l-or2.jpg\" \/>\n\t<meta property=\"og:image:width\" content=\"603\" \/>\n\t<meta property=\"og:image:height\" content=\"400\" \/>\n\t<meta property=\"og:image:type\" content=\"image\/jpeg\" \/>\n<meta name=\"author\" content=\"Comptoir National de l&#039;Or\" \/>\n<meta name=\"twitter:card\" content=\"summary_large_image\" \/>\n<meta name=\"twitter:label1\" content=\"\u00c9crit par\" \/>\n\t<meta name=\"twitter:data1\" content=\"Comptoir National de l&#039;Or\" \/>\n\t<meta name=\"twitter:label2\" content=\"Dur\u00e9e de lecture estim\u00e9e\" \/>\n\t<meta name=\"twitter:data2\" content=\"1 minute\" \/>\n<script type=\"application\/ld+json\" class=\"yoast-schema-graph\">{\"@context\":\"https:\\\/\\\/schema.org\",\"@graph\":[{\"@type\":\"Article\",\"@id\":\"https:\\\/\\\/www.gold.fr\\\/news\\\/2015\\\/06\\\/12\\\/legere-reprise-de-lonce-soutenue-par-le-dossier-grec\\\/#article\",\"isPartOf\":{\"@id\":\"https:\\\/\\\/www.gold.fr\\\/news\\\/2015\\\/06\\\/12\\\/legere-reprise-de-lonce-soutenue-par-le-dossier-grec\\\/\"},\"author\":{\"name\":\"Comptoir National de l'Or\",\"@id\":\"https:\\\/\\\/www.gold.fr\\\/news\\\/#\\\/schema\\\/person\\\/070491b4b4fb7671bf59b3be20302ce9\"},\"headline\":\"L\u00e9g\u00e8re reprise de l\u2019once, soutenue par le dossier grec\",\"datePublished\":\"2015-06-12T07:00:20+00:00\",\"dateModified\":\"2020-07-09T14:12:59+00:00\",\"mainEntityOfPage\":{\"@id\":\"https:\\\/\\\/www.gold.fr\\\/news\\\/2015\\\/06\\\/12\\\/legere-reprise-de-lonce-soutenue-par-le-dossier-grec\\\/\"},\"wordCount\":275,\"image\":{\"@id\":\"https:\\\/\\\/www.gold.fr\\\/news\\\/2015\\\/06\\\/12\\\/legere-reprise-de-lonce-soutenue-par-le-dossier-grec\\\/#primaryimage\"},\"thumbnailUrl\":\"https:\\\/\\\/www.gold.fr\\\/news\\\/wp-content\\\/uploads\\\/2012\\\/05\\\/cours-de-l-or2.jpg\",\"keywords\":[\"dossier grec\",\"Eurozone\",\"fmi\",\"once\"],\"articleSection\":[\"Articles de presse\"],\"inLanguage\":\"fr-FR\"},{\"@type\":\"WebPage\",\"@id\":\"https:\\\/\\\/www.gold.fr\\\/news\\\/2015\\\/06\\\/12\\\/legere-reprise-de-lonce-soutenue-par-le-dossier-grec\\\/\",\"url\":\"https:\\\/\\\/www.gold.fr\\\/news\\\/2015\\\/06\\\/12\\\/legere-reprise-de-lonce-soutenue-par-le-dossier-grec\\\/\",\"name\":\"L\u00e9g\u00e8re reprise de l\u2019once, soutenue par le dossier grec - Gold.fr\",\"isPartOf\":{\"@id\":\"https:\\\/\\\/www.gold.fr\\\/news\\\/#website\"},\"primaryImageOfPage\":{\"@id\":\"https:\\\/\\\/www.gold.fr\\\/news\\\/2015\\\/06\\\/12\\\/legere-reprise-de-lonce-soutenue-par-le-dossier-grec\\\/#primaryimage\"},\"image\":{\"@id\":\"https:\\\/\\\/www.gold.fr\\\/news\\\/2015\\\/06\\\/12\\\/legere-reprise-de-lonce-soutenue-par-le-dossier-grec\\\/#primaryimage\"},\"thumbnailUrl\":\"https:\\\/\\\/www.gold.fr\\\/news\\\/wp-content\\\/uploads\\\/2012\\\/05\\\/cours-de-l-or2.jpg\",\"datePublished\":\"2015-06-12T07:00:20+00:00\",\"dateModified\":\"2020-07-09T14:12:59+00:00\",\"author\":{\"@id\":\"https:\\\/\\\/www.gold.fr\\\/news\\\/#\\\/schema\\\/person\\\/070491b4b4fb7671bf59b3be20302ce9\"},\"description\":\"Dans une conjoncture \u00e9conomique mondiale peu favorable l\u2019once de l'or r\u00e9ussit en cette fin de semaine \u00e0 effectuer une remont\u00e9e relative.\",\"breadcrumb\":{\"@id\":\"https:\\\/\\\/www.gold.fr\\\/news\\\/2015\\\/06\\\/12\\\/legere-reprise-de-lonce-soutenue-par-le-dossier-grec\\\/#breadcrumb\"},\"inLanguage\":\"fr-FR\",\"potentialAction\":[{\"@type\":\"ReadAction\",\"target\":[\"https:\\\/\\\/www.gold.fr\\\/news\\\/2015\\\/06\\\/12\\\/legere-reprise-de-lonce-soutenue-par-le-dossier-grec\\\/\"]}]},{\"@type\":\"ImageObject\",\"inLanguage\":\"fr-FR\",\"@id\":\"https:\\\/\\\/www.gold.fr\\\/news\\\/2015\\\/06\\\/12\\\/legere-reprise-de-lonce-soutenue-par-le-dossier-grec\\\/#primaryimage\",\"url\":\"https:\\\/\\\/www.gold.fr\\\/news\\\/wp-content\\\/uploads\\\/2012\\\/05\\\/cours-de-l-or2.jpg\",\"contentUrl\":\"https:\\\/\\\/www.gold.fr\\\/news\\\/wp-content\\\/uploads\\\/2012\\\/05\\\/cours-de-l-or2.jpg\",\"width\":\"603\",\"height\":\"400\",\"caption\":\"Le retour des espoirs autour du dossier grec\"},{\"@type\":\"BreadcrumbList\",\"@id\":\"https:\\\/\\\/www.gold.fr\\\/news\\\/2015\\\/06\\\/12\\\/legere-reprise-de-lonce-soutenue-par-le-dossier-grec\\\/#breadcrumb\",\"itemListElement\":[{\"@type\":\"ListItem\",\"position\":1,\"name\":\"Accueil\",\"item\":\"https:\\\/\\\/www.gold.fr\\\/\"},{\"@type\":\"ListItem\",\"position\":2,\"name\":\"Actualit\u00e9s\",\"item\":\"https:\\\/\\\/www.gold.fr\\\/news\\\/\"},{\"@type\":\"ListItem\",\"position\":3,\"name\":\"L\u00e9g\u00e8re reprise de l\u2019once, soutenue par le dossier grec\"}]},{\"@type\":\"WebSite\",\"@id\":\"https:\\\/\\\/www.gold.fr\\\/news\\\/#website\",\"url\":\"https:\\\/\\\/www.gold.fr\\\/news\\\/\",\"name\":\"Gold.fr\",\"description\":\"Actualit\u00e9s de l&#039;Or et des m\u00e9taux pr\u00e9cieux\",\"potentialAction\":[{\"@type\":\"SearchAction\",\"target\":{\"@type\":\"EntryPoint\",\"urlTemplate\":\"https:\\\/\\\/www.gold.fr\\\/news\\\/?s={search_term_string}\"},\"query-input\":{\"@type\":\"PropertyValueSpecification\",\"valueRequired\":true,\"valueName\":\"search_term_string\"}}],\"inLanguage\":\"fr-FR\"},{\"@type\":\"Person\",\"@id\":\"https:\\\/\\\/www.gold.fr\\\/news\\\/#\\\/schema\\\/person\\\/070491b4b4fb7671bf59b3be20302ce9\",\"name\":\"Comptoir National de l'Or\",\"image\":{\"@type\":\"ImageObject\",\"inLanguage\":\"fr-FR\",\"@id\":\"https:\\\/\\\/secure.gravatar.com\\\/avatar\\\/0a2867fd5abe37bed95d5a65e9d58f01756e11efc68af9888dfc50cfa7f65948?s=96&d=mm&r=gb490554db0a38188709de567aa58480d\",\"url\":\"https:\\\/\\\/secure.gravatar.com\\\/avatar\\\/0a2867fd5abe37bed95d5a65e9d58f01756e11efc68af9888dfc50cfa7f65948?s=96&d=mm&r=g\",\"contentUrl\":\"https:\\\/\\\/secure.gravatar.com\\\/avatar\\\/0a2867fd5abe37bed95d5a65e9d58f01756e11efc68af9888dfc50cfa7f65948?s=96&d=mm&r=g\",\"caption\":\"Comptoir National de l'Or\"},\"description\":\"Notre r\u00e9daction est constitu\u00e9e de membres experts dans les m\u00e9tiers de l'\u00e9conomie et la gestion, des Responsables d'agence Comptoir National de l'Or, des analystes financiers qui publient r\u00e9guli\u00e8rement des \u00e9tudes sur les politiques des banques centrales, le cours de l'or, prix de l'or, cours de l'argent, prix de l'argent, cours du platine, cours du palladium,... la situation en zone euro et l'impact de la strat\u00e9gie mon\u00e9taire de la FED. Notre \u00e9quipe scrute \u00e9galement une information plus g\u00e9n\u00e9raliste \u00e0 la recherche d'actualit\u00e9 \\\"p\u00e9pite\\\" \u00e0 vous partager. Depuis 5 ans, nous avons publi\u00e9 un peu plus de 4000 articles qui s'adressent \u00e0 un public large et vari\u00e9 ayant pour objectif de satisfaire votre curiosit\u00e9 et de partager avec vous une certaine fascination pour le m\u00e9tal jaune, le rachat d'or, et pour ceux qui veulent investir dans l'or, vendre leur or tout simplement en savoir plus... Pour tous vos achat or et argent, n'h\u00e9sitez pas \u00e0 prendre rendez-vous dans l'un de nos nombreux comptoirs.\",\"sameAs\":[\"https:\\\/\\\/www.gold.fr\"]}]}<\/script>\n<!-- \/ Yoast SEO plugin. -->","yoast_head_json":{"title":"L\u00e9g\u00e8re reprise de l\u2019once, soutenue par le dossier grec - Gold.fr","description":"Dans une conjoncture \u00e9conomique mondiale peu favorable l\u2019once de l'or r\u00e9ussit en cette fin de semaine \u00e0 effectuer une remont\u00e9e relative.","robots":{"index":"index","follow":"follow","max-snippet":"max-snippet:-1","max-image-preview":"max-image-preview:large","max-video-preview":"max-video-preview:-1"},"canonical":"https:\/\/www.gold.fr\/news\/2015\/06\/12\/legere-reprise-de-lonce-soutenue-par-le-dossier-grec\/","og_locale":"fr_FR","og_type":"article","og_title":"L\u00e9g\u00e8re reprise de l\u2019once, soutenue par le dossier grec - Gold.fr","og_description":"Dans une conjoncture \u00e9conomique mondiale peu favorable l\u2019once de l'or r\u00e9ussit en cette fin de semaine \u00e0 effectuer une remont\u00e9e relative.","og_url":"https:\/\/www.gold.fr\/news\/2015\/06\/12\/legere-reprise-de-lonce-soutenue-par-le-dossier-grec\/","og_site_name":"Gold.fr","article_publisher":"https:\/\/www.facebook.com\/Goldfr\/","article_published_time":"2015-06-12T07:00:20+00:00","article_modified_time":"2020-07-09T14:12:59+00:00","og_image":[{"width":603,"height":400,"url":"https:\/\/www.gold.fr\/news\/wp-content\/uploads\/2012\/05\/cours-de-l-or2.jpg","type":"image\/jpeg"}],"author":"Comptoir National de l'Or","twitter_card":"summary_large_image","twitter_misc":{"\u00c9crit par":"Comptoir National de l'Or","Dur\u00e9e de lecture estim\u00e9e":"1 minute"},"schema":{"@context":"https:\/\/schema.org","@graph":[{"@type":"Article","@id":"https:\/\/www.gold.fr\/news\/2015\/06\/12\/legere-reprise-de-lonce-soutenue-par-le-dossier-grec\/#article","isPartOf":{"@id":"https:\/\/www.gold.fr\/news\/2015\/06\/12\/legere-reprise-de-lonce-soutenue-par-le-dossier-grec\/"},"author":{"name":"Comptoir National de l'Or","@id":"https:\/\/www.gold.fr\/news\/#\/schema\/person\/070491b4b4fb7671bf59b3be20302ce9"},"headline":"L\u00e9g\u00e8re reprise de l\u2019once, soutenue par le dossier grec","datePublished":"2015-06-12T07:00:20+00:00","dateModified":"2020-07-09T14:12:59+00:00","mainEntityOfPage":{"@id":"https:\/\/www.gold.fr\/news\/2015\/06\/12\/legere-reprise-de-lonce-soutenue-par-le-dossier-grec\/"},"wordCount":275,"image":{"@id":"https:\/\/www.gold.fr\/news\/2015\/06\/12\/legere-reprise-de-lonce-soutenue-par-le-dossier-grec\/#primaryimage"},"thumbnailUrl":"https:\/\/www.gold.fr\/news\/wp-content\/uploads\/2012\/05\/cours-de-l-or2.jpg","keywords":["dossier grec","Eurozone","fmi","once"],"articleSection":["Articles de presse"],"inLanguage":"fr-FR"},{"@type":"WebPage","@id":"https:\/\/www.gold.fr\/news\/2015\/06\/12\/legere-reprise-de-lonce-soutenue-par-le-dossier-grec\/","url":"https:\/\/www.gold.fr\/news\/2015\/06\/12\/legere-reprise-de-lonce-soutenue-par-le-dossier-grec\/","name":"L\u00e9g\u00e8re reprise de l\u2019once, soutenue par le dossier grec - Gold.fr","isPartOf":{"@id":"https:\/\/www.gold.fr\/news\/#website"},"primaryImageOfPage":{"@id":"https:\/\/www.gold.fr\/news\/2015\/06\/12\/legere-reprise-de-lonce-soutenue-par-le-dossier-grec\/#primaryimage"},"image":{"@id":"https:\/\/www.gold.fr\/news\/2015\/06\/12\/legere-reprise-de-lonce-soutenue-par-le-dossier-grec\/#primaryimage"},"thumbnailUrl":"https:\/\/www.gold.fr\/news\/wp-content\/uploads\/2012\/05\/cours-de-l-or2.jpg","datePublished":"2015-06-12T07:00:20+00:00","dateModified":"2020-07-09T14:12:59+00:00","author":{"@id":"https:\/\/www.gold.fr\/news\/#\/schema\/person\/070491b4b4fb7671bf59b3be20302ce9"},"description":"Dans une conjoncture \u00e9conomique mondiale peu favorable l\u2019once de l'or r\u00e9ussit en cette fin de semaine \u00e0 effectuer une remont\u00e9e relative.","breadcrumb":{"@id":"https:\/\/www.gold.fr\/news\/2015\/06\/12\/legere-reprise-de-lonce-soutenue-par-le-dossier-grec\/#breadcrumb"},"inLanguage":"fr-FR","potentialAction":[{"@type":"ReadAction","target":["https:\/\/www.gold.fr\/news\/2015\/06\/12\/legere-reprise-de-lonce-soutenue-par-le-dossier-grec\/"]}]},{"@type":"ImageObject","inLanguage":"fr-FR","@id":"https:\/\/www.gold.fr\/news\/2015\/06\/12\/legere-reprise-de-lonce-soutenue-par-le-dossier-grec\/#primaryimage","url":"https:\/\/www.gold.fr\/news\/wp-content\/uploads\/2012\/05\/cours-de-l-or2.jpg","contentUrl":"https:\/\/www.gold.fr\/news\/wp-content\/uploads\/2012\/05\/cours-de-l-or2.jpg","width":"603","height":"400","caption":"Le retour des espoirs autour du dossier grec"},{"@type":"BreadcrumbList","@id":"https:\/\/www.gold.fr\/news\/2015\/06\/12\/legere-reprise-de-lonce-soutenue-par-le-dossier-grec\/#breadcrumb","itemListElement":[{"@type":"ListItem","position":1,"name":"Accueil","item":"https:\/\/www.gold.fr\/"},{"@type":"ListItem","position":2,"name":"Actualit\u00e9s","item":"https:\/\/www.gold.fr\/news\/"},{"@type":"ListItem","position":3,"name":"L\u00e9g\u00e8re reprise de l\u2019once, soutenue par le dossier grec"}]},{"@type":"WebSite","@id":"https:\/\/www.gold.fr\/news\/#website","url":"https:\/\/www.gold.fr\/news\/","name":"Gold.fr","description":"Actualit\u00e9s de l&#039;Or et des m\u00e9taux pr\u00e9cieux","potentialAction":[{"@type":"SearchAction","target":{"@type":"EntryPoint","urlTemplate":"https:\/\/www.gold.fr\/news\/?s={search_term_string}"},"query-input":{"@type":"PropertyValueSpecification","valueRequired":true,"valueName":"search_term_string"}}],"inLanguage":"fr-FR"},{"@type":"Person","@id":"https:\/\/www.gold.fr\/news\/#\/schema\/person\/070491b4b4fb7671bf59b3be20302ce9","name":"Comptoir National de l'Or","image":{"@type":"ImageObject","inLanguage":"fr-FR","@id":"https:\/\/secure.gravatar.com\/avatar\/0a2867fd5abe37bed95d5a65e9d58f01756e11efc68af9888dfc50cfa7f65948?s=96&d=mm&r=gb490554db0a38188709de567aa58480d","url":"https:\/\/secure.gravatar.com\/avatar\/0a2867fd5abe37bed95d5a65e9d58f01756e11efc68af9888dfc50cfa7f65948?s=96&d=mm&r=g","contentUrl":"https:\/\/secure.gravatar.com\/avatar\/0a2867fd5abe37bed95d5a65e9d58f01756e11efc68af9888dfc50cfa7f65948?s=96&d=mm&r=g","caption":"Comptoir National de l'Or"},"description":"Notre r\u00e9daction est constitu\u00e9e de membres experts dans les m\u00e9tiers de l'\u00e9conomie et la gestion, des Responsables d'agence Comptoir National de l'Or, des analystes financiers qui publient r\u00e9guli\u00e8rement des \u00e9tudes sur les politiques des banques centrales, le cours de l'or, prix de l'or, cours de l'argent, prix de l'argent, cours du platine, cours du palladium,... la situation en zone euro et l'impact de la strat\u00e9gie mon\u00e9taire de la FED. Notre \u00e9quipe scrute \u00e9galement une information plus g\u00e9n\u00e9raliste \u00e0 la recherche d'actualit\u00e9 \"p\u00e9pite\" \u00e0 vous partager. Depuis 5 ans, nous avons publi\u00e9 un peu plus de 4000 articles qui s'adressent \u00e0 un public large et vari\u00e9 ayant pour objectif de satisfaire votre curiosit\u00e9 et de partager avec vous une certaine fascination pour le m\u00e9tal jaune, le rachat d'or, et pour ceux qui veulent investir dans l'or, vendre leur or tout simplement en savoir plus... Pour tous vos achat or et argent, n'h\u00e9sitez pas \u00e0 prendre rendez-vous dans l'un de nos nombreux comptoirs.","sameAs":["https:\/\/www.gold.fr"]}]}},"authors":[{"term_id":2565,"user_id":18,"is_guest":0,"slug":"julie","display_name":"Comptoir National de l'Or","avatar_url":"https:\/\/secure.gravatar.com\/avatar\/713f289e398d35ead876c4a4cc08607f0d6d266058cfc25683fffb6092d0e572?s=96&d=mm&r=g","0":null,"1":"","2":"","3":"","4":"","5":"","6":"","7":"","8":""}],"_links":{"self":[{"href":"https:\/\/www.gold.fr\/news\/wp-json\/wp\/v2\/posts\/17295","targetHints":{"allow":["GET"]}}],"collection":[{"href":"https:\/\/www.gold.fr\/news\/wp-json\/wp\/v2\/posts"}],"about":[{"href":"https:\/\/www.gold.fr\/news\/wp-json\/wp\/v2\/types\/post"}],"author":[{"embeddable":true,"href":"https:\/\/www.gold.fr\/news\/wp-json\/wp\/v2\/users\/18"}],"replies":[{"embeddable":true,"href":"https:\/\/www.gold.fr\/news\/wp-json\/wp\/v2\/comments?post=17295"}],"version-history":[{"count":0,"href":"https:\/\/www.gold.fr\/news\/wp-json\/wp\/v2\/posts\/17295\/revisions"}],"wp:featuredmedia":[{"embeddable":true,"href":"https:\/\/www.gold.fr\/news\/wp-json\/wp\/v2\/media\/7563"}],"wp:attachment":[{"href":"https:\/\/www.gold.fr\/news\/wp-json\/wp\/v2\/media?parent=17295"}],"wp:term":[{"taxonomy":"category","embeddable":true,"href":"https:\/\/www.gold.fr\/news\/wp-json\/wp\/v2\/categories?post=17295"},{"taxonomy":"post_tag","embeddable":true,"href":"https:\/\/www.gold.fr\/news\/wp-json\/wp\/v2\/tags?post=17295"},{"taxonomy":"author","embeddable":true,"href":"https:\/\/www.gold.fr\/news\/wp-json\/wp\/v2\/ppma_author?post=17295"}],"curies":[{"name":"wp","href":"https:\/\/api.w.org\/{rel}","templated":true}]}}