{"id":17279,"date":"2015-06-09T17:00:59","date_gmt":"2015-06-09T15:00:59","guid":{"rendered":"https:\/\/www.gold.fr\/news\/?p=17279"},"modified":"2017-11-29T18:02:15","modified_gmt":"2017-11-29T17:02:15","slug":"dossier-grec-un-grexit-en-vue","status":"publish","type":"post","link":"https:\/\/www.gold.fr\/news\/2015\/06\/09\/dossier-grec-un-grexit-en-vue\/","title":{"rendered":"Dossier grec : Un Grexit en vue ?"},"content":{"rendered":"<p><img loading=\"lazy\" decoding=\"async\" class=\"alignleft size-thumbnail wp-image-4547\" title=\"Dossier grec : Un Grexit en vue ?\" src=\"https:\/\/www.gold.fr\/news\/wp-content\/uploads\/2011\/12\/87319963-150x150.jpg\" alt=\"\" width=\"150\" height=\"150\" \/><span style=\"font-size: small;\">Et c&rsquo;est une morosit\u00e9 qui traverse l&rsquo;Atlantique pour aller plomber la rive am\u00e9ricaine puisque les march\u00e9s d&rsquo;<a href='https:\/\/www.gold.fr\/news\/tags\/investissement' class='esk-seo-plu-link'>investissement<\/a> am\u00e9ricains ont atteint, \u00e0 la fin de la s\u00e9ance de lundi, leur plus bas du jour.<\/span>    <span style=\"font-size: small;\">Mais c&rsquo;est surtout en Europe que la situation inqui\u00e8te. Rappelons en effet que les n\u00e9gociations avec <strong>Ath\u00e8nes<\/strong> rencontrent \u00e0 nouveau une impasse, r\u00e9it\u00e9rant pour la \u00e9ni\u00e8me fois un sc\u00e9nario devenu familier, durant le dernier semestre. Du coup, m\u00eame le chef d&rsquo;\u00e9tat am\u00e9ricain finit par exprimer son impatience. Le pr\u00e9sident Obama a en effet invit\u00e9, lors de la r\u00e9union du <strong>G7<\/strong>, les principaux acteurs de ces n\u00e9gociations \u00e0 \u00ab <em>rapprocher leurs points de vue<\/em> \u00bb. Notons que les repr\u00e9sentants du Fonds Mon\u00e9taire International \u00e9taient \u00e9galement pr\u00e9sents \u00e0 cette r\u00e9union. Les observateurs rapportent toutefois que le ton \u00e9tait mont\u00e9, \u00e0 la fin de la semaine derni\u00e8re, \u00ab<em> entre JC Juncker et Alexis Tsipras qui b\u00e9n\u00e9ficie d&rsquo;un soutien populaire de plus en plus large dans son pays, le premier refusant de r\u00e9pondre aux appels du second<\/em> \u00bb.<\/span>    <span style=\"font-size: small;\">Par ailleurs, l&rsquo;\u00e9ventualit\u00e9 d&rsquo;un Grexit (consid\u00e9r\u00e9 comme un \u2018<em>sc\u00e9nario catastrophe<\/em>&lsquo;, il y a \u00e0 peine deux mois) revient d\u00e9sormais de plus en plus sur le devant de la sc\u00e8ne, son \u00e9vocation \u00e9tant aujourd&rsquo;hui associ\u00e9e \u00e0 la meilleure solution, dans les circonstances actuelles. Certains experts soulignent m\u00eame que cette option est hautement privil\u00e9gi\u00e9e \u00e0 Bruxelles et au sein de la <strong>BCE<\/strong> \u00ab qui continue de marteler \u00ab\u00a0<em>qu&rsquo;une sortie de la Gr\u00e8ce n&rsquo;est pas d&rsquo;actualit\u00e9<\/em>\u00ab\u00a0&#8230; mais qui ne d\u00e9ment plus y r\u00e9fl\u00e9chir, contrairement \u00e0 sa ligne officielle d&rsquo;avant l&rsquo;\u00e9lection de Syriza \u00bb.<\/span><\/p>\n<!-- AddThis Advanced Settings generic via filter on the_content --><!-- AddThis Share Buttons generic via filter on the_content -->","protected":false},"excerpt":{"rendered":"<p>Et c&rsquo;est une morosit\u00e9 qui traverse l&rsquo;Atlantique pour aller plomber la rive am\u00e9ricaine puisque les march\u00e9s d&rsquo;investissement am\u00e9ricains ont atteint, \u00e0 la fin de la s\u00e9ance de lundi, leur plus bas du jour. Mais c&rsquo;est surtout [&hellip;]<\/p>\n","protected":false},"author":18,"featured_media":4547,"comment_status":"open","ping_status":"open","sticky":false,"template":"","format":"standard","meta":{"_mbp_gutenberg_autopost":false,"_pgmb_is_evergreen":false,"_pgmb_ap_template_id":0,"footnotes":""},"categories":[6],"tags":[2010,242,2016,1649],"ppma_author":[2565],"class_list":["post-17279","post","type-post","status-publish","format-standard","has-post-thumbnail","hentry","category-articles-de-presse","tag-dossier-grec","tag-europe","tag-grexit","tag-marches"],"yoast_head":"<!-- This site is optimized with the Yoast SEO plugin v27.5 - https:\/\/yoast.com\/product\/yoast-seo-wordpress\/ -->\n<title>Dossier grec : Un Grexit en vue ? - Gold.fr<\/title>\n<meta name=\"robots\" content=\"index, follow, max-snippet:-1, max-image-preview:large, max-video-preview:-1\" \/>\n<link rel=\"canonical\" href=\"https:\/\/www.gold.fr\/news\/2015\/06\/09\/dossier-grec-un-grexit-en-vue\/\" \/>\n<meta property=\"og:locale\" content=\"fr_FR\" \/>\n<meta property=\"og:type\" content=\"article\" \/>\n<meta property=\"og:title\" content=\"Dossier grec : Un Grexit en vue ? - Gold.fr\" \/>\n<meta property=\"og:description\" content=\"Et c&rsquo;est une morosit\u00e9 qui traverse l&rsquo;Atlantique pour aller plomber la rive am\u00e9ricaine puisque les march\u00e9s d&rsquo;investissement am\u00e9ricains ont atteint, \u00e0 la fin de la s\u00e9ance de lundi, leur plus bas du jour. Mais c&rsquo;est surtout [&hellip;]\" \/>\n<meta property=\"og:url\" content=\"https:\/\/www.gold.fr\/news\/2015\/06\/09\/dossier-grec-un-grexit-en-vue\/\" \/>\n<meta property=\"og:site_name\" content=\"Gold.fr\" \/>\n<meta property=\"article:publisher\" content=\"https:\/\/www.facebook.com\/Goldfr\/\" \/>\n<meta property=\"article:published_time\" content=\"2015-06-09T15:00:59+00:00\" \/>\n<meta property=\"article:modified_time\" content=\"2017-11-29T17:02:15+00:00\" \/>\n<meta property=\"og:image\" content=\"https:\/\/www.gold.fr\/news\/wp-content\/uploads\/2011\/12\/87319963.jpg\" \/>\n\t<meta property=\"og:image:width\" content=\"600\" \/>\n\t<meta property=\"og:image:height\" content=\"400\" \/>\n\t<meta property=\"og:image:type\" content=\"image\/jpeg\" \/>\n<meta name=\"author\" content=\"Comptoir National de l&#039;Or\" \/>\n<meta name=\"twitter:card\" content=\"summary_large_image\" \/>\n<meta name=\"twitter:label1\" content=\"\u00c9crit par\" \/>\n\t<meta name=\"twitter:data1\" content=\"Comptoir National de l&#039;Or\" \/>\n\t<meta name=\"twitter:label2\" content=\"Dur\u00e9e de lecture estim\u00e9e\" \/>\n\t<meta name=\"twitter:data2\" content=\"1 minute\" \/>\n<script type=\"application\/ld+json\" class=\"yoast-schema-graph\">{\"@context\":\"https:\\\/\\\/schema.org\",\"@graph\":[{\"@type\":\"Article\",\"@id\":\"https:\\\/\\\/www.gold.fr\\\/news\\\/2015\\\/06\\\/09\\\/dossier-grec-un-grexit-en-vue\\\/#article\",\"isPartOf\":{\"@id\":\"https:\\\/\\\/www.gold.fr\\\/news\\\/2015\\\/06\\\/09\\\/dossier-grec-un-grexit-en-vue\\\/\"},\"author\":{\"name\":\"Comptoir National de l'Or\",\"@id\":\"https:\\\/\\\/www.gold.fr\\\/news\\\/#\\\/schema\\\/person\\\/070491b4b4fb7671bf59b3be20302ce9\"},\"headline\":\"Dossier grec : Un Grexit en vue ?\",\"datePublished\":\"2015-06-09T15:00:59+00:00\",\"dateModified\":\"2017-11-29T17:02:15+00:00\",\"mainEntityOfPage\":{\"@id\":\"https:\\\/\\\/www.gold.fr\\\/news\\\/2015\\\/06\\\/09\\\/dossier-grec-un-grexit-en-vue\\\/\"},\"wordCount\":298,\"commentCount\":0,\"image\":{\"@id\":\"https:\\\/\\\/www.gold.fr\\\/news\\\/2015\\\/06\\\/09\\\/dossier-grec-un-grexit-en-vue\\\/#primaryimage\"},\"thumbnailUrl\":\"https:\\\/\\\/www.gold.fr\\\/news\\\/wp-content\\\/uploads\\\/2011\\\/12\\\/87319963.jpg\",\"keywords\":[\"dossier grec\",\"europe\",\"Grexit\",\"march\u00e9s\"],\"articleSection\":[\"Articles de presse\"],\"inLanguage\":\"fr-FR\"},{\"@type\":\"WebPage\",\"@id\":\"https:\\\/\\\/www.gold.fr\\\/news\\\/2015\\\/06\\\/09\\\/dossier-grec-un-grexit-en-vue\\\/\",\"url\":\"https:\\\/\\\/www.gold.fr\\\/news\\\/2015\\\/06\\\/09\\\/dossier-grec-un-grexit-en-vue\\\/\",\"name\":\"Dossier grec : Un Grexit en vue ? - Gold.fr\",\"isPartOf\":{\"@id\":\"https:\\\/\\\/www.gold.fr\\\/news\\\/#website\"},\"primaryImageOfPage\":{\"@id\":\"https:\\\/\\\/www.gold.fr\\\/news\\\/2015\\\/06\\\/09\\\/dossier-grec-un-grexit-en-vue\\\/#primaryimage\"},\"image\":{\"@id\":\"https:\\\/\\\/www.gold.fr\\\/news\\\/2015\\\/06\\\/09\\\/dossier-grec-un-grexit-en-vue\\\/#primaryimage\"},\"thumbnailUrl\":\"https:\\\/\\\/www.gold.fr\\\/news\\\/wp-content\\\/uploads\\\/2011\\\/12\\\/87319963.jpg\",\"datePublished\":\"2015-06-09T15:00:59+00:00\",\"dateModified\":\"2017-11-29T17:02:15+00:00\",\"author\":{\"@id\":\"https:\\\/\\\/www.gold.fr\\\/news\\\/#\\\/schema\\\/person\\\/070491b4b4fb7671bf59b3be20302ce9\"},\"breadcrumb\":{\"@id\":\"https:\\\/\\\/www.gold.fr\\\/news\\\/2015\\\/06\\\/09\\\/dossier-grec-un-grexit-en-vue\\\/#breadcrumb\"},\"inLanguage\":\"fr-FR\",\"potentialAction\":[{\"@type\":\"ReadAction\",\"target\":[\"https:\\\/\\\/www.gold.fr\\\/news\\\/2015\\\/06\\\/09\\\/dossier-grec-un-grexit-en-vue\\\/\"]}]},{\"@type\":\"ImageObject\",\"inLanguage\":\"fr-FR\",\"@id\":\"https:\\\/\\\/www.gold.fr\\\/news\\\/2015\\\/06\\\/09\\\/dossier-grec-un-grexit-en-vue\\\/#primaryimage\",\"url\":\"https:\\\/\\\/www.gold.fr\\\/news\\\/wp-content\\\/uploads\\\/2011\\\/12\\\/87319963.jpg\",\"contentUrl\":\"https:\\\/\\\/www.gold.fr\\\/news\\\/wp-content\\\/uploads\\\/2011\\\/12\\\/87319963.jpg\",\"width\":\"600\",\"height\":\"400\",\"caption\":\"Dossier grec : La fin d\u2019une crise ?\"},{\"@type\":\"BreadcrumbList\",\"@id\":\"https:\\\/\\\/www.gold.fr\\\/news\\\/2015\\\/06\\\/09\\\/dossier-grec-un-grexit-en-vue\\\/#breadcrumb\",\"itemListElement\":[{\"@type\":\"ListItem\",\"position\":1,\"name\":\"Accueil\",\"item\":\"https:\\\/\\\/www.gold.fr\\\/\"},{\"@type\":\"ListItem\",\"position\":2,\"name\":\"Actualit\u00e9s\",\"item\":\"https:\\\/\\\/www.gold.fr\\\/news\\\/\"},{\"@type\":\"ListItem\",\"position\":3,\"name\":\"Dossier grec : Un Grexit en vue ?\"}]},{\"@type\":\"WebSite\",\"@id\":\"https:\\\/\\\/www.gold.fr\\\/news\\\/#website\",\"url\":\"https:\\\/\\\/www.gold.fr\\\/news\\\/\",\"name\":\"Gold.fr\",\"description\":\"Actualit\u00e9s de l&#039;Or et des m\u00e9taux pr\u00e9cieux\",\"potentialAction\":[{\"@type\":\"SearchAction\",\"target\":{\"@type\":\"EntryPoint\",\"urlTemplate\":\"https:\\\/\\\/www.gold.fr\\\/news\\\/?s={search_term_string}\"},\"query-input\":{\"@type\":\"PropertyValueSpecification\",\"valueRequired\":true,\"valueName\":\"search_term_string\"}}],\"inLanguage\":\"fr-FR\"},{\"@type\":\"Person\",\"@id\":\"https:\\\/\\\/www.gold.fr\\\/news\\\/#\\\/schema\\\/person\\\/070491b4b4fb7671bf59b3be20302ce9\",\"name\":\"Comptoir National de l'Or\",\"image\":{\"@type\":\"ImageObject\",\"inLanguage\":\"fr-FR\",\"@id\":\"https:\\\/\\\/secure.gravatar.com\\\/avatar\\\/0a2867fd5abe37bed95d5a65e9d58f01756e11efc68af9888dfc50cfa7f65948?s=96&d=mm&r=gb490554db0a38188709de567aa58480d\",\"url\":\"https:\\\/\\\/secure.gravatar.com\\\/avatar\\\/0a2867fd5abe37bed95d5a65e9d58f01756e11efc68af9888dfc50cfa7f65948?s=96&d=mm&r=g\",\"contentUrl\":\"https:\\\/\\\/secure.gravatar.com\\\/avatar\\\/0a2867fd5abe37bed95d5a65e9d58f01756e11efc68af9888dfc50cfa7f65948?s=96&d=mm&r=g\",\"caption\":\"Comptoir National de l'Or\"},\"description\":\"Notre r\u00e9daction est constitu\u00e9e de membres experts dans les m\u00e9tiers de l'\u00e9conomie et la gestion, des Responsables d'agence Comptoir National de l'Or, des analystes financiers qui publient r\u00e9guli\u00e8rement des \u00e9tudes sur les politiques des banques centrales, le cours de l'or, prix de l'or, cours de l'argent, prix de l'argent, cours du platine, cours du palladium,... la situation en zone euro et l'impact de la strat\u00e9gie mon\u00e9taire de la FED. Notre \u00e9quipe scrute \u00e9galement une information plus g\u00e9n\u00e9raliste \u00e0 la recherche d'actualit\u00e9 \\\"p\u00e9pite\\\" \u00e0 vous partager. Depuis 5 ans, nous avons publi\u00e9 un peu plus de 4000 articles qui s'adressent \u00e0 un public large et vari\u00e9 ayant pour objectif de satisfaire votre curiosit\u00e9 et de partager avec vous une certaine fascination pour le m\u00e9tal jaune, le rachat d'or, et pour ceux qui veulent investir dans l'or, vendre leur or tout simplement en savoir plus... Pour tous vos achat or et argent, n'h\u00e9sitez pas \u00e0 prendre rendez-vous dans l'un de nos nombreux comptoirs.\",\"sameAs\":[\"https:\\\/\\\/www.gold.fr\"]}]}<\/script>\n<!-- \/ Yoast SEO plugin. -->","yoast_head_json":{"title":"Dossier grec : Un Grexit en vue ? - Gold.fr","robots":{"index":"index","follow":"follow","max-snippet":"max-snippet:-1","max-image-preview":"max-image-preview:large","max-video-preview":"max-video-preview:-1"},"canonical":"https:\/\/www.gold.fr\/news\/2015\/06\/09\/dossier-grec-un-grexit-en-vue\/","og_locale":"fr_FR","og_type":"article","og_title":"Dossier grec : Un Grexit en vue ? - Gold.fr","og_description":"Et c&rsquo;est une morosit\u00e9 qui traverse l&rsquo;Atlantique pour aller plomber la rive am\u00e9ricaine puisque les march\u00e9s d&rsquo;investissement am\u00e9ricains ont atteint, \u00e0 la fin de la s\u00e9ance de lundi, leur plus bas du jour. Mais c&rsquo;est surtout [&hellip;]","og_url":"https:\/\/www.gold.fr\/news\/2015\/06\/09\/dossier-grec-un-grexit-en-vue\/","og_site_name":"Gold.fr","article_publisher":"https:\/\/www.facebook.com\/Goldfr\/","article_published_time":"2015-06-09T15:00:59+00:00","article_modified_time":"2017-11-29T17:02:15+00:00","og_image":[{"width":600,"height":400,"url":"https:\/\/www.gold.fr\/news\/wp-content\/uploads\/2011\/12\/87319963.jpg","type":"image\/jpeg"}],"author":"Comptoir National de l'Or","twitter_card":"summary_large_image","twitter_misc":{"\u00c9crit par":"Comptoir National de l'Or","Dur\u00e9e de lecture estim\u00e9e":"1 minute"},"schema":{"@context":"https:\/\/schema.org","@graph":[{"@type":"Article","@id":"https:\/\/www.gold.fr\/news\/2015\/06\/09\/dossier-grec-un-grexit-en-vue\/#article","isPartOf":{"@id":"https:\/\/www.gold.fr\/news\/2015\/06\/09\/dossier-grec-un-grexit-en-vue\/"},"author":{"name":"Comptoir National de l'Or","@id":"https:\/\/www.gold.fr\/news\/#\/schema\/person\/070491b4b4fb7671bf59b3be20302ce9"},"headline":"Dossier grec : Un Grexit en vue ?","datePublished":"2015-06-09T15:00:59+00:00","dateModified":"2017-11-29T17:02:15+00:00","mainEntityOfPage":{"@id":"https:\/\/www.gold.fr\/news\/2015\/06\/09\/dossier-grec-un-grexit-en-vue\/"},"wordCount":298,"commentCount":0,"image":{"@id":"https:\/\/www.gold.fr\/news\/2015\/06\/09\/dossier-grec-un-grexit-en-vue\/#primaryimage"},"thumbnailUrl":"https:\/\/www.gold.fr\/news\/wp-content\/uploads\/2011\/12\/87319963.jpg","keywords":["dossier grec","europe","Grexit","march\u00e9s"],"articleSection":["Articles de presse"],"inLanguage":"fr-FR"},{"@type":"WebPage","@id":"https:\/\/www.gold.fr\/news\/2015\/06\/09\/dossier-grec-un-grexit-en-vue\/","url":"https:\/\/www.gold.fr\/news\/2015\/06\/09\/dossier-grec-un-grexit-en-vue\/","name":"Dossier grec : Un Grexit en vue ? - Gold.fr","isPartOf":{"@id":"https:\/\/www.gold.fr\/news\/#website"},"primaryImageOfPage":{"@id":"https:\/\/www.gold.fr\/news\/2015\/06\/09\/dossier-grec-un-grexit-en-vue\/#primaryimage"},"image":{"@id":"https:\/\/www.gold.fr\/news\/2015\/06\/09\/dossier-grec-un-grexit-en-vue\/#primaryimage"},"thumbnailUrl":"https:\/\/www.gold.fr\/news\/wp-content\/uploads\/2011\/12\/87319963.jpg","datePublished":"2015-06-09T15:00:59+00:00","dateModified":"2017-11-29T17:02:15+00:00","author":{"@id":"https:\/\/www.gold.fr\/news\/#\/schema\/person\/070491b4b4fb7671bf59b3be20302ce9"},"breadcrumb":{"@id":"https:\/\/www.gold.fr\/news\/2015\/06\/09\/dossier-grec-un-grexit-en-vue\/#breadcrumb"},"inLanguage":"fr-FR","potentialAction":[{"@type":"ReadAction","target":["https:\/\/www.gold.fr\/news\/2015\/06\/09\/dossier-grec-un-grexit-en-vue\/"]}]},{"@type":"ImageObject","inLanguage":"fr-FR","@id":"https:\/\/www.gold.fr\/news\/2015\/06\/09\/dossier-grec-un-grexit-en-vue\/#primaryimage","url":"https:\/\/www.gold.fr\/news\/wp-content\/uploads\/2011\/12\/87319963.jpg","contentUrl":"https:\/\/www.gold.fr\/news\/wp-content\/uploads\/2011\/12\/87319963.jpg","width":"600","height":"400","caption":"Dossier grec : La fin d\u2019une crise ?"},{"@type":"BreadcrumbList","@id":"https:\/\/www.gold.fr\/news\/2015\/06\/09\/dossier-grec-un-grexit-en-vue\/#breadcrumb","itemListElement":[{"@type":"ListItem","position":1,"name":"Accueil","item":"https:\/\/www.gold.fr\/"},{"@type":"ListItem","position":2,"name":"Actualit\u00e9s","item":"https:\/\/www.gold.fr\/news\/"},{"@type":"ListItem","position":3,"name":"Dossier grec : Un Grexit en vue ?"}]},{"@type":"WebSite","@id":"https:\/\/www.gold.fr\/news\/#website","url":"https:\/\/www.gold.fr\/news\/","name":"Gold.fr","description":"Actualit\u00e9s de l&#039;Or et des m\u00e9taux pr\u00e9cieux","potentialAction":[{"@type":"SearchAction","target":{"@type":"EntryPoint","urlTemplate":"https:\/\/www.gold.fr\/news\/?s={search_term_string}"},"query-input":{"@type":"PropertyValueSpecification","valueRequired":true,"valueName":"search_term_string"}}],"inLanguage":"fr-FR"},{"@type":"Person","@id":"https:\/\/www.gold.fr\/news\/#\/schema\/person\/070491b4b4fb7671bf59b3be20302ce9","name":"Comptoir National de l'Or","image":{"@type":"ImageObject","inLanguage":"fr-FR","@id":"https:\/\/secure.gravatar.com\/avatar\/0a2867fd5abe37bed95d5a65e9d58f01756e11efc68af9888dfc50cfa7f65948?s=96&d=mm&r=gb490554db0a38188709de567aa58480d","url":"https:\/\/secure.gravatar.com\/avatar\/0a2867fd5abe37bed95d5a65e9d58f01756e11efc68af9888dfc50cfa7f65948?s=96&d=mm&r=g","contentUrl":"https:\/\/secure.gravatar.com\/avatar\/0a2867fd5abe37bed95d5a65e9d58f01756e11efc68af9888dfc50cfa7f65948?s=96&d=mm&r=g","caption":"Comptoir National de l'Or"},"description":"Notre r\u00e9daction est constitu\u00e9e de membres experts dans les m\u00e9tiers de l'\u00e9conomie et la gestion, des Responsables d'agence Comptoir National de l'Or, des analystes financiers qui publient r\u00e9guli\u00e8rement des \u00e9tudes sur les politiques des banques centrales, le cours de l'or, prix de l'or, cours de l'argent, prix de l'argent, cours du platine, cours du palladium,... la situation en zone euro et l'impact de la strat\u00e9gie mon\u00e9taire de la FED. Notre \u00e9quipe scrute \u00e9galement une information plus g\u00e9n\u00e9raliste \u00e0 la recherche d'actualit\u00e9 \"p\u00e9pite\" \u00e0 vous partager. Depuis 5 ans, nous avons publi\u00e9 un peu plus de 4000 articles qui s'adressent \u00e0 un public large et vari\u00e9 ayant pour objectif de satisfaire votre curiosit\u00e9 et de partager avec vous une certaine fascination pour le m\u00e9tal jaune, le rachat d'or, et pour ceux qui veulent investir dans l'or, vendre leur or tout simplement en savoir plus... Pour tous vos achat or et argent, n'h\u00e9sitez pas \u00e0 prendre rendez-vous dans l'un de nos nombreux comptoirs.","sameAs":["https:\/\/www.gold.fr"]}]}},"authors":[{"term_id":2565,"user_id":18,"is_guest":0,"slug":"julie","display_name":"Comptoir National de l'Or","avatar_url":"https:\/\/secure.gravatar.com\/avatar\/713f289e398d35ead876c4a4cc08607f0d6d266058cfc25683fffb6092d0e572?s=96&d=mm&r=g","0":null,"1":"","2":"","3":"","4":"","5":"","6":"","7":"","8":""}],"_links":{"self":[{"href":"https:\/\/www.gold.fr\/news\/wp-json\/wp\/v2\/posts\/17279","targetHints":{"allow":["GET"]}}],"collection":[{"href":"https:\/\/www.gold.fr\/news\/wp-json\/wp\/v2\/posts"}],"about":[{"href":"https:\/\/www.gold.fr\/news\/wp-json\/wp\/v2\/types\/post"}],"author":[{"embeddable":true,"href":"https:\/\/www.gold.fr\/news\/wp-json\/wp\/v2\/users\/18"}],"replies":[{"embeddable":true,"href":"https:\/\/www.gold.fr\/news\/wp-json\/wp\/v2\/comments?post=17279"}],"version-history":[{"count":0,"href":"https:\/\/www.gold.fr\/news\/wp-json\/wp\/v2\/posts\/17279\/revisions"}],"wp:featuredmedia":[{"embeddable":true,"href":"https:\/\/www.gold.fr\/news\/wp-json\/wp\/v2\/media\/4547"}],"wp:attachment":[{"href":"https:\/\/www.gold.fr\/news\/wp-json\/wp\/v2\/media?parent=17279"}],"wp:term":[{"taxonomy":"category","embeddable":true,"href":"https:\/\/www.gold.fr\/news\/wp-json\/wp\/v2\/categories?post=17279"},{"taxonomy":"post_tag","embeddable":true,"href":"https:\/\/www.gold.fr\/news\/wp-json\/wp\/v2\/tags?post=17279"},{"taxonomy":"author","embeddable":true,"href":"https:\/\/www.gold.fr\/news\/wp-json\/wp\/v2\/ppma_author?post=17279"}],"curies":[{"name":"wp","href":"https:\/\/api.w.org\/{rel}","templated":true}]}}