{"id":17270,"date":"2015-06-08T17:00:13","date_gmt":"2015-06-08T15:00:13","guid":{"rendered":"https:\/\/www.gold.fr\/news\/?p=17270"},"modified":"2017-11-29T18:02:18","modified_gmt":"2017-11-29T17:02:18","slug":"une-semaine-qui-demarre-en-retrait","status":"publish","type":"post","link":"https:\/\/www.gold.fr\/news\/2015\/06\/08\/une-semaine-qui-demarre-en-retrait\/","title":{"rendered":"Une semaine qui d\u00e9marre en retrait"},"content":{"rendered":"<p><img loading=\"lazy\" decoding=\"async\" class=\"alignleft size-thumbnail wp-image-2830\" title=\"Une semaine qui d\u00e9marre en retrait\" src=\"https:\/\/www.gold.fr\/news\/wp-content\/uploads\/2011\/10\/gold-150x150.jpg\" alt=\"\" width=\"150\" height=\"150\" \/><span style=\"font-size: small;\">C&rsquo;est dans un climat h\u00e9sitant et prudent que cette nouvelle semaine boursi\u00e8re d\u00e9bute, les march\u00e9s d&rsquo;<a href='https:\/\/www.gold.fr\/news\/tags\/investissement' class='esk-seo-plu-link'>investissement<\/a> croulant encore grandement sous les tensions cr\u00e9\u00e9es par le dossier d&rsquo;endettement grec. Les op\u00e9rateurs peinent en effet \u00e0 trouver une direction avec le myst\u00e8re et la confusion de plus en plus \u00e9pais qui entourent l&rsquo;issue de cette crise.<\/span>    <span style=\"font-size: small;\">Rappelons en effet que le gouvernement d&rsquo;<strong>Ath\u00e8nes<\/strong> a r\u00e9ussi \u00e0 trouver une br\u00e8che contractuelle (dans l&rsquo;accord de pr\u00eat qui le lie au Fond Mon\u00e9taire International) lui permettant d&rsquo;obtenir une \u00e9chappatoire temporaire de l&rsquo;\u00e9ch\u00e9ance fatidique qui tombait vendredi dernier. Du coup, c&rsquo;est un quasi retour \u00e0 la case d\u00e9part que ce dossier conna\u00eet actuellement, puisque la probl\u00e9matique demeure, tout comme son absence confondant de solution.<\/span>    <span style=\"font-size: small;\">Les experts de<strong> Saxo Banque<\/strong> rappellent \u00e0 ce sujet que, le week-end pass\u00e9, \u00ab <em>Jean-Claude Juncker a reproch\u00e9 au premier ministre d&rsquo;Ath\u00e8nes la d\u00e9formation des propositions faites par les cr\u00e9anciers d&rsquo;Ath\u00e8nes<\/em> \u00bb, commentant que \u00ab <em>ces propos soulignent une nouvelle fois les difficult\u00e9s des n\u00e9gociations sur la dette grecque<\/em> \u00bb.<\/span>    <span style=\"font-size: small;\">Par ailleurs, cette confusion est \u00e9galement induite par le manque de catalyseurs sur les march\u00e9s euro, une situation qui devrait se prolonger jusqu&rsquo;au mois prochain, lorsque la nouvelle saison de r\u00e9sultats semestriels d\u00e9butera. Les sp\u00e9cialistes de <strong>Goldman Sachs<\/strong> soulignent \u00e0 ce sujet s&rsquo;attendre \u00ab <em>surtout \u00e0 ce que ce soit les r\u00e9sultats d&rsquo;entreprises qui restent le principal moteur des performances boursi\u00e8res de la zone euro et de la p\u00e9riph\u00e9rie<\/em> \u00bb.<\/span><\/p>\n<!-- AddThis Advanced Settings generic via filter on the_content --><!-- AddThis Share Buttons generic via filter on the_content -->","protected":false},"excerpt":{"rendered":"<p>C&rsquo;est dans un climat h\u00e9sitant et prudent que cette nouvelle semaine boursi\u00e8re d\u00e9bute, les march\u00e9s d&rsquo;investissement croulant encore grandement sous les tensions cr\u00e9\u00e9es par le dossier d&rsquo;endettement grec. Les op\u00e9rateurs peinent en effet \u00e0 trouver une [&hellip;]<\/p>\n","protected":false},"author":18,"featured_media":2830,"comment_status":"open","ping_status":"open","sticky":false,"template":"","format":"standard","meta":{"_mbp_gutenberg_autopost":false,"_pgmb_is_evergreen":false,"_pgmb_ap_template_id":0,"footnotes":""},"categories":[6],"tags":[245,1188,2049,211,126],"ppma_author":[2565],"class_list":["post-17270","post","type-post","status-publish","format-standard","has-post-thumbnail","hentry","category-articles-de-presse","tag-athenes","tag-bourse","tag-endettement-grec","tag-fmi","tag-zone-euro"],"yoast_head":"<!-- This site is optimized with the Yoast SEO plugin v27.5 - https:\/\/yoast.com\/product\/yoast-seo-wordpress\/ -->\n<title>Une semaine qui d\u00e9marre en retrait - Gold.fr<\/title>\n<meta name=\"robots\" content=\"index, follow, max-snippet:-1, max-image-preview:large, max-video-preview:-1\" \/>\n<link rel=\"canonical\" href=\"https:\/\/www.gold.fr\/news\/2015\/06\/08\/une-semaine-qui-demarre-en-retrait\/\" \/>\n<meta property=\"og:locale\" content=\"fr_FR\" \/>\n<meta property=\"og:type\" content=\"article\" \/>\n<meta property=\"og:title\" content=\"Une semaine qui d\u00e9marre en retrait - Gold.fr\" \/>\n<meta property=\"og:description\" content=\"C&rsquo;est dans un climat h\u00e9sitant et prudent que cette nouvelle semaine boursi\u00e8re d\u00e9bute, les march\u00e9s d&rsquo;investissement croulant encore grandement sous les tensions cr\u00e9\u00e9es par le dossier d&rsquo;endettement grec. Les op\u00e9rateurs peinent en effet \u00e0 trouver une [&hellip;]\" \/>\n<meta property=\"og:url\" content=\"https:\/\/www.gold.fr\/news\/2015\/06\/08\/une-semaine-qui-demarre-en-retrait\/\" \/>\n<meta property=\"og:site_name\" content=\"Gold.fr\" \/>\n<meta property=\"article:publisher\" content=\"https:\/\/www.facebook.com\/Goldfr\/\" \/>\n<meta property=\"article:published_time\" content=\"2015-06-08T15:00:13+00:00\" \/>\n<meta property=\"article:modified_time\" content=\"2017-11-29T17:02:18+00:00\" \/>\n<meta property=\"og:image\" content=\"https:\/\/www.gold.fr\/news\/wp-content\/uploads\/2011\/10\/gold.jpg\" \/>\n\t<meta property=\"og:image:width\" content=\"600\" \/>\n\t<meta property=\"og:image:height\" content=\"597\" \/>\n\t<meta property=\"og:image:type\" content=\"image\/jpeg\" \/>\n<meta name=\"author\" content=\"Comptoir National de l&#039;Or\" \/>\n<meta name=\"twitter:card\" content=\"summary_large_image\" \/>\n<meta name=\"twitter:label1\" content=\"\u00c9crit par\" \/>\n\t<meta name=\"twitter:data1\" content=\"Comptoir National de l&#039;Or\" \/>\n\t<meta name=\"twitter:label2\" content=\"Dur\u00e9e de lecture estim\u00e9e\" \/>\n\t<meta name=\"twitter:data2\" content=\"1 minute\" \/>\n<script type=\"application\/ld+json\" class=\"yoast-schema-graph\">{\"@context\":\"https:\\\/\\\/schema.org\",\"@graph\":[{\"@type\":\"Article\",\"@id\":\"https:\\\/\\\/www.gold.fr\\\/news\\\/2015\\\/06\\\/08\\\/une-semaine-qui-demarre-en-retrait\\\/#article\",\"isPartOf\":{\"@id\":\"https:\\\/\\\/www.gold.fr\\\/news\\\/2015\\\/06\\\/08\\\/une-semaine-qui-demarre-en-retrait\\\/\"},\"author\":{\"name\":\"Comptoir National de l'Or\",\"@id\":\"https:\\\/\\\/www.gold.fr\\\/news\\\/#\\\/schema\\\/person\\\/070491b4b4fb7671bf59b3be20302ce9\"},\"headline\":\"Une semaine qui d\u00e9marre en retrait\",\"datePublished\":\"2015-06-08T15:00:13+00:00\",\"dateModified\":\"2017-11-29T17:02:18+00:00\",\"mainEntityOfPage\":{\"@id\":\"https:\\\/\\\/www.gold.fr\\\/news\\\/2015\\\/06\\\/08\\\/une-semaine-qui-demarre-en-retrait\\\/\"},\"wordCount\":277,\"commentCount\":0,\"image\":{\"@id\":\"https:\\\/\\\/www.gold.fr\\\/news\\\/2015\\\/06\\\/08\\\/une-semaine-qui-demarre-en-retrait\\\/#primaryimage\"},\"thumbnailUrl\":\"https:\\\/\\\/www.gold.fr\\\/news\\\/wp-content\\\/uploads\\\/2011\\\/10\\\/gold.jpg\",\"keywords\":[\"ath\u00e8nes\",\"bourse\",\"endettement grec\",\"fmi\",\"zone euro\"],\"articleSection\":[\"Articles de presse\"],\"inLanguage\":\"fr-FR\"},{\"@type\":\"WebPage\",\"@id\":\"https:\\\/\\\/www.gold.fr\\\/news\\\/2015\\\/06\\\/08\\\/une-semaine-qui-demarre-en-retrait\\\/\",\"url\":\"https:\\\/\\\/www.gold.fr\\\/news\\\/2015\\\/06\\\/08\\\/une-semaine-qui-demarre-en-retrait\\\/\",\"name\":\"Une semaine qui d\u00e9marre en retrait - Gold.fr\",\"isPartOf\":{\"@id\":\"https:\\\/\\\/www.gold.fr\\\/news\\\/#website\"},\"primaryImageOfPage\":{\"@id\":\"https:\\\/\\\/www.gold.fr\\\/news\\\/2015\\\/06\\\/08\\\/une-semaine-qui-demarre-en-retrait\\\/#primaryimage\"},\"image\":{\"@id\":\"https:\\\/\\\/www.gold.fr\\\/news\\\/2015\\\/06\\\/08\\\/une-semaine-qui-demarre-en-retrait\\\/#primaryimage\"},\"thumbnailUrl\":\"https:\\\/\\\/www.gold.fr\\\/news\\\/wp-content\\\/uploads\\\/2011\\\/10\\\/gold.jpg\",\"datePublished\":\"2015-06-08T15:00:13+00:00\",\"dateModified\":\"2017-11-29T17:02:18+00:00\",\"author\":{\"@id\":\"https:\\\/\\\/www.gold.fr\\\/news\\\/#\\\/schema\\\/person\\\/070491b4b4fb7671bf59b3be20302ce9\"},\"breadcrumb\":{\"@id\":\"https:\\\/\\\/www.gold.fr\\\/news\\\/2015\\\/06\\\/08\\\/une-semaine-qui-demarre-en-retrait\\\/#breadcrumb\"},\"inLanguage\":\"fr-FR\",\"potentialAction\":[{\"@type\":\"ReadAction\",\"target\":[\"https:\\\/\\\/www.gold.fr\\\/news\\\/2015\\\/06\\\/08\\\/une-semaine-qui-demarre-en-retrait\\\/\"]}]},{\"@type\":\"ImageObject\",\"inLanguage\":\"fr-FR\",\"@id\":\"https:\\\/\\\/www.gold.fr\\\/news\\\/2015\\\/06\\\/08\\\/une-semaine-qui-demarre-en-retrait\\\/#primaryimage\",\"url\":\"https:\\\/\\\/www.gold.fr\\\/news\\\/wp-content\\\/uploads\\\/2011\\\/10\\\/gold.jpg\",\"contentUrl\":\"https:\\\/\\\/www.gold.fr\\\/news\\\/wp-content\\\/uploads\\\/2011\\\/10\\\/gold.jpg\",\"width\":\"600\",\"height\":\"597\",\"caption\":\"Un d\u00e9but de semaine prometteur pour l\u2019once\"},{\"@type\":\"BreadcrumbList\",\"@id\":\"https:\\\/\\\/www.gold.fr\\\/news\\\/2015\\\/06\\\/08\\\/une-semaine-qui-demarre-en-retrait\\\/#breadcrumb\",\"itemListElement\":[{\"@type\":\"ListItem\",\"position\":1,\"name\":\"Accueil\",\"item\":\"https:\\\/\\\/www.gold.fr\\\/\"},{\"@type\":\"ListItem\",\"position\":2,\"name\":\"Actualit\u00e9s\",\"item\":\"https:\\\/\\\/www.gold.fr\\\/news\\\/\"},{\"@type\":\"ListItem\",\"position\":3,\"name\":\"Une semaine qui d\u00e9marre en retrait\"}]},{\"@type\":\"WebSite\",\"@id\":\"https:\\\/\\\/www.gold.fr\\\/news\\\/#website\",\"url\":\"https:\\\/\\\/www.gold.fr\\\/news\\\/\",\"name\":\"Gold.fr\",\"description\":\"Actualit\u00e9s de l&#039;Or et des m\u00e9taux pr\u00e9cieux\",\"potentialAction\":[{\"@type\":\"SearchAction\",\"target\":{\"@type\":\"EntryPoint\",\"urlTemplate\":\"https:\\\/\\\/www.gold.fr\\\/news\\\/?s={search_term_string}\"},\"query-input\":{\"@type\":\"PropertyValueSpecification\",\"valueRequired\":true,\"valueName\":\"search_term_string\"}}],\"inLanguage\":\"fr-FR\"},{\"@type\":\"Person\",\"@id\":\"https:\\\/\\\/www.gold.fr\\\/news\\\/#\\\/schema\\\/person\\\/070491b4b4fb7671bf59b3be20302ce9\",\"name\":\"Comptoir National de l'Or\",\"image\":{\"@type\":\"ImageObject\",\"inLanguage\":\"fr-FR\",\"@id\":\"https:\\\/\\\/secure.gravatar.com\\\/avatar\\\/0a2867fd5abe37bed95d5a65e9d58f01756e11efc68af9888dfc50cfa7f65948?s=96&d=mm&r=gb490554db0a38188709de567aa58480d\",\"url\":\"https:\\\/\\\/secure.gravatar.com\\\/avatar\\\/0a2867fd5abe37bed95d5a65e9d58f01756e11efc68af9888dfc50cfa7f65948?s=96&d=mm&r=g\",\"contentUrl\":\"https:\\\/\\\/secure.gravatar.com\\\/avatar\\\/0a2867fd5abe37bed95d5a65e9d58f01756e11efc68af9888dfc50cfa7f65948?s=96&d=mm&r=g\",\"caption\":\"Comptoir National de l'Or\"},\"description\":\"Notre r\u00e9daction est constitu\u00e9e de membres experts dans les m\u00e9tiers de l'\u00e9conomie et la gestion, des Responsables d'agence Comptoir National de l'Or, des analystes financiers qui publient r\u00e9guli\u00e8rement des \u00e9tudes sur les politiques des banques centrales, le cours de l'or, prix de l'or, cours de l'argent, prix de l'argent, cours du platine, cours du palladium,... la situation en zone euro et l'impact de la strat\u00e9gie mon\u00e9taire de la FED. Notre \u00e9quipe scrute \u00e9galement une information plus g\u00e9n\u00e9raliste \u00e0 la recherche d'actualit\u00e9 \\\"p\u00e9pite\\\" \u00e0 vous partager. Depuis 5 ans, nous avons publi\u00e9 un peu plus de 4000 articles qui s'adressent \u00e0 un public large et vari\u00e9 ayant pour objectif de satisfaire votre curiosit\u00e9 et de partager avec vous une certaine fascination pour le m\u00e9tal jaune, le rachat d'or, et pour ceux qui veulent investir dans l'or, vendre leur or tout simplement en savoir plus... Pour tous vos achat or et argent, n'h\u00e9sitez pas \u00e0 prendre rendez-vous dans l'un de nos nombreux comptoirs.\",\"sameAs\":[\"https:\\\/\\\/www.gold.fr\"]}]}<\/script>\n<!-- \/ Yoast SEO plugin. -->","yoast_head_json":{"title":"Une semaine qui d\u00e9marre en retrait - Gold.fr","robots":{"index":"index","follow":"follow","max-snippet":"max-snippet:-1","max-image-preview":"max-image-preview:large","max-video-preview":"max-video-preview:-1"},"canonical":"https:\/\/www.gold.fr\/news\/2015\/06\/08\/une-semaine-qui-demarre-en-retrait\/","og_locale":"fr_FR","og_type":"article","og_title":"Une semaine qui d\u00e9marre en retrait - Gold.fr","og_description":"C&rsquo;est dans un climat h\u00e9sitant et prudent que cette nouvelle semaine boursi\u00e8re d\u00e9bute, les march\u00e9s d&rsquo;investissement croulant encore grandement sous les tensions cr\u00e9\u00e9es par le dossier d&rsquo;endettement grec. Les op\u00e9rateurs peinent en effet \u00e0 trouver une [&hellip;]","og_url":"https:\/\/www.gold.fr\/news\/2015\/06\/08\/une-semaine-qui-demarre-en-retrait\/","og_site_name":"Gold.fr","article_publisher":"https:\/\/www.facebook.com\/Goldfr\/","article_published_time":"2015-06-08T15:00:13+00:00","article_modified_time":"2017-11-29T17:02:18+00:00","og_image":[{"width":600,"height":597,"url":"https:\/\/www.gold.fr\/news\/wp-content\/uploads\/2011\/10\/gold.jpg","type":"image\/jpeg"}],"author":"Comptoir National de l'Or","twitter_card":"summary_large_image","twitter_misc":{"\u00c9crit par":"Comptoir National de l'Or","Dur\u00e9e de lecture estim\u00e9e":"1 minute"},"schema":{"@context":"https:\/\/schema.org","@graph":[{"@type":"Article","@id":"https:\/\/www.gold.fr\/news\/2015\/06\/08\/une-semaine-qui-demarre-en-retrait\/#article","isPartOf":{"@id":"https:\/\/www.gold.fr\/news\/2015\/06\/08\/une-semaine-qui-demarre-en-retrait\/"},"author":{"name":"Comptoir National de l'Or","@id":"https:\/\/www.gold.fr\/news\/#\/schema\/person\/070491b4b4fb7671bf59b3be20302ce9"},"headline":"Une semaine qui d\u00e9marre en retrait","datePublished":"2015-06-08T15:00:13+00:00","dateModified":"2017-11-29T17:02:18+00:00","mainEntityOfPage":{"@id":"https:\/\/www.gold.fr\/news\/2015\/06\/08\/une-semaine-qui-demarre-en-retrait\/"},"wordCount":277,"commentCount":0,"image":{"@id":"https:\/\/www.gold.fr\/news\/2015\/06\/08\/une-semaine-qui-demarre-en-retrait\/#primaryimage"},"thumbnailUrl":"https:\/\/www.gold.fr\/news\/wp-content\/uploads\/2011\/10\/gold.jpg","keywords":["ath\u00e8nes","bourse","endettement grec","fmi","zone euro"],"articleSection":["Articles de presse"],"inLanguage":"fr-FR"},{"@type":"WebPage","@id":"https:\/\/www.gold.fr\/news\/2015\/06\/08\/une-semaine-qui-demarre-en-retrait\/","url":"https:\/\/www.gold.fr\/news\/2015\/06\/08\/une-semaine-qui-demarre-en-retrait\/","name":"Une semaine qui d\u00e9marre en retrait - Gold.fr","isPartOf":{"@id":"https:\/\/www.gold.fr\/news\/#website"},"primaryImageOfPage":{"@id":"https:\/\/www.gold.fr\/news\/2015\/06\/08\/une-semaine-qui-demarre-en-retrait\/#primaryimage"},"image":{"@id":"https:\/\/www.gold.fr\/news\/2015\/06\/08\/une-semaine-qui-demarre-en-retrait\/#primaryimage"},"thumbnailUrl":"https:\/\/www.gold.fr\/news\/wp-content\/uploads\/2011\/10\/gold.jpg","datePublished":"2015-06-08T15:00:13+00:00","dateModified":"2017-11-29T17:02:18+00:00","author":{"@id":"https:\/\/www.gold.fr\/news\/#\/schema\/person\/070491b4b4fb7671bf59b3be20302ce9"},"breadcrumb":{"@id":"https:\/\/www.gold.fr\/news\/2015\/06\/08\/une-semaine-qui-demarre-en-retrait\/#breadcrumb"},"inLanguage":"fr-FR","potentialAction":[{"@type":"ReadAction","target":["https:\/\/www.gold.fr\/news\/2015\/06\/08\/une-semaine-qui-demarre-en-retrait\/"]}]},{"@type":"ImageObject","inLanguage":"fr-FR","@id":"https:\/\/www.gold.fr\/news\/2015\/06\/08\/une-semaine-qui-demarre-en-retrait\/#primaryimage","url":"https:\/\/www.gold.fr\/news\/wp-content\/uploads\/2011\/10\/gold.jpg","contentUrl":"https:\/\/www.gold.fr\/news\/wp-content\/uploads\/2011\/10\/gold.jpg","width":"600","height":"597","caption":"Un d\u00e9but de semaine prometteur pour l\u2019once"},{"@type":"BreadcrumbList","@id":"https:\/\/www.gold.fr\/news\/2015\/06\/08\/une-semaine-qui-demarre-en-retrait\/#breadcrumb","itemListElement":[{"@type":"ListItem","position":1,"name":"Accueil","item":"https:\/\/www.gold.fr\/"},{"@type":"ListItem","position":2,"name":"Actualit\u00e9s","item":"https:\/\/www.gold.fr\/news\/"},{"@type":"ListItem","position":3,"name":"Une semaine qui d\u00e9marre en retrait"}]},{"@type":"WebSite","@id":"https:\/\/www.gold.fr\/news\/#website","url":"https:\/\/www.gold.fr\/news\/","name":"Gold.fr","description":"Actualit\u00e9s de l&#039;Or et des m\u00e9taux pr\u00e9cieux","potentialAction":[{"@type":"SearchAction","target":{"@type":"EntryPoint","urlTemplate":"https:\/\/www.gold.fr\/news\/?s={search_term_string}"},"query-input":{"@type":"PropertyValueSpecification","valueRequired":true,"valueName":"search_term_string"}}],"inLanguage":"fr-FR"},{"@type":"Person","@id":"https:\/\/www.gold.fr\/news\/#\/schema\/person\/070491b4b4fb7671bf59b3be20302ce9","name":"Comptoir National de l'Or","image":{"@type":"ImageObject","inLanguage":"fr-FR","@id":"https:\/\/secure.gravatar.com\/avatar\/0a2867fd5abe37bed95d5a65e9d58f01756e11efc68af9888dfc50cfa7f65948?s=96&d=mm&r=gb490554db0a38188709de567aa58480d","url":"https:\/\/secure.gravatar.com\/avatar\/0a2867fd5abe37bed95d5a65e9d58f01756e11efc68af9888dfc50cfa7f65948?s=96&d=mm&r=g","contentUrl":"https:\/\/secure.gravatar.com\/avatar\/0a2867fd5abe37bed95d5a65e9d58f01756e11efc68af9888dfc50cfa7f65948?s=96&d=mm&r=g","caption":"Comptoir National de l'Or"},"description":"Notre r\u00e9daction est constitu\u00e9e de membres experts dans les m\u00e9tiers de l'\u00e9conomie et la gestion, des Responsables d'agence Comptoir National de l'Or, des analystes financiers qui publient r\u00e9guli\u00e8rement des \u00e9tudes sur les politiques des banques centrales, le cours de l'or, prix de l'or, cours de l'argent, prix de l'argent, cours du platine, cours du palladium,... la situation en zone euro et l'impact de la strat\u00e9gie mon\u00e9taire de la FED. Notre \u00e9quipe scrute \u00e9galement une information plus g\u00e9n\u00e9raliste \u00e0 la recherche d'actualit\u00e9 \"p\u00e9pite\" \u00e0 vous partager. Depuis 5 ans, nous avons publi\u00e9 un peu plus de 4000 articles qui s'adressent \u00e0 un public large et vari\u00e9 ayant pour objectif de satisfaire votre curiosit\u00e9 et de partager avec vous une certaine fascination pour le m\u00e9tal jaune, le rachat d'or, et pour ceux qui veulent investir dans l'or, vendre leur or tout simplement en savoir plus... Pour tous vos achat or et argent, n'h\u00e9sitez pas \u00e0 prendre rendez-vous dans l'un de nos nombreux comptoirs.","sameAs":["https:\/\/www.gold.fr"]}]}},"authors":[{"term_id":2565,"user_id":18,"is_guest":0,"slug":"julie","display_name":"Comptoir National de l'Or","avatar_url":"https:\/\/secure.gravatar.com\/avatar\/713f289e398d35ead876c4a4cc08607f0d6d266058cfc25683fffb6092d0e572?s=96&d=mm&r=g","0":null,"1":"","2":"","3":"","4":"","5":"","6":"","7":"","8":""}],"_links":{"self":[{"href":"https:\/\/www.gold.fr\/news\/wp-json\/wp\/v2\/posts\/17270","targetHints":{"allow":["GET"]}}],"collection":[{"href":"https:\/\/www.gold.fr\/news\/wp-json\/wp\/v2\/posts"}],"about":[{"href":"https:\/\/www.gold.fr\/news\/wp-json\/wp\/v2\/types\/post"}],"author":[{"embeddable":true,"href":"https:\/\/www.gold.fr\/news\/wp-json\/wp\/v2\/users\/18"}],"replies":[{"embeddable":true,"href":"https:\/\/www.gold.fr\/news\/wp-json\/wp\/v2\/comments?post=17270"}],"version-history":[{"count":0,"href":"https:\/\/www.gold.fr\/news\/wp-json\/wp\/v2\/posts\/17270\/revisions"}],"wp:featuredmedia":[{"embeddable":true,"href":"https:\/\/www.gold.fr\/news\/wp-json\/wp\/v2\/media\/2830"}],"wp:attachment":[{"href":"https:\/\/www.gold.fr\/news\/wp-json\/wp\/v2\/media?parent=17270"}],"wp:term":[{"taxonomy":"category","embeddable":true,"href":"https:\/\/www.gold.fr\/news\/wp-json\/wp\/v2\/categories?post=17270"},{"taxonomy":"post_tag","embeddable":true,"href":"https:\/\/www.gold.fr\/news\/wp-json\/wp\/v2\/tags?post=17270"},{"taxonomy":"author","embeddable":true,"href":"https:\/\/www.gold.fr\/news\/wp-json\/wp\/v2\/ppma_author?post=17270"}],"curies":[{"name":"wp","href":"https:\/\/api.w.org\/{rel}","templated":true}]}}