{"id":17252,"date":"2015-06-04T09:00:51","date_gmt":"2015-06-04T07:00:51","guid":{"rendered":"https:\/\/www.gold.fr\/news\/?p=17252"},"modified":"2017-11-29T18:02:28","modified_gmt":"2017-11-29T17:02:28","slug":"une-semaine-europeenne-sous-le-signe-des-tensions","status":"publish","type":"post","link":"https:\/\/www.gold.fr\/news\/2015\/06\/04\/une-semaine-europeenne-sous-le-signe-des-tensions\/","title":{"rendered":"Une semaine europ\u00e9enne sous le signe des \u2018tensions\u2019"},"content":{"rendered":"<p><img loading=\"lazy\" decoding=\"async\" class=\"alignleft size-thumbnail wp-image-5011\" title=\"Une semaine europ\u00e9enne sous le signe des \u2018tensions\u2019\" src=\"https:\/\/www.gold.fr\/news\/wp-content\/uploads\/2012\/01\/Europe-150x150.jpg\" alt=\"\" width=\"150\" height=\"150\" \/><span style=\"font-size: small;\">Avec une semaine au calendrier macro\u00e9conomique et \u00e9conomique aussi charg\u00e9, les march\u00e9s continuent \u00e0 afficher un repli g\u00e9n\u00e9ralis\u00e9, tir\u00e9s vers le bas par des op\u00e9rateurs qui semblent s&rsquo;\u00eatre donn\u00e9s le mot pour jouer obstin\u00e9ment la carte de la m\u00e9fiance. Cette semaine boursi\u00e8re est jonch\u00e9e de bien trop de rendez-vous majeurs pour permettre aux investisseurs de se fixer sur une orientation claire. C&rsquo;est donc la tension attentiste qui r\u00e8gne, pour l&rsquo;heure.<\/span>    <span style=\"font-size: small;\">Il y a d&rsquo;abord l&rsquo;attentisme entourant le discours de <strong>Mario Draghi<\/strong> et les changements potentiels que ses propos pourraient annoncer au niveau de la politique mon\u00e9taire de la banque centrale europ\u00e9enne. <strong>Barclays Bourse<\/strong> tente pourtant de rassurer en soulignant que \u00ab <em>m\u00eame si la <strong>BCE<\/strong> pourrait tenir compte de la derni\u00e8re estimation de l&rsquo;inflation dans la zone euro (<strong>+0,3%<\/strong>) pour r\u00e9viser ses anticipations d&rsquo;inflation \u00e0 la hausse en <strong>2015<\/strong>, il semble pr\u00e9matur\u00e9 de penser que l&rsquo;institution baisse la garde<\/em> \u00bb.<\/span>    <span style=\"font-size: small;\">Par ailleurs, la journ\u00e9e\/s\u00e9ance du vendredi sera marqu\u00e9e par deux autres rendez-vous majeurs dont notamment la publication des derniers chiffres relatifs \u00e0 la performance de l&#8217;emploi am\u00e9ricain, un facteur r\u00e9put\u00e9 d\u00e9cisif dans les traditionnelles n\u00e9gociations du <strong>FOMC<\/strong>.<\/span>    <span style=\"font-size: small;\">Mais c&rsquo;est surtout le dossier grec qui monopolise l&rsquo;attention \u2013et les inqui\u00e9tudes- cette semaine. Le <strong>vendredi 5 juin<\/strong> marque l&rsquo;\u00e9ch\u00e9ance du <strong>FMI<\/strong> pour la <strong>Gr\u00e8ce<\/strong> qui est sens\u00e9e pay\u00e9e, \u00e0 cette date, <strong>300 millions d&rsquo;<a href='https:\/\/www.gold.fr\/news\/tags\/investissement' class='esk-seo-plu-link'>euros<\/a><\/strong> \u00e0 ses cr\u00e9anciers internationaux.<\/span>    <span style=\"font-size: small;\">Du coup, <strong>Saxo Banque<\/strong> estime qu&rsquo;il est actuellement \u00ab <em>logique que de nombreux investisseurs cherchent \u00e0 prendre leurs b\u00e9n\u00e9fices avant une s\u00e9ance qui s&rsquo;annonce tr\u00e8s volatile sur le CAC40, l&rsquo;euro et le p\u00e9trole<\/em> \u00bb.<\/span><\/p>\n<!-- AddThis Advanced Settings generic via filter on the_content --><!-- AddThis Share Buttons generic via filter on the_content -->","protected":false},"excerpt":{"rendered":"<p>Avec une semaine au calendrier macro\u00e9conomique et \u00e9conomique aussi charg\u00e9, les march\u00e9s continuent \u00e0 afficher un repli g\u00e9n\u00e9ralis\u00e9, tir\u00e9s vers le bas par des op\u00e9rateurs qui semblent s&rsquo;\u00eatre donn\u00e9s le mot pour jouer obstin\u00e9ment la carte [&hellip;]<\/p>\n","protected":false},"author":18,"featured_media":5011,"comment_status":"open","ping_status":"open","sticky":false,"template":"","format":"standard","meta":{"_mbp_gutenberg_autopost":false,"_pgmb_is_evergreen":false,"_pgmb_ap_template_id":0,"footnotes":""},"categories":[6],"tags":[143,242,211,1034,224,495],"ppma_author":[2565],"class_list":["post-17252","post","type-post","status-publish","format-standard","has-post-thumbnail","hentry","category-articles-de-presse","tag-bce","tag-europe","tag-fmi","tag-fomc","tag-grece","tag-mario-draghi"],"yoast_head":"<!-- This site is optimized with the Yoast SEO plugin v27.5 - https:\/\/yoast.com\/product\/yoast-seo-wordpress\/ -->\n<title>Une semaine europ\u00e9enne sous le signe des \u2018tensions\u2019 - Gold.fr<\/title>\n<meta name=\"robots\" content=\"index, follow, max-snippet:-1, max-image-preview:large, max-video-preview:-1\" \/>\n<link rel=\"canonical\" href=\"https:\/\/www.gold.fr\/news\/2015\/06\/04\/une-semaine-europeenne-sous-le-signe-des-tensions\/\" \/>\n<meta property=\"og:locale\" content=\"fr_FR\" \/>\n<meta property=\"og:type\" content=\"article\" \/>\n<meta property=\"og:title\" content=\"Une semaine europ\u00e9enne sous le signe des \u2018tensions\u2019 - Gold.fr\" \/>\n<meta property=\"og:description\" content=\"Avec une semaine au calendrier macro\u00e9conomique et \u00e9conomique aussi charg\u00e9, les march\u00e9s continuent \u00e0 afficher un repli g\u00e9n\u00e9ralis\u00e9, tir\u00e9s vers le bas par des op\u00e9rateurs qui semblent s&rsquo;\u00eatre donn\u00e9s le mot pour jouer obstin\u00e9ment la carte [&hellip;]\" \/>\n<meta property=\"og:url\" content=\"https:\/\/www.gold.fr\/news\/2015\/06\/04\/une-semaine-europeenne-sous-le-signe-des-tensions\/\" \/>\n<meta property=\"og:site_name\" content=\"Gold.fr\" \/>\n<meta property=\"article:publisher\" content=\"https:\/\/www.facebook.com\/Goldfr\/\" \/>\n<meta property=\"article:published_time\" content=\"2015-06-04T07:00:51+00:00\" \/>\n<meta property=\"article:modified_time\" content=\"2017-11-29T17:02:28+00:00\" \/>\n<meta property=\"og:image\" content=\"https:\/\/www.gold.fr\/news\/wp-content\/uploads\/2012\/01\/Europe.jpg\" \/>\n\t<meta property=\"og:image:width\" content=\"600\" \/>\n\t<meta property=\"og:image:height\" content=\"417\" \/>\n\t<meta property=\"og:image:type\" content=\"image\/jpeg\" \/>\n<meta name=\"author\" content=\"Comptoir National de l&#039;Or\" \/>\n<meta name=\"twitter:card\" content=\"summary_large_image\" \/>\n<meta name=\"twitter:label1\" content=\"\u00c9crit par\" \/>\n\t<meta name=\"twitter:data1\" content=\"Comptoir National de l&#039;Or\" \/>\n\t<meta name=\"twitter:label2\" content=\"Dur\u00e9e de lecture estim\u00e9e\" \/>\n\t<meta name=\"twitter:data2\" content=\"1 minute\" \/>\n<script type=\"application\/ld+json\" class=\"yoast-schema-graph\">{\"@context\":\"https:\\\/\\\/schema.org\",\"@graph\":[{\"@type\":\"Article\",\"@id\":\"https:\\\/\\\/www.gold.fr\\\/news\\\/2015\\\/06\\\/04\\\/une-semaine-europeenne-sous-le-signe-des-tensions\\\/#article\",\"isPartOf\":{\"@id\":\"https:\\\/\\\/www.gold.fr\\\/news\\\/2015\\\/06\\\/04\\\/une-semaine-europeenne-sous-le-signe-des-tensions\\\/\"},\"author\":{\"name\":\"Comptoir National de l'Or\",\"@id\":\"https:\\\/\\\/www.gold.fr\\\/news\\\/#\\\/schema\\\/person\\\/070491b4b4fb7671bf59b3be20302ce9\"},\"headline\":\"Une semaine europ\u00e9enne sous le signe des \u2018tensions\u2019\",\"datePublished\":\"2015-06-04T07:00:51+00:00\",\"dateModified\":\"2017-11-29T17:02:28+00:00\",\"mainEntityOfPage\":{\"@id\":\"https:\\\/\\\/www.gold.fr\\\/news\\\/2015\\\/06\\\/04\\\/une-semaine-europeenne-sous-le-signe-des-tensions\\\/\"},\"wordCount\":308,\"commentCount\":0,\"image\":{\"@id\":\"https:\\\/\\\/www.gold.fr\\\/news\\\/2015\\\/06\\\/04\\\/une-semaine-europeenne-sous-le-signe-des-tensions\\\/#primaryimage\"},\"thumbnailUrl\":\"https:\\\/\\\/www.gold.fr\\\/news\\\/wp-content\\\/uploads\\\/2012\\\/01\\\/Europe.jpg\",\"keywords\":[\"bce\",\"europe\",\"fmi\",\"FOMC\",\"Gr\u00e8ce\",\"mario draghi\"],\"articleSection\":[\"Articles de presse\"],\"inLanguage\":\"fr-FR\"},{\"@type\":\"WebPage\",\"@id\":\"https:\\\/\\\/www.gold.fr\\\/news\\\/2015\\\/06\\\/04\\\/une-semaine-europeenne-sous-le-signe-des-tensions\\\/\",\"url\":\"https:\\\/\\\/www.gold.fr\\\/news\\\/2015\\\/06\\\/04\\\/une-semaine-europeenne-sous-le-signe-des-tensions\\\/\",\"name\":\"Une semaine europ\u00e9enne sous le signe des \u2018tensions\u2019 - Gold.fr\",\"isPartOf\":{\"@id\":\"https:\\\/\\\/www.gold.fr\\\/news\\\/#website\"},\"primaryImageOfPage\":{\"@id\":\"https:\\\/\\\/www.gold.fr\\\/news\\\/2015\\\/06\\\/04\\\/une-semaine-europeenne-sous-le-signe-des-tensions\\\/#primaryimage\"},\"image\":{\"@id\":\"https:\\\/\\\/www.gold.fr\\\/news\\\/2015\\\/06\\\/04\\\/une-semaine-europeenne-sous-le-signe-des-tensions\\\/#primaryimage\"},\"thumbnailUrl\":\"https:\\\/\\\/www.gold.fr\\\/news\\\/wp-content\\\/uploads\\\/2012\\\/01\\\/Europe.jpg\",\"datePublished\":\"2015-06-04T07:00:51+00:00\",\"dateModified\":\"2017-11-29T17:02:28+00:00\",\"author\":{\"@id\":\"https:\\\/\\\/www.gold.fr\\\/news\\\/#\\\/schema\\\/person\\\/070491b4b4fb7671bf59b3be20302ce9\"},\"breadcrumb\":{\"@id\":\"https:\\\/\\\/www.gold.fr\\\/news\\\/2015\\\/06\\\/04\\\/une-semaine-europeenne-sous-le-signe-des-tensions\\\/#breadcrumb\"},\"inLanguage\":\"fr-FR\",\"potentialAction\":[{\"@type\":\"ReadAction\",\"target\":[\"https:\\\/\\\/www.gold.fr\\\/news\\\/2015\\\/06\\\/04\\\/une-semaine-europeenne-sous-le-signe-des-tensions\\\/\"]}]},{\"@type\":\"ImageObject\",\"inLanguage\":\"fr-FR\",\"@id\":\"https:\\\/\\\/www.gold.fr\\\/news\\\/2015\\\/06\\\/04\\\/une-semaine-europeenne-sous-le-signe-des-tensions\\\/#primaryimage\",\"url\":\"https:\\\/\\\/www.gold.fr\\\/news\\\/wp-content\\\/uploads\\\/2012\\\/01\\\/Europe.jpg\",\"contentUrl\":\"https:\\\/\\\/www.gold.fr\\\/news\\\/wp-content\\\/uploads\\\/2012\\\/01\\\/Europe.jpg\",\"width\":\"600\",\"height\":\"417\"},{\"@type\":\"BreadcrumbList\",\"@id\":\"https:\\\/\\\/www.gold.fr\\\/news\\\/2015\\\/06\\\/04\\\/une-semaine-europeenne-sous-le-signe-des-tensions\\\/#breadcrumb\",\"itemListElement\":[{\"@type\":\"ListItem\",\"position\":1,\"name\":\"Accueil\",\"item\":\"https:\\\/\\\/www.gold.fr\\\/\"},{\"@type\":\"ListItem\",\"position\":2,\"name\":\"Actualit\u00e9s\",\"item\":\"https:\\\/\\\/www.gold.fr\\\/news\\\/\"},{\"@type\":\"ListItem\",\"position\":3,\"name\":\"Une semaine europ\u00e9enne sous le signe des \u2018tensions\u2019\"}]},{\"@type\":\"WebSite\",\"@id\":\"https:\\\/\\\/www.gold.fr\\\/news\\\/#website\",\"url\":\"https:\\\/\\\/www.gold.fr\\\/news\\\/\",\"name\":\"Gold.fr\",\"description\":\"Actualit\u00e9s de l&#039;Or et des m\u00e9taux pr\u00e9cieux\",\"potentialAction\":[{\"@type\":\"SearchAction\",\"target\":{\"@type\":\"EntryPoint\",\"urlTemplate\":\"https:\\\/\\\/www.gold.fr\\\/news\\\/?s={search_term_string}\"},\"query-input\":{\"@type\":\"PropertyValueSpecification\",\"valueRequired\":true,\"valueName\":\"search_term_string\"}}],\"inLanguage\":\"fr-FR\"},{\"@type\":\"Person\",\"@id\":\"https:\\\/\\\/www.gold.fr\\\/news\\\/#\\\/schema\\\/person\\\/070491b4b4fb7671bf59b3be20302ce9\",\"name\":\"Comptoir National de l'Or\",\"image\":{\"@type\":\"ImageObject\",\"inLanguage\":\"fr-FR\",\"@id\":\"https:\\\/\\\/secure.gravatar.com\\\/avatar\\\/0a2867fd5abe37bed95d5a65e9d58f01756e11efc68af9888dfc50cfa7f65948?s=96&d=mm&r=gb490554db0a38188709de567aa58480d\",\"url\":\"https:\\\/\\\/secure.gravatar.com\\\/avatar\\\/0a2867fd5abe37bed95d5a65e9d58f01756e11efc68af9888dfc50cfa7f65948?s=96&d=mm&r=g\",\"contentUrl\":\"https:\\\/\\\/secure.gravatar.com\\\/avatar\\\/0a2867fd5abe37bed95d5a65e9d58f01756e11efc68af9888dfc50cfa7f65948?s=96&d=mm&r=g\",\"caption\":\"Comptoir National de l'Or\"},\"description\":\"Notre r\u00e9daction est constitu\u00e9e de membres experts dans les m\u00e9tiers de l'\u00e9conomie et la gestion, des Responsables d'agence Comptoir National de l'Or, des analystes financiers qui publient r\u00e9guli\u00e8rement des \u00e9tudes sur les politiques des banques centrales, le cours de l'or, prix de l'or, cours de l'argent, prix de l'argent, cours du platine, cours du palladium,... la situation en zone euro et l'impact de la strat\u00e9gie mon\u00e9taire de la FED. Notre \u00e9quipe scrute \u00e9galement une information plus g\u00e9n\u00e9raliste \u00e0 la recherche d'actualit\u00e9 \\\"p\u00e9pite\\\" \u00e0 vous partager. Depuis 5 ans, nous avons publi\u00e9 un peu plus de 4000 articles qui s'adressent \u00e0 un public large et vari\u00e9 ayant pour objectif de satisfaire votre curiosit\u00e9 et de partager avec vous une certaine fascination pour le m\u00e9tal jaune, le rachat d'or, et pour ceux qui veulent investir dans l'or, vendre leur or tout simplement en savoir plus... Pour tous vos achat or et argent, n'h\u00e9sitez pas \u00e0 prendre rendez-vous dans l'un de nos nombreux comptoirs.\",\"sameAs\":[\"https:\\\/\\\/www.gold.fr\"]}]}<\/script>\n<!-- \/ Yoast SEO plugin. -->","yoast_head_json":{"title":"Une semaine europ\u00e9enne sous le signe des \u2018tensions\u2019 - Gold.fr","robots":{"index":"index","follow":"follow","max-snippet":"max-snippet:-1","max-image-preview":"max-image-preview:large","max-video-preview":"max-video-preview:-1"},"canonical":"https:\/\/www.gold.fr\/news\/2015\/06\/04\/une-semaine-europeenne-sous-le-signe-des-tensions\/","og_locale":"fr_FR","og_type":"article","og_title":"Une semaine europ\u00e9enne sous le signe des \u2018tensions\u2019 - Gold.fr","og_description":"Avec une semaine au calendrier macro\u00e9conomique et \u00e9conomique aussi charg\u00e9, les march\u00e9s continuent \u00e0 afficher un repli g\u00e9n\u00e9ralis\u00e9, tir\u00e9s vers le bas par des op\u00e9rateurs qui semblent s&rsquo;\u00eatre donn\u00e9s le mot pour jouer obstin\u00e9ment la carte [&hellip;]","og_url":"https:\/\/www.gold.fr\/news\/2015\/06\/04\/une-semaine-europeenne-sous-le-signe-des-tensions\/","og_site_name":"Gold.fr","article_publisher":"https:\/\/www.facebook.com\/Goldfr\/","article_published_time":"2015-06-04T07:00:51+00:00","article_modified_time":"2017-11-29T17:02:28+00:00","og_image":[{"width":600,"height":417,"url":"https:\/\/www.gold.fr\/news\/wp-content\/uploads\/2012\/01\/Europe.jpg","type":"image\/jpeg"}],"author":"Comptoir National de l'Or","twitter_card":"summary_large_image","twitter_misc":{"\u00c9crit par":"Comptoir National de l'Or","Dur\u00e9e de lecture estim\u00e9e":"1 minute"},"schema":{"@context":"https:\/\/schema.org","@graph":[{"@type":"Article","@id":"https:\/\/www.gold.fr\/news\/2015\/06\/04\/une-semaine-europeenne-sous-le-signe-des-tensions\/#article","isPartOf":{"@id":"https:\/\/www.gold.fr\/news\/2015\/06\/04\/une-semaine-europeenne-sous-le-signe-des-tensions\/"},"author":{"name":"Comptoir National de l'Or","@id":"https:\/\/www.gold.fr\/news\/#\/schema\/person\/070491b4b4fb7671bf59b3be20302ce9"},"headline":"Une semaine europ\u00e9enne sous le signe des \u2018tensions\u2019","datePublished":"2015-06-04T07:00:51+00:00","dateModified":"2017-11-29T17:02:28+00:00","mainEntityOfPage":{"@id":"https:\/\/www.gold.fr\/news\/2015\/06\/04\/une-semaine-europeenne-sous-le-signe-des-tensions\/"},"wordCount":308,"commentCount":0,"image":{"@id":"https:\/\/www.gold.fr\/news\/2015\/06\/04\/une-semaine-europeenne-sous-le-signe-des-tensions\/#primaryimage"},"thumbnailUrl":"https:\/\/www.gold.fr\/news\/wp-content\/uploads\/2012\/01\/Europe.jpg","keywords":["bce","europe","fmi","FOMC","Gr\u00e8ce","mario draghi"],"articleSection":["Articles de presse"],"inLanguage":"fr-FR"},{"@type":"WebPage","@id":"https:\/\/www.gold.fr\/news\/2015\/06\/04\/une-semaine-europeenne-sous-le-signe-des-tensions\/","url":"https:\/\/www.gold.fr\/news\/2015\/06\/04\/une-semaine-europeenne-sous-le-signe-des-tensions\/","name":"Une semaine europ\u00e9enne sous le signe des \u2018tensions\u2019 - Gold.fr","isPartOf":{"@id":"https:\/\/www.gold.fr\/news\/#website"},"primaryImageOfPage":{"@id":"https:\/\/www.gold.fr\/news\/2015\/06\/04\/une-semaine-europeenne-sous-le-signe-des-tensions\/#primaryimage"},"image":{"@id":"https:\/\/www.gold.fr\/news\/2015\/06\/04\/une-semaine-europeenne-sous-le-signe-des-tensions\/#primaryimage"},"thumbnailUrl":"https:\/\/www.gold.fr\/news\/wp-content\/uploads\/2012\/01\/Europe.jpg","datePublished":"2015-06-04T07:00:51+00:00","dateModified":"2017-11-29T17:02:28+00:00","author":{"@id":"https:\/\/www.gold.fr\/news\/#\/schema\/person\/070491b4b4fb7671bf59b3be20302ce9"},"breadcrumb":{"@id":"https:\/\/www.gold.fr\/news\/2015\/06\/04\/une-semaine-europeenne-sous-le-signe-des-tensions\/#breadcrumb"},"inLanguage":"fr-FR","potentialAction":[{"@type":"ReadAction","target":["https:\/\/www.gold.fr\/news\/2015\/06\/04\/une-semaine-europeenne-sous-le-signe-des-tensions\/"]}]},{"@type":"ImageObject","inLanguage":"fr-FR","@id":"https:\/\/www.gold.fr\/news\/2015\/06\/04\/une-semaine-europeenne-sous-le-signe-des-tensions\/#primaryimage","url":"https:\/\/www.gold.fr\/news\/wp-content\/uploads\/2012\/01\/Europe.jpg","contentUrl":"https:\/\/www.gold.fr\/news\/wp-content\/uploads\/2012\/01\/Europe.jpg","width":"600","height":"417"},{"@type":"BreadcrumbList","@id":"https:\/\/www.gold.fr\/news\/2015\/06\/04\/une-semaine-europeenne-sous-le-signe-des-tensions\/#breadcrumb","itemListElement":[{"@type":"ListItem","position":1,"name":"Accueil","item":"https:\/\/www.gold.fr\/"},{"@type":"ListItem","position":2,"name":"Actualit\u00e9s","item":"https:\/\/www.gold.fr\/news\/"},{"@type":"ListItem","position":3,"name":"Une semaine europ\u00e9enne sous le signe des \u2018tensions\u2019"}]},{"@type":"WebSite","@id":"https:\/\/www.gold.fr\/news\/#website","url":"https:\/\/www.gold.fr\/news\/","name":"Gold.fr","description":"Actualit\u00e9s de l&#039;Or et des m\u00e9taux pr\u00e9cieux","potentialAction":[{"@type":"SearchAction","target":{"@type":"EntryPoint","urlTemplate":"https:\/\/www.gold.fr\/news\/?s={search_term_string}"},"query-input":{"@type":"PropertyValueSpecification","valueRequired":true,"valueName":"search_term_string"}}],"inLanguage":"fr-FR"},{"@type":"Person","@id":"https:\/\/www.gold.fr\/news\/#\/schema\/person\/070491b4b4fb7671bf59b3be20302ce9","name":"Comptoir National de l'Or","image":{"@type":"ImageObject","inLanguage":"fr-FR","@id":"https:\/\/secure.gravatar.com\/avatar\/0a2867fd5abe37bed95d5a65e9d58f01756e11efc68af9888dfc50cfa7f65948?s=96&d=mm&r=gb490554db0a38188709de567aa58480d","url":"https:\/\/secure.gravatar.com\/avatar\/0a2867fd5abe37bed95d5a65e9d58f01756e11efc68af9888dfc50cfa7f65948?s=96&d=mm&r=g","contentUrl":"https:\/\/secure.gravatar.com\/avatar\/0a2867fd5abe37bed95d5a65e9d58f01756e11efc68af9888dfc50cfa7f65948?s=96&d=mm&r=g","caption":"Comptoir National de l'Or"},"description":"Notre r\u00e9daction est constitu\u00e9e de membres experts dans les m\u00e9tiers de l'\u00e9conomie et la gestion, des Responsables d'agence Comptoir National de l'Or, des analystes financiers qui publient r\u00e9guli\u00e8rement des \u00e9tudes sur les politiques des banques centrales, le cours de l'or, prix de l'or, cours de l'argent, prix de l'argent, cours du platine, cours du palladium,... la situation en zone euro et l'impact de la strat\u00e9gie mon\u00e9taire de la FED. Notre \u00e9quipe scrute \u00e9galement une information plus g\u00e9n\u00e9raliste \u00e0 la recherche d'actualit\u00e9 \"p\u00e9pite\" \u00e0 vous partager. Depuis 5 ans, nous avons publi\u00e9 un peu plus de 4000 articles qui s'adressent \u00e0 un public large et vari\u00e9 ayant pour objectif de satisfaire votre curiosit\u00e9 et de partager avec vous une certaine fascination pour le m\u00e9tal jaune, le rachat d'or, et pour ceux qui veulent investir dans l'or, vendre leur or tout simplement en savoir plus... Pour tous vos achat or et argent, n'h\u00e9sitez pas \u00e0 prendre rendez-vous dans l'un de nos nombreux comptoirs.","sameAs":["https:\/\/www.gold.fr"]}]}},"authors":[{"term_id":2565,"user_id":18,"is_guest":0,"slug":"julie","display_name":"Comptoir National de l'Or","avatar_url":"https:\/\/secure.gravatar.com\/avatar\/713f289e398d35ead876c4a4cc08607f0d6d266058cfc25683fffb6092d0e572?s=96&d=mm&r=g","0":null,"1":"","2":"","3":"","4":"","5":"","6":"","7":"","8":""}],"_links":{"self":[{"href":"https:\/\/www.gold.fr\/news\/wp-json\/wp\/v2\/posts\/17252","targetHints":{"allow":["GET"]}}],"collection":[{"href":"https:\/\/www.gold.fr\/news\/wp-json\/wp\/v2\/posts"}],"about":[{"href":"https:\/\/www.gold.fr\/news\/wp-json\/wp\/v2\/types\/post"}],"author":[{"embeddable":true,"href":"https:\/\/www.gold.fr\/news\/wp-json\/wp\/v2\/users\/18"}],"replies":[{"embeddable":true,"href":"https:\/\/www.gold.fr\/news\/wp-json\/wp\/v2\/comments?post=17252"}],"version-history":[{"count":0,"href":"https:\/\/www.gold.fr\/news\/wp-json\/wp\/v2\/posts\/17252\/revisions"}],"wp:featuredmedia":[{"embeddable":true,"href":"https:\/\/www.gold.fr\/news\/wp-json\/wp\/v2\/media\/5011"}],"wp:attachment":[{"href":"https:\/\/www.gold.fr\/news\/wp-json\/wp\/v2\/media?parent=17252"}],"wp:term":[{"taxonomy":"category","embeddable":true,"href":"https:\/\/www.gold.fr\/news\/wp-json\/wp\/v2\/categories?post=17252"},{"taxonomy":"post_tag","embeddable":true,"href":"https:\/\/www.gold.fr\/news\/wp-json\/wp\/v2\/tags?post=17252"},{"taxonomy":"author","embeddable":true,"href":"https:\/\/www.gold.fr\/news\/wp-json\/wp\/v2\/ppma_author?post=17252"}],"curies":[{"name":"wp","href":"https:\/\/api.w.org\/{rel}","templated":true}]}}