{"id":17244,"date":"2015-06-03T09:00:19","date_gmt":"2015-06-03T07:00:19","guid":{"rendered":"https:\/\/www.gold.fr\/news\/?p=17244"},"modified":"2017-11-29T18:02:32","modified_gmt":"2017-11-29T17:02:32","slug":"le-dossier-grec-peut-on-etre-optimistes","status":"publish","type":"post","link":"https:\/\/www.gold.fr\/news\/2015\/06\/03\/le-dossier-grec-peut-on-etre-optimistes\/","title":{"rendered":"Le dossier grec : Peut-on \u00eatre optimistes ?"},"content":{"rendered":"<p><img loading=\"lazy\" decoding=\"async\" class=\"alignleft size-thumbnail wp-image-4547\" title=\"Le dossier grec : Peut-on \u00eatre optimistes ?\" src=\"https:\/\/www.gold.fr\/news\/wp-content\/uploads\/2011\/12\/87319963-150x150.jpg\" alt=\"\" width=\"150\" height=\"150\" \/><span style=\"font-size: small;\">En d\u00e9pit d\u2019une avalanche d\u2019indicateurs et de statistiques macro\u00e9conomiques, d\u00e9ferlant d\u2019une rive \u00e0 l\u2019autre de l\u2019Atlantique, le dossier grec continue \u00e0 monopoliser le devant de la sc\u00e8ne \u00e9conomique aussi bien europ\u00e9enne qu\u2019am\u00e9ricaine. Apr\u00e8s de longs mois de n\u00e9gociations, d\u2019impasses et d\u2019espoirs d\u00e9\u00e7us, le spectre de la crise d\u2019endettement grecque continue \u00e0 planer dangereusement au-dessus de l\u2019\u00e9quilibre \u00e9conomique de l\u2019eurozone, et bien au-del\u00e0.<\/span>    <span style=\"font-size: small;\">Les march\u00e9s europ\u00e9ens avaient d\u00e9but\u00e9 la semaine sur une note m\u00e9fiante et en repli, en d\u00e9pit des nouveaux espoirs qui refont surface, au sein de certains milieux boursiers. Les experts notent en effet l\u2019existence d\u2019un \u00ab<em> certain degr\u00e9 d&rsquo;optimisme au sujet de la Gr\u00e8ce, alors que les dirigeants europ\u00e9ens se sont rencontr\u00e9s hier soir pour \u00e9voquer la question<\/em> \u00bb, expliquant cet optimisme par le fait que les \u00ab<em> informations \u00e9voquant la tenue d&rsquo;une r\u00e9union \u00e0 Berlin entre Angela Merkel, Christine Largarde, Mario Draghi, Fran\u00e7ois Hollande et Alexis Tsipras ont \u00e9t\u00e9 prises favorablement<\/em> \u00bb.<\/span>    <span style=\"font-size: small;\">Cet optimisme est d\u2019ailleurs l\u2019un des facteurs baissiers qui p\u00e8sent le plus, actuellement, sur l\u2019\u00e9volution du march\u00e9 aurif\u00e8re. Rappelons en effet que, lundi, les chefs d&rsquo;Etat et de gouvernement d&rsquo;Allemagne et de France avaient tenu une r\u00e9union avec les responsables de la banque centrale europ\u00e9enne, de la Commission europ\u00e9enne et du <strong>FMI<\/strong> (en d\u2019autres termes, les principaux cr\u00e9anciers de la Gr\u00e8ce) afin de discuter du dossier en question. Par ailleurs, <strong>Ath\u00e8nes<\/strong> (l\u2019administration d\u2019<strong>Alexis Tsipras<\/strong>) \u00ab <em>aurait fait de nouvelles propositions<\/em> \u00bb.<\/span>    <span style=\"font-size: small;\">Une affaire \u00e0 suivre\u2026<\/span><\/p>\n<!-- AddThis Advanced Settings generic via filter on the_content --><!-- AddThis Share Buttons generic via filter on the_content -->","protected":false},"excerpt":{"rendered":"<p>En d\u00e9pit d\u2019une avalanche d\u2019indicateurs et de statistiques macro\u00e9conomiques, d\u00e9ferlant d\u2019une rive \u00e0 l\u2019autre de l\u2019Atlantique, le dossier grec continue \u00e0 monopoliser le devant de la sc\u00e8ne \u00e9conomique aussi bien europ\u00e9enne qu\u2019am\u00e9ricaine. Apr\u00e8s de longs mois [&hellip;]<\/p>\n","protected":false},"author":18,"featured_media":4547,"comment_status":"open","ping_status":"open","sticky":false,"template":"","format":"standard","meta":{"_mbp_gutenberg_autopost":false,"_pgmb_is_evergreen":false,"_pgmb_ap_template_id":0,"footnotes":""},"categories":[6],"tags":[1625,211,224,1047],"ppma_author":[2565],"class_list":["post-17244","post","type-post","status-publish","format-standard","has-post-thumbnail","hentry","category-articles-de-presse","tag-eurozone","tag-fmi","tag-grece","tag-marche-aurifere"],"yoast_head":"<!-- This site is optimized with the Yoast SEO plugin v27.5 - https:\/\/yoast.com\/product\/yoast-seo-wordpress\/ -->\n<title>Le dossier grec : Peut-on \u00eatre optimistes ? - Gold.fr<\/title>\n<meta name=\"robots\" content=\"index, follow, max-snippet:-1, max-image-preview:large, max-video-preview:-1\" \/>\n<link rel=\"canonical\" href=\"https:\/\/www.gold.fr\/news\/2015\/06\/03\/le-dossier-grec-peut-on-etre-optimistes\/\" \/>\n<meta property=\"og:locale\" content=\"fr_FR\" \/>\n<meta property=\"og:type\" content=\"article\" \/>\n<meta property=\"og:title\" content=\"Le dossier grec : Peut-on \u00eatre optimistes ? - Gold.fr\" \/>\n<meta property=\"og:description\" content=\"En d\u00e9pit d\u2019une avalanche d\u2019indicateurs et de statistiques macro\u00e9conomiques, d\u00e9ferlant d\u2019une rive \u00e0 l\u2019autre de l\u2019Atlantique, le dossier grec continue \u00e0 monopoliser le devant de la sc\u00e8ne \u00e9conomique aussi bien europ\u00e9enne qu\u2019am\u00e9ricaine. Apr\u00e8s de longs mois [&hellip;]\" \/>\n<meta property=\"og:url\" content=\"https:\/\/www.gold.fr\/news\/2015\/06\/03\/le-dossier-grec-peut-on-etre-optimistes\/\" \/>\n<meta property=\"og:site_name\" content=\"Gold.fr\" \/>\n<meta property=\"article:publisher\" content=\"https:\/\/www.facebook.com\/Goldfr\/\" \/>\n<meta property=\"article:published_time\" content=\"2015-06-03T07:00:19+00:00\" \/>\n<meta property=\"article:modified_time\" content=\"2017-11-29T17:02:32+00:00\" \/>\n<meta property=\"og:image\" content=\"https:\/\/www.gold.fr\/news\/wp-content\/uploads\/2011\/12\/87319963.jpg\" \/>\n\t<meta property=\"og:image:width\" content=\"600\" \/>\n\t<meta property=\"og:image:height\" content=\"400\" \/>\n\t<meta property=\"og:image:type\" content=\"image\/jpeg\" \/>\n<meta name=\"author\" content=\"Comptoir National de l&#039;Or\" \/>\n<meta name=\"twitter:card\" content=\"summary_large_image\" \/>\n<meta name=\"twitter:label1\" content=\"\u00c9crit par\" \/>\n\t<meta name=\"twitter:data1\" content=\"Comptoir National de l&#039;Or\" \/>\n\t<meta name=\"twitter:label2\" content=\"Dur\u00e9e de lecture estim\u00e9e\" \/>\n\t<meta name=\"twitter:data2\" content=\"1 minute\" \/>\n<script type=\"application\/ld+json\" class=\"yoast-schema-graph\">{\"@context\":\"https:\\\/\\\/schema.org\",\"@graph\":[{\"@type\":\"Article\",\"@id\":\"https:\\\/\\\/www.gold.fr\\\/news\\\/2015\\\/06\\\/03\\\/le-dossier-grec-peut-on-etre-optimistes\\\/#article\",\"isPartOf\":{\"@id\":\"https:\\\/\\\/www.gold.fr\\\/news\\\/2015\\\/06\\\/03\\\/le-dossier-grec-peut-on-etre-optimistes\\\/\"},\"author\":{\"name\":\"Comptoir National de l'Or\",\"@id\":\"https:\\\/\\\/www.gold.fr\\\/news\\\/#\\\/schema\\\/person\\\/070491b4b4fb7671bf59b3be20302ce9\"},\"headline\":\"Le dossier grec : Peut-on \u00eatre optimistes ?\",\"datePublished\":\"2015-06-03T07:00:19+00:00\",\"dateModified\":\"2017-11-29T17:02:32+00:00\",\"mainEntityOfPage\":{\"@id\":\"https:\\\/\\\/www.gold.fr\\\/news\\\/2015\\\/06\\\/03\\\/le-dossier-grec-peut-on-etre-optimistes\\\/\"},\"wordCount\":285,\"commentCount\":0,\"image\":{\"@id\":\"https:\\\/\\\/www.gold.fr\\\/news\\\/2015\\\/06\\\/03\\\/le-dossier-grec-peut-on-etre-optimistes\\\/#primaryimage\"},\"thumbnailUrl\":\"https:\\\/\\\/www.gold.fr\\\/news\\\/wp-content\\\/uploads\\\/2011\\\/12\\\/87319963.jpg\",\"keywords\":[\"Eurozone\",\"fmi\",\"Gr\u00e8ce\",\"march\u00e9 aurif\u00e8re\"],\"articleSection\":[\"Articles de presse\"],\"inLanguage\":\"fr-FR\"},{\"@type\":\"WebPage\",\"@id\":\"https:\\\/\\\/www.gold.fr\\\/news\\\/2015\\\/06\\\/03\\\/le-dossier-grec-peut-on-etre-optimistes\\\/\",\"url\":\"https:\\\/\\\/www.gold.fr\\\/news\\\/2015\\\/06\\\/03\\\/le-dossier-grec-peut-on-etre-optimistes\\\/\",\"name\":\"Le dossier grec : Peut-on \u00eatre optimistes ? - Gold.fr\",\"isPartOf\":{\"@id\":\"https:\\\/\\\/www.gold.fr\\\/news\\\/#website\"},\"primaryImageOfPage\":{\"@id\":\"https:\\\/\\\/www.gold.fr\\\/news\\\/2015\\\/06\\\/03\\\/le-dossier-grec-peut-on-etre-optimistes\\\/#primaryimage\"},\"image\":{\"@id\":\"https:\\\/\\\/www.gold.fr\\\/news\\\/2015\\\/06\\\/03\\\/le-dossier-grec-peut-on-etre-optimistes\\\/#primaryimage\"},\"thumbnailUrl\":\"https:\\\/\\\/www.gold.fr\\\/news\\\/wp-content\\\/uploads\\\/2011\\\/12\\\/87319963.jpg\",\"datePublished\":\"2015-06-03T07:00:19+00:00\",\"dateModified\":\"2017-11-29T17:02:32+00:00\",\"author\":{\"@id\":\"https:\\\/\\\/www.gold.fr\\\/news\\\/#\\\/schema\\\/person\\\/070491b4b4fb7671bf59b3be20302ce9\"},\"breadcrumb\":{\"@id\":\"https:\\\/\\\/www.gold.fr\\\/news\\\/2015\\\/06\\\/03\\\/le-dossier-grec-peut-on-etre-optimistes\\\/#breadcrumb\"},\"inLanguage\":\"fr-FR\",\"potentialAction\":[{\"@type\":\"ReadAction\",\"target\":[\"https:\\\/\\\/www.gold.fr\\\/news\\\/2015\\\/06\\\/03\\\/le-dossier-grec-peut-on-etre-optimistes\\\/\"]}]},{\"@type\":\"ImageObject\",\"inLanguage\":\"fr-FR\",\"@id\":\"https:\\\/\\\/www.gold.fr\\\/news\\\/2015\\\/06\\\/03\\\/le-dossier-grec-peut-on-etre-optimistes\\\/#primaryimage\",\"url\":\"https:\\\/\\\/www.gold.fr\\\/news\\\/wp-content\\\/uploads\\\/2011\\\/12\\\/87319963.jpg\",\"contentUrl\":\"https:\\\/\\\/www.gold.fr\\\/news\\\/wp-content\\\/uploads\\\/2011\\\/12\\\/87319963.jpg\",\"width\":\"600\",\"height\":\"400\",\"caption\":\"Dossier grec : La fin d\u2019une crise ?\"},{\"@type\":\"BreadcrumbList\",\"@id\":\"https:\\\/\\\/www.gold.fr\\\/news\\\/2015\\\/06\\\/03\\\/le-dossier-grec-peut-on-etre-optimistes\\\/#breadcrumb\",\"itemListElement\":[{\"@type\":\"ListItem\",\"position\":1,\"name\":\"Accueil\",\"item\":\"https:\\\/\\\/www.gold.fr\\\/\"},{\"@type\":\"ListItem\",\"position\":2,\"name\":\"Actualit\u00e9s\",\"item\":\"https:\\\/\\\/www.gold.fr\\\/news\\\/\"},{\"@type\":\"ListItem\",\"position\":3,\"name\":\"Le dossier grec : Peut-on \u00eatre optimistes ?\"}]},{\"@type\":\"WebSite\",\"@id\":\"https:\\\/\\\/www.gold.fr\\\/news\\\/#website\",\"url\":\"https:\\\/\\\/www.gold.fr\\\/news\\\/\",\"name\":\"Gold.fr\",\"description\":\"Actualit\u00e9s de l&#039;Or et des m\u00e9taux pr\u00e9cieux\",\"potentialAction\":[{\"@type\":\"SearchAction\",\"target\":{\"@type\":\"EntryPoint\",\"urlTemplate\":\"https:\\\/\\\/www.gold.fr\\\/news\\\/?s={search_term_string}\"},\"query-input\":{\"@type\":\"PropertyValueSpecification\",\"valueRequired\":true,\"valueName\":\"search_term_string\"}}],\"inLanguage\":\"fr-FR\"},{\"@type\":\"Person\",\"@id\":\"https:\\\/\\\/www.gold.fr\\\/news\\\/#\\\/schema\\\/person\\\/070491b4b4fb7671bf59b3be20302ce9\",\"name\":\"Comptoir National de l'Or\",\"image\":{\"@type\":\"ImageObject\",\"inLanguage\":\"fr-FR\",\"@id\":\"https:\\\/\\\/secure.gravatar.com\\\/avatar\\\/0a2867fd5abe37bed95d5a65e9d58f01756e11efc68af9888dfc50cfa7f65948?s=96&d=mm&r=gb490554db0a38188709de567aa58480d\",\"url\":\"https:\\\/\\\/secure.gravatar.com\\\/avatar\\\/0a2867fd5abe37bed95d5a65e9d58f01756e11efc68af9888dfc50cfa7f65948?s=96&d=mm&r=g\",\"contentUrl\":\"https:\\\/\\\/secure.gravatar.com\\\/avatar\\\/0a2867fd5abe37bed95d5a65e9d58f01756e11efc68af9888dfc50cfa7f65948?s=96&d=mm&r=g\",\"caption\":\"Comptoir National de l'Or\"},\"description\":\"Notre r\u00e9daction est constitu\u00e9e de membres experts dans les m\u00e9tiers de l'\u00e9conomie et la gestion, des Responsables d'agence Comptoir National de l'Or, des analystes financiers qui publient r\u00e9guli\u00e8rement des \u00e9tudes sur les politiques des banques centrales, le cours de l'or, prix de l'or, cours de l'argent, prix de l'argent, cours du platine, cours du palladium,... la situation en zone euro et l'impact de la strat\u00e9gie mon\u00e9taire de la FED. Notre \u00e9quipe scrute \u00e9galement une information plus g\u00e9n\u00e9raliste \u00e0 la recherche d'actualit\u00e9 \\\"p\u00e9pite\\\" \u00e0 vous partager. Depuis 5 ans, nous avons publi\u00e9 un peu plus de 4000 articles qui s'adressent \u00e0 un public large et vari\u00e9 ayant pour objectif de satisfaire votre curiosit\u00e9 et de partager avec vous une certaine fascination pour le m\u00e9tal jaune, le rachat d'or, et pour ceux qui veulent investir dans l'or, vendre leur or tout simplement en savoir plus... Pour tous vos achat or et argent, n'h\u00e9sitez pas \u00e0 prendre rendez-vous dans l'un de nos nombreux comptoirs.\",\"sameAs\":[\"https:\\\/\\\/www.gold.fr\"]}]}<\/script>\n<!-- \/ Yoast SEO plugin. -->","yoast_head_json":{"title":"Le dossier grec : Peut-on \u00eatre optimistes ? - Gold.fr","robots":{"index":"index","follow":"follow","max-snippet":"max-snippet:-1","max-image-preview":"max-image-preview:large","max-video-preview":"max-video-preview:-1"},"canonical":"https:\/\/www.gold.fr\/news\/2015\/06\/03\/le-dossier-grec-peut-on-etre-optimistes\/","og_locale":"fr_FR","og_type":"article","og_title":"Le dossier grec : Peut-on \u00eatre optimistes ? - Gold.fr","og_description":"En d\u00e9pit d\u2019une avalanche d\u2019indicateurs et de statistiques macro\u00e9conomiques, d\u00e9ferlant d\u2019une rive \u00e0 l\u2019autre de l\u2019Atlantique, le dossier grec continue \u00e0 monopoliser le devant de la sc\u00e8ne \u00e9conomique aussi bien europ\u00e9enne qu\u2019am\u00e9ricaine. Apr\u00e8s de longs mois [&hellip;]","og_url":"https:\/\/www.gold.fr\/news\/2015\/06\/03\/le-dossier-grec-peut-on-etre-optimistes\/","og_site_name":"Gold.fr","article_publisher":"https:\/\/www.facebook.com\/Goldfr\/","article_published_time":"2015-06-03T07:00:19+00:00","article_modified_time":"2017-11-29T17:02:32+00:00","og_image":[{"width":600,"height":400,"url":"https:\/\/www.gold.fr\/news\/wp-content\/uploads\/2011\/12\/87319963.jpg","type":"image\/jpeg"}],"author":"Comptoir National de l'Or","twitter_card":"summary_large_image","twitter_misc":{"\u00c9crit par":"Comptoir National de l'Or","Dur\u00e9e de lecture estim\u00e9e":"1 minute"},"schema":{"@context":"https:\/\/schema.org","@graph":[{"@type":"Article","@id":"https:\/\/www.gold.fr\/news\/2015\/06\/03\/le-dossier-grec-peut-on-etre-optimistes\/#article","isPartOf":{"@id":"https:\/\/www.gold.fr\/news\/2015\/06\/03\/le-dossier-grec-peut-on-etre-optimistes\/"},"author":{"name":"Comptoir National de l'Or","@id":"https:\/\/www.gold.fr\/news\/#\/schema\/person\/070491b4b4fb7671bf59b3be20302ce9"},"headline":"Le dossier grec : Peut-on \u00eatre optimistes ?","datePublished":"2015-06-03T07:00:19+00:00","dateModified":"2017-11-29T17:02:32+00:00","mainEntityOfPage":{"@id":"https:\/\/www.gold.fr\/news\/2015\/06\/03\/le-dossier-grec-peut-on-etre-optimistes\/"},"wordCount":285,"commentCount":0,"image":{"@id":"https:\/\/www.gold.fr\/news\/2015\/06\/03\/le-dossier-grec-peut-on-etre-optimistes\/#primaryimage"},"thumbnailUrl":"https:\/\/www.gold.fr\/news\/wp-content\/uploads\/2011\/12\/87319963.jpg","keywords":["Eurozone","fmi","Gr\u00e8ce","march\u00e9 aurif\u00e8re"],"articleSection":["Articles de presse"],"inLanguage":"fr-FR"},{"@type":"WebPage","@id":"https:\/\/www.gold.fr\/news\/2015\/06\/03\/le-dossier-grec-peut-on-etre-optimistes\/","url":"https:\/\/www.gold.fr\/news\/2015\/06\/03\/le-dossier-grec-peut-on-etre-optimistes\/","name":"Le dossier grec : Peut-on \u00eatre optimistes ? - Gold.fr","isPartOf":{"@id":"https:\/\/www.gold.fr\/news\/#website"},"primaryImageOfPage":{"@id":"https:\/\/www.gold.fr\/news\/2015\/06\/03\/le-dossier-grec-peut-on-etre-optimistes\/#primaryimage"},"image":{"@id":"https:\/\/www.gold.fr\/news\/2015\/06\/03\/le-dossier-grec-peut-on-etre-optimistes\/#primaryimage"},"thumbnailUrl":"https:\/\/www.gold.fr\/news\/wp-content\/uploads\/2011\/12\/87319963.jpg","datePublished":"2015-06-03T07:00:19+00:00","dateModified":"2017-11-29T17:02:32+00:00","author":{"@id":"https:\/\/www.gold.fr\/news\/#\/schema\/person\/070491b4b4fb7671bf59b3be20302ce9"},"breadcrumb":{"@id":"https:\/\/www.gold.fr\/news\/2015\/06\/03\/le-dossier-grec-peut-on-etre-optimistes\/#breadcrumb"},"inLanguage":"fr-FR","potentialAction":[{"@type":"ReadAction","target":["https:\/\/www.gold.fr\/news\/2015\/06\/03\/le-dossier-grec-peut-on-etre-optimistes\/"]}]},{"@type":"ImageObject","inLanguage":"fr-FR","@id":"https:\/\/www.gold.fr\/news\/2015\/06\/03\/le-dossier-grec-peut-on-etre-optimistes\/#primaryimage","url":"https:\/\/www.gold.fr\/news\/wp-content\/uploads\/2011\/12\/87319963.jpg","contentUrl":"https:\/\/www.gold.fr\/news\/wp-content\/uploads\/2011\/12\/87319963.jpg","width":"600","height":"400","caption":"Dossier grec : La fin d\u2019une crise ?"},{"@type":"BreadcrumbList","@id":"https:\/\/www.gold.fr\/news\/2015\/06\/03\/le-dossier-grec-peut-on-etre-optimistes\/#breadcrumb","itemListElement":[{"@type":"ListItem","position":1,"name":"Accueil","item":"https:\/\/www.gold.fr\/"},{"@type":"ListItem","position":2,"name":"Actualit\u00e9s","item":"https:\/\/www.gold.fr\/news\/"},{"@type":"ListItem","position":3,"name":"Le dossier grec : Peut-on \u00eatre optimistes ?"}]},{"@type":"WebSite","@id":"https:\/\/www.gold.fr\/news\/#website","url":"https:\/\/www.gold.fr\/news\/","name":"Gold.fr","description":"Actualit\u00e9s de l&#039;Or et des m\u00e9taux pr\u00e9cieux","potentialAction":[{"@type":"SearchAction","target":{"@type":"EntryPoint","urlTemplate":"https:\/\/www.gold.fr\/news\/?s={search_term_string}"},"query-input":{"@type":"PropertyValueSpecification","valueRequired":true,"valueName":"search_term_string"}}],"inLanguage":"fr-FR"},{"@type":"Person","@id":"https:\/\/www.gold.fr\/news\/#\/schema\/person\/070491b4b4fb7671bf59b3be20302ce9","name":"Comptoir National de l'Or","image":{"@type":"ImageObject","inLanguage":"fr-FR","@id":"https:\/\/secure.gravatar.com\/avatar\/0a2867fd5abe37bed95d5a65e9d58f01756e11efc68af9888dfc50cfa7f65948?s=96&d=mm&r=gb490554db0a38188709de567aa58480d","url":"https:\/\/secure.gravatar.com\/avatar\/0a2867fd5abe37bed95d5a65e9d58f01756e11efc68af9888dfc50cfa7f65948?s=96&d=mm&r=g","contentUrl":"https:\/\/secure.gravatar.com\/avatar\/0a2867fd5abe37bed95d5a65e9d58f01756e11efc68af9888dfc50cfa7f65948?s=96&d=mm&r=g","caption":"Comptoir National de l'Or"},"description":"Notre r\u00e9daction est constitu\u00e9e de membres experts dans les m\u00e9tiers de l'\u00e9conomie et la gestion, des Responsables d'agence Comptoir National de l'Or, des analystes financiers qui publient r\u00e9guli\u00e8rement des \u00e9tudes sur les politiques des banques centrales, le cours de l'or, prix de l'or, cours de l'argent, prix de l'argent, cours du platine, cours du palladium,... la situation en zone euro et l'impact de la strat\u00e9gie mon\u00e9taire de la FED. Notre \u00e9quipe scrute \u00e9galement une information plus g\u00e9n\u00e9raliste \u00e0 la recherche d'actualit\u00e9 \"p\u00e9pite\" \u00e0 vous partager. Depuis 5 ans, nous avons publi\u00e9 un peu plus de 4000 articles qui s'adressent \u00e0 un public large et vari\u00e9 ayant pour objectif de satisfaire votre curiosit\u00e9 et de partager avec vous une certaine fascination pour le m\u00e9tal jaune, le rachat d'or, et pour ceux qui veulent investir dans l'or, vendre leur or tout simplement en savoir plus... Pour tous vos achat or et argent, n'h\u00e9sitez pas \u00e0 prendre rendez-vous dans l'un de nos nombreux comptoirs.","sameAs":["https:\/\/www.gold.fr"]}]}},"authors":[{"term_id":2565,"user_id":18,"is_guest":0,"slug":"julie","display_name":"Comptoir National de l'Or","avatar_url":"https:\/\/secure.gravatar.com\/avatar\/713f289e398d35ead876c4a4cc08607f0d6d266058cfc25683fffb6092d0e572?s=96&d=mm&r=g","0":null,"1":"","2":"","3":"","4":"","5":"","6":"","7":"","8":""}],"_links":{"self":[{"href":"https:\/\/www.gold.fr\/news\/wp-json\/wp\/v2\/posts\/17244","targetHints":{"allow":["GET"]}}],"collection":[{"href":"https:\/\/www.gold.fr\/news\/wp-json\/wp\/v2\/posts"}],"about":[{"href":"https:\/\/www.gold.fr\/news\/wp-json\/wp\/v2\/types\/post"}],"author":[{"embeddable":true,"href":"https:\/\/www.gold.fr\/news\/wp-json\/wp\/v2\/users\/18"}],"replies":[{"embeddable":true,"href":"https:\/\/www.gold.fr\/news\/wp-json\/wp\/v2\/comments?post=17244"}],"version-history":[{"count":0,"href":"https:\/\/www.gold.fr\/news\/wp-json\/wp\/v2\/posts\/17244\/revisions"}],"wp:featuredmedia":[{"embeddable":true,"href":"https:\/\/www.gold.fr\/news\/wp-json\/wp\/v2\/media\/4547"}],"wp:attachment":[{"href":"https:\/\/www.gold.fr\/news\/wp-json\/wp\/v2\/media?parent=17244"}],"wp:term":[{"taxonomy":"category","embeddable":true,"href":"https:\/\/www.gold.fr\/news\/wp-json\/wp\/v2\/categories?post=17244"},{"taxonomy":"post_tag","embeddable":true,"href":"https:\/\/www.gold.fr\/news\/wp-json\/wp\/v2\/tags?post=17244"},{"taxonomy":"author","embeddable":true,"href":"https:\/\/www.gold.fr\/news\/wp-json\/wp\/v2\/ppma_author?post=17244"}],"curies":[{"name":"wp","href":"https:\/\/api.w.org\/{rel}","templated":true}]}}