{"id":17137,"date":"2015-05-18T09:00:31","date_gmt":"2015-05-18T07:00:31","guid":{"rendered":"https:\/\/www.gold.fr\/news\/?p=17137"},"modified":"2017-11-02T11:39:01","modified_gmt":"2017-11-02T10:39:01","slug":"le-discours-draghi-rassure-leurozone","status":"publish","type":"post","link":"https:\/\/www.gold.fr\/news\/2015\/05\/18\/le-discours-draghi-rassure-leurozone\/","title":{"rendered":"Le discours Draghi rassure l\u2019eurozone"},"content":{"rendered":"<p><img loading=\"lazy\" decoding=\"async\" class=\"alignleft size-thumbnail wp-image-4027\" title=\"Le discours Draghi rassure l\u2019eurozone\" src=\"https:\/\/www.gold.fr\/news\/wp-content\/uploads\/2011\/11\/BA5623-001-150x150.jpg\" alt=\"\" width=\"150\" height=\"150\" \/><span style=\"font-size: small;\">Les principales places boursi\u00e8res europ\u00e9ennes avaient connu une fin de semaine euphorique, la semaine derni\u00e8re, grandement revigor\u00e9es par le discours clairement rassurant de <strong>Mario Draghi<\/strong>, pr\u00e9sident de la banque centrale europ\u00e9enne. Les propos du chef de la <strong>BCE<\/strong> avaient en effet \u00e9cart\u00e9 les angoisses relatives \u00e0 une potentielle r\u00e9duction des rachats d&rsquo;actifs par l\u2019institution. Du coup, les bourses de <strong>Zurich<\/strong>, <strong>Amsterdam<\/strong>, <strong>Francfort<\/strong>, <strong>Paris<\/strong>, <strong>Milan<\/strong>, <strong>Bruxelles<\/strong>, <strong>Londres<\/strong>, <strong>Madrid<\/strong> et <strong>Lisbonne<\/strong> avaient unanimement cl\u00f4tur\u00e9 les s\u00e9ances de vendredi dernier sur des performances plus ou moins haussi\u00e8res, mais affich\u00e9es, toutes, dans un vert commun.<\/span>    <span style=\"font-size: small;\">Et force est d\u2019admettre que les propos de <strong>Mario Draghi<\/strong> avaient de quoi insuffler une telle vague d\u2019optimisme et d\u2019app\u00e9tit investisseurs. Le pr\u00e9sident de la <strong>BCE<\/strong> avait en effet d\u00e9clar\u00e9 (dans le cadre d\u2019une intervention au si\u00e8ge du Fonds Mon\u00e9taire International) qu\u2019il avait d\u00e9cid\u00e9, en concertation avec son conseil des gouverneurs, d\u2019appliquer \u00ab<em> le programme de rachats d&rsquo;actifs dans son entier comme annonc\u00e9 et de toute fa\u00e7on jusqu&rsquo;\u00e0 ce que l&rsquo;on voit un ajustement durable de la trajectoire de l&rsquo;inflation<\/em> \u00bb.<\/span>    <span style=\"font-size: small;\">Pour les experts, ces annonces n\u2019ont pourtant rien d\u2019\u00e9tonnant. C\u2019est notamment le cas d\u2019<strong>Aurel BGC<\/strong> qui soulignait que \u00ab<em> hypoth\u00e8se incongrue d&rsquo;un \u00ab\u00a0tapering\u00a0\u00bb (ralentissement des rachats d&rsquo;actifs) circulait en Europe alors que la <strong>BCE<\/strong> vient \u00e0 peine de d\u00e9marrer son programme de <strong>QE<\/strong> et malgr\u00e9 une inflation qui reste proche de 0%<\/em> \u00bb.<\/span><\/p>\n<!-- AddThis Advanced Settings generic via filter on the_content --><!-- AddThis Share Buttons generic via filter on the_content -->","protected":false},"excerpt":{"rendered":"<p>Les principales places boursi\u00e8res europ\u00e9ennes avaient connu une fin de semaine euphorique, la semaine derni\u00e8re, grandement revigor\u00e9es par le discours clairement rassurant de Mario Draghi, pr\u00e9sident de la banque centrale europ\u00e9enne. Les propos du chef de [&hellip;]<\/p>\n","protected":false},"author":18,"featured_media":4027,"comment_status":"open","ping_status":"open","sticky":false,"template":"","format":"standard","meta":{"_mbp_gutenberg_autopost":false,"_pgmb_is_evergreen":false,"_pgmb_ap_template_id":0,"footnotes":""},"categories":[6],"tags":[143,1188,1897],"ppma_author":[2565],"class_list":["post-17137","post","type-post","status-publish","format-standard","has-post-thumbnail","hentry","category-articles-de-presse","tag-bce","tag-bourse","tag-draghi"],"yoast_head":"<!-- This site is optimized with the Yoast SEO plugin v27.5 - https:\/\/yoast.com\/product\/yoast-seo-wordpress\/ -->\n<title>Le discours Draghi rassure l\u2019eurozone - Gold.fr<\/title>\n<meta name=\"robots\" content=\"index, follow, max-snippet:-1, max-image-preview:large, max-video-preview:-1\" \/>\n<link rel=\"canonical\" href=\"https:\/\/www.gold.fr\/news\/2015\/05\/18\/le-discours-draghi-rassure-leurozone\/\" \/>\n<meta property=\"og:locale\" content=\"fr_FR\" \/>\n<meta property=\"og:type\" content=\"article\" \/>\n<meta property=\"og:title\" content=\"Le discours Draghi rassure l\u2019eurozone - Gold.fr\" \/>\n<meta property=\"og:description\" content=\"Les principales places boursi\u00e8res europ\u00e9ennes avaient connu une fin de semaine euphorique, la semaine derni\u00e8re, grandement revigor\u00e9es par le discours clairement rassurant de Mario Draghi, pr\u00e9sident de la banque centrale europ\u00e9enne. Les propos du chef de [&hellip;]\" \/>\n<meta property=\"og:url\" content=\"https:\/\/www.gold.fr\/news\/2015\/05\/18\/le-discours-draghi-rassure-leurozone\/\" \/>\n<meta property=\"og:site_name\" content=\"Gold.fr\" \/>\n<meta property=\"article:publisher\" content=\"https:\/\/www.facebook.com\/Goldfr\/\" \/>\n<meta property=\"article:published_time\" content=\"2015-05-18T07:00:31+00:00\" \/>\n<meta property=\"article:modified_time\" content=\"2017-11-02T10:39:01+00:00\" \/>\n<meta property=\"og:image\" content=\"https:\/\/www.gold.fr\/news\/wp-content\/uploads\/2011\/11\/BA5623-001.jpg\" \/>\n\t<meta property=\"og:image:width\" content=\"600\" \/>\n\t<meta property=\"og:image:height\" content=\"384\" \/>\n\t<meta property=\"og:image:type\" content=\"image\/jpeg\" \/>\n<meta name=\"author\" content=\"Comptoir National de l&#039;Or\" \/>\n<meta name=\"twitter:card\" content=\"summary_large_image\" \/>\n<meta name=\"twitter:label1\" content=\"\u00c9crit par\" \/>\n\t<meta name=\"twitter:data1\" content=\"Comptoir National de l&#039;Or\" \/>\n\t<meta name=\"twitter:label2\" content=\"Dur\u00e9e de lecture estim\u00e9e\" \/>\n\t<meta name=\"twitter:data2\" content=\"1 minute\" \/>\n<script type=\"application\/ld+json\" class=\"yoast-schema-graph\">{\"@context\":\"https:\\\/\\\/schema.org\",\"@graph\":[{\"@type\":\"Article\",\"@id\":\"https:\\\/\\\/www.gold.fr\\\/news\\\/2015\\\/05\\\/18\\\/le-discours-draghi-rassure-leurozone\\\/#article\",\"isPartOf\":{\"@id\":\"https:\\\/\\\/www.gold.fr\\\/news\\\/2015\\\/05\\\/18\\\/le-discours-draghi-rassure-leurozone\\\/\"},\"author\":{\"name\":\"Comptoir National de l'Or\",\"@id\":\"https:\\\/\\\/www.gold.fr\\\/news\\\/#\\\/schema\\\/person\\\/070491b4b4fb7671bf59b3be20302ce9\"},\"headline\":\"Le discours Draghi rassure l\u2019eurozone\",\"datePublished\":\"2015-05-18T07:00:31+00:00\",\"dateModified\":\"2017-11-02T10:39:01+00:00\",\"mainEntityOfPage\":{\"@id\":\"https:\\\/\\\/www.gold.fr\\\/news\\\/2015\\\/05\\\/18\\\/le-discours-draghi-rassure-leurozone\\\/\"},\"wordCount\":261,\"commentCount\":0,\"image\":{\"@id\":\"https:\\\/\\\/www.gold.fr\\\/news\\\/2015\\\/05\\\/18\\\/le-discours-draghi-rassure-leurozone\\\/#primaryimage\"},\"thumbnailUrl\":\"https:\\\/\\\/www.gold.fr\\\/news\\\/wp-content\\\/uploads\\\/2011\\\/11\\\/BA5623-001.jpg\",\"keywords\":[\"bce\",\"bourse\",\"Draghi\"],\"articleSection\":[\"Articles de presse\"],\"inLanguage\":\"fr-FR\"},{\"@type\":\"WebPage\",\"@id\":\"https:\\\/\\\/www.gold.fr\\\/news\\\/2015\\\/05\\\/18\\\/le-discours-draghi-rassure-leurozone\\\/\",\"url\":\"https:\\\/\\\/www.gold.fr\\\/news\\\/2015\\\/05\\\/18\\\/le-discours-draghi-rassure-leurozone\\\/\",\"name\":\"Le discours Draghi rassure l\u2019eurozone - Gold.fr\",\"isPartOf\":{\"@id\":\"https:\\\/\\\/www.gold.fr\\\/news\\\/#website\"},\"primaryImageOfPage\":{\"@id\":\"https:\\\/\\\/www.gold.fr\\\/news\\\/2015\\\/05\\\/18\\\/le-discours-draghi-rassure-leurozone\\\/#primaryimage\"},\"image\":{\"@id\":\"https:\\\/\\\/www.gold.fr\\\/news\\\/2015\\\/05\\\/18\\\/le-discours-draghi-rassure-leurozone\\\/#primaryimage\"},\"thumbnailUrl\":\"https:\\\/\\\/www.gold.fr\\\/news\\\/wp-content\\\/uploads\\\/2011\\\/11\\\/BA5623-001.jpg\",\"datePublished\":\"2015-05-18T07:00:31+00:00\",\"dateModified\":\"2017-11-02T10:39:01+00:00\",\"author\":{\"@id\":\"https:\\\/\\\/www.gold.fr\\\/news\\\/#\\\/schema\\\/person\\\/070491b4b4fb7671bf59b3be20302ce9\"},\"breadcrumb\":{\"@id\":\"https:\\\/\\\/www.gold.fr\\\/news\\\/2015\\\/05\\\/18\\\/le-discours-draghi-rassure-leurozone\\\/#breadcrumb\"},\"inLanguage\":\"fr-FR\",\"potentialAction\":[{\"@type\":\"ReadAction\",\"target\":[\"https:\\\/\\\/www.gold.fr\\\/news\\\/2015\\\/05\\\/18\\\/le-discours-draghi-rassure-leurozone\\\/\"]}]},{\"@type\":\"ImageObject\",\"inLanguage\":\"fr-FR\",\"@id\":\"https:\\\/\\\/www.gold.fr\\\/news\\\/2015\\\/05\\\/18\\\/le-discours-draghi-rassure-leurozone\\\/#primaryimage\",\"url\":\"https:\\\/\\\/www.gold.fr\\\/news\\\/wp-content\\\/uploads\\\/2011\\\/11\\\/BA5623-001.jpg\",\"contentUrl\":\"https:\\\/\\\/www.gold.fr\\\/news\\\/wp-content\\\/uploads\\\/2011\\\/11\\\/BA5623-001.jpg\",\"width\":\"600\",\"height\":\"384\",\"caption\":\"March\u00e9s euro : Entre espoir et scepticisme\"},{\"@type\":\"BreadcrumbList\",\"@id\":\"https:\\\/\\\/www.gold.fr\\\/news\\\/2015\\\/05\\\/18\\\/le-discours-draghi-rassure-leurozone\\\/#breadcrumb\",\"itemListElement\":[{\"@type\":\"ListItem\",\"position\":1,\"name\":\"Accueil\",\"item\":\"https:\\\/\\\/www.gold.fr\\\/\"},{\"@type\":\"ListItem\",\"position\":2,\"name\":\"Actualit\u00e9s\",\"item\":\"https:\\\/\\\/www.gold.fr\\\/news\\\/\"},{\"@type\":\"ListItem\",\"position\":3,\"name\":\"Le discours Draghi rassure l\u2019eurozone\"}]},{\"@type\":\"WebSite\",\"@id\":\"https:\\\/\\\/www.gold.fr\\\/news\\\/#website\",\"url\":\"https:\\\/\\\/www.gold.fr\\\/news\\\/\",\"name\":\"Gold.fr\",\"description\":\"Actualit\u00e9s de l&#039;Or et des m\u00e9taux pr\u00e9cieux\",\"potentialAction\":[{\"@type\":\"SearchAction\",\"target\":{\"@type\":\"EntryPoint\",\"urlTemplate\":\"https:\\\/\\\/www.gold.fr\\\/news\\\/?s={search_term_string}\"},\"query-input\":{\"@type\":\"PropertyValueSpecification\",\"valueRequired\":true,\"valueName\":\"search_term_string\"}}],\"inLanguage\":\"fr-FR\"},{\"@type\":\"Person\",\"@id\":\"https:\\\/\\\/www.gold.fr\\\/news\\\/#\\\/schema\\\/person\\\/070491b4b4fb7671bf59b3be20302ce9\",\"name\":\"Comptoir National de l'Or\",\"image\":{\"@type\":\"ImageObject\",\"inLanguage\":\"fr-FR\",\"@id\":\"https:\\\/\\\/secure.gravatar.com\\\/avatar\\\/0a2867fd5abe37bed95d5a65e9d58f01756e11efc68af9888dfc50cfa7f65948?s=96&d=mm&r=gb490554db0a38188709de567aa58480d\",\"url\":\"https:\\\/\\\/secure.gravatar.com\\\/avatar\\\/0a2867fd5abe37bed95d5a65e9d58f01756e11efc68af9888dfc50cfa7f65948?s=96&d=mm&r=g\",\"contentUrl\":\"https:\\\/\\\/secure.gravatar.com\\\/avatar\\\/0a2867fd5abe37bed95d5a65e9d58f01756e11efc68af9888dfc50cfa7f65948?s=96&d=mm&r=g\",\"caption\":\"Comptoir National de l'Or\"},\"description\":\"Notre r\u00e9daction est constitu\u00e9e de membres experts dans les m\u00e9tiers de l'\u00e9conomie et la gestion, des Responsables d'agence Comptoir National de l'Or, des analystes financiers qui publient r\u00e9guli\u00e8rement des \u00e9tudes sur les politiques des banques centrales, le cours de l'or, prix de l'or, cours de l'argent, prix de l'argent, cours du platine, cours du palladium,... la situation en zone euro et l'impact de la strat\u00e9gie mon\u00e9taire de la FED. Notre \u00e9quipe scrute \u00e9galement une information plus g\u00e9n\u00e9raliste \u00e0 la recherche d'actualit\u00e9 \\\"p\u00e9pite\\\" \u00e0 vous partager. Depuis 5 ans, nous avons publi\u00e9 un peu plus de 4000 articles qui s'adressent \u00e0 un public large et vari\u00e9 ayant pour objectif de satisfaire votre curiosit\u00e9 et de partager avec vous une certaine fascination pour le m\u00e9tal jaune, le rachat d'or, et pour ceux qui veulent investir dans l'or, vendre leur or tout simplement en savoir plus... Pour tous vos achat or et argent, n'h\u00e9sitez pas \u00e0 prendre rendez-vous dans l'un de nos nombreux comptoirs.\",\"sameAs\":[\"https:\\\/\\\/www.gold.fr\"]}]}<\/script>\n<!-- \/ Yoast SEO plugin. -->","yoast_head_json":{"title":"Le discours Draghi rassure l\u2019eurozone - Gold.fr","robots":{"index":"index","follow":"follow","max-snippet":"max-snippet:-1","max-image-preview":"max-image-preview:large","max-video-preview":"max-video-preview:-1"},"canonical":"https:\/\/www.gold.fr\/news\/2015\/05\/18\/le-discours-draghi-rassure-leurozone\/","og_locale":"fr_FR","og_type":"article","og_title":"Le discours Draghi rassure l\u2019eurozone - Gold.fr","og_description":"Les principales places boursi\u00e8res europ\u00e9ennes avaient connu une fin de semaine euphorique, la semaine derni\u00e8re, grandement revigor\u00e9es par le discours clairement rassurant de Mario Draghi, pr\u00e9sident de la banque centrale europ\u00e9enne. Les propos du chef de [&hellip;]","og_url":"https:\/\/www.gold.fr\/news\/2015\/05\/18\/le-discours-draghi-rassure-leurozone\/","og_site_name":"Gold.fr","article_publisher":"https:\/\/www.facebook.com\/Goldfr\/","article_published_time":"2015-05-18T07:00:31+00:00","article_modified_time":"2017-11-02T10:39:01+00:00","og_image":[{"width":600,"height":384,"url":"https:\/\/www.gold.fr\/news\/wp-content\/uploads\/2011\/11\/BA5623-001.jpg","type":"image\/jpeg"}],"author":"Comptoir National de l'Or","twitter_card":"summary_large_image","twitter_misc":{"\u00c9crit par":"Comptoir National de l'Or","Dur\u00e9e de lecture estim\u00e9e":"1 minute"},"schema":{"@context":"https:\/\/schema.org","@graph":[{"@type":"Article","@id":"https:\/\/www.gold.fr\/news\/2015\/05\/18\/le-discours-draghi-rassure-leurozone\/#article","isPartOf":{"@id":"https:\/\/www.gold.fr\/news\/2015\/05\/18\/le-discours-draghi-rassure-leurozone\/"},"author":{"name":"Comptoir National de l'Or","@id":"https:\/\/www.gold.fr\/news\/#\/schema\/person\/070491b4b4fb7671bf59b3be20302ce9"},"headline":"Le discours Draghi rassure l\u2019eurozone","datePublished":"2015-05-18T07:00:31+00:00","dateModified":"2017-11-02T10:39:01+00:00","mainEntityOfPage":{"@id":"https:\/\/www.gold.fr\/news\/2015\/05\/18\/le-discours-draghi-rassure-leurozone\/"},"wordCount":261,"commentCount":0,"image":{"@id":"https:\/\/www.gold.fr\/news\/2015\/05\/18\/le-discours-draghi-rassure-leurozone\/#primaryimage"},"thumbnailUrl":"https:\/\/www.gold.fr\/news\/wp-content\/uploads\/2011\/11\/BA5623-001.jpg","keywords":["bce","bourse","Draghi"],"articleSection":["Articles de presse"],"inLanguage":"fr-FR"},{"@type":"WebPage","@id":"https:\/\/www.gold.fr\/news\/2015\/05\/18\/le-discours-draghi-rassure-leurozone\/","url":"https:\/\/www.gold.fr\/news\/2015\/05\/18\/le-discours-draghi-rassure-leurozone\/","name":"Le discours Draghi rassure l\u2019eurozone - Gold.fr","isPartOf":{"@id":"https:\/\/www.gold.fr\/news\/#website"},"primaryImageOfPage":{"@id":"https:\/\/www.gold.fr\/news\/2015\/05\/18\/le-discours-draghi-rassure-leurozone\/#primaryimage"},"image":{"@id":"https:\/\/www.gold.fr\/news\/2015\/05\/18\/le-discours-draghi-rassure-leurozone\/#primaryimage"},"thumbnailUrl":"https:\/\/www.gold.fr\/news\/wp-content\/uploads\/2011\/11\/BA5623-001.jpg","datePublished":"2015-05-18T07:00:31+00:00","dateModified":"2017-11-02T10:39:01+00:00","author":{"@id":"https:\/\/www.gold.fr\/news\/#\/schema\/person\/070491b4b4fb7671bf59b3be20302ce9"},"breadcrumb":{"@id":"https:\/\/www.gold.fr\/news\/2015\/05\/18\/le-discours-draghi-rassure-leurozone\/#breadcrumb"},"inLanguage":"fr-FR","potentialAction":[{"@type":"ReadAction","target":["https:\/\/www.gold.fr\/news\/2015\/05\/18\/le-discours-draghi-rassure-leurozone\/"]}]},{"@type":"ImageObject","inLanguage":"fr-FR","@id":"https:\/\/www.gold.fr\/news\/2015\/05\/18\/le-discours-draghi-rassure-leurozone\/#primaryimage","url":"https:\/\/www.gold.fr\/news\/wp-content\/uploads\/2011\/11\/BA5623-001.jpg","contentUrl":"https:\/\/www.gold.fr\/news\/wp-content\/uploads\/2011\/11\/BA5623-001.jpg","width":"600","height":"384","caption":"March\u00e9s euro : Entre espoir et scepticisme"},{"@type":"BreadcrumbList","@id":"https:\/\/www.gold.fr\/news\/2015\/05\/18\/le-discours-draghi-rassure-leurozone\/#breadcrumb","itemListElement":[{"@type":"ListItem","position":1,"name":"Accueil","item":"https:\/\/www.gold.fr\/"},{"@type":"ListItem","position":2,"name":"Actualit\u00e9s","item":"https:\/\/www.gold.fr\/news\/"},{"@type":"ListItem","position":3,"name":"Le discours Draghi rassure l\u2019eurozone"}]},{"@type":"WebSite","@id":"https:\/\/www.gold.fr\/news\/#website","url":"https:\/\/www.gold.fr\/news\/","name":"Gold.fr","description":"Actualit\u00e9s de l&#039;Or et des m\u00e9taux pr\u00e9cieux","potentialAction":[{"@type":"SearchAction","target":{"@type":"EntryPoint","urlTemplate":"https:\/\/www.gold.fr\/news\/?s={search_term_string}"},"query-input":{"@type":"PropertyValueSpecification","valueRequired":true,"valueName":"search_term_string"}}],"inLanguage":"fr-FR"},{"@type":"Person","@id":"https:\/\/www.gold.fr\/news\/#\/schema\/person\/070491b4b4fb7671bf59b3be20302ce9","name":"Comptoir National de l'Or","image":{"@type":"ImageObject","inLanguage":"fr-FR","@id":"https:\/\/secure.gravatar.com\/avatar\/0a2867fd5abe37bed95d5a65e9d58f01756e11efc68af9888dfc50cfa7f65948?s=96&d=mm&r=gb490554db0a38188709de567aa58480d","url":"https:\/\/secure.gravatar.com\/avatar\/0a2867fd5abe37bed95d5a65e9d58f01756e11efc68af9888dfc50cfa7f65948?s=96&d=mm&r=g","contentUrl":"https:\/\/secure.gravatar.com\/avatar\/0a2867fd5abe37bed95d5a65e9d58f01756e11efc68af9888dfc50cfa7f65948?s=96&d=mm&r=g","caption":"Comptoir National de l'Or"},"description":"Notre r\u00e9daction est constitu\u00e9e de membres experts dans les m\u00e9tiers de l'\u00e9conomie et la gestion, des Responsables d'agence Comptoir National de l'Or, des analystes financiers qui publient r\u00e9guli\u00e8rement des \u00e9tudes sur les politiques des banques centrales, le cours de l'or, prix de l'or, cours de l'argent, prix de l'argent, cours du platine, cours du palladium,... la situation en zone euro et l'impact de la strat\u00e9gie mon\u00e9taire de la FED. Notre \u00e9quipe scrute \u00e9galement une information plus g\u00e9n\u00e9raliste \u00e0 la recherche d'actualit\u00e9 \"p\u00e9pite\" \u00e0 vous partager. Depuis 5 ans, nous avons publi\u00e9 un peu plus de 4000 articles qui s'adressent \u00e0 un public large et vari\u00e9 ayant pour objectif de satisfaire votre curiosit\u00e9 et de partager avec vous une certaine fascination pour le m\u00e9tal jaune, le rachat d'or, et pour ceux qui veulent investir dans l'or, vendre leur or tout simplement en savoir plus... Pour tous vos achat or et argent, n'h\u00e9sitez pas \u00e0 prendre rendez-vous dans l'un de nos nombreux comptoirs.","sameAs":["https:\/\/www.gold.fr"]}]}},"authors":[{"term_id":2565,"user_id":18,"is_guest":0,"slug":"julie","display_name":"Comptoir National de l'Or","avatar_url":"https:\/\/secure.gravatar.com\/avatar\/713f289e398d35ead876c4a4cc08607f0d6d266058cfc25683fffb6092d0e572?s=96&d=mm&r=g","0":null,"1":"","2":"","3":"","4":"","5":"","6":"","7":"","8":""}],"_links":{"self":[{"href":"https:\/\/www.gold.fr\/news\/wp-json\/wp\/v2\/posts\/17137","targetHints":{"allow":["GET"]}}],"collection":[{"href":"https:\/\/www.gold.fr\/news\/wp-json\/wp\/v2\/posts"}],"about":[{"href":"https:\/\/www.gold.fr\/news\/wp-json\/wp\/v2\/types\/post"}],"author":[{"embeddable":true,"href":"https:\/\/www.gold.fr\/news\/wp-json\/wp\/v2\/users\/18"}],"replies":[{"embeddable":true,"href":"https:\/\/www.gold.fr\/news\/wp-json\/wp\/v2\/comments?post=17137"}],"version-history":[{"count":0,"href":"https:\/\/www.gold.fr\/news\/wp-json\/wp\/v2\/posts\/17137\/revisions"}],"wp:featuredmedia":[{"embeddable":true,"href":"https:\/\/www.gold.fr\/news\/wp-json\/wp\/v2\/media\/4027"}],"wp:attachment":[{"href":"https:\/\/www.gold.fr\/news\/wp-json\/wp\/v2\/media?parent=17137"}],"wp:term":[{"taxonomy":"category","embeddable":true,"href":"https:\/\/www.gold.fr\/news\/wp-json\/wp\/v2\/categories?post=17137"},{"taxonomy":"post_tag","embeddable":true,"href":"https:\/\/www.gold.fr\/news\/wp-json\/wp\/v2\/tags?post=17137"},{"taxonomy":"author","embeddable":true,"href":"https:\/\/www.gold.fr\/news\/wp-json\/wp\/v2\/ppma_author?post=17137"}],"curies":[{"name":"wp","href":"https:\/\/api.w.org\/{rel}","templated":true}]}}