{"id":17130,"date":"2015-05-15T09:00:51","date_gmt":"2015-05-15T07:00:51","guid":{"rendered":"https:\/\/www.gold.fr\/news\/?p=17130"},"modified":"2017-11-02T11:41:09","modified_gmt":"2017-11-02T10:41:09","slug":"mefiance-sur-les-marches-europeens","status":"publish","type":"post","link":"https:\/\/www.gold.fr\/news\/2015\/05\/15\/mefiance-sur-les-marches-europeens\/","title":{"rendered":"M\u00e9fiance sur les march\u00e9s europ\u00e9ens"},"content":{"rendered":"<p><img loading=\"lazy\" decoding=\"async\" class=\"alignleft size-thumbnail wp-image-8430\" title=\"M\u00e9fiance sur les march\u00e9s europ\u00e9ens\" src=\"https:\/\/www.gold.fr\/news\/wp-content\/uploads\/2012\/07\/europe-or-150x150.jpg\" alt=\"\" width=\"150\" height=\"150\" \/><span style=\"font-size: small;\">Et la conjoncture macro\u00e9conomique des deux c\u00f4t\u00e9s de l\u2019Atlantique aurait pourtant de quoi susciter un certain optimisme et espoir, ne serait-ce que relatif. L\u2019ambiance des principales places boursi\u00e8res europ\u00e9ennes demeure toutefois marqu\u00e9e par une h\u00e9sitation assez justifi\u00e9e, dans la mesure o\u00f9 tous les r\u00e9cents rapports chiffr\u00e9s r\u00e9cemment publi\u00e9s ne s\u2019affichent pas n\u00e9cessairement dans le vert.<\/span>    <span style=\"font-size: small;\">Premier rapport statistique \u2013et probablement le plus significatif ; celui concernant le <strong>PIB<\/strong> de l\u2019ensemble de la zone euro. Les chiffres sont encourageant puisque l\u2019indicateur a enregistr\u00e9 une hausse de<strong> 0,4%<\/strong> sur le premier trimestre <strong>2015<\/strong>, avec un repli de l&rsquo;Allemagne (traditionnellement \u00ab <em>locomotive<\/em> \u00bb de la zone) \u00e0 <strong>+0,3%<\/strong> qui a \u00e9t\u00e9 largement mod\u00e9r\u00e9 par un surprenant rebond au sein de l\u2019Hexagone \u00e0 <strong>+0,6%<\/strong>. Pour <strong>Bruno Cavalier<\/strong> chef \u00e9conomiste chez <strong>Oddo Securities<\/strong>, \u00ab <em>la hausse du PIB r\u00e9el de 0,4% n&rsquo;a encore rien de renversant, mais de toute \u00e9vidence b\u00e9n\u00e9ficie d&rsquo;une bonne combinaison entre facteurs de traction externe (euro, p\u00e9trole) et interne (assouplissement du policy-mix)<\/em> \u00bb.<\/span>    <span style=\"font-size: small;\">L\u2019expert souligne \u00e9galement que ces chiffres de la croissance trimestrielle marquent ici un tournant annuel, dans la mesure o\u00f9 il s\u2019agit de leur premi\u00e8re performance positive depuis <strong>2010<\/strong>, \u00ab<em> simultan\u00e9ment dans les quatre grands pays de la zone euro<\/em> \u00bb. Un \u00e9tonnant vent de dynamisme qui semble atteindre m\u00eame les \u00ab<em> retardataires, comme la France et l&rsquo;Italie<\/em> \u00bb.<\/span>    <span style=\"font-size: small;\">Les r\u00e9cents rapports macro\u00e9conomiques am\u00e9ricains (notamment celui des ventes au d\u00e9tail) jettent toutefois un froid \u00e0 l\u2019optimisme potentiel suscit\u00e9 par ces indicateurs euro et les march\u00e9s maintiennent donc une tension prudente globale.<\/span><\/p>\n<!-- AddThis Advanced Settings generic via filter on the_content --><!-- AddThis Share Buttons generic via filter on the_content -->","protected":false},"excerpt":{"rendered":"<p>Et la conjoncture macro\u00e9conomique des deux c\u00f4t\u00e9s de l\u2019Atlantique aurait pourtant de quoi susciter un certain optimisme et espoir, ne serait-ce que relatif. L\u2019ambiance des principales places boursi\u00e8res europ\u00e9ennes demeure toutefois marqu\u00e9e par une h\u00e9sitation assez [&hellip;]<\/p>\n","protected":false},"author":18,"featured_media":8430,"comment_status":"open","ping_status":"open","sticky":false,"template":"","format":"standard","meta":{"_mbp_gutenberg_autopost":false,"_pgmb_is_evergreen":false,"_pgmb_ap_template_id":0,"footnotes":""},"categories":[6],"tags":[242,1649,1428,126],"ppma_author":[2565],"class_list":["post-17130","post","type-post","status-publish","format-standard","has-post-thumbnail","hentry","category-articles-de-presse","tag-europe","tag-marches","tag-pib","tag-zone-euro"],"yoast_head":"<!-- This site is optimized with the Yoast SEO plugin v27.5 - https:\/\/yoast.com\/product\/yoast-seo-wordpress\/ -->\n<title>M\u00e9fiance sur les march\u00e9s europ\u00e9ens - Gold.fr<\/title>\n<meta name=\"robots\" content=\"index, follow, max-snippet:-1, max-image-preview:large, max-video-preview:-1\" \/>\n<link rel=\"canonical\" href=\"https:\/\/www.gold.fr\/news\/2015\/05\/15\/mefiance-sur-les-marches-europeens\/\" \/>\n<meta property=\"og:locale\" content=\"fr_FR\" \/>\n<meta property=\"og:type\" content=\"article\" \/>\n<meta property=\"og:title\" content=\"M\u00e9fiance sur les march\u00e9s europ\u00e9ens - Gold.fr\" \/>\n<meta property=\"og:description\" content=\"Et la conjoncture macro\u00e9conomique des deux c\u00f4t\u00e9s de l\u2019Atlantique aurait pourtant de quoi susciter un certain optimisme et espoir, ne serait-ce que relatif. L\u2019ambiance des principales places boursi\u00e8res europ\u00e9ennes demeure toutefois marqu\u00e9e par une h\u00e9sitation assez [&hellip;]\" \/>\n<meta property=\"og:url\" content=\"https:\/\/www.gold.fr\/news\/2015\/05\/15\/mefiance-sur-les-marches-europeens\/\" \/>\n<meta property=\"og:site_name\" content=\"Gold.fr\" \/>\n<meta property=\"article:publisher\" content=\"https:\/\/www.facebook.com\/Goldfr\/\" \/>\n<meta property=\"article:published_time\" content=\"2015-05-15T07:00:51+00:00\" \/>\n<meta property=\"article:modified_time\" content=\"2017-11-02T10:41:09+00:00\" \/>\n<meta property=\"og:image\" content=\"https:\/\/www.gold.fr\/news\/wp-content\/uploads\/2012\/07\/europe-or.jpg\" \/>\n\t<meta property=\"og:image:width\" content=\"600\" \/>\n\t<meta property=\"og:image:height\" content=\"468\" \/>\n\t<meta property=\"og:image:type\" content=\"image\/jpeg\" \/>\n<meta name=\"author\" content=\"Comptoir National de l&#039;Or\" \/>\n<meta name=\"twitter:card\" content=\"summary_large_image\" \/>\n<meta name=\"twitter:label1\" content=\"\u00c9crit par\" \/>\n\t<meta name=\"twitter:data1\" content=\"Comptoir National de l&#039;Or\" \/>\n\t<meta name=\"twitter:label2\" content=\"Dur\u00e9e de lecture estim\u00e9e\" \/>\n\t<meta name=\"twitter:data2\" content=\"1 minute\" \/>\n<script type=\"application\/ld+json\" class=\"yoast-schema-graph\">{\"@context\":\"https:\\\/\\\/schema.org\",\"@graph\":[{\"@type\":\"Article\",\"@id\":\"https:\\\/\\\/www.gold.fr\\\/news\\\/2015\\\/05\\\/15\\\/mefiance-sur-les-marches-europeens\\\/#article\",\"isPartOf\":{\"@id\":\"https:\\\/\\\/www.gold.fr\\\/news\\\/2015\\\/05\\\/15\\\/mefiance-sur-les-marches-europeens\\\/\"},\"author\":{\"name\":\"Comptoir National de l'Or\",\"@id\":\"https:\\\/\\\/www.gold.fr\\\/news\\\/#\\\/schema\\\/person\\\/070491b4b4fb7671bf59b3be20302ce9\"},\"headline\":\"M\u00e9fiance sur les march\u00e9s europ\u00e9ens\",\"datePublished\":\"2015-05-15T07:00:51+00:00\",\"dateModified\":\"2017-11-02T10:41:09+00:00\",\"mainEntityOfPage\":{\"@id\":\"https:\\\/\\\/www.gold.fr\\\/news\\\/2015\\\/05\\\/15\\\/mefiance-sur-les-marches-europeens\\\/\"},\"wordCount\":281,\"commentCount\":0,\"image\":{\"@id\":\"https:\\\/\\\/www.gold.fr\\\/news\\\/2015\\\/05\\\/15\\\/mefiance-sur-les-marches-europeens\\\/#primaryimage\"},\"thumbnailUrl\":\"https:\\\/\\\/www.gold.fr\\\/news\\\/wp-content\\\/uploads\\\/2012\\\/07\\\/europe-or.jpg\",\"keywords\":[\"europe\",\"march\u00e9s\",\"PIB\",\"zone euro\"],\"articleSection\":[\"Articles de presse\"],\"inLanguage\":\"fr-FR\"},{\"@type\":\"WebPage\",\"@id\":\"https:\\\/\\\/www.gold.fr\\\/news\\\/2015\\\/05\\\/15\\\/mefiance-sur-les-marches-europeens\\\/\",\"url\":\"https:\\\/\\\/www.gold.fr\\\/news\\\/2015\\\/05\\\/15\\\/mefiance-sur-les-marches-europeens\\\/\",\"name\":\"M\u00e9fiance sur les march\u00e9s europ\u00e9ens - Gold.fr\",\"isPartOf\":{\"@id\":\"https:\\\/\\\/www.gold.fr\\\/news\\\/#website\"},\"primaryImageOfPage\":{\"@id\":\"https:\\\/\\\/www.gold.fr\\\/news\\\/2015\\\/05\\\/15\\\/mefiance-sur-les-marches-europeens\\\/#primaryimage\"},\"image\":{\"@id\":\"https:\\\/\\\/www.gold.fr\\\/news\\\/2015\\\/05\\\/15\\\/mefiance-sur-les-marches-europeens\\\/#primaryimage\"},\"thumbnailUrl\":\"https:\\\/\\\/www.gold.fr\\\/news\\\/wp-content\\\/uploads\\\/2012\\\/07\\\/europe-or.jpg\",\"datePublished\":\"2015-05-15T07:00:51+00:00\",\"dateModified\":\"2017-11-02T10:41:09+00:00\",\"author\":{\"@id\":\"https:\\\/\\\/www.gold.fr\\\/news\\\/#\\\/schema\\\/person\\\/070491b4b4fb7671bf59b3be20302ce9\"},\"breadcrumb\":{\"@id\":\"https:\\\/\\\/www.gold.fr\\\/news\\\/2015\\\/05\\\/15\\\/mefiance-sur-les-marches-europeens\\\/#breadcrumb\"},\"inLanguage\":\"fr-FR\",\"potentialAction\":[{\"@type\":\"ReadAction\",\"target\":[\"https:\\\/\\\/www.gold.fr\\\/news\\\/2015\\\/05\\\/15\\\/mefiance-sur-les-marches-europeens\\\/\"]}]},{\"@type\":\"ImageObject\",\"inLanguage\":\"fr-FR\",\"@id\":\"https:\\\/\\\/www.gold.fr\\\/news\\\/2015\\\/05\\\/15\\\/mefiance-sur-les-marches-europeens\\\/#primaryimage\",\"url\":\"https:\\\/\\\/www.gold.fr\\\/news\\\/wp-content\\\/uploads\\\/2012\\\/07\\\/europe-or.jpg\",\"contentUrl\":\"https:\\\/\\\/www.gold.fr\\\/news\\\/wp-content\\\/uploads\\\/2012\\\/07\\\/europe-or.jpg\",\"width\":\"600\",\"height\":\"468\",\"caption\":\"L\u2019once en \u00e9quilibre apr\u00e8s le long week-end de P\u00e2ques\"},{\"@type\":\"BreadcrumbList\",\"@id\":\"https:\\\/\\\/www.gold.fr\\\/news\\\/2015\\\/05\\\/15\\\/mefiance-sur-les-marches-europeens\\\/#breadcrumb\",\"itemListElement\":[{\"@type\":\"ListItem\",\"position\":1,\"name\":\"Accueil\",\"item\":\"https:\\\/\\\/www.gold.fr\\\/\"},{\"@type\":\"ListItem\",\"position\":2,\"name\":\"Actualit\u00e9s\",\"item\":\"https:\\\/\\\/www.gold.fr\\\/news\\\/\"},{\"@type\":\"ListItem\",\"position\":3,\"name\":\"M\u00e9fiance sur les march\u00e9s europ\u00e9ens\"}]},{\"@type\":\"WebSite\",\"@id\":\"https:\\\/\\\/www.gold.fr\\\/news\\\/#website\",\"url\":\"https:\\\/\\\/www.gold.fr\\\/news\\\/\",\"name\":\"Gold.fr\",\"description\":\"Actualit\u00e9s de l&#039;Or et des m\u00e9taux pr\u00e9cieux\",\"potentialAction\":[{\"@type\":\"SearchAction\",\"target\":{\"@type\":\"EntryPoint\",\"urlTemplate\":\"https:\\\/\\\/www.gold.fr\\\/news\\\/?s={search_term_string}\"},\"query-input\":{\"@type\":\"PropertyValueSpecification\",\"valueRequired\":true,\"valueName\":\"search_term_string\"}}],\"inLanguage\":\"fr-FR\"},{\"@type\":\"Person\",\"@id\":\"https:\\\/\\\/www.gold.fr\\\/news\\\/#\\\/schema\\\/person\\\/070491b4b4fb7671bf59b3be20302ce9\",\"name\":\"Comptoir National de l'Or\",\"image\":{\"@type\":\"ImageObject\",\"inLanguage\":\"fr-FR\",\"@id\":\"https:\\\/\\\/secure.gravatar.com\\\/avatar\\\/0a2867fd5abe37bed95d5a65e9d58f01756e11efc68af9888dfc50cfa7f65948?s=96&d=mm&r=gb490554db0a38188709de567aa58480d\",\"url\":\"https:\\\/\\\/secure.gravatar.com\\\/avatar\\\/0a2867fd5abe37bed95d5a65e9d58f01756e11efc68af9888dfc50cfa7f65948?s=96&d=mm&r=g\",\"contentUrl\":\"https:\\\/\\\/secure.gravatar.com\\\/avatar\\\/0a2867fd5abe37bed95d5a65e9d58f01756e11efc68af9888dfc50cfa7f65948?s=96&d=mm&r=g\",\"caption\":\"Comptoir National de l'Or\"},\"description\":\"Notre r\u00e9daction est constitu\u00e9e de membres experts dans les m\u00e9tiers de l'\u00e9conomie et la gestion, des Responsables d'agence Comptoir National de l'Or, des analystes financiers qui publient r\u00e9guli\u00e8rement des \u00e9tudes sur les politiques des banques centrales, le cours de l'or, prix de l'or, cours de l'argent, prix de l'argent, cours du platine, cours du palladium,... la situation en zone euro et l'impact de la strat\u00e9gie mon\u00e9taire de la FED. Notre \u00e9quipe scrute \u00e9galement une information plus g\u00e9n\u00e9raliste \u00e0 la recherche d'actualit\u00e9 \\\"p\u00e9pite\\\" \u00e0 vous partager. Depuis 5 ans, nous avons publi\u00e9 un peu plus de 4000 articles qui s'adressent \u00e0 un public large et vari\u00e9 ayant pour objectif de satisfaire votre curiosit\u00e9 et de partager avec vous une certaine fascination pour le m\u00e9tal jaune, le rachat d'or, et pour ceux qui veulent investir dans l'or, vendre leur or tout simplement en savoir plus... Pour tous vos achat or et argent, n'h\u00e9sitez pas \u00e0 prendre rendez-vous dans l'un de nos nombreux comptoirs.\",\"sameAs\":[\"https:\\\/\\\/www.gold.fr\"]}]}<\/script>\n<!-- \/ Yoast SEO plugin. -->","yoast_head_json":{"title":"M\u00e9fiance sur les march\u00e9s europ\u00e9ens - Gold.fr","robots":{"index":"index","follow":"follow","max-snippet":"max-snippet:-1","max-image-preview":"max-image-preview:large","max-video-preview":"max-video-preview:-1"},"canonical":"https:\/\/www.gold.fr\/news\/2015\/05\/15\/mefiance-sur-les-marches-europeens\/","og_locale":"fr_FR","og_type":"article","og_title":"M\u00e9fiance sur les march\u00e9s europ\u00e9ens - Gold.fr","og_description":"Et la conjoncture macro\u00e9conomique des deux c\u00f4t\u00e9s de l\u2019Atlantique aurait pourtant de quoi susciter un certain optimisme et espoir, ne serait-ce que relatif. L\u2019ambiance des principales places boursi\u00e8res europ\u00e9ennes demeure toutefois marqu\u00e9e par une h\u00e9sitation assez [&hellip;]","og_url":"https:\/\/www.gold.fr\/news\/2015\/05\/15\/mefiance-sur-les-marches-europeens\/","og_site_name":"Gold.fr","article_publisher":"https:\/\/www.facebook.com\/Goldfr\/","article_published_time":"2015-05-15T07:00:51+00:00","article_modified_time":"2017-11-02T10:41:09+00:00","og_image":[{"width":600,"height":468,"url":"https:\/\/www.gold.fr\/news\/wp-content\/uploads\/2012\/07\/europe-or.jpg","type":"image\/jpeg"}],"author":"Comptoir National de l'Or","twitter_card":"summary_large_image","twitter_misc":{"\u00c9crit par":"Comptoir National de l'Or","Dur\u00e9e de lecture estim\u00e9e":"1 minute"},"schema":{"@context":"https:\/\/schema.org","@graph":[{"@type":"Article","@id":"https:\/\/www.gold.fr\/news\/2015\/05\/15\/mefiance-sur-les-marches-europeens\/#article","isPartOf":{"@id":"https:\/\/www.gold.fr\/news\/2015\/05\/15\/mefiance-sur-les-marches-europeens\/"},"author":{"name":"Comptoir National de l'Or","@id":"https:\/\/www.gold.fr\/news\/#\/schema\/person\/070491b4b4fb7671bf59b3be20302ce9"},"headline":"M\u00e9fiance sur les march\u00e9s europ\u00e9ens","datePublished":"2015-05-15T07:00:51+00:00","dateModified":"2017-11-02T10:41:09+00:00","mainEntityOfPage":{"@id":"https:\/\/www.gold.fr\/news\/2015\/05\/15\/mefiance-sur-les-marches-europeens\/"},"wordCount":281,"commentCount":0,"image":{"@id":"https:\/\/www.gold.fr\/news\/2015\/05\/15\/mefiance-sur-les-marches-europeens\/#primaryimage"},"thumbnailUrl":"https:\/\/www.gold.fr\/news\/wp-content\/uploads\/2012\/07\/europe-or.jpg","keywords":["europe","march\u00e9s","PIB","zone euro"],"articleSection":["Articles de presse"],"inLanguage":"fr-FR"},{"@type":"WebPage","@id":"https:\/\/www.gold.fr\/news\/2015\/05\/15\/mefiance-sur-les-marches-europeens\/","url":"https:\/\/www.gold.fr\/news\/2015\/05\/15\/mefiance-sur-les-marches-europeens\/","name":"M\u00e9fiance sur les march\u00e9s europ\u00e9ens - Gold.fr","isPartOf":{"@id":"https:\/\/www.gold.fr\/news\/#website"},"primaryImageOfPage":{"@id":"https:\/\/www.gold.fr\/news\/2015\/05\/15\/mefiance-sur-les-marches-europeens\/#primaryimage"},"image":{"@id":"https:\/\/www.gold.fr\/news\/2015\/05\/15\/mefiance-sur-les-marches-europeens\/#primaryimage"},"thumbnailUrl":"https:\/\/www.gold.fr\/news\/wp-content\/uploads\/2012\/07\/europe-or.jpg","datePublished":"2015-05-15T07:00:51+00:00","dateModified":"2017-11-02T10:41:09+00:00","author":{"@id":"https:\/\/www.gold.fr\/news\/#\/schema\/person\/070491b4b4fb7671bf59b3be20302ce9"},"breadcrumb":{"@id":"https:\/\/www.gold.fr\/news\/2015\/05\/15\/mefiance-sur-les-marches-europeens\/#breadcrumb"},"inLanguage":"fr-FR","potentialAction":[{"@type":"ReadAction","target":["https:\/\/www.gold.fr\/news\/2015\/05\/15\/mefiance-sur-les-marches-europeens\/"]}]},{"@type":"ImageObject","inLanguage":"fr-FR","@id":"https:\/\/www.gold.fr\/news\/2015\/05\/15\/mefiance-sur-les-marches-europeens\/#primaryimage","url":"https:\/\/www.gold.fr\/news\/wp-content\/uploads\/2012\/07\/europe-or.jpg","contentUrl":"https:\/\/www.gold.fr\/news\/wp-content\/uploads\/2012\/07\/europe-or.jpg","width":"600","height":"468","caption":"L\u2019once en \u00e9quilibre apr\u00e8s le long week-end de P\u00e2ques"},{"@type":"BreadcrumbList","@id":"https:\/\/www.gold.fr\/news\/2015\/05\/15\/mefiance-sur-les-marches-europeens\/#breadcrumb","itemListElement":[{"@type":"ListItem","position":1,"name":"Accueil","item":"https:\/\/www.gold.fr\/"},{"@type":"ListItem","position":2,"name":"Actualit\u00e9s","item":"https:\/\/www.gold.fr\/news\/"},{"@type":"ListItem","position":3,"name":"M\u00e9fiance sur les march\u00e9s europ\u00e9ens"}]},{"@type":"WebSite","@id":"https:\/\/www.gold.fr\/news\/#website","url":"https:\/\/www.gold.fr\/news\/","name":"Gold.fr","description":"Actualit\u00e9s de l&#039;Or et des m\u00e9taux pr\u00e9cieux","potentialAction":[{"@type":"SearchAction","target":{"@type":"EntryPoint","urlTemplate":"https:\/\/www.gold.fr\/news\/?s={search_term_string}"},"query-input":{"@type":"PropertyValueSpecification","valueRequired":true,"valueName":"search_term_string"}}],"inLanguage":"fr-FR"},{"@type":"Person","@id":"https:\/\/www.gold.fr\/news\/#\/schema\/person\/070491b4b4fb7671bf59b3be20302ce9","name":"Comptoir National de l'Or","image":{"@type":"ImageObject","inLanguage":"fr-FR","@id":"https:\/\/secure.gravatar.com\/avatar\/0a2867fd5abe37bed95d5a65e9d58f01756e11efc68af9888dfc50cfa7f65948?s=96&d=mm&r=gb490554db0a38188709de567aa58480d","url":"https:\/\/secure.gravatar.com\/avatar\/0a2867fd5abe37bed95d5a65e9d58f01756e11efc68af9888dfc50cfa7f65948?s=96&d=mm&r=g","contentUrl":"https:\/\/secure.gravatar.com\/avatar\/0a2867fd5abe37bed95d5a65e9d58f01756e11efc68af9888dfc50cfa7f65948?s=96&d=mm&r=g","caption":"Comptoir National de l'Or"},"description":"Notre r\u00e9daction est constitu\u00e9e de membres experts dans les m\u00e9tiers de l'\u00e9conomie et la gestion, des Responsables d'agence Comptoir National de l'Or, des analystes financiers qui publient r\u00e9guli\u00e8rement des \u00e9tudes sur les politiques des banques centrales, le cours de l'or, prix de l'or, cours de l'argent, prix de l'argent, cours du platine, cours du palladium,... la situation en zone euro et l'impact de la strat\u00e9gie mon\u00e9taire de la FED. Notre \u00e9quipe scrute \u00e9galement une information plus g\u00e9n\u00e9raliste \u00e0 la recherche d'actualit\u00e9 \"p\u00e9pite\" \u00e0 vous partager. Depuis 5 ans, nous avons publi\u00e9 un peu plus de 4000 articles qui s'adressent \u00e0 un public large et vari\u00e9 ayant pour objectif de satisfaire votre curiosit\u00e9 et de partager avec vous une certaine fascination pour le m\u00e9tal jaune, le rachat d'or, et pour ceux qui veulent investir dans l'or, vendre leur or tout simplement en savoir plus... Pour tous vos achat or et argent, n'h\u00e9sitez pas \u00e0 prendre rendez-vous dans l'un de nos nombreux comptoirs.","sameAs":["https:\/\/www.gold.fr"]}]}},"authors":[{"term_id":2565,"user_id":18,"is_guest":0,"slug":"julie","display_name":"Comptoir National de l'Or","avatar_url":"https:\/\/secure.gravatar.com\/avatar\/713f289e398d35ead876c4a4cc08607f0d6d266058cfc25683fffb6092d0e572?s=96&d=mm&r=g","0":null,"1":"","2":"","3":"","4":"","5":"","6":"","7":"","8":""}],"_links":{"self":[{"href":"https:\/\/www.gold.fr\/news\/wp-json\/wp\/v2\/posts\/17130","targetHints":{"allow":["GET"]}}],"collection":[{"href":"https:\/\/www.gold.fr\/news\/wp-json\/wp\/v2\/posts"}],"about":[{"href":"https:\/\/www.gold.fr\/news\/wp-json\/wp\/v2\/types\/post"}],"author":[{"embeddable":true,"href":"https:\/\/www.gold.fr\/news\/wp-json\/wp\/v2\/users\/18"}],"replies":[{"embeddable":true,"href":"https:\/\/www.gold.fr\/news\/wp-json\/wp\/v2\/comments?post=17130"}],"version-history":[{"count":0,"href":"https:\/\/www.gold.fr\/news\/wp-json\/wp\/v2\/posts\/17130\/revisions"}],"wp:featuredmedia":[{"embeddable":true,"href":"https:\/\/www.gold.fr\/news\/wp-json\/wp\/v2\/media\/8430"}],"wp:attachment":[{"href":"https:\/\/www.gold.fr\/news\/wp-json\/wp\/v2\/media?parent=17130"}],"wp:term":[{"taxonomy":"category","embeddable":true,"href":"https:\/\/www.gold.fr\/news\/wp-json\/wp\/v2\/categories?post=17130"},{"taxonomy":"post_tag","embeddable":true,"href":"https:\/\/www.gold.fr\/news\/wp-json\/wp\/v2\/tags?post=17130"},{"taxonomy":"author","embeddable":true,"href":"https:\/\/www.gold.fr\/news\/wp-json\/wp\/v2\/ppma_author?post=17130"}],"curies":[{"name":"wp","href":"https:\/\/api.w.org\/{rel}","templated":true}]}}