{"id":17092,"date":"2015-05-07T17:00:23","date_gmt":"2015-05-07T15:00:23","guid":{"rendered":"https:\/\/www.gold.fr\/news\/?p=17092"},"modified":"2017-11-02T11:41:10","modified_gmt":"2017-11-02T10:41:10","slug":"des-marches-financiers-hesitants-et-prudents","status":"publish","type":"post","link":"https:\/\/www.gold.fr\/news\/2015\/05\/07\/des-marches-financiers-hesitants-et-prudents\/","title":{"rendered":"Des march\u00e9s financiers h\u00e9sitants et prudents"},"content":{"rendered":"<p><img loading=\"lazy\" decoding=\"async\" class=\"alignleft size-thumbnail wp-image-444\" title=\"Des march\u00e9s financiers h\u00e9sitants et prudents \" src=\"https:\/\/www.gold.fr\/news\/wp-content\/uploads\/2011\/07\/1-150x150.jpg\" alt=\"\" width=\"150\" height=\"150\" \/><span style=\"font-size: small;\">Les march\u00e9s d\u2019investissement avancent \u00e0 pas tr\u00e8s feutr\u00e9s vers la fin de cette semaine boursi\u00e8re pourtant particuli\u00e8rement charg\u00e9e de publications macro\u00e9conomiques plus ou moins importantes et de rapports trimestriels chiffr\u00e9s des g\u00e9ants boursiers am\u00e9ricains et europ\u00e9ens.<\/span>    <span style=\"font-size: small;\">Bien \u00e9videmment, l\u2019actualit\u00e9 \u00e9conomique \u00e9tant \u00e9troitement li\u00e9e \u00e0 l\u2019actualit\u00e9 politique, les regards se tournent \u00e9galement vers le r\u00e9sultat des votes britanniques (<strong>Angleterre<\/strong>, <strong>Ecosse<\/strong>, <strong>Pays de Galles<\/strong> et<strong> Irlande du Nord<\/strong>). L\u2019issue de ce scrutin (jusqu\u2019ici tr\u00e8s serr\u00e9) pourrait tr\u00e8s bien installer le ton g\u00e9n\u00e9ral des march\u00e9s financiers, des deux c\u00f4t\u00e9s de l\u2019Atlantique, tout au long de la semaine prochaine. Les experts du groupe <strong>IG<\/strong> pr\u00e9voit \u00e0 ce sujet qu\u2019il \u00ab <em>devrait en r\u00e9sulter une tendance prudente et sans relief (jeudi) sachant que les r\u00e9sultats n&rsquo;auront un impact qu\u2019\u00e0 partir de (vendredi)<\/em> \u00bb, soulignant \u00e9galement que \u00ab <em>de toute fa\u00e7on, la r\u00e9cente vigueur de l&rsquo;euro va commencer \u00e0 p\u00e9naliser la tendance connaissant la corr\u00e9lation qui existe entre la monnaie unique et l&rsquo;\u00e9volution du march\u00e9<\/em> \u00bb.<\/span>    <span style=\"font-size: small;\">Pour l\u2019heure, l\u2019attention des op\u00e9rateurs et investisseurs demeure unanimement focalis\u00e9e sur le v\u00e9ritable point d\u2019orgue macro\u00e9conomique de la semaine ; le rapport du D\u00e9partement du travail am\u00e9ricain relatif \u00e0 l\u2019emploi et au ch\u00f4mage US. C\u00f4t\u00e9 europ\u00e9en, ce sont les chiffres de la balance commerciale et de la production industrielle en France ainsi que les commandes \u00e0 l&rsquo;industrie en <strong>Allemagne<\/strong> qui seront \u00e0 l\u2019honneur en cette fin de semaine.<\/span><\/p>\n<!-- AddThis Advanced Settings generic via filter on the_content --><!-- AddThis Share Buttons generic via filter on the_content -->","protected":false},"excerpt":{"rendered":"<p>Les march\u00e9s d\u2019investissement avancent \u00e0 pas tr\u00e8s feutr\u00e9s vers la fin de cette semaine boursi\u00e8re pourtant particuli\u00e8rement charg\u00e9e de publications macro\u00e9conomiques plus ou moins importantes et de rapports trimestriels chiffr\u00e9s des g\u00e9ants boursiers am\u00e9ricains et europ\u00e9ens. [&hellip;]<\/p>\n","protected":false},"author":18,"featured_media":0,"comment_status":"open","ping_status":"open","sticky":false,"template":"","format":"standard","meta":{"_mbp_gutenberg_autopost":false,"_pgmb_is_evergreen":false,"_pgmb_ap_template_id":0,"footnotes":""},"categories":[6],"tags":[1188,1200,1105,1649],"ppma_author":[2565],"class_list":["post-17092","post","type-post","status-publish","format-standard","hentry","category-articles-de-presse","tag-bourse","tag-chomage-us","tag-emploi-us","tag-marches"],"yoast_head":"<!-- This site is optimized with the Yoast SEO plugin v27.5 - https:\/\/yoast.com\/product\/yoast-seo-wordpress\/ -->\n<title>Des march\u00e9s financiers h\u00e9sitants et prudents - Gold.fr<\/title>\n<meta name=\"robots\" content=\"index, follow, max-snippet:-1, max-image-preview:large, max-video-preview:-1\" \/>\n<link rel=\"canonical\" href=\"https:\/\/www.gold.fr\/news\/2015\/05\/07\/des-marches-financiers-hesitants-et-prudents\/\" \/>\n<meta property=\"og:locale\" content=\"fr_FR\" \/>\n<meta property=\"og:type\" content=\"article\" \/>\n<meta property=\"og:title\" content=\"Des march\u00e9s financiers h\u00e9sitants et prudents - Gold.fr\" \/>\n<meta property=\"og:description\" content=\"Les march\u00e9s d\u2019investissement avancent \u00e0 pas tr\u00e8s feutr\u00e9s vers la fin de cette semaine boursi\u00e8re pourtant particuli\u00e8rement charg\u00e9e de publications macro\u00e9conomiques plus ou moins importantes et de rapports trimestriels chiffr\u00e9s des g\u00e9ants boursiers am\u00e9ricains et europ\u00e9ens. [&hellip;]\" \/>\n<meta property=\"og:url\" content=\"https:\/\/www.gold.fr\/news\/2015\/05\/07\/des-marches-financiers-hesitants-et-prudents\/\" \/>\n<meta property=\"og:site_name\" content=\"Gold.fr\" \/>\n<meta property=\"article:publisher\" content=\"https:\/\/www.facebook.com\/Goldfr\/\" \/>\n<meta property=\"article:published_time\" content=\"2015-05-07T15:00:23+00:00\" \/>\n<meta property=\"article:modified_time\" content=\"2017-11-02T10:41:10+00:00\" \/>\n<meta property=\"og:image\" content=\"https:\/\/www.gold.fr\/news\/wp-content\/uploads\/2011\/07\/1-150x150.jpg\" \/>\n<meta name=\"author\" content=\"Comptoir National de l&#039;Or\" \/>\n<meta name=\"twitter:card\" content=\"summary_large_image\" \/>\n<meta name=\"twitter:label1\" content=\"\u00c9crit par\" \/>\n\t<meta name=\"twitter:data1\" content=\"Comptoir National de l&#039;Or\" \/>\n\t<meta name=\"twitter:label2\" content=\"Dur\u00e9e de lecture estim\u00e9e\" \/>\n\t<meta name=\"twitter:data2\" content=\"1 minute\" \/>\n<script type=\"application\/ld+json\" class=\"yoast-schema-graph\">{\"@context\":\"https:\\\/\\\/schema.org\",\"@graph\":[{\"@type\":\"Article\",\"@id\":\"https:\\\/\\\/www.gold.fr\\\/news\\\/2015\\\/05\\\/07\\\/des-marches-financiers-hesitants-et-prudents\\\/#article\",\"isPartOf\":{\"@id\":\"https:\\\/\\\/www.gold.fr\\\/news\\\/2015\\\/05\\\/07\\\/des-marches-financiers-hesitants-et-prudents\\\/\"},\"author\":{\"name\":\"Comptoir National de l'Or\",\"@id\":\"https:\\\/\\\/www.gold.fr\\\/news\\\/#\\\/schema\\\/person\\\/070491b4b4fb7671bf59b3be20302ce9\"},\"headline\":\"Des march\u00e9s financiers h\u00e9sitants et prudents\",\"datePublished\":\"2015-05-07T15:00:23+00:00\",\"dateModified\":\"2017-11-02T10:41:10+00:00\",\"mainEntityOfPage\":{\"@id\":\"https:\\\/\\\/www.gold.fr\\\/news\\\/2015\\\/05\\\/07\\\/des-marches-financiers-hesitants-et-prudents\\\/\"},\"wordCount\":276,\"commentCount\":0,\"image\":{\"@id\":\"https:\\\/\\\/www.gold.fr\\\/news\\\/2015\\\/05\\\/07\\\/des-marches-financiers-hesitants-et-prudents\\\/#primaryimage\"},\"thumbnailUrl\":\"https:\\\/\\\/www.gold.fr\\\/news\\\/wp-content\\\/uploads\\\/2011\\\/07\\\/1-150x150.jpg\",\"keywords\":[\"bourse\",\"chomage US\",\"emploi US\",\"march\u00e9s\"],\"articleSection\":[\"Articles de presse\"],\"inLanguage\":\"fr-FR\"},{\"@type\":\"WebPage\",\"@id\":\"https:\\\/\\\/www.gold.fr\\\/news\\\/2015\\\/05\\\/07\\\/des-marches-financiers-hesitants-et-prudents\\\/\",\"url\":\"https:\\\/\\\/www.gold.fr\\\/news\\\/2015\\\/05\\\/07\\\/des-marches-financiers-hesitants-et-prudents\\\/\",\"name\":\"Des march\u00e9s financiers h\u00e9sitants et prudents - Gold.fr\",\"isPartOf\":{\"@id\":\"https:\\\/\\\/www.gold.fr\\\/news\\\/#website\"},\"primaryImageOfPage\":{\"@id\":\"https:\\\/\\\/www.gold.fr\\\/news\\\/2015\\\/05\\\/07\\\/des-marches-financiers-hesitants-et-prudents\\\/#primaryimage\"},\"image\":{\"@id\":\"https:\\\/\\\/www.gold.fr\\\/news\\\/2015\\\/05\\\/07\\\/des-marches-financiers-hesitants-et-prudents\\\/#primaryimage\"},\"thumbnailUrl\":\"https:\\\/\\\/www.gold.fr\\\/news\\\/wp-content\\\/uploads\\\/2011\\\/07\\\/1-150x150.jpg\",\"datePublished\":\"2015-05-07T15:00:23+00:00\",\"dateModified\":\"2017-11-02T10:41:10+00:00\",\"author\":{\"@id\":\"https:\\\/\\\/www.gold.fr\\\/news\\\/#\\\/schema\\\/person\\\/070491b4b4fb7671bf59b3be20302ce9\"},\"breadcrumb\":{\"@id\":\"https:\\\/\\\/www.gold.fr\\\/news\\\/2015\\\/05\\\/07\\\/des-marches-financiers-hesitants-et-prudents\\\/#breadcrumb\"},\"inLanguage\":\"fr-FR\",\"potentialAction\":[{\"@type\":\"ReadAction\",\"target\":[\"https:\\\/\\\/www.gold.fr\\\/news\\\/2015\\\/05\\\/07\\\/des-marches-financiers-hesitants-et-prudents\\\/\"]}]},{\"@type\":\"ImageObject\",\"inLanguage\":\"fr-FR\",\"@id\":\"https:\\\/\\\/www.gold.fr\\\/news\\\/2015\\\/05\\\/07\\\/des-marches-financiers-hesitants-et-prudents\\\/#primaryimage\",\"url\":\"https:\\\/\\\/www.gold.fr\\\/news\\\/wp-content\\\/uploads\\\/2011\\\/07\\\/1-150x150.jpg\",\"contentUrl\":\"https:\\\/\\\/www.gold.fr\\\/news\\\/wp-content\\\/uploads\\\/2011\\\/07\\\/1-150x150.jpg\"},{\"@type\":\"BreadcrumbList\",\"@id\":\"https:\\\/\\\/www.gold.fr\\\/news\\\/2015\\\/05\\\/07\\\/des-marches-financiers-hesitants-et-prudents\\\/#breadcrumb\",\"itemListElement\":[{\"@type\":\"ListItem\",\"position\":1,\"name\":\"Accueil\",\"item\":\"https:\\\/\\\/www.gold.fr\\\/\"},{\"@type\":\"ListItem\",\"position\":2,\"name\":\"Actualit\u00e9s\",\"item\":\"https:\\\/\\\/www.gold.fr\\\/news\\\/\"},{\"@type\":\"ListItem\",\"position\":3,\"name\":\"Des march\u00e9s financiers h\u00e9sitants et prudents\"}]},{\"@type\":\"WebSite\",\"@id\":\"https:\\\/\\\/www.gold.fr\\\/news\\\/#website\",\"url\":\"https:\\\/\\\/www.gold.fr\\\/news\\\/\",\"name\":\"Gold.fr\",\"description\":\"Actualit\u00e9s de l&#039;Or et des m\u00e9taux pr\u00e9cieux\",\"potentialAction\":[{\"@type\":\"SearchAction\",\"target\":{\"@type\":\"EntryPoint\",\"urlTemplate\":\"https:\\\/\\\/www.gold.fr\\\/news\\\/?s={search_term_string}\"},\"query-input\":{\"@type\":\"PropertyValueSpecification\",\"valueRequired\":true,\"valueName\":\"search_term_string\"}}],\"inLanguage\":\"fr-FR\"},{\"@type\":\"Person\",\"@id\":\"https:\\\/\\\/www.gold.fr\\\/news\\\/#\\\/schema\\\/person\\\/070491b4b4fb7671bf59b3be20302ce9\",\"name\":\"Comptoir National de l'Or\",\"image\":{\"@type\":\"ImageObject\",\"inLanguage\":\"fr-FR\",\"@id\":\"https:\\\/\\\/secure.gravatar.com\\\/avatar\\\/0a2867fd5abe37bed95d5a65e9d58f01756e11efc68af9888dfc50cfa7f65948?s=96&d=mm&r=gb490554db0a38188709de567aa58480d\",\"url\":\"https:\\\/\\\/secure.gravatar.com\\\/avatar\\\/0a2867fd5abe37bed95d5a65e9d58f01756e11efc68af9888dfc50cfa7f65948?s=96&d=mm&r=g\",\"contentUrl\":\"https:\\\/\\\/secure.gravatar.com\\\/avatar\\\/0a2867fd5abe37bed95d5a65e9d58f01756e11efc68af9888dfc50cfa7f65948?s=96&d=mm&r=g\",\"caption\":\"Comptoir National de l'Or\"},\"description\":\"Notre r\u00e9daction est constitu\u00e9e de membres experts dans les m\u00e9tiers de l'\u00e9conomie et la gestion, des Responsables d'agence Comptoir National de l'Or, des analystes financiers qui publient r\u00e9guli\u00e8rement des \u00e9tudes sur les politiques des banques centrales, le cours de l'or, prix de l'or, cours de l'argent, prix de l'argent, cours du platine, cours du palladium,... la situation en zone euro et l'impact de la strat\u00e9gie mon\u00e9taire de la FED. Notre \u00e9quipe scrute \u00e9galement une information plus g\u00e9n\u00e9raliste \u00e0 la recherche d'actualit\u00e9 \\\"p\u00e9pite\\\" \u00e0 vous partager. Depuis 5 ans, nous avons publi\u00e9 un peu plus de 4000 articles qui s'adressent \u00e0 un public large et vari\u00e9 ayant pour objectif de satisfaire votre curiosit\u00e9 et de partager avec vous une certaine fascination pour le m\u00e9tal jaune, le rachat d'or, et pour ceux qui veulent investir dans l'or, vendre leur or tout simplement en savoir plus... Pour tous vos achat or et argent, n'h\u00e9sitez pas \u00e0 prendre rendez-vous dans l'un de nos nombreux comptoirs.\",\"sameAs\":[\"https:\\\/\\\/www.gold.fr\"]}]}<\/script>\n<!-- \/ Yoast SEO plugin. -->","yoast_head_json":{"title":"Des march\u00e9s financiers h\u00e9sitants et prudents - Gold.fr","robots":{"index":"index","follow":"follow","max-snippet":"max-snippet:-1","max-image-preview":"max-image-preview:large","max-video-preview":"max-video-preview:-1"},"canonical":"https:\/\/www.gold.fr\/news\/2015\/05\/07\/des-marches-financiers-hesitants-et-prudents\/","og_locale":"fr_FR","og_type":"article","og_title":"Des march\u00e9s financiers h\u00e9sitants et prudents - Gold.fr","og_description":"Les march\u00e9s d\u2019investissement avancent \u00e0 pas tr\u00e8s feutr\u00e9s vers la fin de cette semaine boursi\u00e8re pourtant particuli\u00e8rement charg\u00e9e de publications macro\u00e9conomiques plus ou moins importantes et de rapports trimestriels chiffr\u00e9s des g\u00e9ants boursiers am\u00e9ricains et europ\u00e9ens. [&hellip;]","og_url":"https:\/\/www.gold.fr\/news\/2015\/05\/07\/des-marches-financiers-hesitants-et-prudents\/","og_site_name":"Gold.fr","article_publisher":"https:\/\/www.facebook.com\/Goldfr\/","article_published_time":"2015-05-07T15:00:23+00:00","article_modified_time":"2017-11-02T10:41:10+00:00","og_image":[{"url":"https:\/\/www.gold.fr\/news\/wp-content\/uploads\/2011\/07\/1-150x150.jpg","type":"","width":"","height":""}],"author":"Comptoir National de l'Or","twitter_card":"summary_large_image","twitter_misc":{"\u00c9crit par":"Comptoir National de l'Or","Dur\u00e9e de lecture estim\u00e9e":"1 minute"},"schema":{"@context":"https:\/\/schema.org","@graph":[{"@type":"Article","@id":"https:\/\/www.gold.fr\/news\/2015\/05\/07\/des-marches-financiers-hesitants-et-prudents\/#article","isPartOf":{"@id":"https:\/\/www.gold.fr\/news\/2015\/05\/07\/des-marches-financiers-hesitants-et-prudents\/"},"author":{"name":"Comptoir National de l'Or","@id":"https:\/\/www.gold.fr\/news\/#\/schema\/person\/070491b4b4fb7671bf59b3be20302ce9"},"headline":"Des march\u00e9s financiers h\u00e9sitants et prudents","datePublished":"2015-05-07T15:00:23+00:00","dateModified":"2017-11-02T10:41:10+00:00","mainEntityOfPage":{"@id":"https:\/\/www.gold.fr\/news\/2015\/05\/07\/des-marches-financiers-hesitants-et-prudents\/"},"wordCount":276,"commentCount":0,"image":{"@id":"https:\/\/www.gold.fr\/news\/2015\/05\/07\/des-marches-financiers-hesitants-et-prudents\/#primaryimage"},"thumbnailUrl":"https:\/\/www.gold.fr\/news\/wp-content\/uploads\/2011\/07\/1-150x150.jpg","keywords":["bourse","chomage US","emploi US","march\u00e9s"],"articleSection":["Articles de presse"],"inLanguage":"fr-FR"},{"@type":"WebPage","@id":"https:\/\/www.gold.fr\/news\/2015\/05\/07\/des-marches-financiers-hesitants-et-prudents\/","url":"https:\/\/www.gold.fr\/news\/2015\/05\/07\/des-marches-financiers-hesitants-et-prudents\/","name":"Des march\u00e9s financiers h\u00e9sitants et prudents - Gold.fr","isPartOf":{"@id":"https:\/\/www.gold.fr\/news\/#website"},"primaryImageOfPage":{"@id":"https:\/\/www.gold.fr\/news\/2015\/05\/07\/des-marches-financiers-hesitants-et-prudents\/#primaryimage"},"image":{"@id":"https:\/\/www.gold.fr\/news\/2015\/05\/07\/des-marches-financiers-hesitants-et-prudents\/#primaryimage"},"thumbnailUrl":"https:\/\/www.gold.fr\/news\/wp-content\/uploads\/2011\/07\/1-150x150.jpg","datePublished":"2015-05-07T15:00:23+00:00","dateModified":"2017-11-02T10:41:10+00:00","author":{"@id":"https:\/\/www.gold.fr\/news\/#\/schema\/person\/070491b4b4fb7671bf59b3be20302ce9"},"breadcrumb":{"@id":"https:\/\/www.gold.fr\/news\/2015\/05\/07\/des-marches-financiers-hesitants-et-prudents\/#breadcrumb"},"inLanguage":"fr-FR","potentialAction":[{"@type":"ReadAction","target":["https:\/\/www.gold.fr\/news\/2015\/05\/07\/des-marches-financiers-hesitants-et-prudents\/"]}]},{"@type":"ImageObject","inLanguage":"fr-FR","@id":"https:\/\/www.gold.fr\/news\/2015\/05\/07\/des-marches-financiers-hesitants-et-prudents\/#primaryimage","url":"https:\/\/www.gold.fr\/news\/wp-content\/uploads\/2011\/07\/1-150x150.jpg","contentUrl":"https:\/\/www.gold.fr\/news\/wp-content\/uploads\/2011\/07\/1-150x150.jpg"},{"@type":"BreadcrumbList","@id":"https:\/\/www.gold.fr\/news\/2015\/05\/07\/des-marches-financiers-hesitants-et-prudents\/#breadcrumb","itemListElement":[{"@type":"ListItem","position":1,"name":"Accueil","item":"https:\/\/www.gold.fr\/"},{"@type":"ListItem","position":2,"name":"Actualit\u00e9s","item":"https:\/\/www.gold.fr\/news\/"},{"@type":"ListItem","position":3,"name":"Des march\u00e9s financiers h\u00e9sitants et prudents"}]},{"@type":"WebSite","@id":"https:\/\/www.gold.fr\/news\/#website","url":"https:\/\/www.gold.fr\/news\/","name":"Gold.fr","description":"Actualit\u00e9s de l&#039;Or et des m\u00e9taux pr\u00e9cieux","potentialAction":[{"@type":"SearchAction","target":{"@type":"EntryPoint","urlTemplate":"https:\/\/www.gold.fr\/news\/?s={search_term_string}"},"query-input":{"@type":"PropertyValueSpecification","valueRequired":true,"valueName":"search_term_string"}}],"inLanguage":"fr-FR"},{"@type":"Person","@id":"https:\/\/www.gold.fr\/news\/#\/schema\/person\/070491b4b4fb7671bf59b3be20302ce9","name":"Comptoir National de l'Or","image":{"@type":"ImageObject","inLanguage":"fr-FR","@id":"https:\/\/secure.gravatar.com\/avatar\/0a2867fd5abe37bed95d5a65e9d58f01756e11efc68af9888dfc50cfa7f65948?s=96&d=mm&r=gb490554db0a38188709de567aa58480d","url":"https:\/\/secure.gravatar.com\/avatar\/0a2867fd5abe37bed95d5a65e9d58f01756e11efc68af9888dfc50cfa7f65948?s=96&d=mm&r=g","contentUrl":"https:\/\/secure.gravatar.com\/avatar\/0a2867fd5abe37bed95d5a65e9d58f01756e11efc68af9888dfc50cfa7f65948?s=96&d=mm&r=g","caption":"Comptoir National de l'Or"},"description":"Notre r\u00e9daction est constitu\u00e9e de membres experts dans les m\u00e9tiers de l'\u00e9conomie et la gestion, des Responsables d'agence Comptoir National de l'Or, des analystes financiers qui publient r\u00e9guli\u00e8rement des \u00e9tudes sur les politiques des banques centrales, le cours de l'or, prix de l'or, cours de l'argent, prix de l'argent, cours du platine, cours du palladium,... la situation en zone euro et l'impact de la strat\u00e9gie mon\u00e9taire de la FED. Notre \u00e9quipe scrute \u00e9galement une information plus g\u00e9n\u00e9raliste \u00e0 la recherche d'actualit\u00e9 \"p\u00e9pite\" \u00e0 vous partager. Depuis 5 ans, nous avons publi\u00e9 un peu plus de 4000 articles qui s'adressent \u00e0 un public large et vari\u00e9 ayant pour objectif de satisfaire votre curiosit\u00e9 et de partager avec vous une certaine fascination pour le m\u00e9tal jaune, le rachat d'or, et pour ceux qui veulent investir dans l'or, vendre leur or tout simplement en savoir plus... Pour tous vos achat or et argent, n'h\u00e9sitez pas \u00e0 prendre rendez-vous dans l'un de nos nombreux comptoirs.","sameAs":["https:\/\/www.gold.fr"]}]}},"authors":[{"term_id":2565,"user_id":18,"is_guest":0,"slug":"julie","display_name":"Comptoir National de l'Or","avatar_url":"https:\/\/secure.gravatar.com\/avatar\/713f289e398d35ead876c4a4cc08607f0d6d266058cfc25683fffb6092d0e572?s=96&d=mm&r=g","0":null,"1":"","2":"","3":"","4":"","5":"","6":"","7":"","8":""}],"_links":{"self":[{"href":"https:\/\/www.gold.fr\/news\/wp-json\/wp\/v2\/posts\/17092","targetHints":{"allow":["GET"]}}],"collection":[{"href":"https:\/\/www.gold.fr\/news\/wp-json\/wp\/v2\/posts"}],"about":[{"href":"https:\/\/www.gold.fr\/news\/wp-json\/wp\/v2\/types\/post"}],"author":[{"embeddable":true,"href":"https:\/\/www.gold.fr\/news\/wp-json\/wp\/v2\/users\/18"}],"replies":[{"embeddable":true,"href":"https:\/\/www.gold.fr\/news\/wp-json\/wp\/v2\/comments?post=17092"}],"version-history":[{"count":0,"href":"https:\/\/www.gold.fr\/news\/wp-json\/wp\/v2\/posts\/17092\/revisions"}],"wp:attachment":[{"href":"https:\/\/www.gold.fr\/news\/wp-json\/wp\/v2\/media?parent=17092"}],"wp:term":[{"taxonomy":"category","embeddable":true,"href":"https:\/\/www.gold.fr\/news\/wp-json\/wp\/v2\/categories?post=17092"},{"taxonomy":"post_tag","embeddable":true,"href":"https:\/\/www.gold.fr\/news\/wp-json\/wp\/v2\/tags?post=17092"},{"taxonomy":"author","embeddable":true,"href":"https:\/\/www.gold.fr\/news\/wp-json\/wp\/v2\/ppma_author?post=17092"}],"curies":[{"name":"wp","href":"https:\/\/api.w.org\/{rel}","templated":true}]}}